{"id":4637,"date":"2025-05-28T15:43:05","date_gmt":"2025-05-28T21:43:05","guid":{"rendered":"https:\/\/elcardinal.com\/?p=4637"},"modified":"2025-05-28T15:43:05","modified_gmt":"2025-05-28T21:43:05","slug":"aumento-del-50-en-tarifas-del-transporte-publico-de-hidalgo-es-desmedido-gobernador","status":"publish","type":"post","link":"https:\/\/elcardinal.com\/?p=4637","title":{"rendered":"Aumento del 50% en tarifas del transporte p\u00fablico de Hidalgo es desmedido: Gobernador \u00a0"},"content":{"rendered":"<p>Por: <strong>Jos\u00e9 Antonio Alcaraz Su\u00e1rez<\/strong><\/p>\n<p>El gobierno del estado de Hidalgo estudia la solicitud de permisionarios del transporte p\u00fablico del estado para aumentar las tarifas de <strong>10 a 15 pesos<\/strong>, lo que representar\u00eda un incremento del 50 por ciento.<\/p>\n<p>El gobernador<strong> Julio Menchaca<\/strong> calific\u00f3 este ajuste como <strong>\u201cdesmedido\u201d<\/strong> y enfatiz\u00f3 que a\u00fan no hay una resoluci\u00f3n al respecto. Aclar\u00f3 que cualquier decisi\u00f3n deber\u00e1 ser sustentable, equilibrada y no afectar gravemente el patrimonio de los usuarios.<\/p>\n<p>Adem\u00e1s, advirti\u00f3 que los concesionarios deben comprometerse a mejorar el servicio, mantener las unidades en buen estado y capacitar a los operadores. En caso contrario, habr\u00e1 sanciones.<\/p>\n<p>El mandatario subry\u00f3 que el aumento no ser\u00e1 autorizado si no se garantiza un servicio digno y seguro para la ciudadan\u00eda.<\/p>\n","protected":false},"excerpt":{"rendered":"<p>Por: Jos\u00e9 Antonio Alcaraz Su\u00e1rez El gobierno del estado de Hidalgo estudia la solicitud de permisionarios del transporte p\u00fablico del estado para aumentar las tarifas de 10 a 15 pesos, lo que representar\u00eda un incremento del 50 por ciento. El gobernador Julio Menchaca calific\u00f3 este ajuste como \u201cdesmedido\u201d y enfatiz\u00f3 que a\u00fan no hay una<\/p>\n","protected":false},"author":2,"featured_media":4638,"comment_status":"open","ping_status":"open","sticky":false,"template":"","format":"standard","meta":{"footnotes":""},"categories":[31,44],"tags":[195,85,194],"class_list":{"0":"post-4637","1":"post","2":"type-post","3":"status-publish","4":"format-standard","5":"has-post-thumbnail","7":"category-hidalgo","8":"category-minuto-a-minuto","9":"tag-aumento","10":"tag-julio-menchaca","11":"tag-transporte-publico-hidalgo"},"yoast_head":"<!-- This site is optimized with the Yoast SEO plugin v26.1.1 - https:\/\/yoast.com\/wordpress\/plugins\/seo\/ -->\n<title>Aumento del 50% en tarifas del transporte p\u00fablico de Hidalgo es desmedido: Gobernador \u00a0 - El Cardinal<\/title>\n<meta name=\"robots\" content=\"index, follow, max-snippet:-1, max-image-preview:large, max-video-preview:-1\" \/>\n<link rel=\"canonical\" href=\"https:\/\/elcardinal.com\/?p=4637\" \/>\n<meta property=\"og:locale\" content=\"es_MX\" \/>\n<meta property=\"og:type\" content=\"article\" \/>\n<meta property=\"og:title\" content=\"Aumento del 50% en tarifas del transporte p\u00fablico de Hidalgo es desmedido: Gobernador \u00a0 - El Cardinal\" \/>\n<meta property=\"og:description\" content=\"Por: Jos\u00e9 Antonio Alcaraz Su\u00e1rez El gobierno del estado de Hidalgo estudia la solicitud de permisionarios del transporte p\u00fablico del estado para aumentar las tarifas de 10 a 15 pesos, lo que representar\u00eda un incremento del 50 por ciento. El gobernador Julio Menchaca calific\u00f3 este ajuste como \u201cdesmedido\u201d y enfatiz\u00f3 que a\u00fan no hay una\" \/>\n<meta property=\"og:url\" content=\"https:\/\/elcardinal.com\/?p=4637\" \/>\n<meta property=\"og:site_name\" content=\"El Cardinal\" \/>\n<meta property=\"article:publisher\" content=\"https:\/\/www.facebook.com\/profile.php?id=100063093107011\" \/>\n<meta property=\"article:published_time\" content=\"2025-05-28T21:43:05+00:00\" \/>\n<meta property=\"og:image\" content=\"https:\/\/elcardinal.com\/wp-content\/uploads\/2025\/05\/WhatsApp-Image-2025-05-28-at-3.41.25-PM.jpeg\" \/>\n\t<meta property=\"og:image:width\" content=\"700\" \/>\n\t<meta property=\"og:image:height\" content=\"394\" \/>\n\t<meta property=\"og:image:type\" content=\"image\/jpeg\" \/>\n<meta name=\"author\" content=\"Antonio Alcaraz\" \/>\n<meta name=\"twitter:card\" content=\"summary_large_image\" \/>\n<meta name=\"twitter:creator\" content=\"@ElCardinal_Mx\" \/>\n<meta name=\"twitter:site\" content=\"@ElCardinal_Mx\" \/>\n<meta name=\"twitter:label1\" content=\"Escrito por\" \/>\n\t<meta name=\"twitter:data1\" content=\"Antonio Alcaraz\" \/>\n\t<meta name=\"twitter:label2\" content=\"Tiempo de lectura\" \/>\n\t<meta name=\"twitter:data2\" content=\"1 minuto\" \/>\n<script type=\"application\/ld+json\" class=\"yoast-schema-graph\">{\"@context\":\"https:\/\/schema.org\",\"@graph\":[{\"@type\":\"Article\",\"@id\":\"https:\/\/elcardinal.com\/?p=4637#article\",\"isPartOf\":{\"@id\":\"https:\/\/elcardinal.com\/?p=4637\"},\"author\":{\"name\":\"Antonio Alcaraz\",\"@id\":\"https:\/\/elcardinal.com\/#\/schema\/person\/3c352ec0a33987fe275c0e8a2ea69f8b\"},\"headline\":\"Aumento del 50% en tarifas del transporte p\u00fablico de Hidalgo es desmedido: Gobernador \u00a0\",\"datePublished\":\"2025-05-28T21:43:05+00:00\",\"mainEntityOfPage\":{\"@id\":\"https:\/\/elcardinal.com\/?p=4637\"},\"wordCount\":141,\"commentCount\":0,\"publisher\":{\"@id\":\"https:\/\/elcardinal.com\/#organization\"},\"image\":{\"@id\":\"https:\/\/elcardinal.com\/?p=4637#primaryimage\"},\"thumbnailUrl\":\"https:\/\/elcardinal.com\/wp-content\/uploads\/2025\/05\/WhatsApp-Image-2025-05-28-at-3.41.25-PM.jpeg\",\"keywords\":[\"Aumento\",\"Julio Menchaca\",\"Transporte P\u00fablico Hidalgo\"],\"articleSection\":[\"Hidalgo\",\"Minuto a Minuto\"],\"inLanguage\":\"es\",\"potentialAction\":[{\"@type\":\"CommentAction\",\"name\":\"Comment\",\"target\":[\"https:\/\/elcardinal.com\/?p=4637#respond\"]}]},{\"@type\":\"WebPage\",\"@id\":\"https:\/\/elcardinal.com\/?p=4637\",\"url\":\"https:\/\/elcardinal.com\/?p=4637\",\"name\":\"Aumento del 50% en tarifas del transporte p\u00fablico de Hidalgo es desmedido: Gobernador \u00a0 - El Cardinal\",\"isPartOf\":{\"@id\":\"https:\/\/elcardinal.com\/#website\"},\"primaryImageOfPage\":{\"@id\":\"https:\/\/elcardinal.com\/?p=4637#primaryimage\"},\"image\":{\"@id\":\"https:\/\/elcardinal.com\/?p=4637#primaryimage\"},\"thumbnailUrl\":\"https:\/\/elcardinal.com\/wp-content\/uploads\/2025\/05\/WhatsApp-Image-2025-05-28-at-3.41.25-PM.jpeg\",\"datePublished\":\"2025-05-28T21:43:05+00:00\",\"breadcrumb\":{\"@id\":\"https:\/\/elcardinal.com\/?p=4637#breadcrumb\"},\"inLanguage\":\"es\",\"potentialAction\":[{\"@type\":\"ReadAction\",\"target\":[\"https:\/\/elcardinal.com\/?p=4637\"]}]},{\"@type\":\"ImageObject\",\"inLanguage\":\"es\",\"@id\":\"https:\/\/elcardinal.com\/?p=4637#primaryimage\",\"url\":\"https:\/\/elcardinal.com\/wp-content\/uploads\/2025\/05\/WhatsApp-Image-2025-05-28-at-3.41.25-PM.jpeg\",\"contentUrl\":\"https:\/\/elcardinal.com\/wp-content\/uploads\/2025\/05\/WhatsApp-Image-2025-05-28-at-3.41.25-PM.jpeg\",\"width\":700,\"height\":394},{\"@type\":\"BreadcrumbList\",\"@id\":\"https:\/\/elcardinal.com\/?p=4637#breadcrumb\",\"itemListElement\":[{\"@type\":\"ListItem\",\"position\":1,\"name\":\"Inicio\",\"item\":\"https:\/\/elcardinal.com\/\"},{\"@type\":\"ListItem\",\"position\":2,\"name\":\"Aumento del 50% en tarifas del transporte p\u00fablico de Hidalgo es desmedido: Gobernador \u00a0\"}]},{\"@type\":\"WebSite\",\"@id\":\"https:\/\/elcardinal.com\/#website\",\"url\":\"https:\/\/elcardinal.com\/\",\"name\":\"El Cardinal\",\"description\":\"Periodismo honesto, con valor, sentido humano, a veces sarc\u00e1stico y divertido.\",\"publisher\":{\"@id\":\"https:\/\/elcardinal.com\/#organization\"},\"alternateName\":\"El Cardinal Noticias\",\"potentialAction\":[{\"@type\":\"SearchAction\",\"target\":{\"@type\":\"EntryPoint\",\"urlTemplate\":\"https:\/\/elcardinal.com\/?s={search_term_string}\"},\"query-input\":{\"@type\":\"PropertyValueSpecification\",\"valueRequired\":true,\"valueName\":\"search_term_string\"}}],\"inLanguage\":\"es\"},{\"@type\":\"Organization\",\"@id\":\"https:\/\/elcardinal.com\/#organization\",\"name\":\"El Cardinal\",\"url\":\"https:\/\/elcardinal.com\/\",\"logo\":{\"@type\":\"ImageObject\",\"inLanguage\":\"es\",\"@id\":\"https:\/\/elcardinal.com\/#\/schema\/logo\/image\/\",\"url\":\"https:\/\/elcardinal.com\/wp-content\/uploads\/2025\/04\/LOGO-EL-CARDINAL-Periodismo-con-valor.png\",\"contentUrl\":\"https:\/\/elcardinal.com\/wp-content\/uploads\/2025\/04\/LOGO-EL-CARDINAL-Periodismo-con-valor.png\",\"width\":755,\"height\":636,\"caption\":\"El Cardinal\"},\"image\":{\"@id\":\"https:\/\/elcardinal.com\/#\/schema\/logo\/image\/\"},\"sameAs\":[\"https:\/\/www.facebook.com\/profile.php?id=100063093107011\",\"https:\/\/x.com\/ElCardinal_Mx\"]},{\"@type\":\"Person\",\"@id\":\"https:\/\/elcardinal.com\/#\/schema\/person\/3c352ec0a33987fe275c0e8a2ea69f8b\",\"name\":\"Antonio Alcaraz\",\"image\":{\"@type\":\"ImageObject\",\"inLanguage\":\"es\",\"@id\":\"https:\/\/elcardinal.com\/#\/schema\/person\/image\/\",\"url\":\"https:\/\/elcardinal.com\/wp-content\/uploads\/2025\/05\/cropped-TONO-96x96.jpg\",\"contentUrl\":\"https:\/\/elcardinal.com\/wp-content\/uploads\/2025\/05\/cropped-TONO-96x96.jpg\",\"caption\":\"Antonio Alcaraz\"},\"url\":\"https:\/\/elcardinal.com\/?author=2\"}]}<\/script>\n<!-- \/ Yoast SEO plugin. -->","yoast_head_json":{"title":"Aumento del 50% en tarifas del transporte p\u00fablico de Hidalgo es desmedido: Gobernador \u00a0 - El Cardinal","robots":{"index":"index","follow":"follow","max-snippet":"max-snippet:-1","max-image-preview":"max-image-preview:large","max-video-preview":"max-video-preview:-1"},"canonical":"https:\/\/elcardinal.com\/?p=4637","og_locale":"es_MX","og_type":"article","og_title":"Aumento del 50% en tarifas del transporte p\u00fablico de Hidalgo es desmedido: Gobernador \u00a0 - El Cardinal","og_description":"Por: Jos\u00e9 Antonio Alcaraz Su\u00e1rez El gobierno del estado de Hidalgo estudia la solicitud de permisionarios del transporte p\u00fablico del estado para aumentar las tarifas de 10 a 15 pesos, lo que representar\u00eda un incremento del 50 por ciento. El gobernador Julio Menchaca calific\u00f3 este ajuste como \u201cdesmedido\u201d y enfatiz\u00f3 que a\u00fan no hay una","og_url":"https:\/\/elcardinal.com\/?p=4637","og_site_name":"El Cardinal","article_publisher":"https:\/\/www.facebook.com\/profile.php?id=100063093107011","article_published_time":"2025-05-28T21:43:05+00:00","og_image":[{"width":700,"height":394,"url":"https:\/\/elcardinal.com\/wp-content\/uploads\/2025\/05\/WhatsApp-Image-2025-05-28-at-3.41.25-PM.jpeg","type":"image\/jpeg"}],"author":"Antonio Alcaraz","twitter_card":"summary_large_image","twitter_creator":"@ElCardinal_Mx","twitter_site":"@ElCardinal_Mx","twitter_misc":{"Escrito por":"Antonio Alcaraz","Tiempo de lectura":"1 minuto"},"schema":{"@context":"https:\/\/schema.org","@graph":[{"@type":"Article","@id":"https:\/\/elcardinal.com\/?p=4637#article","isPartOf":{"@id":"https:\/\/elcardinal.com\/?p=4637"},"author":{"name":"Antonio Alcaraz","@id":"https:\/\/elcardinal.com\/#\/schema\/person\/3c352ec0a33987fe275c0e8a2ea69f8b"},"headline":"Aumento del 50% en tarifas del transporte p\u00fablico de Hidalgo es desmedido: Gobernador \u00a0","datePublished":"2025-05-28T21:43:05+00:00","mainEntityOfPage":{"@id":"https:\/\/elcardinal.com\/?p=4637"},"wordCount":141,"commentCount":0,"publisher":{"@id":"https:\/\/elcardinal.com\/#organization"},"image":{"@id":"https:\/\/elcardinal.com\/?p=4637#primaryimage"},"thumbnailUrl":"https:\/\/elcardinal.com\/wp-content\/uploads\/2025\/05\/WhatsApp-Image-2025-05-28-at-3.41.25-PM.jpeg","keywords":["Aumento","Julio Menchaca","Transporte P\u00fablico Hidalgo"],"articleSection":["Hidalgo","Minuto a Minuto"],"inLanguage":"es","potentialAction":[{"@type":"CommentAction","name":"Comment","target":["https:\/\/elcardinal.com\/?p=4637#respond"]}]},{"@type":"WebPage","@id":"https:\/\/elcardinal.com\/?p=4637","url":"https:\/\/elcardinal.com\/?p=4637","name":"Aumento del 50% en tarifas del transporte p\u00fablico de Hidalgo es desmedido: Gobernador \u00a0 - El Cardinal","isPartOf":{"@id":"https:\/\/elcardinal.com\/#website"},"primaryImageOfPage":{"@id":"https:\/\/elcardinal.com\/?p=4637#primaryimage"},"image":{"@id":"https:\/\/elcardinal.com\/?p=4637#primaryimage"},"thumbnailUrl":"https:\/\/elcardinal.com\/wp-content\/uploads\/2025\/05\/WhatsApp-Image-2025-05-28-at-3.41.25-PM.jpeg","datePublished":"2025-05-28T21:43:05+00:00","breadcrumb":{"@id":"https:\/\/elcardinal.com\/?p=4637#breadcrumb"},"inLanguage":"es","potentialAction":[{"@type":"ReadAction","target":["https:\/\/elcardinal.com\/?p=4637"]}]},{"@type":"ImageObject","inLanguage":"es","@id":"https:\/\/elcardinal.com\/?p=4637#primaryimage","url":"https:\/\/elcardinal.com\/wp-content\/uploads\/2025\/05\/WhatsApp-Image-2025-05-28-at-3.41.25-PM.jpeg","contentUrl":"https:\/\/elcardinal.com\/wp-content\/uploads\/2025\/05\/WhatsApp-Image-2025-05-28-at-3.41.25-PM.jpeg","width":700,"height":394},{"@type":"BreadcrumbList","@id":"https:\/\/elcardinal.com\/?p=4637#breadcrumb","itemListElement":[{"@type":"ListItem","position":1,"name":"Inicio","item":"https:\/\/elcardinal.com\/"},{"@type":"ListItem","position":2,"name":"Aumento del 50% en tarifas del transporte p\u00fablico de Hidalgo es desmedido: Gobernador \u00a0"}]},{"@type":"WebSite","@id":"https:\/\/elcardinal.com\/#website","url":"https:\/\/elcardinal.com\/","name":"El Cardinal","description":"Periodismo honesto, con valor, sentido humano, a veces sarc\u00e1stico y divertido.","publisher":{"@id":"https:\/\/elcardinal.com\/#organization"},"alternateName":"El Cardinal Noticias","potentialAction":[{"@type":"SearchAction","target":{"@type":"EntryPoint","urlTemplate":"https:\/\/elcardinal.com\/?s={search_term_string}"},"query-input":{"@type":"PropertyValueSpecification","valueRequired":true,"valueName":"search_term_string"}}],"inLanguage":"es"},{"@type":"Organization","@id":"https:\/\/elcardinal.com\/#organization","name":"El Cardinal","url":"https:\/\/elcardinal.com\/","logo":{"@type":"ImageObject","inLanguage":"es","@id":"https:\/\/elcardinal.com\/#\/schema\/logo\/image\/","url":"https:\/\/elcardinal.com\/wp-content\/uploads\/2025\/04\/LOGO-EL-CARDINAL-Periodismo-con-valor.png","contentUrl":"https:\/\/elcardinal.com\/wp-content\/uploads\/2025\/04\/LOGO-EL-CARDINAL-Periodismo-con-valor.png","width":755,"height":636,"caption":"El Cardinal"},"image":{"@id":"https:\/\/elcardinal.com\/#\/schema\/logo\/image\/"},"sameAs":["https:\/\/www.facebook.com\/profile.php?id=100063093107011","https:\/\/x.com\/ElCardinal_Mx"]},{"@type":"Person","@id":"https:\/\/elcardinal.com\/#\/schema\/person\/3c352ec0a33987fe275c0e8a2ea69f8b","name":"Antonio Alcaraz","image":{"@type":"ImageObject","inLanguage":"es","@id":"https:\/\/elcardinal.com\/#\/schema\/person\/image\/","url":"https:\/\/elcardinal.com\/wp-content\/uploads\/2025\/05\/cropped-TONO-96x96.jpg","contentUrl":"https:\/\/elcardinal.com\/wp-content\/uploads\/2025\/05\/cropped-TONO-96x96.jpg","caption":"Antonio Alcaraz"},"url":"https:\/\/elcardinal.com\/?author=2"}]}},"_links":{"self":[{"href":"https:\/\/elcardinal.com\/index.php?rest_route=\/wp\/v2\/posts\/4637","targetHints":{"allow":["GET"]}}],"collection":[{"href":"https:\/\/elcardinal.com\/index.php?rest_route=\/wp\/v2\/posts"}],"about":[{"href":"https:\/\/elcardinal.com\/index.php?rest_route=\/wp\/v2\/types\/post"}],"author":[{"embeddable":true,"href":"https:\/\/elcardinal.com\/index.php?rest_route=\/wp\/v2\/users\/2"}],"replies":[{"embeddable":true,"href":"https:\/\/elcardinal.com\/index.php?rest_route=%2Fwp%2Fv2%2Fcomments&post=4637"}],"version-history":[{"count":1,"href":"https:\/\/elcardinal.com\/index.php?rest_route=\/wp\/v2\/posts\/4637\/revisions"}],"predecessor-version":[{"id":4639,"href":"https:\/\/elcardinal.com\/index.php?rest_route=\/wp\/v2\/posts\/4637\/revisions\/4639"}],"wp:featuredmedia":[{"embeddable":true,"href":"https:\/\/elcardinal.com\/index.php?rest_route=\/wp\/v2\/media\/4638"}],"wp:attachment":[{"href":"https:\/\/elcardinal.com\/index.php?rest_route=%2Fwp%2Fv2%2Fmedia&parent=4637"}],"wp:term":[{"taxonomy":"category","embeddable":true,"href":"https:\/\/elcardinal.com\/index.php?rest_route=%2Fwp%2Fv2%2Fcategories&post=4637"},{"taxonomy":"post_tag","embeddable":true,"href":"https:\/\/elcardinal.com\/index.php?rest_route=%2Fwp%2Fv2%2Ftags&post=4637"}],"curies":[{"name":"wp","href":"https:\/\/api.w.org\/{rel}","templated":true}]}}