{"id":4641,"date":"2025-05-28T19:00:07","date_gmt":"2025-05-29T01:00:07","guid":{"rendered":"https:\/\/elcardinal.com\/?p=4641"},"modified":"2025-05-28T19:00:07","modified_gmt":"2025-05-29T01:00:07","slug":"diputada-alhely-medina-hernandez-presenta-segunda-solicitud-de-licencia-temporal-al-cargo","status":"publish","type":"post","link":"https:\/\/elcardinal.com\/?p=4641","title":{"rendered":"Diputada Alhely Medina Hern\u00e1ndez presenta segunda solicitud de licencia temporal al cargo"},"content":{"rendered":"<p style=\"text-align: left;\">\n<p>Con fundamento en el art\u00edculo 46 de la Constituci\u00f3n Pol\u00edtica del Estado de Hidalgo, as\u00ed como en los art\u00edculos 28, 29 y 53 de la Ley Org\u00e1nica del Poder Legislativo del Estado Libre y Soberano de Hidalgo, el Congreso del Estado informa que se recibi\u00f3 la segunda solicitud formal de licencia temporal por parte de la diputada Alhely Medina Hern\u00e1ndez, representante del distrito local 01 con cabecera en Zimap\u00e1n.<\/p>\n<p>La solicitud fue presentada por motivos de car\u00e1cter personal, por un periodo de treinta d\u00edas naturales, contados a partir del 29 de mayo de 2025. En el escrito se especifica que no se requiere el llamamiento de la persona suplente, al no exceder el plazo previsto por la legislaci\u00f3n aplicable.<\/p>\n<p>El tr\u00e1mite legislativo correspondiente se desarroll\u00f3 conforme al siguiente procedimiento:<\/p>\n<p>El 26 de mayo de 2025, la Secretar\u00eda de Servicios Legislativos recibi\u00f3 el escrito de solicitud.<\/p>\n<p>El 28 de mayo, durante la Sesi\u00f3n Ordinaria n\u00famero 83 del Pleno, se dio cuenta de la solicitud mediante comunicado de la Directiva.<\/p>\n<p>La propuesta fue sometida a votaci\u00f3n y aprobada por mayor\u00eda, con 26 votos a favor, sin votos en contra ni abstenciones.<\/p>\n<p>En consecuencia, se notific\u00f3 a la Direcci\u00f3n de Servicios Administrativos del Congreso del Estado, para que contin\u00fae la suspensi\u00f3n de percepciones correspondientes al periodo de licencia, en t\u00e9rminos de lo establecido para una licencia sin goce de sueldo.<\/p>\n<p>El Congreso del Estado de Hidalgo ratifica su apego a los procedimientos normativos y reitera su compromiso con la legalidad y la observancia del marco jur\u00eddico vigente en todos los actos legilativos.<\/p>\n","protected":false},"excerpt":{"rendered":"<p>Con fundamento en el art\u00edculo 46 de la Constituci\u00f3n Pol\u00edtica del Estado de Hidalgo, as\u00ed como en los art\u00edculos 28, 29 y 53 de la Ley Org\u00e1nica del Poder Legislativo del Estado Libre y Soberano de Hidalgo, el Congreso del Estado informa que se recibi\u00f3 la segunda solicitud formal de licencia temporal por parte de<\/p>\n","protected":false},"author":2,"featured_media":4642,"comment_status":"open","ping_status":"open","sticky":false,"template":"","format":"standard","meta":{"footnotes":""},"categories":[31,44,39],"tags":[95,62],"class_list":{"0":"post-4641","1":"post","2":"type-post","3":"status-publish","4":"format-standard","5":"has-post-thumbnail","7":"category-hidalgo","8":"category-minuto-a-minuto","9":"category-politica","10":"tag-alhely-medina","11":"tag-congreso-de-hidalgo"},"yoast_head":"<!-- This site is optimized with the Yoast SEO plugin v26.1.1 - https:\/\/yoast.com\/wordpress\/plugins\/seo\/ -->\n<title>Diputada Alhely Medina Hern\u00e1ndez presenta segunda solicitud de licencia temporal al cargo - El Cardinal<\/title>\n<meta name=\"robots\" content=\"index, follow, max-snippet:-1, max-image-preview:large, max-video-preview:-1\" \/>\n<link rel=\"canonical\" href=\"https:\/\/elcardinal.com\/?p=4641\" \/>\n<meta property=\"og:locale\" content=\"es_MX\" \/>\n<meta property=\"og:type\" content=\"article\" \/>\n<meta property=\"og:title\" content=\"Diputada Alhely Medina Hern\u00e1ndez presenta segunda solicitud de licencia temporal al cargo - El Cardinal\" \/>\n<meta property=\"og:description\" content=\"Con fundamento en el art\u00edculo 46 de la Constituci\u00f3n Pol\u00edtica del Estado de Hidalgo, as\u00ed como en los art\u00edculos 28, 29 y 53 de la Ley Org\u00e1nica del Poder Legislativo del Estado Libre y Soberano de Hidalgo, el Congreso del Estado informa que se recibi\u00f3 la segunda solicitud formal de licencia temporal por parte de\" \/>\n<meta property=\"og:url\" content=\"https:\/\/elcardinal.com\/?p=4641\" \/>\n<meta property=\"og:site_name\" content=\"El Cardinal\" \/>\n<meta property=\"article:publisher\" content=\"https:\/\/www.facebook.com\/profile.php?id=100063093107011\" \/>\n<meta property=\"article:published_time\" content=\"2025-05-29T01:00:07+00:00\" \/>\n<meta property=\"og:image\" content=\"https:\/\/elcardinal.com\/wp-content\/uploads\/2025\/05\/IMG-20250528-WA0079.jpg\" \/>\n\t<meta property=\"og:image:width\" content=\"1280\" \/>\n\t<meta property=\"og:image:height\" content=\"853\" \/>\n\t<meta property=\"og:image:type\" content=\"image\/jpeg\" \/>\n<meta name=\"author\" content=\"Antonio Alcaraz\" \/>\n<meta name=\"twitter:card\" content=\"summary_large_image\" \/>\n<meta name=\"twitter:creator\" content=\"@ElCardinal_Mx\" \/>\n<meta name=\"twitter:site\" content=\"@ElCardinal_Mx\" \/>\n<meta name=\"twitter:label1\" content=\"Escrito por\" \/>\n\t<meta name=\"twitter:data1\" content=\"Antonio Alcaraz\" \/>\n\t<meta name=\"twitter:label2\" content=\"Tiempo de lectura\" \/>\n\t<meta name=\"twitter:data2\" content=\"2 minutos\" \/>\n<script type=\"application\/ld+json\" class=\"yoast-schema-graph\">{\"@context\":\"https:\/\/schema.org\",\"@graph\":[{\"@type\":\"Article\",\"@id\":\"https:\/\/elcardinal.com\/?p=4641#article\",\"isPartOf\":{\"@id\":\"https:\/\/elcardinal.com\/?p=4641\"},\"author\":{\"name\":\"Antonio Alcaraz\",\"@id\":\"https:\/\/elcardinal.com\/#\/schema\/person\/3c352ec0a33987fe275c0e8a2ea69f8b\"},\"headline\":\"Diputada Alhely Medina Hern\u00e1ndez presenta segunda solicitud de licencia temporal al cargo\",\"datePublished\":\"2025-05-29T01:00:07+00:00\",\"mainEntityOfPage\":{\"@id\":\"https:\/\/elcardinal.com\/?p=4641\"},\"wordCount\":281,\"commentCount\":0,\"publisher\":{\"@id\":\"https:\/\/elcardinal.com\/#organization\"},\"image\":{\"@id\":\"https:\/\/elcardinal.com\/?p=4641#primaryimage\"},\"thumbnailUrl\":\"https:\/\/elcardinal.com\/wp-content\/uploads\/2025\/05\/IMG-20250528-WA0079.jpg\",\"keywords\":[\"Alhely Medina\",\"Congreso de Hidalgo\"],\"articleSection\":[\"Hidalgo\",\"Minuto a Minuto\",\"Pol\u00edtica\"],\"inLanguage\":\"es\",\"potentialAction\":[{\"@type\":\"CommentAction\",\"name\":\"Comment\",\"target\":[\"https:\/\/elcardinal.com\/?p=4641#respond\"]}]},{\"@type\":\"WebPage\",\"@id\":\"https:\/\/elcardinal.com\/?p=4641\",\"url\":\"https:\/\/elcardinal.com\/?p=4641\",\"name\":\"Diputada Alhely Medina Hern\u00e1ndez presenta segunda solicitud de licencia temporal al cargo - El Cardinal\",\"isPartOf\":{\"@id\":\"https:\/\/elcardinal.com\/#website\"},\"primaryImageOfPage\":{\"@id\":\"https:\/\/elcardinal.com\/?p=4641#primaryimage\"},\"image\":{\"@id\":\"https:\/\/elcardinal.com\/?p=4641#primaryimage\"},\"thumbnailUrl\":\"https:\/\/elcardinal.com\/wp-content\/uploads\/2025\/05\/IMG-20250528-WA0079.jpg\",\"datePublished\":\"2025-05-29T01:00:07+00:00\",\"breadcrumb\":{\"@id\":\"https:\/\/elcardinal.com\/?p=4641#breadcrumb\"},\"inLanguage\":\"es\",\"potentialAction\":[{\"@type\":\"ReadAction\",\"target\":[\"https:\/\/elcardinal.com\/?p=4641\"]}]},{\"@type\":\"ImageObject\",\"inLanguage\":\"es\",\"@id\":\"https:\/\/elcardinal.com\/?p=4641#primaryimage\",\"url\":\"https:\/\/elcardinal.com\/wp-content\/uploads\/2025\/05\/IMG-20250528-WA0079.jpg\",\"contentUrl\":\"https:\/\/elcardinal.com\/wp-content\/uploads\/2025\/05\/IMG-20250528-WA0079.jpg\",\"width\":1280,\"height\":853},{\"@type\":\"BreadcrumbList\",\"@id\":\"https:\/\/elcardinal.com\/?p=4641#breadcrumb\",\"itemListElement\":[{\"@type\":\"ListItem\",\"position\":1,\"name\":\"Inicio\",\"item\":\"https:\/\/elcardinal.com\/\"},{\"@type\":\"ListItem\",\"position\":2,\"name\":\"Diputada Alhely Medina Hern\u00e1ndez presenta segunda solicitud de licencia temporal al cargo\"}]},{\"@type\":\"WebSite\",\"@id\":\"https:\/\/elcardinal.com\/#website\",\"url\":\"https:\/\/elcardinal.com\/\",\"name\":\"El Cardinal\",\"description\":\"Periodismo honesto, con valor, sentido humano, a veces sarc\u00e1stico y divertido.\",\"publisher\":{\"@id\":\"https:\/\/elcardinal.com\/#organization\"},\"alternateName\":\"El Cardinal Noticias\",\"potentialAction\":[{\"@type\":\"SearchAction\",\"target\":{\"@type\":\"EntryPoint\",\"urlTemplate\":\"https:\/\/elcardinal.com\/?s={search_term_string}\"},\"query-input\":{\"@type\":\"PropertyValueSpecification\",\"valueRequired\":true,\"valueName\":\"search_term_string\"}}],\"inLanguage\":\"es\"},{\"@type\":\"Organization\",\"@id\":\"https:\/\/elcardinal.com\/#organization\",\"name\":\"El Cardinal\",\"url\":\"https:\/\/elcardinal.com\/\",\"logo\":{\"@type\":\"ImageObject\",\"inLanguage\":\"es\",\"@id\":\"https:\/\/elcardinal.com\/#\/schema\/logo\/image\/\",\"url\":\"https:\/\/elcardinal.com\/wp-content\/uploads\/2025\/04\/LOGO-EL-CARDINAL-Periodismo-con-valor.png\",\"contentUrl\":\"https:\/\/elcardinal.com\/wp-content\/uploads\/2025\/04\/LOGO-EL-CARDINAL-Periodismo-con-valor.png\",\"width\":755,\"height\":636,\"caption\":\"El Cardinal\"},\"image\":{\"@id\":\"https:\/\/elcardinal.com\/#\/schema\/logo\/image\/\"},\"sameAs\":[\"https:\/\/www.facebook.com\/profile.php?id=100063093107011\",\"https:\/\/x.com\/ElCardinal_Mx\"]},{\"@type\":\"Person\",\"@id\":\"https:\/\/elcardinal.com\/#\/schema\/person\/3c352ec0a33987fe275c0e8a2ea69f8b\",\"name\":\"Antonio Alcaraz\",\"image\":{\"@type\":\"ImageObject\",\"inLanguage\":\"es\",\"@id\":\"https:\/\/elcardinal.com\/#\/schema\/person\/image\/\",\"url\":\"https:\/\/elcardinal.com\/wp-content\/uploads\/2025\/05\/cropped-TONO-96x96.jpg\",\"contentUrl\":\"https:\/\/elcardinal.com\/wp-content\/uploads\/2025\/05\/cropped-TONO-96x96.jpg\",\"caption\":\"Antonio Alcaraz\"},\"url\":\"https:\/\/elcardinal.com\/?author=2\"}]}<\/script>\n<!-- \/ Yoast SEO plugin. -->","yoast_head_json":{"title":"Diputada Alhely Medina Hern\u00e1ndez presenta segunda solicitud de licencia temporal al cargo - El Cardinal","robots":{"index":"index","follow":"follow","max-snippet":"max-snippet:-1","max-image-preview":"max-image-preview:large","max-video-preview":"max-video-preview:-1"},"canonical":"https:\/\/elcardinal.com\/?p=4641","og_locale":"es_MX","og_type":"article","og_title":"Diputada Alhely Medina Hern\u00e1ndez presenta segunda solicitud de licencia temporal al cargo - El Cardinal","og_description":"Con fundamento en el art\u00edculo 46 de la Constituci\u00f3n Pol\u00edtica del Estado de Hidalgo, as\u00ed como en los art\u00edculos 28, 29 y 53 de la Ley Org\u00e1nica del Poder Legislativo del Estado Libre y Soberano de Hidalgo, el Congreso del Estado informa que se recibi\u00f3 la segunda solicitud formal de licencia temporal por parte de","og_url":"https:\/\/elcardinal.com\/?p=4641","og_site_name":"El Cardinal","article_publisher":"https:\/\/www.facebook.com\/profile.php?id=100063093107011","article_published_time":"2025-05-29T01:00:07+00:00","og_image":[{"width":1280,"height":853,"url":"https:\/\/elcardinal.com\/wp-content\/uploads\/2025\/05\/IMG-20250528-WA0079.jpg","type":"image\/jpeg"}],"author":"Antonio Alcaraz","twitter_card":"summary_large_image","twitter_creator":"@ElCardinal_Mx","twitter_site":"@ElCardinal_Mx","twitter_misc":{"Escrito por":"Antonio Alcaraz","Tiempo de lectura":"2 minutos"},"schema":{"@context":"https:\/\/schema.org","@graph":[{"@type":"Article","@id":"https:\/\/elcardinal.com\/?p=4641#article","isPartOf":{"@id":"https:\/\/elcardinal.com\/?p=4641"},"author":{"name":"Antonio Alcaraz","@id":"https:\/\/elcardinal.com\/#\/schema\/person\/3c352ec0a33987fe275c0e8a2ea69f8b"},"headline":"Diputada Alhely Medina Hern\u00e1ndez presenta segunda solicitud de licencia temporal al cargo","datePublished":"2025-05-29T01:00:07+00:00","mainEntityOfPage":{"@id":"https:\/\/elcardinal.com\/?p=4641"},"wordCount":281,"commentCount":0,"publisher":{"@id":"https:\/\/elcardinal.com\/#organization"},"image":{"@id":"https:\/\/elcardinal.com\/?p=4641#primaryimage"},"thumbnailUrl":"https:\/\/elcardinal.com\/wp-content\/uploads\/2025\/05\/IMG-20250528-WA0079.jpg","keywords":["Alhely Medina","Congreso de Hidalgo"],"articleSection":["Hidalgo","Minuto a Minuto","Pol\u00edtica"],"inLanguage":"es","potentialAction":[{"@type":"CommentAction","name":"Comment","target":["https:\/\/elcardinal.com\/?p=4641#respond"]}]},{"@type":"WebPage","@id":"https:\/\/elcardinal.com\/?p=4641","url":"https:\/\/elcardinal.com\/?p=4641","name":"Diputada Alhely Medina Hern\u00e1ndez presenta segunda solicitud de licencia temporal al cargo - El Cardinal","isPartOf":{"@id":"https:\/\/elcardinal.com\/#website"},"primaryImageOfPage":{"@id":"https:\/\/elcardinal.com\/?p=4641#primaryimage"},"image":{"@id":"https:\/\/elcardinal.com\/?p=4641#primaryimage"},"thumbnailUrl":"https:\/\/elcardinal.com\/wp-content\/uploads\/2025\/05\/IMG-20250528-WA0079.jpg","datePublished":"2025-05-29T01:00:07+00:00","breadcrumb":{"@id":"https:\/\/elcardinal.com\/?p=4641#breadcrumb"},"inLanguage":"es","potentialAction":[{"@type":"ReadAction","target":["https:\/\/elcardinal.com\/?p=4641"]}]},{"@type":"ImageObject","inLanguage":"es","@id":"https:\/\/elcardinal.com\/?p=4641#primaryimage","url":"https:\/\/elcardinal.com\/wp-content\/uploads\/2025\/05\/IMG-20250528-WA0079.jpg","contentUrl":"https:\/\/elcardinal.com\/wp-content\/uploads\/2025\/05\/IMG-20250528-WA0079.jpg","width":1280,"height":853},{"@type":"BreadcrumbList","@id":"https:\/\/elcardinal.com\/?p=4641#breadcrumb","itemListElement":[{"@type":"ListItem","position":1,"name":"Inicio","item":"https:\/\/elcardinal.com\/"},{"@type":"ListItem","position":2,"name":"Diputada Alhely Medina Hern\u00e1ndez presenta segunda solicitud de licencia temporal al cargo"}]},{"@type":"WebSite","@id":"https:\/\/elcardinal.com\/#website","url":"https:\/\/elcardinal.com\/","name":"El Cardinal","description":"Periodismo honesto, con valor, sentido humano, a veces sarc\u00e1stico y divertido.","publisher":{"@id":"https:\/\/elcardinal.com\/#organization"},"alternateName":"El Cardinal Noticias","potentialAction":[{"@type":"SearchAction","target":{"@type":"EntryPoint","urlTemplate":"https:\/\/elcardinal.com\/?s={search_term_string}"},"query-input":{"@type":"PropertyValueSpecification","valueRequired":true,"valueName":"search_term_string"}}],"inLanguage":"es"},{"@type":"Organization","@id":"https:\/\/elcardinal.com\/#organization","name":"El Cardinal","url":"https:\/\/elcardinal.com\/","logo":{"@type":"ImageObject","inLanguage":"es","@id":"https:\/\/elcardinal.com\/#\/schema\/logo\/image\/","url":"https:\/\/elcardinal.com\/wp-content\/uploads\/2025\/04\/LOGO-EL-CARDINAL-Periodismo-con-valor.png","contentUrl":"https:\/\/elcardinal.com\/wp-content\/uploads\/2025\/04\/LOGO-EL-CARDINAL-Periodismo-con-valor.png","width":755,"height":636,"caption":"El Cardinal"},"image":{"@id":"https:\/\/elcardinal.com\/#\/schema\/logo\/image\/"},"sameAs":["https:\/\/www.facebook.com\/profile.php?id=100063093107011","https:\/\/x.com\/ElCardinal_Mx"]},{"@type":"Person","@id":"https:\/\/elcardinal.com\/#\/schema\/person\/3c352ec0a33987fe275c0e8a2ea69f8b","name":"Antonio Alcaraz","image":{"@type":"ImageObject","inLanguage":"es","@id":"https:\/\/elcardinal.com\/#\/schema\/person\/image\/","url":"https:\/\/elcardinal.com\/wp-content\/uploads\/2025\/05\/cropped-TONO-96x96.jpg","contentUrl":"https:\/\/elcardinal.com\/wp-content\/uploads\/2025\/05\/cropped-TONO-96x96.jpg","caption":"Antonio Alcaraz"},"url":"https:\/\/elcardinal.com\/?author=2"}]}},"_links":{"self":[{"href":"https:\/\/elcardinal.com\/index.php?rest_route=\/wp\/v2\/posts\/4641","targetHints":{"allow":["GET"]}}],"collection":[{"href":"https:\/\/elcardinal.com\/index.php?rest_route=\/wp\/v2\/posts"}],"about":[{"href":"https:\/\/elcardinal.com\/index.php?rest_route=\/wp\/v2\/types\/post"}],"author":[{"embeddable":true,"href":"https:\/\/elcardinal.com\/index.php?rest_route=\/wp\/v2\/users\/2"}],"replies":[{"embeddable":true,"href":"https:\/\/elcardinal.com\/index.php?rest_route=%2Fwp%2Fv2%2Fcomments&post=4641"}],"version-history":[{"count":1,"href":"https:\/\/elcardinal.com\/index.php?rest_route=\/wp\/v2\/posts\/4641\/revisions"}],"predecessor-version":[{"id":4643,"href":"https:\/\/elcardinal.com\/index.php?rest_route=\/wp\/v2\/posts\/4641\/revisions\/4643"}],"wp:featuredmedia":[{"embeddable":true,"href":"https:\/\/elcardinal.com\/index.php?rest_route=\/wp\/v2\/media\/4642"}],"wp:attachment":[{"href":"https:\/\/elcardinal.com\/index.php?rest_route=%2Fwp%2Fv2%2Fmedia&parent=4641"}],"wp:term":[{"taxonomy":"category","embeddable":true,"href":"https:\/\/elcardinal.com\/index.php?rest_route=%2Fwp%2Fv2%2Fcategories&post=4641"},{"taxonomy":"post_tag","embeddable":true,"href":"https:\/\/elcardinal.com\/index.php?rest_route=%2Fwp%2Fv2%2Ftags&post=4641"}],"curies":[{"name":"wp","href":"https:\/\/api.w.org\/{rel}","templated":true}]}}