{"id":4644,"date":"2025-05-28T19:29:56","date_gmt":"2025-05-29T01:29:56","guid":{"rendered":"https:\/\/elcardinal.com\/?p=4644"},"modified":"2025-05-28T19:29:56","modified_gmt":"2025-05-29T01:29:56","slug":"con-dictamen-diputados-reconocen-a-la-cocina-tradicional-hidalguense","status":"publish","type":"post","link":"https:\/\/elcardinal.com\/?p=4644","title":{"rendered":"Con dictamen, diputados reconocen a la cocina tradicional hidalguense"},"content":{"rendered":"<p>&nbsp;<\/p>\n<p><span style=\"font-weight: 400;\">Diputadas y diputados integrantes de la <\/span><b>LXVI Legislatura<\/b><span style=\"font-weight: 400;\"> avalaron con 26 votos a favor, cero en contra y cero abstenciones, el dictamen que aprueba con modificaciones la iniciativa que reforma la Ley de Turismo Sustentable del Estado de Hidalgo, en materia de obtenci\u00f3n y conservaci\u00f3n del distintivo \u201cPueblos con Sabor\u201d, emitido por la primera Comisi\u00f3n Permanente de Legislaci\u00f3n y Puntos Constitucionales.<\/span><\/p>\n<p><span style=\"font-weight: 400;\">Ante la presencia de la secretaria estatal de Turismo, <\/span><b>Elizabeth Quintanar G\u00f3mez<\/b><span style=\"font-weight: 400;\">, y presidentes municipales, el legislador <\/span><b>Leonel Perusqu\u00eda Muedano<\/b><span style=\"font-weight: 400;\"> (PRD) record\u00f3 que la intenci\u00f3n es fomentar la promoci\u00f3n y difusi\u00f3n a nivel nacional e internacional de la gastronom\u00eda de las diferentes regiones hidalguenses, por lo que es necesario distinguir a los municipios con potencial para el desarrollo de las actividades tur\u00edsticas con el distintivo de \u201cPueblos con Sabor\u201d.<\/span><\/p>\n<p><span style=\"font-weight: 400;\">El diputado <\/span><b>Juli\u00e1n Nochebuena Hern\u00e1ndez<\/b><span style=\"font-weight: 400;\"> (Morena) celebr\u00f3 que este dictamen responda a una \u201cexigencia cultural, econ\u00f3mica y social de nuestro tiempo. Representa un reconocimiento formal a la riqueza culinaria de nuestros pueblos y una herramienta concreta para impulsar el turismo sustentable, el empleo local y el orgullo de nuestras comunidades. La cocina hidalguense es mucho m\u00e1s que un alimento, es memoria, tradici\u00f3n e historia viva\u201d.<\/span><\/p>\n<p><b>Contrato de financiamiento<\/b><\/p>\n<p><span style=\"font-weight: 400;\">Asimismo, avalaron con 25 votos a favor, cero en contra y cero abstenciones, el dictamen que aprueba al municipio de Tenango de Doria, la solicitud de gestionar y contratar con cualquier instituci\u00f3n financiera o de cr\u00e9dito, un financiamiento de largo plazo, por la cantidad de hasta 7 millones 500 mil pesos, con fuente de pago de las participaciones federales provenientes del Fondo General de Participaciones y\/o Fondo de Fomento Municipal, a un plazo m\u00e1ximo que no exceder\u00e1 del 2 de agosto 2027, emitido por la primera Comisi\u00f3n Permanente de Hacienda y Presupuesto.<\/span><\/p>\n<p><span style=\"font-weight: 400;\">La diputada <\/span><b>Yarabi Gonz\u00e1lez Mart\u00ednez<\/b><span style=\"font-weight: 400;\"> (Morena) se\u00f1al\u00f3 que este financiamiento servir\u00e1 para adquirir terrenos destinados a dos proyectos clave para la regi\u00f3n Otom\u00ed-Tepehua: la casa de la mujer ind\u00edgena y una unidad deportiva.<\/span><\/p>\n<p><b>Acuerdos econ\u00f3micos<\/b><\/p>\n<p><b>Licencia de conducir digital<\/b><\/p>\n<p><span style=\"font-weight: 400;\">Adem\u00e1s, aprobaron con 24 votos a favor, cero en contra y cero abstenciones, el acuerdo econ\u00f3mico que exhorta al titular de la Secretar\u00eda de Seguridad P\u00fablica del Estado de Hidalgo a implementar el uso de la licencia de conducir digital, emitido por la primera Comisi\u00f3n Permanente de Seguridad Ciudadana y Justicia.<\/span><\/p>\n<p><span style=\"font-weight: 400;\">La legisladora <\/span><b>Lizbeth Irais Ordaz Islas<\/b><span style=\"font-weight: 400;\"> (Morena) consider\u00f3 importante que \u201cfacilitemos los tr\u00e1mites como la expedici\u00f3n y renovaci\u00f3n de licencias. Estamos ahorrando tiempo a las personas, muchas de las cuales dedican jornadas laborales enteras para completar este proceso\u201d.<\/span><\/p>\n<p>&nbsp;<\/p>\n<p><b>Refugios para v\u00edctimas de violencia<\/b><\/p>\n<p><span style=\"font-weight: 400;\">Tambi\u00e9n avalaron con 19 votos a favor, cero en contra y cero abstenciones, el acuerdo econ\u00f3mico en materia de coordinaci\u00f3n en el fortalecimiento de la creaci\u00f3n y operaci\u00f3n de refugios para mujeres v\u00edctimas de violencia, emitido por la primera Comisi\u00f3n Permanente de Seguridad Ciudadana y Justicia<\/span><\/p>\n<p><span style=\"font-weight: 400;\">La diputada <\/span><b>M\u00f3nica Leanett Reyes Mart\u00ednez<\/b><span style=\"font-weight: 400;\"> (Nueva Alianza) indic\u00f3 que dichos espacios dar\u00e1n atenci\u00f3n integral a las mujeres v\u00edctimas de violencia, as\u00ed como sus hijas e hijos, como parte de las medidas provisionales necesarias para salvaguardar su integridad.<\/span><\/p>\n<p>&nbsp;<\/p>\n<p><b>Prevenci\u00f3n de reclutamiento del crimen organizado<\/b><\/p>\n<p><span style=\"font-weight: 400;\">Por otro lado, las y los legisladores aprobaron con 20 votos a favor, cero en contra y cero abstenciones, el acuerdo econ\u00f3mico por el que se exhorta al titular de la Secretar\u00eda de Seguridad p\u00fablica del Estado de Hidalgo, en materia de prevenci\u00f3n del reclutamiento de ni\u00f1as, ni\u00f1os y adolescentes por el crimen organizado, a trav\u00e9s de redes sociales y videojuegos, emitido por la primera Comisi\u00f3n Permanente de Seguridad Ciudadana y Justicia.<\/span><\/p>\n<p><span style=\"font-weight: 400;\">El diputado <\/span><b>Avelino Tovar Iglesias<\/b><span style=\"font-weight: 400;\"> (PVEM) estableci\u00f3 que tambi\u00e9n se solicita establecer campa\u00f1as de difusi\u00f3n sobre los riesgos que existen sobre el uso de videojuegos y redes sociales.<\/span><\/p>\n<p><span style=\"font-weight: 400;\">La legisladora <\/span><b>Karla Perales Arrieta<\/b><span style=\"font-weight: 400;\"> (MC) lament\u00f3 que la delincuencia organizada utilice los espacios digitales. \u201cA trav\u00e9s de redes sociales, chats, videojuegos y plataformas aparentemente inofensivas, los criminales buscan enga\u00f1ar, seducir y manipular a nuestras infancias para utilizarlas como mensajeros, <\/span><i><span style=\"font-weight: 400;\">halcones<\/span><\/i><span style=\"font-weight: 400;\">, transportistas e incluso, como reclutas\u201d.<\/span><\/p>\n<p>&nbsp;<\/p>\n<p><b>Iniciativas<\/b><\/p>\n<p><b>Mandato en materia de bienestar<\/b><\/p>\n<p><span style=\"font-weight: 400;\">Las diputadas <\/span><b>Diana Rangel Z\u00fa\u00f1iga <\/b><span style=\"font-weight: 400;\">y <\/span><b>Tania Er\u00e9ndira Meza Escorza<\/b><span style=\"font-weight: 400;\"> (Morena) presentaron la iniciativa que reforma la Ley de Desarrollo Agr\u00edcola Sustentable para el Estado de Hidalgo y a la Ley de Pesca y Acuacultura Sustentable para el Estado de Hidalgo, con el fin de armonizar el mandato emanado del decreto de fecha 2 de diciembre de 2024, por el que se reforma y adiciona el art\u00edculo 27 de la Constituci\u00f3n Pol\u00edtica de los Estados Unidos Mexicanos en materia de bienestar.<\/span><\/p>\n<p><span style=\"font-weight: 400;\">La legisladora <\/span><b>Diana Rangel<\/b><span style=\"font-weight: 400;\"> indic\u00f3 que la propuesta es que el estado de Hidalgo reconozca y garantice en su legislaci\u00f3n \u201cel acceso efectivo a derechos que hist\u00f3ricamente fueron postergados para quienes viven del campo y la pesca\u201d.<\/span><\/p>\n<p>&nbsp;<\/p>\n<p><b>Desarrollo metropolitano<\/b><\/p>\n<p><span style=\"font-weight: 400;\">La legisladora <\/span><b>Hilda Miranda Miranda<\/b><span style=\"font-weight: 400;\"> (Morena) propuso la iniciativa que modifica la Ley de Coordinaci\u00f3n para el Desarrollo Metropolitano del Estado de Hidalgo, donde en el primer art\u00edculo actualmente est\u00e1 limitada la participaci\u00f3n de un representante de la Universidad Aut\u00f3noma del Estado de Hidalgo, dejando fuera la intervenci\u00f3n y colaboraci\u00f3n de representantes de diferentes instituciones de educaci\u00f3n superior de Hidalgo, quienes tienen las capacidades t\u00e9cnicas para aportar a las labores del Consejo.<\/span><\/p>\n<p>&nbsp;<\/p>\n<p><b>Regulaci\u00f3n de oficial\u00edas electorales<\/b><\/p>\n<p><span style=\"font-weight: 400;\">La diputada <\/span><b>Claudia Lilia Luna Islas<\/b><span style=\"font-weight: 400;\"> (PAN) detall\u00f3 la iniciativa que reforma el C\u00f3digo Electoral del Estado de Hidalgo con el prop\u00f3sito de establecer la regulaci\u00f3n de las oficial\u00edas electorales, ampliando ese derecho a quienes puedan solicitarlo, incorporando desde la legislaci\u00f3n, modalidades electr\u00f3nicas y de campo.<\/span><\/p>\n<p>&nbsp;<\/p>\n<p><b>Derecho a la movilidad de adultos mayores<\/b><\/p>\n<p><span style=\"font-weight: 400;\">El legislador <\/span><b>Marco Antonio Mendoza Bustamante<\/b><span style=\"font-weight: 400;\"> (PRI) present\u00f3 la iniciativa que modifica la Ley de los Derechos de las Personas Adultas Mayores del Estado de Hidalgo, para dar cumplimiento a la obligaci\u00f3n que tiene el Estado de dotar de garant\u00edas individuales a las personas adultas mayores que les permitan el ejercicio pleno y el goce de su derecho humano vial o derecho a la movilidad.<\/span><\/p>\n<p>&nbsp;<\/p>\n<p><b>Creaci\u00f3n de comisi\u00f3n de humanidades<\/b><\/p>\n<p><span style=\"font-weight: 400;\">La diputada <\/span><b>Paloma Barrag\u00e1n Santos<\/b><span style=\"font-weight: 400;\"> (Morena) propuso la iniciativa que reforma la Ley Org\u00e1nica Municipal para el Estado de Hidalgo, con el fin de establecer la existencia de la Comisi\u00f3n de Humanidades, Ciencias, Tecnolog\u00eda e Innovaci\u00f3n desde el Ayuntamiento, garantizando la intervenci\u00f3n y fomento a la ciencia y tecnolog\u00eda en los 84 municipios de la entidad.<\/span><\/p>\n<p>&nbsp;<\/p>\n<p><b>Incremento de las licencias por maternidad<\/b><\/p>\n<p><span style=\"font-weight: 400;\">La legisladora <\/span><b>Mar\u00eda Guadalupe Cruz Monta\u00f1o <\/b><span style=\"font-weight: 400;\">y el legislador <\/span><b>Avelino Tovar Iglesias<\/b><span style=\"font-weight: 400;\"> (PVEM) detallaron la iniciativa que modifica la Ley de los Derechos de los Trabajadores al Servicio de los Gobiernos Estatales y Municipales, as\u00ed como de los organismos descentralizados de Hidalgo, con el objetivo de incrementar las licencias por maternidad y adecuar las licencias por paternidad.<\/span><\/p>\n<p>&nbsp;<\/p>\n<p><b>Asuntos generales<\/b><\/p>\n<p><b>Regularizaci\u00f3n de terrenos utilizados como panteones<\/b><\/p>\n<p><span style=\"font-weight: 400;\">La legisladora <\/span><b>Yarabi Gonz\u00e1lez Mart\u00ednez<\/b><span style=\"font-weight: 400;\"> (Morena) propuso el acuerdo econ\u00f3mico por el que se exhorta a los 84 ayuntamientos a llevar a cabo la regularizaci\u00f3n de terrenos utilizados como panteones o cementerios o que est\u00e9n concesionados y\/o en posesi\u00f3n de particulares y que realicen actividades de inhumaci\u00f3n, exhumaci\u00f3n y reinhumaci\u00f3n de cad\u00e1veres y restos humanos.<\/span><\/p>\n<p>&nbsp;<\/p>\n<p><b>Reuni\u00f3n de salud<\/b><\/p>\n<p><span style=\"font-weight: 400;\">La diputada <\/span><b>Claudia Lilia Luna Islas<\/b><span style=\"font-weight: 400;\"> (PAN) denunci\u00f3 discriminaci\u00f3n y violencia pol\u00edtica de g\u00e9nero al no haber sido notificada sobre una reuni\u00f3n de trabajo con la secretaria estatal de Salud, Vanesa Escalante Arroyo.<\/span><\/p>\n<p><span style=\"font-weight: 400;\">Mientras que el legislador <\/span><b>Arturo G\u00f3mez Canales<\/b><span style=\"font-weight: 400;\"> (Morena) mencion\u00f3 que se trat\u00f3 de una reuni\u00f3n del grupo legislativo de Morena y Nueva Alianza, \u201ccomo parte del ejercicio leg\u00edtimo de organizaci\u00f3n, di\u00e1logo y trabajo parlamentario que nos permite la Ley Org\u00e1nica del Congreso y el reglamento interno\u201d.<\/span><\/p>\n","protected":false},"excerpt":{"rendered":"<p>&nbsp; Diputadas y diputados integrantes de la LXVI Legislatura avalaron con 26 votos a favor, cero en contra y cero abstenciones, el dictamen que aprueba con modificaciones la iniciativa que reforma la Ley de Turismo Sustentable del Estado de Hidalgo, en materia de obtenci\u00f3n y conservaci\u00f3n del distintivo \u201cPueblos con Sabor\u201d, emitido por la primera<\/p>\n","protected":false},"author":2,"featured_media":4645,"comment_status":"open","ping_status":"open","sticky":false,"template":"","format":"standard","meta":{"footnotes":""},"categories":[31,44,39],"tags":[70,62],"class_list":{"0":"post-4644","1":"post","2":"type-post","3":"status-publish","4":"format-standard","5":"has-post-thumbnail","7":"category-hidalgo","8":"category-minuto-a-minuto","9":"category-politica","10":"tag-andres-velazquez","11":"tag-congreso-de-hidalgo"},"yoast_head":"<!-- This site is optimized with the Yoast SEO plugin v26.1.1 - https:\/\/yoast.com\/wordpress\/plugins\/seo\/ -->\n<title>Con dictamen, diputados reconocen a la cocina tradicional hidalguense - El Cardinal<\/title>\n<meta name=\"robots\" content=\"index, follow, max-snippet:-1, max-image-preview:large, max-video-preview:-1\" \/>\n<link rel=\"canonical\" href=\"https:\/\/elcardinal.com\/?p=4644\" \/>\n<meta property=\"og:locale\" content=\"es_MX\" \/>\n<meta property=\"og:type\" content=\"article\" \/>\n<meta property=\"og:title\" content=\"Con dictamen, diputados reconocen a la cocina tradicional hidalguense - El Cardinal\" \/>\n<meta property=\"og:description\" content=\"&nbsp; Diputadas y diputados integrantes de la LXVI Legislatura avalaron con 26 votos a favor, cero en contra y cero abstenciones, el dictamen que aprueba con modificaciones la iniciativa que reforma la Ley de Turismo Sustentable del Estado de Hidalgo, en materia de obtenci\u00f3n y conservaci\u00f3n del distintivo \u201cPueblos con Sabor\u201d, emitido por la primera\" \/>\n<meta property=\"og:url\" content=\"https:\/\/elcardinal.com\/?p=4644\" \/>\n<meta property=\"og:site_name\" content=\"El Cardinal\" \/>\n<meta property=\"article:publisher\" content=\"https:\/\/www.facebook.com\/profile.php?id=100063093107011\" \/>\n<meta property=\"article:published_time\" content=\"2025-05-29T01:29:56+00:00\" \/>\n<meta property=\"og:image\" content=\"https:\/\/elcardinal.com\/wp-content\/uploads\/2025\/05\/Sesion-28.05.2025-Ordinaria-155--scaled.jpg\" \/>\n\t<meta property=\"og:image:width\" content=\"2560\" \/>\n\t<meta property=\"og:image:height\" content=\"1707\" \/>\n\t<meta property=\"og:image:type\" content=\"image\/jpeg\" \/>\n<meta name=\"author\" content=\"Antonio Alcaraz\" \/>\n<meta name=\"twitter:card\" content=\"summary_large_image\" \/>\n<meta name=\"twitter:creator\" content=\"@ElCardinal_Mx\" \/>\n<meta name=\"twitter:site\" content=\"@ElCardinal_Mx\" \/>\n<meta name=\"twitter:label1\" content=\"Escrito por\" \/>\n\t<meta name=\"twitter:data1\" content=\"Antonio Alcaraz\" \/>\n\t<meta name=\"twitter:label2\" content=\"Tiempo de lectura\" \/>\n\t<meta name=\"twitter:data2\" content=\"6 minutos\" \/>\n<script type=\"application\/ld+json\" class=\"yoast-schema-graph\">{\"@context\":\"https:\/\/schema.org\",\"@graph\":[{\"@type\":\"Article\",\"@id\":\"https:\/\/elcardinal.com\/?p=4644#article\",\"isPartOf\":{\"@id\":\"https:\/\/elcardinal.com\/?p=4644\"},\"author\":{\"name\":\"Antonio Alcaraz\",\"@id\":\"https:\/\/elcardinal.com\/#\/schema\/person\/3c352ec0a33987fe275c0e8a2ea69f8b\"},\"headline\":\"Con dictamen, diputados reconocen a la cocina tradicional hidalguense\",\"datePublished\":\"2025-05-29T01:29:56+00:00\",\"mainEntityOfPage\":{\"@id\":\"https:\/\/elcardinal.com\/?p=4644\"},\"wordCount\":1377,\"commentCount\":0,\"publisher\":{\"@id\":\"https:\/\/elcardinal.com\/#organization\"},\"image\":{\"@id\":\"https:\/\/elcardinal.com\/?p=4644#primaryimage\"},\"thumbnailUrl\":\"https:\/\/elcardinal.com\/wp-content\/uploads\/2025\/05\/Sesion-28.05.2025-Ordinaria-155--scaled.jpg\",\"keywords\":[\"Andr\u00e9s Vel\u00e1zquez\",\"Congreso de Hidalgo\"],\"articleSection\":[\"Hidalgo\",\"Minuto a Minuto\",\"Pol\u00edtica\"],\"inLanguage\":\"es\",\"potentialAction\":[{\"@type\":\"CommentAction\",\"name\":\"Comment\",\"target\":[\"https:\/\/elcardinal.com\/?p=4644#respond\"]}]},{\"@type\":\"WebPage\",\"@id\":\"https:\/\/elcardinal.com\/?p=4644\",\"url\":\"https:\/\/elcardinal.com\/?p=4644\",\"name\":\"Con dictamen, diputados reconocen a la cocina tradicional hidalguense - El Cardinal\",\"isPartOf\":{\"@id\":\"https:\/\/elcardinal.com\/#website\"},\"primaryImageOfPage\":{\"@id\":\"https:\/\/elcardinal.com\/?p=4644#primaryimage\"},\"image\":{\"@id\":\"https:\/\/elcardinal.com\/?p=4644#primaryimage\"},\"thumbnailUrl\":\"https:\/\/elcardinal.com\/wp-content\/uploads\/2025\/05\/Sesion-28.05.2025-Ordinaria-155--scaled.jpg\",\"datePublished\":\"2025-05-29T01:29:56+00:00\",\"breadcrumb\":{\"@id\":\"https:\/\/elcardinal.com\/?p=4644#breadcrumb\"},\"inLanguage\":\"es\",\"potentialAction\":[{\"@type\":\"ReadAction\",\"target\":[\"https:\/\/elcardinal.com\/?p=4644\"]}]},{\"@type\":\"ImageObject\",\"inLanguage\":\"es\",\"@id\":\"https:\/\/elcardinal.com\/?p=4644#primaryimage\",\"url\":\"https:\/\/elcardinal.com\/wp-content\/uploads\/2025\/05\/Sesion-28.05.2025-Ordinaria-155--scaled.jpg\",\"contentUrl\":\"https:\/\/elcardinal.com\/wp-content\/uploads\/2025\/05\/Sesion-28.05.2025-Ordinaria-155--scaled.jpg\",\"width\":2560,\"height\":1707},{\"@type\":\"BreadcrumbList\",\"@id\":\"https:\/\/elcardinal.com\/?p=4644#breadcrumb\",\"itemListElement\":[{\"@type\":\"ListItem\",\"position\":1,\"name\":\"Inicio\",\"item\":\"https:\/\/elcardinal.com\/\"},{\"@type\":\"ListItem\",\"position\":2,\"name\":\"Con dictamen, diputados reconocen a la cocina tradicional hidalguense\"}]},{\"@type\":\"WebSite\",\"@id\":\"https:\/\/elcardinal.com\/#website\",\"url\":\"https:\/\/elcardinal.com\/\",\"name\":\"El Cardinal\",\"description\":\"Periodismo honesto, con valor, sentido humano, a veces sarc\u00e1stico y divertido.\",\"publisher\":{\"@id\":\"https:\/\/elcardinal.com\/#organization\"},\"alternateName\":\"El Cardinal Noticias\",\"potentialAction\":[{\"@type\":\"SearchAction\",\"target\":{\"@type\":\"EntryPoint\",\"urlTemplate\":\"https:\/\/elcardinal.com\/?s={search_term_string}\"},\"query-input\":{\"@type\":\"PropertyValueSpecification\",\"valueRequired\":true,\"valueName\":\"search_term_string\"}}],\"inLanguage\":\"es\"},{\"@type\":\"Organization\",\"@id\":\"https:\/\/elcardinal.com\/#organization\",\"name\":\"El Cardinal\",\"url\":\"https:\/\/elcardinal.com\/\",\"logo\":{\"@type\":\"ImageObject\",\"inLanguage\":\"es\",\"@id\":\"https:\/\/elcardinal.com\/#\/schema\/logo\/image\/\",\"url\":\"https:\/\/elcardinal.com\/wp-content\/uploads\/2025\/04\/LOGO-EL-CARDINAL-Periodismo-con-valor.png\",\"contentUrl\":\"https:\/\/elcardinal.com\/wp-content\/uploads\/2025\/04\/LOGO-EL-CARDINAL-Periodismo-con-valor.png\",\"width\":755,\"height\":636,\"caption\":\"El Cardinal\"},\"image\":{\"@id\":\"https:\/\/elcardinal.com\/#\/schema\/logo\/image\/\"},\"sameAs\":[\"https:\/\/www.facebook.com\/profile.php?id=100063093107011\",\"https:\/\/x.com\/ElCardinal_Mx\"]},{\"@type\":\"Person\",\"@id\":\"https:\/\/elcardinal.com\/#\/schema\/person\/3c352ec0a33987fe275c0e8a2ea69f8b\",\"name\":\"Antonio Alcaraz\",\"image\":{\"@type\":\"ImageObject\",\"inLanguage\":\"es\",\"@id\":\"https:\/\/elcardinal.com\/#\/schema\/person\/image\/\",\"url\":\"https:\/\/elcardinal.com\/wp-content\/uploads\/2025\/05\/cropped-TONO-96x96.jpg\",\"contentUrl\":\"https:\/\/elcardinal.com\/wp-content\/uploads\/2025\/05\/cropped-TONO-96x96.jpg\",\"caption\":\"Antonio Alcaraz\"},\"url\":\"https:\/\/elcardinal.com\/?author=2\"}]}<\/script>\n<!-- \/ Yoast SEO plugin. -->","yoast_head_json":{"title":"Con dictamen, diputados reconocen a la cocina tradicional hidalguense - El Cardinal","robots":{"index":"index","follow":"follow","max-snippet":"max-snippet:-1","max-image-preview":"max-image-preview:large","max-video-preview":"max-video-preview:-1"},"canonical":"https:\/\/elcardinal.com\/?p=4644","og_locale":"es_MX","og_type":"article","og_title":"Con dictamen, diputados reconocen a la cocina tradicional hidalguense - El Cardinal","og_description":"&nbsp; Diputadas y diputados integrantes de la LXVI Legislatura avalaron con 26 votos a favor, cero en contra y cero abstenciones, el dictamen que aprueba con modificaciones la iniciativa que reforma la Ley de Turismo Sustentable del Estado de Hidalgo, en materia de obtenci\u00f3n y conservaci\u00f3n del distintivo \u201cPueblos con Sabor\u201d, emitido por la primera","og_url":"https:\/\/elcardinal.com\/?p=4644","og_site_name":"El Cardinal","article_publisher":"https:\/\/www.facebook.com\/profile.php?id=100063093107011","article_published_time":"2025-05-29T01:29:56+00:00","og_image":[{"width":2560,"height":1707,"url":"https:\/\/elcardinal.com\/wp-content\/uploads\/2025\/05\/Sesion-28.05.2025-Ordinaria-155--scaled.jpg","type":"image\/jpeg"}],"author":"Antonio Alcaraz","twitter_card":"summary_large_image","twitter_creator":"@ElCardinal_Mx","twitter_site":"@ElCardinal_Mx","twitter_misc":{"Escrito por":"Antonio Alcaraz","Tiempo de lectura":"6 minutos"},"schema":{"@context":"https:\/\/schema.org","@graph":[{"@type":"Article","@id":"https:\/\/elcardinal.com\/?p=4644#article","isPartOf":{"@id":"https:\/\/elcardinal.com\/?p=4644"},"author":{"name":"Antonio Alcaraz","@id":"https:\/\/elcardinal.com\/#\/schema\/person\/3c352ec0a33987fe275c0e8a2ea69f8b"},"headline":"Con dictamen, diputados reconocen a la cocina tradicional hidalguense","datePublished":"2025-05-29T01:29:56+00:00","mainEntityOfPage":{"@id":"https:\/\/elcardinal.com\/?p=4644"},"wordCount":1377,"commentCount":0,"publisher":{"@id":"https:\/\/elcardinal.com\/#organization"},"image":{"@id":"https:\/\/elcardinal.com\/?p=4644#primaryimage"},"thumbnailUrl":"https:\/\/elcardinal.com\/wp-content\/uploads\/2025\/05\/Sesion-28.05.2025-Ordinaria-155--scaled.jpg","keywords":["Andr\u00e9s Vel\u00e1zquez","Congreso de Hidalgo"],"articleSection":["Hidalgo","Minuto a Minuto","Pol\u00edtica"],"inLanguage":"es","potentialAction":[{"@type":"CommentAction","name":"Comment","target":["https:\/\/elcardinal.com\/?p=4644#respond"]}]},{"@type":"WebPage","@id":"https:\/\/elcardinal.com\/?p=4644","url":"https:\/\/elcardinal.com\/?p=4644","name":"Con dictamen, diputados reconocen a la cocina tradicional hidalguense - El Cardinal","isPartOf":{"@id":"https:\/\/elcardinal.com\/#website"},"primaryImageOfPage":{"@id":"https:\/\/elcardinal.com\/?p=4644#primaryimage"},"image":{"@id":"https:\/\/elcardinal.com\/?p=4644#primaryimage"},"thumbnailUrl":"https:\/\/elcardinal.com\/wp-content\/uploads\/2025\/05\/Sesion-28.05.2025-Ordinaria-155--scaled.jpg","datePublished":"2025-05-29T01:29:56+00:00","breadcrumb":{"@id":"https:\/\/elcardinal.com\/?p=4644#breadcrumb"},"inLanguage":"es","potentialAction":[{"@type":"ReadAction","target":["https:\/\/elcardinal.com\/?p=4644"]}]},{"@type":"ImageObject","inLanguage":"es","@id":"https:\/\/elcardinal.com\/?p=4644#primaryimage","url":"https:\/\/elcardinal.com\/wp-content\/uploads\/2025\/05\/Sesion-28.05.2025-Ordinaria-155--scaled.jpg","contentUrl":"https:\/\/elcardinal.com\/wp-content\/uploads\/2025\/05\/Sesion-28.05.2025-Ordinaria-155--scaled.jpg","width":2560,"height":1707},{"@type":"BreadcrumbList","@id":"https:\/\/elcardinal.com\/?p=4644#breadcrumb","itemListElement":[{"@type":"ListItem","position":1,"name":"Inicio","item":"https:\/\/elcardinal.com\/"},{"@type":"ListItem","position":2,"name":"Con dictamen, diputados reconocen a la cocina tradicional hidalguense"}]},{"@type":"WebSite","@id":"https:\/\/elcardinal.com\/#website","url":"https:\/\/elcardinal.com\/","name":"El Cardinal","description":"Periodismo honesto, con valor, sentido humano, a veces sarc\u00e1stico y divertido.","publisher":{"@id":"https:\/\/elcardinal.com\/#organization"},"alternateName":"El Cardinal Noticias","potentialAction":[{"@type":"SearchAction","target":{"@type":"EntryPoint","urlTemplate":"https:\/\/elcardinal.com\/?s={search_term_string}"},"query-input":{"@type":"PropertyValueSpecification","valueRequired":true,"valueName":"search_term_string"}}],"inLanguage":"es"},{"@type":"Organization","@id":"https:\/\/elcardinal.com\/#organization","name":"El Cardinal","url":"https:\/\/elcardinal.com\/","logo":{"@type":"ImageObject","inLanguage":"es","@id":"https:\/\/elcardinal.com\/#\/schema\/logo\/image\/","url":"https:\/\/elcardinal.com\/wp-content\/uploads\/2025\/04\/LOGO-EL-CARDINAL-Periodismo-con-valor.png","contentUrl":"https:\/\/elcardinal.com\/wp-content\/uploads\/2025\/04\/LOGO-EL-CARDINAL-Periodismo-con-valor.png","width":755,"height":636,"caption":"El Cardinal"},"image":{"@id":"https:\/\/elcardinal.com\/#\/schema\/logo\/image\/"},"sameAs":["https:\/\/www.facebook.com\/profile.php?id=100063093107011","https:\/\/x.com\/ElCardinal_Mx"]},{"@type":"Person","@id":"https:\/\/elcardinal.com\/#\/schema\/person\/3c352ec0a33987fe275c0e8a2ea69f8b","name":"Antonio Alcaraz","image":{"@type":"ImageObject","inLanguage":"es","@id":"https:\/\/elcardinal.com\/#\/schema\/person\/image\/","url":"https:\/\/elcardinal.com\/wp-content\/uploads\/2025\/05\/cropped-TONO-96x96.jpg","contentUrl":"https:\/\/elcardinal.com\/wp-content\/uploads\/2025\/05\/cropped-TONO-96x96.jpg","caption":"Antonio Alcaraz"},"url":"https:\/\/elcardinal.com\/?author=2"}]}},"_links":{"self":[{"href":"https:\/\/elcardinal.com\/index.php?rest_route=\/wp\/v2\/posts\/4644","targetHints":{"allow":["GET"]}}],"collection":[{"href":"https:\/\/elcardinal.com\/index.php?rest_route=\/wp\/v2\/posts"}],"about":[{"href":"https:\/\/elcardinal.com\/index.php?rest_route=\/wp\/v2\/types\/post"}],"author":[{"embeddable":true,"href":"https:\/\/elcardinal.com\/index.php?rest_route=\/wp\/v2\/users\/2"}],"replies":[{"embeddable":true,"href":"https:\/\/elcardinal.com\/index.php?rest_route=%2Fwp%2Fv2%2Fcomments&post=4644"}],"version-history":[{"count":1,"href":"https:\/\/elcardinal.com\/index.php?rest_route=\/wp\/v2\/posts\/4644\/revisions"}],"predecessor-version":[{"id":4646,"href":"https:\/\/elcardinal.com\/index.php?rest_route=\/wp\/v2\/posts\/4644\/revisions\/4646"}],"wp:featuredmedia":[{"embeddable":true,"href":"https:\/\/elcardinal.com\/index.php?rest_route=\/wp\/v2\/media\/4645"}],"wp:attachment":[{"href":"https:\/\/elcardinal.com\/index.php?rest_route=%2Fwp%2Fv2%2Fmedia&parent=4644"}],"wp:term":[{"taxonomy":"category","embeddable":true,"href":"https:\/\/elcardinal.com\/index.php?rest_route=%2Fwp%2Fv2%2Fcategories&post=4644"},{"taxonomy":"post_tag","embeddable":true,"href":"https:\/\/elcardinal.com\/index.php?rest_route=%2Fwp%2Fv2%2Ftags&post=4644"}],"curies":[{"name":"wp","href":"https:\/\/api.w.org\/{rel}","templated":true}]}}