{"id":4668,"date":"2025-05-29T10:20:47","date_gmt":"2025-05-29T16:20:47","guid":{"rendered":"https:\/\/elcardinal.com\/?p=4668"},"modified":"2025-05-29T10:20:47","modified_gmt":"2025-05-29T16:20:47","slug":"la-gran-rosario-castellanos","status":"publish","type":"post","link":"https:\/\/elcardinal.com\/?p=4668","title":{"rendered":"La gran Rosario Castellanos"},"content":{"rendered":"<p>Por: <strong>Tania Mart\u00ednez Su\u00e1rez<\/strong><\/p>\n<p>El pasado 25 de mayo <strong>Rosario Alicia Castellanos Figueroa<\/strong> hubiera festejado su cumplea\u00f1os n\u00famero 100, por ello y en honor a la gran trayectoria de esta destacada escritora, periodista, catedr\u00e1tica universitaria, diplom\u00e1tica y feminista,\u00a0 el Gobierno de M\u00e9xico y la Secretar\u00eda de Cultura Federal han programado una serie de actividades para conmemorar su trayectoria y legado.<\/p>\n<p>Escribi\u00f3 todos los g\u00e9neros literarios, destacando en narrativa y poes\u00eda.\u00a0 <em>Public\u00f3 24 libros y su obra ha sido incorporada en decenas de antolog\u00edas.<\/em> A continuaci\u00f3n comparto los t\u00edtulos de sus obras:<\/p>\n<h4><strong>Poes\u00eda<\/strong><\/h4>\n<ul>\n<li><strong>1948<\/strong>: <em>Trayectoria del polvo\n<p><\/em><\/li>\n<li><strong>1950<\/strong>: <em>De la vigilia est\u00e9ril\n<p><\/em><\/li>\n<li><strong>1951<\/strong>: <em>Presentaci\u00f3n al templo: poemas\n<p><\/em><\/li>\n<li><strong>1952<\/strong>: <em>El rescate del mundo\n<p><\/em><\/li>\n<li><strong>1953-1955<\/strong>: <em>Poemas\n<p><\/em><\/li>\n<li><strong>1957<\/strong>: <em>Poemas\n<p><\/em><\/li>\n<li><strong>1959<\/strong>: <em>Al pie de la letra\n<p><\/em><\/li>\n<li><strong>1959<\/strong>: <em>Salom\u00e9 y Judith: poemas dram\u00e1ticos\n<p><\/em><\/li>\n<li><strong>1960<\/strong>: <em>L\u00edvida luz\n<p><\/em><\/li>\n<li><strong>1960<\/strong>: <em>Materia memorable\n<p><\/em><\/li>\n<li><strong>1972<\/strong>: <em>Poes\u00eda no eres t\u00fa: obra po\u00e9tica, 1948-1971<\/em> (compilaci\u00f3n p\u00f3stuma)<\/li>\n<\/ul>\n<h4><strong>Narrativa<\/strong><\/h4>\n<ul>\n<li><strong>1957<\/strong>: <em>Bal\u00fan Can\u00e1n\n<p><\/em><\/li>\n<li><strong>1960<\/strong>: <em>Ciudad Real\n<p><\/em><\/li>\n<li><strong>1962<\/strong>: <em>Los convidados de agosto\n<p><\/em><\/li>\n<li><strong>1964<\/strong>: <em>\u00c1lbum de familia\n<p><\/em><\/li>\n<li><strong>1962<\/strong>: <em>Oficio de tinieblas\n<p><\/em><\/li>\n<li><strong>1996<\/strong>: <em>Rito de iniciaci\u00f3n<\/em> (p\u00f3stuma)<\/li>\n<\/ul>\n<h4><strong>Ensayo<\/strong><\/h4>\n<ul>\n<li><strong>1950<\/strong>: <em>Sobre cultura femenina\n<p><\/em><\/li>\n<li><strong>1960<\/strong>: <em>La novela mexicana contempor\u00e1nea y su valor testimonial\n<p><\/em><\/li>\n<li><strong>1973<\/strong>: <em>Mujer que sabe lat\u00edn\n<p><\/em><\/li>\n<li><strong>1975<\/strong>: <em>El mar y sus pescaditos\n<p><\/em><\/li>\n<li><strong>1997<\/strong>: <em>Declaraci\u00f3n de fe<\/em> (p\u00f3stuma)<\/li>\n<\/ul>\n<h4><strong>Teatro<\/strong><\/h4>\n<ul>\n<li><strong>1952<\/strong>: <em>Tablero de damas\n<p><\/em><\/li>\n<li><strong>1975<\/strong>: <em>El eterno femenino<\/em> (p\u00f3stuma)<\/li>\n<\/ul>\n<h4><strong>Epistolario<\/strong><\/h4>\n<ul>\n<li><strong>1994<\/strong>: <em>Cartas a Ricardo<\/em> (p\u00f3stuma)<\/li>\n<\/ul>\n<p>La escritura de Rosario Castellanos es poderosa, los temas y los abordajes de sus obras siguen siendo vigentes, <em><strong>leerla es mirarse en un espejo cincelado por su pluma<\/strong><\/em>, por su propia vida, por su visi\u00f3n contempor\u00e1nea de un mundo que se constru\u00eda ante sus ojos. Nos retrata, como pa\u00eds, pero sobre todo como mujeres, me encuentro en sus poemas, en cada etapa de mi vida he ido encontrando palabras suyas que han recorrido ese mismo camino, su postura femnista enarbola la lucha de las mujeres. \u201cEterno femenino\u201d es el ideario que nos ha impuesto, el que esquivamos, ojal\u00e1 todas despertemos literalmente como lo hace Lupita.<\/p>\n<p>No hay mejor homenaje que leer las palabras de los autores, volver a caminar por sus ideas y encontrar otra vez algo que no hab\u00edamos visto, les comparto algunos de los poemas que m\u00e1s me gustan de ella.<\/p>\n<p><strong>Meditaciones<\/strong><\/p>\n<table width=\"353\">\n<tbody>\n<tr>\n<td width=\"353\">I<\/p>\n<p>Considera, alma m\u00eda, esta textura<br \/>\n\u00c1spera al tacto, a la que llaman vida.<br \/>\nRepara en tantos hilos tan sabiamente unidos<br \/>\nY en el color, sombr\u00edo pero noble,<br \/>\nFirme, y donde ha esparcido su resplandor el rojo.<br \/>\nPiensa en la tejedora; en su paciencia<br \/>\nPara recomenzar<br \/>\nUna tarea siempre inacabada.<\/p>\n<p>Y odia despu\u00e9s, si puedes.<\/p>\n<p>II<\/p>\n<p>Hombrecito, \u00bfqu\u00e9 quieres hacer con tu cabeza?<br \/>\n\u00bfAtar al mundo, al loco, loco y furioso mundo?<br \/>\n\u00bfCastrar al potro Dios?<br \/>\nPero Dios rompe el freno y contin\u00faa engendrando<br \/>\nMagn\u00edficas criaturas,<br \/>\nSeres salvajes cuyos alaridos<br \/>\nRompen esta campana de cristal.<\/p>\n<p>&nbsp;<\/p>\n<p>Destino<\/p>\n<p>Matamos lo que amamos. Lo dem\u00e1s<br \/>\nno ha estado vivo nunca.<br \/>\nNinguno est\u00e1 tan cerca. A ning\u00fan otro hiere<br \/>\nun olvido, una ausencia, a veces menos.<br \/>\nMatamos lo que amamos. \u00a1Que cese esta asfixia<br \/>\nde respirar con un pulm\u00f3n ajeno!<br \/>\nEl aire no es bastante<br \/>\npara los dos. Y no basta la tierra<br \/>\npara los cuerpos juntos<br \/>\ny la raci\u00f3n de la esperanza es poca<br \/>\ny el dolor no se puede compartir.<\/p>\n<p>El hombre es anima de soledades,<br \/>\nciervo con una flecha en el ijar<br \/>\nque huye y se desangra.<\/p>\n<p>Ah, pero el odio, su fijeza insomne<br \/>\nde pupilas de vidrio; su actitud<br \/>\nque es a la vez reposo y amenaza.<\/p>\n<p>El ciervo va a beber y en el agua aparece<br \/>\nel reflejo del tigre.<\/p>\n<p>El ciervo bebe el agua y la imagen. Se vuelve<br \/>\n-antes que lo devoren- (c\u00f3mplice, fascinado)<br \/>\nigual a su enemigo.<\/p>\n<p>Damos la vida s\u00f3lo a lo que odiamos.<\/p>\n<p>Valium 10<br \/>\nA veces (y no trates<br \/>\nde restarle importancia<br \/>\ndiciendo que no ocurre con frecuencia<br \/>\nse te quiebra la vara con que mides<br \/>\nse te extrav\u00eda la br\u00fajula<br \/>\ny ya no entiendes nada<\/p>\n<p>El d\u00eda se convierte en una sucesi\u00f3n<br \/>\nde hechos incoherentes, de funciones<br \/>\nque vas desempe\u00f1ando por inercia y por h\u00e1bito.<\/p>\n<p>Y lo vives. Y dictas el oficio<br \/>\na quienes corresponde. Y das la clase<br \/>\nlo mismo a los alumnos inscritos que al oyente.<br \/>\nY en la noche redactas el texto que la imprenta<br \/>\ndevorar\u00e1 ma\u00f1ana.<br \/>\nY vigilas (oh, s\u00f3lo por encima)<br \/>\nla marcha de la casa, la perfecta<br \/>\ncoordinaci\u00f3n de m\u00faltiples programas<br \/>\n\u2014porque el hijo mayor ya viste de etiqueta<br \/>\npara ir de chambel\u00e1n a un baile de quince a\u00f1os<br \/>\ny el menor quiere ser futbolista y el de en medio<br \/>\ntiene un p\u00f3ster del Che junto a su tocadiscos\u2014.<\/p>\n<p>Y repasas las cuentas del gasto y reflexionas,<br \/>\njunto a la cocinera, sobre el costo<br \/>\nde la vida y el ars magna combinatoria<br \/>\ndel que surge el men\u00fa posible y cotidiano.<\/p>\n<p>Y a\u00fan tienes voluntad para desmaquillarte<br \/>\ny ponerte la crema nutritiva y a\u00fan leer<br \/>\nalgunas l\u00edneas antes de consumir la l\u00e1mpara.<\/p>\n<p>Y ya en la oscuridad, en el umbral del sue\u00f1o,<br \/>\nechas de menos lo que se ha perdido:<br \/>\nel diamante de m\u00e1s precio, la carta<br \/>\nde marear, el libro<br \/>\ncon cien preguntas b\u00e1sicas (y sus correspondientes respuestas) para un di\u00e1logo<br \/>\nelemental siquiera con la Esfinge.<\/p>\n<p>Y tienes la penosa sensaci\u00f3n<br \/>\nde que en el crucigrama se desliz\u00f3 una errata<br \/>\nQue lo hace irresoluble.<\/p>\n<p>Y deletreas el nombre del Caos. Y no puedes<br \/>\ndormir si no destapas<br \/>\nel frasco de pastillas y si no tragas una<br \/>\nen la que se condensa,<br \/>\nqu\u00edmicamente pura, la ordenaci\u00f3n del mundo.<\/p>\n<p>&nbsp;<\/p>\n<p>Recomendaci\u00f3n para conocer m\u00e1s a Rosario Castellanos:https:\/\/materialdelectura.unam.mx\/poesia-moderna\/16-poesia-moderna-cat\/123-053-rosario-castellanos?start=21<\/td>\n<\/tr>\n<\/tbody>\n<\/table>\n<p>&nbsp;<\/p>\n","protected":false},"excerpt":{"rendered":"<p>Por: Tania Mart\u00ednez Su\u00e1rez El pasado 25 de mayo Rosario Alicia Castellanos Figueroa hubiera festejado su cumplea\u00f1os n\u00famero 100, por ello y en honor a la gran trayectoria de esta destacada escritora, periodista, catedr\u00e1tica universitaria, diplom\u00e1tica y feminista,\u00a0 el Gobierno de M\u00e9xico y la Secretar\u00eda de Cultura Federal han programado una serie de actividades para<\/p>\n","protected":false},"author":3,"featured_media":4234,"comment_status":"open","ping_status":"open","sticky":false,"template":"","format":"standard","meta":{"footnotes":""},"categories":[44,35],"tags":[199],"class_list":{"0":"post-4668","1":"post","2":"type-post","3":"status-publish","4":"format-standard","5":"has-post-thumbnail","7":"category-minuto-a-minuto","8":"category-opinion","9":"tag-rosario-castellanos"},"yoast_head":"<!-- This site is optimized with the Yoast SEO plugin v26.1.1 - https:\/\/yoast.com\/wordpress\/plugins\/seo\/ -->\n<title>La gran Rosario Castellanos - El Cardinal<\/title>\n<meta name=\"robots\" content=\"index, follow, max-snippet:-1, max-image-preview:large, max-video-preview:-1\" \/>\n<link rel=\"canonical\" href=\"https:\/\/elcardinal.com\/?p=4668\" \/>\n<meta property=\"og:locale\" content=\"es_MX\" \/>\n<meta property=\"og:type\" content=\"article\" \/>\n<meta property=\"og:title\" content=\"La gran Rosario Castellanos - El Cardinal\" \/>\n<meta property=\"og:description\" content=\"Por: Tania Mart\u00ednez Su\u00e1rez El pasado 25 de mayo Rosario Alicia Castellanos Figueroa hubiera festejado su cumplea\u00f1os n\u00famero 100, por ello y en honor a la gran trayectoria de esta destacada escritora, periodista, catedr\u00e1tica universitaria, diplom\u00e1tica y feminista,\u00a0 el Gobierno de M\u00e9xico y la Secretar\u00eda de Cultura Federal han programado una serie de actividades para\" \/>\n<meta property=\"og:url\" content=\"https:\/\/elcardinal.com\/?p=4668\" \/>\n<meta property=\"og:site_name\" content=\"El Cardinal\" \/>\n<meta property=\"article:publisher\" content=\"https:\/\/www.facebook.com\/profile.php?id=100063093107011\" \/>\n<meta property=\"article:published_time\" content=\"2025-05-29T16:20:47+00:00\" \/>\n<meta property=\"og:image\" content=\"https:\/\/elcardinal.com\/wp-content\/uploads\/2025\/04\/Semillas-Esterales.png\" \/>\n\t<meta property=\"og:image:width\" content=\"940\" \/>\n\t<meta property=\"og:image:height\" content=\"788\" \/>\n\t<meta property=\"og:image:type\" content=\"image\/png\" \/>\n<meta name=\"author\" content=\"El Cardinalito\" \/>\n<meta name=\"twitter:card\" content=\"summary_large_image\" \/>\n<meta name=\"twitter:creator\" content=\"@ElCardinal_Mx\" \/>\n<meta name=\"twitter:site\" content=\"@ElCardinal_Mx\" \/>\n<meta name=\"twitter:label1\" content=\"Escrito por\" \/>\n\t<meta name=\"twitter:data1\" content=\"El Cardinalito\" \/>\n\t<meta name=\"twitter:label2\" content=\"Tiempo de lectura\" \/>\n\t<meta name=\"twitter:data2\" content=\"5 minutos\" \/>\n<script type=\"application\/ld+json\" class=\"yoast-schema-graph\">{\"@context\":\"https:\/\/schema.org\",\"@graph\":[{\"@type\":\"Article\",\"@id\":\"https:\/\/elcardinal.com\/?p=4668#article\",\"isPartOf\":{\"@id\":\"https:\/\/elcardinal.com\/?p=4668\"},\"author\":{\"name\":\"El Cardinalito\",\"@id\":\"https:\/\/elcardinal.com\/#\/schema\/person\/6436f93546e5b85ff767c03a962fddeb\"},\"headline\":\"La gran Rosario Castellanos\",\"datePublished\":\"2025-05-29T16:20:47+00:00\",\"mainEntityOfPage\":{\"@id\":\"https:\/\/elcardinal.com\/?p=4668\"},\"wordCount\":969,\"commentCount\":0,\"publisher\":{\"@id\":\"https:\/\/elcardinal.com\/#organization\"},\"image\":{\"@id\":\"https:\/\/elcardinal.com\/?p=4668#primaryimage\"},\"thumbnailUrl\":\"https:\/\/elcardinal.com\/wp-content\/uploads\/2025\/04\/Semillas-Esterales.png\",\"keywords\":[\"Rosario Castellanos\"],\"articleSection\":[\"Minuto a Minuto\",\"Opini\u00f3n\"],\"inLanguage\":\"es\",\"potentialAction\":[{\"@type\":\"CommentAction\",\"name\":\"Comment\",\"target\":[\"https:\/\/elcardinal.com\/?p=4668#respond\"]}]},{\"@type\":\"WebPage\",\"@id\":\"https:\/\/elcardinal.com\/?p=4668\",\"url\":\"https:\/\/elcardinal.com\/?p=4668\",\"name\":\"La gran Rosario Castellanos - El Cardinal\",\"isPartOf\":{\"@id\":\"https:\/\/elcardinal.com\/#website\"},\"primaryImageOfPage\":{\"@id\":\"https:\/\/elcardinal.com\/?p=4668#primaryimage\"},\"image\":{\"@id\":\"https:\/\/elcardinal.com\/?p=4668#primaryimage\"},\"thumbnailUrl\":\"https:\/\/elcardinal.com\/wp-content\/uploads\/2025\/04\/Semillas-Esterales.png\",\"datePublished\":\"2025-05-29T16:20:47+00:00\",\"breadcrumb\":{\"@id\":\"https:\/\/elcardinal.com\/?p=4668#breadcrumb\"},\"inLanguage\":\"es\",\"potentialAction\":[{\"@type\":\"ReadAction\",\"target\":[\"https:\/\/elcardinal.com\/?p=4668\"]}]},{\"@type\":\"ImageObject\",\"inLanguage\":\"es\",\"@id\":\"https:\/\/elcardinal.com\/?p=4668#primaryimage\",\"url\":\"https:\/\/elcardinal.com\/wp-content\/uploads\/2025\/04\/Semillas-Esterales.png\",\"contentUrl\":\"https:\/\/elcardinal.com\/wp-content\/uploads\/2025\/04\/Semillas-Esterales.png\",\"width\":940,\"height\":788},{\"@type\":\"BreadcrumbList\",\"@id\":\"https:\/\/elcardinal.com\/?p=4668#breadcrumb\",\"itemListElement\":[{\"@type\":\"ListItem\",\"position\":1,\"name\":\"Inicio\",\"item\":\"https:\/\/elcardinal.com\/\"},{\"@type\":\"ListItem\",\"position\":2,\"name\":\"La gran Rosario Castellanos\"}]},{\"@type\":\"WebSite\",\"@id\":\"https:\/\/elcardinal.com\/#website\",\"url\":\"https:\/\/elcardinal.com\/\",\"name\":\"El Cardinal\",\"description\":\"Periodismo honesto, con valor, sentido humano, a veces sarc\u00e1stico y divertido.\",\"publisher\":{\"@id\":\"https:\/\/elcardinal.com\/#organization\"},\"alternateName\":\"El Cardinal Noticias\",\"potentialAction\":[{\"@type\":\"SearchAction\",\"target\":{\"@type\":\"EntryPoint\",\"urlTemplate\":\"https:\/\/elcardinal.com\/?s={search_term_string}\"},\"query-input\":{\"@type\":\"PropertyValueSpecification\",\"valueRequired\":true,\"valueName\":\"search_term_string\"}}],\"inLanguage\":\"es\"},{\"@type\":\"Organization\",\"@id\":\"https:\/\/elcardinal.com\/#organization\",\"name\":\"El Cardinal\",\"url\":\"https:\/\/elcardinal.com\/\",\"logo\":{\"@type\":\"ImageObject\",\"inLanguage\":\"es\",\"@id\":\"https:\/\/elcardinal.com\/#\/schema\/logo\/image\/\",\"url\":\"https:\/\/elcardinal.com\/wp-content\/uploads\/2025\/04\/LOGO-EL-CARDINAL-Periodismo-con-valor.png\",\"contentUrl\":\"https:\/\/elcardinal.com\/wp-content\/uploads\/2025\/04\/LOGO-EL-CARDINAL-Periodismo-con-valor.png\",\"width\":755,\"height\":636,\"caption\":\"El Cardinal\"},\"image\":{\"@id\":\"https:\/\/elcardinal.com\/#\/schema\/logo\/image\/\"},\"sameAs\":[\"https:\/\/www.facebook.com\/profile.php?id=100063093107011\",\"https:\/\/x.com\/ElCardinal_Mx\"]},{\"@type\":\"Person\",\"@id\":\"https:\/\/elcardinal.com\/#\/schema\/person\/6436f93546e5b85ff767c03a962fddeb\",\"name\":\"El Cardinalito\",\"image\":{\"@type\":\"ImageObject\",\"inLanguage\":\"es\",\"@id\":\"https:\/\/elcardinal.com\/#\/schema\/person\/image\/\",\"url\":\"https:\/\/elcardinal.com\/wp-content\/uploads\/2025\/04\/cropped-CARDINALITO-96x96.png\",\"contentUrl\":\"https:\/\/elcardinal.com\/wp-content\/uploads\/2025\/04\/cropped-CARDINALITO-96x96.png\",\"caption\":\"El Cardinalito\"},\"url\":\"https:\/\/elcardinal.com\/?author=3\"}]}<\/script>\n<!-- \/ Yoast SEO plugin. -->","yoast_head_json":{"title":"La gran Rosario Castellanos - El Cardinal","robots":{"index":"index","follow":"follow","max-snippet":"max-snippet:-1","max-image-preview":"max-image-preview:large","max-video-preview":"max-video-preview:-1"},"canonical":"https:\/\/elcardinal.com\/?p=4668","og_locale":"es_MX","og_type":"article","og_title":"La gran Rosario Castellanos - El Cardinal","og_description":"Por: Tania Mart\u00ednez Su\u00e1rez El pasado 25 de mayo Rosario Alicia Castellanos Figueroa hubiera festejado su cumplea\u00f1os n\u00famero 100, por ello y en honor a la gran trayectoria de esta destacada escritora, periodista, catedr\u00e1tica universitaria, diplom\u00e1tica y feminista,\u00a0 el Gobierno de M\u00e9xico y la Secretar\u00eda de Cultura Federal han programado una serie de actividades para","og_url":"https:\/\/elcardinal.com\/?p=4668","og_site_name":"El Cardinal","article_publisher":"https:\/\/www.facebook.com\/profile.php?id=100063093107011","article_published_time":"2025-05-29T16:20:47+00:00","og_image":[{"width":940,"height":788,"url":"https:\/\/elcardinal.com\/wp-content\/uploads\/2025\/04\/Semillas-Esterales.png","type":"image\/png"}],"author":"El Cardinalito","twitter_card":"summary_large_image","twitter_creator":"@ElCardinal_Mx","twitter_site":"@ElCardinal_Mx","twitter_misc":{"Escrito por":"El Cardinalito","Tiempo de lectura":"5 minutos"},"schema":{"@context":"https:\/\/schema.org","@graph":[{"@type":"Article","@id":"https:\/\/elcardinal.com\/?p=4668#article","isPartOf":{"@id":"https:\/\/elcardinal.com\/?p=4668"},"author":{"name":"El Cardinalito","@id":"https:\/\/elcardinal.com\/#\/schema\/person\/6436f93546e5b85ff767c03a962fddeb"},"headline":"La gran Rosario Castellanos","datePublished":"2025-05-29T16:20:47+00:00","mainEntityOfPage":{"@id":"https:\/\/elcardinal.com\/?p=4668"},"wordCount":969,"commentCount":0,"publisher":{"@id":"https:\/\/elcardinal.com\/#organization"},"image":{"@id":"https:\/\/elcardinal.com\/?p=4668#primaryimage"},"thumbnailUrl":"https:\/\/elcardinal.com\/wp-content\/uploads\/2025\/04\/Semillas-Esterales.png","keywords":["Rosario Castellanos"],"articleSection":["Minuto a Minuto","Opini\u00f3n"],"inLanguage":"es","potentialAction":[{"@type":"CommentAction","name":"Comment","target":["https:\/\/elcardinal.com\/?p=4668#respond"]}]},{"@type":"WebPage","@id":"https:\/\/elcardinal.com\/?p=4668","url":"https:\/\/elcardinal.com\/?p=4668","name":"La gran Rosario Castellanos - El Cardinal","isPartOf":{"@id":"https:\/\/elcardinal.com\/#website"},"primaryImageOfPage":{"@id":"https:\/\/elcardinal.com\/?p=4668#primaryimage"},"image":{"@id":"https:\/\/elcardinal.com\/?p=4668#primaryimage"},"thumbnailUrl":"https:\/\/elcardinal.com\/wp-content\/uploads\/2025\/04\/Semillas-Esterales.png","datePublished":"2025-05-29T16:20:47+00:00","breadcrumb":{"@id":"https:\/\/elcardinal.com\/?p=4668#breadcrumb"},"inLanguage":"es","potentialAction":[{"@type":"ReadAction","target":["https:\/\/elcardinal.com\/?p=4668"]}]},{"@type":"ImageObject","inLanguage":"es","@id":"https:\/\/elcardinal.com\/?p=4668#primaryimage","url":"https:\/\/elcardinal.com\/wp-content\/uploads\/2025\/04\/Semillas-Esterales.png","contentUrl":"https:\/\/elcardinal.com\/wp-content\/uploads\/2025\/04\/Semillas-Esterales.png","width":940,"height":788},{"@type":"BreadcrumbList","@id":"https:\/\/elcardinal.com\/?p=4668#breadcrumb","itemListElement":[{"@type":"ListItem","position":1,"name":"Inicio","item":"https:\/\/elcardinal.com\/"},{"@type":"ListItem","position":2,"name":"La gran Rosario Castellanos"}]},{"@type":"WebSite","@id":"https:\/\/elcardinal.com\/#website","url":"https:\/\/elcardinal.com\/","name":"El Cardinal","description":"Periodismo honesto, con valor, sentido humano, a veces sarc\u00e1stico y divertido.","publisher":{"@id":"https:\/\/elcardinal.com\/#organization"},"alternateName":"El Cardinal Noticias","potentialAction":[{"@type":"SearchAction","target":{"@type":"EntryPoint","urlTemplate":"https:\/\/elcardinal.com\/?s={search_term_string}"},"query-input":{"@type":"PropertyValueSpecification","valueRequired":true,"valueName":"search_term_string"}}],"inLanguage":"es"},{"@type":"Organization","@id":"https:\/\/elcardinal.com\/#organization","name":"El Cardinal","url":"https:\/\/elcardinal.com\/","logo":{"@type":"ImageObject","inLanguage":"es","@id":"https:\/\/elcardinal.com\/#\/schema\/logo\/image\/","url":"https:\/\/elcardinal.com\/wp-content\/uploads\/2025\/04\/LOGO-EL-CARDINAL-Periodismo-con-valor.png","contentUrl":"https:\/\/elcardinal.com\/wp-content\/uploads\/2025\/04\/LOGO-EL-CARDINAL-Periodismo-con-valor.png","width":755,"height":636,"caption":"El Cardinal"},"image":{"@id":"https:\/\/elcardinal.com\/#\/schema\/logo\/image\/"},"sameAs":["https:\/\/www.facebook.com\/profile.php?id=100063093107011","https:\/\/x.com\/ElCardinal_Mx"]},{"@type":"Person","@id":"https:\/\/elcardinal.com\/#\/schema\/person\/6436f93546e5b85ff767c03a962fddeb","name":"El Cardinalito","image":{"@type":"ImageObject","inLanguage":"es","@id":"https:\/\/elcardinal.com\/#\/schema\/person\/image\/","url":"https:\/\/elcardinal.com\/wp-content\/uploads\/2025\/04\/cropped-CARDINALITO-96x96.png","contentUrl":"https:\/\/elcardinal.com\/wp-content\/uploads\/2025\/04\/cropped-CARDINALITO-96x96.png","caption":"El Cardinalito"},"url":"https:\/\/elcardinal.com\/?author=3"}]}},"_links":{"self":[{"href":"https:\/\/elcardinal.com\/index.php?rest_route=\/wp\/v2\/posts\/4668","targetHints":{"allow":["GET"]}}],"collection":[{"href":"https:\/\/elcardinal.com\/index.php?rest_route=\/wp\/v2\/posts"}],"about":[{"href":"https:\/\/elcardinal.com\/index.php?rest_route=\/wp\/v2\/types\/post"}],"author":[{"embeddable":true,"href":"https:\/\/elcardinal.com\/index.php?rest_route=\/wp\/v2\/users\/3"}],"replies":[{"embeddable":true,"href":"https:\/\/elcardinal.com\/index.php?rest_route=%2Fwp%2Fv2%2Fcomments&post=4668"}],"version-history":[{"count":1,"href":"https:\/\/elcardinal.com\/index.php?rest_route=\/wp\/v2\/posts\/4668\/revisions"}],"predecessor-version":[{"id":4669,"href":"https:\/\/elcardinal.com\/index.php?rest_route=\/wp\/v2\/posts\/4668\/revisions\/4669"}],"wp:featuredmedia":[{"embeddable":true,"href":"https:\/\/elcardinal.com\/index.php?rest_route=\/wp\/v2\/media\/4234"}],"wp:attachment":[{"href":"https:\/\/elcardinal.com\/index.php?rest_route=%2Fwp%2Fv2%2Fmedia&parent=4668"}],"wp:term":[{"taxonomy":"category","embeddable":true,"href":"https:\/\/elcardinal.com\/index.php?rest_route=%2Fwp%2Fv2%2Fcategories&post=4668"},{"taxonomy":"post_tag","embeddable":true,"href":"https:\/\/elcardinal.com\/index.php?rest_route=%2Fwp%2Fv2%2Ftags&post=4668"}],"curies":[{"name":"wp","href":"https:\/\/api.w.org\/{rel}","templated":true}]}}