{"id":4673,"date":"2025-05-29T22:38:13","date_gmt":"2025-05-30T04:38:13","guid":{"rendered":"https:\/\/elcardinal.com\/?p=4673"},"modified":"2025-05-29T22:38:13","modified_gmt":"2025-05-30T04:38:13","slug":"analizan-incremento-tarifario-del-transporte-publico-en-hidalgo-no-sera-generalizado-y-se-exigira-mejora-en-el-servicio","status":"publish","type":"post","link":"https:\/\/elcardinal.com\/?p=4673","title":{"rendered":"Analizan incremento tarifario del transporte p\u00fablico en Hidalgo; no ser\u00e1 generalizado y se exigir\u00e1 mejora en el servicio"},"content":{"rendered":"<p data-start=\"0\" data-end=\"124\">Por: <strong>Jos\u00e9 Antonio Alcaraz Su\u00e1rez\u00a0<\/strong><\/p>\n<p data-start=\"126\" data-end=\"429\">PACHUCA, HGO.- La <strong>Secretar\u00eda de Movilidad y Transporte del Estado de Hidalgo<\/strong> se encuentra en proceso de an\u00e1lisis para determinar un posible ajuste a las tarifas del transporte p\u00fablico, ante las solicitudes de incremento presentadas por diferentes agrupaciones del sector, inform\u00f3 su titular, <strong>Lyzbeth Robles Guti\u00e9rrez<\/strong>.<\/p>\n<p data-start=\"431\" data-end=\"776\"><img fetchpriority=\"high\" decoding=\"async\" class=\"size-medium wp-image-4675 alignleft\" src=\"https:\/\/elcardinal.com\/wp-content\/uploads\/2025\/05\/WhatsApp-Image-2025-05-29-at-10.01.32-PM-300x168.jpeg\" alt=\"\" width=\"300\" height=\"168\" srcset=\"https:\/\/elcardinal.com\/wp-content\/uploads\/2025\/05\/WhatsApp-Image-2025-05-29-at-10.01.32-PM-300x168.jpeg 300w, https:\/\/elcardinal.com\/wp-content\/uploads\/2025\/05\/WhatsApp-Image-2025-05-29-at-10.01.32-PM-1024x575.jpeg 1024w, https:\/\/elcardinal.com\/wp-content\/uploads\/2025\/05\/WhatsApp-Image-2025-05-29-at-10.01.32-PM-768x431.jpeg 768w, https:\/\/elcardinal.com\/wp-content\/uploads\/2025\/05\/WhatsApp-Image-2025-05-29-at-10.01.32-PM-1536x863.jpeg 1536w, https:\/\/elcardinal.com\/wp-content\/uploads\/2025\/05\/WhatsApp-Image-2025-05-29-at-10.01.32-PM-150x84.jpeg 150w, https:\/\/elcardinal.com\/wp-content\/uploads\/2025\/05\/WhatsApp-Image-2025-05-29-at-10.01.32-PM-450x253.jpeg 450w, https:\/\/elcardinal.com\/wp-content\/uploads\/2025\/05\/WhatsApp-Image-2025-05-29-at-10.01.32-PM-1200x674.jpeg 1200w, https:\/\/elcardinal.com\/wp-content\/uploads\/2025\/05\/WhatsApp-Image-2025-05-29-at-10.01.32-PM.jpeg 2048w\" sizes=\"(max-width: 300px) 100vw, 300px\" \/>Durante un encuentro con medios de comunicaci\u00f3n, la funcionaria explic\u00f3 que, si bien existe la petici\u00f3n de algunos concesionarios de incrementar hasta en un 50 por ciento el costo del pasaje, las solicitudes var\u00edan ampliamente entre zonas y agrupaciones, por lo que no se establecer\u00e1 un aumento generalizado, sino que se estudiar\u00e1 caso por caso.<\/p>\n<blockquote>\n<p data-start=\"778\" data-end=\"1123\">\u201cNo es lo mismo el transporte p\u00fablico en la Huasteca que en la zona metropolitana de Pachuca, ni en el Altiplano que en el Valle del Mezquital. Las condiciones var\u00edan en todo el estado\u201d, precis\u00f3 Robles Guti\u00e9rrez, quien reiter\u00f3 que cualquier ajuste ir\u00e1 acompa\u00f1ado de la exigencia a concesionarios y conductores de mejorar la calidad del servicio.<\/p>\n<\/blockquote>\n<p data-start=\"1125\" data-end=\"1582\">La secretaria enfatiz\u00f3 que se mantendr\u00e1n operativos de revisi\u00f3n a cargo del <strong>Sistema de Transporte Convencional de Hidalgo (STCH)<\/strong> para supervisar el estado f\u00edsico de las unidades, la vigencia de licencias, tarjetones y seguros, as\u00ed como el trato hacia los usuarios. Se\u00f1al\u00f3 que se han impuesto sanciones por condiciones inadecuadas, como el uso de llantas lisas, y reiter\u00f3 el llamado a los usuarios a presentar quejas formales cuando detecten irregularidades.<\/p>\n<p data-start=\"1584\" data-end=\"1756\">\u201cSomos un solo sector: concesionarios, conductores y la autoridad. Y todos nos debemos a las personas usuarias. Ellos tienen derecho a un servicio digno y seguro\u201d, subray\u00f3.<\/p>\n<p data-start=\"1758\" data-end=\"2048\">Respecto al servicio de taxis, Robles Guti\u00e9rrez reconoci\u00f3 que persiste la problem\u00e1tica en torno a la falta de tarifarios visibles, especialmente tras la eliminaci\u00f3n de la aplicaci\u00f3n digital que regulaba costos. Dijo que se trabaja en soluciones para garantizar mayor certeza a los usuarios.<\/p>\n<p data-start=\"2050\" data-end=\"2355\">En cuanto a las concesiones, indic\u00f3 que no se ha abierto ninguna convocatoria nueva para otorgarlas y advirti\u00f3 a la ciudadan\u00eda que no se dejen enga\u00f1ar por supuestas ofertas. Sin embargo, inform\u00f3 que s\u00ed existen procedimientos en curso para la revocaci\u00f3n de concesiones que hayan incurrido en faltas graves.<\/p>\n<p data-start=\"2357\" data-end=\"2734\" data-is-last-node=\"\" data-is-only-node=\"\">Finalmente, la titular de Movilidad hizo \u00e9nfasis en que cualquier decisi\u00f3n sobre el incremento de tarifas deber\u00e1 equilibrar los costos operativos del sector con la necesidad de garantizar un servicio adecuado. \u201cEntendemos que hay aumentos en gasolina, refacciones e insumos, pero tambi\u00e9n exigimos corresponsabilidad: un mejor servicio para justificar cualquier alza\u201d, concluy\u00f3.<\/p>\n","protected":false},"excerpt":{"rendered":"<p>Por: Jos\u00e9 Antonio Alcaraz Su\u00e1rez\u00a0 PACHUCA, HGO.- La Secretar\u00eda de Movilidad y Transporte del Estado de Hidalgo se encuentra en proceso de an\u00e1lisis para determinar un posible ajuste a las tarifas del transporte p\u00fablico, ante las solicitudes de incremento presentadas por diferentes agrupaciones del sector, inform\u00f3 su titular, Lyzbeth Robles Guti\u00e9rrez. Durante un encuentro con<\/p>\n","protected":false},"author":2,"featured_media":4674,"comment_status":"open","ping_status":"open","sticky":false,"template":"","format":"standard","meta":{"footnotes":""},"categories":[31,44],"tags":[203,205,204],"class_list":{"0":"post-4673","1":"post","2":"type-post","3":"status-publish","4":"format-standard","5":"has-post-thumbnail","7":"category-hidalgo","8":"category-minuto-a-minuto","9":"tag-lyzbeth-robles","10":"tag-semoth","11":"tag-transporte"},"yoast_head":"<!-- This site is optimized with the Yoast SEO plugin v26.1.1 - https:\/\/yoast.com\/wordpress\/plugins\/seo\/ -->\n<title>Analizan incremento tarifario del transporte p\u00fablico en Hidalgo; no ser\u00e1 generalizado y se exigir\u00e1 mejora en el servicio - El Cardinal<\/title>\n<meta name=\"robots\" content=\"index, follow, max-snippet:-1, max-image-preview:large, max-video-preview:-1\" \/>\n<link rel=\"canonical\" href=\"https:\/\/elcardinal.com\/?p=4673\" \/>\n<meta property=\"og:locale\" content=\"es_MX\" \/>\n<meta property=\"og:type\" content=\"article\" \/>\n<meta property=\"og:title\" content=\"Analizan incremento tarifario del transporte p\u00fablico en Hidalgo; no ser\u00e1 generalizado y se exigir\u00e1 mejora en el servicio - El Cardinal\" \/>\n<meta property=\"og:description\" content=\"Por: Jos\u00e9 Antonio Alcaraz Su\u00e1rez\u00a0 PACHUCA, HGO.- La Secretar\u00eda de Movilidad y Transporte del Estado de Hidalgo se encuentra en proceso de an\u00e1lisis para determinar un posible ajuste a las tarifas del transporte p\u00fablico, ante las solicitudes de incremento presentadas por diferentes agrupaciones del sector, inform\u00f3 su titular, Lyzbeth Robles Guti\u00e9rrez. Durante un encuentro con\" \/>\n<meta property=\"og:url\" content=\"https:\/\/elcardinal.com\/?p=4673\" \/>\n<meta property=\"og:site_name\" content=\"El Cardinal\" \/>\n<meta property=\"article:publisher\" content=\"https:\/\/www.facebook.com\/profile.php?id=100063093107011\" \/>\n<meta property=\"article:published_time\" content=\"2025-05-30T04:38:13+00:00\" \/>\n<meta property=\"og:image\" content=\"https:\/\/elcardinal.com\/wp-content\/uploads\/2025\/05\/WhatsApp-Image-2025-05-29-at-10.36.23-PM.jpeg\" \/>\n\t<meta property=\"og:image:width\" content=\"1599\" \/>\n\t<meta property=\"og:image:height\" content=\"1066\" \/>\n\t<meta property=\"og:image:type\" content=\"image\/jpeg\" \/>\n<meta name=\"author\" content=\"Antonio Alcaraz\" \/>\n<meta name=\"twitter:card\" content=\"summary_large_image\" \/>\n<meta name=\"twitter:creator\" content=\"@ElCardinal_Mx\" \/>\n<meta name=\"twitter:site\" content=\"@ElCardinal_Mx\" \/>\n<meta name=\"twitter:label1\" content=\"Escrito por\" \/>\n\t<meta name=\"twitter:data1\" content=\"Antonio Alcaraz\" \/>\n\t<meta name=\"twitter:label2\" content=\"Tiempo de lectura\" \/>\n\t<meta name=\"twitter:data2\" content=\"2 minutos\" \/>\n<script type=\"application\/ld+json\" class=\"yoast-schema-graph\">{\"@context\":\"https:\/\/schema.org\",\"@graph\":[{\"@type\":\"Article\",\"@id\":\"https:\/\/elcardinal.com\/?p=4673#article\",\"isPartOf\":{\"@id\":\"https:\/\/elcardinal.com\/?p=4673\"},\"author\":{\"name\":\"Antonio Alcaraz\",\"@id\":\"https:\/\/elcardinal.com\/#\/schema\/person\/3c352ec0a33987fe275c0e8a2ea69f8b\"},\"headline\":\"Analizan incremento tarifario del transporte p\u00fablico en Hidalgo; no ser\u00e1 generalizado y se exigir\u00e1 mejora en el servicio\",\"datePublished\":\"2025-05-30T04:38:13+00:00\",\"mainEntityOfPage\":{\"@id\":\"https:\/\/elcardinal.com\/?p=4673\"},\"wordCount\":449,\"commentCount\":0,\"publisher\":{\"@id\":\"https:\/\/elcardinal.com\/#organization\"},\"image\":{\"@id\":\"https:\/\/elcardinal.com\/?p=4673#primaryimage\"},\"thumbnailUrl\":\"https:\/\/elcardinal.com\/wp-content\/uploads\/2025\/05\/WhatsApp-Image-2025-05-29-at-10.36.23-PM.jpeg\",\"keywords\":[\"Lyzbeth Robles\",\"Semoth\",\"Transporte\"],\"articleSection\":[\"Hidalgo\",\"Minuto a Minuto\"],\"inLanguage\":\"es\",\"potentialAction\":[{\"@type\":\"CommentAction\",\"name\":\"Comment\",\"target\":[\"https:\/\/elcardinal.com\/?p=4673#respond\"]}]},{\"@type\":\"WebPage\",\"@id\":\"https:\/\/elcardinal.com\/?p=4673\",\"url\":\"https:\/\/elcardinal.com\/?p=4673\",\"name\":\"Analizan incremento tarifario del transporte p\u00fablico en Hidalgo; no ser\u00e1 generalizado y se exigir\u00e1 mejora en el servicio - El Cardinal\",\"isPartOf\":{\"@id\":\"https:\/\/elcardinal.com\/#website\"},\"primaryImageOfPage\":{\"@id\":\"https:\/\/elcardinal.com\/?p=4673#primaryimage\"},\"image\":{\"@id\":\"https:\/\/elcardinal.com\/?p=4673#primaryimage\"},\"thumbnailUrl\":\"https:\/\/elcardinal.com\/wp-content\/uploads\/2025\/05\/WhatsApp-Image-2025-05-29-at-10.36.23-PM.jpeg\",\"datePublished\":\"2025-05-30T04:38:13+00:00\",\"breadcrumb\":{\"@id\":\"https:\/\/elcardinal.com\/?p=4673#breadcrumb\"},\"inLanguage\":\"es\",\"potentialAction\":[{\"@type\":\"ReadAction\",\"target\":[\"https:\/\/elcardinal.com\/?p=4673\"]}]},{\"@type\":\"ImageObject\",\"inLanguage\":\"es\",\"@id\":\"https:\/\/elcardinal.com\/?p=4673#primaryimage\",\"url\":\"https:\/\/elcardinal.com\/wp-content\/uploads\/2025\/05\/WhatsApp-Image-2025-05-29-at-10.36.23-PM.jpeg\",\"contentUrl\":\"https:\/\/elcardinal.com\/wp-content\/uploads\/2025\/05\/WhatsApp-Image-2025-05-29-at-10.36.23-PM.jpeg\",\"width\":1599,\"height\":1066},{\"@type\":\"BreadcrumbList\",\"@id\":\"https:\/\/elcardinal.com\/?p=4673#breadcrumb\",\"itemListElement\":[{\"@type\":\"ListItem\",\"position\":1,\"name\":\"Inicio\",\"item\":\"https:\/\/elcardinal.com\/\"},{\"@type\":\"ListItem\",\"position\":2,\"name\":\"Analizan incremento tarifario del transporte p\u00fablico en Hidalgo; no ser\u00e1 generalizado y se exigir\u00e1 mejora en el servicio\"}]},{\"@type\":\"WebSite\",\"@id\":\"https:\/\/elcardinal.com\/#website\",\"url\":\"https:\/\/elcardinal.com\/\",\"name\":\"El Cardinal\",\"description\":\"Periodismo honesto, con valor, sentido humano, a veces sarc\u00e1stico y divertido.\",\"publisher\":{\"@id\":\"https:\/\/elcardinal.com\/#organization\"},\"alternateName\":\"El Cardinal Noticias\",\"potentialAction\":[{\"@type\":\"SearchAction\",\"target\":{\"@type\":\"EntryPoint\",\"urlTemplate\":\"https:\/\/elcardinal.com\/?s={search_term_string}\"},\"query-input\":{\"@type\":\"PropertyValueSpecification\",\"valueRequired\":true,\"valueName\":\"search_term_string\"}}],\"inLanguage\":\"es\"},{\"@type\":\"Organization\",\"@id\":\"https:\/\/elcardinal.com\/#organization\",\"name\":\"El Cardinal\",\"url\":\"https:\/\/elcardinal.com\/\",\"logo\":{\"@type\":\"ImageObject\",\"inLanguage\":\"es\",\"@id\":\"https:\/\/elcardinal.com\/#\/schema\/logo\/image\/\",\"url\":\"https:\/\/elcardinal.com\/wp-content\/uploads\/2025\/04\/LOGO-EL-CARDINAL-Periodismo-con-valor.png\",\"contentUrl\":\"https:\/\/elcardinal.com\/wp-content\/uploads\/2025\/04\/LOGO-EL-CARDINAL-Periodismo-con-valor.png\",\"width\":755,\"height\":636,\"caption\":\"El Cardinal\"},\"image\":{\"@id\":\"https:\/\/elcardinal.com\/#\/schema\/logo\/image\/\"},\"sameAs\":[\"https:\/\/www.facebook.com\/profile.php?id=100063093107011\",\"https:\/\/x.com\/ElCardinal_Mx\"]},{\"@type\":\"Person\",\"@id\":\"https:\/\/elcardinal.com\/#\/schema\/person\/3c352ec0a33987fe275c0e8a2ea69f8b\",\"name\":\"Antonio Alcaraz\",\"image\":{\"@type\":\"ImageObject\",\"inLanguage\":\"es\",\"@id\":\"https:\/\/elcardinal.com\/#\/schema\/person\/image\/\",\"url\":\"https:\/\/elcardinal.com\/wp-content\/uploads\/2025\/05\/cropped-TONO-96x96.jpg\",\"contentUrl\":\"https:\/\/elcardinal.com\/wp-content\/uploads\/2025\/05\/cropped-TONO-96x96.jpg\",\"caption\":\"Antonio Alcaraz\"},\"url\":\"https:\/\/elcardinal.com\/?author=2\"}]}<\/script>\n<!-- \/ Yoast SEO plugin. -->","yoast_head_json":{"title":"Analizan incremento tarifario del transporte p\u00fablico en Hidalgo; no ser\u00e1 generalizado y se exigir\u00e1 mejora en el servicio - El Cardinal","robots":{"index":"index","follow":"follow","max-snippet":"max-snippet:-1","max-image-preview":"max-image-preview:large","max-video-preview":"max-video-preview:-1"},"canonical":"https:\/\/elcardinal.com\/?p=4673","og_locale":"es_MX","og_type":"article","og_title":"Analizan incremento tarifario del transporte p\u00fablico en Hidalgo; no ser\u00e1 generalizado y se exigir\u00e1 mejora en el servicio - El Cardinal","og_description":"Por: Jos\u00e9 Antonio Alcaraz Su\u00e1rez\u00a0 PACHUCA, HGO.- La Secretar\u00eda de Movilidad y Transporte del Estado de Hidalgo se encuentra en proceso de an\u00e1lisis para determinar un posible ajuste a las tarifas del transporte p\u00fablico, ante las solicitudes de incremento presentadas por diferentes agrupaciones del sector, inform\u00f3 su titular, Lyzbeth Robles Guti\u00e9rrez. Durante un encuentro con","og_url":"https:\/\/elcardinal.com\/?p=4673","og_site_name":"El Cardinal","article_publisher":"https:\/\/www.facebook.com\/profile.php?id=100063093107011","article_published_time":"2025-05-30T04:38:13+00:00","og_image":[{"width":1599,"height":1066,"url":"https:\/\/elcardinal.com\/wp-content\/uploads\/2025\/05\/WhatsApp-Image-2025-05-29-at-10.36.23-PM.jpeg","type":"image\/jpeg"}],"author":"Antonio Alcaraz","twitter_card":"summary_large_image","twitter_creator":"@ElCardinal_Mx","twitter_site":"@ElCardinal_Mx","twitter_misc":{"Escrito por":"Antonio Alcaraz","Tiempo de lectura":"2 minutos"},"schema":{"@context":"https:\/\/schema.org","@graph":[{"@type":"Article","@id":"https:\/\/elcardinal.com\/?p=4673#article","isPartOf":{"@id":"https:\/\/elcardinal.com\/?p=4673"},"author":{"name":"Antonio Alcaraz","@id":"https:\/\/elcardinal.com\/#\/schema\/person\/3c352ec0a33987fe275c0e8a2ea69f8b"},"headline":"Analizan incremento tarifario del transporte p\u00fablico en Hidalgo; no ser\u00e1 generalizado y se exigir\u00e1 mejora en el servicio","datePublished":"2025-05-30T04:38:13+00:00","mainEntityOfPage":{"@id":"https:\/\/elcardinal.com\/?p=4673"},"wordCount":449,"commentCount":0,"publisher":{"@id":"https:\/\/elcardinal.com\/#organization"},"image":{"@id":"https:\/\/elcardinal.com\/?p=4673#primaryimage"},"thumbnailUrl":"https:\/\/elcardinal.com\/wp-content\/uploads\/2025\/05\/WhatsApp-Image-2025-05-29-at-10.36.23-PM.jpeg","keywords":["Lyzbeth Robles","Semoth","Transporte"],"articleSection":["Hidalgo","Minuto a Minuto"],"inLanguage":"es","potentialAction":[{"@type":"CommentAction","name":"Comment","target":["https:\/\/elcardinal.com\/?p=4673#respond"]}]},{"@type":"WebPage","@id":"https:\/\/elcardinal.com\/?p=4673","url":"https:\/\/elcardinal.com\/?p=4673","name":"Analizan incremento tarifario del transporte p\u00fablico en Hidalgo; no ser\u00e1 generalizado y se exigir\u00e1 mejora en el servicio - El Cardinal","isPartOf":{"@id":"https:\/\/elcardinal.com\/#website"},"primaryImageOfPage":{"@id":"https:\/\/elcardinal.com\/?p=4673#primaryimage"},"image":{"@id":"https:\/\/elcardinal.com\/?p=4673#primaryimage"},"thumbnailUrl":"https:\/\/elcardinal.com\/wp-content\/uploads\/2025\/05\/WhatsApp-Image-2025-05-29-at-10.36.23-PM.jpeg","datePublished":"2025-05-30T04:38:13+00:00","breadcrumb":{"@id":"https:\/\/elcardinal.com\/?p=4673#breadcrumb"},"inLanguage":"es","potentialAction":[{"@type":"ReadAction","target":["https:\/\/elcardinal.com\/?p=4673"]}]},{"@type":"ImageObject","inLanguage":"es","@id":"https:\/\/elcardinal.com\/?p=4673#primaryimage","url":"https:\/\/elcardinal.com\/wp-content\/uploads\/2025\/05\/WhatsApp-Image-2025-05-29-at-10.36.23-PM.jpeg","contentUrl":"https:\/\/elcardinal.com\/wp-content\/uploads\/2025\/05\/WhatsApp-Image-2025-05-29-at-10.36.23-PM.jpeg","width":1599,"height":1066},{"@type":"BreadcrumbList","@id":"https:\/\/elcardinal.com\/?p=4673#breadcrumb","itemListElement":[{"@type":"ListItem","position":1,"name":"Inicio","item":"https:\/\/elcardinal.com\/"},{"@type":"ListItem","position":2,"name":"Analizan incremento tarifario del transporte p\u00fablico en Hidalgo; no ser\u00e1 generalizado y se exigir\u00e1 mejora en el servicio"}]},{"@type":"WebSite","@id":"https:\/\/elcardinal.com\/#website","url":"https:\/\/elcardinal.com\/","name":"El Cardinal","description":"Periodismo honesto, con valor, sentido humano, a veces sarc\u00e1stico y divertido.","publisher":{"@id":"https:\/\/elcardinal.com\/#organization"},"alternateName":"El Cardinal Noticias","potentialAction":[{"@type":"SearchAction","target":{"@type":"EntryPoint","urlTemplate":"https:\/\/elcardinal.com\/?s={search_term_string}"},"query-input":{"@type":"PropertyValueSpecification","valueRequired":true,"valueName":"search_term_string"}}],"inLanguage":"es"},{"@type":"Organization","@id":"https:\/\/elcardinal.com\/#organization","name":"El Cardinal","url":"https:\/\/elcardinal.com\/","logo":{"@type":"ImageObject","inLanguage":"es","@id":"https:\/\/elcardinal.com\/#\/schema\/logo\/image\/","url":"https:\/\/elcardinal.com\/wp-content\/uploads\/2025\/04\/LOGO-EL-CARDINAL-Periodismo-con-valor.png","contentUrl":"https:\/\/elcardinal.com\/wp-content\/uploads\/2025\/04\/LOGO-EL-CARDINAL-Periodismo-con-valor.png","width":755,"height":636,"caption":"El Cardinal"},"image":{"@id":"https:\/\/elcardinal.com\/#\/schema\/logo\/image\/"},"sameAs":["https:\/\/www.facebook.com\/profile.php?id=100063093107011","https:\/\/x.com\/ElCardinal_Mx"]},{"@type":"Person","@id":"https:\/\/elcardinal.com\/#\/schema\/person\/3c352ec0a33987fe275c0e8a2ea69f8b","name":"Antonio Alcaraz","image":{"@type":"ImageObject","inLanguage":"es","@id":"https:\/\/elcardinal.com\/#\/schema\/person\/image\/","url":"https:\/\/elcardinal.com\/wp-content\/uploads\/2025\/05\/cropped-TONO-96x96.jpg","contentUrl":"https:\/\/elcardinal.com\/wp-content\/uploads\/2025\/05\/cropped-TONO-96x96.jpg","caption":"Antonio Alcaraz"},"url":"https:\/\/elcardinal.com\/?author=2"}]}},"_links":{"self":[{"href":"https:\/\/elcardinal.com\/index.php?rest_route=\/wp\/v2\/posts\/4673","targetHints":{"allow":["GET"]}}],"collection":[{"href":"https:\/\/elcardinal.com\/index.php?rest_route=\/wp\/v2\/posts"}],"about":[{"href":"https:\/\/elcardinal.com\/index.php?rest_route=\/wp\/v2\/types\/post"}],"author":[{"embeddable":true,"href":"https:\/\/elcardinal.com\/index.php?rest_route=\/wp\/v2\/users\/2"}],"replies":[{"embeddable":true,"href":"https:\/\/elcardinal.com\/index.php?rest_route=%2Fwp%2Fv2%2Fcomments&post=4673"}],"version-history":[{"count":1,"href":"https:\/\/elcardinal.com\/index.php?rest_route=\/wp\/v2\/posts\/4673\/revisions"}],"predecessor-version":[{"id":4676,"href":"https:\/\/elcardinal.com\/index.php?rest_route=\/wp\/v2\/posts\/4673\/revisions\/4676"}],"wp:featuredmedia":[{"embeddable":true,"href":"https:\/\/elcardinal.com\/index.php?rest_route=\/wp\/v2\/media\/4674"}],"wp:attachment":[{"href":"https:\/\/elcardinal.com\/index.php?rest_route=%2Fwp%2Fv2%2Fmedia&parent=4673"}],"wp:term":[{"taxonomy":"category","embeddable":true,"href":"https:\/\/elcardinal.com\/index.php?rest_route=%2Fwp%2Fv2%2Fcategories&post=4673"},{"taxonomy":"post_tag","embeddable":true,"href":"https:\/\/elcardinal.com\/index.php?rest_route=%2Fwp%2Fv2%2Ftags&post=4673"}],"curies":[{"name":"wp","href":"https:\/\/api.w.org\/{rel}","templated":true}]}}