{"id":4687,"date":"2025-06-02T22:05:55","date_gmt":"2025-06-03T04:05:55","guid":{"rendered":"https:\/\/elcardinal.com\/?p=4687"},"modified":"2025-06-02T22:05:55","modified_gmt":"2025-06-03T04:05:55","slug":"congreso-de-hidalgo-y-uaeh-firman-convenio-a-favor-de-comunidad-estudiantil-y-el-poder-legislativo","status":"publish","type":"post","link":"https:\/\/elcardinal.com\/?p=4687","title":{"rendered":"Congreso de Hidalgo y UAEH firman convenio a favor de comunidad estudiantil y el Poder Legislativo"},"content":{"rendered":"<p>Redacci\u00f3n<\/p>\n<p>El Congreso del Estado Libre y Soberano de Hidalgo y la Universidad Aut\u00f3noma del Estado de Hidalgo (UAEH) firmaron un convenio de colaboraci\u00f3n, con el fin de establecer las bases generales para implementar acciones tendientes a desarrollar en un futuro cercano y de forma conjunta, proyectos de car\u00e1cter acad\u00e9mico, cient\u00edfico, cultural, de vinculaci\u00f3n y extensi\u00f3n de mutuo beneficio.<\/p>\n<p>El presidente de la Junta de Gobierno, diputado Andr\u00e9s Vel\u00e1zquez V\u00e1zquez, detall\u00f3 que la firma de este convenio va m\u00e1s all\u00e1 de un acto protocolario. \u201cRepresenta la voluntad de construir puentes entre la academia y el Poder Legislativo, con el objetivo de generar leyes y reformas que impulsen pol\u00edticas p\u00fablicas m\u00e1s eficaces, nutridas por el conocimiento, la investigaci\u00f3n y la participaci\u00f3n de universitarios\u201d.<\/p>\n<p>Indic\u00f3 que uno de los aspectos m\u00e1s valiosos de esta colaboraci\u00f3n es que permitir\u00e1 a las y los estudiantes de la UAEH integrarse al escenario laboral del Congreso a trav\u00e9s de pr\u00e1cticas profesionales y servicio social. \u201cTambi\u00e9n, proponemos que se incluya en el plan de estudios de la carrera de derecho, la materia de derecho agrario, que podamos generar diplomados, maestr\u00edas y doctorados en materia, a favor de los campesinos\u201d.<\/p>\n<p>Adem\u00e1s, ambas partes trabajar\u00e1n en temas relacionados a las nuevas tecnolog\u00edas del agua, medio ambiente, desarrollo de zonas conurbadas, aprovechamiento del suelo y la lucha contra la contaminaci\u00f3n ambiental, entre otros.<\/p>\n<p>Octavio Castillo Acosta, rector de la UAEH, explic\u00f3 que este acuerdo permite que las y los estudiantes se integren al trabajo legislativo y administrativo como parte de su formaci\u00f3n profesional. \u201cEstamos aqu\u00ed dos instituciones que tienen una gran responsabilidad social con el pueblo de Hidalgo\u201d.<\/p>\n<p>Asegur\u00f3 que el Congreso ofrece un espacio privilegiado para que la juventud universitaria comprenda la importancia del debate democr\u00e1tico y la construcci\u00f3n de leyes justas, acorde a lo que la sociedad requiere. \u201cComparto a los diputados que cuentan con la universidad para la discusi\u00f3n y el an\u00e1lisis de las iniciativas que permitan una mejor construcci\u00f3n de leyes para que \u00e9stas atiendan las necesidades de los hidalguenses\u201d.<\/p>\n<p>La diputada Mar\u00eda Guadalupe Cruz Monta\u00f1o, presidenta de la mesa directiva de junio, mencion\u00f3: \u201cconsciente estoy que se deben conjuntar esfuerzos y brindar apoyo mutuo para emprender acciones que contribuyan en el beneficio de la formaci\u00f3n acad\u00e9mica y profesional de los integrantes de ambas instituciones\u201d.<\/p>\n<p>En el evento tambi\u00e9n estuvieron presentes las diputadas Diana Rangel Z\u00fa\u00f1iga, Yarabi Gonz\u00e1lez Mart\u00ednez, Hilda Miranda Miranda, M\u00f3nica Leanett Reyes Mart\u00ednez, Orqu\u00eddea Larragoiti Osorio, Karla Perales Arrieta y los diputados Miguel \u00c1ngel Moreno Zamora, Arturo G\u00f3mez Canales, Jos\u00e9 Luis Rodr\u00edguez Higareda, Jos\u00e9 Mar\u00eda Alejandro P\u00e9rez Ram\u00edrez, Francisco Javier T\u00e9llez S\u00e1nchez y Marco Antonio Mendoza Bustamante.<\/p>\n<p>As\u00ed como Jos\u00e9 Fernando Enciso Ruiz, coordinador de la Divisi\u00f3n de Vinculaci\u00f3n e Internacionalizaci\u00f3n; Josu\u00e9 Serrano Rubio, director de Relaciones Interinstitucionales; Martha Briones Rangel, directora de Servicio Social, Pr\u00e1cticas Profesionales y Vinculaci\u00f3n Laboral; adem\u00e1s de Jes\u00fas L\u00f3pez Serrano, secretario de Servicios Legislativos y directores generales del <span style=\"font-size: 14px;\">Congreso.<\/span><\/p>\n","protected":false},"excerpt":{"rendered":"<p>Redacci\u00f3n El Congreso del Estado Libre y Soberano de Hidalgo y la Universidad Aut\u00f3noma del Estado de Hidalgo (UAEH) firmaron un convenio de colaboraci\u00f3n, con el fin de establecer las bases generales para implementar acciones tendientes a desarrollar en un futuro cercano y de forma conjunta, proyectos de car\u00e1cter acad\u00e9mico, cient\u00edfico, cultural, de vinculaci\u00f3n y<\/p>\n","protected":false},"author":2,"featured_media":4688,"comment_status":"open","ping_status":"open","sticky":false,"template":"","format":"standard","meta":{"footnotes":""},"categories":[31,44,39],"tags":[70,62,206],"class_list":{"0":"post-4687","1":"post","2":"type-post","3":"status-publish","4":"format-standard","5":"has-post-thumbnail","7":"category-hidalgo","8":"category-minuto-a-minuto","9":"category-politica","10":"tag-andres-velazquez","11":"tag-congreso-de-hidalgo","12":"tag-uaeh"},"yoast_head":"<!-- This site is optimized with the Yoast SEO plugin v26.1.1 - https:\/\/yoast.com\/wordpress\/plugins\/seo\/ -->\n<title>Congreso de Hidalgo y UAEH firman convenio a favor de comunidad estudiantil y el Poder Legislativo - El Cardinal<\/title>\n<meta name=\"robots\" content=\"index, follow, max-snippet:-1, max-image-preview:large, max-video-preview:-1\" \/>\n<link rel=\"canonical\" href=\"https:\/\/elcardinal.com\/?p=4687\" \/>\n<meta property=\"og:locale\" content=\"es_MX\" \/>\n<meta property=\"og:type\" content=\"article\" \/>\n<meta property=\"og:title\" content=\"Congreso de Hidalgo y UAEH firman convenio a favor de comunidad estudiantil y el Poder Legislativo - El Cardinal\" \/>\n<meta property=\"og:description\" content=\"Redacci\u00f3n El Congreso del Estado Libre y Soberano de Hidalgo y la Universidad Aut\u00f3noma del Estado de Hidalgo (UAEH) firmaron un convenio de colaboraci\u00f3n, con el fin de establecer las bases generales para implementar acciones tendientes a desarrollar en un futuro cercano y de forma conjunta, proyectos de car\u00e1cter acad\u00e9mico, cient\u00edfico, cultural, de vinculaci\u00f3n y\" \/>\n<meta property=\"og:url\" content=\"https:\/\/elcardinal.com\/?p=4687\" \/>\n<meta property=\"og:site_name\" content=\"El Cardinal\" \/>\n<meta property=\"article:publisher\" content=\"https:\/\/www.facebook.com\/profile.php?id=100063093107011\" \/>\n<meta property=\"article:published_time\" content=\"2025-06-03T04:05:55+00:00\" \/>\n<meta property=\"og:image\" content=\"https:\/\/elcardinal.com\/wp-content\/uploads\/2025\/06\/02.06.2025-Firma-convecio-UAEH-26.jpg\" \/>\n\t<meta property=\"og:image:width\" content=\"1517\" \/>\n\t<meta property=\"og:image:height\" content=\"1212\" \/>\n\t<meta property=\"og:image:type\" content=\"image\/jpeg\" \/>\n<meta name=\"author\" content=\"Antonio Alcaraz\" \/>\n<meta name=\"twitter:card\" content=\"summary_large_image\" \/>\n<meta name=\"twitter:creator\" content=\"@ElCardinal_Mx\" \/>\n<meta name=\"twitter:site\" content=\"@ElCardinal_Mx\" \/>\n<meta name=\"twitter:label1\" content=\"Escrito por\" \/>\n\t<meta name=\"twitter:data1\" content=\"Antonio Alcaraz\" \/>\n\t<meta name=\"twitter:label2\" content=\"Tiempo de lectura\" \/>\n\t<meta name=\"twitter:data2\" content=\"3 minutos\" \/>\n<script type=\"application\/ld+json\" class=\"yoast-schema-graph\">{\"@context\":\"https:\/\/schema.org\",\"@graph\":[{\"@type\":\"Article\",\"@id\":\"https:\/\/elcardinal.com\/?p=4687#article\",\"isPartOf\":{\"@id\":\"https:\/\/elcardinal.com\/?p=4687\"},\"author\":{\"name\":\"Antonio Alcaraz\",\"@id\":\"https:\/\/elcardinal.com\/#\/schema\/person\/3c352ec0a33987fe275c0e8a2ea69f8b\"},\"headline\":\"Congreso de Hidalgo y UAEH firman convenio a favor de comunidad estudiantil y el Poder Legislativo\",\"datePublished\":\"2025-06-03T04:05:55+00:00\",\"mainEntityOfPage\":{\"@id\":\"https:\/\/elcardinal.com\/?p=4687\"},\"wordCount\":556,\"commentCount\":0,\"publisher\":{\"@id\":\"https:\/\/elcardinal.com\/#organization\"},\"image\":{\"@id\":\"https:\/\/elcardinal.com\/?p=4687#primaryimage\"},\"thumbnailUrl\":\"https:\/\/elcardinal.com\/wp-content\/uploads\/2025\/06\/02.06.2025-Firma-convecio-UAEH-26.jpg\",\"keywords\":[\"Andr\u00e9s Vel\u00e1zquez\",\"Congreso de Hidalgo\",\"UAEH\"],\"articleSection\":[\"Hidalgo\",\"Minuto a Minuto\",\"Pol\u00edtica\"],\"inLanguage\":\"es\",\"potentialAction\":[{\"@type\":\"CommentAction\",\"name\":\"Comment\",\"target\":[\"https:\/\/elcardinal.com\/?p=4687#respond\"]}]},{\"@type\":\"WebPage\",\"@id\":\"https:\/\/elcardinal.com\/?p=4687\",\"url\":\"https:\/\/elcardinal.com\/?p=4687\",\"name\":\"Congreso de Hidalgo y UAEH firman convenio a favor de comunidad estudiantil y el Poder Legislativo - El Cardinal\",\"isPartOf\":{\"@id\":\"https:\/\/elcardinal.com\/#website\"},\"primaryImageOfPage\":{\"@id\":\"https:\/\/elcardinal.com\/?p=4687#primaryimage\"},\"image\":{\"@id\":\"https:\/\/elcardinal.com\/?p=4687#primaryimage\"},\"thumbnailUrl\":\"https:\/\/elcardinal.com\/wp-content\/uploads\/2025\/06\/02.06.2025-Firma-convecio-UAEH-26.jpg\",\"datePublished\":\"2025-06-03T04:05:55+00:00\",\"breadcrumb\":{\"@id\":\"https:\/\/elcardinal.com\/?p=4687#breadcrumb\"},\"inLanguage\":\"es\",\"potentialAction\":[{\"@type\":\"ReadAction\",\"target\":[\"https:\/\/elcardinal.com\/?p=4687\"]}]},{\"@type\":\"ImageObject\",\"inLanguage\":\"es\",\"@id\":\"https:\/\/elcardinal.com\/?p=4687#primaryimage\",\"url\":\"https:\/\/elcardinal.com\/wp-content\/uploads\/2025\/06\/02.06.2025-Firma-convecio-UAEH-26.jpg\",\"contentUrl\":\"https:\/\/elcardinal.com\/wp-content\/uploads\/2025\/06\/02.06.2025-Firma-convecio-UAEH-26.jpg\",\"width\":1517,\"height\":1212,\"caption\":\"????????????????\"},{\"@type\":\"BreadcrumbList\",\"@id\":\"https:\/\/elcardinal.com\/?p=4687#breadcrumb\",\"itemListElement\":[{\"@type\":\"ListItem\",\"position\":1,\"name\":\"Inicio\",\"item\":\"https:\/\/elcardinal.com\/\"},{\"@type\":\"ListItem\",\"position\":2,\"name\":\"Congreso de Hidalgo y UAEH firman convenio a favor de comunidad estudiantil y el Poder Legislativo\"}]},{\"@type\":\"WebSite\",\"@id\":\"https:\/\/elcardinal.com\/#website\",\"url\":\"https:\/\/elcardinal.com\/\",\"name\":\"El Cardinal\",\"description\":\"Periodismo honesto, con valor, sentido humano, a veces sarc\u00e1stico y divertido.\",\"publisher\":{\"@id\":\"https:\/\/elcardinal.com\/#organization\"},\"alternateName\":\"El Cardinal Noticias\",\"potentialAction\":[{\"@type\":\"SearchAction\",\"target\":{\"@type\":\"EntryPoint\",\"urlTemplate\":\"https:\/\/elcardinal.com\/?s={search_term_string}\"},\"query-input\":{\"@type\":\"PropertyValueSpecification\",\"valueRequired\":true,\"valueName\":\"search_term_string\"}}],\"inLanguage\":\"es\"},{\"@type\":\"Organization\",\"@id\":\"https:\/\/elcardinal.com\/#organization\",\"name\":\"El Cardinal\",\"url\":\"https:\/\/elcardinal.com\/\",\"logo\":{\"@type\":\"ImageObject\",\"inLanguage\":\"es\",\"@id\":\"https:\/\/elcardinal.com\/#\/schema\/logo\/image\/\",\"url\":\"https:\/\/elcardinal.com\/wp-content\/uploads\/2025\/04\/LOGO-EL-CARDINAL-Periodismo-con-valor.png\",\"contentUrl\":\"https:\/\/elcardinal.com\/wp-content\/uploads\/2025\/04\/LOGO-EL-CARDINAL-Periodismo-con-valor.png\",\"width\":755,\"height\":636,\"caption\":\"El Cardinal\"},\"image\":{\"@id\":\"https:\/\/elcardinal.com\/#\/schema\/logo\/image\/\"},\"sameAs\":[\"https:\/\/www.facebook.com\/profile.php?id=100063093107011\",\"https:\/\/x.com\/ElCardinal_Mx\"]},{\"@type\":\"Person\",\"@id\":\"https:\/\/elcardinal.com\/#\/schema\/person\/3c352ec0a33987fe275c0e8a2ea69f8b\",\"name\":\"Antonio Alcaraz\",\"image\":{\"@type\":\"ImageObject\",\"inLanguage\":\"es\",\"@id\":\"https:\/\/elcardinal.com\/#\/schema\/person\/image\/\",\"url\":\"https:\/\/elcardinal.com\/wp-content\/uploads\/2025\/05\/cropped-TONO-96x96.jpg\",\"contentUrl\":\"https:\/\/elcardinal.com\/wp-content\/uploads\/2025\/05\/cropped-TONO-96x96.jpg\",\"caption\":\"Antonio Alcaraz\"},\"url\":\"https:\/\/elcardinal.com\/?author=2\"}]}<\/script>\n<!-- \/ Yoast SEO plugin. -->","yoast_head_json":{"title":"Congreso de Hidalgo y UAEH firman convenio a favor de comunidad estudiantil y el Poder Legislativo - El Cardinal","robots":{"index":"index","follow":"follow","max-snippet":"max-snippet:-1","max-image-preview":"max-image-preview:large","max-video-preview":"max-video-preview:-1"},"canonical":"https:\/\/elcardinal.com\/?p=4687","og_locale":"es_MX","og_type":"article","og_title":"Congreso de Hidalgo y UAEH firman convenio a favor de comunidad estudiantil y el Poder Legislativo - El Cardinal","og_description":"Redacci\u00f3n El Congreso del Estado Libre y Soberano de Hidalgo y la Universidad Aut\u00f3noma del Estado de Hidalgo (UAEH) firmaron un convenio de colaboraci\u00f3n, con el fin de establecer las bases generales para implementar acciones tendientes a desarrollar en un futuro cercano y de forma conjunta, proyectos de car\u00e1cter acad\u00e9mico, cient\u00edfico, cultural, de vinculaci\u00f3n y","og_url":"https:\/\/elcardinal.com\/?p=4687","og_site_name":"El Cardinal","article_publisher":"https:\/\/www.facebook.com\/profile.php?id=100063093107011","article_published_time":"2025-06-03T04:05:55+00:00","og_image":[{"width":1517,"height":1212,"url":"https:\/\/elcardinal.com\/wp-content\/uploads\/2025\/06\/02.06.2025-Firma-convecio-UAEH-26.jpg","type":"image\/jpeg"}],"author":"Antonio Alcaraz","twitter_card":"summary_large_image","twitter_creator":"@ElCardinal_Mx","twitter_site":"@ElCardinal_Mx","twitter_misc":{"Escrito por":"Antonio Alcaraz","Tiempo de lectura":"3 minutos"},"schema":{"@context":"https:\/\/schema.org","@graph":[{"@type":"Article","@id":"https:\/\/elcardinal.com\/?p=4687#article","isPartOf":{"@id":"https:\/\/elcardinal.com\/?p=4687"},"author":{"name":"Antonio Alcaraz","@id":"https:\/\/elcardinal.com\/#\/schema\/person\/3c352ec0a33987fe275c0e8a2ea69f8b"},"headline":"Congreso de Hidalgo y UAEH firman convenio a favor de comunidad estudiantil y el Poder Legislativo","datePublished":"2025-06-03T04:05:55+00:00","mainEntityOfPage":{"@id":"https:\/\/elcardinal.com\/?p=4687"},"wordCount":556,"commentCount":0,"publisher":{"@id":"https:\/\/elcardinal.com\/#organization"},"image":{"@id":"https:\/\/elcardinal.com\/?p=4687#primaryimage"},"thumbnailUrl":"https:\/\/elcardinal.com\/wp-content\/uploads\/2025\/06\/02.06.2025-Firma-convecio-UAEH-26.jpg","keywords":["Andr\u00e9s Vel\u00e1zquez","Congreso de Hidalgo","UAEH"],"articleSection":["Hidalgo","Minuto a Minuto","Pol\u00edtica"],"inLanguage":"es","potentialAction":[{"@type":"CommentAction","name":"Comment","target":["https:\/\/elcardinal.com\/?p=4687#respond"]}]},{"@type":"WebPage","@id":"https:\/\/elcardinal.com\/?p=4687","url":"https:\/\/elcardinal.com\/?p=4687","name":"Congreso de Hidalgo y UAEH firman convenio a favor de comunidad estudiantil y el Poder Legislativo - El Cardinal","isPartOf":{"@id":"https:\/\/elcardinal.com\/#website"},"primaryImageOfPage":{"@id":"https:\/\/elcardinal.com\/?p=4687#primaryimage"},"image":{"@id":"https:\/\/elcardinal.com\/?p=4687#primaryimage"},"thumbnailUrl":"https:\/\/elcardinal.com\/wp-content\/uploads\/2025\/06\/02.06.2025-Firma-convecio-UAEH-26.jpg","datePublished":"2025-06-03T04:05:55+00:00","breadcrumb":{"@id":"https:\/\/elcardinal.com\/?p=4687#breadcrumb"},"inLanguage":"es","potentialAction":[{"@type":"ReadAction","target":["https:\/\/elcardinal.com\/?p=4687"]}]},{"@type":"ImageObject","inLanguage":"es","@id":"https:\/\/elcardinal.com\/?p=4687#primaryimage","url":"https:\/\/elcardinal.com\/wp-content\/uploads\/2025\/06\/02.06.2025-Firma-convecio-UAEH-26.jpg","contentUrl":"https:\/\/elcardinal.com\/wp-content\/uploads\/2025\/06\/02.06.2025-Firma-convecio-UAEH-26.jpg","width":1517,"height":1212,"caption":"????????????????"},{"@type":"BreadcrumbList","@id":"https:\/\/elcardinal.com\/?p=4687#breadcrumb","itemListElement":[{"@type":"ListItem","position":1,"name":"Inicio","item":"https:\/\/elcardinal.com\/"},{"@type":"ListItem","position":2,"name":"Congreso de Hidalgo y UAEH firman convenio a favor de comunidad estudiantil y el Poder Legislativo"}]},{"@type":"WebSite","@id":"https:\/\/elcardinal.com\/#website","url":"https:\/\/elcardinal.com\/","name":"El Cardinal","description":"Periodismo honesto, con valor, sentido humano, a veces sarc\u00e1stico y divertido.","publisher":{"@id":"https:\/\/elcardinal.com\/#organization"},"alternateName":"El Cardinal Noticias","potentialAction":[{"@type":"SearchAction","target":{"@type":"EntryPoint","urlTemplate":"https:\/\/elcardinal.com\/?s={search_term_string}"},"query-input":{"@type":"PropertyValueSpecification","valueRequired":true,"valueName":"search_term_string"}}],"inLanguage":"es"},{"@type":"Organization","@id":"https:\/\/elcardinal.com\/#organization","name":"El Cardinal","url":"https:\/\/elcardinal.com\/","logo":{"@type":"ImageObject","inLanguage":"es","@id":"https:\/\/elcardinal.com\/#\/schema\/logo\/image\/","url":"https:\/\/elcardinal.com\/wp-content\/uploads\/2025\/04\/LOGO-EL-CARDINAL-Periodismo-con-valor.png","contentUrl":"https:\/\/elcardinal.com\/wp-content\/uploads\/2025\/04\/LOGO-EL-CARDINAL-Periodismo-con-valor.png","width":755,"height":636,"caption":"El Cardinal"},"image":{"@id":"https:\/\/elcardinal.com\/#\/schema\/logo\/image\/"},"sameAs":["https:\/\/www.facebook.com\/profile.php?id=100063093107011","https:\/\/x.com\/ElCardinal_Mx"]},{"@type":"Person","@id":"https:\/\/elcardinal.com\/#\/schema\/person\/3c352ec0a33987fe275c0e8a2ea69f8b","name":"Antonio Alcaraz","image":{"@type":"ImageObject","inLanguage":"es","@id":"https:\/\/elcardinal.com\/#\/schema\/person\/image\/","url":"https:\/\/elcardinal.com\/wp-content\/uploads\/2025\/05\/cropped-TONO-96x96.jpg","contentUrl":"https:\/\/elcardinal.com\/wp-content\/uploads\/2025\/05\/cropped-TONO-96x96.jpg","caption":"Antonio Alcaraz"},"url":"https:\/\/elcardinal.com\/?author=2"}]}},"_links":{"self":[{"href":"https:\/\/elcardinal.com\/index.php?rest_route=\/wp\/v2\/posts\/4687","targetHints":{"allow":["GET"]}}],"collection":[{"href":"https:\/\/elcardinal.com\/index.php?rest_route=\/wp\/v2\/posts"}],"about":[{"href":"https:\/\/elcardinal.com\/index.php?rest_route=\/wp\/v2\/types\/post"}],"author":[{"embeddable":true,"href":"https:\/\/elcardinal.com\/index.php?rest_route=\/wp\/v2\/users\/2"}],"replies":[{"embeddable":true,"href":"https:\/\/elcardinal.com\/index.php?rest_route=%2Fwp%2Fv2%2Fcomments&post=4687"}],"version-history":[{"count":1,"href":"https:\/\/elcardinal.com\/index.php?rest_route=\/wp\/v2\/posts\/4687\/revisions"}],"predecessor-version":[{"id":4689,"href":"https:\/\/elcardinal.com\/index.php?rest_route=\/wp\/v2\/posts\/4687\/revisions\/4689"}],"wp:featuredmedia":[{"embeddable":true,"href":"https:\/\/elcardinal.com\/index.php?rest_route=\/wp\/v2\/media\/4688"}],"wp:attachment":[{"href":"https:\/\/elcardinal.com\/index.php?rest_route=%2Fwp%2Fv2%2Fmedia&parent=4687"}],"wp:term":[{"taxonomy":"category","embeddable":true,"href":"https:\/\/elcardinal.com\/index.php?rest_route=%2Fwp%2Fv2%2Fcategories&post=4687"},{"taxonomy":"post_tag","embeddable":true,"href":"https:\/\/elcardinal.com\/index.php?rest_route=%2Fwp%2Fv2%2Ftags&post=4687"}],"curies":[{"name":"wp","href":"https:\/\/api.w.org\/{rel}","templated":true}]}}