{"id":4693,"date":"2025-06-03T20:27:19","date_gmt":"2025-06-04T02:27:19","guid":{"rendered":"https:\/\/elcardinal.com\/?p=4693"},"modified":"2025-06-03T20:27:19","modified_gmt":"2025-06-04T02:27:19","slug":"inaugura-ricardo-crespo-casa-de-atencion-ciudadana-ofrecera-servicios-medicos-juridicos-y-talleres-de-capacitacion","status":"publish","type":"post","link":"https:\/\/elcardinal.com\/?p=4693","title":{"rendered":"Inaugura Ricardo Crespo casa de atenci\u00f3n ciudadana; ofrecer\u00e1 servicios m\u00e9dicos, jur\u00eddicos y talleres de capacitaci\u00f3n"},"content":{"rendered":"<p>Por: <strong>Jos\u00e9 Antonio Alcaraz Su\u00e1rez<\/strong><\/p>\n<p>PACHUCA, HGO.- La tarde de este martes, el diputado federal por Pachuca <strong>Ricardo Crespo Arroyo<\/strong> inaugur\u00f3 su <strong>Casa de Atenci\u00f3n Ciudadana<\/strong>, cumpliendo con uno de los compromisos asumidos durante su campa\u00f1a como legislador del distrito VI.<\/p>\n<p>Este espacio brindar\u00e1 servicios de atenci\u00f3n m\u00e9dica, asesor\u00eda jur\u00eddica y capacitaci\u00f3n para distintos sectores de la poblaci\u00f3n.<\/p>\n<blockquote><p>\u201cEl objetivo es dar atenci\u00f3n, gesti\u00f3n y poner en marcha varios programas ya dise\u00f1ados\u201d, se\u00f1al\u00f3 Crespo Arroyo durante la ceremonia de apertura. Detall\u00f3 que el proyecto prioriza la medicina preventiva, con la participaci\u00f3n del doctor Alexander Daniel, as\u00ed como asesor\u00eda jur\u00eddica en materia laboral, familiar, civil y mercantil.<\/p><\/blockquote>\n<p><img fetchpriority=\"high\" decoding=\"async\" class=\"size-medium wp-image-4696 alignleft\" src=\"https:\/\/elcardinal.com\/wp-content\/uploads\/2025\/06\/WhatsApp-Image-2025-06-03-at-8.25.04-PM-1-300x200.jpeg\" alt=\"\" width=\"300\" height=\"200\" srcset=\"https:\/\/elcardinal.com\/wp-content\/uploads\/2025\/06\/WhatsApp-Image-2025-06-03-at-8.25.04-PM-1-300x200.jpeg 300w, https:\/\/elcardinal.com\/wp-content\/uploads\/2025\/06\/WhatsApp-Image-2025-06-03-at-8.25.04-PM-1-1024x683.jpeg 1024w, https:\/\/elcardinal.com\/wp-content\/uploads\/2025\/06\/WhatsApp-Image-2025-06-03-at-8.25.04-PM-1-768x512.jpeg 768w, https:\/\/elcardinal.com\/wp-content\/uploads\/2025\/06\/WhatsApp-Image-2025-06-03-at-8.25.04-PM-1-1536x1024.jpeg 1536w, https:\/\/elcardinal.com\/wp-content\/uploads\/2025\/06\/WhatsApp-Image-2025-06-03-at-8.25.04-PM-1-150x100.jpeg 150w, https:\/\/elcardinal.com\/wp-content\/uploads\/2025\/06\/WhatsApp-Image-2025-06-03-at-8.25.04-PM-1-450x300.jpeg 450w, https:\/\/elcardinal.com\/wp-content\/uploads\/2025\/06\/WhatsApp-Image-2025-06-03-at-8.25.04-PM-1-1200x800.jpeg 1200w, https:\/\/elcardinal.com\/wp-content\/uploads\/2025\/06\/WhatsApp-Image-2025-06-03-at-8.25.04-PM-1.jpeg 1599w\" sizes=\"(max-width: 300px) 100vw, 300px\" \/>Adem\u00e1s, se ofrecer\u00e1n talleres para adolescentes, j\u00f3venes, mujeres y hombres que busquen fortalecer sus habilidades o emprender proyectos productivos. <strong>La casa atender\u00e1 de lunes a viernes de 9:00 a 16:00 horas y los s\u00e1bados<\/strong> mediante brigadas m\u00f3viles en colonias y fraccionamientos de los seis municipios del distrito.<\/p>\n<p>Entre los beneficios econ\u00f3micos para la ciudadan\u00eda, Ricardo Crespo destac\u00f3 el ahorro en consultas m\u00e9dicas, medicamentos gratuitos y asesor\u00eda legal sin costo. Tambi\u00e9n se instalar\u00e1 una peque\u00f1a farmacia.<\/p>\n<p><img decoding=\"async\" class=\"size-medium wp-image-4695 alignright\" src=\"https:\/\/elcardinal.com\/wp-content\/uploads\/2025\/06\/WhatsApp-Image-2025-06-03-at-8.25.04-PM-2-300x200.jpeg\" alt=\"\" width=\"300\" height=\"200\" srcset=\"https:\/\/elcardinal.com\/wp-content\/uploads\/2025\/06\/WhatsApp-Image-2025-06-03-at-8.25.04-PM-2-300x200.jpeg 300w, https:\/\/elcardinal.com\/wp-content\/uploads\/2025\/06\/WhatsApp-Image-2025-06-03-at-8.25.04-PM-2-1024x683.jpeg 1024w, https:\/\/elcardinal.com\/wp-content\/uploads\/2025\/06\/WhatsApp-Image-2025-06-03-at-8.25.04-PM-2-768x512.jpeg 768w, https:\/\/elcardinal.com\/wp-content\/uploads\/2025\/06\/WhatsApp-Image-2025-06-03-at-8.25.04-PM-2-1536x1024.jpeg 1536w, https:\/\/elcardinal.com\/wp-content\/uploads\/2025\/06\/WhatsApp-Image-2025-06-03-at-8.25.04-PM-2-150x100.jpeg 150w, https:\/\/elcardinal.com\/wp-content\/uploads\/2025\/06\/WhatsApp-Image-2025-06-03-at-8.25.04-PM-2-450x300.jpeg 450w, https:\/\/elcardinal.com\/wp-content\/uploads\/2025\/06\/WhatsApp-Image-2025-06-03-at-8.25.04-PM-2-1200x800.jpeg 1200w, https:\/\/elcardinal.com\/wp-content\/uploads\/2025\/06\/WhatsApp-Image-2025-06-03-at-8.25.04-PM-2.jpeg 1599w\" sizes=\"(max-width: 300px) 100vw, 300px\" \/>Respecto a la problem\u00e1tica reciente por las <strong>lluvias en la ciudad<\/strong>, el legislador subray\u00f3 la necesidad de reforzar el respeto a la planeaci\u00f3n urbana, concientizar sobre el manejo de residuos y gestionar recursos federales para infraestructura pluvial. Dijo estar en comunicaci\u00f3n con el presidente municipal de Pachuca y comprometido desde el Congreso a impulsar proyectos como el reforzamiento del cauce del R\u00edo de las Avenidas.<\/p>\n<p>Sobre temas de actualidad, Crespo se pronunci\u00f3 a favor del combate a la corrupci\u00f3n, refiri\u00e9ndose a la reciente detenci\u00f3n de <strong>Cesar N<\/strong> por la llamada <strong>\u201cEstafa Siniestra<\/strong>\u201d y afirm\u00f3 que quienes quebrantan la ley deben pagar ante la justicia.<\/p>\n<p>En cuanto a la reciente elecci\u00f3n popular del Poder Judicial, destac\u00f3 que ahora \u201c13 millones de personas eligen a jueces y magistrados\u201d, lo que calific\u00f3 como un avance democr\u00e1tico. Agreg\u00f3 que la reforma dota de autonom\u00eda al Consejo de la Judicatura para sancionar actos de corrupci\u00f3n en el sistema judicial, lo cual tambi\u00e9n beneficiar\u00e1 a nivel local.<\/p>\n<p>Al concluir el acto protocolario, el diputado cort\u00f3 el list\u00f3n inaugural acompa\u00f1ado del Secretario de Educaci\u00f3n de Hidalgo, Natividad Castrej\u00f3n; la senadora Simey Olvera, as\u00ed como diputadas y diputados federales y locales, alcaldesas, su equipo y vecinos del distrito.<\/p>\n","protected":false},"excerpt":{"rendered":"<p>Por: Jos\u00e9 Antonio Alcaraz Su\u00e1rez PACHUCA, HGO.- La tarde de este martes, el diputado federal por Pachuca Ricardo Crespo Arroyo inaugur\u00f3 su Casa de Atenci\u00f3n Ciudadana, cumpliendo con uno de los compromisos asumidos durante su campa\u00f1a como legislador del distrito VI. Este espacio brindar\u00e1 servicios de atenci\u00f3n m\u00e9dica, asesor\u00eda jur\u00eddica y capacitaci\u00f3n para distintos sectores<\/p>\n","protected":false},"author":2,"featured_media":4694,"comment_status":"open","ping_status":"open","sticky":false,"template":"","format":"standard","meta":{"footnotes":""},"categories":[32,44,39],"tags":[65,207],"class_list":{"0":"post-4693","1":"post","2":"type-post","3":"status-publish","4":"format-standard","5":"has-post-thumbnail","7":"category-metropoli","8":"category-minuto-a-minuto","9":"category-politica","10":"tag-pachuca","11":"tag-ricardo-crespo"},"yoast_head":"<!-- This site is optimized with the Yoast SEO plugin v26.1.1 - https:\/\/yoast.com\/wordpress\/plugins\/seo\/ -->\n<title>Inaugura Ricardo Crespo casa de atenci\u00f3n ciudadana; ofrecer\u00e1 servicios m\u00e9dicos, jur\u00eddicos y talleres de capacitaci\u00f3n - El Cardinal<\/title>\n<meta name=\"robots\" content=\"index, follow, max-snippet:-1, max-image-preview:large, max-video-preview:-1\" \/>\n<link rel=\"canonical\" href=\"https:\/\/elcardinal.com\/?p=4693\" \/>\n<meta property=\"og:locale\" content=\"es_MX\" \/>\n<meta property=\"og:type\" content=\"article\" \/>\n<meta property=\"og:title\" content=\"Inaugura Ricardo Crespo casa de atenci\u00f3n ciudadana; ofrecer\u00e1 servicios m\u00e9dicos, jur\u00eddicos y talleres de capacitaci\u00f3n - El Cardinal\" \/>\n<meta property=\"og:description\" content=\"Por: Jos\u00e9 Antonio Alcaraz Su\u00e1rez PACHUCA, HGO.- La tarde de este martes, el diputado federal por Pachuca Ricardo Crespo Arroyo inaugur\u00f3 su Casa de Atenci\u00f3n Ciudadana, cumpliendo con uno de los compromisos asumidos durante su campa\u00f1a como legislador del distrito VI. Este espacio brindar\u00e1 servicios de atenci\u00f3n m\u00e9dica, asesor\u00eda jur\u00eddica y capacitaci\u00f3n para distintos sectores\" \/>\n<meta property=\"og:url\" content=\"https:\/\/elcardinal.com\/?p=4693\" \/>\n<meta property=\"og:site_name\" content=\"El Cardinal\" \/>\n<meta property=\"article:publisher\" content=\"https:\/\/www.facebook.com\/profile.php?id=100063093107011\" \/>\n<meta property=\"article:published_time\" content=\"2025-06-04T02:27:19+00:00\" \/>\n<meta property=\"og:image\" content=\"https:\/\/elcardinal.com\/wp-content\/uploads\/2025\/06\/WhatsApp-Image-2025-06-03-at-8.25.04-PM.jpeg\" \/>\n\t<meta property=\"og:image:width\" content=\"1600\" \/>\n\t<meta property=\"og:image:height\" content=\"1154\" \/>\n\t<meta property=\"og:image:type\" content=\"image\/jpeg\" \/>\n<meta name=\"author\" content=\"Antonio Alcaraz\" \/>\n<meta name=\"twitter:card\" content=\"summary_large_image\" \/>\n<meta name=\"twitter:creator\" content=\"@ElCardinal_Mx\" \/>\n<meta name=\"twitter:site\" content=\"@ElCardinal_Mx\" \/>\n<meta name=\"twitter:label1\" content=\"Escrito por\" \/>\n\t<meta name=\"twitter:data1\" content=\"Antonio Alcaraz\" \/>\n\t<meta name=\"twitter:label2\" content=\"Tiempo de lectura\" \/>\n\t<meta name=\"twitter:data2\" content=\"3 minutos\" \/>\n<script type=\"application\/ld+json\" class=\"yoast-schema-graph\">{\"@context\":\"https:\/\/schema.org\",\"@graph\":[{\"@type\":\"Article\",\"@id\":\"https:\/\/elcardinal.com\/?p=4693#article\",\"isPartOf\":{\"@id\":\"https:\/\/elcardinal.com\/?p=4693\"},\"author\":{\"name\":\"Antonio Alcaraz\",\"@id\":\"https:\/\/elcardinal.com\/#\/schema\/person\/3c352ec0a33987fe275c0e8a2ea69f8b\"},\"headline\":\"Inaugura Ricardo Crespo casa de atenci\u00f3n ciudadana; ofrecer\u00e1 servicios m\u00e9dicos, jur\u00eddicos y talleres de capacitaci\u00f3n\",\"datePublished\":\"2025-06-04T02:27:19+00:00\",\"mainEntityOfPage\":{\"@id\":\"https:\/\/elcardinal.com\/?p=4693\"},\"wordCount\":441,\"commentCount\":0,\"publisher\":{\"@id\":\"https:\/\/elcardinal.com\/#organization\"},\"image\":{\"@id\":\"https:\/\/elcardinal.com\/?p=4693#primaryimage\"},\"thumbnailUrl\":\"https:\/\/elcardinal.com\/wp-content\/uploads\/2025\/06\/WhatsApp-Image-2025-06-03-at-8.25.04-PM.jpeg\",\"keywords\":[\"Pachuca\",\"Ricardo Crespo\"],\"articleSection\":[\"Metr\u00f3poli\",\"Minuto a Minuto\",\"Pol\u00edtica\"],\"inLanguage\":\"es\",\"potentialAction\":[{\"@type\":\"CommentAction\",\"name\":\"Comment\",\"target\":[\"https:\/\/elcardinal.com\/?p=4693#respond\"]}]},{\"@type\":\"WebPage\",\"@id\":\"https:\/\/elcardinal.com\/?p=4693\",\"url\":\"https:\/\/elcardinal.com\/?p=4693\",\"name\":\"Inaugura Ricardo Crespo casa de atenci\u00f3n ciudadana; ofrecer\u00e1 servicios m\u00e9dicos, jur\u00eddicos y talleres de capacitaci\u00f3n - El Cardinal\",\"isPartOf\":{\"@id\":\"https:\/\/elcardinal.com\/#website\"},\"primaryImageOfPage\":{\"@id\":\"https:\/\/elcardinal.com\/?p=4693#primaryimage\"},\"image\":{\"@id\":\"https:\/\/elcardinal.com\/?p=4693#primaryimage\"},\"thumbnailUrl\":\"https:\/\/elcardinal.com\/wp-content\/uploads\/2025\/06\/WhatsApp-Image-2025-06-03-at-8.25.04-PM.jpeg\",\"datePublished\":\"2025-06-04T02:27:19+00:00\",\"breadcrumb\":{\"@id\":\"https:\/\/elcardinal.com\/?p=4693#breadcrumb\"},\"inLanguage\":\"es\",\"potentialAction\":[{\"@type\":\"ReadAction\",\"target\":[\"https:\/\/elcardinal.com\/?p=4693\"]}]},{\"@type\":\"ImageObject\",\"inLanguage\":\"es\",\"@id\":\"https:\/\/elcardinal.com\/?p=4693#primaryimage\",\"url\":\"https:\/\/elcardinal.com\/wp-content\/uploads\/2025\/06\/WhatsApp-Image-2025-06-03-at-8.25.04-PM.jpeg\",\"contentUrl\":\"https:\/\/elcardinal.com\/wp-content\/uploads\/2025\/06\/WhatsApp-Image-2025-06-03-at-8.25.04-PM.jpeg\",\"width\":1600,\"height\":1154},{\"@type\":\"BreadcrumbList\",\"@id\":\"https:\/\/elcardinal.com\/?p=4693#breadcrumb\",\"itemListElement\":[{\"@type\":\"ListItem\",\"position\":1,\"name\":\"Inicio\",\"item\":\"https:\/\/elcardinal.com\/\"},{\"@type\":\"ListItem\",\"position\":2,\"name\":\"Inaugura Ricardo Crespo casa de atenci\u00f3n ciudadana; ofrecer\u00e1 servicios m\u00e9dicos, jur\u00eddicos y talleres de capacitaci\u00f3n\"}]},{\"@type\":\"WebSite\",\"@id\":\"https:\/\/elcardinal.com\/#website\",\"url\":\"https:\/\/elcardinal.com\/\",\"name\":\"El Cardinal\",\"description\":\"Periodismo honesto, con valor, sentido humano, a veces sarc\u00e1stico y divertido.\",\"publisher\":{\"@id\":\"https:\/\/elcardinal.com\/#organization\"},\"alternateName\":\"El Cardinal Noticias\",\"potentialAction\":[{\"@type\":\"SearchAction\",\"target\":{\"@type\":\"EntryPoint\",\"urlTemplate\":\"https:\/\/elcardinal.com\/?s={search_term_string}\"},\"query-input\":{\"@type\":\"PropertyValueSpecification\",\"valueRequired\":true,\"valueName\":\"search_term_string\"}}],\"inLanguage\":\"es\"},{\"@type\":\"Organization\",\"@id\":\"https:\/\/elcardinal.com\/#organization\",\"name\":\"El Cardinal\",\"url\":\"https:\/\/elcardinal.com\/\",\"logo\":{\"@type\":\"ImageObject\",\"inLanguage\":\"es\",\"@id\":\"https:\/\/elcardinal.com\/#\/schema\/logo\/image\/\",\"url\":\"https:\/\/elcardinal.com\/wp-content\/uploads\/2025\/04\/LOGO-EL-CARDINAL-Periodismo-con-valor.png\",\"contentUrl\":\"https:\/\/elcardinal.com\/wp-content\/uploads\/2025\/04\/LOGO-EL-CARDINAL-Periodismo-con-valor.png\",\"width\":755,\"height\":636,\"caption\":\"El Cardinal\"},\"image\":{\"@id\":\"https:\/\/elcardinal.com\/#\/schema\/logo\/image\/\"},\"sameAs\":[\"https:\/\/www.facebook.com\/profile.php?id=100063093107011\",\"https:\/\/x.com\/ElCardinal_Mx\"]},{\"@type\":\"Person\",\"@id\":\"https:\/\/elcardinal.com\/#\/schema\/person\/3c352ec0a33987fe275c0e8a2ea69f8b\",\"name\":\"Antonio Alcaraz\",\"image\":{\"@type\":\"ImageObject\",\"inLanguage\":\"es\",\"@id\":\"https:\/\/elcardinal.com\/#\/schema\/person\/image\/\",\"url\":\"https:\/\/elcardinal.com\/wp-content\/uploads\/2025\/05\/cropped-TONO-96x96.jpg\",\"contentUrl\":\"https:\/\/elcardinal.com\/wp-content\/uploads\/2025\/05\/cropped-TONO-96x96.jpg\",\"caption\":\"Antonio Alcaraz\"},\"url\":\"https:\/\/elcardinal.com\/?author=2\"}]}<\/script>\n<!-- \/ Yoast SEO plugin. -->","yoast_head_json":{"title":"Inaugura Ricardo Crespo casa de atenci\u00f3n ciudadana; ofrecer\u00e1 servicios m\u00e9dicos, jur\u00eddicos y talleres de capacitaci\u00f3n - El Cardinal","robots":{"index":"index","follow":"follow","max-snippet":"max-snippet:-1","max-image-preview":"max-image-preview:large","max-video-preview":"max-video-preview:-1"},"canonical":"https:\/\/elcardinal.com\/?p=4693","og_locale":"es_MX","og_type":"article","og_title":"Inaugura Ricardo Crespo casa de atenci\u00f3n ciudadana; ofrecer\u00e1 servicios m\u00e9dicos, jur\u00eddicos y talleres de capacitaci\u00f3n - El Cardinal","og_description":"Por: Jos\u00e9 Antonio Alcaraz Su\u00e1rez PACHUCA, HGO.- La tarde de este martes, el diputado federal por Pachuca Ricardo Crespo Arroyo inaugur\u00f3 su Casa de Atenci\u00f3n Ciudadana, cumpliendo con uno de los compromisos asumidos durante su campa\u00f1a como legislador del distrito VI. Este espacio brindar\u00e1 servicios de atenci\u00f3n m\u00e9dica, asesor\u00eda jur\u00eddica y capacitaci\u00f3n para distintos sectores","og_url":"https:\/\/elcardinal.com\/?p=4693","og_site_name":"El Cardinal","article_publisher":"https:\/\/www.facebook.com\/profile.php?id=100063093107011","article_published_time":"2025-06-04T02:27:19+00:00","og_image":[{"width":1600,"height":1154,"url":"https:\/\/elcardinal.com\/wp-content\/uploads\/2025\/06\/WhatsApp-Image-2025-06-03-at-8.25.04-PM.jpeg","type":"image\/jpeg"}],"author":"Antonio Alcaraz","twitter_card":"summary_large_image","twitter_creator":"@ElCardinal_Mx","twitter_site":"@ElCardinal_Mx","twitter_misc":{"Escrito por":"Antonio Alcaraz","Tiempo de lectura":"3 minutos"},"schema":{"@context":"https:\/\/schema.org","@graph":[{"@type":"Article","@id":"https:\/\/elcardinal.com\/?p=4693#article","isPartOf":{"@id":"https:\/\/elcardinal.com\/?p=4693"},"author":{"name":"Antonio Alcaraz","@id":"https:\/\/elcardinal.com\/#\/schema\/person\/3c352ec0a33987fe275c0e8a2ea69f8b"},"headline":"Inaugura Ricardo Crespo casa de atenci\u00f3n ciudadana; ofrecer\u00e1 servicios m\u00e9dicos, jur\u00eddicos y talleres de capacitaci\u00f3n","datePublished":"2025-06-04T02:27:19+00:00","mainEntityOfPage":{"@id":"https:\/\/elcardinal.com\/?p=4693"},"wordCount":441,"commentCount":0,"publisher":{"@id":"https:\/\/elcardinal.com\/#organization"},"image":{"@id":"https:\/\/elcardinal.com\/?p=4693#primaryimage"},"thumbnailUrl":"https:\/\/elcardinal.com\/wp-content\/uploads\/2025\/06\/WhatsApp-Image-2025-06-03-at-8.25.04-PM.jpeg","keywords":["Pachuca","Ricardo Crespo"],"articleSection":["Metr\u00f3poli","Minuto a Minuto","Pol\u00edtica"],"inLanguage":"es","potentialAction":[{"@type":"CommentAction","name":"Comment","target":["https:\/\/elcardinal.com\/?p=4693#respond"]}]},{"@type":"WebPage","@id":"https:\/\/elcardinal.com\/?p=4693","url":"https:\/\/elcardinal.com\/?p=4693","name":"Inaugura Ricardo Crespo casa de atenci\u00f3n ciudadana; ofrecer\u00e1 servicios m\u00e9dicos, jur\u00eddicos y talleres de capacitaci\u00f3n - El Cardinal","isPartOf":{"@id":"https:\/\/elcardinal.com\/#website"},"primaryImageOfPage":{"@id":"https:\/\/elcardinal.com\/?p=4693#primaryimage"},"image":{"@id":"https:\/\/elcardinal.com\/?p=4693#primaryimage"},"thumbnailUrl":"https:\/\/elcardinal.com\/wp-content\/uploads\/2025\/06\/WhatsApp-Image-2025-06-03-at-8.25.04-PM.jpeg","datePublished":"2025-06-04T02:27:19+00:00","breadcrumb":{"@id":"https:\/\/elcardinal.com\/?p=4693#breadcrumb"},"inLanguage":"es","potentialAction":[{"@type":"ReadAction","target":["https:\/\/elcardinal.com\/?p=4693"]}]},{"@type":"ImageObject","inLanguage":"es","@id":"https:\/\/elcardinal.com\/?p=4693#primaryimage","url":"https:\/\/elcardinal.com\/wp-content\/uploads\/2025\/06\/WhatsApp-Image-2025-06-03-at-8.25.04-PM.jpeg","contentUrl":"https:\/\/elcardinal.com\/wp-content\/uploads\/2025\/06\/WhatsApp-Image-2025-06-03-at-8.25.04-PM.jpeg","width":1600,"height":1154},{"@type":"BreadcrumbList","@id":"https:\/\/elcardinal.com\/?p=4693#breadcrumb","itemListElement":[{"@type":"ListItem","position":1,"name":"Inicio","item":"https:\/\/elcardinal.com\/"},{"@type":"ListItem","position":2,"name":"Inaugura Ricardo Crespo casa de atenci\u00f3n ciudadana; ofrecer\u00e1 servicios m\u00e9dicos, jur\u00eddicos y talleres de capacitaci\u00f3n"}]},{"@type":"WebSite","@id":"https:\/\/elcardinal.com\/#website","url":"https:\/\/elcardinal.com\/","name":"El Cardinal","description":"Periodismo honesto, con valor, sentido humano, a veces sarc\u00e1stico y divertido.","publisher":{"@id":"https:\/\/elcardinal.com\/#organization"},"alternateName":"El Cardinal Noticias","potentialAction":[{"@type":"SearchAction","target":{"@type":"EntryPoint","urlTemplate":"https:\/\/elcardinal.com\/?s={search_term_string}"},"query-input":{"@type":"PropertyValueSpecification","valueRequired":true,"valueName":"search_term_string"}}],"inLanguage":"es"},{"@type":"Organization","@id":"https:\/\/elcardinal.com\/#organization","name":"El Cardinal","url":"https:\/\/elcardinal.com\/","logo":{"@type":"ImageObject","inLanguage":"es","@id":"https:\/\/elcardinal.com\/#\/schema\/logo\/image\/","url":"https:\/\/elcardinal.com\/wp-content\/uploads\/2025\/04\/LOGO-EL-CARDINAL-Periodismo-con-valor.png","contentUrl":"https:\/\/elcardinal.com\/wp-content\/uploads\/2025\/04\/LOGO-EL-CARDINAL-Periodismo-con-valor.png","width":755,"height":636,"caption":"El Cardinal"},"image":{"@id":"https:\/\/elcardinal.com\/#\/schema\/logo\/image\/"},"sameAs":["https:\/\/www.facebook.com\/profile.php?id=100063093107011","https:\/\/x.com\/ElCardinal_Mx"]},{"@type":"Person","@id":"https:\/\/elcardinal.com\/#\/schema\/person\/3c352ec0a33987fe275c0e8a2ea69f8b","name":"Antonio Alcaraz","image":{"@type":"ImageObject","inLanguage":"es","@id":"https:\/\/elcardinal.com\/#\/schema\/person\/image\/","url":"https:\/\/elcardinal.com\/wp-content\/uploads\/2025\/05\/cropped-TONO-96x96.jpg","contentUrl":"https:\/\/elcardinal.com\/wp-content\/uploads\/2025\/05\/cropped-TONO-96x96.jpg","caption":"Antonio Alcaraz"},"url":"https:\/\/elcardinal.com\/?author=2"}]}},"_links":{"self":[{"href":"https:\/\/elcardinal.com\/index.php?rest_route=\/wp\/v2\/posts\/4693","targetHints":{"allow":["GET"]}}],"collection":[{"href":"https:\/\/elcardinal.com\/index.php?rest_route=\/wp\/v2\/posts"}],"about":[{"href":"https:\/\/elcardinal.com\/index.php?rest_route=\/wp\/v2\/types\/post"}],"author":[{"embeddable":true,"href":"https:\/\/elcardinal.com\/index.php?rest_route=\/wp\/v2\/users\/2"}],"replies":[{"embeddable":true,"href":"https:\/\/elcardinal.com\/index.php?rest_route=%2Fwp%2Fv2%2Fcomments&post=4693"}],"version-history":[{"count":1,"href":"https:\/\/elcardinal.com\/index.php?rest_route=\/wp\/v2\/posts\/4693\/revisions"}],"predecessor-version":[{"id":4697,"href":"https:\/\/elcardinal.com\/index.php?rest_route=\/wp\/v2\/posts\/4693\/revisions\/4697"}],"wp:featuredmedia":[{"embeddable":true,"href":"https:\/\/elcardinal.com\/index.php?rest_route=\/wp\/v2\/media\/4694"}],"wp:attachment":[{"href":"https:\/\/elcardinal.com\/index.php?rest_route=%2Fwp%2Fv2%2Fmedia&parent=4693"}],"wp:term":[{"taxonomy":"category","embeddable":true,"href":"https:\/\/elcardinal.com\/index.php?rest_route=%2Fwp%2Fv2%2Fcategories&post=4693"},{"taxonomy":"post_tag","embeddable":true,"href":"https:\/\/elcardinal.com\/index.php?rest_route=%2Fwp%2Fv2%2Ftags&post=4693"}],"curies":[{"name":"wp","href":"https:\/\/api.w.org\/{rel}","templated":true}]}}