{"id":4702,"date":"2025-06-04T15:51:23","date_gmt":"2025-06-04T21:51:23","guid":{"rendered":"https:\/\/elcardinal.com\/?p=4702"},"modified":"2025-06-04T15:51:23","modified_gmt":"2025-06-04T21:51:23","slug":"el-boxeador-julio-cesar-chavez-llega-a-hidalgo-con-todo-y-propuesta-de-impacto","status":"publish","type":"post","link":"https:\/\/elcardinal.com\/?p=4702","title":{"rendered":"El boxeador Julio C\u00e9sar Ch\u00e1vez llega a Hidalgo con todo y propuesta de impacto"},"content":{"rendered":"<p>By El Cardinalito<\/p>\n<p>Este d\u00eda, el legendario exboxeador Julio C\u00e9sar Ch\u00e1vez hizo una parada de campe\u00f3n en tierras hidalguenses para reunirse con el gobernador Julio Menchaca y el director del Instituto Hidalguense del Deporte, el tambi\u00e9n hist\u00f3rico \u00d3scar \u201cEl Conejo\u201d P\u00e9rez.<\/p>\n<p>Entre an\u00e9cdotas de gloria, sudor y disciplina, los campeones compartieron m\u00e1s que saludos: hablaron de estrategias para impulsar el deporte en el estado, as\u00ed como de un proyecto que podr\u00eda cambiar vidas.<\/p>\n<p>Hace algunos meses, Julio Menchaca revel\u00f3 que Ch\u00e1vez \u2014quien ha sido voz fuerte en la lucha contra las adicciones\u2014 le expres\u00f3 su intenci\u00f3n de instalar un centro de rehabilitaci\u00f3n en Hidalgo, y esta visita refuerza ese compromiso.<\/p>\n<p>&#8220;Gracias a mi amigo Julio C\u00e9sar Ch\u00e1vez por su presencia y por compartir an\u00e9cdotas de campeones&#8221;, expres\u00f3 el mandatario. \u00a1Y vaya que eran puras leyendas en esa mesa!<\/p>\n<p>Porque cuando el deporte se mezcla con voluntad, inspiraci\u00f3n y segundas oportunidades, solo pueden salir cosas buenas para Hidalgo.<\/p>\n","protected":false},"excerpt":{"rendered":"<p>By El Cardinalito Este d\u00eda, el legendario exboxeador Julio C\u00e9sar Ch\u00e1vez hizo una parada de campe\u00f3n en tierras hidalguenses para reunirse con el gobernador Julio Menchaca y el director del Instituto Hidalguense del Deporte, el tambi\u00e9n hist\u00f3rico \u00d3scar \u201cEl Conejo\u201d P\u00e9rez. Entre an\u00e9cdotas de gloria, sudor y disciplina, los campeones compartieron m\u00e1s que saludos: hablaron<\/p>\n","protected":false},"author":2,"featured_media":4703,"comment_status":"open","ping_status":"open","sticky":false,"template":"","format":"standard","meta":{"footnotes":""},"categories":[31,44],"tags":[173,210,85,211],"class_list":{"0":"post-4702","1":"post","2":"type-post","3":"status-publish","4":"format-standard","5":"has-post-thumbnail","7":"category-hidalgo","8":"category-minuto-a-minuto","9":"tag-gobierno-de-hidalgo","10":"tag-julio-cesar-chavez","11":"tag-julio-menchaca","12":"tag-oscar-el-conejo-perez"},"yoast_head":"<!-- This site is optimized with the Yoast SEO plugin v26.1.1 - https:\/\/yoast.com\/wordpress\/plugins\/seo\/ -->\n<title>El boxeador Julio C\u00e9sar Ch\u00e1vez llega a Hidalgo con todo y propuesta de impacto - El Cardinal<\/title>\n<meta name=\"robots\" content=\"index, follow, max-snippet:-1, max-image-preview:large, max-video-preview:-1\" \/>\n<link rel=\"canonical\" href=\"https:\/\/elcardinal.com\/?p=4702\" \/>\n<meta property=\"og:locale\" content=\"es_MX\" \/>\n<meta property=\"og:type\" content=\"article\" \/>\n<meta property=\"og:title\" content=\"El boxeador Julio C\u00e9sar Ch\u00e1vez llega a Hidalgo con todo y propuesta de impacto - El Cardinal\" \/>\n<meta property=\"og:description\" content=\"By El Cardinalito Este d\u00eda, el legendario exboxeador Julio C\u00e9sar Ch\u00e1vez hizo una parada de campe\u00f3n en tierras hidalguenses para reunirse con el gobernador Julio Menchaca y el director del Instituto Hidalguense del Deporte, el tambi\u00e9n hist\u00f3rico \u00d3scar \u201cEl Conejo\u201d P\u00e9rez. Entre an\u00e9cdotas de gloria, sudor y disciplina, los campeones compartieron m\u00e1s que saludos: hablaron\" \/>\n<meta property=\"og:url\" content=\"https:\/\/elcardinal.com\/?p=4702\" \/>\n<meta property=\"og:site_name\" content=\"El Cardinal\" \/>\n<meta property=\"article:publisher\" content=\"https:\/\/www.facebook.com\/profile.php?id=100063093107011\" \/>\n<meta property=\"article:published_time\" content=\"2025-06-04T21:51:23+00:00\" \/>\n<meta property=\"og:image\" content=\"https:\/\/elcardinal.com\/wp-content\/uploads\/2025\/06\/FB_IMG_1749073301146.jpg\" \/>\n\t<meta property=\"og:image:width\" content=\"1516\" \/>\n\t<meta property=\"og:image:height\" content=\"913\" \/>\n\t<meta property=\"og:image:type\" content=\"image\/jpeg\" \/>\n<meta name=\"author\" content=\"Antonio Alcaraz\" \/>\n<meta name=\"twitter:card\" content=\"summary_large_image\" \/>\n<meta name=\"twitter:creator\" content=\"@ElCardinal_Mx\" \/>\n<meta name=\"twitter:site\" content=\"@ElCardinal_Mx\" \/>\n<meta name=\"twitter:label1\" content=\"Escrito por\" \/>\n\t<meta name=\"twitter:data1\" content=\"Antonio Alcaraz\" \/>\n\t<meta name=\"twitter:label2\" content=\"Tiempo de lectura\" \/>\n\t<meta name=\"twitter:data2\" content=\"1 minuto\" \/>\n<script type=\"application\/ld+json\" class=\"yoast-schema-graph\">{\"@context\":\"https:\/\/schema.org\",\"@graph\":[{\"@type\":\"Article\",\"@id\":\"https:\/\/elcardinal.com\/?p=4702#article\",\"isPartOf\":{\"@id\":\"https:\/\/elcardinal.com\/?p=4702\"},\"author\":{\"name\":\"Antonio Alcaraz\",\"@id\":\"https:\/\/elcardinal.com\/#\/schema\/person\/3c352ec0a33987fe275c0e8a2ea69f8b\"},\"headline\":\"El boxeador Julio C\u00e9sar Ch\u00e1vez llega a Hidalgo con todo y propuesta de impacto\",\"datePublished\":\"2025-06-04T21:51:23+00:00\",\"mainEntityOfPage\":{\"@id\":\"https:\/\/elcardinal.com\/?p=4702\"},\"wordCount\":190,\"commentCount\":0,\"publisher\":{\"@id\":\"https:\/\/elcardinal.com\/#organization\"},\"image\":{\"@id\":\"https:\/\/elcardinal.com\/?p=4702#primaryimage\"},\"thumbnailUrl\":\"https:\/\/elcardinal.com\/wp-content\/uploads\/2025\/06\/FB_IMG_1749073301146.jpg\",\"keywords\":[\"Gobierno de Hidalgo\",\"Julio Cesar Ch\u00e1vez\",\"Julio Menchaca\",\"Oscar El Conejo P\u00e9rez\"],\"articleSection\":[\"Hidalgo\",\"Minuto a Minuto\"],\"inLanguage\":\"es\",\"potentialAction\":[{\"@type\":\"CommentAction\",\"name\":\"Comment\",\"target\":[\"https:\/\/elcardinal.com\/?p=4702#respond\"]}]},{\"@type\":\"WebPage\",\"@id\":\"https:\/\/elcardinal.com\/?p=4702\",\"url\":\"https:\/\/elcardinal.com\/?p=4702\",\"name\":\"El boxeador Julio C\u00e9sar Ch\u00e1vez llega a Hidalgo con todo y propuesta de impacto - El Cardinal\",\"isPartOf\":{\"@id\":\"https:\/\/elcardinal.com\/#website\"},\"primaryImageOfPage\":{\"@id\":\"https:\/\/elcardinal.com\/?p=4702#primaryimage\"},\"image\":{\"@id\":\"https:\/\/elcardinal.com\/?p=4702#primaryimage\"},\"thumbnailUrl\":\"https:\/\/elcardinal.com\/wp-content\/uploads\/2025\/06\/FB_IMG_1749073301146.jpg\",\"datePublished\":\"2025-06-04T21:51:23+00:00\",\"breadcrumb\":{\"@id\":\"https:\/\/elcardinal.com\/?p=4702#breadcrumb\"},\"inLanguage\":\"es\",\"potentialAction\":[{\"@type\":\"ReadAction\",\"target\":[\"https:\/\/elcardinal.com\/?p=4702\"]}]},{\"@type\":\"ImageObject\",\"inLanguage\":\"es\",\"@id\":\"https:\/\/elcardinal.com\/?p=4702#primaryimage\",\"url\":\"https:\/\/elcardinal.com\/wp-content\/uploads\/2025\/06\/FB_IMG_1749073301146.jpg\",\"contentUrl\":\"https:\/\/elcardinal.com\/wp-content\/uploads\/2025\/06\/FB_IMG_1749073301146.jpg\",\"width\":1516,\"height\":913},{\"@type\":\"BreadcrumbList\",\"@id\":\"https:\/\/elcardinal.com\/?p=4702#breadcrumb\",\"itemListElement\":[{\"@type\":\"ListItem\",\"position\":1,\"name\":\"Inicio\",\"item\":\"https:\/\/elcardinal.com\/\"},{\"@type\":\"ListItem\",\"position\":2,\"name\":\"El boxeador Julio C\u00e9sar Ch\u00e1vez llega a Hidalgo con todo y propuesta de impacto\"}]},{\"@type\":\"WebSite\",\"@id\":\"https:\/\/elcardinal.com\/#website\",\"url\":\"https:\/\/elcardinal.com\/\",\"name\":\"El Cardinal\",\"description\":\"Periodismo honesto, con valor, sentido humano, a veces sarc\u00e1stico y divertido.\",\"publisher\":{\"@id\":\"https:\/\/elcardinal.com\/#organization\"},\"alternateName\":\"El Cardinal Noticias\",\"potentialAction\":[{\"@type\":\"SearchAction\",\"target\":{\"@type\":\"EntryPoint\",\"urlTemplate\":\"https:\/\/elcardinal.com\/?s={search_term_string}\"},\"query-input\":{\"@type\":\"PropertyValueSpecification\",\"valueRequired\":true,\"valueName\":\"search_term_string\"}}],\"inLanguage\":\"es\"},{\"@type\":\"Organization\",\"@id\":\"https:\/\/elcardinal.com\/#organization\",\"name\":\"El Cardinal\",\"url\":\"https:\/\/elcardinal.com\/\",\"logo\":{\"@type\":\"ImageObject\",\"inLanguage\":\"es\",\"@id\":\"https:\/\/elcardinal.com\/#\/schema\/logo\/image\/\",\"url\":\"https:\/\/elcardinal.com\/wp-content\/uploads\/2025\/04\/LOGO-EL-CARDINAL-Periodismo-con-valor.png\",\"contentUrl\":\"https:\/\/elcardinal.com\/wp-content\/uploads\/2025\/04\/LOGO-EL-CARDINAL-Periodismo-con-valor.png\",\"width\":755,\"height\":636,\"caption\":\"El Cardinal\"},\"image\":{\"@id\":\"https:\/\/elcardinal.com\/#\/schema\/logo\/image\/\"},\"sameAs\":[\"https:\/\/www.facebook.com\/profile.php?id=100063093107011\",\"https:\/\/x.com\/ElCardinal_Mx\"]},{\"@type\":\"Person\",\"@id\":\"https:\/\/elcardinal.com\/#\/schema\/person\/3c352ec0a33987fe275c0e8a2ea69f8b\",\"name\":\"Antonio Alcaraz\",\"image\":{\"@type\":\"ImageObject\",\"inLanguage\":\"es\",\"@id\":\"https:\/\/elcardinal.com\/#\/schema\/person\/image\/\",\"url\":\"https:\/\/elcardinal.com\/wp-content\/uploads\/2025\/05\/cropped-TONO-96x96.jpg\",\"contentUrl\":\"https:\/\/elcardinal.com\/wp-content\/uploads\/2025\/05\/cropped-TONO-96x96.jpg\",\"caption\":\"Antonio Alcaraz\"},\"url\":\"https:\/\/elcardinal.com\/?author=2\"}]}<\/script>\n<!-- \/ Yoast SEO plugin. -->","yoast_head_json":{"title":"El boxeador Julio C\u00e9sar Ch\u00e1vez llega a Hidalgo con todo y propuesta de impacto - El Cardinal","robots":{"index":"index","follow":"follow","max-snippet":"max-snippet:-1","max-image-preview":"max-image-preview:large","max-video-preview":"max-video-preview:-1"},"canonical":"https:\/\/elcardinal.com\/?p=4702","og_locale":"es_MX","og_type":"article","og_title":"El boxeador Julio C\u00e9sar Ch\u00e1vez llega a Hidalgo con todo y propuesta de impacto - El Cardinal","og_description":"By El Cardinalito Este d\u00eda, el legendario exboxeador Julio C\u00e9sar Ch\u00e1vez hizo una parada de campe\u00f3n en tierras hidalguenses para reunirse con el gobernador Julio Menchaca y el director del Instituto Hidalguense del Deporte, el tambi\u00e9n hist\u00f3rico \u00d3scar \u201cEl Conejo\u201d P\u00e9rez. Entre an\u00e9cdotas de gloria, sudor y disciplina, los campeones compartieron m\u00e1s que saludos: hablaron","og_url":"https:\/\/elcardinal.com\/?p=4702","og_site_name":"El Cardinal","article_publisher":"https:\/\/www.facebook.com\/profile.php?id=100063093107011","article_published_time":"2025-06-04T21:51:23+00:00","og_image":[{"width":1516,"height":913,"url":"https:\/\/elcardinal.com\/wp-content\/uploads\/2025\/06\/FB_IMG_1749073301146.jpg","type":"image\/jpeg"}],"author":"Antonio Alcaraz","twitter_card":"summary_large_image","twitter_creator":"@ElCardinal_Mx","twitter_site":"@ElCardinal_Mx","twitter_misc":{"Escrito por":"Antonio Alcaraz","Tiempo de lectura":"1 minuto"},"schema":{"@context":"https:\/\/schema.org","@graph":[{"@type":"Article","@id":"https:\/\/elcardinal.com\/?p=4702#article","isPartOf":{"@id":"https:\/\/elcardinal.com\/?p=4702"},"author":{"name":"Antonio Alcaraz","@id":"https:\/\/elcardinal.com\/#\/schema\/person\/3c352ec0a33987fe275c0e8a2ea69f8b"},"headline":"El boxeador Julio C\u00e9sar Ch\u00e1vez llega a Hidalgo con todo y propuesta de impacto","datePublished":"2025-06-04T21:51:23+00:00","mainEntityOfPage":{"@id":"https:\/\/elcardinal.com\/?p=4702"},"wordCount":190,"commentCount":0,"publisher":{"@id":"https:\/\/elcardinal.com\/#organization"},"image":{"@id":"https:\/\/elcardinal.com\/?p=4702#primaryimage"},"thumbnailUrl":"https:\/\/elcardinal.com\/wp-content\/uploads\/2025\/06\/FB_IMG_1749073301146.jpg","keywords":["Gobierno de Hidalgo","Julio Cesar Ch\u00e1vez","Julio Menchaca","Oscar El Conejo P\u00e9rez"],"articleSection":["Hidalgo","Minuto a Minuto"],"inLanguage":"es","potentialAction":[{"@type":"CommentAction","name":"Comment","target":["https:\/\/elcardinal.com\/?p=4702#respond"]}]},{"@type":"WebPage","@id":"https:\/\/elcardinal.com\/?p=4702","url":"https:\/\/elcardinal.com\/?p=4702","name":"El boxeador Julio C\u00e9sar Ch\u00e1vez llega a Hidalgo con todo y propuesta de impacto - El Cardinal","isPartOf":{"@id":"https:\/\/elcardinal.com\/#website"},"primaryImageOfPage":{"@id":"https:\/\/elcardinal.com\/?p=4702#primaryimage"},"image":{"@id":"https:\/\/elcardinal.com\/?p=4702#primaryimage"},"thumbnailUrl":"https:\/\/elcardinal.com\/wp-content\/uploads\/2025\/06\/FB_IMG_1749073301146.jpg","datePublished":"2025-06-04T21:51:23+00:00","breadcrumb":{"@id":"https:\/\/elcardinal.com\/?p=4702#breadcrumb"},"inLanguage":"es","potentialAction":[{"@type":"ReadAction","target":["https:\/\/elcardinal.com\/?p=4702"]}]},{"@type":"ImageObject","inLanguage":"es","@id":"https:\/\/elcardinal.com\/?p=4702#primaryimage","url":"https:\/\/elcardinal.com\/wp-content\/uploads\/2025\/06\/FB_IMG_1749073301146.jpg","contentUrl":"https:\/\/elcardinal.com\/wp-content\/uploads\/2025\/06\/FB_IMG_1749073301146.jpg","width":1516,"height":913},{"@type":"BreadcrumbList","@id":"https:\/\/elcardinal.com\/?p=4702#breadcrumb","itemListElement":[{"@type":"ListItem","position":1,"name":"Inicio","item":"https:\/\/elcardinal.com\/"},{"@type":"ListItem","position":2,"name":"El boxeador Julio C\u00e9sar Ch\u00e1vez llega a Hidalgo con todo y propuesta de impacto"}]},{"@type":"WebSite","@id":"https:\/\/elcardinal.com\/#website","url":"https:\/\/elcardinal.com\/","name":"El Cardinal","description":"Periodismo honesto, con valor, sentido humano, a veces sarc\u00e1stico y divertido.","publisher":{"@id":"https:\/\/elcardinal.com\/#organization"},"alternateName":"El Cardinal Noticias","potentialAction":[{"@type":"SearchAction","target":{"@type":"EntryPoint","urlTemplate":"https:\/\/elcardinal.com\/?s={search_term_string}"},"query-input":{"@type":"PropertyValueSpecification","valueRequired":true,"valueName":"search_term_string"}}],"inLanguage":"es"},{"@type":"Organization","@id":"https:\/\/elcardinal.com\/#organization","name":"El Cardinal","url":"https:\/\/elcardinal.com\/","logo":{"@type":"ImageObject","inLanguage":"es","@id":"https:\/\/elcardinal.com\/#\/schema\/logo\/image\/","url":"https:\/\/elcardinal.com\/wp-content\/uploads\/2025\/04\/LOGO-EL-CARDINAL-Periodismo-con-valor.png","contentUrl":"https:\/\/elcardinal.com\/wp-content\/uploads\/2025\/04\/LOGO-EL-CARDINAL-Periodismo-con-valor.png","width":755,"height":636,"caption":"El Cardinal"},"image":{"@id":"https:\/\/elcardinal.com\/#\/schema\/logo\/image\/"},"sameAs":["https:\/\/www.facebook.com\/profile.php?id=100063093107011","https:\/\/x.com\/ElCardinal_Mx"]},{"@type":"Person","@id":"https:\/\/elcardinal.com\/#\/schema\/person\/3c352ec0a33987fe275c0e8a2ea69f8b","name":"Antonio Alcaraz","image":{"@type":"ImageObject","inLanguage":"es","@id":"https:\/\/elcardinal.com\/#\/schema\/person\/image\/","url":"https:\/\/elcardinal.com\/wp-content\/uploads\/2025\/05\/cropped-TONO-96x96.jpg","contentUrl":"https:\/\/elcardinal.com\/wp-content\/uploads\/2025\/05\/cropped-TONO-96x96.jpg","caption":"Antonio Alcaraz"},"url":"https:\/\/elcardinal.com\/?author=2"}]}},"_links":{"self":[{"href":"https:\/\/elcardinal.com\/index.php?rest_route=\/wp\/v2\/posts\/4702","targetHints":{"allow":["GET"]}}],"collection":[{"href":"https:\/\/elcardinal.com\/index.php?rest_route=\/wp\/v2\/posts"}],"about":[{"href":"https:\/\/elcardinal.com\/index.php?rest_route=\/wp\/v2\/types\/post"}],"author":[{"embeddable":true,"href":"https:\/\/elcardinal.com\/index.php?rest_route=\/wp\/v2\/users\/2"}],"replies":[{"embeddable":true,"href":"https:\/\/elcardinal.com\/index.php?rest_route=%2Fwp%2Fv2%2Fcomments&post=4702"}],"version-history":[{"count":1,"href":"https:\/\/elcardinal.com\/index.php?rest_route=\/wp\/v2\/posts\/4702\/revisions"}],"predecessor-version":[{"id":4704,"href":"https:\/\/elcardinal.com\/index.php?rest_route=\/wp\/v2\/posts\/4702\/revisions\/4704"}],"wp:featuredmedia":[{"embeddable":true,"href":"https:\/\/elcardinal.com\/index.php?rest_route=\/wp\/v2\/media\/4703"}],"wp:attachment":[{"href":"https:\/\/elcardinal.com\/index.php?rest_route=%2Fwp%2Fv2%2Fmedia&parent=4702"}],"wp:term":[{"taxonomy":"category","embeddable":true,"href":"https:\/\/elcardinal.com\/index.php?rest_route=%2Fwp%2Fv2%2Fcategories&post=4702"},{"taxonomy":"post_tag","embeddable":true,"href":"https:\/\/elcardinal.com\/index.php?rest_route=%2Fwp%2Fv2%2Ftags&post=4702"}],"curies":[{"name":"wp","href":"https:\/\/api.w.org\/{rel}","templated":true}]}}