{"id":4707,"date":"2025-06-04T20:32:26","date_gmt":"2025-06-05T02:32:26","guid":{"rendered":"https:\/\/elcardinal.com\/?p=4707"},"modified":"2025-06-04T20:33:59","modified_gmt":"2025-06-05T02:33:59","slug":"directora-manipulo-informacion-del-evento-en-primaria-donde-hubo-pelea-de-gallos-seph","status":"publish","type":"post","link":"https:\/\/elcardinal.com\/?p=4707","title":{"rendered":"Directora manipul\u00f3 informaci\u00f3n del evento en primaria donde hubo pelea de gallos: SEPH"},"content":{"rendered":"<p>Por:<strong> Jos\u00e9 Antonio Alcaraz Su\u00e1rez<\/strong><\/p>\n<p>Pachuca, Hgo.\u2014 El secretario de Educaci\u00f3n P\u00fablica de Hidalgo (SEPH), <strong>Natividad Castrej\u00f3n Valdez<\/strong>, rompi\u00f3 el silencio tras la difusi\u00f3n de un video en redes sociales donde se observa una exhibici\u00f3n de gallos en una escuela primaria Frida Kahlo, en Pachuca.<\/p>\n<p>El funcionario estatal calific\u00f3 como grave lo ocurrido y anunci\u00f3 una investigaci\u00f3n formal por el evento y por la informaci\u00f3n falsa enviada por la directora del plantel, ya que habr\u00eda manipulada la informaci\u00f3n.<\/p>\n<p>En entrevista con <strong>El Cardinalito<\/strong>, Natividad Castrej\u00f3n dijo que, inicialmente la subsecretaria de educaci\u00f3n le hizo llegar un oficio en el que la directora de la escuela dice que \u201cestaban en un evento cultural y que los gallos solamente los pusieron como parte de la escenograf\u00eda, pero que nunca estuvieron en peligro y que los ni\u00f1os nunca los vieron peleando\u201d, cont\u00f3.<\/p>\n<blockquote><p>Posteriormente, en redes sociales \u201cvi el video completo, lo que observ\u00e9 no se parece en nada a lo que dec\u00eda el oficio que me enviaron (una pelea de gallos en el patio escolar siendo vitoreada por los alumnos y maestros). Repruebo el hecho en s\u00ed, pero m\u00e1s a\u00fan que intentaran manipular la versi\u00f3n de lo sucedido&#8221;, expres\u00f3 Castrej\u00f3n Valdez.<\/p><\/blockquote>\n<p>Seg\u00fan explic\u00f3, inicialmente se le inform\u00f3 que se trataba de una simple escenograf\u00eda dentro de un evento cultural, sin riesgo para los menores. Sin embargo, el video desminti\u00f3 por completo esa versi\u00f3n.<\/p>\n<p><strong>Ante esta contradicci\u00f3n, el secretario orden\u00f3:<\/strong><\/p>\n<p>\ud83d\udd39 Citar a la directora y a la supervisora escolar<\/p>\n<p>\ud83d\udd39 Abrir una investigaci\u00f3n oficial<\/p>\n<p>\ud83d\udd39 Determinar sanciones administrativas si corresponde<\/p>\n<p>\ud83d\udd39 Turnar el caso al \u00d3rgano Interno de Control si as\u00ed se requiere<\/p>\n<p>Castrej\u00f3n hizo un en\u00e9rgico llamado al sentido com\u00fan de directivos, docentes y padres de familia:<\/p>\n<blockquote><p>&#8220;Debemos poner siempre en el centro la salud e integridad de las ni\u00f1as, ni\u00f1os y adolescentes. No se trata de un tema moral, sino de protegerlos y garantizar espacios educativos seguros&#8221;, subray\u00f3.<\/p><\/blockquote>\n<p>El caso se suma a otros hechos pol\u00e9micos detectados recientemente en festividades escolares, lo que pone sobre la mesa la necesidad de reforzar criterios y protocolos en los centros educativos.<\/p>\n","protected":false},"excerpt":{"rendered":"<p>Por: Jos\u00e9 Antonio Alcaraz Su\u00e1rez Pachuca, Hgo.\u2014 El secretario de Educaci\u00f3n P\u00fablica de Hidalgo (SEPH), Natividad Castrej\u00f3n Valdez, rompi\u00f3 el silencio tras la difusi\u00f3n de un video en redes sociales donde se observa una exhibici\u00f3n de gallos en una escuela primaria Frida Kahlo, en Pachuca. El funcionario estatal calific\u00f3 como grave lo ocurrido y anunci\u00f3<\/p>\n","protected":false},"author":2,"featured_media":4708,"comment_status":"open","ping_status":"open","sticky":false,"template":"","format":"standard","meta":{"footnotes":""},"categories":[31,44],"tags":[87,212,213,214,215],"class_list":{"0":"post-4707","1":"post","2":"type-post","3":"status-publish","4":"format-standard","5":"has-post-thumbnail","7":"category-hidalgo","8":"category-minuto-a-minuto","9":"tag-hidalgo","10":"tag-natividad-castrejon-valdez","11":"tag-pelea-de-gallos","12":"tag-primaria","13":"tag-seph"},"yoast_head":"<!-- This site is optimized with the Yoast SEO plugin v26.1.1 - https:\/\/yoast.com\/wordpress\/plugins\/seo\/ -->\n<title>Directora manipul\u00f3 informaci\u00f3n del evento en primaria donde hubo pelea de gallos: SEPH - El Cardinal<\/title>\n<meta name=\"robots\" content=\"index, follow, max-snippet:-1, max-image-preview:large, max-video-preview:-1\" \/>\n<link rel=\"canonical\" href=\"https:\/\/elcardinal.com\/?p=4707\" \/>\n<meta property=\"og:locale\" content=\"es_MX\" \/>\n<meta property=\"og:type\" content=\"article\" \/>\n<meta property=\"og:title\" content=\"Directora manipul\u00f3 informaci\u00f3n del evento en primaria donde hubo pelea de gallos: SEPH - El Cardinal\" \/>\n<meta property=\"og:description\" content=\"Por: Jos\u00e9 Antonio Alcaraz Su\u00e1rez Pachuca, Hgo.\u2014 El secretario de Educaci\u00f3n P\u00fablica de Hidalgo (SEPH), Natividad Castrej\u00f3n Valdez, rompi\u00f3 el silencio tras la difusi\u00f3n de un video en redes sociales donde se observa una exhibici\u00f3n de gallos en una escuela primaria Frida Kahlo, en Pachuca. El funcionario estatal calific\u00f3 como grave lo ocurrido y anunci\u00f3\" \/>\n<meta property=\"og:url\" content=\"https:\/\/elcardinal.com\/?p=4707\" \/>\n<meta property=\"og:site_name\" content=\"El Cardinal\" \/>\n<meta property=\"article:publisher\" content=\"https:\/\/www.facebook.com\/profile.php?id=100063093107011\" \/>\n<meta property=\"article:published_time\" content=\"2025-06-05T02:32:26+00:00\" \/>\n<meta property=\"article:modified_time\" content=\"2025-06-05T02:33:59+00:00\" \/>\n<meta property=\"og:image\" content=\"https:\/\/elcardinal.com\/wp-content\/uploads\/2025\/06\/WhatsApp-Image-2025-06-04-at-8.29.30-PM.jpeg\" \/>\n\t<meta property=\"og:image:width\" content=\"1600\" \/>\n\t<meta property=\"og:image:height\" content=\"1038\" \/>\n\t<meta property=\"og:image:type\" content=\"image\/jpeg\" \/>\n<meta name=\"author\" content=\"Antonio Alcaraz\" \/>\n<meta name=\"twitter:card\" content=\"summary_large_image\" \/>\n<meta name=\"twitter:creator\" content=\"@ElCardinal_Mx\" \/>\n<meta name=\"twitter:site\" content=\"@ElCardinal_Mx\" \/>\n<meta name=\"twitter:label1\" content=\"Escrito por\" \/>\n\t<meta name=\"twitter:data1\" content=\"Antonio Alcaraz\" \/>\n\t<meta name=\"twitter:label2\" content=\"Tiempo de lectura\" \/>\n\t<meta name=\"twitter:data2\" content=\"2 minutos\" \/>\n<script type=\"application\/ld+json\" class=\"yoast-schema-graph\">{\"@context\":\"https:\/\/schema.org\",\"@graph\":[{\"@type\":\"Article\",\"@id\":\"https:\/\/elcardinal.com\/?p=4707#article\",\"isPartOf\":{\"@id\":\"https:\/\/elcardinal.com\/?p=4707\"},\"author\":{\"name\":\"Antonio Alcaraz\",\"@id\":\"https:\/\/elcardinal.com\/#\/schema\/person\/3c352ec0a33987fe275c0e8a2ea69f8b\"},\"headline\":\"Directora manipul\u00f3 informaci\u00f3n del evento en primaria donde hubo pelea de gallos: SEPH\",\"datePublished\":\"2025-06-05T02:32:26+00:00\",\"dateModified\":\"2025-06-05T02:33:59+00:00\",\"mainEntityOfPage\":{\"@id\":\"https:\/\/elcardinal.com\/?p=4707\"},\"wordCount\":387,\"commentCount\":0,\"publisher\":{\"@id\":\"https:\/\/elcardinal.com\/#organization\"},\"image\":{\"@id\":\"https:\/\/elcardinal.com\/?p=4707#primaryimage\"},\"thumbnailUrl\":\"https:\/\/elcardinal.com\/wp-content\/uploads\/2025\/06\/WhatsApp-Image-2025-06-04-at-8.29.30-PM.jpeg\",\"keywords\":[\"Hidalgo\",\"Natividad Castrej\u00f3n Valdez\",\"Pelea de Gallos\",\"Primaria\",\"SEPH\"],\"articleSection\":[\"Hidalgo\",\"Minuto a Minuto\"],\"inLanguage\":\"es\",\"potentialAction\":[{\"@type\":\"CommentAction\",\"name\":\"Comment\",\"target\":[\"https:\/\/elcardinal.com\/?p=4707#respond\"]}]},{\"@type\":\"WebPage\",\"@id\":\"https:\/\/elcardinal.com\/?p=4707\",\"url\":\"https:\/\/elcardinal.com\/?p=4707\",\"name\":\"Directora manipul\u00f3 informaci\u00f3n del evento en primaria donde hubo pelea de gallos: SEPH - El Cardinal\",\"isPartOf\":{\"@id\":\"https:\/\/elcardinal.com\/#website\"},\"primaryImageOfPage\":{\"@id\":\"https:\/\/elcardinal.com\/?p=4707#primaryimage\"},\"image\":{\"@id\":\"https:\/\/elcardinal.com\/?p=4707#primaryimage\"},\"thumbnailUrl\":\"https:\/\/elcardinal.com\/wp-content\/uploads\/2025\/06\/WhatsApp-Image-2025-06-04-at-8.29.30-PM.jpeg\",\"datePublished\":\"2025-06-05T02:32:26+00:00\",\"dateModified\":\"2025-06-05T02:33:59+00:00\",\"breadcrumb\":{\"@id\":\"https:\/\/elcardinal.com\/?p=4707#breadcrumb\"},\"inLanguage\":\"es\",\"potentialAction\":[{\"@type\":\"ReadAction\",\"target\":[\"https:\/\/elcardinal.com\/?p=4707\"]}]},{\"@type\":\"ImageObject\",\"inLanguage\":\"es\",\"@id\":\"https:\/\/elcardinal.com\/?p=4707#primaryimage\",\"url\":\"https:\/\/elcardinal.com\/wp-content\/uploads\/2025\/06\/WhatsApp-Image-2025-06-04-at-8.29.30-PM.jpeg\",\"contentUrl\":\"https:\/\/elcardinal.com\/wp-content\/uploads\/2025\/06\/WhatsApp-Image-2025-06-04-at-8.29.30-PM.jpeg\",\"width\":1600,\"height\":1038},{\"@type\":\"BreadcrumbList\",\"@id\":\"https:\/\/elcardinal.com\/?p=4707#breadcrumb\",\"itemListElement\":[{\"@type\":\"ListItem\",\"position\":1,\"name\":\"Inicio\",\"item\":\"https:\/\/elcardinal.com\/\"},{\"@type\":\"ListItem\",\"position\":2,\"name\":\"Directora manipul\u00f3 informaci\u00f3n del evento en primaria donde hubo pelea de gallos: SEPH\"}]},{\"@type\":\"WebSite\",\"@id\":\"https:\/\/elcardinal.com\/#website\",\"url\":\"https:\/\/elcardinal.com\/\",\"name\":\"El Cardinal\",\"description\":\"Periodismo honesto, con valor, sentido humano, a veces sarc\u00e1stico y divertido.\",\"publisher\":{\"@id\":\"https:\/\/elcardinal.com\/#organization\"},\"alternateName\":\"El Cardinal Noticias\",\"potentialAction\":[{\"@type\":\"SearchAction\",\"target\":{\"@type\":\"EntryPoint\",\"urlTemplate\":\"https:\/\/elcardinal.com\/?s={search_term_string}\"},\"query-input\":{\"@type\":\"PropertyValueSpecification\",\"valueRequired\":true,\"valueName\":\"search_term_string\"}}],\"inLanguage\":\"es\"},{\"@type\":\"Organization\",\"@id\":\"https:\/\/elcardinal.com\/#organization\",\"name\":\"El Cardinal\",\"url\":\"https:\/\/elcardinal.com\/\",\"logo\":{\"@type\":\"ImageObject\",\"inLanguage\":\"es\",\"@id\":\"https:\/\/elcardinal.com\/#\/schema\/logo\/image\/\",\"url\":\"https:\/\/elcardinal.com\/wp-content\/uploads\/2025\/04\/LOGO-EL-CARDINAL-Periodismo-con-valor.png\",\"contentUrl\":\"https:\/\/elcardinal.com\/wp-content\/uploads\/2025\/04\/LOGO-EL-CARDINAL-Periodismo-con-valor.png\",\"width\":755,\"height\":636,\"caption\":\"El Cardinal\"},\"image\":{\"@id\":\"https:\/\/elcardinal.com\/#\/schema\/logo\/image\/\"},\"sameAs\":[\"https:\/\/www.facebook.com\/profile.php?id=100063093107011\",\"https:\/\/x.com\/ElCardinal_Mx\"]},{\"@type\":\"Person\",\"@id\":\"https:\/\/elcardinal.com\/#\/schema\/person\/3c352ec0a33987fe275c0e8a2ea69f8b\",\"name\":\"Antonio Alcaraz\",\"image\":{\"@type\":\"ImageObject\",\"inLanguage\":\"es\",\"@id\":\"https:\/\/elcardinal.com\/#\/schema\/person\/image\/\",\"url\":\"https:\/\/elcardinal.com\/wp-content\/uploads\/2025\/05\/cropped-TONO-96x96.jpg\",\"contentUrl\":\"https:\/\/elcardinal.com\/wp-content\/uploads\/2025\/05\/cropped-TONO-96x96.jpg\",\"caption\":\"Antonio Alcaraz\"},\"url\":\"https:\/\/elcardinal.com\/?author=2\"}]}<\/script>\n<!-- \/ Yoast SEO plugin. -->","yoast_head_json":{"title":"Directora manipul\u00f3 informaci\u00f3n del evento en primaria donde hubo pelea de gallos: SEPH - El Cardinal","robots":{"index":"index","follow":"follow","max-snippet":"max-snippet:-1","max-image-preview":"max-image-preview:large","max-video-preview":"max-video-preview:-1"},"canonical":"https:\/\/elcardinal.com\/?p=4707","og_locale":"es_MX","og_type":"article","og_title":"Directora manipul\u00f3 informaci\u00f3n del evento en primaria donde hubo pelea de gallos: SEPH - El Cardinal","og_description":"Por: Jos\u00e9 Antonio Alcaraz Su\u00e1rez Pachuca, Hgo.\u2014 El secretario de Educaci\u00f3n P\u00fablica de Hidalgo (SEPH), Natividad Castrej\u00f3n Valdez, rompi\u00f3 el silencio tras la difusi\u00f3n de un video en redes sociales donde se observa una exhibici\u00f3n de gallos en una escuela primaria Frida Kahlo, en Pachuca. El funcionario estatal calific\u00f3 como grave lo ocurrido y anunci\u00f3","og_url":"https:\/\/elcardinal.com\/?p=4707","og_site_name":"El Cardinal","article_publisher":"https:\/\/www.facebook.com\/profile.php?id=100063093107011","article_published_time":"2025-06-05T02:32:26+00:00","article_modified_time":"2025-06-05T02:33:59+00:00","og_image":[{"width":1600,"height":1038,"url":"https:\/\/elcardinal.com\/wp-content\/uploads\/2025\/06\/WhatsApp-Image-2025-06-04-at-8.29.30-PM.jpeg","type":"image\/jpeg"}],"author":"Antonio Alcaraz","twitter_card":"summary_large_image","twitter_creator":"@ElCardinal_Mx","twitter_site":"@ElCardinal_Mx","twitter_misc":{"Escrito por":"Antonio Alcaraz","Tiempo de lectura":"2 minutos"},"schema":{"@context":"https:\/\/schema.org","@graph":[{"@type":"Article","@id":"https:\/\/elcardinal.com\/?p=4707#article","isPartOf":{"@id":"https:\/\/elcardinal.com\/?p=4707"},"author":{"name":"Antonio Alcaraz","@id":"https:\/\/elcardinal.com\/#\/schema\/person\/3c352ec0a33987fe275c0e8a2ea69f8b"},"headline":"Directora manipul\u00f3 informaci\u00f3n del evento en primaria donde hubo pelea de gallos: SEPH","datePublished":"2025-06-05T02:32:26+00:00","dateModified":"2025-06-05T02:33:59+00:00","mainEntityOfPage":{"@id":"https:\/\/elcardinal.com\/?p=4707"},"wordCount":387,"commentCount":0,"publisher":{"@id":"https:\/\/elcardinal.com\/#organization"},"image":{"@id":"https:\/\/elcardinal.com\/?p=4707#primaryimage"},"thumbnailUrl":"https:\/\/elcardinal.com\/wp-content\/uploads\/2025\/06\/WhatsApp-Image-2025-06-04-at-8.29.30-PM.jpeg","keywords":["Hidalgo","Natividad Castrej\u00f3n Valdez","Pelea de Gallos","Primaria","SEPH"],"articleSection":["Hidalgo","Minuto a Minuto"],"inLanguage":"es","potentialAction":[{"@type":"CommentAction","name":"Comment","target":["https:\/\/elcardinal.com\/?p=4707#respond"]}]},{"@type":"WebPage","@id":"https:\/\/elcardinal.com\/?p=4707","url":"https:\/\/elcardinal.com\/?p=4707","name":"Directora manipul\u00f3 informaci\u00f3n del evento en primaria donde hubo pelea de gallos: SEPH - El Cardinal","isPartOf":{"@id":"https:\/\/elcardinal.com\/#website"},"primaryImageOfPage":{"@id":"https:\/\/elcardinal.com\/?p=4707#primaryimage"},"image":{"@id":"https:\/\/elcardinal.com\/?p=4707#primaryimage"},"thumbnailUrl":"https:\/\/elcardinal.com\/wp-content\/uploads\/2025\/06\/WhatsApp-Image-2025-06-04-at-8.29.30-PM.jpeg","datePublished":"2025-06-05T02:32:26+00:00","dateModified":"2025-06-05T02:33:59+00:00","breadcrumb":{"@id":"https:\/\/elcardinal.com\/?p=4707#breadcrumb"},"inLanguage":"es","potentialAction":[{"@type":"ReadAction","target":["https:\/\/elcardinal.com\/?p=4707"]}]},{"@type":"ImageObject","inLanguage":"es","@id":"https:\/\/elcardinal.com\/?p=4707#primaryimage","url":"https:\/\/elcardinal.com\/wp-content\/uploads\/2025\/06\/WhatsApp-Image-2025-06-04-at-8.29.30-PM.jpeg","contentUrl":"https:\/\/elcardinal.com\/wp-content\/uploads\/2025\/06\/WhatsApp-Image-2025-06-04-at-8.29.30-PM.jpeg","width":1600,"height":1038},{"@type":"BreadcrumbList","@id":"https:\/\/elcardinal.com\/?p=4707#breadcrumb","itemListElement":[{"@type":"ListItem","position":1,"name":"Inicio","item":"https:\/\/elcardinal.com\/"},{"@type":"ListItem","position":2,"name":"Directora manipul\u00f3 informaci\u00f3n del evento en primaria donde hubo pelea de gallos: SEPH"}]},{"@type":"WebSite","@id":"https:\/\/elcardinal.com\/#website","url":"https:\/\/elcardinal.com\/","name":"El Cardinal","description":"Periodismo honesto, con valor, sentido humano, a veces sarc\u00e1stico y divertido.","publisher":{"@id":"https:\/\/elcardinal.com\/#organization"},"alternateName":"El Cardinal Noticias","potentialAction":[{"@type":"SearchAction","target":{"@type":"EntryPoint","urlTemplate":"https:\/\/elcardinal.com\/?s={search_term_string}"},"query-input":{"@type":"PropertyValueSpecification","valueRequired":true,"valueName":"search_term_string"}}],"inLanguage":"es"},{"@type":"Organization","@id":"https:\/\/elcardinal.com\/#organization","name":"El Cardinal","url":"https:\/\/elcardinal.com\/","logo":{"@type":"ImageObject","inLanguage":"es","@id":"https:\/\/elcardinal.com\/#\/schema\/logo\/image\/","url":"https:\/\/elcardinal.com\/wp-content\/uploads\/2025\/04\/LOGO-EL-CARDINAL-Periodismo-con-valor.png","contentUrl":"https:\/\/elcardinal.com\/wp-content\/uploads\/2025\/04\/LOGO-EL-CARDINAL-Periodismo-con-valor.png","width":755,"height":636,"caption":"El Cardinal"},"image":{"@id":"https:\/\/elcardinal.com\/#\/schema\/logo\/image\/"},"sameAs":["https:\/\/www.facebook.com\/profile.php?id=100063093107011","https:\/\/x.com\/ElCardinal_Mx"]},{"@type":"Person","@id":"https:\/\/elcardinal.com\/#\/schema\/person\/3c352ec0a33987fe275c0e8a2ea69f8b","name":"Antonio Alcaraz","image":{"@type":"ImageObject","inLanguage":"es","@id":"https:\/\/elcardinal.com\/#\/schema\/person\/image\/","url":"https:\/\/elcardinal.com\/wp-content\/uploads\/2025\/05\/cropped-TONO-96x96.jpg","contentUrl":"https:\/\/elcardinal.com\/wp-content\/uploads\/2025\/05\/cropped-TONO-96x96.jpg","caption":"Antonio Alcaraz"},"url":"https:\/\/elcardinal.com\/?author=2"}]}},"_links":{"self":[{"href":"https:\/\/elcardinal.com\/index.php?rest_route=\/wp\/v2\/posts\/4707","targetHints":{"allow":["GET"]}}],"collection":[{"href":"https:\/\/elcardinal.com\/index.php?rest_route=\/wp\/v2\/posts"}],"about":[{"href":"https:\/\/elcardinal.com\/index.php?rest_route=\/wp\/v2\/types\/post"}],"author":[{"embeddable":true,"href":"https:\/\/elcardinal.com\/index.php?rest_route=\/wp\/v2\/users\/2"}],"replies":[{"embeddable":true,"href":"https:\/\/elcardinal.com\/index.php?rest_route=%2Fwp%2Fv2%2Fcomments&post=4707"}],"version-history":[{"count":2,"href":"https:\/\/elcardinal.com\/index.php?rest_route=\/wp\/v2\/posts\/4707\/revisions"}],"predecessor-version":[{"id":4710,"href":"https:\/\/elcardinal.com\/index.php?rest_route=\/wp\/v2\/posts\/4707\/revisions\/4710"}],"wp:featuredmedia":[{"embeddable":true,"href":"https:\/\/elcardinal.com\/index.php?rest_route=\/wp\/v2\/media\/4708"}],"wp:attachment":[{"href":"https:\/\/elcardinal.com\/index.php?rest_route=%2Fwp%2Fv2%2Fmedia&parent=4707"}],"wp:term":[{"taxonomy":"category","embeddable":true,"href":"https:\/\/elcardinal.com\/index.php?rest_route=%2Fwp%2Fv2%2Fcategories&post=4707"},{"taxonomy":"post_tag","embeddable":true,"href":"https:\/\/elcardinal.com\/index.php?rest_route=%2Fwp%2Fv2%2Ftags&post=4707"}],"curies":[{"name":"wp","href":"https:\/\/api.w.org\/{rel}","templated":true}]}}