{"id":4720,"date":"2025-06-05T10:59:38","date_gmt":"2025-06-05T16:59:38","guid":{"rendered":"https:\/\/elcardinal.com\/?p=4720"},"modified":"2025-06-05T10:59:38","modified_gmt":"2025-06-05T16:59:38","slug":"acusa-tania-meza-destruccion-del-medio-ambiente-por-el-capitalismo","status":"publish","type":"post","link":"https:\/\/elcardinal.com\/?p=4720","title":{"rendered":"Acusa Tania Meza destrucci\u00f3n del medio ambiente por el capitalismo"},"content":{"rendered":"<p>Redacci\u00f3n<\/p>\n<p>La diputada local Tania Meza Escorza acus\u00f3 que las problem\u00e1ticas ambientales que se enfrentan a nivel mundial son consecuencia del capitalismo, ya que, declar\u00f3, dicho sistema ha convertido todo en mercanc\u00eda.<\/p>\n<p>Durante las actividades para conmemorar el D\u00eda Mundial del Medio Ambiente en el Congreso de Hidalgo, la morenista expres\u00f3 que el debate no es simplemente una cuesti\u00f3n ambiental, sino las formas de producir, distribuir, intercambiar y consumir.<\/p>\n<p>\u201cLa barbarie colonialista no s\u00f3lo ha buscado destruir nuestra cultura, sino nuestra natura y mientras este sistema pol\u00edtico y este modo de producci\u00f3n sigan tratando a la humanidad y a la naturaleza como mercanc\u00eda al servicio de los grandes capitales del mundo, ning\u00fan otro esfuerzo que hagamos ser\u00e1 suficiente\u201d, mencion\u00f3 en su mensaje.<\/p>\n<p>Aunque aclar\u00f3 que es necesario continuar con estrategias como el reciclaje y buscar nuevas formas para el uso de pl\u00e1sticos y otros contaminantes, enfatiz\u00f3 que el problema debe combatirse \u201cde ra\u00edz\u201d.<\/p>\n<p>\u201cPorque no es el verano, es desmonte. No es inundaci\u00f3n, es corrupci\u00f3n. El mayor problema no es s\u00f3lo el cambio clim\u00e1tico, es el capitalismo. Cuando destruimos al medio ambiente nos destruimos a nosotras y nosotros mismos\u201d, coment\u00f3.<\/p>\n<p>En ese sentido, record\u00f3 la postura del expresidente boliviano ind\u00edgena, Evo Morales, quien aseguraba que el capitalismo ha fomentado, ha introducido y ha impulsado en los \u00faltimos dos siglos, la f\u00f3rmula m\u00e1s salvaje y destructiva de nuestra especie, convirtiendo todo en mercanc\u00eda para beneficio de unos cuantos.<\/p>\n<p>\u201cEl sistema que nos ha llevado a las acciones autodestructivas no es el sistema que proviene de nuestras ra\u00edces. Los pueblos originarios de los cuales todos y todas provenimos tienen una relaci\u00f3n respetuosa y saludable con la naturaleza. Saben que la Tierra no s\u00f3lo es nuestra casa, sino nuestra madre\u201d, puntualiz\u00f3 Tania Meza.<\/p>\n<p>El D\u00eda Mundial del Medio Ambiente fue establecido por primera vez por la Asamblea General de las Naciones Unidas en 1972; cada a\u00f1o lo auspicia un pa\u00eds diferente, y este 2025 el anfitri\u00f3n es Rep\u00fablica de Corea.<\/p>\n<p>Este a\u00f1o alza la voz frente a la creciente evidencia cient\u00edfica sobre los efectos de la contaminaci\u00f3n pl\u00e1stica e invita a transformar nuestra relaci\u00f3n con el pl\u00e1stico: a rechazarlo, reducirlo, reutilizarlo, reciclarlo y, sobre todo, a repensarlo para construir un futuro m\u00e1s limpio y sostenible.<\/p>\n","protected":false},"excerpt":{"rendered":"<p>Redacci\u00f3n La diputada local Tania Meza Escorza acus\u00f3 que las problem\u00e1ticas ambientales que se enfrentan a nivel mundial son consecuencia del capitalismo, ya que, declar\u00f3, dicho sistema ha convertido todo en mercanc\u00eda. Durante las actividades para conmemorar el D\u00eda Mundial del Medio Ambiente en el Congreso de Hidalgo, la morenista expres\u00f3 que el debate no<\/p>\n","protected":false},"author":2,"featured_media":4721,"comment_status":"open","ping_status":"open","sticky":false,"template":"","format":"standard","meta":{"footnotes":""},"categories":[31,44,39],"tags":[62,223,222],"class_list":{"0":"post-4720","1":"post","2":"type-post","3":"status-publish","4":"format-standard","5":"has-post-thumbnail","7":"category-hidalgo","8":"category-minuto-a-minuto","9":"category-politica","10":"tag-congreso-de-hidalgo","11":"tag-medio-ambiente","12":"tag-tania-meza"},"yoast_head":"<!-- This site is optimized with the Yoast SEO plugin v26.1.1 - https:\/\/yoast.com\/wordpress\/plugins\/seo\/ -->\n<title>Acusa Tania Meza destrucci\u00f3n del medio ambiente por el capitalismo - El Cardinal<\/title>\n<meta name=\"robots\" content=\"index, follow, max-snippet:-1, max-image-preview:large, max-video-preview:-1\" \/>\n<link rel=\"canonical\" href=\"https:\/\/elcardinal.com\/?p=4720\" \/>\n<meta property=\"og:locale\" content=\"es_MX\" \/>\n<meta property=\"og:type\" content=\"article\" \/>\n<meta property=\"og:title\" content=\"Acusa Tania Meza destrucci\u00f3n del medio ambiente por el capitalismo - El Cardinal\" \/>\n<meta property=\"og:description\" content=\"Redacci\u00f3n La diputada local Tania Meza Escorza acus\u00f3 que las problem\u00e1ticas ambientales que se enfrentan a nivel mundial son consecuencia del capitalismo, ya que, declar\u00f3, dicho sistema ha convertido todo en mercanc\u00eda. Durante las actividades para conmemorar el D\u00eda Mundial del Medio Ambiente en el Congreso de Hidalgo, la morenista expres\u00f3 que el debate no\" \/>\n<meta property=\"og:url\" content=\"https:\/\/elcardinal.com\/?p=4720\" \/>\n<meta property=\"og:site_name\" content=\"El Cardinal\" \/>\n<meta property=\"article:publisher\" content=\"https:\/\/www.facebook.com\/profile.php?id=100063093107011\" \/>\n<meta property=\"article:published_time\" content=\"2025-06-05T16:59:38+00:00\" \/>\n<meta property=\"og:image\" content=\"https:\/\/elcardinal.com\/wp-content\/uploads\/2025\/06\/IMG-20250605-WA0036-scaled.jpg\" \/>\n\t<meta property=\"og:image:width\" content=\"2560\" \/>\n\t<meta property=\"og:image:height\" content=\"1707\" \/>\n\t<meta property=\"og:image:type\" content=\"image\/jpeg\" \/>\n<meta name=\"author\" content=\"Antonio Alcaraz\" \/>\n<meta name=\"twitter:card\" content=\"summary_large_image\" \/>\n<meta name=\"twitter:creator\" content=\"@ElCardinal_Mx\" \/>\n<meta name=\"twitter:site\" content=\"@ElCardinal_Mx\" \/>\n<meta name=\"twitter:label1\" content=\"Escrito por\" \/>\n\t<meta name=\"twitter:data1\" content=\"Antonio Alcaraz\" \/>\n\t<meta name=\"twitter:label2\" content=\"Tiempo de lectura\" \/>\n\t<meta name=\"twitter:data2\" content=\"2 minutos\" \/>\n<script type=\"application\/ld+json\" class=\"yoast-schema-graph\">{\"@context\":\"https:\/\/schema.org\",\"@graph\":[{\"@type\":\"Article\",\"@id\":\"https:\/\/elcardinal.com\/?p=4720#article\",\"isPartOf\":{\"@id\":\"https:\/\/elcardinal.com\/?p=4720\"},\"author\":{\"name\":\"Antonio Alcaraz\",\"@id\":\"https:\/\/elcardinal.com\/#\/schema\/person\/3c352ec0a33987fe275c0e8a2ea69f8b\"},\"headline\":\"Acusa Tania Meza destrucci\u00f3n del medio ambiente por el capitalismo\",\"datePublished\":\"2025-06-05T16:59:38+00:00\",\"mainEntityOfPage\":{\"@id\":\"https:\/\/elcardinal.com\/?p=4720\"},\"wordCount\":416,\"commentCount\":0,\"publisher\":{\"@id\":\"https:\/\/elcardinal.com\/#organization\"},\"image\":{\"@id\":\"https:\/\/elcardinal.com\/?p=4720#primaryimage\"},\"thumbnailUrl\":\"https:\/\/elcardinal.com\/wp-content\/uploads\/2025\/06\/IMG-20250605-WA0036-scaled.jpg\",\"keywords\":[\"Congreso de Hidalgo\",\"Medio Ambiente\",\"Tania Meza\"],\"articleSection\":[\"Hidalgo\",\"Minuto a Minuto\",\"Pol\u00edtica\"],\"inLanguage\":\"es\",\"potentialAction\":[{\"@type\":\"CommentAction\",\"name\":\"Comment\",\"target\":[\"https:\/\/elcardinal.com\/?p=4720#respond\"]}]},{\"@type\":\"WebPage\",\"@id\":\"https:\/\/elcardinal.com\/?p=4720\",\"url\":\"https:\/\/elcardinal.com\/?p=4720\",\"name\":\"Acusa Tania Meza destrucci\u00f3n del medio ambiente por el capitalismo - El Cardinal\",\"isPartOf\":{\"@id\":\"https:\/\/elcardinal.com\/#website\"},\"primaryImageOfPage\":{\"@id\":\"https:\/\/elcardinal.com\/?p=4720#primaryimage\"},\"image\":{\"@id\":\"https:\/\/elcardinal.com\/?p=4720#primaryimage\"},\"thumbnailUrl\":\"https:\/\/elcardinal.com\/wp-content\/uploads\/2025\/06\/IMG-20250605-WA0036-scaled.jpg\",\"datePublished\":\"2025-06-05T16:59:38+00:00\",\"breadcrumb\":{\"@id\":\"https:\/\/elcardinal.com\/?p=4720#breadcrumb\"},\"inLanguage\":\"es\",\"potentialAction\":[{\"@type\":\"ReadAction\",\"target\":[\"https:\/\/elcardinal.com\/?p=4720\"]}]},{\"@type\":\"ImageObject\",\"inLanguage\":\"es\",\"@id\":\"https:\/\/elcardinal.com\/?p=4720#primaryimage\",\"url\":\"https:\/\/elcardinal.com\/wp-content\/uploads\/2025\/06\/IMG-20250605-WA0036-scaled.jpg\",\"contentUrl\":\"https:\/\/elcardinal.com\/wp-content\/uploads\/2025\/06\/IMG-20250605-WA0036-scaled.jpg\",\"width\":2560,\"height\":1707},{\"@type\":\"BreadcrumbList\",\"@id\":\"https:\/\/elcardinal.com\/?p=4720#breadcrumb\",\"itemListElement\":[{\"@type\":\"ListItem\",\"position\":1,\"name\":\"Inicio\",\"item\":\"https:\/\/elcardinal.com\/\"},{\"@type\":\"ListItem\",\"position\":2,\"name\":\"Acusa Tania Meza destrucci\u00f3n del medio ambiente por el capitalismo\"}]},{\"@type\":\"WebSite\",\"@id\":\"https:\/\/elcardinal.com\/#website\",\"url\":\"https:\/\/elcardinal.com\/\",\"name\":\"El Cardinal\",\"description\":\"Periodismo honesto, con valor, sentido humano, a veces sarc\u00e1stico y divertido.\",\"publisher\":{\"@id\":\"https:\/\/elcardinal.com\/#organization\"},\"alternateName\":\"El Cardinal Noticias\",\"potentialAction\":[{\"@type\":\"SearchAction\",\"target\":{\"@type\":\"EntryPoint\",\"urlTemplate\":\"https:\/\/elcardinal.com\/?s={search_term_string}\"},\"query-input\":{\"@type\":\"PropertyValueSpecification\",\"valueRequired\":true,\"valueName\":\"search_term_string\"}}],\"inLanguage\":\"es\"},{\"@type\":\"Organization\",\"@id\":\"https:\/\/elcardinal.com\/#organization\",\"name\":\"El Cardinal\",\"url\":\"https:\/\/elcardinal.com\/\",\"logo\":{\"@type\":\"ImageObject\",\"inLanguage\":\"es\",\"@id\":\"https:\/\/elcardinal.com\/#\/schema\/logo\/image\/\",\"url\":\"https:\/\/elcardinal.com\/wp-content\/uploads\/2025\/04\/LOGO-EL-CARDINAL-Periodismo-con-valor.png\",\"contentUrl\":\"https:\/\/elcardinal.com\/wp-content\/uploads\/2025\/04\/LOGO-EL-CARDINAL-Periodismo-con-valor.png\",\"width\":755,\"height\":636,\"caption\":\"El Cardinal\"},\"image\":{\"@id\":\"https:\/\/elcardinal.com\/#\/schema\/logo\/image\/\"},\"sameAs\":[\"https:\/\/www.facebook.com\/profile.php?id=100063093107011\",\"https:\/\/x.com\/ElCardinal_Mx\"]},{\"@type\":\"Person\",\"@id\":\"https:\/\/elcardinal.com\/#\/schema\/person\/3c352ec0a33987fe275c0e8a2ea69f8b\",\"name\":\"Antonio Alcaraz\",\"image\":{\"@type\":\"ImageObject\",\"inLanguage\":\"es\",\"@id\":\"https:\/\/elcardinal.com\/#\/schema\/person\/image\/\",\"url\":\"https:\/\/elcardinal.com\/wp-content\/uploads\/2025\/05\/cropped-TONO-96x96.jpg\",\"contentUrl\":\"https:\/\/elcardinal.com\/wp-content\/uploads\/2025\/05\/cropped-TONO-96x96.jpg\",\"caption\":\"Antonio Alcaraz\"},\"url\":\"https:\/\/elcardinal.com\/?author=2\"}]}<\/script>\n<!-- \/ Yoast SEO plugin. -->","yoast_head_json":{"title":"Acusa Tania Meza destrucci\u00f3n del medio ambiente por el capitalismo - El Cardinal","robots":{"index":"index","follow":"follow","max-snippet":"max-snippet:-1","max-image-preview":"max-image-preview:large","max-video-preview":"max-video-preview:-1"},"canonical":"https:\/\/elcardinal.com\/?p=4720","og_locale":"es_MX","og_type":"article","og_title":"Acusa Tania Meza destrucci\u00f3n del medio ambiente por el capitalismo - El Cardinal","og_description":"Redacci\u00f3n La diputada local Tania Meza Escorza acus\u00f3 que las problem\u00e1ticas ambientales que se enfrentan a nivel mundial son consecuencia del capitalismo, ya que, declar\u00f3, dicho sistema ha convertido todo en mercanc\u00eda. Durante las actividades para conmemorar el D\u00eda Mundial del Medio Ambiente en el Congreso de Hidalgo, la morenista expres\u00f3 que el debate no","og_url":"https:\/\/elcardinal.com\/?p=4720","og_site_name":"El Cardinal","article_publisher":"https:\/\/www.facebook.com\/profile.php?id=100063093107011","article_published_time":"2025-06-05T16:59:38+00:00","og_image":[{"width":2560,"height":1707,"url":"https:\/\/elcardinal.com\/wp-content\/uploads\/2025\/06\/IMG-20250605-WA0036-scaled.jpg","type":"image\/jpeg"}],"author":"Antonio Alcaraz","twitter_card":"summary_large_image","twitter_creator":"@ElCardinal_Mx","twitter_site":"@ElCardinal_Mx","twitter_misc":{"Escrito por":"Antonio Alcaraz","Tiempo de lectura":"2 minutos"},"schema":{"@context":"https:\/\/schema.org","@graph":[{"@type":"Article","@id":"https:\/\/elcardinal.com\/?p=4720#article","isPartOf":{"@id":"https:\/\/elcardinal.com\/?p=4720"},"author":{"name":"Antonio Alcaraz","@id":"https:\/\/elcardinal.com\/#\/schema\/person\/3c352ec0a33987fe275c0e8a2ea69f8b"},"headline":"Acusa Tania Meza destrucci\u00f3n del medio ambiente por el capitalismo","datePublished":"2025-06-05T16:59:38+00:00","mainEntityOfPage":{"@id":"https:\/\/elcardinal.com\/?p=4720"},"wordCount":416,"commentCount":0,"publisher":{"@id":"https:\/\/elcardinal.com\/#organization"},"image":{"@id":"https:\/\/elcardinal.com\/?p=4720#primaryimage"},"thumbnailUrl":"https:\/\/elcardinal.com\/wp-content\/uploads\/2025\/06\/IMG-20250605-WA0036-scaled.jpg","keywords":["Congreso de Hidalgo","Medio Ambiente","Tania Meza"],"articleSection":["Hidalgo","Minuto a Minuto","Pol\u00edtica"],"inLanguage":"es","potentialAction":[{"@type":"CommentAction","name":"Comment","target":["https:\/\/elcardinal.com\/?p=4720#respond"]}]},{"@type":"WebPage","@id":"https:\/\/elcardinal.com\/?p=4720","url":"https:\/\/elcardinal.com\/?p=4720","name":"Acusa Tania Meza destrucci\u00f3n del medio ambiente por el capitalismo - El Cardinal","isPartOf":{"@id":"https:\/\/elcardinal.com\/#website"},"primaryImageOfPage":{"@id":"https:\/\/elcardinal.com\/?p=4720#primaryimage"},"image":{"@id":"https:\/\/elcardinal.com\/?p=4720#primaryimage"},"thumbnailUrl":"https:\/\/elcardinal.com\/wp-content\/uploads\/2025\/06\/IMG-20250605-WA0036-scaled.jpg","datePublished":"2025-06-05T16:59:38+00:00","breadcrumb":{"@id":"https:\/\/elcardinal.com\/?p=4720#breadcrumb"},"inLanguage":"es","potentialAction":[{"@type":"ReadAction","target":["https:\/\/elcardinal.com\/?p=4720"]}]},{"@type":"ImageObject","inLanguage":"es","@id":"https:\/\/elcardinal.com\/?p=4720#primaryimage","url":"https:\/\/elcardinal.com\/wp-content\/uploads\/2025\/06\/IMG-20250605-WA0036-scaled.jpg","contentUrl":"https:\/\/elcardinal.com\/wp-content\/uploads\/2025\/06\/IMG-20250605-WA0036-scaled.jpg","width":2560,"height":1707},{"@type":"BreadcrumbList","@id":"https:\/\/elcardinal.com\/?p=4720#breadcrumb","itemListElement":[{"@type":"ListItem","position":1,"name":"Inicio","item":"https:\/\/elcardinal.com\/"},{"@type":"ListItem","position":2,"name":"Acusa Tania Meza destrucci\u00f3n del medio ambiente por el capitalismo"}]},{"@type":"WebSite","@id":"https:\/\/elcardinal.com\/#website","url":"https:\/\/elcardinal.com\/","name":"El Cardinal","description":"Periodismo honesto, con valor, sentido humano, a veces sarc\u00e1stico y divertido.","publisher":{"@id":"https:\/\/elcardinal.com\/#organization"},"alternateName":"El Cardinal Noticias","potentialAction":[{"@type":"SearchAction","target":{"@type":"EntryPoint","urlTemplate":"https:\/\/elcardinal.com\/?s={search_term_string}"},"query-input":{"@type":"PropertyValueSpecification","valueRequired":true,"valueName":"search_term_string"}}],"inLanguage":"es"},{"@type":"Organization","@id":"https:\/\/elcardinal.com\/#organization","name":"El Cardinal","url":"https:\/\/elcardinal.com\/","logo":{"@type":"ImageObject","inLanguage":"es","@id":"https:\/\/elcardinal.com\/#\/schema\/logo\/image\/","url":"https:\/\/elcardinal.com\/wp-content\/uploads\/2025\/04\/LOGO-EL-CARDINAL-Periodismo-con-valor.png","contentUrl":"https:\/\/elcardinal.com\/wp-content\/uploads\/2025\/04\/LOGO-EL-CARDINAL-Periodismo-con-valor.png","width":755,"height":636,"caption":"El Cardinal"},"image":{"@id":"https:\/\/elcardinal.com\/#\/schema\/logo\/image\/"},"sameAs":["https:\/\/www.facebook.com\/profile.php?id=100063093107011","https:\/\/x.com\/ElCardinal_Mx"]},{"@type":"Person","@id":"https:\/\/elcardinal.com\/#\/schema\/person\/3c352ec0a33987fe275c0e8a2ea69f8b","name":"Antonio Alcaraz","image":{"@type":"ImageObject","inLanguage":"es","@id":"https:\/\/elcardinal.com\/#\/schema\/person\/image\/","url":"https:\/\/elcardinal.com\/wp-content\/uploads\/2025\/05\/cropped-TONO-96x96.jpg","contentUrl":"https:\/\/elcardinal.com\/wp-content\/uploads\/2025\/05\/cropped-TONO-96x96.jpg","caption":"Antonio Alcaraz"},"url":"https:\/\/elcardinal.com\/?author=2"}]}},"_links":{"self":[{"href":"https:\/\/elcardinal.com\/index.php?rest_route=\/wp\/v2\/posts\/4720","targetHints":{"allow":["GET"]}}],"collection":[{"href":"https:\/\/elcardinal.com\/index.php?rest_route=\/wp\/v2\/posts"}],"about":[{"href":"https:\/\/elcardinal.com\/index.php?rest_route=\/wp\/v2\/types\/post"}],"author":[{"embeddable":true,"href":"https:\/\/elcardinal.com\/index.php?rest_route=\/wp\/v2\/users\/2"}],"replies":[{"embeddable":true,"href":"https:\/\/elcardinal.com\/index.php?rest_route=%2Fwp%2Fv2%2Fcomments&post=4720"}],"version-history":[{"count":1,"href":"https:\/\/elcardinal.com\/index.php?rest_route=\/wp\/v2\/posts\/4720\/revisions"}],"predecessor-version":[{"id":4722,"href":"https:\/\/elcardinal.com\/index.php?rest_route=\/wp\/v2\/posts\/4720\/revisions\/4722"}],"wp:featuredmedia":[{"embeddable":true,"href":"https:\/\/elcardinal.com\/index.php?rest_route=\/wp\/v2\/media\/4721"}],"wp:attachment":[{"href":"https:\/\/elcardinal.com\/index.php?rest_route=%2Fwp%2Fv2%2Fmedia&parent=4720"}],"wp:term":[{"taxonomy":"category","embeddable":true,"href":"https:\/\/elcardinal.com\/index.php?rest_route=%2Fwp%2Fv2%2Fcategories&post=4720"},{"taxonomy":"post_tag","embeddable":true,"href":"https:\/\/elcardinal.com\/index.php?rest_route=%2Fwp%2Fv2%2Ftags&post=4720"}],"curies":[{"name":"wp","href":"https:\/\/api.w.org\/{rel}","templated":true}]}}