{"id":4723,"date":"2025-06-05T23:33:52","date_gmt":"2025-06-06T05:33:52","guid":{"rendered":"https:\/\/elcardinal.com\/?p=4723"},"modified":"2025-06-05T23:33:52","modified_gmt":"2025-06-06T05:33:52","slug":"toma-protesta-maria-del-rosario-guerrero-martinez-en-su-cargo-como-diputada-en-funciones-de-la-lxvi-legislatura","status":"publish","type":"post","link":"https:\/\/elcardinal.com\/?p=4723","title":{"rendered":"Toma protesta Mar\u00eda del Rosario Guerrero Mart\u00ednez en su cargo como diputada en funciones de la LXVI Legislatura"},"content":{"rendered":"<p>Redacci\u00f3n<\/p>\n<p><span style=\"font-weight: 400;\">Diputadas y diputados integrantes de la <\/span><b>LXVI Legislatura<\/b><span style=\"font-weight: 400;\"> aprobaron con 24 votos a favor, cero en contra y cero abstenciones, el dictamen por el que se otorga posesi\u00f3n del cargo como diputada en funciones a <\/span><b>Mar\u00eda del Rosario Guerrero Mart\u00ednez<\/b><span style=\"font-weight: 400;\">, representante del distrito I Zimap\u00e1n, emitido por la primera Comisi\u00f3n Permanente de Legislaci\u00f3n y Puntos Constitucionales.<\/span><\/p>\n<p><span style=\"font-weight: 400;\">El legislador <\/span><b>Juan Pablo Escalante Urb\u00e1n<\/b><span style=\"font-weight: 400;\"> (Morena) record\u00f3 que el llamar a la ciudadana conlleva a garantizar la conformaci\u00f3n plena y constante del Congreso del Estado que se prev\u00e9 en el art\u00edculo 29 de la Constituci\u00f3n estatal.<\/span><\/p>\n<p><span style=\"font-weight: 400;\">La diputada es activista social. Naci\u00f3 un 17 de enero en el municipio de Jacala, Hidalgo; es licenciada en psicolog\u00eda y fue candidata a presidenta municipal de Jacala en 2016. Tambi\u00e9n es fundadora del Movimiento de Regeneraci\u00f3n Nacional (Morena) y servidora de la naci\u00f3n.<\/span><\/p>\n<p><b>Acuerdo econ\u00f3mico<\/b><\/p>\n<p><b>Planes municipales de desarrollo<\/b><\/p>\n<p><span style=\"font-weight: 400;\">Asimismo, aprobaron con 25 votos a favor, cero en contra y cero abstenciones, el acuerdo econ\u00f3mico que informa a los municipios de Tizayuca, Tasquillo, Mineral del Chico y Atotonilco de Tula que, despu\u00e9s de una revisi\u00f3n y an\u00e1lisis a sus planes de desarrollo, no se presentan observaciones que impliquen cambios o modificaciones, emitido por la primera Comisi\u00f3n Permanente de Planeaci\u00f3n y Prospectiva.<\/span><\/p>\n<p><span style=\"font-weight: 400;\">La legisladora <\/span><b>Cynthia Citlali Delgado Mendoza<\/b><span style=\"font-weight: 400;\"> (Morena) record\u00f3 que en los planes municipales se aprecian que los temas centrales en las estrategias y acuerdos, tanto generales como transversales, son: gobernanza, transparencia, justicia y paz, entre otros.<\/span><\/p>\n<p><b>Iniciativas<\/b><\/p>\n<p><b>Derecho a la salud de personas mayores<\/b><\/p>\n<p><span style=\"font-weight: 400;\">Las diputadas <\/span><b>Yarabi Gonz\u00e1lez Mart\u00ednez<\/b><span style=\"font-weight: 400;\">, <\/span><b>Paloma Barrag\u00e1n Santos<\/b><span style=\"font-weight: 400;\">,<\/span><b> M\u00f3nica<\/b><\/p>\n<p><b>Leanett Reyes Mart\u00ednez<\/b><span style=\"font-weight: 400;\">,<\/span><b> Tania Er\u00e9ndira Meza Escorza<\/b><span style=\"font-weight: 400;\"> y los diputados <\/span><b>Juli\u00e1n Nochebuena Hern\u00e1ndez <\/b><span style=\"font-weight: 400;\">y<\/span><b> Aldo Meza Hern\u00e1ndez<\/b><span style=\"font-weight: 400;\"> (Morena) presentaron la iniciativa que reforma la Ley de los Derechos de las Personas Adultas Mayores del Estado de Hidalgo, para garantizar su derecho a la salud y promover programas orientados a las personas cuidadoras.<\/span><\/p>\n<p><b>Comisi\u00f3n de Asuntos Metropolitanos<\/b><\/p>\n<p><span style=\"font-weight: 400;\">La legisladora <\/span><b>Hilda Miranda Miranda<\/b><span style=\"font-weight: 400;\"> (Morena) propuso la iniciativa que modifica la Ley Org\u00e1nica Municipal para el Estado de Hidalgo, para a\u00f1adir la Comisi\u00f3n de Asuntos Metropolitanos, de conformidad con las necesidades de los municipios que forman parte de las zonas metropolitanas, intermunicipales y o interestatales, con el fin de fomentar el desarrollo arm\u00f3nico y sustentable en materia de habitabilidad, movilidad y calidad de vida, a trav\u00e9s de una adecuada coordinaci\u00f3n entre los diferentes \u00f3rdenes de gobierno.<\/span><\/p>\n<p><b>Difusi\u00f3n y uso de expresiones culturales<\/b><\/p>\n<p><span style=\"font-weight: 400;\">El diputado <\/span><b>Marco Antonio Mendoza Bustamante<\/b><span style=\"font-weight: 400;\"> (PRI) detall\u00f3 la iniciativa que reforma la Ley de Cultura y Derechos Culturales del Estado de Hidalgo para fomentar la difusi\u00f3n y el uso de las expresiones culturales, contribuyendo a la vitalidad de las comunidades y al intercambio intercultural. La propuesta facilita el acceso a la informaci\u00f3n y manifestaciones culturales, promoviendo la comprensi\u00f3n y el respeto mutuo entre diferentes grupos.<\/span><\/p>\n<p><b>Acceso equitativo a la educaci\u00f3n superior<\/b><\/p>\n<p><span style=\"font-weight: 400;\">La legisladora <\/span><b>Cynthia Citlali Delgado Mendoza<\/b><span style=\"font-weight: 400;\"> present\u00f3 la iniciativa que modifica la Ley de Educaci\u00f3n Superior del Estado de Hidalgo, con el fin de establecer un mecanismo legal, vinculante y obligatorio que garantice de manera efectiva el acceso equitativo a la educaci\u00f3n superior para todas aquellas personas que se encuentran en situaci\u00f3n de vulnerabilidad.<\/span><\/p>\n<p>&nbsp;<\/p>\n<p><b>D\u00eda de las Personas de Talla Baja<\/b><\/p>\n<p><span style=\"font-weight: 400;\">Las diputadas <\/span><b>Tania Er\u00e9ndira Meza Escorza<\/b><span style=\"font-weight: 400;\">,<\/span><b> Alma Rosa El\u00edas Paso<\/b><span style=\"font-weight: 400;\">,<\/span><b> Cynthia Citlali Delgado Mendoza<\/b><span style=\"font-weight: 400;\">,<\/span><b> Diana Rangel Z\u00fa\u00f1iga<\/b><span style=\"font-weight: 400;\">,<\/span><b> Hilda Miranda Miranda<\/b><span style=\"font-weight: 400;\">,<\/span><b> Paloma Barrag\u00e1n Santos<\/b><span style=\"font-weight: 400;\">,<\/span><b> Yarabi Gonz\u00e1lez Mart\u00ednez<\/b><span style=\"font-weight: 400;\"> (Morena), <\/span><b>Juana Olivia Alarc\u00f3n Rivera<\/b><span style=\"font-weight: 400;\">,<\/span><b> M\u00f3nica Leanett Reyes Mart\u00ednez<\/b><span style=\"font-weight: 400;\"> (Nueva Alianza), as\u00ed como los diputados <\/span><b>Aldo Meza Hern\u00e1ndez <\/b><span style=\"font-weight: 400;\">y<\/span><b> Jos\u00e9 Luis Rodr\u00edguez Higareda<\/b><span style=\"font-weight: 400;\"> (Morena) propusieron la iniciativa que declara el 25 de octubre de cada a\u00f1o como D\u00eda de las Personas de Talla Baja en el Estado de Hidalgo.<\/span><\/p>\n<p><span style=\"font-weight: 400;\">El fin es visibilizar sus derechos, promover una cultura de inclusi\u00f3n, combatir la discriminaci\u00f3n estructural y simb\u00f3lica que enfrentan, y generar conciencia en la sociedad sobre la importancia del respeto, igualdad y dignidad de las personas con acondroplasia u otras formas de talla baja.<\/span><\/p>\n<p>&nbsp;<\/p>\n<p><b>Enfoque integral en la gesti\u00f3n sostenible<\/b><\/p>\n<p><span style=\"font-weight: 400;\">La legisladora <\/span><b>Mar\u00eda Guadalupe Cruz Monta\u00f1o<\/b><span style=\"font-weight: 400;\"> y el legislador <\/span><b>Avelino Tovar Iglesias <\/b><span style=\"font-weight: 400;\">(PVEM) detallaron la iniciativa que reforma la Ley de Desarrollo Forestal Sustentable para el Estado de Hidalgo, con el prop\u00f3sito de fortalecer el enfoque integral en la gesti\u00f3n sostenible y el equilibrio ecol\u00f3gico de los ecosistemas forestales, armoniz\u00e1ndola con la Ley General de Desarrollo Forestal Sustentable.<\/span><\/p>\n<p>&nbsp;<\/p>\n<p><b>Asuntos generales<\/b><\/p>\n<p><b>Protecci\u00f3n al medio ambiente<\/b><\/p>\n<p><span style=\"font-weight: 400;\">En el D\u00eda Mundial del Medio Ambiente, el diputado <\/span><b>Avelino Tovar Iglesias<\/b><span style=\"font-weight: 400;\"> (PVEM) se pronunci\u00f3 a favor de su protecci\u00f3n: \u201cno podemos heredar a nuestras hijas e hijos un planeta enfermo y menos decirles que sab\u00edamos lo que estaba pasando y no hicimos nada. El momento de actuar es hoy, el lugar para empezar es aqu\u00ed y la generaci\u00f3n que lo debe hacer es la nuestra\u201d.<\/span><\/p>\n<p><b>Afectaciones por lluvias en Pachuca y Mineral de la Reforma<\/b><\/p>\n<p><span style=\"font-weight: 400;\">Sobre las afectaciones ocasionadas por las lluvias de d\u00edas pasados en el fraccionamiento Los Tuzos, la diputada <\/span><b>Johana Montcerrat Hern\u00e1ndez P\u00e9rez<\/b><span style=\"font-weight: 400;\"> (PRI) record\u00f3 que la zona es conocida por sus vulnerabilidades y tiene documentaciones anteriores: \u201cel R\u00edo de las Avenidas representa un riesgo constante y, sin embargo, las obras que debieron haberse concluido para contener y redirigir su cauce no se terminaron\u201d.<\/span><\/p>\n<p><span style=\"font-weight: 400;\">Al respecto, la legisladora <\/span><b>Karla Perales Arrieta<\/b><span style=\"font-weight: 400;\"> (MC) record\u00f3 que la prevenci\u00f3n es una actitud proactiva que debe anticipar los escenarios adversos y actuar con suficiente antelaci\u00f3n para evitar o minimizar el da\u00f1o a la poblaci\u00f3n.<\/span><\/p>\n<p><span style=\"font-weight: 400;\">La diputada <\/span><b>Tania Er\u00e9ndira Meza Escorza<\/b><span style=\"font-weight: 400;\"> (Morena) indic\u00f3 que la zona afectada esta semana en Mineral de la Reforma es un ejemplo claro de la mala planeaci\u00f3n urbana y de los actos de corrupci\u00f3n que durante d\u00e9cadas existieron en la zona<\/span><\/p>\n<p>&nbsp;<\/p>\n<p><span style=\"font-weight: 400;\">metropolitana de Hidalgo.<\/span><\/p>\n<p><span style=\"font-weight: 400;\">La legisladora <\/span><b>Lizbeth Irais Ordaz Islas<\/b><span style=\"font-weight: 400;\"> (Morena) resalt\u00f3 que m\u00e1s de 250 servidoras y servidores p\u00fablicos se desplegaron en tareas de limpieza, atenci\u00f3n m\u00e9dica, apoyo psicol\u00f3gico, desazolve, log\u00edstica, alimentaci\u00f3n, acompa\u00f1amiento social en los fraccionamientos se\u00f1alados.<\/span><\/p>\n<p><span style=\"font-weight: 400;\">La diputada <\/span><b>Hilda Miranda Miranda<\/b><span style=\"font-weight: 400;\"> (Morena) consider\u00f3 que desde el Poder Legislativo se debe fortalecer este tema con un presupuesto adicional. \u201cNo basta con abrir centros de acopio y barrer las calles, se requiere voluntad pol\u00edtica en los municipios\u201d.<\/span><\/p>\n<p><span style=\"font-weight: 400;\">El legislador <\/span><b>Marco Antonio Mendoza Bustamante<\/b><span style=\"font-weight: 400;\"> (PRI) asegur\u00f3 que su grupo legislativo no pretende sacar \u201craja pol\u00edtica\u201d de esta problem\u00e1tica e invit\u00f3 a modificar el presupuesto para darle soluci\u00f3n. \u201cEso tendr\u00eda un impacto. Eso es lo que est\u00e1 esperando la gente, lo espera de nosotros\u201d.<\/span><\/p>\n<p><span style=\"font-weight: 400;\">El diputado <\/span><b>Carlos Alejandro Alc\u00e1ntara Carbajal<\/b><span style=\"font-weight: 400;\"> (MC) solicit\u00f3 demostrar unidad, trabajar a favor de las familias, \u201cno solamente de esta desgracia, sino de las personas que van a sufrir en adelante. Estos desastres se van a convertir en cosas cotidianas debido al cambio clim\u00e1tico\u201d.<\/span><\/p>\n<p><span style=\"font-weight: 400;\">En su segunda intervenci\u00f3n, la legisladora <\/span><b>Hilda Miranda Miranda<\/b><span style=\"font-weight: 400;\"> (Morena) propuso instalar una comisi\u00f3n especial para analizar con todas las instancias correspondientes, los presupuestos y ajustes necesarios, con el fin de dar soluci\u00f3n a las necesidades que requieren las familias de Mineral de la Reforma y Pachuca.<\/span><\/p>\n","protected":false},"excerpt":{"rendered":"<p>Redacci\u00f3n Diputadas y diputados integrantes de la LXVI Legislatura aprobaron con 24 votos a favor, cero en contra y cero abstenciones, el dictamen por el que se otorga posesi\u00f3n del cargo como diputada en funciones a Mar\u00eda del Rosario Guerrero Mart\u00ednez, representante del distrito I Zimap\u00e1n, emitido por la primera Comisi\u00f3n Permanente de Legislaci\u00f3n y<\/p>\n","protected":false},"author":1,"featured_media":4724,"comment_status":"open","ping_status":"open","sticky":false,"template":"","format":"standard","meta":{"footnotes":""},"categories":[31,44,39],"tags":[70,62],"class_list":{"0":"post-4723","1":"post","2":"type-post","3":"status-publish","4":"format-standard","5":"has-post-thumbnail","7":"category-hidalgo","8":"category-minuto-a-minuto","9":"category-politica","10":"tag-andres-velazquez","11":"tag-congreso-de-hidalgo"},"yoast_head":"<!-- This site is optimized with the Yoast SEO plugin v26.1.1 - https:\/\/yoast.com\/wordpress\/plugins\/seo\/ -->\n<title>Toma protesta Mar\u00eda del Rosario Guerrero Mart\u00ednez en su cargo como diputada en funciones de la LXVI Legislatura - El Cardinal<\/title>\n<meta name=\"robots\" content=\"index, follow, max-snippet:-1, max-image-preview:large, max-video-preview:-1\" \/>\n<link rel=\"canonical\" href=\"https:\/\/elcardinal.com\/?p=4723\" \/>\n<meta property=\"og:locale\" content=\"es_MX\" \/>\n<meta property=\"og:type\" content=\"article\" \/>\n<meta property=\"og:title\" content=\"Toma protesta Mar\u00eda del Rosario Guerrero Mart\u00ednez en su cargo como diputada en funciones de la LXVI Legislatura - El Cardinal\" \/>\n<meta property=\"og:description\" content=\"Redacci\u00f3n Diputadas y diputados integrantes de la LXVI Legislatura aprobaron con 24 votos a favor, cero en contra y cero abstenciones, el dictamen por el que se otorga posesi\u00f3n del cargo como diputada en funciones a Mar\u00eda del Rosario Guerrero Mart\u00ednez, representante del distrito I Zimap\u00e1n, emitido por la primera Comisi\u00f3n Permanente de Legislaci\u00f3n y\" \/>\n<meta property=\"og:url\" content=\"https:\/\/elcardinal.com\/?p=4723\" \/>\n<meta property=\"og:site_name\" content=\"El Cardinal\" \/>\n<meta property=\"article:publisher\" content=\"https:\/\/www.facebook.com\/profile.php?id=100063093107011\" \/>\n<meta property=\"article:published_time\" content=\"2025-06-06T05:33:52+00:00\" \/>\n<meta property=\"og:image\" content=\"https:\/\/elcardinal.com\/wp-content\/uploads\/2025\/06\/Sesion-05.06.2025-ordinaria-46-scaled.jpg\" \/>\n\t<meta property=\"og:image:width\" content=\"2560\" \/>\n\t<meta property=\"og:image:height\" content=\"1707\" \/>\n\t<meta property=\"og:image:type\" content=\"image\/jpeg\" \/>\n<meta name=\"author\" content=\"admin\" \/>\n<meta name=\"twitter:card\" content=\"summary_large_image\" \/>\n<meta name=\"twitter:creator\" content=\"@ElCardinal_Mx\" \/>\n<meta name=\"twitter:site\" content=\"@ElCardinal_Mx\" \/>\n<meta name=\"twitter:label1\" content=\"Escrito por\" \/>\n\t<meta name=\"twitter:data1\" content=\"admin\" \/>\n\t<meta name=\"twitter:label2\" content=\"Tiempo de lectura\" \/>\n\t<meta name=\"twitter:data2\" content=\"6 minutos\" \/>\n<script type=\"application\/ld+json\" class=\"yoast-schema-graph\">{\"@context\":\"https:\/\/schema.org\",\"@graph\":[{\"@type\":\"Article\",\"@id\":\"https:\/\/elcardinal.com\/?p=4723#article\",\"isPartOf\":{\"@id\":\"https:\/\/elcardinal.com\/?p=4723\"},\"author\":{\"name\":\"admin\",\"@id\":\"https:\/\/elcardinal.com\/#\/schema\/person\/5afd392a3b300b95afb068a1cd3abccc\"},\"headline\":\"Toma protesta Mar\u00eda del Rosario Guerrero Mart\u00ednez en su cargo como diputada en funciones de la LXVI Legislatura\",\"datePublished\":\"2025-06-06T05:33:52+00:00\",\"mainEntityOfPage\":{\"@id\":\"https:\/\/elcardinal.com\/?p=4723\"},\"wordCount\":1271,\"commentCount\":0,\"publisher\":{\"@id\":\"https:\/\/elcardinal.com\/#organization\"},\"image\":{\"@id\":\"https:\/\/elcardinal.com\/?p=4723#primaryimage\"},\"thumbnailUrl\":\"https:\/\/elcardinal.com\/wp-content\/uploads\/2025\/06\/Sesion-05.06.2025-ordinaria-46-scaled.jpg\",\"keywords\":[\"Andr\u00e9s Vel\u00e1zquez\",\"Congreso de Hidalgo\"],\"articleSection\":[\"Hidalgo\",\"Minuto a Minuto\",\"Pol\u00edtica\"],\"inLanguage\":\"es\",\"potentialAction\":[{\"@type\":\"CommentAction\",\"name\":\"Comment\",\"target\":[\"https:\/\/elcardinal.com\/?p=4723#respond\"]}]},{\"@type\":\"WebPage\",\"@id\":\"https:\/\/elcardinal.com\/?p=4723\",\"url\":\"https:\/\/elcardinal.com\/?p=4723\",\"name\":\"Toma protesta Mar\u00eda del Rosario Guerrero Mart\u00ednez en su cargo como diputada en funciones de la LXVI Legislatura - El Cardinal\",\"isPartOf\":{\"@id\":\"https:\/\/elcardinal.com\/#website\"},\"primaryImageOfPage\":{\"@id\":\"https:\/\/elcardinal.com\/?p=4723#primaryimage\"},\"image\":{\"@id\":\"https:\/\/elcardinal.com\/?p=4723#primaryimage\"},\"thumbnailUrl\":\"https:\/\/elcardinal.com\/wp-content\/uploads\/2025\/06\/Sesion-05.06.2025-ordinaria-46-scaled.jpg\",\"datePublished\":\"2025-06-06T05:33:52+00:00\",\"breadcrumb\":{\"@id\":\"https:\/\/elcardinal.com\/?p=4723#breadcrumb\"},\"inLanguage\":\"es\",\"potentialAction\":[{\"@type\":\"ReadAction\",\"target\":[\"https:\/\/elcardinal.com\/?p=4723\"]}]},{\"@type\":\"ImageObject\",\"inLanguage\":\"es\",\"@id\":\"https:\/\/elcardinal.com\/?p=4723#primaryimage\",\"url\":\"https:\/\/elcardinal.com\/wp-content\/uploads\/2025\/06\/Sesion-05.06.2025-ordinaria-46-scaled.jpg\",\"contentUrl\":\"https:\/\/elcardinal.com\/wp-content\/uploads\/2025\/06\/Sesion-05.06.2025-ordinaria-46-scaled.jpg\",\"width\":2560,\"height\":1707},{\"@type\":\"BreadcrumbList\",\"@id\":\"https:\/\/elcardinal.com\/?p=4723#breadcrumb\",\"itemListElement\":[{\"@type\":\"ListItem\",\"position\":1,\"name\":\"Inicio\",\"item\":\"https:\/\/elcardinal.com\/\"},{\"@type\":\"ListItem\",\"position\":2,\"name\":\"Toma protesta Mar\u00eda del Rosario Guerrero Mart\u00ednez en su cargo como diputada en funciones de la LXVI Legislatura\"}]},{\"@type\":\"WebSite\",\"@id\":\"https:\/\/elcardinal.com\/#website\",\"url\":\"https:\/\/elcardinal.com\/\",\"name\":\"El Cardinal\",\"description\":\"Periodismo honesto, con valor, sentido humano, a veces sarc\u00e1stico y divertido.\",\"publisher\":{\"@id\":\"https:\/\/elcardinal.com\/#organization\"},\"alternateName\":\"El Cardinal Noticias\",\"potentialAction\":[{\"@type\":\"SearchAction\",\"target\":{\"@type\":\"EntryPoint\",\"urlTemplate\":\"https:\/\/elcardinal.com\/?s={search_term_string}\"},\"query-input\":{\"@type\":\"PropertyValueSpecification\",\"valueRequired\":true,\"valueName\":\"search_term_string\"}}],\"inLanguage\":\"es\"},{\"@type\":\"Organization\",\"@id\":\"https:\/\/elcardinal.com\/#organization\",\"name\":\"El Cardinal\",\"url\":\"https:\/\/elcardinal.com\/\",\"logo\":{\"@type\":\"ImageObject\",\"inLanguage\":\"es\",\"@id\":\"https:\/\/elcardinal.com\/#\/schema\/logo\/image\/\",\"url\":\"https:\/\/elcardinal.com\/wp-content\/uploads\/2025\/04\/LOGO-EL-CARDINAL-Periodismo-con-valor.png\",\"contentUrl\":\"https:\/\/elcardinal.com\/wp-content\/uploads\/2025\/04\/LOGO-EL-CARDINAL-Periodismo-con-valor.png\",\"width\":755,\"height\":636,\"caption\":\"El Cardinal\"},\"image\":{\"@id\":\"https:\/\/elcardinal.com\/#\/schema\/logo\/image\/\"},\"sameAs\":[\"https:\/\/www.facebook.com\/profile.php?id=100063093107011\",\"https:\/\/x.com\/ElCardinal_Mx\"]},{\"@type\":\"Person\",\"@id\":\"https:\/\/elcardinal.com\/#\/schema\/person\/5afd392a3b300b95afb068a1cd3abccc\",\"name\":\"admin\",\"image\":{\"@type\":\"ImageObject\",\"inLanguage\":\"es\",\"@id\":\"https:\/\/elcardinal.com\/#\/schema\/person\/image\/\",\"url\":\"https:\/\/secure.gravatar.com\/avatar\/dd589adc02664698426865558854714d2d82548501e48cbe9b9f1997b68138b6?s=96&d=mm&r=g\",\"contentUrl\":\"https:\/\/secure.gravatar.com\/avatar\/dd589adc02664698426865558854714d2d82548501e48cbe9b9f1997b68138b6?s=96&d=mm&r=g\",\"caption\":\"admin\"},\"sameAs\":[\"https:\/\/elcardinal.com\"],\"url\":\"https:\/\/elcardinal.com\/?author=1\"}]}<\/script>\n<!-- \/ Yoast SEO plugin. -->","yoast_head_json":{"title":"Toma protesta Mar\u00eda del Rosario Guerrero Mart\u00ednez en su cargo como diputada en funciones de la LXVI Legislatura - El Cardinal","robots":{"index":"index","follow":"follow","max-snippet":"max-snippet:-1","max-image-preview":"max-image-preview:large","max-video-preview":"max-video-preview:-1"},"canonical":"https:\/\/elcardinal.com\/?p=4723","og_locale":"es_MX","og_type":"article","og_title":"Toma protesta Mar\u00eda del Rosario Guerrero Mart\u00ednez en su cargo como diputada en funciones de la LXVI Legislatura - El Cardinal","og_description":"Redacci\u00f3n Diputadas y diputados integrantes de la LXVI Legislatura aprobaron con 24 votos a favor, cero en contra y cero abstenciones, el dictamen por el que se otorga posesi\u00f3n del cargo como diputada en funciones a Mar\u00eda del Rosario Guerrero Mart\u00ednez, representante del distrito I Zimap\u00e1n, emitido por la primera Comisi\u00f3n Permanente de Legislaci\u00f3n y","og_url":"https:\/\/elcardinal.com\/?p=4723","og_site_name":"El Cardinal","article_publisher":"https:\/\/www.facebook.com\/profile.php?id=100063093107011","article_published_time":"2025-06-06T05:33:52+00:00","og_image":[{"width":2560,"height":1707,"url":"https:\/\/elcardinal.com\/wp-content\/uploads\/2025\/06\/Sesion-05.06.2025-ordinaria-46-scaled.jpg","type":"image\/jpeg"}],"author":"admin","twitter_card":"summary_large_image","twitter_creator":"@ElCardinal_Mx","twitter_site":"@ElCardinal_Mx","twitter_misc":{"Escrito por":"admin","Tiempo de lectura":"6 minutos"},"schema":{"@context":"https:\/\/schema.org","@graph":[{"@type":"Article","@id":"https:\/\/elcardinal.com\/?p=4723#article","isPartOf":{"@id":"https:\/\/elcardinal.com\/?p=4723"},"author":{"name":"admin","@id":"https:\/\/elcardinal.com\/#\/schema\/person\/5afd392a3b300b95afb068a1cd3abccc"},"headline":"Toma protesta Mar\u00eda del Rosario Guerrero Mart\u00ednez en su cargo como diputada en funciones de la LXVI Legislatura","datePublished":"2025-06-06T05:33:52+00:00","mainEntityOfPage":{"@id":"https:\/\/elcardinal.com\/?p=4723"},"wordCount":1271,"commentCount":0,"publisher":{"@id":"https:\/\/elcardinal.com\/#organization"},"image":{"@id":"https:\/\/elcardinal.com\/?p=4723#primaryimage"},"thumbnailUrl":"https:\/\/elcardinal.com\/wp-content\/uploads\/2025\/06\/Sesion-05.06.2025-ordinaria-46-scaled.jpg","keywords":["Andr\u00e9s Vel\u00e1zquez","Congreso de Hidalgo"],"articleSection":["Hidalgo","Minuto a Minuto","Pol\u00edtica"],"inLanguage":"es","potentialAction":[{"@type":"CommentAction","name":"Comment","target":["https:\/\/elcardinal.com\/?p=4723#respond"]}]},{"@type":"WebPage","@id":"https:\/\/elcardinal.com\/?p=4723","url":"https:\/\/elcardinal.com\/?p=4723","name":"Toma protesta Mar\u00eda del Rosario Guerrero Mart\u00ednez en su cargo como diputada en funciones de la LXVI Legislatura - El Cardinal","isPartOf":{"@id":"https:\/\/elcardinal.com\/#website"},"primaryImageOfPage":{"@id":"https:\/\/elcardinal.com\/?p=4723#primaryimage"},"image":{"@id":"https:\/\/elcardinal.com\/?p=4723#primaryimage"},"thumbnailUrl":"https:\/\/elcardinal.com\/wp-content\/uploads\/2025\/06\/Sesion-05.06.2025-ordinaria-46-scaled.jpg","datePublished":"2025-06-06T05:33:52+00:00","breadcrumb":{"@id":"https:\/\/elcardinal.com\/?p=4723#breadcrumb"},"inLanguage":"es","potentialAction":[{"@type":"ReadAction","target":["https:\/\/elcardinal.com\/?p=4723"]}]},{"@type":"ImageObject","inLanguage":"es","@id":"https:\/\/elcardinal.com\/?p=4723#primaryimage","url":"https:\/\/elcardinal.com\/wp-content\/uploads\/2025\/06\/Sesion-05.06.2025-ordinaria-46-scaled.jpg","contentUrl":"https:\/\/elcardinal.com\/wp-content\/uploads\/2025\/06\/Sesion-05.06.2025-ordinaria-46-scaled.jpg","width":2560,"height":1707},{"@type":"BreadcrumbList","@id":"https:\/\/elcardinal.com\/?p=4723#breadcrumb","itemListElement":[{"@type":"ListItem","position":1,"name":"Inicio","item":"https:\/\/elcardinal.com\/"},{"@type":"ListItem","position":2,"name":"Toma protesta Mar\u00eda del Rosario Guerrero Mart\u00ednez en su cargo como diputada en funciones de la LXVI Legislatura"}]},{"@type":"WebSite","@id":"https:\/\/elcardinal.com\/#website","url":"https:\/\/elcardinal.com\/","name":"El Cardinal","description":"Periodismo honesto, con valor, sentido humano, a veces sarc\u00e1stico y divertido.","publisher":{"@id":"https:\/\/elcardinal.com\/#organization"},"alternateName":"El Cardinal Noticias","potentialAction":[{"@type":"SearchAction","target":{"@type":"EntryPoint","urlTemplate":"https:\/\/elcardinal.com\/?s={search_term_string}"},"query-input":{"@type":"PropertyValueSpecification","valueRequired":true,"valueName":"search_term_string"}}],"inLanguage":"es"},{"@type":"Organization","@id":"https:\/\/elcardinal.com\/#organization","name":"El Cardinal","url":"https:\/\/elcardinal.com\/","logo":{"@type":"ImageObject","inLanguage":"es","@id":"https:\/\/elcardinal.com\/#\/schema\/logo\/image\/","url":"https:\/\/elcardinal.com\/wp-content\/uploads\/2025\/04\/LOGO-EL-CARDINAL-Periodismo-con-valor.png","contentUrl":"https:\/\/elcardinal.com\/wp-content\/uploads\/2025\/04\/LOGO-EL-CARDINAL-Periodismo-con-valor.png","width":755,"height":636,"caption":"El Cardinal"},"image":{"@id":"https:\/\/elcardinal.com\/#\/schema\/logo\/image\/"},"sameAs":["https:\/\/www.facebook.com\/profile.php?id=100063093107011","https:\/\/x.com\/ElCardinal_Mx"]},{"@type":"Person","@id":"https:\/\/elcardinal.com\/#\/schema\/person\/5afd392a3b300b95afb068a1cd3abccc","name":"admin","image":{"@type":"ImageObject","inLanguage":"es","@id":"https:\/\/elcardinal.com\/#\/schema\/person\/image\/","url":"https:\/\/secure.gravatar.com\/avatar\/dd589adc02664698426865558854714d2d82548501e48cbe9b9f1997b68138b6?s=96&d=mm&r=g","contentUrl":"https:\/\/secure.gravatar.com\/avatar\/dd589adc02664698426865558854714d2d82548501e48cbe9b9f1997b68138b6?s=96&d=mm&r=g","caption":"admin"},"sameAs":["https:\/\/elcardinal.com"],"url":"https:\/\/elcardinal.com\/?author=1"}]}},"_links":{"self":[{"href":"https:\/\/elcardinal.com\/index.php?rest_route=\/wp\/v2\/posts\/4723","targetHints":{"allow":["GET"]}}],"collection":[{"href":"https:\/\/elcardinal.com\/index.php?rest_route=\/wp\/v2\/posts"}],"about":[{"href":"https:\/\/elcardinal.com\/index.php?rest_route=\/wp\/v2\/types\/post"}],"author":[{"embeddable":true,"href":"https:\/\/elcardinal.com\/index.php?rest_route=\/wp\/v2\/users\/1"}],"replies":[{"embeddable":true,"href":"https:\/\/elcardinal.com\/index.php?rest_route=%2Fwp%2Fv2%2Fcomments&post=4723"}],"version-history":[{"count":1,"href":"https:\/\/elcardinal.com\/index.php?rest_route=\/wp\/v2\/posts\/4723\/revisions"}],"predecessor-version":[{"id":4725,"href":"https:\/\/elcardinal.com\/index.php?rest_route=\/wp\/v2\/posts\/4723\/revisions\/4725"}],"wp:featuredmedia":[{"embeddable":true,"href":"https:\/\/elcardinal.com\/index.php?rest_route=\/wp\/v2\/media\/4724"}],"wp:attachment":[{"href":"https:\/\/elcardinal.com\/index.php?rest_route=%2Fwp%2Fv2%2Fmedia&parent=4723"}],"wp:term":[{"taxonomy":"category","embeddable":true,"href":"https:\/\/elcardinal.com\/index.php?rest_route=%2Fwp%2Fv2%2Fcategories&post=4723"},{"taxonomy":"post_tag","embeddable":true,"href":"https:\/\/elcardinal.com\/index.php?rest_route=%2Fwp%2Fv2%2Ftags&post=4723"}],"curies":[{"name":"wp","href":"https:\/\/api.w.org\/{rel}","templated":true}]}}