{"id":4726,"date":"2025-06-06T11:34:49","date_gmt":"2025-06-06T17:34:49","guid":{"rendered":"https:\/\/elcardinal.com\/?p=4726"},"modified":"2025-06-06T11:34:49","modified_gmt":"2025-06-06T17:34:49","slug":"senala-tania-meza-que-autoridades-deben-hacer-mas-por-las-personas-de-talla-baja","status":"publish","type":"post","link":"https:\/\/elcardinal.com\/?p=4726","title":{"rendered":"Se\u00f1ala Tania Meza que autoridades deben \u201chacer m\u00e1s\u201d por las personas de talla baja"},"content":{"rendered":"<ul>\n<li>La diputada propuso al Congreso que el 25 de octubre sea considerado el \u201cD\u00eda de las Personas de Talla Baja en el Estado de Hidalgo\u201d.<\/li>\n<\/ul>\n<p>La morenista <strong>Tania Meza Escorza<\/strong> declar\u00f3 que las personas de talla baja son constantemente infantilizadas, invisibilizadas y relegadas a los m\u00e1rgenes de la sociedad, lo cual representa un obst\u00e1culo para el dise\u00f1o de pol\u00edticas p\u00fablicas que respondan verdaderamente a sus necesidades.<\/p>\n<p>Por ello, con el prop\u00f3sito de visibilizar, reconocer y promover el respeto a los derechos humanos, la inclusi\u00f3n social y la no discriminaci\u00f3n hacia las personas con acondroplasia u otras formas de talla baja, present\u00f3 una iniciativa para declarar el 25 de octubre como \u201cD\u00eda de las Personas de Talla Baja en el Estado de Hidalgo\u201d.<\/p>\n<p>\u201cDesde edades muy tempranas, son objeto de estigmas, bromas ofensivas y actitudes discriminatorias que deterioran su autoestima y vulneran su dignidad; no s\u00f3lo se manifiesta en lo simb\u00f3lico, tambi\u00e9n repercute en su acceso a la salud, la educaci\u00f3n, empleo, transporte, participaci\u00f3n c\u00edvica y la vida familiar\u201d, coment\u00f3 la legisladora.<\/p>\n<p>En ese sentido, dijo que, algunas veces, las autoridades act\u00faan de manera reactiva ante la necesidad de brindarle accesibilidad a una persona con discapacidad en espec\u00edfico.<\/p>\n<p>En lugar de \u201cinteriorizar la mirada de los derechos humanos para todas y todos, y realizar las adecuaciones necesarias para que, anticipadamente, las personas de talla baja o con alguna discapacidad motriz sepan de antemano que pueden acceder f\u00edsicamente a los espacios p\u00fablicos\u201d, mencion\u00f3 la diputada.<\/p>\n<p>De aprobarse dicha iniciativa, detall\u00f3 que el Gobierno de Hidalgo, a trav\u00e9s de la Secretar\u00eda de Salud, la Secretar\u00eda de Educaci\u00f3n P\u00fablica, el DIF estatal, en coordinaci\u00f3n con los Poderes Legislativo y Judicial, promover\u00edan acciones de difusi\u00f3n, sensibilizaci\u00f3n y educaci\u00f3n orientadas a la inclusi\u00f3n y el respeto de las personas de talla baja.<\/p>\n<p>Asimismo, enfatiz\u00f3 que procurar\u00e1n la iluminaci\u00f3n de color verde de edificios p\u00fablicos representativos en la entidad cada 25 de octubre, como muestra de solidaridad y compromiso institucional.<\/p>\n<p>\u201cInstituir el 25 de octubre como D\u00eda de las Personas de Talla Baja en el Estado de Hidalgo es un acto de justicia y una forma de recordar que la diferencia no debe ser motivo de burla, ni de exclusi\u00f3n, sino de respeto y de celebraci\u00f3n de la diversidad humana\u201d, finaliz\u00f3 Meza Escorza.<\/p>\n<p>La talla baja, desde una perspectiva m\u00e9dica, es una condici\u00f3n que puede tener diversas causas: gen\u00e9ticas, metab\u00f3licas, hormonales o de origen diverso. Dentro de esta categor\u00eda se encuentra la acondroplasia, caracterizada por una alteraci\u00f3n en el crecimiento de los huesos.<\/p>\n<p>Sin embargo, m\u00e1s all\u00e1 del diagn\u00f3stico cl\u00ednico, quienes viven con esta condici\u00f3n enfrentan una realidad cotidiana marcada por barreras f\u00edsicas, sociales, culturales y estructurales.<\/p>\n","protected":false},"excerpt":{"rendered":"<p>La diputada propuso al Congreso que el 25 de octubre sea considerado el \u201cD\u00eda de las Personas de Talla Baja en el Estado de Hidalgo\u201d. La morenista Tania Meza Escorza declar\u00f3 que las personas de talla baja son constantemente infantilizadas, invisibilizadas y relegadas a los m\u00e1rgenes de la sociedad, lo cual representa un obst\u00e1culo para<\/p>\n","protected":false},"author":2,"featured_media":4727,"comment_status":"open","ping_status":"open","sticky":false,"template":"","format":"standard","meta":{"footnotes":""},"categories":[31,44,39],"tags":[62,224,222],"class_list":{"0":"post-4726","1":"post","2":"type-post","3":"status-publish","4":"format-standard","5":"has-post-thumbnail","7":"category-hidalgo","8":"category-minuto-a-minuto","9":"category-politica","10":"tag-congreso-de-hidalgo","11":"tag-tallas-baja","12":"tag-tania-meza"},"yoast_head":"<!-- This site is optimized with the Yoast SEO plugin v26.1.1 - https:\/\/yoast.com\/wordpress\/plugins\/seo\/ -->\n<title>Se\u00f1ala Tania Meza que autoridades deben \u201chacer m\u00e1s\u201d por las personas de talla baja - El Cardinal<\/title>\n<meta name=\"robots\" content=\"index, follow, max-snippet:-1, max-image-preview:large, max-video-preview:-1\" \/>\n<link rel=\"canonical\" href=\"https:\/\/elcardinal.com\/?p=4726\" \/>\n<meta property=\"og:locale\" content=\"es_MX\" \/>\n<meta property=\"og:type\" content=\"article\" \/>\n<meta property=\"og:title\" content=\"Se\u00f1ala Tania Meza que autoridades deben \u201chacer m\u00e1s\u201d por las personas de talla baja - El Cardinal\" \/>\n<meta property=\"og:description\" content=\"La diputada propuso al Congreso que el 25 de octubre sea considerado el \u201cD\u00eda de las Personas de Talla Baja en el Estado de Hidalgo\u201d. La morenista Tania Meza Escorza declar\u00f3 que las personas de talla baja son constantemente infantilizadas, invisibilizadas y relegadas a los m\u00e1rgenes de la sociedad, lo cual representa un obst\u00e1culo para\" \/>\n<meta property=\"og:url\" content=\"https:\/\/elcardinal.com\/?p=4726\" \/>\n<meta property=\"og:site_name\" content=\"El Cardinal\" \/>\n<meta property=\"article:publisher\" content=\"https:\/\/www.facebook.com\/profile.php?id=100063093107011\" \/>\n<meta property=\"article:published_time\" content=\"2025-06-06T17:34:49+00:00\" \/>\n<meta property=\"og:image\" content=\"https:\/\/elcardinal.com\/wp-content\/uploads\/2025\/06\/WhatsApp-Image-2025-06-06-at-11.13.16-AM.jpeg\" \/>\n\t<meta property=\"og:image:width\" content=\"1280\" \/>\n\t<meta property=\"og:image:height\" content=\"853\" \/>\n\t<meta property=\"og:image:type\" content=\"image\/jpeg\" \/>\n<meta name=\"author\" content=\"Antonio Alcaraz\" \/>\n<meta name=\"twitter:card\" content=\"summary_large_image\" \/>\n<meta name=\"twitter:creator\" content=\"@ElCardinal_Mx\" \/>\n<meta name=\"twitter:site\" content=\"@ElCardinal_Mx\" \/>\n<meta name=\"twitter:label1\" content=\"Escrito por\" \/>\n\t<meta name=\"twitter:data1\" content=\"Antonio Alcaraz\" \/>\n\t<meta name=\"twitter:label2\" content=\"Tiempo de lectura\" \/>\n\t<meta name=\"twitter:data2\" content=\"3 minutos\" \/>\n<script type=\"application\/ld+json\" class=\"yoast-schema-graph\">{\"@context\":\"https:\/\/schema.org\",\"@graph\":[{\"@type\":\"Article\",\"@id\":\"https:\/\/elcardinal.com\/?p=4726#article\",\"isPartOf\":{\"@id\":\"https:\/\/elcardinal.com\/?p=4726\"},\"author\":{\"name\":\"Antonio Alcaraz\",\"@id\":\"https:\/\/elcardinal.com\/#\/schema\/person\/3c352ec0a33987fe275c0e8a2ea69f8b\"},\"headline\":\"Se\u00f1ala Tania Meza que autoridades deben \u201chacer m\u00e1s\u201d por las personas de talla baja\",\"datePublished\":\"2025-06-06T17:34:49+00:00\",\"mainEntityOfPage\":{\"@id\":\"https:\/\/elcardinal.com\/?p=4726\"},\"wordCount\":500,\"commentCount\":0,\"publisher\":{\"@id\":\"https:\/\/elcardinal.com\/#organization\"},\"image\":{\"@id\":\"https:\/\/elcardinal.com\/?p=4726#primaryimage\"},\"thumbnailUrl\":\"https:\/\/elcardinal.com\/wp-content\/uploads\/2025\/06\/WhatsApp-Image-2025-06-06-at-11.13.16-AM.jpeg\",\"keywords\":[\"Congreso de Hidalgo\",\"Tallas Baja\",\"Tania Meza\"],\"articleSection\":[\"Hidalgo\",\"Minuto a Minuto\",\"Pol\u00edtica\"],\"inLanguage\":\"es\",\"potentialAction\":[{\"@type\":\"CommentAction\",\"name\":\"Comment\",\"target\":[\"https:\/\/elcardinal.com\/?p=4726#respond\"]}]},{\"@type\":\"WebPage\",\"@id\":\"https:\/\/elcardinal.com\/?p=4726\",\"url\":\"https:\/\/elcardinal.com\/?p=4726\",\"name\":\"Se\u00f1ala Tania Meza que autoridades deben \u201chacer m\u00e1s\u201d por las personas de talla baja - El Cardinal\",\"isPartOf\":{\"@id\":\"https:\/\/elcardinal.com\/#website\"},\"primaryImageOfPage\":{\"@id\":\"https:\/\/elcardinal.com\/?p=4726#primaryimage\"},\"image\":{\"@id\":\"https:\/\/elcardinal.com\/?p=4726#primaryimage\"},\"thumbnailUrl\":\"https:\/\/elcardinal.com\/wp-content\/uploads\/2025\/06\/WhatsApp-Image-2025-06-06-at-11.13.16-AM.jpeg\",\"datePublished\":\"2025-06-06T17:34:49+00:00\",\"breadcrumb\":{\"@id\":\"https:\/\/elcardinal.com\/?p=4726#breadcrumb\"},\"inLanguage\":\"es\",\"potentialAction\":[{\"@type\":\"ReadAction\",\"target\":[\"https:\/\/elcardinal.com\/?p=4726\"]}]},{\"@type\":\"ImageObject\",\"inLanguage\":\"es\",\"@id\":\"https:\/\/elcardinal.com\/?p=4726#primaryimage\",\"url\":\"https:\/\/elcardinal.com\/wp-content\/uploads\/2025\/06\/WhatsApp-Image-2025-06-06-at-11.13.16-AM.jpeg\",\"contentUrl\":\"https:\/\/elcardinal.com\/wp-content\/uploads\/2025\/06\/WhatsApp-Image-2025-06-06-at-11.13.16-AM.jpeg\",\"width\":1280,\"height\":853},{\"@type\":\"BreadcrumbList\",\"@id\":\"https:\/\/elcardinal.com\/?p=4726#breadcrumb\",\"itemListElement\":[{\"@type\":\"ListItem\",\"position\":1,\"name\":\"Inicio\",\"item\":\"https:\/\/elcardinal.com\/\"},{\"@type\":\"ListItem\",\"position\":2,\"name\":\"Se\u00f1ala Tania Meza que autoridades deben \u201chacer m\u00e1s\u201d por las personas de talla baja\"}]},{\"@type\":\"WebSite\",\"@id\":\"https:\/\/elcardinal.com\/#website\",\"url\":\"https:\/\/elcardinal.com\/\",\"name\":\"El Cardinal\",\"description\":\"Periodismo honesto, con valor, sentido humano, a veces sarc\u00e1stico y divertido.\",\"publisher\":{\"@id\":\"https:\/\/elcardinal.com\/#organization\"},\"alternateName\":\"El Cardinal Noticias\",\"potentialAction\":[{\"@type\":\"SearchAction\",\"target\":{\"@type\":\"EntryPoint\",\"urlTemplate\":\"https:\/\/elcardinal.com\/?s={search_term_string}\"},\"query-input\":{\"@type\":\"PropertyValueSpecification\",\"valueRequired\":true,\"valueName\":\"search_term_string\"}}],\"inLanguage\":\"es\"},{\"@type\":\"Organization\",\"@id\":\"https:\/\/elcardinal.com\/#organization\",\"name\":\"El Cardinal\",\"url\":\"https:\/\/elcardinal.com\/\",\"logo\":{\"@type\":\"ImageObject\",\"inLanguage\":\"es\",\"@id\":\"https:\/\/elcardinal.com\/#\/schema\/logo\/image\/\",\"url\":\"https:\/\/elcardinal.com\/wp-content\/uploads\/2025\/04\/LOGO-EL-CARDINAL-Periodismo-con-valor.png\",\"contentUrl\":\"https:\/\/elcardinal.com\/wp-content\/uploads\/2025\/04\/LOGO-EL-CARDINAL-Periodismo-con-valor.png\",\"width\":755,\"height\":636,\"caption\":\"El Cardinal\"},\"image\":{\"@id\":\"https:\/\/elcardinal.com\/#\/schema\/logo\/image\/\"},\"sameAs\":[\"https:\/\/www.facebook.com\/profile.php?id=100063093107011\",\"https:\/\/x.com\/ElCardinal_Mx\"]},{\"@type\":\"Person\",\"@id\":\"https:\/\/elcardinal.com\/#\/schema\/person\/3c352ec0a33987fe275c0e8a2ea69f8b\",\"name\":\"Antonio Alcaraz\",\"image\":{\"@type\":\"ImageObject\",\"inLanguage\":\"es\",\"@id\":\"https:\/\/elcardinal.com\/#\/schema\/person\/image\/\",\"url\":\"https:\/\/elcardinal.com\/wp-content\/uploads\/2025\/05\/cropped-TONO-96x96.jpg\",\"contentUrl\":\"https:\/\/elcardinal.com\/wp-content\/uploads\/2025\/05\/cropped-TONO-96x96.jpg\",\"caption\":\"Antonio Alcaraz\"},\"url\":\"https:\/\/elcardinal.com\/?author=2\"}]}<\/script>\n<!-- \/ Yoast SEO plugin. -->","yoast_head_json":{"title":"Se\u00f1ala Tania Meza que autoridades deben \u201chacer m\u00e1s\u201d por las personas de talla baja - El Cardinal","robots":{"index":"index","follow":"follow","max-snippet":"max-snippet:-1","max-image-preview":"max-image-preview:large","max-video-preview":"max-video-preview:-1"},"canonical":"https:\/\/elcardinal.com\/?p=4726","og_locale":"es_MX","og_type":"article","og_title":"Se\u00f1ala Tania Meza que autoridades deben \u201chacer m\u00e1s\u201d por las personas de talla baja - El Cardinal","og_description":"La diputada propuso al Congreso que el 25 de octubre sea considerado el \u201cD\u00eda de las Personas de Talla Baja en el Estado de Hidalgo\u201d. La morenista Tania Meza Escorza declar\u00f3 que las personas de talla baja son constantemente infantilizadas, invisibilizadas y relegadas a los m\u00e1rgenes de la sociedad, lo cual representa un obst\u00e1culo para","og_url":"https:\/\/elcardinal.com\/?p=4726","og_site_name":"El Cardinal","article_publisher":"https:\/\/www.facebook.com\/profile.php?id=100063093107011","article_published_time":"2025-06-06T17:34:49+00:00","og_image":[{"width":1280,"height":853,"url":"https:\/\/elcardinal.com\/wp-content\/uploads\/2025\/06\/WhatsApp-Image-2025-06-06-at-11.13.16-AM.jpeg","type":"image\/jpeg"}],"author":"Antonio Alcaraz","twitter_card":"summary_large_image","twitter_creator":"@ElCardinal_Mx","twitter_site":"@ElCardinal_Mx","twitter_misc":{"Escrito por":"Antonio Alcaraz","Tiempo de lectura":"3 minutos"},"schema":{"@context":"https:\/\/schema.org","@graph":[{"@type":"Article","@id":"https:\/\/elcardinal.com\/?p=4726#article","isPartOf":{"@id":"https:\/\/elcardinal.com\/?p=4726"},"author":{"name":"Antonio Alcaraz","@id":"https:\/\/elcardinal.com\/#\/schema\/person\/3c352ec0a33987fe275c0e8a2ea69f8b"},"headline":"Se\u00f1ala Tania Meza que autoridades deben \u201chacer m\u00e1s\u201d por las personas de talla baja","datePublished":"2025-06-06T17:34:49+00:00","mainEntityOfPage":{"@id":"https:\/\/elcardinal.com\/?p=4726"},"wordCount":500,"commentCount":0,"publisher":{"@id":"https:\/\/elcardinal.com\/#organization"},"image":{"@id":"https:\/\/elcardinal.com\/?p=4726#primaryimage"},"thumbnailUrl":"https:\/\/elcardinal.com\/wp-content\/uploads\/2025\/06\/WhatsApp-Image-2025-06-06-at-11.13.16-AM.jpeg","keywords":["Congreso de Hidalgo","Tallas Baja","Tania Meza"],"articleSection":["Hidalgo","Minuto a Minuto","Pol\u00edtica"],"inLanguage":"es","potentialAction":[{"@type":"CommentAction","name":"Comment","target":["https:\/\/elcardinal.com\/?p=4726#respond"]}]},{"@type":"WebPage","@id":"https:\/\/elcardinal.com\/?p=4726","url":"https:\/\/elcardinal.com\/?p=4726","name":"Se\u00f1ala Tania Meza que autoridades deben \u201chacer m\u00e1s\u201d por las personas de talla baja - El Cardinal","isPartOf":{"@id":"https:\/\/elcardinal.com\/#website"},"primaryImageOfPage":{"@id":"https:\/\/elcardinal.com\/?p=4726#primaryimage"},"image":{"@id":"https:\/\/elcardinal.com\/?p=4726#primaryimage"},"thumbnailUrl":"https:\/\/elcardinal.com\/wp-content\/uploads\/2025\/06\/WhatsApp-Image-2025-06-06-at-11.13.16-AM.jpeg","datePublished":"2025-06-06T17:34:49+00:00","breadcrumb":{"@id":"https:\/\/elcardinal.com\/?p=4726#breadcrumb"},"inLanguage":"es","potentialAction":[{"@type":"ReadAction","target":["https:\/\/elcardinal.com\/?p=4726"]}]},{"@type":"ImageObject","inLanguage":"es","@id":"https:\/\/elcardinal.com\/?p=4726#primaryimage","url":"https:\/\/elcardinal.com\/wp-content\/uploads\/2025\/06\/WhatsApp-Image-2025-06-06-at-11.13.16-AM.jpeg","contentUrl":"https:\/\/elcardinal.com\/wp-content\/uploads\/2025\/06\/WhatsApp-Image-2025-06-06-at-11.13.16-AM.jpeg","width":1280,"height":853},{"@type":"BreadcrumbList","@id":"https:\/\/elcardinal.com\/?p=4726#breadcrumb","itemListElement":[{"@type":"ListItem","position":1,"name":"Inicio","item":"https:\/\/elcardinal.com\/"},{"@type":"ListItem","position":2,"name":"Se\u00f1ala Tania Meza que autoridades deben \u201chacer m\u00e1s\u201d por las personas de talla baja"}]},{"@type":"WebSite","@id":"https:\/\/elcardinal.com\/#website","url":"https:\/\/elcardinal.com\/","name":"El Cardinal","description":"Periodismo honesto, con valor, sentido humano, a veces sarc\u00e1stico y divertido.","publisher":{"@id":"https:\/\/elcardinal.com\/#organization"},"alternateName":"El Cardinal Noticias","potentialAction":[{"@type":"SearchAction","target":{"@type":"EntryPoint","urlTemplate":"https:\/\/elcardinal.com\/?s={search_term_string}"},"query-input":{"@type":"PropertyValueSpecification","valueRequired":true,"valueName":"search_term_string"}}],"inLanguage":"es"},{"@type":"Organization","@id":"https:\/\/elcardinal.com\/#organization","name":"El Cardinal","url":"https:\/\/elcardinal.com\/","logo":{"@type":"ImageObject","inLanguage":"es","@id":"https:\/\/elcardinal.com\/#\/schema\/logo\/image\/","url":"https:\/\/elcardinal.com\/wp-content\/uploads\/2025\/04\/LOGO-EL-CARDINAL-Periodismo-con-valor.png","contentUrl":"https:\/\/elcardinal.com\/wp-content\/uploads\/2025\/04\/LOGO-EL-CARDINAL-Periodismo-con-valor.png","width":755,"height":636,"caption":"El Cardinal"},"image":{"@id":"https:\/\/elcardinal.com\/#\/schema\/logo\/image\/"},"sameAs":["https:\/\/www.facebook.com\/profile.php?id=100063093107011","https:\/\/x.com\/ElCardinal_Mx"]},{"@type":"Person","@id":"https:\/\/elcardinal.com\/#\/schema\/person\/3c352ec0a33987fe275c0e8a2ea69f8b","name":"Antonio Alcaraz","image":{"@type":"ImageObject","inLanguage":"es","@id":"https:\/\/elcardinal.com\/#\/schema\/person\/image\/","url":"https:\/\/elcardinal.com\/wp-content\/uploads\/2025\/05\/cropped-TONO-96x96.jpg","contentUrl":"https:\/\/elcardinal.com\/wp-content\/uploads\/2025\/05\/cropped-TONO-96x96.jpg","caption":"Antonio Alcaraz"},"url":"https:\/\/elcardinal.com\/?author=2"}]}},"_links":{"self":[{"href":"https:\/\/elcardinal.com\/index.php?rest_route=\/wp\/v2\/posts\/4726","targetHints":{"allow":["GET"]}}],"collection":[{"href":"https:\/\/elcardinal.com\/index.php?rest_route=\/wp\/v2\/posts"}],"about":[{"href":"https:\/\/elcardinal.com\/index.php?rest_route=\/wp\/v2\/types\/post"}],"author":[{"embeddable":true,"href":"https:\/\/elcardinal.com\/index.php?rest_route=\/wp\/v2\/users\/2"}],"replies":[{"embeddable":true,"href":"https:\/\/elcardinal.com\/index.php?rest_route=%2Fwp%2Fv2%2Fcomments&post=4726"}],"version-history":[{"count":1,"href":"https:\/\/elcardinal.com\/index.php?rest_route=\/wp\/v2\/posts\/4726\/revisions"}],"predecessor-version":[{"id":4728,"href":"https:\/\/elcardinal.com\/index.php?rest_route=\/wp\/v2\/posts\/4726\/revisions\/4728"}],"wp:featuredmedia":[{"embeddable":true,"href":"https:\/\/elcardinal.com\/index.php?rest_route=\/wp\/v2\/media\/4727"}],"wp:attachment":[{"href":"https:\/\/elcardinal.com\/index.php?rest_route=%2Fwp%2Fv2%2Fmedia&parent=4726"}],"wp:term":[{"taxonomy":"category","embeddable":true,"href":"https:\/\/elcardinal.com\/index.php?rest_route=%2Fwp%2Fv2%2Fcategories&post=4726"},{"taxonomy":"post_tag","embeddable":true,"href":"https:\/\/elcardinal.com\/index.php?rest_route=%2Fwp%2Fv2%2Ftags&post=4726"}],"curies":[{"name":"wp","href":"https:\/\/api.w.org\/{rel}","templated":true}]}}