{"id":4742,"date":"2025-06-08T11:57:04","date_gmt":"2025-06-08T17:57:04","guid":{"rendered":"https:\/\/elcardinal.com\/?p=4742"},"modified":"2025-06-08T11:57:04","modified_gmt":"2025-06-08T17:57:04","slug":"el-arte-de-tener-una-mala-memoria","status":"publish","type":"post","link":"https:\/\/elcardinal.com\/?p=4742","title":{"rendered":"El arte de tener una mala memoria"},"content":{"rendered":"<p>Por: <strong>Jos\u00e9 Antonio Alcaraz Su\u00e1rez<\/strong><\/p>\n<p>No s\u00e9 si sea fortuna, estrategia o un mecanismo de autocuidado que he desarrollado a lo largo de mi vida, pero suelo tener mala memoria. S\u00ed, <em>suelo soltar de mi recuerdo agravios, resentimientos y malos ratos<\/em> causados por otras personas, situaciones o, incluso, por m\u00ed mismo, aunque dejan heridas.<\/p>\n<p>\u00bfC\u00f3mo le hago? Sinceramente, no s\u00e9, pues no tengo un m\u00e9todo racional, aunque s\u00ed un ejemplo que les compartir\u00e9 m\u00e1s abajo y tiene que ver con <strong>LOS GATOS<\/strong>. Esto no quiere decir que apruebe o tolere esos agravios, traiciones, desenga\u00f1os y ofensas; pero, a veces las heridas que cargamos suelen pesar m\u00e1s de lo que admitimos. <strong>Nos moldean en silencio, sin darnos cuenta<\/strong>, y cuando menos lo esperamos, ya no somos quienes sol\u00edamos ser.<\/p>\n<p><strong>CAMBIAR NO SIEMPRE ES CRECER<\/strong><br \/>\nHay transformaciones que vienen del dolor, del resentimiento, de la decepci\u00f3n. Es f\u00e1cil endurecerse, levantar barreras, afilar las palabras y esperar el momento de ajustar cuentas con esas personas. Pero \u00bfde verdad queremos convertirnos en lo que nos hizo da\u00f1o?<\/p>\n<blockquote><p>Existe un viejo proverbio que dice: \u201cAntes de iniciar el camino de la venganza, cava dos tumbas\u201d. La guerra \u2014aunque sea emocional, silenciosa o interna\u2014 nunca deja ganadores reales. Incluso quien se impone, pierde una parte de s\u00ed en el proceso. Porque no se trata solo de hacer justicia, sino de no perder la alegr\u00eda, la empat\u00eda y la paz que tanto cuesta construir.<\/p><\/blockquote>\n<p>Yo me he tenido que reconstruir en muchas ocasiones de heridas causadas por las acciones de otras personas, pero, la que m\u00e1s me ha llevado tiempo, esfuerzo y dinero (hay que invertir en uno), son las que yo mismo me he causado.<\/p>\n<p><strong>PERD\u00d3N, EL ACTO REVOLUCIONARIO<\/strong><br \/>\nTodos, sin excepci\u00f3n, hemos sido decepcionados. Y tambi\u00e9n, sin darnos cuenta, hemos decepcionado a alguien. Somos humanos fr\u00e1giles, contradictorios, imperfectos. Por eso, el perd\u00f3n, por m\u00e1s dif\u00edcil que parezca, es el \u00fanico acto verdaderamente revolucionario que podemos ejercer.<\/p>\n<p>No se trata de justificar al otro, sino de liberar el espacio mental y emocional que la herida ha ocupado. Porque mientras no perdonemos, esa parte de nosotros estar\u00e1 secuestrada por el pasado.<\/p>\n<p>Olvidar puede sonar ofensivo para quien sufre, pero ir\u00f3nicamente, tener mala memoria \u2014<strong>al menos en lo emocional\u2014<\/strong> es extremadamente saludable. Pasar p\u00e1gina no es debilidad, es una forma de resistencia. Vivir sin rencores no significa ignorar lo vivido, sino aprender a cargarlo con liviandad.<\/p>\n<p>Quiz\u00e1 no sepamos la batalla que est\u00e1 librando la persona que nos lastim\u00f3. Quiz\u00e1 jam\u00e1s lo sepamos. Pero s\u00ed podemos elegir no cargar con armas que no nos pertenecen. Podemos amar como si nunca nos hubieran herido, no por ingenuidad, sino por valent\u00eda.<\/p>\n<p>Porque al final, sanar no es olvidar lo que pas\u00f3, sino recordarlo sin que duela. Y vivir, verdaderamente vivir, es abrir los ojos cada d\u00eda como si fuera la primera vez. Como una flor que acaba de abrirse.<\/p>\n<p><strong>EL GATO QUE ME AYUD\u00d3 A TENER MALA MEMORIA<\/strong><br \/>\nHace m\u00e1s de una d\u00e9cada le\u00ed el libro<strong> \u201cEl Ser Superior\u201d<\/strong> de <strong>Deepak Chopra.<\/strong> No recuerdo exactamente en qu\u00e9 parte del libro resalta una cualidad especial que los gatos tienen y que parecen olvidar: <strong>la carga del pasado y futuro.<\/strong><\/p>\n<p>Es decir, los gatos viven completamente en el presente sin aferrarse a memorias de frustraciones (cuando no logran cazar a su presa o dan un salto que los hace caer) ni anticipaciones. Seg\u00fan Chopra, los gatos: <strong>\u201cVIVEN CADA MOMENTO COMO SI FUESE TODO NUEVO<\/strong>, no conocen ni remordimientos ni ansiedades, pues solo tienen este momento\u201d.<\/p>\n<p>Este enfoque resuena con la idea de que, <strong>como los sabios,<\/strong> los gatos est\u00e1n \u201ccompletamente presentes, aqu\u00ed y ahora\u201d. La cita clave lo describe as\u00ed:<\/p>\n<blockquote><p>\u201cNo hab\u00eda conocido ning\u00fan gato que le diera tanta importancia al pasado o al futuro. Como los santos m\u00e1s sabios, los gatos viven cada momento como si fuese todo nuevo. Lo que has hecho esta ma\u00f1ana o ayer o el a\u00f1o pasado se ha desvanecido ahora\u2026 Lo que ha de venir es s\u00f3lo un sue\u00f1o\u2026 Solo tenemos este momento, \u00bflo ves?\u201d.<\/p><\/blockquote>\n<p>En resumen, esa cualidad de presencia plena, de estar anclado en el ahora, es lo que Chopra destaca como ejemplar en los gatos.<\/p>\n<p><strong>GRACIAS<\/strong><\/p>\n","protected":false},"excerpt":{"rendered":"<p>Por: Jos\u00e9 Antonio Alcaraz Su\u00e1rez No s\u00e9 si sea fortuna, estrategia o un mecanismo de autocuidado que he desarrollado a lo largo de mi vida, pero suelo tener mala memoria. S\u00ed, suelo soltar de mi recuerdo agravios, resentimientos y malos ratos causados por otras personas, situaciones o, incluso, por m\u00ed mismo, aunque dejan heridas. \u00bfC\u00f3mo<\/p>\n","protected":false},"author":2,"featured_media":4296,"comment_status":"open","ping_status":"open","sticky":false,"template":"","format":"standard","meta":{"footnotes":""},"categories":[44,35],"tags":[81,233,234,232],"class_list":{"0":"post-4742","1":"post","2":"type-post","3":"status-publish","4":"format-standard","5":"has-post-thumbnail","7":"category-minuto-a-minuto","8":"category-opinion","9":"tag-jose-antonio-alcaraz-suarez","10":"tag-mala-memoria","11":"tag-perdonar","12":"tag-semillas-estelares"},"yoast_head":"<!-- This site is optimized with the Yoast SEO plugin v26.1.1 - https:\/\/yoast.com\/wordpress\/plugins\/seo\/ -->\n<title>El arte de tener una mala memoria - El Cardinal<\/title>\n<meta name=\"robots\" content=\"index, follow, max-snippet:-1, max-image-preview:large, max-video-preview:-1\" \/>\n<link rel=\"canonical\" href=\"https:\/\/elcardinal.com\/?p=4742\" \/>\n<meta property=\"og:locale\" content=\"es_MX\" \/>\n<meta property=\"og:type\" content=\"article\" \/>\n<meta property=\"og:title\" content=\"El arte de tener una mala memoria - El Cardinal\" \/>\n<meta property=\"og:description\" content=\"Por: Jos\u00e9 Antonio Alcaraz Su\u00e1rez No s\u00e9 si sea fortuna, estrategia o un mecanismo de autocuidado que he desarrollado a lo largo de mi vida, pero suelo tener mala memoria. S\u00ed, suelo soltar de mi recuerdo agravios, resentimientos y malos ratos causados por otras personas, situaciones o, incluso, por m\u00ed mismo, aunque dejan heridas. \u00bfC\u00f3mo\" \/>\n<meta property=\"og:url\" content=\"https:\/\/elcardinal.com\/?p=4742\" \/>\n<meta property=\"og:site_name\" content=\"El Cardinal\" \/>\n<meta property=\"article:publisher\" content=\"https:\/\/www.facebook.com\/profile.php?id=100063093107011\" \/>\n<meta property=\"article:published_time\" content=\"2025-06-08T17:57:04+00:00\" \/>\n<meta property=\"og:image\" content=\"https:\/\/elcardinal.com\/wp-content\/uploads\/2025\/04\/Semillas-Esterales-1.png\" \/>\n\t<meta property=\"og:image:width\" content=\"940\" \/>\n\t<meta property=\"og:image:height\" content=\"788\" \/>\n\t<meta property=\"og:image:type\" content=\"image\/png\" \/>\n<meta name=\"author\" content=\"Antonio Alcaraz\" \/>\n<meta name=\"twitter:card\" content=\"summary_large_image\" \/>\n<meta name=\"twitter:creator\" content=\"@ElCardinal_Mx\" \/>\n<meta name=\"twitter:site\" content=\"@ElCardinal_Mx\" \/>\n<meta name=\"twitter:label1\" content=\"Escrito por\" \/>\n\t<meta name=\"twitter:data1\" content=\"Antonio Alcaraz\" \/>\n\t<meta name=\"twitter:label2\" content=\"Tiempo de lectura\" \/>\n\t<meta name=\"twitter:data2\" content=\"3 minutos\" \/>\n<script type=\"application\/ld+json\" class=\"yoast-schema-graph\">{\"@context\":\"https:\/\/schema.org\",\"@graph\":[{\"@type\":\"Article\",\"@id\":\"https:\/\/elcardinal.com\/?p=4742#article\",\"isPartOf\":{\"@id\":\"https:\/\/elcardinal.com\/?p=4742\"},\"author\":{\"name\":\"Antonio Alcaraz\",\"@id\":\"https:\/\/elcardinal.com\/#\/schema\/person\/3c352ec0a33987fe275c0e8a2ea69f8b\"},\"headline\":\"El arte de tener una mala memoria\",\"datePublished\":\"2025-06-08T17:57:04+00:00\",\"mainEntityOfPage\":{\"@id\":\"https:\/\/elcardinal.com\/?p=4742\"},\"wordCount\":736,\"commentCount\":0,\"publisher\":{\"@id\":\"https:\/\/elcardinal.com\/#organization\"},\"image\":{\"@id\":\"https:\/\/elcardinal.com\/?p=4742#primaryimage\"},\"thumbnailUrl\":\"https:\/\/elcardinal.com\/wp-content\/uploads\/2025\/04\/Semillas-Esterales-1.png\",\"keywords\":[\"Jos\u00e9 Antonio Alcaraz Su\u00e1rez\",\"Mala memoria\",\"Perdonar\",\"Semillas Estelares\"],\"articleSection\":[\"Minuto a Minuto\",\"Opini\u00f3n\"],\"inLanguage\":\"es\",\"potentialAction\":[{\"@type\":\"CommentAction\",\"name\":\"Comment\",\"target\":[\"https:\/\/elcardinal.com\/?p=4742#respond\"]}]},{\"@type\":\"WebPage\",\"@id\":\"https:\/\/elcardinal.com\/?p=4742\",\"url\":\"https:\/\/elcardinal.com\/?p=4742\",\"name\":\"El arte de tener una mala memoria - El Cardinal\",\"isPartOf\":{\"@id\":\"https:\/\/elcardinal.com\/#website\"},\"primaryImageOfPage\":{\"@id\":\"https:\/\/elcardinal.com\/?p=4742#primaryimage\"},\"image\":{\"@id\":\"https:\/\/elcardinal.com\/?p=4742#primaryimage\"},\"thumbnailUrl\":\"https:\/\/elcardinal.com\/wp-content\/uploads\/2025\/04\/Semillas-Esterales-1.png\",\"datePublished\":\"2025-06-08T17:57:04+00:00\",\"breadcrumb\":{\"@id\":\"https:\/\/elcardinal.com\/?p=4742#breadcrumb\"},\"inLanguage\":\"es\",\"potentialAction\":[{\"@type\":\"ReadAction\",\"target\":[\"https:\/\/elcardinal.com\/?p=4742\"]}]},{\"@type\":\"ImageObject\",\"inLanguage\":\"es\",\"@id\":\"https:\/\/elcardinal.com\/?p=4742#primaryimage\",\"url\":\"https:\/\/elcardinal.com\/wp-content\/uploads\/2025\/04\/Semillas-Esterales-1.png\",\"contentUrl\":\"https:\/\/elcardinal.com\/wp-content\/uploads\/2025\/04\/Semillas-Esterales-1.png\",\"width\":940,\"height\":788},{\"@type\":\"BreadcrumbList\",\"@id\":\"https:\/\/elcardinal.com\/?p=4742#breadcrumb\",\"itemListElement\":[{\"@type\":\"ListItem\",\"position\":1,\"name\":\"Inicio\",\"item\":\"https:\/\/elcardinal.com\/\"},{\"@type\":\"ListItem\",\"position\":2,\"name\":\"El arte de tener una mala memoria\"}]},{\"@type\":\"WebSite\",\"@id\":\"https:\/\/elcardinal.com\/#website\",\"url\":\"https:\/\/elcardinal.com\/\",\"name\":\"El Cardinal\",\"description\":\"Periodismo honesto, con valor, sentido humano, a veces sarc\u00e1stico y divertido.\",\"publisher\":{\"@id\":\"https:\/\/elcardinal.com\/#organization\"},\"alternateName\":\"El Cardinal Noticias\",\"potentialAction\":[{\"@type\":\"SearchAction\",\"target\":{\"@type\":\"EntryPoint\",\"urlTemplate\":\"https:\/\/elcardinal.com\/?s={search_term_string}\"},\"query-input\":{\"@type\":\"PropertyValueSpecification\",\"valueRequired\":true,\"valueName\":\"search_term_string\"}}],\"inLanguage\":\"es\"},{\"@type\":\"Organization\",\"@id\":\"https:\/\/elcardinal.com\/#organization\",\"name\":\"El Cardinal\",\"url\":\"https:\/\/elcardinal.com\/\",\"logo\":{\"@type\":\"ImageObject\",\"inLanguage\":\"es\",\"@id\":\"https:\/\/elcardinal.com\/#\/schema\/logo\/image\/\",\"url\":\"https:\/\/elcardinal.com\/wp-content\/uploads\/2025\/04\/LOGO-EL-CARDINAL-Periodismo-con-valor.png\",\"contentUrl\":\"https:\/\/elcardinal.com\/wp-content\/uploads\/2025\/04\/LOGO-EL-CARDINAL-Periodismo-con-valor.png\",\"width\":755,\"height\":636,\"caption\":\"El Cardinal\"},\"image\":{\"@id\":\"https:\/\/elcardinal.com\/#\/schema\/logo\/image\/\"},\"sameAs\":[\"https:\/\/www.facebook.com\/profile.php?id=100063093107011\",\"https:\/\/x.com\/ElCardinal_Mx\"]},{\"@type\":\"Person\",\"@id\":\"https:\/\/elcardinal.com\/#\/schema\/person\/3c352ec0a33987fe275c0e8a2ea69f8b\",\"name\":\"Antonio Alcaraz\",\"image\":{\"@type\":\"ImageObject\",\"inLanguage\":\"es\",\"@id\":\"https:\/\/elcardinal.com\/#\/schema\/person\/image\/\",\"url\":\"https:\/\/elcardinal.com\/wp-content\/uploads\/2025\/05\/cropped-TONO-96x96.jpg\",\"contentUrl\":\"https:\/\/elcardinal.com\/wp-content\/uploads\/2025\/05\/cropped-TONO-96x96.jpg\",\"caption\":\"Antonio Alcaraz\"},\"url\":\"https:\/\/elcardinal.com\/?author=2\"}]}<\/script>\n<!-- \/ Yoast SEO plugin. -->","yoast_head_json":{"title":"El arte de tener una mala memoria - El Cardinal","robots":{"index":"index","follow":"follow","max-snippet":"max-snippet:-1","max-image-preview":"max-image-preview:large","max-video-preview":"max-video-preview:-1"},"canonical":"https:\/\/elcardinal.com\/?p=4742","og_locale":"es_MX","og_type":"article","og_title":"El arte de tener una mala memoria - El Cardinal","og_description":"Por: Jos\u00e9 Antonio Alcaraz Su\u00e1rez No s\u00e9 si sea fortuna, estrategia o un mecanismo de autocuidado que he desarrollado a lo largo de mi vida, pero suelo tener mala memoria. S\u00ed, suelo soltar de mi recuerdo agravios, resentimientos y malos ratos causados por otras personas, situaciones o, incluso, por m\u00ed mismo, aunque dejan heridas. \u00bfC\u00f3mo","og_url":"https:\/\/elcardinal.com\/?p=4742","og_site_name":"El Cardinal","article_publisher":"https:\/\/www.facebook.com\/profile.php?id=100063093107011","article_published_time":"2025-06-08T17:57:04+00:00","og_image":[{"width":940,"height":788,"url":"https:\/\/elcardinal.com\/wp-content\/uploads\/2025\/04\/Semillas-Esterales-1.png","type":"image\/png"}],"author":"Antonio Alcaraz","twitter_card":"summary_large_image","twitter_creator":"@ElCardinal_Mx","twitter_site":"@ElCardinal_Mx","twitter_misc":{"Escrito por":"Antonio Alcaraz","Tiempo de lectura":"3 minutos"},"schema":{"@context":"https:\/\/schema.org","@graph":[{"@type":"Article","@id":"https:\/\/elcardinal.com\/?p=4742#article","isPartOf":{"@id":"https:\/\/elcardinal.com\/?p=4742"},"author":{"name":"Antonio Alcaraz","@id":"https:\/\/elcardinal.com\/#\/schema\/person\/3c352ec0a33987fe275c0e8a2ea69f8b"},"headline":"El arte de tener una mala memoria","datePublished":"2025-06-08T17:57:04+00:00","mainEntityOfPage":{"@id":"https:\/\/elcardinal.com\/?p=4742"},"wordCount":736,"commentCount":0,"publisher":{"@id":"https:\/\/elcardinal.com\/#organization"},"image":{"@id":"https:\/\/elcardinal.com\/?p=4742#primaryimage"},"thumbnailUrl":"https:\/\/elcardinal.com\/wp-content\/uploads\/2025\/04\/Semillas-Esterales-1.png","keywords":["Jos\u00e9 Antonio Alcaraz Su\u00e1rez","Mala memoria","Perdonar","Semillas Estelares"],"articleSection":["Minuto a Minuto","Opini\u00f3n"],"inLanguage":"es","potentialAction":[{"@type":"CommentAction","name":"Comment","target":["https:\/\/elcardinal.com\/?p=4742#respond"]}]},{"@type":"WebPage","@id":"https:\/\/elcardinal.com\/?p=4742","url":"https:\/\/elcardinal.com\/?p=4742","name":"El arte de tener una mala memoria - El Cardinal","isPartOf":{"@id":"https:\/\/elcardinal.com\/#website"},"primaryImageOfPage":{"@id":"https:\/\/elcardinal.com\/?p=4742#primaryimage"},"image":{"@id":"https:\/\/elcardinal.com\/?p=4742#primaryimage"},"thumbnailUrl":"https:\/\/elcardinal.com\/wp-content\/uploads\/2025\/04\/Semillas-Esterales-1.png","datePublished":"2025-06-08T17:57:04+00:00","breadcrumb":{"@id":"https:\/\/elcardinal.com\/?p=4742#breadcrumb"},"inLanguage":"es","potentialAction":[{"@type":"ReadAction","target":["https:\/\/elcardinal.com\/?p=4742"]}]},{"@type":"ImageObject","inLanguage":"es","@id":"https:\/\/elcardinal.com\/?p=4742#primaryimage","url":"https:\/\/elcardinal.com\/wp-content\/uploads\/2025\/04\/Semillas-Esterales-1.png","contentUrl":"https:\/\/elcardinal.com\/wp-content\/uploads\/2025\/04\/Semillas-Esterales-1.png","width":940,"height":788},{"@type":"BreadcrumbList","@id":"https:\/\/elcardinal.com\/?p=4742#breadcrumb","itemListElement":[{"@type":"ListItem","position":1,"name":"Inicio","item":"https:\/\/elcardinal.com\/"},{"@type":"ListItem","position":2,"name":"El arte de tener una mala memoria"}]},{"@type":"WebSite","@id":"https:\/\/elcardinal.com\/#website","url":"https:\/\/elcardinal.com\/","name":"El Cardinal","description":"Periodismo honesto, con valor, sentido humano, a veces sarc\u00e1stico y divertido.","publisher":{"@id":"https:\/\/elcardinal.com\/#organization"},"alternateName":"El Cardinal Noticias","potentialAction":[{"@type":"SearchAction","target":{"@type":"EntryPoint","urlTemplate":"https:\/\/elcardinal.com\/?s={search_term_string}"},"query-input":{"@type":"PropertyValueSpecification","valueRequired":true,"valueName":"search_term_string"}}],"inLanguage":"es"},{"@type":"Organization","@id":"https:\/\/elcardinal.com\/#organization","name":"El Cardinal","url":"https:\/\/elcardinal.com\/","logo":{"@type":"ImageObject","inLanguage":"es","@id":"https:\/\/elcardinal.com\/#\/schema\/logo\/image\/","url":"https:\/\/elcardinal.com\/wp-content\/uploads\/2025\/04\/LOGO-EL-CARDINAL-Periodismo-con-valor.png","contentUrl":"https:\/\/elcardinal.com\/wp-content\/uploads\/2025\/04\/LOGO-EL-CARDINAL-Periodismo-con-valor.png","width":755,"height":636,"caption":"El Cardinal"},"image":{"@id":"https:\/\/elcardinal.com\/#\/schema\/logo\/image\/"},"sameAs":["https:\/\/www.facebook.com\/profile.php?id=100063093107011","https:\/\/x.com\/ElCardinal_Mx"]},{"@type":"Person","@id":"https:\/\/elcardinal.com\/#\/schema\/person\/3c352ec0a33987fe275c0e8a2ea69f8b","name":"Antonio Alcaraz","image":{"@type":"ImageObject","inLanguage":"es","@id":"https:\/\/elcardinal.com\/#\/schema\/person\/image\/","url":"https:\/\/elcardinal.com\/wp-content\/uploads\/2025\/05\/cropped-TONO-96x96.jpg","contentUrl":"https:\/\/elcardinal.com\/wp-content\/uploads\/2025\/05\/cropped-TONO-96x96.jpg","caption":"Antonio Alcaraz"},"url":"https:\/\/elcardinal.com\/?author=2"}]}},"_links":{"self":[{"href":"https:\/\/elcardinal.com\/index.php?rest_route=\/wp\/v2\/posts\/4742","targetHints":{"allow":["GET"]}}],"collection":[{"href":"https:\/\/elcardinal.com\/index.php?rest_route=\/wp\/v2\/posts"}],"about":[{"href":"https:\/\/elcardinal.com\/index.php?rest_route=\/wp\/v2\/types\/post"}],"author":[{"embeddable":true,"href":"https:\/\/elcardinal.com\/index.php?rest_route=\/wp\/v2\/users\/2"}],"replies":[{"embeddable":true,"href":"https:\/\/elcardinal.com\/index.php?rest_route=%2Fwp%2Fv2%2Fcomments&post=4742"}],"version-history":[{"count":1,"href":"https:\/\/elcardinal.com\/index.php?rest_route=\/wp\/v2\/posts\/4742\/revisions"}],"predecessor-version":[{"id":4743,"href":"https:\/\/elcardinal.com\/index.php?rest_route=\/wp\/v2\/posts\/4742\/revisions\/4743"}],"wp:featuredmedia":[{"embeddable":true,"href":"https:\/\/elcardinal.com\/index.php?rest_route=\/wp\/v2\/media\/4296"}],"wp:attachment":[{"href":"https:\/\/elcardinal.com\/index.php?rest_route=%2Fwp%2Fv2%2Fmedia&parent=4742"}],"wp:term":[{"taxonomy":"category","embeddable":true,"href":"https:\/\/elcardinal.com\/index.php?rest_route=%2Fwp%2Fv2%2Fcategories&post=4742"},{"taxonomy":"post_tag","embeddable":true,"href":"https:\/\/elcardinal.com\/index.php?rest_route=%2Fwp%2Fv2%2Ftags&post=4742"}],"curies":[{"name":"wp","href":"https:\/\/api.w.org\/{rel}","templated":true}]}}