{"id":4745,"date":"2025-06-09T22:33:27","date_gmt":"2025-06-10T04:33:27","guid":{"rendered":"https:\/\/elcardinal.com\/?p=4745"},"modified":"2025-06-09T22:33:27","modified_gmt":"2025-06-10T04:33:27","slug":"poder-legislativo-empresarios-y-sector-educativo-impulsan-proyectos-productivos-de-estudiantes","status":"publish","type":"post","link":"https:\/\/elcardinal.com\/?p=4745","title":{"rendered":"Poder Legislativo, empresarios y sector educativo impulsan proyectos productivos de estudiantes"},"content":{"rendered":"<p>&nbsp;<\/p>\n<p>&nbsp;<\/p>\n<p><span style=\"font-weight: 400;\">El <\/span><b>Congreso del Estado Libre y Soberano de Hidalgo<\/b><span style=\"font-weight: 400;\"> alberg\u00f3 la Expo Agromar en la explanada Miguel Hidalgo, con el objetivo de fortalecer la vinculaci\u00f3n efectiva y directa entre el subsistema educativo y los sectores pol\u00edtico, empresarial y emprendedor, generando espacios de interacci\u00f3n que fortalezcan la promoci\u00f3n, comercializaci\u00f3n y posicionamiento de los productos y servicios desarrollados por estudiantes y docentes.<\/span><\/p>\n<p><span style=\"font-weight: 400;\">Esta iniciativa busca establecer alianzas estrat\u00e9gicas con empresarios y diputados locales para impulsar proyectos productivos, fomentar el emprendimiento, promover la innovaci\u00f3n tecnol\u00f3gica y contribuir al desarrollo econ\u00f3mico y social del estado.<\/span><\/p>\n<p><span style=\"font-weight: 400;\">As\u00ed, adem\u00e1s de rendir honores a la bandera en el Lunes C\u00edvico, estudiantes de los centros de bachillerato tecnol\u00f3gicos de Huejutla, Tezontepec, Zapotl\u00e1n, Molango, Alfajayucan, Actopan, Apan, Ixmiquilpan, Metepec y Atotonilco El Grande mostraron sus proyectos, creaciones que abarcaron distintas \u00e1reas del sector agropecuario, incluyendo l\u00e1cteos, productos agr\u00edcolas, ap\u00edcolas, vegetales, insumos org\u00e1nicos, productos confitados, huevos y carne, entre otros.<\/span><\/p>\n<p><span style=\"font-weight: 400;\">El presidente de la Junta de Gobierno, diputado <\/span><b>Andr\u00e9s Vel\u00e1zquez V\u00e1zquez<\/b><span style=\"font-weight: 400;\"> detall\u00f3 que la estrategia impulsa refleja este esp\u00edritu innovador y creativo que acerca a los sectores, \u201ccon el que pueden romperse barreras entre lo p\u00fablico y lo privado y dar acompa\u00f1amiento real a quienes quieren emprender, generar, producir e innovar desde sus comunidades\u201d.<\/span><\/p>\n<p><span style=\"font-weight: 400;\">La diputada <\/span><b>Mar\u00eda Guadalupe Cruz Monta\u00f1o<\/b><span style=\"font-weight: 400;\">, presidenta de la mesa directiva de junio, asegur\u00f3 que los j\u00f3venes constituyen un segmento poblacional de importancia estrat\u00e9gica para el desarrollo, ya que \u201cel emprendimiento es un importante veh\u00edculo para el crecimiento y desarrollo econ\u00f3mico de los pa\u00edses y los j\u00f3venes son quienes suelen liderarlo\u201d.<\/span><\/p>\n<p><b>Natividad Castrej\u00f3n Valdez<\/b><span style=\"font-weight: 400;\">, secretario estatal de Educaci\u00f3n P\u00fablica, indic\u00f3 que estos proyectos son una muestra de su talento, capacidades y curiosidades, tambi\u00e9n de lo que tiene que ver con su comunidad y el contexto donde se desarrollan cada d\u00eda. \u201cEn estos tiempos requerimos una formaci\u00f3n humana, una formaci\u00f3n c\u00edvica y una preparaci\u00f3n cient\u00edfica y t\u00e9cnica\u201d.<\/span><\/p>\n<p><b>Alejandro S\u00e1nchez Ram\u00edrez<\/b><span style=\"font-weight: 400;\">, presidente del Consejo Coordinador Empresarial de Hidalgo (CCEH), record\u00f3 que han motivado a los estudiantes de educaci\u00f3n media y superior, para que presenten a un candidato o candidata que sea presidente por un d\u00eda en el organismo: \u201cEste programa ha tenido un gran \u00e9xito y ha sido una gran motivaci\u00f3n, no \u00fanicamente para los estudiantes, sino para sus familias, maestros y directivos\u201d.<\/span><\/p>\n<p><b>Mario Hern\u00e1ndez Gonz\u00e1lez<\/b><span style=\"font-weight: 400;\">, director general de Educaci\u00f3n Tecnol\u00f3gica, Agropecuaria y Ciencias del Mar (DGETAyCM), record\u00f3 el valor de la cooperaci\u00f3n, entre el sector productivo, educativo, gobierno, el Poder legislativo y padres de familia, a favor de un solo proyecto: \u201cnuestros y nuestras j\u00f3venes estudiantes\u201d.<\/span><\/p>\n<p><b>Zitlalli Callejas Bautista<\/b><span style=\"font-weight: 400;\">, titular de la Oficina de Enlace Educativo del Gobierno de M\u00e9xico en Hidalgo, explic\u00f3 que la estrategia Impulso representa un modelo educativo que articula lo acad\u00e9mico con lo productivo y lo comunitario. \u201cEsta expo es una muestra clara de lo que puede lograrse cuando se conf\u00eda en la juventud y se generan alianzas entre instituciones, sectores productivos y la sociedad\u201d.<\/span><\/p>\n<p><span style=\"font-weight: 400;\">Esta exposici\u00f3n estuvo acompa\u00f1ada de un programa cultural que incluy\u00f3 la participaci\u00f3n del coro infantil Voces de mi Tierra, cantantes y grupos folcl\u00f3ricos de los bachilleratos presentes.<\/span><\/p>\n<p><span style=\"font-weight: 400;\">En el evento tambi\u00e9n estuvieron presentes <\/span><b>Alma Lidia de la Vega S\u00e1nchez<\/b><span style=\"font-weight: 400;\">, diputada federal; las diputadas locales <\/span><b>Mar\u00eda del Rosario Guerrero Mart\u00ednez<\/b><span style=\"font-weight: 400;\">, <\/span><b>Diana Rangel Z\u00fa\u00f1iga<\/b><span style=\"font-weight: 400;\">, <\/span><b>M\u00f3nica Leanett Reyes Mart\u00ednez<\/b><span style=\"font-weight: 400;\">, <\/span><b>Claudia Lilia Luna Islas<\/b><span style=\"font-weight: 400;\">, <\/span><b>Karla Perales Arrieta<\/b><span style=\"font-weight: 400;\"> y los diputados <\/span><b>Miguel \u00c1ngel Moreno Zamora<\/b><span style=\"font-weight: 400;\">, <\/span><b>Arturo G\u00f3mez Canales<\/b><span style=\"font-weight: 400;\">, <\/span><b>Juan Pablo Escalante Urb\u00e1n<\/b><span style=\"font-weight: 400;\"> y <\/span><b>Jos\u00e9 Mar\u00eda Alejandro P\u00e9rez Ram\u00edrez<\/b><span style=\"font-weight: 400;\">.<\/span><\/p>\n<p><span style=\"font-weight: 400;\">Asimismo, <\/span><b>Luis Miguel Escudero Hern\u00e1ndez<\/b><span style=\"font-weight: 400;\">, presidente de la Canaco<\/span><b>; Br\u00edgido Juan Olvera T\u00e9llez<\/b><span style=\"font-weight: 400;\">, enlace estatal de la DGETAyCM en Hidalgo; <\/span><b>Eduardo Ortiz Campa<\/b><span style=\"font-weight: 400;\">, presidente de Enlace Legislativo y Mejora Regulatoria de la Coparmex, en representaci\u00f3n de <\/span><b>Luis Fernando Garrido Ram\u00edrez<\/b><span style=\"font-weight: 400;\">, presidente de la Coparmex en Hidalgo.<\/span><\/p>\n","protected":false},"excerpt":{"rendered":"<p>&nbsp; &nbsp; El Congreso del Estado Libre y Soberano de Hidalgo alberg\u00f3 la Expo Agromar en la explanada Miguel Hidalgo, con el objetivo de fortalecer la vinculaci\u00f3n efectiva y directa entre el subsistema educativo y los sectores pol\u00edtico, empresarial y emprendedor, generando espacios de interacci\u00f3n que fortalezcan la promoci\u00f3n, comercializaci\u00f3n y posicionamiento de los productos<\/p>\n","protected":false},"author":2,"featured_media":4746,"comment_status":"open","ping_status":"open","sticky":false,"template":"","format":"standard","meta":{"footnotes":""},"categories":[31,44,39],"tags":[62],"class_list":{"0":"post-4745","1":"post","2":"type-post","3":"status-publish","4":"format-standard","5":"has-post-thumbnail","7":"category-hidalgo","8":"category-minuto-a-minuto","9":"category-politica","10":"tag-congreso-de-hidalgo"},"yoast_head":"<!-- This site is optimized with the Yoast SEO plugin v26.1.1 - https:\/\/yoast.com\/wordpress\/plugins\/seo\/ -->\n<title>Poder Legislativo, empresarios y sector educativo impulsan proyectos productivos de estudiantes - El Cardinal<\/title>\n<meta name=\"robots\" content=\"index, follow, max-snippet:-1, max-image-preview:large, max-video-preview:-1\" \/>\n<link rel=\"canonical\" href=\"https:\/\/elcardinal.com\/?p=4745\" \/>\n<meta property=\"og:locale\" content=\"es_MX\" \/>\n<meta property=\"og:type\" content=\"article\" \/>\n<meta property=\"og:title\" content=\"Poder Legislativo, empresarios y sector educativo impulsan proyectos productivos de estudiantes - El Cardinal\" \/>\n<meta property=\"og:description\" content=\"&nbsp; &nbsp; El Congreso del Estado Libre y Soberano de Hidalgo alberg\u00f3 la Expo Agromar en la explanada Miguel Hidalgo, con el objetivo de fortalecer la vinculaci\u00f3n efectiva y directa entre el subsistema educativo y los sectores pol\u00edtico, empresarial y emprendedor, generando espacios de interacci\u00f3n que fortalezcan la promoci\u00f3n, comercializaci\u00f3n y posicionamiento de los productos\" \/>\n<meta property=\"og:url\" content=\"https:\/\/elcardinal.com\/?p=4745\" \/>\n<meta property=\"og:site_name\" content=\"El Cardinal\" \/>\n<meta property=\"article:publisher\" content=\"https:\/\/www.facebook.com\/profile.php?id=100063093107011\" \/>\n<meta property=\"article:published_time\" content=\"2025-06-10T04:33:27+00:00\" \/>\n<meta property=\"og:image\" content=\"https:\/\/elcardinal.com\/wp-content\/uploads\/2025\/06\/09.06.2025-Lunes-civico-expo-AgroMar-4-1.jpg\" \/>\n\t<meta property=\"og:image:width\" content=\"2158\" \/>\n\t<meta property=\"og:image:height\" content=\"1800\" \/>\n\t<meta property=\"og:image:type\" content=\"image\/jpeg\" \/>\n<meta name=\"author\" content=\"Antonio Alcaraz\" \/>\n<meta name=\"twitter:card\" content=\"summary_large_image\" \/>\n<meta name=\"twitter:creator\" content=\"@ElCardinal_Mx\" \/>\n<meta name=\"twitter:site\" content=\"@ElCardinal_Mx\" \/>\n<meta name=\"twitter:label1\" content=\"Escrito por\" \/>\n\t<meta name=\"twitter:data1\" content=\"Antonio Alcaraz\" \/>\n\t<meta name=\"twitter:label2\" content=\"Tiempo de lectura\" \/>\n\t<meta name=\"twitter:data2\" content=\"4 minutos\" \/>\n<script type=\"application\/ld+json\" class=\"yoast-schema-graph\">{\"@context\":\"https:\/\/schema.org\",\"@graph\":[{\"@type\":\"Article\",\"@id\":\"https:\/\/elcardinal.com\/?p=4745#article\",\"isPartOf\":{\"@id\":\"https:\/\/elcardinal.com\/?p=4745\"},\"author\":{\"name\":\"Antonio Alcaraz\",\"@id\":\"https:\/\/elcardinal.com\/#\/schema\/person\/3c352ec0a33987fe275c0e8a2ea69f8b\"},\"headline\":\"Poder Legislativo, empresarios y sector educativo impulsan proyectos productivos de estudiantes\",\"datePublished\":\"2025-06-10T04:33:27+00:00\",\"mainEntityOfPage\":{\"@id\":\"https:\/\/elcardinal.com\/?p=4745\"},\"wordCount\":701,\"commentCount\":0,\"publisher\":{\"@id\":\"https:\/\/elcardinal.com\/#organization\"},\"image\":{\"@id\":\"https:\/\/elcardinal.com\/?p=4745#primaryimage\"},\"thumbnailUrl\":\"https:\/\/elcardinal.com\/wp-content\/uploads\/2025\/06\/09.06.2025-Lunes-civico-expo-AgroMar-4-1.jpg\",\"keywords\":[\"Congreso de Hidalgo\"],\"articleSection\":[\"Hidalgo\",\"Minuto a Minuto\",\"Pol\u00edtica\"],\"inLanguage\":\"es\",\"potentialAction\":[{\"@type\":\"CommentAction\",\"name\":\"Comment\",\"target\":[\"https:\/\/elcardinal.com\/?p=4745#respond\"]}]},{\"@type\":\"WebPage\",\"@id\":\"https:\/\/elcardinal.com\/?p=4745\",\"url\":\"https:\/\/elcardinal.com\/?p=4745\",\"name\":\"Poder Legislativo, empresarios y sector educativo impulsan proyectos productivos de estudiantes - El Cardinal\",\"isPartOf\":{\"@id\":\"https:\/\/elcardinal.com\/#website\"},\"primaryImageOfPage\":{\"@id\":\"https:\/\/elcardinal.com\/?p=4745#primaryimage\"},\"image\":{\"@id\":\"https:\/\/elcardinal.com\/?p=4745#primaryimage\"},\"thumbnailUrl\":\"https:\/\/elcardinal.com\/wp-content\/uploads\/2025\/06\/09.06.2025-Lunes-civico-expo-AgroMar-4-1.jpg\",\"datePublished\":\"2025-06-10T04:33:27+00:00\",\"breadcrumb\":{\"@id\":\"https:\/\/elcardinal.com\/?p=4745#breadcrumb\"},\"inLanguage\":\"es\",\"potentialAction\":[{\"@type\":\"ReadAction\",\"target\":[\"https:\/\/elcardinal.com\/?p=4745\"]}]},{\"@type\":\"ImageObject\",\"inLanguage\":\"es\",\"@id\":\"https:\/\/elcardinal.com\/?p=4745#primaryimage\",\"url\":\"https:\/\/elcardinal.com\/wp-content\/uploads\/2025\/06\/09.06.2025-Lunes-civico-expo-AgroMar-4-1.jpg\",\"contentUrl\":\"https:\/\/elcardinal.com\/wp-content\/uploads\/2025\/06\/09.06.2025-Lunes-civico-expo-AgroMar-4-1.jpg\",\"width\":2158,\"height\":1800},{\"@type\":\"BreadcrumbList\",\"@id\":\"https:\/\/elcardinal.com\/?p=4745#breadcrumb\",\"itemListElement\":[{\"@type\":\"ListItem\",\"position\":1,\"name\":\"Inicio\",\"item\":\"https:\/\/elcardinal.com\/\"},{\"@type\":\"ListItem\",\"position\":2,\"name\":\"Poder Legislativo, empresarios y sector educativo impulsan proyectos productivos de estudiantes\"}]},{\"@type\":\"WebSite\",\"@id\":\"https:\/\/elcardinal.com\/#website\",\"url\":\"https:\/\/elcardinal.com\/\",\"name\":\"El Cardinal\",\"description\":\"Periodismo honesto, con valor, sentido humano, a veces sarc\u00e1stico y divertido.\",\"publisher\":{\"@id\":\"https:\/\/elcardinal.com\/#organization\"},\"alternateName\":\"El Cardinal Noticias\",\"potentialAction\":[{\"@type\":\"SearchAction\",\"target\":{\"@type\":\"EntryPoint\",\"urlTemplate\":\"https:\/\/elcardinal.com\/?s={search_term_string}\"},\"query-input\":{\"@type\":\"PropertyValueSpecification\",\"valueRequired\":true,\"valueName\":\"search_term_string\"}}],\"inLanguage\":\"es\"},{\"@type\":\"Organization\",\"@id\":\"https:\/\/elcardinal.com\/#organization\",\"name\":\"El Cardinal\",\"url\":\"https:\/\/elcardinal.com\/\",\"logo\":{\"@type\":\"ImageObject\",\"inLanguage\":\"es\",\"@id\":\"https:\/\/elcardinal.com\/#\/schema\/logo\/image\/\",\"url\":\"https:\/\/elcardinal.com\/wp-content\/uploads\/2025\/04\/LOGO-EL-CARDINAL-Periodismo-con-valor.png\",\"contentUrl\":\"https:\/\/elcardinal.com\/wp-content\/uploads\/2025\/04\/LOGO-EL-CARDINAL-Periodismo-con-valor.png\",\"width\":755,\"height\":636,\"caption\":\"El Cardinal\"},\"image\":{\"@id\":\"https:\/\/elcardinal.com\/#\/schema\/logo\/image\/\"},\"sameAs\":[\"https:\/\/www.facebook.com\/profile.php?id=100063093107011\",\"https:\/\/x.com\/ElCardinal_Mx\"]},{\"@type\":\"Person\",\"@id\":\"https:\/\/elcardinal.com\/#\/schema\/person\/3c352ec0a33987fe275c0e8a2ea69f8b\",\"name\":\"Antonio Alcaraz\",\"image\":{\"@type\":\"ImageObject\",\"inLanguage\":\"es\",\"@id\":\"https:\/\/elcardinal.com\/#\/schema\/person\/image\/\",\"url\":\"https:\/\/elcardinal.com\/wp-content\/uploads\/2025\/05\/cropped-TONO-96x96.jpg\",\"contentUrl\":\"https:\/\/elcardinal.com\/wp-content\/uploads\/2025\/05\/cropped-TONO-96x96.jpg\",\"caption\":\"Antonio Alcaraz\"},\"url\":\"https:\/\/elcardinal.com\/?author=2\"}]}<\/script>\n<!-- \/ Yoast SEO plugin. -->","yoast_head_json":{"title":"Poder Legislativo, empresarios y sector educativo impulsan proyectos productivos de estudiantes - El Cardinal","robots":{"index":"index","follow":"follow","max-snippet":"max-snippet:-1","max-image-preview":"max-image-preview:large","max-video-preview":"max-video-preview:-1"},"canonical":"https:\/\/elcardinal.com\/?p=4745","og_locale":"es_MX","og_type":"article","og_title":"Poder Legislativo, empresarios y sector educativo impulsan proyectos productivos de estudiantes - El Cardinal","og_description":"&nbsp; &nbsp; El Congreso del Estado Libre y Soberano de Hidalgo alberg\u00f3 la Expo Agromar en la explanada Miguel Hidalgo, con el objetivo de fortalecer la vinculaci\u00f3n efectiva y directa entre el subsistema educativo y los sectores pol\u00edtico, empresarial y emprendedor, generando espacios de interacci\u00f3n que fortalezcan la promoci\u00f3n, comercializaci\u00f3n y posicionamiento de los productos","og_url":"https:\/\/elcardinal.com\/?p=4745","og_site_name":"El Cardinal","article_publisher":"https:\/\/www.facebook.com\/profile.php?id=100063093107011","article_published_time":"2025-06-10T04:33:27+00:00","og_image":[{"width":2158,"height":1800,"url":"https:\/\/elcardinal.com\/wp-content\/uploads\/2025\/06\/09.06.2025-Lunes-civico-expo-AgroMar-4-1.jpg","type":"image\/jpeg"}],"author":"Antonio Alcaraz","twitter_card":"summary_large_image","twitter_creator":"@ElCardinal_Mx","twitter_site":"@ElCardinal_Mx","twitter_misc":{"Escrito por":"Antonio Alcaraz","Tiempo de lectura":"4 minutos"},"schema":{"@context":"https:\/\/schema.org","@graph":[{"@type":"Article","@id":"https:\/\/elcardinal.com\/?p=4745#article","isPartOf":{"@id":"https:\/\/elcardinal.com\/?p=4745"},"author":{"name":"Antonio Alcaraz","@id":"https:\/\/elcardinal.com\/#\/schema\/person\/3c352ec0a33987fe275c0e8a2ea69f8b"},"headline":"Poder Legislativo, empresarios y sector educativo impulsan proyectos productivos de estudiantes","datePublished":"2025-06-10T04:33:27+00:00","mainEntityOfPage":{"@id":"https:\/\/elcardinal.com\/?p=4745"},"wordCount":701,"commentCount":0,"publisher":{"@id":"https:\/\/elcardinal.com\/#organization"},"image":{"@id":"https:\/\/elcardinal.com\/?p=4745#primaryimage"},"thumbnailUrl":"https:\/\/elcardinal.com\/wp-content\/uploads\/2025\/06\/09.06.2025-Lunes-civico-expo-AgroMar-4-1.jpg","keywords":["Congreso de Hidalgo"],"articleSection":["Hidalgo","Minuto a Minuto","Pol\u00edtica"],"inLanguage":"es","potentialAction":[{"@type":"CommentAction","name":"Comment","target":["https:\/\/elcardinal.com\/?p=4745#respond"]}]},{"@type":"WebPage","@id":"https:\/\/elcardinal.com\/?p=4745","url":"https:\/\/elcardinal.com\/?p=4745","name":"Poder Legislativo, empresarios y sector educativo impulsan proyectos productivos de estudiantes - El Cardinal","isPartOf":{"@id":"https:\/\/elcardinal.com\/#website"},"primaryImageOfPage":{"@id":"https:\/\/elcardinal.com\/?p=4745#primaryimage"},"image":{"@id":"https:\/\/elcardinal.com\/?p=4745#primaryimage"},"thumbnailUrl":"https:\/\/elcardinal.com\/wp-content\/uploads\/2025\/06\/09.06.2025-Lunes-civico-expo-AgroMar-4-1.jpg","datePublished":"2025-06-10T04:33:27+00:00","breadcrumb":{"@id":"https:\/\/elcardinal.com\/?p=4745#breadcrumb"},"inLanguage":"es","potentialAction":[{"@type":"ReadAction","target":["https:\/\/elcardinal.com\/?p=4745"]}]},{"@type":"ImageObject","inLanguage":"es","@id":"https:\/\/elcardinal.com\/?p=4745#primaryimage","url":"https:\/\/elcardinal.com\/wp-content\/uploads\/2025\/06\/09.06.2025-Lunes-civico-expo-AgroMar-4-1.jpg","contentUrl":"https:\/\/elcardinal.com\/wp-content\/uploads\/2025\/06\/09.06.2025-Lunes-civico-expo-AgroMar-4-1.jpg","width":2158,"height":1800},{"@type":"BreadcrumbList","@id":"https:\/\/elcardinal.com\/?p=4745#breadcrumb","itemListElement":[{"@type":"ListItem","position":1,"name":"Inicio","item":"https:\/\/elcardinal.com\/"},{"@type":"ListItem","position":2,"name":"Poder Legislativo, empresarios y sector educativo impulsan proyectos productivos de estudiantes"}]},{"@type":"WebSite","@id":"https:\/\/elcardinal.com\/#website","url":"https:\/\/elcardinal.com\/","name":"El Cardinal","description":"Periodismo honesto, con valor, sentido humano, a veces sarc\u00e1stico y divertido.","publisher":{"@id":"https:\/\/elcardinal.com\/#organization"},"alternateName":"El Cardinal Noticias","potentialAction":[{"@type":"SearchAction","target":{"@type":"EntryPoint","urlTemplate":"https:\/\/elcardinal.com\/?s={search_term_string}"},"query-input":{"@type":"PropertyValueSpecification","valueRequired":true,"valueName":"search_term_string"}}],"inLanguage":"es"},{"@type":"Organization","@id":"https:\/\/elcardinal.com\/#organization","name":"El Cardinal","url":"https:\/\/elcardinal.com\/","logo":{"@type":"ImageObject","inLanguage":"es","@id":"https:\/\/elcardinal.com\/#\/schema\/logo\/image\/","url":"https:\/\/elcardinal.com\/wp-content\/uploads\/2025\/04\/LOGO-EL-CARDINAL-Periodismo-con-valor.png","contentUrl":"https:\/\/elcardinal.com\/wp-content\/uploads\/2025\/04\/LOGO-EL-CARDINAL-Periodismo-con-valor.png","width":755,"height":636,"caption":"El Cardinal"},"image":{"@id":"https:\/\/elcardinal.com\/#\/schema\/logo\/image\/"},"sameAs":["https:\/\/www.facebook.com\/profile.php?id=100063093107011","https:\/\/x.com\/ElCardinal_Mx"]},{"@type":"Person","@id":"https:\/\/elcardinal.com\/#\/schema\/person\/3c352ec0a33987fe275c0e8a2ea69f8b","name":"Antonio Alcaraz","image":{"@type":"ImageObject","inLanguage":"es","@id":"https:\/\/elcardinal.com\/#\/schema\/person\/image\/","url":"https:\/\/elcardinal.com\/wp-content\/uploads\/2025\/05\/cropped-TONO-96x96.jpg","contentUrl":"https:\/\/elcardinal.com\/wp-content\/uploads\/2025\/05\/cropped-TONO-96x96.jpg","caption":"Antonio Alcaraz"},"url":"https:\/\/elcardinal.com\/?author=2"}]}},"_links":{"self":[{"href":"https:\/\/elcardinal.com\/index.php?rest_route=\/wp\/v2\/posts\/4745","targetHints":{"allow":["GET"]}}],"collection":[{"href":"https:\/\/elcardinal.com\/index.php?rest_route=\/wp\/v2\/posts"}],"about":[{"href":"https:\/\/elcardinal.com\/index.php?rest_route=\/wp\/v2\/types\/post"}],"author":[{"embeddable":true,"href":"https:\/\/elcardinal.com\/index.php?rest_route=\/wp\/v2\/users\/2"}],"replies":[{"embeddable":true,"href":"https:\/\/elcardinal.com\/index.php?rest_route=%2Fwp%2Fv2%2Fcomments&post=4745"}],"version-history":[{"count":1,"href":"https:\/\/elcardinal.com\/index.php?rest_route=\/wp\/v2\/posts\/4745\/revisions"}],"predecessor-version":[{"id":4747,"href":"https:\/\/elcardinal.com\/index.php?rest_route=\/wp\/v2\/posts\/4745\/revisions\/4747"}],"wp:featuredmedia":[{"embeddable":true,"href":"https:\/\/elcardinal.com\/index.php?rest_route=\/wp\/v2\/media\/4746"}],"wp:attachment":[{"href":"https:\/\/elcardinal.com\/index.php?rest_route=%2Fwp%2Fv2%2Fmedia&parent=4745"}],"wp:term":[{"taxonomy":"category","embeddable":true,"href":"https:\/\/elcardinal.com\/index.php?rest_route=%2Fwp%2Fv2%2Fcategories&post=4745"},{"taxonomy":"post_tag","embeddable":true,"href":"https:\/\/elcardinal.com\/index.php?rest_route=%2Fwp%2Fv2%2Ftags&post=4745"}],"curies":[{"name":"wp","href":"https:\/\/api.w.org\/{rel}","templated":true}]}}