{"id":4748,"date":"2025-06-10T17:48:37","date_gmt":"2025-06-10T23:48:37","guid":{"rendered":"https:\/\/elcardinal.com\/?p=4748"},"modified":"2025-06-10T17:48:37","modified_gmt":"2025-06-10T23:48:37","slug":"legisladores-exhortan-a-municipios-a-crear-instancias-de-la-juventud","status":"publish","type":"post","link":"https:\/\/elcardinal.com\/?p=4748","title":{"rendered":"Legisladores exhortan a municipios a crear instancias de la juventud"},"content":{"rendered":"<p><span style=\"font-weight: 400;\">Diputadas y diputados integrantes de la <\/span><b>LXVI Legislatura<\/b><span style=\"font-weight: 400;\"> aprobaron con 26 votos a favor, cero en contra y cero abstenciones, el acuerdo econ\u00f3mico en materia de instancias municipales de la juventud, emitido por la primera Comisi\u00f3n Permanente de la Ni\u00f1ez, la Juventud, el Deporte y la Familia.<\/span><\/p>\n<p><span style=\"font-weight: 400;\">La legisladora <\/span><b>Yarabi Gonz\u00e1lez Mart\u00ednez<\/b><span style=\"font-weight: 400;\"> (Morena) precis\u00f3 que se exhorta a los municipios de Acatl\u00e1n, Agua Blanca, Almoloya, Apan, Atlapexco, Calnali, Cardonal, Chapantongo, Chapulhuac\u00e1n, Chilcuautla, Huautla, Huazalingo, Jaltoc\u00e1n, Ju\u00e1rez, Lolotla, Metepec, La Misi\u00f3n, Mixquiahuala, Molango, Nicol\u00e1s Flores, San Bartolo, Tutotepec, Tenango, Tepehuac\u00e1n, Tianguistengo, Tlahuiltepa, Tolcayuca, Xochiatipan, Xochicoatl\u00e1n y Zacualtip\u00e1n, que a\u00fan no cuentan con su instancia municipal de la juventud, a que agilicen las acciones necesarias para su implementaci\u00f3n y funcionamiento.<\/span><\/p>\n<p><span style=\"font-weight: 400;\">El diputado <\/span><b>Miguel \u00c1ngel Moreno Zamora<\/b><span style=\"font-weight: 400;\"> (Morena) explic\u00f3 que la propuesta tiene como prop\u00f3sito que los municipios cuenten con espacios propios donde el sector pueda recibir la atenci\u00f3n y los servicios propios de su edad. \u201cDeben ser \u00e1reas con personal, recurso y presupuesto suficiente que permitan atender las problem\u00e1ticas de los j\u00f3venes como la deserci\u00f3n escolar, el empleo informal, adicciones o falta de espacios deportivos y culturales\u201d.<\/span><\/p>\n<p>&nbsp;<\/p>\n<p><b>Acuerdo para integraci\u00f3n de comisiones<\/b><\/p>\n<p><span style=\"font-weight: 400;\">Adem\u00e1s, aprobaron con 28 votos a favor, cero en contra y cero abstenciones, el segundo acuerdo que modifica el diverso que contiene la integraci\u00f3n de las primeras comisiones permanentes y de la Comisi\u00f3n Especial para la Entrega de la Medalla \u201cDon Miguel Hidalgo y Costilla\u201d y Presea \u201cPedro Mar\u00eda Anaya\u201d de la LXVI Legislatura.<\/span><\/p>\n<p><span style=\"font-weight: 400;\">La diputada <\/span><b>M\u00f3nica Leanett Reyes Mart\u00ednez<\/b><span style=\"font-weight: 400;\"> (Nueva Alianza) precis\u00f3 que su compa\u00f1era <\/span><b>Mar\u00eda del Rosario Guerrero Mart\u00ednez<\/b><span style=\"font-weight: 400;\"> (Morena) asumir\u00e1 las siguientes comisiones:<\/span><\/p>\n<ul>\n<li style=\"font-weight: 400;\" aria-level=\"1\"><span style=\"font-weight: 400;\">Presidenta de la primera Comisi\u00f3n Permanente de Fortalecimiento y Desarrollo Municipal.<\/span><\/li>\n<li style=\"font-weight: 400;\" aria-level=\"1\"><span style=\"font-weight: 400;\">Secretaria de la primera Comisi\u00f3n Permanente de Asuntos Urbanos y Metropolitanos.<\/span><\/li>\n<li style=\"font-weight: 400;\" aria-level=\"1\"><span style=\"font-weight: 400;\">Secretaria de la primera Comisi\u00f3n Permanente de Comunicaciones y Transportes.<\/span><\/li>\n<li style=\"font-weight: 400;\" aria-level=\"1\"><span style=\"font-weight: 400;\">Vocal de la primera Comisi\u00f3n Permanente de Legislaci\u00f3n y Puntos Constitucionales.<\/span><\/li>\n<li style=\"font-weight: 400;\" aria-level=\"1\"><span style=\"font-weight: 400;\">Vocal de la primera Comisi\u00f3n Permanente de Hacienda y Presupuesto.<\/span><\/li>\n<li style=\"font-weight: 400;\" aria-level=\"1\"><span style=\"font-weight: 400;\">Vocal de la primera Comisi\u00f3n Permanente del Trabajo.<\/span><\/li>\n<\/ul>\n<p>&nbsp;<\/p>\n<p><b>Iniciativas<\/b><\/p>\n<p><b>Financiamiento para la vivienda<\/b><\/p>\n<p><span style=\"font-weight: 400;\">La diputada <\/span><b>Lizbeth Irais Ordaz Islas<\/b><span style=\"font-weight: 400;\"> y los diputados <\/span><b>Miguel \u00c1ngel Moreno Zamora<\/b><span style=\"font-weight: 400;\">, <\/span><b>Juan Pablo Escalante Urb\u00e1n<\/b><span style=\"font-weight: 400;\"> (Morena), <\/span><b>Jorge Arg\u00fcelles Salazar<\/b><span style=\"font-weight: 400;\"> y <\/span><b>Jos\u00e9 Mar\u00eda Alejandro P\u00e9rez Ram\u00edrez<\/b><span style=\"font-weight: 400;\"> (Nueva Alianza) present\u00f3 la iniciativa que modifica la Ley de Vivienda del Estado de Hidalgo, para garantizar que la poblaci\u00f3n hidalguense cuente con informaci\u00f3n clara, accesible y oportuna sobre las opciones de financiamiento para la vivienda, promoviendo la transparencia, inclusi\u00f3n y toma informada de decisiones por parte de la ciudadan\u00eda en materia habitacional.<\/span><\/p>\n<p>&nbsp;<\/p>\n<p><b>Decisiones basadas en evidencia cient\u00edfica<\/b><\/p>\n<p><span style=\"font-weight: 400;\">Las legisladoras <\/span><b>Paloma Barrag\u00e1n Santos<\/b><span style=\"font-weight: 400;\">,<\/span><b> Cynthia Citlali Delgado Mendoza<\/b><span style=\"font-weight: 400;\"> y los legisladores <\/span><b>Aldo Meza Hern\u00e1ndez<\/b><span style=\"font-weight: 400;\">,<\/span><b> Juli\u00e1n Nochebuena Hern\u00e1ndez<\/b><span style=\"font-weight: 400;\"> (Morena) y <\/span><b>Leonel Perusqu\u00eda Muedano<\/b><span style=\"font-weight: 400;\"> (PRD), propusieron la iniciativa que reforma la Ley de Humanidades, Ciencias, Tecnolog\u00edas e innovaci\u00f3n, la Ley Org\u00e1nica del Poder Legislativo del Estado de Hidalgo y su reglamento, con el fin de articular el andamiaje legal existente para que el Congreso, en particular cuando las comisiones se encuentren en el proceso de an\u00e1lisis, puedan realizar consultas y solicitar asesoramiento al Citnova para contar con informaci\u00f3n oportuna, objetiva, imparcial y relevante que permita tomar decisiones basadas en evidencia cient\u00edfica.<\/span><\/p>\n<p>&nbsp;<\/p>\n<p><b>Protecci\u00f3n de la ni\u00f1ez y adolescencia<\/b><\/p>\n<p><span style=\"font-weight: 400;\">Las diputadas <\/span><b>M\u00f3nica Leanett Reyes Mart\u00ednez<\/b><span style=\"font-weight: 400;\">,<\/span><b> Juana Olivia Alarc\u00f3n Rivera<\/b><span style=\"font-weight: 400;\"> (Nueva Alianza), <\/span><b>Tania Er\u00e9ndira Meza Escorza<\/b><span style=\"font-weight: 400;\">, <\/span><b>Yarabi Gonz\u00e1lez Mart\u00ednez<\/b><span style=\"font-weight: 400;\">, <\/span><b>Paloma Barrag\u00e1n Santos<\/b><span style=\"font-weight: 400;\"> (Morena) y los diputados <\/span><b>Aldo Meza Hern\u00e1ndez<\/b><span style=\"font-weight: 400;\">, <\/span><b>Jos\u00e9 Luis Rodr\u00edguez Higareda <\/b><span style=\"font-weight: 400;\">y <\/span><b>Juli\u00e1n Nochebuena Hern\u00e1ndez<\/b><span style=\"font-weight: 400;\"> (Morena) detall\u00f3 la iniciativa que reforma el C\u00f3digo Penal para el Estado de Hidalgo, con el fin de proteger a la ni\u00f1ez y adolescencia contra los crecientes riesgos asociados al uso de tecnolog\u00edas digitales y plataformas en l\u00ednea.<\/span><\/p>\n<p>&nbsp;<\/p>\n<p><b>Atenci\u00f3n ante desastres naturales<\/b><\/p>\n<p><span style=\"font-weight: 400;\">La legisladora <\/span><b>Claudia Lilia Luna Islas<\/b><span style=\"font-weight: 400;\"> (PAN) present\u00f3 la iniciativa que modifica la Ley de Protecci\u00f3n Civil del Estado de Hidalgo para reconocer jur\u00eddicamente el Fondo Estatal para la Atenci\u00f3n de Desastres Naturales, establecer sus fuentes de integraci\u00f3n, lineamientos operativos y condiciones de uso, as\u00ed como facultar al Comit\u00e9 Estatal de Emergencias como \u00f3rgano colegiado responsable de autorizar su aplicaci\u00f3n en casos de emergencia.<\/span><\/p>\n<p>&nbsp;<\/p>\n<p><b>Reglamentos municipales en materia deportiva<\/b><\/p>\n<p><span style=\"font-weight: 400;\">El diputado <\/span><b>Francisco Javier T\u00e9llez S\u00e1nchez<\/b><span style=\"font-weight: 400;\"> (PT) propuso la iniciativa que reforma la Ley de Cultura F\u00edsica, Deporte y Recreaci\u00f3n para el Estado de Hidalgo, con el fin de establecer un marco normativo m\u00e1s robusto que garantice la correcta aplicaci\u00f3n de los reglamentos municipales en materia deportiva.<\/span><\/p>\n<p>&nbsp;<\/p>\n<p><b>Manifestaci\u00f3n de violencia obst\u00e9trica<\/b><\/p>\n<p><span style=\"font-weight: 400;\">La legisladora <\/span><b>Orqu\u00eddea Larragoiti Osorio<\/b><span style=\"font-weight: 400;\"> (PT) detall\u00f3 la iniciativa que reforma la Ley de Acceso de las Mujeres a una Vida Libre de Violencia para el Estado de Hidalgo, con el prop\u00f3sito de incorporar expresamente la f\u00edstula obst\u00e9trica como una manifestaci\u00f3n de violencia cuando sea consecuencia de omisi\u00f3n o negligencia.<\/span><\/p>\n<p>&nbsp;<\/p>\n<p><b>Asignaci\u00f3n de recursos a municipios<\/b><\/p>\n<p><span style=\"font-weight: 400;\">La diputada <\/span><b>Johana Montcerrat Hern\u00e1ndez P\u00e9rez<\/b><span style=\"font-weight: 400;\"> y el diputado <\/span><b>Marco Antonio Mendoza Bustamante<\/b><span style=\"font-weight: 400;\"> (PRI) presentaron la iniciativa que reforma el decreto que autoriza el Presupuesto de Egresos del Estado de Hidalgo para el Ejercicio Fiscal 2025, con el fin de asignar recursos a favor de los municipios de Mineral de la Reforma y Pachuca afectados por inundaciones.<\/span><\/p>\n<p>&nbsp;<\/p>\n<p><b>Protecci\u00f3n al medio ambiente<\/b><\/p>\n<p><span style=\"font-weight: 400;\">El legislador <\/span><b>Marco Antonio Mendoza Bustamante<\/b><span style=\"font-weight: 400;\"> (PRI) detall\u00f3 la iniciativa que reforma la Ley para la Protecci\u00f3n al Ambiente del Estado de Hidalgo para establecer un marco legal que permita prevenir la contaminaci\u00f3n, gestionar de manera eficiente los recursos naturales y mitigar los efectos del cambio clim\u00e1tico, al puntualizar los t\u00e9rminos esenciales para la aplicaci\u00f3n de la ley, lo que dota adem\u00e1s de certeza jur\u00eddica a los usuarios y a las autoridades que deben velar por su cumplimiento.<\/span><\/p>\n<p>&nbsp;<\/p>\n<p><b>Marco normativo de protecci\u00f3n civil<\/b><\/p>\n<p><span style=\"font-weight: 400;\">La diputada <\/span><b>Mar\u00eda Guadalupe Cruz Monta\u00f1o<\/b><span style=\"font-weight: 400;\"> (PVEM) present\u00f3 la iniciativa que modifica la Ley de Protecci\u00f3n Civil del Estado de Hidalgo para fortalecer el marco normativo, mediante la incorporaci\u00f3n de conceptos y estrategias que permitan atender de manera efectiva a los grupos en situaci\u00f3n de mayor vulnerabilidad.<\/span><\/p>\n<p>&nbsp;<\/p>\n<p><b>Protecci\u00f3n de derechos de ni\u00f1as, ni\u00f1os y adolescentes<\/b><\/p>\n<p><span style=\"font-weight: 400;\">La legisladora <\/span><b>Lizbeth Irais Ordaz Islas<\/b><span style=\"font-weight: 400;\"> y los legisladores <\/span><b>Juan Pablo Escalante Urb\u00e1n, Miguel \u00c1ngel Moreno Zamora <\/b><span style=\"font-weight: 400;\">(Morena), <\/span><b>Jos\u00e9 Mar\u00eda Alejandro P\u00e9rez Ram\u00edrez<\/b><span style=\"font-weight: 400;\"> y <\/span><b>Jorge Arg\u00fcelles Salazar<\/b><span style=\"font-weight: 400;\"> (Nueva Alianza) propusieron la iniciativa que reforma la Ley de los Derechos de Ni\u00f1as, Ni\u00f1os y Adolescentes para el Estado de Hidalgo,<\/span> <span style=\"font-weight: 400;\">con el prop\u00f3sito de dar claridad jur\u00eddica al concepto de medios de comunicaci\u00f3n en la legislaci\u00f3n local para la protecci\u00f3n de sus derechos.<\/span><\/p>\n<p>&nbsp;<\/p>\n<p><b>Asuntos generales<\/b><\/p>\n<p><b>Importancia de los archivos<\/b><\/p>\n<p><span style=\"font-weight: 400;\">En el marco del D\u00eda Internacional de los Archivos, conmemorado cada 9 de junio, el diputado <\/span><b>Andr\u00e9s Vel\u00e1zquez V\u00e1zquez<\/b><span style=\"font-weight: 400;\"> (Morena) indic\u00f3 que esta es una fecha que invita a reflexionar sobre la importancia y trascendencia del patrimonio documental y la labor de los archivistas, como pilares fundamentales de la memoria, identidad y desarrollo.<\/span><\/p>\n<p>&nbsp;<\/p>\n<p><b>Confederaci\u00f3n Parlamentaria de Asuntos Municipales<\/b><\/p>\n<p><span style=\"font-weight: 400;\">El legislador <\/span><b>Jos\u00e9 Luis Rodr\u00edguez Higareda<\/b><span style=\"font-weight: 400;\"> (Morena) habl\u00f3 sobe su participaci\u00f3n en la segunda Reuni\u00f3n Ordinaria de la Confederaci\u00f3n Parlamentaria de Asuntos Municipales de M\u00e9xico, donde se reunieron diputadas y diputados de todo el pa\u00eds, \u201cun espacio plural que fortalece la cooperaci\u00f3n legislativa, la reflexi\u00f3n institucional y la construcci\u00f3n de pol\u00edticas p\u00fablicas enfocadas en el desarrollo\u201d.<\/span><\/p>\n<p>&nbsp;<\/p>\n<p><b>Tareas en la labor legislativa<\/b><\/p>\n<p><span style=\"font-weight: 400;\">La diputada <\/span><b>Mar\u00eda del Rosario Guerrero Mart\u00ednez<\/b><span style=\"font-weight: 400;\"> (Morena) agradeci\u00f3 su recibimiento como diputada de la <\/span><b>LXVI Legislatura<\/b><span style=\"font-weight: 400;\"> y asumi\u00f3 tres tareas fundamentales: luchar contra la desigualdad desde la trinchera legislativa, fortalecer la educaci\u00f3n p\u00fablica, especialmente en las zonas rurales, y ser garante de que los programas sociales sigan llegando a quienes m\u00e1s lo necesitan.<\/span><\/p>\n<p>&nbsp;<\/p>\n<p><b>Reconocimiento a Manuel Fernando Soto<\/b><\/p>\n<p><span style=\"font-weight: 400;\">El legislador <\/span><b>Arturo G\u00f3mez Canales<\/b><span style=\"font-weight: 400;\"> (Morena) reconoci\u00f3 a Manuel Fernando Soto Pastrana por su lucha incansable en la creaci\u00f3n de Hidalgo, \u201cuna causa que no abandon\u00f3 jam\u00e1s y que fue concedida por decreto. En este a\u00f1o, el 5 de junio, conmemoramos 200 a\u00f1os de su nacimiento, orgulloso tulancinguense, un hombre adelantado a su tiempo, cuya obra trasciende los m\u00e1rgenes de la pol\u00edtica para habilitar el terreno m\u00e1s profundo de la identidad y la dignidad de nuestro pueblo\u201d.<\/span><\/p>\n","protected":false},"excerpt":{"rendered":"<p>Diputadas y diputados integrantes de la LXVI Legislatura aprobaron con 26 votos a favor, cero en contra y cero abstenciones, el acuerdo econ\u00f3mico en materia de instancias municipales de la juventud, emitido por la primera Comisi\u00f3n Permanente de la Ni\u00f1ez, la Juventud, el Deporte y la Familia. La legisladora Yarabi Gonz\u00e1lez Mart\u00ednez (Morena) precis\u00f3 que<\/p>\n","protected":false},"author":2,"featured_media":4749,"comment_status":"open","ping_status":"open","sticky":false,"template":"","format":"standard","meta":{"footnotes":""},"categories":[31,44,39],"tags":[62,87],"class_list":{"0":"post-4748","1":"post","2":"type-post","3":"status-publish","4":"format-standard","5":"has-post-thumbnail","7":"category-hidalgo","8":"category-minuto-a-minuto","9":"category-politica","10":"tag-congreso-de-hidalgo","11":"tag-hidalgo"},"yoast_head":"<!-- This site is optimized with the Yoast SEO plugin v26.1.1 - https:\/\/yoast.com\/wordpress\/plugins\/seo\/ -->\n<title>Legisladores exhortan a municipios a crear instancias de la juventud - El Cardinal<\/title>\n<meta name=\"robots\" content=\"index, follow, max-snippet:-1, max-image-preview:large, max-video-preview:-1\" \/>\n<link rel=\"canonical\" href=\"https:\/\/elcardinal.com\/?p=4748\" \/>\n<meta property=\"og:locale\" content=\"es_MX\" \/>\n<meta property=\"og:type\" content=\"article\" \/>\n<meta property=\"og:title\" content=\"Legisladores exhortan a municipios a crear instancias de la juventud - El Cardinal\" \/>\n<meta property=\"og:description\" content=\"Diputadas y diputados integrantes de la LXVI Legislatura aprobaron con 26 votos a favor, cero en contra y cero abstenciones, el acuerdo econ\u00f3mico en materia de instancias municipales de la juventud, emitido por la primera Comisi\u00f3n Permanente de la Ni\u00f1ez, la Juventud, el Deporte y la Familia. La legisladora Yarabi Gonz\u00e1lez Mart\u00ednez (Morena) precis\u00f3 que\" \/>\n<meta property=\"og:url\" content=\"https:\/\/elcardinal.com\/?p=4748\" \/>\n<meta property=\"og:site_name\" content=\"El Cardinal\" \/>\n<meta property=\"article:publisher\" content=\"https:\/\/www.facebook.com\/profile.php?id=100063093107011\" \/>\n<meta property=\"article:published_time\" content=\"2025-06-10T23:48:37+00:00\" \/>\n<meta property=\"og:image\" content=\"https:\/\/elcardinal.com\/wp-content\/uploads\/2025\/06\/Sesion-10.06.2025-Ordinaria-169-scaled.jpg\" \/>\n\t<meta property=\"og:image:width\" content=\"2560\" \/>\n\t<meta property=\"og:image:height\" content=\"1650\" \/>\n\t<meta property=\"og:image:type\" content=\"image\/jpeg\" \/>\n<meta name=\"author\" content=\"Antonio Alcaraz\" \/>\n<meta name=\"twitter:card\" content=\"summary_large_image\" \/>\n<meta name=\"twitter:creator\" content=\"@ElCardinal_Mx\" \/>\n<meta name=\"twitter:site\" content=\"@ElCardinal_Mx\" \/>\n<meta name=\"twitter:label1\" content=\"Escrito por\" \/>\n\t<meta name=\"twitter:data1\" content=\"Antonio Alcaraz\" \/>\n\t<meta name=\"twitter:label2\" content=\"Tiempo de lectura\" \/>\n\t<meta name=\"twitter:data2\" content=\"7 minutos\" \/>\n<script type=\"application\/ld+json\" class=\"yoast-schema-graph\">{\"@context\":\"https:\/\/schema.org\",\"@graph\":[{\"@type\":\"Article\",\"@id\":\"https:\/\/elcardinal.com\/?p=4748#article\",\"isPartOf\":{\"@id\":\"https:\/\/elcardinal.com\/?p=4748\"},\"author\":{\"name\":\"Antonio Alcaraz\",\"@id\":\"https:\/\/elcardinal.com\/#\/schema\/person\/3c352ec0a33987fe275c0e8a2ea69f8b\"},\"headline\":\"Legisladores exhortan a municipios a crear instancias de la juventud\",\"datePublished\":\"2025-06-10T23:48:37+00:00\",\"mainEntityOfPage\":{\"@id\":\"https:\/\/elcardinal.com\/?p=4748\"},\"wordCount\":1485,\"commentCount\":0,\"publisher\":{\"@id\":\"https:\/\/elcardinal.com\/#organization\"},\"image\":{\"@id\":\"https:\/\/elcardinal.com\/?p=4748#primaryimage\"},\"thumbnailUrl\":\"https:\/\/elcardinal.com\/wp-content\/uploads\/2025\/06\/Sesion-10.06.2025-Ordinaria-169-scaled.jpg\",\"keywords\":[\"Congreso de Hidalgo\",\"Hidalgo\"],\"articleSection\":[\"Hidalgo\",\"Minuto a Minuto\",\"Pol\u00edtica\"],\"inLanguage\":\"es\",\"potentialAction\":[{\"@type\":\"CommentAction\",\"name\":\"Comment\",\"target\":[\"https:\/\/elcardinal.com\/?p=4748#respond\"]}]},{\"@type\":\"WebPage\",\"@id\":\"https:\/\/elcardinal.com\/?p=4748\",\"url\":\"https:\/\/elcardinal.com\/?p=4748\",\"name\":\"Legisladores exhortan a municipios a crear instancias de la juventud - El Cardinal\",\"isPartOf\":{\"@id\":\"https:\/\/elcardinal.com\/#website\"},\"primaryImageOfPage\":{\"@id\":\"https:\/\/elcardinal.com\/?p=4748#primaryimage\"},\"image\":{\"@id\":\"https:\/\/elcardinal.com\/?p=4748#primaryimage\"},\"thumbnailUrl\":\"https:\/\/elcardinal.com\/wp-content\/uploads\/2025\/06\/Sesion-10.06.2025-Ordinaria-169-scaled.jpg\",\"datePublished\":\"2025-06-10T23:48:37+00:00\",\"breadcrumb\":{\"@id\":\"https:\/\/elcardinal.com\/?p=4748#breadcrumb\"},\"inLanguage\":\"es\",\"potentialAction\":[{\"@type\":\"ReadAction\",\"target\":[\"https:\/\/elcardinal.com\/?p=4748\"]}]},{\"@type\":\"ImageObject\",\"inLanguage\":\"es\",\"@id\":\"https:\/\/elcardinal.com\/?p=4748#primaryimage\",\"url\":\"https:\/\/elcardinal.com\/wp-content\/uploads\/2025\/06\/Sesion-10.06.2025-Ordinaria-169-scaled.jpg\",\"contentUrl\":\"https:\/\/elcardinal.com\/wp-content\/uploads\/2025\/06\/Sesion-10.06.2025-Ordinaria-169-scaled.jpg\",\"width\":2560,\"height\":1650},{\"@type\":\"BreadcrumbList\",\"@id\":\"https:\/\/elcardinal.com\/?p=4748#breadcrumb\",\"itemListElement\":[{\"@type\":\"ListItem\",\"position\":1,\"name\":\"Inicio\",\"item\":\"https:\/\/elcardinal.com\/\"},{\"@type\":\"ListItem\",\"position\":2,\"name\":\"Legisladores exhortan a municipios a crear instancias de la juventud\"}]},{\"@type\":\"WebSite\",\"@id\":\"https:\/\/elcardinal.com\/#website\",\"url\":\"https:\/\/elcardinal.com\/\",\"name\":\"El Cardinal\",\"description\":\"Periodismo honesto, con valor, sentido humano, a veces sarc\u00e1stico y divertido.\",\"publisher\":{\"@id\":\"https:\/\/elcardinal.com\/#organization\"},\"alternateName\":\"El Cardinal Noticias\",\"potentialAction\":[{\"@type\":\"SearchAction\",\"target\":{\"@type\":\"EntryPoint\",\"urlTemplate\":\"https:\/\/elcardinal.com\/?s={search_term_string}\"},\"query-input\":{\"@type\":\"PropertyValueSpecification\",\"valueRequired\":true,\"valueName\":\"search_term_string\"}}],\"inLanguage\":\"es\"},{\"@type\":\"Organization\",\"@id\":\"https:\/\/elcardinal.com\/#organization\",\"name\":\"El Cardinal\",\"url\":\"https:\/\/elcardinal.com\/\",\"logo\":{\"@type\":\"ImageObject\",\"inLanguage\":\"es\",\"@id\":\"https:\/\/elcardinal.com\/#\/schema\/logo\/image\/\",\"url\":\"https:\/\/elcardinal.com\/wp-content\/uploads\/2025\/04\/LOGO-EL-CARDINAL-Periodismo-con-valor.png\",\"contentUrl\":\"https:\/\/elcardinal.com\/wp-content\/uploads\/2025\/04\/LOGO-EL-CARDINAL-Periodismo-con-valor.png\",\"width\":755,\"height\":636,\"caption\":\"El Cardinal\"},\"image\":{\"@id\":\"https:\/\/elcardinal.com\/#\/schema\/logo\/image\/\"},\"sameAs\":[\"https:\/\/www.facebook.com\/profile.php?id=100063093107011\",\"https:\/\/x.com\/ElCardinal_Mx\"]},{\"@type\":\"Person\",\"@id\":\"https:\/\/elcardinal.com\/#\/schema\/person\/3c352ec0a33987fe275c0e8a2ea69f8b\",\"name\":\"Antonio Alcaraz\",\"image\":{\"@type\":\"ImageObject\",\"inLanguage\":\"es\",\"@id\":\"https:\/\/elcardinal.com\/#\/schema\/person\/image\/\",\"url\":\"https:\/\/elcardinal.com\/wp-content\/uploads\/2025\/05\/cropped-TONO-96x96.jpg\",\"contentUrl\":\"https:\/\/elcardinal.com\/wp-content\/uploads\/2025\/05\/cropped-TONO-96x96.jpg\",\"caption\":\"Antonio Alcaraz\"},\"url\":\"https:\/\/elcardinal.com\/?author=2\"}]}<\/script>\n<!-- \/ Yoast SEO plugin. -->","yoast_head_json":{"title":"Legisladores exhortan a municipios a crear instancias de la juventud - El Cardinal","robots":{"index":"index","follow":"follow","max-snippet":"max-snippet:-1","max-image-preview":"max-image-preview:large","max-video-preview":"max-video-preview:-1"},"canonical":"https:\/\/elcardinal.com\/?p=4748","og_locale":"es_MX","og_type":"article","og_title":"Legisladores exhortan a municipios a crear instancias de la juventud - El Cardinal","og_description":"Diputadas y diputados integrantes de la LXVI Legislatura aprobaron con 26 votos a favor, cero en contra y cero abstenciones, el acuerdo econ\u00f3mico en materia de instancias municipales de la juventud, emitido por la primera Comisi\u00f3n Permanente de la Ni\u00f1ez, la Juventud, el Deporte y la Familia. La legisladora Yarabi Gonz\u00e1lez Mart\u00ednez (Morena) precis\u00f3 que","og_url":"https:\/\/elcardinal.com\/?p=4748","og_site_name":"El Cardinal","article_publisher":"https:\/\/www.facebook.com\/profile.php?id=100063093107011","article_published_time":"2025-06-10T23:48:37+00:00","og_image":[{"width":2560,"height":1650,"url":"https:\/\/elcardinal.com\/wp-content\/uploads\/2025\/06\/Sesion-10.06.2025-Ordinaria-169-scaled.jpg","type":"image\/jpeg"}],"author":"Antonio Alcaraz","twitter_card":"summary_large_image","twitter_creator":"@ElCardinal_Mx","twitter_site":"@ElCardinal_Mx","twitter_misc":{"Escrito por":"Antonio Alcaraz","Tiempo de lectura":"7 minutos"},"schema":{"@context":"https:\/\/schema.org","@graph":[{"@type":"Article","@id":"https:\/\/elcardinal.com\/?p=4748#article","isPartOf":{"@id":"https:\/\/elcardinal.com\/?p=4748"},"author":{"name":"Antonio Alcaraz","@id":"https:\/\/elcardinal.com\/#\/schema\/person\/3c352ec0a33987fe275c0e8a2ea69f8b"},"headline":"Legisladores exhortan a municipios a crear instancias de la juventud","datePublished":"2025-06-10T23:48:37+00:00","mainEntityOfPage":{"@id":"https:\/\/elcardinal.com\/?p=4748"},"wordCount":1485,"commentCount":0,"publisher":{"@id":"https:\/\/elcardinal.com\/#organization"},"image":{"@id":"https:\/\/elcardinal.com\/?p=4748#primaryimage"},"thumbnailUrl":"https:\/\/elcardinal.com\/wp-content\/uploads\/2025\/06\/Sesion-10.06.2025-Ordinaria-169-scaled.jpg","keywords":["Congreso de Hidalgo","Hidalgo"],"articleSection":["Hidalgo","Minuto a Minuto","Pol\u00edtica"],"inLanguage":"es","potentialAction":[{"@type":"CommentAction","name":"Comment","target":["https:\/\/elcardinal.com\/?p=4748#respond"]}]},{"@type":"WebPage","@id":"https:\/\/elcardinal.com\/?p=4748","url":"https:\/\/elcardinal.com\/?p=4748","name":"Legisladores exhortan a municipios a crear instancias de la juventud - El Cardinal","isPartOf":{"@id":"https:\/\/elcardinal.com\/#website"},"primaryImageOfPage":{"@id":"https:\/\/elcardinal.com\/?p=4748#primaryimage"},"image":{"@id":"https:\/\/elcardinal.com\/?p=4748#primaryimage"},"thumbnailUrl":"https:\/\/elcardinal.com\/wp-content\/uploads\/2025\/06\/Sesion-10.06.2025-Ordinaria-169-scaled.jpg","datePublished":"2025-06-10T23:48:37+00:00","breadcrumb":{"@id":"https:\/\/elcardinal.com\/?p=4748#breadcrumb"},"inLanguage":"es","potentialAction":[{"@type":"ReadAction","target":["https:\/\/elcardinal.com\/?p=4748"]}]},{"@type":"ImageObject","inLanguage":"es","@id":"https:\/\/elcardinal.com\/?p=4748#primaryimage","url":"https:\/\/elcardinal.com\/wp-content\/uploads\/2025\/06\/Sesion-10.06.2025-Ordinaria-169-scaled.jpg","contentUrl":"https:\/\/elcardinal.com\/wp-content\/uploads\/2025\/06\/Sesion-10.06.2025-Ordinaria-169-scaled.jpg","width":2560,"height":1650},{"@type":"BreadcrumbList","@id":"https:\/\/elcardinal.com\/?p=4748#breadcrumb","itemListElement":[{"@type":"ListItem","position":1,"name":"Inicio","item":"https:\/\/elcardinal.com\/"},{"@type":"ListItem","position":2,"name":"Legisladores exhortan a municipios a crear instancias de la juventud"}]},{"@type":"WebSite","@id":"https:\/\/elcardinal.com\/#website","url":"https:\/\/elcardinal.com\/","name":"El Cardinal","description":"Periodismo honesto, con valor, sentido humano, a veces sarc\u00e1stico y divertido.","publisher":{"@id":"https:\/\/elcardinal.com\/#organization"},"alternateName":"El Cardinal Noticias","potentialAction":[{"@type":"SearchAction","target":{"@type":"EntryPoint","urlTemplate":"https:\/\/elcardinal.com\/?s={search_term_string}"},"query-input":{"@type":"PropertyValueSpecification","valueRequired":true,"valueName":"search_term_string"}}],"inLanguage":"es"},{"@type":"Organization","@id":"https:\/\/elcardinal.com\/#organization","name":"El Cardinal","url":"https:\/\/elcardinal.com\/","logo":{"@type":"ImageObject","inLanguage":"es","@id":"https:\/\/elcardinal.com\/#\/schema\/logo\/image\/","url":"https:\/\/elcardinal.com\/wp-content\/uploads\/2025\/04\/LOGO-EL-CARDINAL-Periodismo-con-valor.png","contentUrl":"https:\/\/elcardinal.com\/wp-content\/uploads\/2025\/04\/LOGO-EL-CARDINAL-Periodismo-con-valor.png","width":755,"height":636,"caption":"El Cardinal"},"image":{"@id":"https:\/\/elcardinal.com\/#\/schema\/logo\/image\/"},"sameAs":["https:\/\/www.facebook.com\/profile.php?id=100063093107011","https:\/\/x.com\/ElCardinal_Mx"]},{"@type":"Person","@id":"https:\/\/elcardinal.com\/#\/schema\/person\/3c352ec0a33987fe275c0e8a2ea69f8b","name":"Antonio Alcaraz","image":{"@type":"ImageObject","inLanguage":"es","@id":"https:\/\/elcardinal.com\/#\/schema\/person\/image\/","url":"https:\/\/elcardinal.com\/wp-content\/uploads\/2025\/05\/cropped-TONO-96x96.jpg","contentUrl":"https:\/\/elcardinal.com\/wp-content\/uploads\/2025\/05\/cropped-TONO-96x96.jpg","caption":"Antonio Alcaraz"},"url":"https:\/\/elcardinal.com\/?author=2"}]}},"_links":{"self":[{"href":"https:\/\/elcardinal.com\/index.php?rest_route=\/wp\/v2\/posts\/4748","targetHints":{"allow":["GET"]}}],"collection":[{"href":"https:\/\/elcardinal.com\/index.php?rest_route=\/wp\/v2\/posts"}],"about":[{"href":"https:\/\/elcardinal.com\/index.php?rest_route=\/wp\/v2\/types\/post"}],"author":[{"embeddable":true,"href":"https:\/\/elcardinal.com\/index.php?rest_route=\/wp\/v2\/users\/2"}],"replies":[{"embeddable":true,"href":"https:\/\/elcardinal.com\/index.php?rest_route=%2Fwp%2Fv2%2Fcomments&post=4748"}],"version-history":[{"count":1,"href":"https:\/\/elcardinal.com\/index.php?rest_route=\/wp\/v2\/posts\/4748\/revisions"}],"predecessor-version":[{"id":4750,"href":"https:\/\/elcardinal.com\/index.php?rest_route=\/wp\/v2\/posts\/4748\/revisions\/4750"}],"wp:featuredmedia":[{"embeddable":true,"href":"https:\/\/elcardinal.com\/index.php?rest_route=\/wp\/v2\/media\/4749"}],"wp:attachment":[{"href":"https:\/\/elcardinal.com\/index.php?rest_route=%2Fwp%2Fv2%2Fmedia&parent=4748"}],"wp:term":[{"taxonomy":"category","embeddable":true,"href":"https:\/\/elcardinal.com\/index.php?rest_route=%2Fwp%2Fv2%2Fcategories&post=4748"},{"taxonomy":"post_tag","embeddable":true,"href":"https:\/\/elcardinal.com\/index.php?rest_route=%2Fwp%2Fv2%2Ftags&post=4748"}],"curies":[{"name":"wp","href":"https:\/\/api.w.org\/{rel}","templated":true}]}}