{"id":4751,"date":"2025-06-10T20:11:47","date_gmt":"2025-06-11T02:11:47","guid":{"rendered":"https:\/\/elcardinal.com\/?p=4751"},"modified":"2025-06-10T20:11:47","modified_gmt":"2025-06-11T02:11:47","slug":"epazoyucan-enfrenta-quebranto-financiero-de-3-5-millones-de-pesos-por-omisiones-de-administraciones-pasadas","status":"publish","type":"post","link":"https:\/\/elcardinal.com\/?p=4751","title":{"rendered":"Epazoyucan enfrenta quebranto financiero de 3.5 millones de pesos por omisiones de administraciones pasadas"},"content":{"rendered":"<p>Por: <strong>Jos\u00e9 Antonio Alcaraz Su\u00e1rez<\/strong><\/p>\n<p>Epazoyucan, Hgo.\u2014 Durante una conferencia de prensa, el presidente municipal constitucional de Epazoyucan, <strong>Carlos Monta\u00f1o Rodr\u00edguez<\/strong>, dio a conocer que la actual administraci\u00f3n tuvo que solventar un quebranto econ\u00f3mico por 3.5 millones de pesos, resultado del incumplimiento de un convenio firmado en 2016 durante el gobierno del entonces alcalde <strong>Ra\u00fal Armando Padilla Islas.<\/strong><\/p>\n<p>Acompa\u00f1ado por la s\u00edndica <strong>Luz Elena Estrada Villa<\/strong>, el regidor <strong>Isidro Meneses Castel\u00e1n<\/strong> y la coordinadora jur\u00eddica <strong>Maricruz Mi\u00f1arro<\/strong>, Monta\u00f1o explic\u00f3 que el conflicto se origin\u00f3 a partir de un acuerdo suscrito con el ciudadano Alfredo Ramos L\u00f3pez para la restituci\u00f3n de un bien inmueble, como parte de las compensaciones por la donaci\u00f3n de tierras en la construcci\u00f3n de un bulevar.<\/p>\n<p>El convenio, firmado el 12 de noviembre de 2016 por el entonces cabildo en pleno, nunca fue cumplido, lo que llev\u00f3 al afectado a presentar una demanda en marzo de 2022. Debido a que la administraci\u00f3n anterior no dio seguimiento adecuado al proceso, el juicio se resolvi\u00f3 en rebeld\u00eda, generando una condena al municipio.<\/p>\n<p>La s\u00edndica Estrada Villa detall\u00f3 que la demanda inicial exig\u00eda la restituci\u00f3n de 20.18 hect\u00e1reas o su equivalente econ\u00f3mico, calculado en 4.57 millones de pesos por peritos tanto del actor como del propio tribunal. Finalmente, tras una negociaci\u00f3n impulsada por la actual administraci\u00f3n, se logr\u00f3 acordar un pago de 3.5 millones de pesos, ahorrando m\u00e1s de un mill\u00f3n al erario.<\/p>\n<p>El pago fue efectuado el 27 de febrero de 2025 con recursos propios del municipio, y ratificado judicialmente el 24 de marzo. El expediente fue cerrado oficialmente el 14 de abril de este a\u00f1o.<\/p>\n<p>Ante la gravedad del caso, la s\u00edndica inform\u00f3 que se ha iniciado una denuncia formal ante la Fiscal\u00eda Especializada en Delitos de Corrupci\u00f3n contra los exfuncionarios responsables de la firma del convenio, as\u00ed como aquellos que omitieron dar seguimiento al proceso legal, incluyendo exalcaldes y exs\u00edndicos de administraciones subsiguientes.<\/p>\n<p>La carpeta de investigaci\u00f3n qued\u00f3 registrada con el n\u00famero \u00fanico 12-2025-08-073 y fue presentada el 27 de mayo ante el Centro de Atenci\u00f3n Temprana en Pachuca.<\/p>\n<p>\u201cEste quebranto nos oblig\u00f3 a redirigir recursos que ten\u00edamos previstos para obra p\u00fablica y programas sociales. Queremos que la ciudadan\u00eda sepa con transparencia c\u00f3mo estamos trabajando y en qu\u00e9 se est\u00e1n utilizando los recursos p\u00fablicos\u201d, se\u00f1al\u00f3 la sindica.<\/p>\n<p>El gobierno municipal reiter\u00f3 su compromiso con la austeridad y la rendici\u00f3n de cuentas, enfatizando que estos problemas son resultado de omisiones y posibles actos de corrupci\u00f3n de administraciones pasadas.<\/p>\n","protected":false},"excerpt":{"rendered":"<p>Por: Jos\u00e9 Antonio Alcaraz Su\u00e1rez Epazoyucan, Hgo.\u2014 Durante una conferencia de prensa, el presidente municipal constitucional de Epazoyucan, Carlos Monta\u00f1o Rodr\u00edguez, dio a conocer que la actual administraci\u00f3n tuvo que solventar un quebranto econ\u00f3mico por 3.5 millones de pesos, resultado del incumplimiento de un convenio firmado en 2016 durante el gobierno del entonces alcalde Ra\u00fal<\/p>\n","protected":false},"author":2,"featured_media":4752,"comment_status":"open","ping_status":"open","sticky":false,"template":"","format":"standard","meta":{"footnotes":""},"categories":[31,32,44],"tags":[236,235],"class_list":{"0":"post-4751","1":"post","2":"type-post","3":"status-publish","4":"format-standard","5":"has-post-thumbnail","7":"category-hidalgo","8":"category-metropoli","9":"category-minuto-a-minuto","10":"tag-carlos-montano","11":"tag-epazoyucan"},"yoast_head":"<!-- This site is optimized with the Yoast SEO plugin v26.1.1 - https:\/\/yoast.com\/wordpress\/plugins\/seo\/ -->\n<title>Epazoyucan enfrenta quebranto financiero de 3.5 millones de pesos por omisiones de administraciones pasadas - El Cardinal<\/title>\n<meta name=\"robots\" content=\"index, follow, max-snippet:-1, max-image-preview:large, max-video-preview:-1\" \/>\n<link rel=\"canonical\" href=\"https:\/\/elcardinal.com\/?p=4751\" \/>\n<meta property=\"og:locale\" content=\"es_MX\" \/>\n<meta property=\"og:type\" content=\"article\" \/>\n<meta property=\"og:title\" content=\"Epazoyucan enfrenta quebranto financiero de 3.5 millones de pesos por omisiones de administraciones pasadas - El Cardinal\" \/>\n<meta property=\"og:description\" content=\"Por: Jos\u00e9 Antonio Alcaraz Su\u00e1rez Epazoyucan, Hgo.\u2014 Durante una conferencia de prensa, el presidente municipal constitucional de Epazoyucan, Carlos Monta\u00f1o Rodr\u00edguez, dio a conocer que la actual administraci\u00f3n tuvo que solventar un quebranto econ\u00f3mico por 3.5 millones de pesos, resultado del incumplimiento de un convenio firmado en 2016 durante el gobierno del entonces alcalde Ra\u00fal\" \/>\n<meta property=\"og:url\" content=\"https:\/\/elcardinal.com\/?p=4751\" \/>\n<meta property=\"og:site_name\" content=\"El Cardinal\" \/>\n<meta property=\"article:publisher\" content=\"https:\/\/www.facebook.com\/profile.php?id=100063093107011\" \/>\n<meta property=\"article:published_time\" content=\"2025-06-11T02:11:47+00:00\" \/>\n<meta property=\"og:image\" content=\"https:\/\/elcardinal.com\/wp-content\/uploads\/2025\/06\/WhatsApp-Image-2025-06-10-at-8.01.40-PM.jpeg\" \/>\n\t<meta property=\"og:image:width\" content=\"1599\" \/>\n\t<meta property=\"og:image:height\" content=\"1066\" \/>\n\t<meta property=\"og:image:type\" content=\"image\/jpeg\" \/>\n<meta name=\"author\" content=\"Antonio Alcaraz\" \/>\n<meta name=\"twitter:card\" content=\"summary_large_image\" \/>\n<meta name=\"twitter:creator\" content=\"@ElCardinal_Mx\" \/>\n<meta name=\"twitter:site\" content=\"@ElCardinal_Mx\" \/>\n<meta name=\"twitter:label1\" content=\"Escrito por\" \/>\n\t<meta name=\"twitter:data1\" content=\"Antonio Alcaraz\" \/>\n\t<meta name=\"twitter:label2\" content=\"Tiempo de lectura\" \/>\n\t<meta name=\"twitter:data2\" content=\"3 minutos\" \/>\n<script type=\"application\/ld+json\" class=\"yoast-schema-graph\">{\"@context\":\"https:\/\/schema.org\",\"@graph\":[{\"@type\":\"Article\",\"@id\":\"https:\/\/elcardinal.com\/?p=4751#article\",\"isPartOf\":{\"@id\":\"https:\/\/elcardinal.com\/?p=4751\"},\"author\":{\"name\":\"Antonio Alcaraz\",\"@id\":\"https:\/\/elcardinal.com\/#\/schema\/person\/3c352ec0a33987fe275c0e8a2ea69f8b\"},\"headline\":\"Epazoyucan enfrenta quebranto financiero de 3.5 millones de pesos por omisiones de administraciones pasadas\",\"datePublished\":\"2025-06-11T02:11:47+00:00\",\"mainEntityOfPage\":{\"@id\":\"https:\/\/elcardinal.com\/?p=4751\"},\"wordCount\":456,\"commentCount\":0,\"publisher\":{\"@id\":\"https:\/\/elcardinal.com\/#organization\"},\"image\":{\"@id\":\"https:\/\/elcardinal.com\/?p=4751#primaryimage\"},\"thumbnailUrl\":\"https:\/\/elcardinal.com\/wp-content\/uploads\/2025\/06\/WhatsApp-Image-2025-06-10-at-8.01.40-PM.jpeg\",\"keywords\":[\"Carlos Monta\u00f1o\",\"Epazoyucan\"],\"articleSection\":[\"Hidalgo\",\"Metr\u00f3poli\",\"Minuto a Minuto\"],\"inLanguage\":\"es\",\"potentialAction\":[{\"@type\":\"CommentAction\",\"name\":\"Comment\",\"target\":[\"https:\/\/elcardinal.com\/?p=4751#respond\"]}]},{\"@type\":\"WebPage\",\"@id\":\"https:\/\/elcardinal.com\/?p=4751\",\"url\":\"https:\/\/elcardinal.com\/?p=4751\",\"name\":\"Epazoyucan enfrenta quebranto financiero de 3.5 millones de pesos por omisiones de administraciones pasadas - El Cardinal\",\"isPartOf\":{\"@id\":\"https:\/\/elcardinal.com\/#website\"},\"primaryImageOfPage\":{\"@id\":\"https:\/\/elcardinal.com\/?p=4751#primaryimage\"},\"image\":{\"@id\":\"https:\/\/elcardinal.com\/?p=4751#primaryimage\"},\"thumbnailUrl\":\"https:\/\/elcardinal.com\/wp-content\/uploads\/2025\/06\/WhatsApp-Image-2025-06-10-at-8.01.40-PM.jpeg\",\"datePublished\":\"2025-06-11T02:11:47+00:00\",\"breadcrumb\":{\"@id\":\"https:\/\/elcardinal.com\/?p=4751#breadcrumb\"},\"inLanguage\":\"es\",\"potentialAction\":[{\"@type\":\"ReadAction\",\"target\":[\"https:\/\/elcardinal.com\/?p=4751\"]}]},{\"@type\":\"ImageObject\",\"inLanguage\":\"es\",\"@id\":\"https:\/\/elcardinal.com\/?p=4751#primaryimage\",\"url\":\"https:\/\/elcardinal.com\/wp-content\/uploads\/2025\/06\/WhatsApp-Image-2025-06-10-at-8.01.40-PM.jpeg\",\"contentUrl\":\"https:\/\/elcardinal.com\/wp-content\/uploads\/2025\/06\/WhatsApp-Image-2025-06-10-at-8.01.40-PM.jpeg\",\"width\":1599,\"height\":1066},{\"@type\":\"BreadcrumbList\",\"@id\":\"https:\/\/elcardinal.com\/?p=4751#breadcrumb\",\"itemListElement\":[{\"@type\":\"ListItem\",\"position\":1,\"name\":\"Inicio\",\"item\":\"https:\/\/elcardinal.com\/\"},{\"@type\":\"ListItem\",\"position\":2,\"name\":\"Epazoyucan enfrenta quebranto financiero de 3.5 millones de pesos por omisiones de administraciones pasadas\"}]},{\"@type\":\"WebSite\",\"@id\":\"https:\/\/elcardinal.com\/#website\",\"url\":\"https:\/\/elcardinal.com\/\",\"name\":\"El Cardinal\",\"description\":\"Periodismo honesto, con valor, sentido humano, a veces sarc\u00e1stico y divertido.\",\"publisher\":{\"@id\":\"https:\/\/elcardinal.com\/#organization\"},\"alternateName\":\"El Cardinal Noticias\",\"potentialAction\":[{\"@type\":\"SearchAction\",\"target\":{\"@type\":\"EntryPoint\",\"urlTemplate\":\"https:\/\/elcardinal.com\/?s={search_term_string}\"},\"query-input\":{\"@type\":\"PropertyValueSpecification\",\"valueRequired\":true,\"valueName\":\"search_term_string\"}}],\"inLanguage\":\"es\"},{\"@type\":\"Organization\",\"@id\":\"https:\/\/elcardinal.com\/#organization\",\"name\":\"El Cardinal\",\"url\":\"https:\/\/elcardinal.com\/\",\"logo\":{\"@type\":\"ImageObject\",\"inLanguage\":\"es\",\"@id\":\"https:\/\/elcardinal.com\/#\/schema\/logo\/image\/\",\"url\":\"https:\/\/elcardinal.com\/wp-content\/uploads\/2025\/04\/LOGO-EL-CARDINAL-Periodismo-con-valor.png\",\"contentUrl\":\"https:\/\/elcardinal.com\/wp-content\/uploads\/2025\/04\/LOGO-EL-CARDINAL-Periodismo-con-valor.png\",\"width\":755,\"height\":636,\"caption\":\"El Cardinal\"},\"image\":{\"@id\":\"https:\/\/elcardinal.com\/#\/schema\/logo\/image\/\"},\"sameAs\":[\"https:\/\/www.facebook.com\/profile.php?id=100063093107011\",\"https:\/\/x.com\/ElCardinal_Mx\"]},{\"@type\":\"Person\",\"@id\":\"https:\/\/elcardinal.com\/#\/schema\/person\/3c352ec0a33987fe275c0e8a2ea69f8b\",\"name\":\"Antonio Alcaraz\",\"image\":{\"@type\":\"ImageObject\",\"inLanguage\":\"es\",\"@id\":\"https:\/\/elcardinal.com\/#\/schema\/person\/image\/\",\"url\":\"https:\/\/elcardinal.com\/wp-content\/uploads\/2025\/05\/cropped-TONO-96x96.jpg\",\"contentUrl\":\"https:\/\/elcardinal.com\/wp-content\/uploads\/2025\/05\/cropped-TONO-96x96.jpg\",\"caption\":\"Antonio Alcaraz\"},\"url\":\"https:\/\/elcardinal.com\/?author=2\"}]}<\/script>\n<!-- \/ Yoast SEO plugin. -->","yoast_head_json":{"title":"Epazoyucan enfrenta quebranto financiero de 3.5 millones de pesos por omisiones de administraciones pasadas - El Cardinal","robots":{"index":"index","follow":"follow","max-snippet":"max-snippet:-1","max-image-preview":"max-image-preview:large","max-video-preview":"max-video-preview:-1"},"canonical":"https:\/\/elcardinal.com\/?p=4751","og_locale":"es_MX","og_type":"article","og_title":"Epazoyucan enfrenta quebranto financiero de 3.5 millones de pesos por omisiones de administraciones pasadas - El Cardinal","og_description":"Por: Jos\u00e9 Antonio Alcaraz Su\u00e1rez Epazoyucan, Hgo.\u2014 Durante una conferencia de prensa, el presidente municipal constitucional de Epazoyucan, Carlos Monta\u00f1o Rodr\u00edguez, dio a conocer que la actual administraci\u00f3n tuvo que solventar un quebranto econ\u00f3mico por 3.5 millones de pesos, resultado del incumplimiento de un convenio firmado en 2016 durante el gobierno del entonces alcalde Ra\u00fal","og_url":"https:\/\/elcardinal.com\/?p=4751","og_site_name":"El Cardinal","article_publisher":"https:\/\/www.facebook.com\/profile.php?id=100063093107011","article_published_time":"2025-06-11T02:11:47+00:00","og_image":[{"width":1599,"height":1066,"url":"https:\/\/elcardinal.com\/wp-content\/uploads\/2025\/06\/WhatsApp-Image-2025-06-10-at-8.01.40-PM.jpeg","type":"image\/jpeg"}],"author":"Antonio Alcaraz","twitter_card":"summary_large_image","twitter_creator":"@ElCardinal_Mx","twitter_site":"@ElCardinal_Mx","twitter_misc":{"Escrito por":"Antonio Alcaraz","Tiempo de lectura":"3 minutos"},"schema":{"@context":"https:\/\/schema.org","@graph":[{"@type":"Article","@id":"https:\/\/elcardinal.com\/?p=4751#article","isPartOf":{"@id":"https:\/\/elcardinal.com\/?p=4751"},"author":{"name":"Antonio Alcaraz","@id":"https:\/\/elcardinal.com\/#\/schema\/person\/3c352ec0a33987fe275c0e8a2ea69f8b"},"headline":"Epazoyucan enfrenta quebranto financiero de 3.5 millones de pesos por omisiones de administraciones pasadas","datePublished":"2025-06-11T02:11:47+00:00","mainEntityOfPage":{"@id":"https:\/\/elcardinal.com\/?p=4751"},"wordCount":456,"commentCount":0,"publisher":{"@id":"https:\/\/elcardinal.com\/#organization"},"image":{"@id":"https:\/\/elcardinal.com\/?p=4751#primaryimage"},"thumbnailUrl":"https:\/\/elcardinal.com\/wp-content\/uploads\/2025\/06\/WhatsApp-Image-2025-06-10-at-8.01.40-PM.jpeg","keywords":["Carlos Monta\u00f1o","Epazoyucan"],"articleSection":["Hidalgo","Metr\u00f3poli","Minuto a Minuto"],"inLanguage":"es","potentialAction":[{"@type":"CommentAction","name":"Comment","target":["https:\/\/elcardinal.com\/?p=4751#respond"]}]},{"@type":"WebPage","@id":"https:\/\/elcardinal.com\/?p=4751","url":"https:\/\/elcardinal.com\/?p=4751","name":"Epazoyucan enfrenta quebranto financiero de 3.5 millones de pesos por omisiones de administraciones pasadas - El Cardinal","isPartOf":{"@id":"https:\/\/elcardinal.com\/#website"},"primaryImageOfPage":{"@id":"https:\/\/elcardinal.com\/?p=4751#primaryimage"},"image":{"@id":"https:\/\/elcardinal.com\/?p=4751#primaryimage"},"thumbnailUrl":"https:\/\/elcardinal.com\/wp-content\/uploads\/2025\/06\/WhatsApp-Image-2025-06-10-at-8.01.40-PM.jpeg","datePublished":"2025-06-11T02:11:47+00:00","breadcrumb":{"@id":"https:\/\/elcardinal.com\/?p=4751#breadcrumb"},"inLanguage":"es","potentialAction":[{"@type":"ReadAction","target":["https:\/\/elcardinal.com\/?p=4751"]}]},{"@type":"ImageObject","inLanguage":"es","@id":"https:\/\/elcardinal.com\/?p=4751#primaryimage","url":"https:\/\/elcardinal.com\/wp-content\/uploads\/2025\/06\/WhatsApp-Image-2025-06-10-at-8.01.40-PM.jpeg","contentUrl":"https:\/\/elcardinal.com\/wp-content\/uploads\/2025\/06\/WhatsApp-Image-2025-06-10-at-8.01.40-PM.jpeg","width":1599,"height":1066},{"@type":"BreadcrumbList","@id":"https:\/\/elcardinal.com\/?p=4751#breadcrumb","itemListElement":[{"@type":"ListItem","position":1,"name":"Inicio","item":"https:\/\/elcardinal.com\/"},{"@type":"ListItem","position":2,"name":"Epazoyucan enfrenta quebranto financiero de 3.5 millones de pesos por omisiones de administraciones pasadas"}]},{"@type":"WebSite","@id":"https:\/\/elcardinal.com\/#website","url":"https:\/\/elcardinal.com\/","name":"El Cardinal","description":"Periodismo honesto, con valor, sentido humano, a veces sarc\u00e1stico y divertido.","publisher":{"@id":"https:\/\/elcardinal.com\/#organization"},"alternateName":"El Cardinal Noticias","potentialAction":[{"@type":"SearchAction","target":{"@type":"EntryPoint","urlTemplate":"https:\/\/elcardinal.com\/?s={search_term_string}"},"query-input":{"@type":"PropertyValueSpecification","valueRequired":true,"valueName":"search_term_string"}}],"inLanguage":"es"},{"@type":"Organization","@id":"https:\/\/elcardinal.com\/#organization","name":"El Cardinal","url":"https:\/\/elcardinal.com\/","logo":{"@type":"ImageObject","inLanguage":"es","@id":"https:\/\/elcardinal.com\/#\/schema\/logo\/image\/","url":"https:\/\/elcardinal.com\/wp-content\/uploads\/2025\/04\/LOGO-EL-CARDINAL-Periodismo-con-valor.png","contentUrl":"https:\/\/elcardinal.com\/wp-content\/uploads\/2025\/04\/LOGO-EL-CARDINAL-Periodismo-con-valor.png","width":755,"height":636,"caption":"El Cardinal"},"image":{"@id":"https:\/\/elcardinal.com\/#\/schema\/logo\/image\/"},"sameAs":["https:\/\/www.facebook.com\/profile.php?id=100063093107011","https:\/\/x.com\/ElCardinal_Mx"]},{"@type":"Person","@id":"https:\/\/elcardinal.com\/#\/schema\/person\/3c352ec0a33987fe275c0e8a2ea69f8b","name":"Antonio Alcaraz","image":{"@type":"ImageObject","inLanguage":"es","@id":"https:\/\/elcardinal.com\/#\/schema\/person\/image\/","url":"https:\/\/elcardinal.com\/wp-content\/uploads\/2025\/05\/cropped-TONO-96x96.jpg","contentUrl":"https:\/\/elcardinal.com\/wp-content\/uploads\/2025\/05\/cropped-TONO-96x96.jpg","caption":"Antonio Alcaraz"},"url":"https:\/\/elcardinal.com\/?author=2"}]}},"_links":{"self":[{"href":"https:\/\/elcardinal.com\/index.php?rest_route=\/wp\/v2\/posts\/4751","targetHints":{"allow":["GET"]}}],"collection":[{"href":"https:\/\/elcardinal.com\/index.php?rest_route=\/wp\/v2\/posts"}],"about":[{"href":"https:\/\/elcardinal.com\/index.php?rest_route=\/wp\/v2\/types\/post"}],"author":[{"embeddable":true,"href":"https:\/\/elcardinal.com\/index.php?rest_route=\/wp\/v2\/users\/2"}],"replies":[{"embeddable":true,"href":"https:\/\/elcardinal.com\/index.php?rest_route=%2Fwp%2Fv2%2Fcomments&post=4751"}],"version-history":[{"count":1,"href":"https:\/\/elcardinal.com\/index.php?rest_route=\/wp\/v2\/posts\/4751\/revisions"}],"predecessor-version":[{"id":4753,"href":"https:\/\/elcardinal.com\/index.php?rest_route=\/wp\/v2\/posts\/4751\/revisions\/4753"}],"wp:featuredmedia":[{"embeddable":true,"href":"https:\/\/elcardinal.com\/index.php?rest_route=\/wp\/v2\/media\/4752"}],"wp:attachment":[{"href":"https:\/\/elcardinal.com\/index.php?rest_route=%2Fwp%2Fv2%2Fmedia&parent=4751"}],"wp:term":[{"taxonomy":"category","embeddable":true,"href":"https:\/\/elcardinal.com\/index.php?rest_route=%2Fwp%2Fv2%2Fcategories&post=4751"},{"taxonomy":"post_tag","embeddable":true,"href":"https:\/\/elcardinal.com\/index.php?rest_route=%2Fwp%2Fv2%2Ftags&post=4751"}],"curies":[{"name":"wp","href":"https:\/\/api.w.org\/{rel}","templated":true}]}}