{"id":4758,"date":"2025-06-11T18:52:51","date_gmt":"2025-06-12T00:52:51","guid":{"rendered":"https:\/\/elcardinal.com\/?p=4758"},"modified":"2025-06-11T18:52:51","modified_gmt":"2025-06-12T00:52:51","slug":"con-iniciativa-diputados-buscan-ampliar-tipificacion-por-transgredir-la-dignidad-humana","status":"publish","type":"post","link":"https:\/\/elcardinal.com\/?p=4758","title":{"rendered":"Con iniciativa, diputados buscan ampliar tipificaci\u00f3n por transgredir la dignidad humana"},"content":{"rendered":"<p style=\"text-align: left;\">Redacci\u00f3n<\/p>\n<p>En sesi\u00f3n ordinaria, las diputadas Alma Rosa El\u00edas Paso, Diana Rangel Z\u00fa\u00f1iga, Paloma Barrag\u00e1n Santos, Yarabi Gonz\u00e1lez Mart\u00ednez y los diputados Andr\u00e9s Vel\u00e1zquez V\u00e1zquez, Arturo G\u00f3mez Canales, Jos\u00e9 Luis Rodr\u00edguez Higareda y Juli\u00e1n Nochebuena Hern\u00e1ndez (Morena) presentaron la iniciativa que reforma el C\u00f3digo Penal para el Estado de Hidalgo.<\/p>\n<p>En tribuna, la legisladora Alma El\u00edas precis\u00f3 que el fin es ampliar la tipificaci\u00f3n por transgredir la dignidad humana o derechos sustantivos respecto del libre desarrollo de la personalidad, as\u00ed como por realizar y difundir acciones y discursos de odio, en especial contra personas integrantes de grupos prioritarios y, de manera espec\u00edfica, contra quienes se identifican como parte de la comunidad LGBTTTIQ+, estableciendo una descripci\u00f3n y redacci\u00f3n m\u00e1s completa y progresista.<\/p>\n<p>&nbsp;<\/p>\n<p>Licencia de conducir para adultos mayores<\/p>\n<p>La legisladora Yarabi Gonz\u00e1lez Mart\u00ednez (Morena) propuso la iniciativa que modifica la Ley de Tr\u00e1nsito y Seguridad Vial para el Estado de Hidalgo, para exentar el pago de la renovaci\u00f3n de la licencia de conducir a personas adultas mayores de 60 a\u00f1os, con el prop\u00f3sito de promover su bienestar econ\u00f3mico, social y su integraci\u00f3n activa en la comunidad.<\/p>\n<p>&nbsp;<\/p>\n<p>Discriminaci\u00f3n contra madres de familia<\/p>\n<p>Las diputadas Claudia Lilia Luna Islas (PAN), Orqu\u00eddea Larragoiti Osorio (PT), Karla Perales Arrieta (MC), Mar\u00eda Guadalupe Cruz Monta\u00f1o (PVEM), Johana Montcerrat Hern\u00e1ndez P\u00e9rez (PRI) y los diputados Francisco Javier T\u00e9llez S\u00e1nchez (PT), Carlos Alejandro Alc\u00e1ntara Carbajal (MC), Avelino Tovar Iglesias (PVEM), Marco Antonio Mendoza Bustamante (PRI) y Leonel Perusqu\u00eda Muedano (PRD) detallaron la iniciativa que reforma la Ley para Prevenir, Atender, Sancionar y Eliminar la Discriminaci\u00f3n en el Estado de Hidalgo.<\/p>\n<p>El objetivo es reconocer expl\u00edcitamente como acto de discriminaci\u00f3n el condicionar, limitar, obstaculizar o negar a las mujeres el acceso, permanencia o ascenso en el empleo por motivos relacionados con el embarazo, la maternidad o la lactancia.<\/p>\n<p>&nbsp;<\/p>\n<p>Cultura ambiental en escuelas<\/p>\n<p>Las y los diputados Marco Antonio Mendoza Bustamante, Johana Montcerrat Hern\u00e1ndez P\u00e9rez (PRI), Claudia Lilia Luna Islas (PAN), Karla Perales Arrieta (MC), Mar\u00eda Guadalupe Cruz Monta\u00f1o, Avelino Tovar Iglesias (PVEM), Orqu\u00eddea Larragoiti Osorio (PT) y Leonel Perusqu\u00eda Muedano (PRD) presentaron la iniciativa que reforma la Ley de Prevenci\u00f3n y Gesti\u00f3n de Residuos del Estado de Hidalgo.<\/p>\n<p>Esta propuesta busca que las autoridades educativas del estado promuevan la incorporaci\u00f3n de contenidos de cultura ambiental a los programas de estudio que permitan el desarrollo de h\u00e1bitos tendientes a lograr la minimizaci\u00f3n de residuos; crear la obligaci\u00f3n de las instituciones educativas del estado para incorporarlas como parte de su equipamiento, contenedores para el dep\u00f3sito separado de residuos s\u00f3lidos urbanos y de manejo especial; adem\u00e1s, que la Semarnat preste su apoyo para impulsar la implementaci\u00f3n del Programa Escolar 3R que busca reducir, reutilizar y reciclar.<\/p>\n<p>&nbsp;<\/p>\n<p>Asuntos generales<\/p>\n<p>Campa\u00f1as de concientizaci\u00f3n por desastres naturales<\/p>\n<p>Las y los diputados Francisco Javier T\u00e9llez S\u00e1nchez (PT), Jos\u00e9 Mar\u00eda Alejandro P\u00e9rez Ram\u00edrez (Nueva Alianza), Cynthia Citlali Delgado Mendoza, Juli\u00e1n Nochebuena Hern\u00e1ndez y Arturo G\u00f3mez Canales (Morena) propusieron el acuerdo econ\u00f3mico que exhorta a los ayuntamientos a que lleven a cabo campa\u00f1as de concientizaci\u00f3n y prevenci\u00f3n en materia de deslaves, lluvia excesiva, inundaciones y siniestros ocasionados por afectaciones del clima.<\/p>\n<p>&nbsp;<\/p>\n<p>Respaldo a favor de la poblaci\u00f3n migrante<\/p>\n<p>El presidente de la Junta de Gobierno, diputado Andr\u00e9s Vel\u00e1zquez V\u00e1zquez (Morena) respald\u00f3 a la poblaci\u00f3n migrante ante la situaci\u00f3n que viven actualmente en ciudades como Los \u00c1ngeles, Estados Unidos. Con apoyo de todas las fracciones del Congreso, denunci\u00f3 el aumento de redadas y detenciones sin garant\u00edas y deportaciones aceleradas que han vuelto a recrudecerse.<\/p>\n<p>&nbsp;<\/p>\n<p>Violencia contra las mujeres<\/p>\n<p>La diputada Johana Montcerrat Hern\u00e1ndez P\u00e9rez (PRI) lament\u00f3 la violencia institucional que se ejerce contra las mujeres que denuncian las desapariciones de ni\u00f1as, ni\u00f1os y adolescentes. Casos como \u201cel de una profesora de Pachuca, quien denunci\u00f3 hostigamiento laboral y en lugar de recibir acompa\u00f1amiento, fue objeto de represalias\u201d.<\/p>\n<p>&nbsp;<\/p>\n<p>Erradicaci\u00f3n del trabajo infantil<\/p>\n<p>En el marco del D\u00eda Internacional contra el Trabajo Infantil, conmemorado cada 12 de junio, la legisladora Paloma Barrag\u00e1n Santos (Morena) solicit\u00f3 asumir de forma seria y en el corto plazo, la responsabilidad de legislar con el fin de ampliar las oportunidades de todas y todos los ni\u00f1os que por distintas razones siguen trabajando, \u201cguardando con ello su derecho a una vida plena, al desarrollo integral y a la educaci\u00f3n. Proteger a la infancia es nuestra obligaci\u00f3n\u201d.<\/p>\n","protected":false},"excerpt":{"rendered":"<p>Redacci\u00f3n En sesi\u00f3n ordinaria, las diputadas Alma Rosa El\u00edas Paso, Diana Rangel Z\u00fa\u00f1iga, Paloma Barrag\u00e1n Santos, Yarabi Gonz\u00e1lez Mart\u00ednez y los diputados Andr\u00e9s Vel\u00e1zquez V\u00e1zquez, Arturo G\u00f3mez Canales, Jos\u00e9 Luis Rodr\u00edguez Higareda y Juli\u00e1n Nochebuena Hern\u00e1ndez (Morena) presentaron la iniciativa que reforma el C\u00f3digo Penal para el Estado de Hidalgo. En tribuna, la legisladora Alma<\/p>\n","protected":false},"author":2,"featured_media":4759,"comment_status":"open","ping_status":"open","sticky":false,"template":"","format":"standard","meta":{"footnotes":""},"categories":[31,44,39],"tags":[62],"class_list":{"0":"post-4758","1":"post","2":"type-post","3":"status-publish","4":"format-standard","5":"has-post-thumbnail","7":"category-hidalgo","8":"category-minuto-a-minuto","9":"category-politica","10":"tag-congreso-de-hidalgo"},"yoast_head":"<!-- This site is optimized with the Yoast SEO plugin v26.1.1 - https:\/\/yoast.com\/wordpress\/plugins\/seo\/ -->\n<title>Con iniciativa, diputados buscan ampliar tipificaci\u00f3n por transgredir la dignidad humana - El Cardinal<\/title>\n<meta name=\"robots\" content=\"index, follow, max-snippet:-1, max-image-preview:large, max-video-preview:-1\" \/>\n<link rel=\"canonical\" href=\"https:\/\/elcardinal.com\/?p=4758\" \/>\n<meta property=\"og:locale\" content=\"es_MX\" \/>\n<meta property=\"og:type\" content=\"article\" \/>\n<meta property=\"og:title\" content=\"Con iniciativa, diputados buscan ampliar tipificaci\u00f3n por transgredir la dignidad humana - El Cardinal\" \/>\n<meta property=\"og:description\" content=\"Redacci\u00f3n En sesi\u00f3n ordinaria, las diputadas Alma Rosa El\u00edas Paso, Diana Rangel Z\u00fa\u00f1iga, Paloma Barrag\u00e1n Santos, Yarabi Gonz\u00e1lez Mart\u00ednez y los diputados Andr\u00e9s Vel\u00e1zquez V\u00e1zquez, Arturo G\u00f3mez Canales, Jos\u00e9 Luis Rodr\u00edguez Higareda y Juli\u00e1n Nochebuena Hern\u00e1ndez (Morena) presentaron la iniciativa que reforma el C\u00f3digo Penal para el Estado de Hidalgo. En tribuna, la legisladora Alma\" \/>\n<meta property=\"og:url\" content=\"https:\/\/elcardinal.com\/?p=4758\" \/>\n<meta property=\"og:site_name\" content=\"El Cardinal\" \/>\n<meta property=\"article:publisher\" content=\"https:\/\/www.facebook.com\/profile.php?id=100063093107011\" \/>\n<meta property=\"article:published_time\" content=\"2025-06-12T00:52:51+00:00\" \/>\n<meta property=\"og:image\" content=\"https:\/\/elcardinal.com\/wp-content\/uploads\/2025\/06\/Sesion-11.06.2025-Ordinaria-3-scaled.jpg\" \/>\n\t<meta property=\"og:image:width\" content=\"2560\" \/>\n\t<meta property=\"og:image:height\" content=\"1707\" \/>\n\t<meta property=\"og:image:type\" content=\"image\/jpeg\" \/>\n<meta name=\"author\" content=\"Antonio Alcaraz\" \/>\n<meta name=\"twitter:card\" content=\"summary_large_image\" \/>\n<meta name=\"twitter:creator\" content=\"@ElCardinal_Mx\" \/>\n<meta name=\"twitter:site\" content=\"@ElCardinal_Mx\" \/>\n<meta name=\"twitter:label1\" content=\"Escrito por\" \/>\n\t<meta name=\"twitter:data1\" content=\"Antonio Alcaraz\" \/>\n\t<meta name=\"twitter:label2\" content=\"Tiempo de lectura\" \/>\n\t<meta name=\"twitter:data2\" content=\"4 minutos\" \/>\n<script type=\"application\/ld+json\" class=\"yoast-schema-graph\">{\"@context\":\"https:\/\/schema.org\",\"@graph\":[{\"@type\":\"Article\",\"@id\":\"https:\/\/elcardinal.com\/?p=4758#article\",\"isPartOf\":{\"@id\":\"https:\/\/elcardinal.com\/?p=4758\"},\"author\":{\"name\":\"Antonio Alcaraz\",\"@id\":\"https:\/\/elcardinal.com\/#\/schema\/person\/3c352ec0a33987fe275c0e8a2ea69f8b\"},\"headline\":\"Con iniciativa, diputados buscan ampliar tipificaci\u00f3n por transgredir la dignidad humana\",\"datePublished\":\"2025-06-12T00:52:51+00:00\",\"mainEntityOfPage\":{\"@id\":\"https:\/\/elcardinal.com\/?p=4758\"},\"wordCount\":815,\"commentCount\":0,\"publisher\":{\"@id\":\"https:\/\/elcardinal.com\/#organization\"},\"image\":{\"@id\":\"https:\/\/elcardinal.com\/?p=4758#primaryimage\"},\"thumbnailUrl\":\"https:\/\/elcardinal.com\/wp-content\/uploads\/2025\/06\/Sesion-11.06.2025-Ordinaria-3-scaled.jpg\",\"keywords\":[\"Congreso de Hidalgo\"],\"articleSection\":[\"Hidalgo\",\"Minuto a Minuto\",\"Pol\u00edtica\"],\"inLanguage\":\"es\",\"potentialAction\":[{\"@type\":\"CommentAction\",\"name\":\"Comment\",\"target\":[\"https:\/\/elcardinal.com\/?p=4758#respond\"]}]},{\"@type\":\"WebPage\",\"@id\":\"https:\/\/elcardinal.com\/?p=4758\",\"url\":\"https:\/\/elcardinal.com\/?p=4758\",\"name\":\"Con iniciativa, diputados buscan ampliar tipificaci\u00f3n por transgredir la dignidad humana - El Cardinal\",\"isPartOf\":{\"@id\":\"https:\/\/elcardinal.com\/#website\"},\"primaryImageOfPage\":{\"@id\":\"https:\/\/elcardinal.com\/?p=4758#primaryimage\"},\"image\":{\"@id\":\"https:\/\/elcardinal.com\/?p=4758#primaryimage\"},\"thumbnailUrl\":\"https:\/\/elcardinal.com\/wp-content\/uploads\/2025\/06\/Sesion-11.06.2025-Ordinaria-3-scaled.jpg\",\"datePublished\":\"2025-06-12T00:52:51+00:00\",\"breadcrumb\":{\"@id\":\"https:\/\/elcardinal.com\/?p=4758#breadcrumb\"},\"inLanguage\":\"es\",\"potentialAction\":[{\"@type\":\"ReadAction\",\"target\":[\"https:\/\/elcardinal.com\/?p=4758\"]}]},{\"@type\":\"ImageObject\",\"inLanguage\":\"es\",\"@id\":\"https:\/\/elcardinal.com\/?p=4758#primaryimage\",\"url\":\"https:\/\/elcardinal.com\/wp-content\/uploads\/2025\/06\/Sesion-11.06.2025-Ordinaria-3-scaled.jpg\",\"contentUrl\":\"https:\/\/elcardinal.com\/wp-content\/uploads\/2025\/06\/Sesion-11.06.2025-Ordinaria-3-scaled.jpg\",\"width\":2560,\"height\":1707},{\"@type\":\"BreadcrumbList\",\"@id\":\"https:\/\/elcardinal.com\/?p=4758#breadcrumb\",\"itemListElement\":[{\"@type\":\"ListItem\",\"position\":1,\"name\":\"Inicio\",\"item\":\"https:\/\/elcardinal.com\/\"},{\"@type\":\"ListItem\",\"position\":2,\"name\":\"Con iniciativa, diputados buscan ampliar tipificaci\u00f3n por transgredir la dignidad humana\"}]},{\"@type\":\"WebSite\",\"@id\":\"https:\/\/elcardinal.com\/#website\",\"url\":\"https:\/\/elcardinal.com\/\",\"name\":\"El Cardinal\",\"description\":\"Periodismo honesto, con valor, sentido humano, a veces sarc\u00e1stico y divertido.\",\"publisher\":{\"@id\":\"https:\/\/elcardinal.com\/#organization\"},\"alternateName\":\"El Cardinal Noticias\",\"potentialAction\":[{\"@type\":\"SearchAction\",\"target\":{\"@type\":\"EntryPoint\",\"urlTemplate\":\"https:\/\/elcardinal.com\/?s={search_term_string}\"},\"query-input\":{\"@type\":\"PropertyValueSpecification\",\"valueRequired\":true,\"valueName\":\"search_term_string\"}}],\"inLanguage\":\"es\"},{\"@type\":\"Organization\",\"@id\":\"https:\/\/elcardinal.com\/#organization\",\"name\":\"El Cardinal\",\"url\":\"https:\/\/elcardinal.com\/\",\"logo\":{\"@type\":\"ImageObject\",\"inLanguage\":\"es\",\"@id\":\"https:\/\/elcardinal.com\/#\/schema\/logo\/image\/\",\"url\":\"https:\/\/elcardinal.com\/wp-content\/uploads\/2025\/04\/LOGO-EL-CARDINAL-Periodismo-con-valor.png\",\"contentUrl\":\"https:\/\/elcardinal.com\/wp-content\/uploads\/2025\/04\/LOGO-EL-CARDINAL-Periodismo-con-valor.png\",\"width\":755,\"height\":636,\"caption\":\"El Cardinal\"},\"image\":{\"@id\":\"https:\/\/elcardinal.com\/#\/schema\/logo\/image\/\"},\"sameAs\":[\"https:\/\/www.facebook.com\/profile.php?id=100063093107011\",\"https:\/\/x.com\/ElCardinal_Mx\"]},{\"@type\":\"Person\",\"@id\":\"https:\/\/elcardinal.com\/#\/schema\/person\/3c352ec0a33987fe275c0e8a2ea69f8b\",\"name\":\"Antonio Alcaraz\",\"image\":{\"@type\":\"ImageObject\",\"inLanguage\":\"es\",\"@id\":\"https:\/\/elcardinal.com\/#\/schema\/person\/image\/\",\"url\":\"https:\/\/elcardinal.com\/wp-content\/uploads\/2025\/05\/cropped-TONO-96x96.jpg\",\"contentUrl\":\"https:\/\/elcardinal.com\/wp-content\/uploads\/2025\/05\/cropped-TONO-96x96.jpg\",\"caption\":\"Antonio Alcaraz\"},\"url\":\"https:\/\/elcardinal.com\/?author=2\"}]}<\/script>\n<!-- \/ Yoast SEO plugin. -->","yoast_head_json":{"title":"Con iniciativa, diputados buscan ampliar tipificaci\u00f3n por transgredir la dignidad humana - El Cardinal","robots":{"index":"index","follow":"follow","max-snippet":"max-snippet:-1","max-image-preview":"max-image-preview:large","max-video-preview":"max-video-preview:-1"},"canonical":"https:\/\/elcardinal.com\/?p=4758","og_locale":"es_MX","og_type":"article","og_title":"Con iniciativa, diputados buscan ampliar tipificaci\u00f3n por transgredir la dignidad humana - El Cardinal","og_description":"Redacci\u00f3n En sesi\u00f3n ordinaria, las diputadas Alma Rosa El\u00edas Paso, Diana Rangel Z\u00fa\u00f1iga, Paloma Barrag\u00e1n Santos, Yarabi Gonz\u00e1lez Mart\u00ednez y los diputados Andr\u00e9s Vel\u00e1zquez V\u00e1zquez, Arturo G\u00f3mez Canales, Jos\u00e9 Luis Rodr\u00edguez Higareda y Juli\u00e1n Nochebuena Hern\u00e1ndez (Morena) presentaron la iniciativa que reforma el C\u00f3digo Penal para el Estado de Hidalgo. En tribuna, la legisladora Alma","og_url":"https:\/\/elcardinal.com\/?p=4758","og_site_name":"El Cardinal","article_publisher":"https:\/\/www.facebook.com\/profile.php?id=100063093107011","article_published_time":"2025-06-12T00:52:51+00:00","og_image":[{"width":2560,"height":1707,"url":"https:\/\/elcardinal.com\/wp-content\/uploads\/2025\/06\/Sesion-11.06.2025-Ordinaria-3-scaled.jpg","type":"image\/jpeg"}],"author":"Antonio Alcaraz","twitter_card":"summary_large_image","twitter_creator":"@ElCardinal_Mx","twitter_site":"@ElCardinal_Mx","twitter_misc":{"Escrito por":"Antonio Alcaraz","Tiempo de lectura":"4 minutos"},"schema":{"@context":"https:\/\/schema.org","@graph":[{"@type":"Article","@id":"https:\/\/elcardinal.com\/?p=4758#article","isPartOf":{"@id":"https:\/\/elcardinal.com\/?p=4758"},"author":{"name":"Antonio Alcaraz","@id":"https:\/\/elcardinal.com\/#\/schema\/person\/3c352ec0a33987fe275c0e8a2ea69f8b"},"headline":"Con iniciativa, diputados buscan ampliar tipificaci\u00f3n por transgredir la dignidad humana","datePublished":"2025-06-12T00:52:51+00:00","mainEntityOfPage":{"@id":"https:\/\/elcardinal.com\/?p=4758"},"wordCount":815,"commentCount":0,"publisher":{"@id":"https:\/\/elcardinal.com\/#organization"},"image":{"@id":"https:\/\/elcardinal.com\/?p=4758#primaryimage"},"thumbnailUrl":"https:\/\/elcardinal.com\/wp-content\/uploads\/2025\/06\/Sesion-11.06.2025-Ordinaria-3-scaled.jpg","keywords":["Congreso de Hidalgo"],"articleSection":["Hidalgo","Minuto a Minuto","Pol\u00edtica"],"inLanguage":"es","potentialAction":[{"@type":"CommentAction","name":"Comment","target":["https:\/\/elcardinal.com\/?p=4758#respond"]}]},{"@type":"WebPage","@id":"https:\/\/elcardinal.com\/?p=4758","url":"https:\/\/elcardinal.com\/?p=4758","name":"Con iniciativa, diputados buscan ampliar tipificaci\u00f3n por transgredir la dignidad humana - El Cardinal","isPartOf":{"@id":"https:\/\/elcardinal.com\/#website"},"primaryImageOfPage":{"@id":"https:\/\/elcardinal.com\/?p=4758#primaryimage"},"image":{"@id":"https:\/\/elcardinal.com\/?p=4758#primaryimage"},"thumbnailUrl":"https:\/\/elcardinal.com\/wp-content\/uploads\/2025\/06\/Sesion-11.06.2025-Ordinaria-3-scaled.jpg","datePublished":"2025-06-12T00:52:51+00:00","breadcrumb":{"@id":"https:\/\/elcardinal.com\/?p=4758#breadcrumb"},"inLanguage":"es","potentialAction":[{"@type":"ReadAction","target":["https:\/\/elcardinal.com\/?p=4758"]}]},{"@type":"ImageObject","inLanguage":"es","@id":"https:\/\/elcardinal.com\/?p=4758#primaryimage","url":"https:\/\/elcardinal.com\/wp-content\/uploads\/2025\/06\/Sesion-11.06.2025-Ordinaria-3-scaled.jpg","contentUrl":"https:\/\/elcardinal.com\/wp-content\/uploads\/2025\/06\/Sesion-11.06.2025-Ordinaria-3-scaled.jpg","width":2560,"height":1707},{"@type":"BreadcrumbList","@id":"https:\/\/elcardinal.com\/?p=4758#breadcrumb","itemListElement":[{"@type":"ListItem","position":1,"name":"Inicio","item":"https:\/\/elcardinal.com\/"},{"@type":"ListItem","position":2,"name":"Con iniciativa, diputados buscan ampliar tipificaci\u00f3n por transgredir la dignidad humana"}]},{"@type":"WebSite","@id":"https:\/\/elcardinal.com\/#website","url":"https:\/\/elcardinal.com\/","name":"El Cardinal","description":"Periodismo honesto, con valor, sentido humano, a veces sarc\u00e1stico y divertido.","publisher":{"@id":"https:\/\/elcardinal.com\/#organization"},"alternateName":"El Cardinal Noticias","potentialAction":[{"@type":"SearchAction","target":{"@type":"EntryPoint","urlTemplate":"https:\/\/elcardinal.com\/?s={search_term_string}"},"query-input":{"@type":"PropertyValueSpecification","valueRequired":true,"valueName":"search_term_string"}}],"inLanguage":"es"},{"@type":"Organization","@id":"https:\/\/elcardinal.com\/#organization","name":"El Cardinal","url":"https:\/\/elcardinal.com\/","logo":{"@type":"ImageObject","inLanguage":"es","@id":"https:\/\/elcardinal.com\/#\/schema\/logo\/image\/","url":"https:\/\/elcardinal.com\/wp-content\/uploads\/2025\/04\/LOGO-EL-CARDINAL-Periodismo-con-valor.png","contentUrl":"https:\/\/elcardinal.com\/wp-content\/uploads\/2025\/04\/LOGO-EL-CARDINAL-Periodismo-con-valor.png","width":755,"height":636,"caption":"El Cardinal"},"image":{"@id":"https:\/\/elcardinal.com\/#\/schema\/logo\/image\/"},"sameAs":["https:\/\/www.facebook.com\/profile.php?id=100063093107011","https:\/\/x.com\/ElCardinal_Mx"]},{"@type":"Person","@id":"https:\/\/elcardinal.com\/#\/schema\/person\/3c352ec0a33987fe275c0e8a2ea69f8b","name":"Antonio Alcaraz","image":{"@type":"ImageObject","inLanguage":"es","@id":"https:\/\/elcardinal.com\/#\/schema\/person\/image\/","url":"https:\/\/elcardinal.com\/wp-content\/uploads\/2025\/05\/cropped-TONO-96x96.jpg","contentUrl":"https:\/\/elcardinal.com\/wp-content\/uploads\/2025\/05\/cropped-TONO-96x96.jpg","caption":"Antonio Alcaraz"},"url":"https:\/\/elcardinal.com\/?author=2"}]}},"_links":{"self":[{"href":"https:\/\/elcardinal.com\/index.php?rest_route=\/wp\/v2\/posts\/4758","targetHints":{"allow":["GET"]}}],"collection":[{"href":"https:\/\/elcardinal.com\/index.php?rest_route=\/wp\/v2\/posts"}],"about":[{"href":"https:\/\/elcardinal.com\/index.php?rest_route=\/wp\/v2\/types\/post"}],"author":[{"embeddable":true,"href":"https:\/\/elcardinal.com\/index.php?rest_route=\/wp\/v2\/users\/2"}],"replies":[{"embeddable":true,"href":"https:\/\/elcardinal.com\/index.php?rest_route=%2Fwp%2Fv2%2Fcomments&post=4758"}],"version-history":[{"count":1,"href":"https:\/\/elcardinal.com\/index.php?rest_route=\/wp\/v2\/posts\/4758\/revisions"}],"predecessor-version":[{"id":4760,"href":"https:\/\/elcardinal.com\/index.php?rest_route=\/wp\/v2\/posts\/4758\/revisions\/4760"}],"wp:featuredmedia":[{"embeddable":true,"href":"https:\/\/elcardinal.com\/index.php?rest_route=\/wp\/v2\/media\/4759"}],"wp:attachment":[{"href":"https:\/\/elcardinal.com\/index.php?rest_route=%2Fwp%2Fv2%2Fmedia&parent=4758"}],"wp:term":[{"taxonomy":"category","embeddable":true,"href":"https:\/\/elcardinal.com\/index.php?rest_route=%2Fwp%2Fv2%2Fcategories&post=4758"},{"taxonomy":"post_tag","embeddable":true,"href":"https:\/\/elcardinal.com\/index.php?rest_route=%2Fwp%2Fv2%2Ftags&post=4758"}],"curies":[{"name":"wp","href":"https:\/\/api.w.org\/{rel}","templated":true}]}}