{"id":4761,"date":"2025-06-12T07:26:55","date_gmt":"2025-06-12T13:26:55","guid":{"rendered":"https:\/\/elcardinal.com\/?p=4761"},"modified":"2025-06-12T07:26:55","modified_gmt":"2025-06-12T13:26:55","slug":"cristino-el-viejo-patrullero-hidalguense-y-su-lucha-por-la-vida-quiere-vivir-130-anos","status":"publish","type":"post","link":"https:\/\/elcardinal.com\/?p=4761","title":{"rendered":"Cristino, el viejo patrullero hidalguense y su lucha por la vida; quiere vivir 130 a\u00f1os"},"content":{"rendered":"<p>Por: <strong>Jos\u00e9 Antonio Alcaraz Su\u00e1rez<\/strong><\/p>\n<p>Parado firme en la esquina de Mariano Arista y Miguel Hidalgo, justo frente a la <strong>Iglesia de San Francisco<\/strong> en Pachuca, bajo un sol que no perdona y apoyado en su bast\u00f3n met\u00e1lico, como si fuera un rifle, <strong>Don Cristino Morales L\u00f3pez<\/strong> desaf\u00eda no solo la edad\u2026 sino tambi\u00e9n al destino.<\/p>\n<p>Con 85 a\u00f1os de vida \u2014<strong>y la meta clara de llegar a los 130 a\u00f1os<\/strong>\u2014 este hidalguense con mostacho revolucionario, mirada filosa, sonrisa chimuela y voz curtida por el polvo y el tiempo, tiene m\u00e1s historias que arrugas en el rostro.<\/p>\n<p>Naci\u00f3 \u201cpor all\u00e1 cerquita de la <strong>Vega de Metztitl\u00e1n<\/strong>\u201d, aunque confiesa que ya no recuerda el nombre exacto de su comunidad. Desde joven se fue de ella. Fue rebelde, desobediente y obstinado de sus padres, pero libre. Y de eso no se arrepiente. Su vida se ha forjado entre el campo y las balas: pic\u00f3 algod\u00f3n, chile y tomate en Sonora, donde \u201cel calor era tan cabr\u00f3n que hasta el caf\u00e9 se coc\u00eda solo en la botella de pl\u00e1stico\u201d .<\/p>\n<p><strong>DE CAMPO A CUARTEL<\/strong><\/p>\n<p>Antes de los 40 ya patrullaba como sargento, subteniente, guardia y todo lo que le pusieran. \u201cA veces me daban el puesto, pero no la credencial\u201d, dice entre risas y reclamos al sistema. Trabaj\u00f3 en Zacatecas, Nayarit, Toluca\u2026 y hasta donde lo mandaran. Fue parte de corporaciones estatales, bancarias y hasta del equipo de armeros.<\/p>\n<p><img fetchpriority=\"high\" decoding=\"async\" class=\"size-medium wp-image-4765 alignleft\" src=\"https:\/\/elcardinal.com\/wp-content\/uploads\/2025\/06\/WhatsApp-Image-2025-06-12-at-7.19.57-AM-1-300x200.jpeg\" alt=\"\" width=\"300\" height=\"200\" srcset=\"https:\/\/elcardinal.com\/wp-content\/uploads\/2025\/06\/WhatsApp-Image-2025-06-12-at-7.19.57-AM-1-300x200.jpeg 300w, https:\/\/elcardinal.com\/wp-content\/uploads\/2025\/06\/WhatsApp-Image-2025-06-12-at-7.19.57-AM-1-1024x683.jpeg 1024w, https:\/\/elcardinal.com\/wp-content\/uploads\/2025\/06\/WhatsApp-Image-2025-06-12-at-7.19.57-AM-1-768x512.jpeg 768w, https:\/\/elcardinal.com\/wp-content\/uploads\/2025\/06\/WhatsApp-Image-2025-06-12-at-7.19.57-AM-1-1536x1024.jpeg 1536w, https:\/\/elcardinal.com\/wp-content\/uploads\/2025\/06\/WhatsApp-Image-2025-06-12-at-7.19.57-AM-1-150x100.jpeg 150w, https:\/\/elcardinal.com\/wp-content\/uploads\/2025\/06\/WhatsApp-Image-2025-06-12-at-7.19.57-AM-1-450x300.jpeg 450w, https:\/\/elcardinal.com\/wp-content\/uploads\/2025\/06\/WhatsApp-Image-2025-06-12-at-7.19.57-AM-1-1200x800.jpeg 1200w, https:\/\/elcardinal.com\/wp-content\/uploads\/2025\/06\/WhatsApp-Image-2025-06-12-at-7.19.57-AM-1.jpeg 1599w\" sizes=\"(max-width: 300px) 100vw, 300px\" \/>Para muestra, saca de la bolsa de su chamarra una bolsa de pl\u00e1stico llena de documentos, en copia, y muestra un enmicado de una credencial de la <em>Direcci\u00f3n de Seguridad P\u00fablica del Municipio de Tepic, Nayarit H. XXVII Ayuntamiento Constitucional<\/em>, fechada el <strong>22 de agosto de 1978<\/strong>, que lo acredita como Sargento Patrullero.<\/p>\n<p>En <strong>Pachuca<\/strong>, le toc\u00f3 sacar borrachos y marihu\u00e1nos de las cantinas que hab\u00eda en la zona de tolerancia, por La Surtidora. Afortunadamente, nunca le pas\u00f3 nada pese a los peligros de su oficio. Sin embargo, la verdadera batalla fue contra la injusticia\u2026 y contra el humo.<\/p>\n<p>Porque tambi\u00e9n fue ladrillero, de esos que moldean lodo con las manos y pulm\u00f3n con el humo. Hoy carga las secuelas: un pulm\u00f3n da\u00f1ado y ox\u00edgeno limitado. \u201cPero eso no me detiene, yo quiero llegar a los 130 a\u00f1os\u201d, sentencia con la misma firmeza con la que desenfundaba en sus d\u00edas de servicio.<\/p>\n<p><strong>SOLO, PERO NO VENCIDO\u00a0<\/strong><\/p>\n<p><img decoding=\"async\" class=\"size-medium wp-image-4764 alignright\" src=\"https:\/\/elcardinal.com\/wp-content\/uploads\/2025\/06\/WhatsApp-Image-2025-06-12-at-7.19.57-AM-2-200x300.jpeg\" alt=\"\" width=\"200\" height=\"300\" srcset=\"https:\/\/elcardinal.com\/wp-content\/uploads\/2025\/06\/WhatsApp-Image-2025-06-12-at-7.19.57-AM-2-200x300.jpeg 200w, https:\/\/elcardinal.com\/wp-content\/uploads\/2025\/06\/WhatsApp-Image-2025-06-12-at-7.19.57-AM-2-683x1024.jpeg 683w, https:\/\/elcardinal.com\/wp-content\/uploads\/2025\/06\/WhatsApp-Image-2025-06-12-at-7.19.57-AM-2-768x1152.jpeg 768w, https:\/\/elcardinal.com\/wp-content\/uploads\/2025\/06\/WhatsApp-Image-2025-06-12-at-7.19.57-AM-2-1024x1536.jpeg 1024w, https:\/\/elcardinal.com\/wp-content\/uploads\/2025\/06\/WhatsApp-Image-2025-06-12-at-7.19.57-AM-2-150x225.jpeg 150w, https:\/\/elcardinal.com\/wp-content\/uploads\/2025\/06\/WhatsApp-Image-2025-06-12-at-7.19.57-AM-2-450x675.jpeg 450w, https:\/\/elcardinal.com\/wp-content\/uploads\/2025\/06\/WhatsApp-Image-2025-06-12-at-7.19.57-AM-2.jpeg 1066w\" sizes=\"(max-width: 200px) 100vw, 200px\" \/>Don Cristino vive solo en el barrio de Camelia, en una casa que construy\u00f3 con sus propias manos y niveles\u2026 aunque el cimiento torcido le torci\u00f3 tambi\u00e9n la cuadra entera. \u201cTomaba mucho en esos a\u00f1os, pero ya no\u201d, asegura. Hoy baja en combi al centro, camina lento pero seguro, y pl\u00e1tica con quien se le acerque. Porque si algo le sobra a Don Cristino, adem\u00e1s de a\u00f1os, es historia.<\/p>\n<p>Dice que no le teme a la muerte, pero si llega, que lo agarre caminando\u2026 o que al menos le pase un avi\u00f3n por encima. Se mantiene gracias a una pensi\u00f3n por m\u00e1s de 30 a\u00f1os de servicio y, para no aburrirse, junta fierro viejo y baratijas que vende o regala a las personas que lo necesitan.<\/p>\n<blockquote><p>\u201cYo ya viv\u00ed mucho\u2026 pero todav\u00eda no me voy\u201d.<\/p><\/blockquote>\n","protected":false},"excerpt":{"rendered":"<p>Por: Jos\u00e9 Antonio Alcaraz Su\u00e1rez Parado firme en la esquina de Mariano Arista y Miguel Hidalgo, justo frente a la Iglesia de San Francisco en Pachuca, bajo un sol que no perdona y apoyado en su bast\u00f3n met\u00e1lico, como si fuera un rifle, Don Cristino Morales L\u00f3pez desaf\u00eda no solo la edad\u2026 sino tambi\u00e9n al<\/p>\n","protected":false},"author":2,"featured_media":4762,"comment_status":"open","ping_status":"open","sticky":false,"template":"","format":"standard","meta":{"footnotes":""},"categories":[31,36,44],"tags":[133,239,65,240,120],"class_list":{"0":"post-4761","1":"post","2":"type-post","3":"status-publish","4":"format-standard","5":"has-post-thumbnail","7":"category-hidalgo","8":"category-historias","9":"category-minuto-a-minuto","10":"tag-historias-de-el-cardinal","11":"tag-historias-de-vida","12":"tag-pachuca","13":"tag-patrullero","14":"tag-policia"},"yoast_head":"<!-- This site is optimized with the Yoast SEO plugin v26.1.1 - https:\/\/yoast.com\/wordpress\/plugins\/seo\/ -->\n<title>Cristino, el viejo patrullero hidalguense y su lucha por la vida; quiere vivir 130 a\u00f1os - El Cardinal<\/title>\n<meta name=\"robots\" content=\"index, follow, max-snippet:-1, max-image-preview:large, max-video-preview:-1\" \/>\n<link rel=\"canonical\" href=\"https:\/\/elcardinal.com\/?p=4761\" \/>\n<meta property=\"og:locale\" content=\"es_MX\" \/>\n<meta property=\"og:type\" content=\"article\" \/>\n<meta property=\"og:title\" content=\"Cristino, el viejo patrullero hidalguense y su lucha por la vida; quiere vivir 130 a\u00f1os - El Cardinal\" \/>\n<meta property=\"og:description\" content=\"Por: Jos\u00e9 Antonio Alcaraz Su\u00e1rez Parado firme en la esquina de Mariano Arista y Miguel Hidalgo, justo frente a la Iglesia de San Francisco en Pachuca, bajo un sol que no perdona y apoyado en su bast\u00f3n met\u00e1lico, como si fuera un rifle, Don Cristino Morales L\u00f3pez desaf\u00eda no solo la edad\u2026 sino tambi\u00e9n al\" \/>\n<meta property=\"og:url\" content=\"https:\/\/elcardinal.com\/?p=4761\" \/>\n<meta property=\"og:site_name\" content=\"El Cardinal\" \/>\n<meta property=\"article:publisher\" content=\"https:\/\/www.facebook.com\/profile.php?id=100063093107011\" \/>\n<meta property=\"article:published_time\" content=\"2025-06-12T13:26:55+00:00\" \/>\n<meta property=\"og:image\" content=\"https:\/\/elcardinal.com\/wp-content\/uploads\/2025\/06\/WhatsApp-Image-2025-06-12-at-7.19.57-AM.jpeg\" \/>\n\t<meta property=\"og:image:width\" content=\"1599\" \/>\n\t<meta property=\"og:image:height\" content=\"1066\" \/>\n\t<meta property=\"og:image:type\" content=\"image\/jpeg\" \/>\n<meta name=\"author\" content=\"Antonio Alcaraz\" \/>\n<meta name=\"twitter:card\" content=\"summary_large_image\" \/>\n<meta name=\"twitter:creator\" content=\"@ElCardinal_Mx\" \/>\n<meta name=\"twitter:site\" content=\"@ElCardinal_Mx\" \/>\n<meta name=\"twitter:label1\" content=\"Escrito por\" \/>\n\t<meta name=\"twitter:data1\" content=\"Antonio Alcaraz\" \/>\n\t<meta name=\"twitter:label2\" content=\"Tiempo de lectura\" \/>\n\t<meta name=\"twitter:data2\" content=\"3 minutos\" \/>\n<script type=\"application\/ld+json\" class=\"yoast-schema-graph\">{\"@context\":\"https:\/\/schema.org\",\"@graph\":[{\"@type\":\"Article\",\"@id\":\"https:\/\/elcardinal.com\/?p=4761#article\",\"isPartOf\":{\"@id\":\"https:\/\/elcardinal.com\/?p=4761\"},\"author\":{\"name\":\"Antonio Alcaraz\",\"@id\":\"https:\/\/elcardinal.com\/#\/schema\/person\/3c352ec0a33987fe275c0e8a2ea69f8b\"},\"headline\":\"Cristino, el viejo patrullero hidalguense y su lucha por la vida; quiere vivir 130 a\u00f1os\",\"datePublished\":\"2025-06-12T13:26:55+00:00\",\"mainEntityOfPage\":{\"@id\":\"https:\/\/elcardinal.com\/?p=4761\"},\"wordCount\":570,\"commentCount\":0,\"publisher\":{\"@id\":\"https:\/\/elcardinal.com\/#organization\"},\"image\":{\"@id\":\"https:\/\/elcardinal.com\/?p=4761#primaryimage\"},\"thumbnailUrl\":\"https:\/\/elcardinal.com\/wp-content\/uploads\/2025\/06\/WhatsApp-Image-2025-06-12-at-7.19.57-AM.jpeg\",\"keywords\":[\"Historias De El Cardinal\",\"Historias de vida\",\"Pachuca\",\"Patrullero\",\"Policia\"],\"articleSection\":[\"Hidalgo\",\"Historias\",\"Minuto a Minuto\"],\"inLanguage\":\"es\",\"potentialAction\":[{\"@type\":\"CommentAction\",\"name\":\"Comment\",\"target\":[\"https:\/\/elcardinal.com\/?p=4761#respond\"]}]},{\"@type\":\"WebPage\",\"@id\":\"https:\/\/elcardinal.com\/?p=4761\",\"url\":\"https:\/\/elcardinal.com\/?p=4761\",\"name\":\"Cristino, el viejo patrullero hidalguense y su lucha por la vida; quiere vivir 130 a\u00f1os - El Cardinal\",\"isPartOf\":{\"@id\":\"https:\/\/elcardinal.com\/#website\"},\"primaryImageOfPage\":{\"@id\":\"https:\/\/elcardinal.com\/?p=4761#primaryimage\"},\"image\":{\"@id\":\"https:\/\/elcardinal.com\/?p=4761#primaryimage\"},\"thumbnailUrl\":\"https:\/\/elcardinal.com\/wp-content\/uploads\/2025\/06\/WhatsApp-Image-2025-06-12-at-7.19.57-AM.jpeg\",\"datePublished\":\"2025-06-12T13:26:55+00:00\",\"breadcrumb\":{\"@id\":\"https:\/\/elcardinal.com\/?p=4761#breadcrumb\"},\"inLanguage\":\"es\",\"potentialAction\":[{\"@type\":\"ReadAction\",\"target\":[\"https:\/\/elcardinal.com\/?p=4761\"]}]},{\"@type\":\"ImageObject\",\"inLanguage\":\"es\",\"@id\":\"https:\/\/elcardinal.com\/?p=4761#primaryimage\",\"url\":\"https:\/\/elcardinal.com\/wp-content\/uploads\/2025\/06\/WhatsApp-Image-2025-06-12-at-7.19.57-AM.jpeg\",\"contentUrl\":\"https:\/\/elcardinal.com\/wp-content\/uploads\/2025\/06\/WhatsApp-Image-2025-06-12-at-7.19.57-AM.jpeg\",\"width\":1599,\"height\":1066},{\"@type\":\"BreadcrumbList\",\"@id\":\"https:\/\/elcardinal.com\/?p=4761#breadcrumb\",\"itemListElement\":[{\"@type\":\"ListItem\",\"position\":1,\"name\":\"Inicio\",\"item\":\"https:\/\/elcardinal.com\/\"},{\"@type\":\"ListItem\",\"position\":2,\"name\":\"Cristino, el viejo patrullero hidalguense y su lucha por la vida; quiere vivir 130 a\u00f1os\"}]},{\"@type\":\"WebSite\",\"@id\":\"https:\/\/elcardinal.com\/#website\",\"url\":\"https:\/\/elcardinal.com\/\",\"name\":\"El Cardinal\",\"description\":\"Periodismo honesto, con valor, sentido humano, a veces sarc\u00e1stico y divertido.\",\"publisher\":{\"@id\":\"https:\/\/elcardinal.com\/#organization\"},\"alternateName\":\"El Cardinal Noticias\",\"potentialAction\":[{\"@type\":\"SearchAction\",\"target\":{\"@type\":\"EntryPoint\",\"urlTemplate\":\"https:\/\/elcardinal.com\/?s={search_term_string}\"},\"query-input\":{\"@type\":\"PropertyValueSpecification\",\"valueRequired\":true,\"valueName\":\"search_term_string\"}}],\"inLanguage\":\"es\"},{\"@type\":\"Organization\",\"@id\":\"https:\/\/elcardinal.com\/#organization\",\"name\":\"El Cardinal\",\"url\":\"https:\/\/elcardinal.com\/\",\"logo\":{\"@type\":\"ImageObject\",\"inLanguage\":\"es\",\"@id\":\"https:\/\/elcardinal.com\/#\/schema\/logo\/image\/\",\"url\":\"https:\/\/elcardinal.com\/wp-content\/uploads\/2025\/04\/LOGO-EL-CARDINAL-Periodismo-con-valor.png\",\"contentUrl\":\"https:\/\/elcardinal.com\/wp-content\/uploads\/2025\/04\/LOGO-EL-CARDINAL-Periodismo-con-valor.png\",\"width\":755,\"height\":636,\"caption\":\"El Cardinal\"},\"image\":{\"@id\":\"https:\/\/elcardinal.com\/#\/schema\/logo\/image\/\"},\"sameAs\":[\"https:\/\/www.facebook.com\/profile.php?id=100063093107011\",\"https:\/\/x.com\/ElCardinal_Mx\"]},{\"@type\":\"Person\",\"@id\":\"https:\/\/elcardinal.com\/#\/schema\/person\/3c352ec0a33987fe275c0e8a2ea69f8b\",\"name\":\"Antonio Alcaraz\",\"image\":{\"@type\":\"ImageObject\",\"inLanguage\":\"es\",\"@id\":\"https:\/\/elcardinal.com\/#\/schema\/person\/image\/\",\"url\":\"https:\/\/elcardinal.com\/wp-content\/uploads\/2025\/05\/cropped-TONO-96x96.jpg\",\"contentUrl\":\"https:\/\/elcardinal.com\/wp-content\/uploads\/2025\/05\/cropped-TONO-96x96.jpg\",\"caption\":\"Antonio Alcaraz\"},\"url\":\"https:\/\/elcardinal.com\/?author=2\"}]}<\/script>\n<!-- \/ Yoast SEO plugin. -->","yoast_head_json":{"title":"Cristino, el viejo patrullero hidalguense y su lucha por la vida; quiere vivir 130 a\u00f1os - El Cardinal","robots":{"index":"index","follow":"follow","max-snippet":"max-snippet:-1","max-image-preview":"max-image-preview:large","max-video-preview":"max-video-preview:-1"},"canonical":"https:\/\/elcardinal.com\/?p=4761","og_locale":"es_MX","og_type":"article","og_title":"Cristino, el viejo patrullero hidalguense y su lucha por la vida; quiere vivir 130 a\u00f1os - El Cardinal","og_description":"Por: Jos\u00e9 Antonio Alcaraz Su\u00e1rez Parado firme en la esquina de Mariano Arista y Miguel Hidalgo, justo frente a la Iglesia de San Francisco en Pachuca, bajo un sol que no perdona y apoyado en su bast\u00f3n met\u00e1lico, como si fuera un rifle, Don Cristino Morales L\u00f3pez desaf\u00eda no solo la edad\u2026 sino tambi\u00e9n al","og_url":"https:\/\/elcardinal.com\/?p=4761","og_site_name":"El Cardinal","article_publisher":"https:\/\/www.facebook.com\/profile.php?id=100063093107011","article_published_time":"2025-06-12T13:26:55+00:00","og_image":[{"width":1599,"height":1066,"url":"https:\/\/elcardinal.com\/wp-content\/uploads\/2025\/06\/WhatsApp-Image-2025-06-12-at-7.19.57-AM.jpeg","type":"image\/jpeg"}],"author":"Antonio Alcaraz","twitter_card":"summary_large_image","twitter_creator":"@ElCardinal_Mx","twitter_site":"@ElCardinal_Mx","twitter_misc":{"Escrito por":"Antonio Alcaraz","Tiempo de lectura":"3 minutos"},"schema":{"@context":"https:\/\/schema.org","@graph":[{"@type":"Article","@id":"https:\/\/elcardinal.com\/?p=4761#article","isPartOf":{"@id":"https:\/\/elcardinal.com\/?p=4761"},"author":{"name":"Antonio Alcaraz","@id":"https:\/\/elcardinal.com\/#\/schema\/person\/3c352ec0a33987fe275c0e8a2ea69f8b"},"headline":"Cristino, el viejo patrullero hidalguense y su lucha por la vida; quiere vivir 130 a\u00f1os","datePublished":"2025-06-12T13:26:55+00:00","mainEntityOfPage":{"@id":"https:\/\/elcardinal.com\/?p=4761"},"wordCount":570,"commentCount":0,"publisher":{"@id":"https:\/\/elcardinal.com\/#organization"},"image":{"@id":"https:\/\/elcardinal.com\/?p=4761#primaryimage"},"thumbnailUrl":"https:\/\/elcardinal.com\/wp-content\/uploads\/2025\/06\/WhatsApp-Image-2025-06-12-at-7.19.57-AM.jpeg","keywords":["Historias De El Cardinal","Historias de vida","Pachuca","Patrullero","Policia"],"articleSection":["Hidalgo","Historias","Minuto a Minuto"],"inLanguage":"es","potentialAction":[{"@type":"CommentAction","name":"Comment","target":["https:\/\/elcardinal.com\/?p=4761#respond"]}]},{"@type":"WebPage","@id":"https:\/\/elcardinal.com\/?p=4761","url":"https:\/\/elcardinal.com\/?p=4761","name":"Cristino, el viejo patrullero hidalguense y su lucha por la vida; quiere vivir 130 a\u00f1os - El Cardinal","isPartOf":{"@id":"https:\/\/elcardinal.com\/#website"},"primaryImageOfPage":{"@id":"https:\/\/elcardinal.com\/?p=4761#primaryimage"},"image":{"@id":"https:\/\/elcardinal.com\/?p=4761#primaryimage"},"thumbnailUrl":"https:\/\/elcardinal.com\/wp-content\/uploads\/2025\/06\/WhatsApp-Image-2025-06-12-at-7.19.57-AM.jpeg","datePublished":"2025-06-12T13:26:55+00:00","breadcrumb":{"@id":"https:\/\/elcardinal.com\/?p=4761#breadcrumb"},"inLanguage":"es","potentialAction":[{"@type":"ReadAction","target":["https:\/\/elcardinal.com\/?p=4761"]}]},{"@type":"ImageObject","inLanguage":"es","@id":"https:\/\/elcardinal.com\/?p=4761#primaryimage","url":"https:\/\/elcardinal.com\/wp-content\/uploads\/2025\/06\/WhatsApp-Image-2025-06-12-at-7.19.57-AM.jpeg","contentUrl":"https:\/\/elcardinal.com\/wp-content\/uploads\/2025\/06\/WhatsApp-Image-2025-06-12-at-7.19.57-AM.jpeg","width":1599,"height":1066},{"@type":"BreadcrumbList","@id":"https:\/\/elcardinal.com\/?p=4761#breadcrumb","itemListElement":[{"@type":"ListItem","position":1,"name":"Inicio","item":"https:\/\/elcardinal.com\/"},{"@type":"ListItem","position":2,"name":"Cristino, el viejo patrullero hidalguense y su lucha por la vida; quiere vivir 130 a\u00f1os"}]},{"@type":"WebSite","@id":"https:\/\/elcardinal.com\/#website","url":"https:\/\/elcardinal.com\/","name":"El Cardinal","description":"Periodismo honesto, con valor, sentido humano, a veces sarc\u00e1stico y divertido.","publisher":{"@id":"https:\/\/elcardinal.com\/#organization"},"alternateName":"El Cardinal Noticias","potentialAction":[{"@type":"SearchAction","target":{"@type":"EntryPoint","urlTemplate":"https:\/\/elcardinal.com\/?s={search_term_string}"},"query-input":{"@type":"PropertyValueSpecification","valueRequired":true,"valueName":"search_term_string"}}],"inLanguage":"es"},{"@type":"Organization","@id":"https:\/\/elcardinal.com\/#organization","name":"El Cardinal","url":"https:\/\/elcardinal.com\/","logo":{"@type":"ImageObject","inLanguage":"es","@id":"https:\/\/elcardinal.com\/#\/schema\/logo\/image\/","url":"https:\/\/elcardinal.com\/wp-content\/uploads\/2025\/04\/LOGO-EL-CARDINAL-Periodismo-con-valor.png","contentUrl":"https:\/\/elcardinal.com\/wp-content\/uploads\/2025\/04\/LOGO-EL-CARDINAL-Periodismo-con-valor.png","width":755,"height":636,"caption":"El Cardinal"},"image":{"@id":"https:\/\/elcardinal.com\/#\/schema\/logo\/image\/"},"sameAs":["https:\/\/www.facebook.com\/profile.php?id=100063093107011","https:\/\/x.com\/ElCardinal_Mx"]},{"@type":"Person","@id":"https:\/\/elcardinal.com\/#\/schema\/person\/3c352ec0a33987fe275c0e8a2ea69f8b","name":"Antonio Alcaraz","image":{"@type":"ImageObject","inLanguage":"es","@id":"https:\/\/elcardinal.com\/#\/schema\/person\/image\/","url":"https:\/\/elcardinal.com\/wp-content\/uploads\/2025\/05\/cropped-TONO-96x96.jpg","contentUrl":"https:\/\/elcardinal.com\/wp-content\/uploads\/2025\/05\/cropped-TONO-96x96.jpg","caption":"Antonio Alcaraz"},"url":"https:\/\/elcardinal.com\/?author=2"}]}},"_links":{"self":[{"href":"https:\/\/elcardinal.com\/index.php?rest_route=\/wp\/v2\/posts\/4761","targetHints":{"allow":["GET"]}}],"collection":[{"href":"https:\/\/elcardinal.com\/index.php?rest_route=\/wp\/v2\/posts"}],"about":[{"href":"https:\/\/elcardinal.com\/index.php?rest_route=\/wp\/v2\/types\/post"}],"author":[{"embeddable":true,"href":"https:\/\/elcardinal.com\/index.php?rest_route=\/wp\/v2\/users\/2"}],"replies":[{"embeddable":true,"href":"https:\/\/elcardinal.com\/index.php?rest_route=%2Fwp%2Fv2%2Fcomments&post=4761"}],"version-history":[{"count":1,"href":"https:\/\/elcardinal.com\/index.php?rest_route=\/wp\/v2\/posts\/4761\/revisions"}],"predecessor-version":[{"id":4766,"href":"https:\/\/elcardinal.com\/index.php?rest_route=\/wp\/v2\/posts\/4761\/revisions\/4766"}],"wp:featuredmedia":[{"embeddable":true,"href":"https:\/\/elcardinal.com\/index.php?rest_route=\/wp\/v2\/media\/4762"}],"wp:attachment":[{"href":"https:\/\/elcardinal.com\/index.php?rest_route=%2Fwp%2Fv2%2Fmedia&parent=4761"}],"wp:term":[{"taxonomy":"category","embeddable":true,"href":"https:\/\/elcardinal.com\/index.php?rest_route=%2Fwp%2Fv2%2Fcategories&post=4761"},{"taxonomy":"post_tag","embeddable":true,"href":"https:\/\/elcardinal.com\/index.php?rest_route=%2Fwp%2Fv2%2Ftags&post=4761"}],"curies":[{"name":"wp","href":"https:\/\/api.w.org\/{rel}","templated":true}]}}