{"id":4768,"date":"2025-06-12T12:46:22","date_gmt":"2025-06-12T18:46:22","guid":{"rendered":"https:\/\/elcardinal.com\/?p=4768"},"modified":"2025-06-12T12:46:22","modified_gmt":"2025-06-12T18:46:22","slug":"pide-tania-meza-destinar-mas-recursos-economicos-y-materiales-para-erradicar-trabajo-infantil","status":"publish","type":"post","link":"https:\/\/elcardinal.com\/?p=4768","title":{"rendered":"Pide Tania Meza destinar m\u00e1s recursos econ\u00f3micos y materiales para erradicar trabajo infantil"},"content":{"rendered":"<p style=\"text-align: left;\">Redacci\u00f3n<\/p>\n<p>En el D\u00eda Internacional contra el Trabajo Infantil, la diputada Tania Meza Escorza coment\u00f3 que es impostergable que se destinen recursos econ\u00f3micos y materiales, as\u00ed como que se establezcan pol\u00edticas p\u00fablicas contundentes para garantizar todos los derechos de las ni\u00f1eces.<\/p>\n<p>La morenista declar\u00f3 que el llamado trabajo infantil es una de las violencias m\u00e1s lacerantes en contra de dicho sector y que el Estado debe tener como prioridad ineludible atenderlo.<br \/>\n\u201cMientras exista una ni\u00f1a o un ni\u00f1o trabajando en lugar de estar estudiando o jugando, no podemos hablar ni de estado de derecho, ni de estado de bienestar real\u201d, expres\u00f3.<\/p>\n<p>En ese sentido, detall\u00f3 que llamarlo \u201ctrabajo infantil\u201d es un eufemismo pues \u201ccualquier ni\u00f1o o ni\u00f1a que est\u00e9 \u2018trabajando\u2019 realmente est\u00e1 bajo una condici\u00f3n de explotaci\u00f3n o de esclavitud\u201d.<\/p>\n<p>Debido a que, continu\u00f3, no se puede considerar que una persona menor de edad goce de derechos y prestaciones como una persona adulta trabajadora porque, por ley, tendr\u00eda que estar dada de alta ante la seguridad social, pero esto no ser\u00eda posible ya que evidenciar\u00eda la ilegalidad de tal situaci\u00f3n.<\/p>\n<p>\u201cEn el D\u00eda contra el llamado Trabajo Infantil alzamos la voz para denunciar la explotaci\u00f3n que contin\u00faan enfrentando muchas ni\u00f1as y ni\u00f1os en Hidalgo y en nuestro pa\u00eds, en manos de personas sin escr\u00fapulos que les utilizan para sacar provecho econ\u00f3mico o f\u00edsico\u201d, puntualiz\u00f3 Meza.<\/p>\n<p>De acuerdo con la Organizaci\u00f3n de las Naciones Unidas (ONU), este 2025, el d\u00eda se centra en un acontecimiento clave: la publicaci\u00f3n de las estimaciones y tendencias mundiales del trabajo infantil de 2025.<\/p>\n<p>Este informe conjunto de la Organizaci\u00f3n Internacional del Trabajo (OIT) y el Fondo de las Naciones Unidas para la Infancia (UNICEF) ofrece una visi\u00f3n general del progreso de los compromisos mundiales para erradicar el trabajo infantil y sirve para orientar los debates pol\u00edticos y los llamamientos a renovar el compromiso y la inversi\u00f3n.<\/p>\n<p>Desde el a\u00f1o 2000, el trabajo infantil se ha reducido casi a la mitad: de 246 millones a 138 millones en 2024. La ONU asegura que, seg\u00fan las estimaciones, la agricultura a\u00fan es el mayor sector de trabajo infantil, con el 61% de todos los casos.<\/p>\n<p>Seguido de los servicios (27%), como el trabajo dom\u00e9stico y la venta de productos en los mercados, y la industria (13%), incluidas la miner\u00eda y la fabricaci\u00f3n. Am\u00e9rica Latina y el Caribe lograron una reducci\u00f3n relativa del 8% en la prevalencia y una disminuci\u00f3n del 11% en el n\u00famero total de ni\u00f1as y ni\u00f1os en situaci\u00f3n de trabajo infantil.<\/p>\n","protected":false},"excerpt":{"rendered":"<p>Redacci\u00f3n En el D\u00eda Internacional contra el Trabajo Infantil, la diputada Tania Meza Escorza coment\u00f3 que es impostergable que se destinen recursos econ\u00f3micos y materiales, as\u00ed como que se establezcan pol\u00edticas p\u00fablicas contundentes para garantizar todos los derechos de las ni\u00f1eces. La morenista declar\u00f3 que el llamado trabajo infantil es una de las violencias m\u00e1s<\/p>\n","protected":false},"author":2,"featured_media":4769,"comment_status":"open","ping_status":"open","sticky":false,"template":"","format":"standard","meta":{"footnotes":""},"categories":[31,44,39],"tags":[62],"class_list":{"0":"post-4768","1":"post","2":"type-post","3":"status-publish","4":"format-standard","5":"has-post-thumbnail","7":"category-hidalgo","8":"category-minuto-a-minuto","9":"category-politica","10":"tag-congreso-de-hidalgo"},"yoast_head":"<!-- This site is optimized with the Yoast SEO plugin v26.1.1 - https:\/\/yoast.com\/wordpress\/plugins\/seo\/ -->\n<title>Pide Tania Meza destinar m\u00e1s recursos econ\u00f3micos y materiales para erradicar trabajo infantil - El Cardinal<\/title>\n<meta name=\"robots\" content=\"index, follow, max-snippet:-1, max-image-preview:large, max-video-preview:-1\" \/>\n<link rel=\"canonical\" href=\"https:\/\/elcardinal.com\/?p=4768\" \/>\n<meta property=\"og:locale\" content=\"es_MX\" \/>\n<meta property=\"og:type\" content=\"article\" \/>\n<meta property=\"og:title\" content=\"Pide Tania Meza destinar m\u00e1s recursos econ\u00f3micos y materiales para erradicar trabajo infantil - El Cardinal\" \/>\n<meta property=\"og:description\" content=\"Redacci\u00f3n En el D\u00eda Internacional contra el Trabajo Infantil, la diputada Tania Meza Escorza coment\u00f3 que es impostergable que se destinen recursos econ\u00f3micos y materiales, as\u00ed como que se establezcan pol\u00edticas p\u00fablicas contundentes para garantizar todos los derechos de las ni\u00f1eces. La morenista declar\u00f3 que el llamado trabajo infantil es una de las violencias m\u00e1s\" \/>\n<meta property=\"og:url\" content=\"https:\/\/elcardinal.com\/?p=4768\" \/>\n<meta property=\"og:site_name\" content=\"El Cardinal\" \/>\n<meta property=\"article:publisher\" content=\"https:\/\/www.facebook.com\/profile.php?id=100063093107011\" \/>\n<meta property=\"article:published_time\" content=\"2025-06-12T18:46:22+00:00\" \/>\n<meta property=\"og:image\" content=\"https:\/\/elcardinal.com\/wp-content\/uploads\/2025\/06\/IMG-20250612-WA0075.jpg\" \/>\n\t<meta property=\"og:image:width\" content=\"1280\" \/>\n\t<meta property=\"og:image:height\" content=\"1246\" \/>\n\t<meta property=\"og:image:type\" content=\"image\/jpeg\" \/>\n<meta name=\"author\" content=\"Antonio Alcaraz\" \/>\n<meta name=\"twitter:card\" content=\"summary_large_image\" \/>\n<meta name=\"twitter:creator\" content=\"@ElCardinal_Mx\" \/>\n<meta name=\"twitter:site\" content=\"@ElCardinal_Mx\" \/>\n<meta name=\"twitter:label1\" content=\"Escrito por\" \/>\n\t<meta name=\"twitter:data1\" content=\"Antonio Alcaraz\" \/>\n\t<meta name=\"twitter:label2\" content=\"Tiempo de lectura\" \/>\n\t<meta name=\"twitter:data2\" content=\"3 minutos\" \/>\n<script type=\"application\/ld+json\" class=\"yoast-schema-graph\">{\"@context\":\"https:\/\/schema.org\",\"@graph\":[{\"@type\":\"Article\",\"@id\":\"https:\/\/elcardinal.com\/?p=4768#article\",\"isPartOf\":{\"@id\":\"https:\/\/elcardinal.com\/?p=4768\"},\"author\":{\"name\":\"Antonio Alcaraz\",\"@id\":\"https:\/\/elcardinal.com\/#\/schema\/person\/3c352ec0a33987fe275c0e8a2ea69f8b\"},\"headline\":\"Pide Tania Meza destinar m\u00e1s recursos econ\u00f3micos y materiales para erradicar trabajo infantil\",\"datePublished\":\"2025-06-12T18:46:22+00:00\",\"mainEntityOfPage\":{\"@id\":\"https:\/\/elcardinal.com\/?p=4768\"},\"wordCount\":466,\"commentCount\":0,\"publisher\":{\"@id\":\"https:\/\/elcardinal.com\/#organization\"},\"image\":{\"@id\":\"https:\/\/elcardinal.com\/?p=4768#primaryimage\"},\"thumbnailUrl\":\"https:\/\/elcardinal.com\/wp-content\/uploads\/2025\/06\/IMG-20250612-WA0075.jpg\",\"keywords\":[\"Congreso de Hidalgo\"],\"articleSection\":[\"Hidalgo\",\"Minuto a Minuto\",\"Pol\u00edtica\"],\"inLanguage\":\"es\",\"potentialAction\":[{\"@type\":\"CommentAction\",\"name\":\"Comment\",\"target\":[\"https:\/\/elcardinal.com\/?p=4768#respond\"]}]},{\"@type\":\"WebPage\",\"@id\":\"https:\/\/elcardinal.com\/?p=4768\",\"url\":\"https:\/\/elcardinal.com\/?p=4768\",\"name\":\"Pide Tania Meza destinar m\u00e1s recursos econ\u00f3micos y materiales para erradicar trabajo infantil - El Cardinal\",\"isPartOf\":{\"@id\":\"https:\/\/elcardinal.com\/#website\"},\"primaryImageOfPage\":{\"@id\":\"https:\/\/elcardinal.com\/?p=4768#primaryimage\"},\"image\":{\"@id\":\"https:\/\/elcardinal.com\/?p=4768#primaryimage\"},\"thumbnailUrl\":\"https:\/\/elcardinal.com\/wp-content\/uploads\/2025\/06\/IMG-20250612-WA0075.jpg\",\"datePublished\":\"2025-06-12T18:46:22+00:00\",\"breadcrumb\":{\"@id\":\"https:\/\/elcardinal.com\/?p=4768#breadcrumb\"},\"inLanguage\":\"es\",\"potentialAction\":[{\"@type\":\"ReadAction\",\"target\":[\"https:\/\/elcardinal.com\/?p=4768\"]}]},{\"@type\":\"ImageObject\",\"inLanguage\":\"es\",\"@id\":\"https:\/\/elcardinal.com\/?p=4768#primaryimage\",\"url\":\"https:\/\/elcardinal.com\/wp-content\/uploads\/2025\/06\/IMG-20250612-WA0075.jpg\",\"contentUrl\":\"https:\/\/elcardinal.com\/wp-content\/uploads\/2025\/06\/IMG-20250612-WA0075.jpg\",\"width\":1280,\"height\":1246},{\"@type\":\"BreadcrumbList\",\"@id\":\"https:\/\/elcardinal.com\/?p=4768#breadcrumb\",\"itemListElement\":[{\"@type\":\"ListItem\",\"position\":1,\"name\":\"Inicio\",\"item\":\"https:\/\/elcardinal.com\/\"},{\"@type\":\"ListItem\",\"position\":2,\"name\":\"Pide Tania Meza destinar m\u00e1s recursos econ\u00f3micos y materiales para erradicar trabajo infantil\"}]},{\"@type\":\"WebSite\",\"@id\":\"https:\/\/elcardinal.com\/#website\",\"url\":\"https:\/\/elcardinal.com\/\",\"name\":\"El Cardinal\",\"description\":\"Periodismo honesto, con valor, sentido humano, a veces sarc\u00e1stico y divertido.\",\"publisher\":{\"@id\":\"https:\/\/elcardinal.com\/#organization\"},\"alternateName\":\"El Cardinal Noticias\",\"potentialAction\":[{\"@type\":\"SearchAction\",\"target\":{\"@type\":\"EntryPoint\",\"urlTemplate\":\"https:\/\/elcardinal.com\/?s={search_term_string}\"},\"query-input\":{\"@type\":\"PropertyValueSpecification\",\"valueRequired\":true,\"valueName\":\"search_term_string\"}}],\"inLanguage\":\"es\"},{\"@type\":\"Organization\",\"@id\":\"https:\/\/elcardinal.com\/#organization\",\"name\":\"El Cardinal\",\"url\":\"https:\/\/elcardinal.com\/\",\"logo\":{\"@type\":\"ImageObject\",\"inLanguage\":\"es\",\"@id\":\"https:\/\/elcardinal.com\/#\/schema\/logo\/image\/\",\"url\":\"https:\/\/elcardinal.com\/wp-content\/uploads\/2025\/04\/LOGO-EL-CARDINAL-Periodismo-con-valor.png\",\"contentUrl\":\"https:\/\/elcardinal.com\/wp-content\/uploads\/2025\/04\/LOGO-EL-CARDINAL-Periodismo-con-valor.png\",\"width\":755,\"height\":636,\"caption\":\"El Cardinal\"},\"image\":{\"@id\":\"https:\/\/elcardinal.com\/#\/schema\/logo\/image\/\"},\"sameAs\":[\"https:\/\/www.facebook.com\/profile.php?id=100063093107011\",\"https:\/\/x.com\/ElCardinal_Mx\"]},{\"@type\":\"Person\",\"@id\":\"https:\/\/elcardinal.com\/#\/schema\/person\/3c352ec0a33987fe275c0e8a2ea69f8b\",\"name\":\"Antonio Alcaraz\",\"image\":{\"@type\":\"ImageObject\",\"inLanguage\":\"es\",\"@id\":\"https:\/\/elcardinal.com\/#\/schema\/person\/image\/\",\"url\":\"https:\/\/elcardinal.com\/wp-content\/uploads\/2025\/05\/cropped-TONO-96x96.jpg\",\"contentUrl\":\"https:\/\/elcardinal.com\/wp-content\/uploads\/2025\/05\/cropped-TONO-96x96.jpg\",\"caption\":\"Antonio Alcaraz\"},\"url\":\"https:\/\/elcardinal.com\/?author=2\"}]}<\/script>\n<!-- \/ Yoast SEO plugin. -->","yoast_head_json":{"title":"Pide Tania Meza destinar m\u00e1s recursos econ\u00f3micos y materiales para erradicar trabajo infantil - El Cardinal","robots":{"index":"index","follow":"follow","max-snippet":"max-snippet:-1","max-image-preview":"max-image-preview:large","max-video-preview":"max-video-preview:-1"},"canonical":"https:\/\/elcardinal.com\/?p=4768","og_locale":"es_MX","og_type":"article","og_title":"Pide Tania Meza destinar m\u00e1s recursos econ\u00f3micos y materiales para erradicar trabajo infantil - El Cardinal","og_description":"Redacci\u00f3n En el D\u00eda Internacional contra el Trabajo Infantil, la diputada Tania Meza Escorza coment\u00f3 que es impostergable que se destinen recursos econ\u00f3micos y materiales, as\u00ed como que se establezcan pol\u00edticas p\u00fablicas contundentes para garantizar todos los derechos de las ni\u00f1eces. La morenista declar\u00f3 que el llamado trabajo infantil es una de las violencias m\u00e1s","og_url":"https:\/\/elcardinal.com\/?p=4768","og_site_name":"El Cardinal","article_publisher":"https:\/\/www.facebook.com\/profile.php?id=100063093107011","article_published_time":"2025-06-12T18:46:22+00:00","og_image":[{"width":1280,"height":1246,"url":"https:\/\/elcardinal.com\/wp-content\/uploads\/2025\/06\/IMG-20250612-WA0075.jpg","type":"image\/jpeg"}],"author":"Antonio Alcaraz","twitter_card":"summary_large_image","twitter_creator":"@ElCardinal_Mx","twitter_site":"@ElCardinal_Mx","twitter_misc":{"Escrito por":"Antonio Alcaraz","Tiempo de lectura":"3 minutos"},"schema":{"@context":"https:\/\/schema.org","@graph":[{"@type":"Article","@id":"https:\/\/elcardinal.com\/?p=4768#article","isPartOf":{"@id":"https:\/\/elcardinal.com\/?p=4768"},"author":{"name":"Antonio Alcaraz","@id":"https:\/\/elcardinal.com\/#\/schema\/person\/3c352ec0a33987fe275c0e8a2ea69f8b"},"headline":"Pide Tania Meza destinar m\u00e1s recursos econ\u00f3micos y materiales para erradicar trabajo infantil","datePublished":"2025-06-12T18:46:22+00:00","mainEntityOfPage":{"@id":"https:\/\/elcardinal.com\/?p=4768"},"wordCount":466,"commentCount":0,"publisher":{"@id":"https:\/\/elcardinal.com\/#organization"},"image":{"@id":"https:\/\/elcardinal.com\/?p=4768#primaryimage"},"thumbnailUrl":"https:\/\/elcardinal.com\/wp-content\/uploads\/2025\/06\/IMG-20250612-WA0075.jpg","keywords":["Congreso de Hidalgo"],"articleSection":["Hidalgo","Minuto a Minuto","Pol\u00edtica"],"inLanguage":"es","potentialAction":[{"@type":"CommentAction","name":"Comment","target":["https:\/\/elcardinal.com\/?p=4768#respond"]}]},{"@type":"WebPage","@id":"https:\/\/elcardinal.com\/?p=4768","url":"https:\/\/elcardinal.com\/?p=4768","name":"Pide Tania Meza destinar m\u00e1s recursos econ\u00f3micos y materiales para erradicar trabajo infantil - El Cardinal","isPartOf":{"@id":"https:\/\/elcardinal.com\/#website"},"primaryImageOfPage":{"@id":"https:\/\/elcardinal.com\/?p=4768#primaryimage"},"image":{"@id":"https:\/\/elcardinal.com\/?p=4768#primaryimage"},"thumbnailUrl":"https:\/\/elcardinal.com\/wp-content\/uploads\/2025\/06\/IMG-20250612-WA0075.jpg","datePublished":"2025-06-12T18:46:22+00:00","breadcrumb":{"@id":"https:\/\/elcardinal.com\/?p=4768#breadcrumb"},"inLanguage":"es","potentialAction":[{"@type":"ReadAction","target":["https:\/\/elcardinal.com\/?p=4768"]}]},{"@type":"ImageObject","inLanguage":"es","@id":"https:\/\/elcardinal.com\/?p=4768#primaryimage","url":"https:\/\/elcardinal.com\/wp-content\/uploads\/2025\/06\/IMG-20250612-WA0075.jpg","contentUrl":"https:\/\/elcardinal.com\/wp-content\/uploads\/2025\/06\/IMG-20250612-WA0075.jpg","width":1280,"height":1246},{"@type":"BreadcrumbList","@id":"https:\/\/elcardinal.com\/?p=4768#breadcrumb","itemListElement":[{"@type":"ListItem","position":1,"name":"Inicio","item":"https:\/\/elcardinal.com\/"},{"@type":"ListItem","position":2,"name":"Pide Tania Meza destinar m\u00e1s recursos econ\u00f3micos y materiales para erradicar trabajo infantil"}]},{"@type":"WebSite","@id":"https:\/\/elcardinal.com\/#website","url":"https:\/\/elcardinal.com\/","name":"El Cardinal","description":"Periodismo honesto, con valor, sentido humano, a veces sarc\u00e1stico y divertido.","publisher":{"@id":"https:\/\/elcardinal.com\/#organization"},"alternateName":"El Cardinal Noticias","potentialAction":[{"@type":"SearchAction","target":{"@type":"EntryPoint","urlTemplate":"https:\/\/elcardinal.com\/?s={search_term_string}"},"query-input":{"@type":"PropertyValueSpecification","valueRequired":true,"valueName":"search_term_string"}}],"inLanguage":"es"},{"@type":"Organization","@id":"https:\/\/elcardinal.com\/#organization","name":"El Cardinal","url":"https:\/\/elcardinal.com\/","logo":{"@type":"ImageObject","inLanguage":"es","@id":"https:\/\/elcardinal.com\/#\/schema\/logo\/image\/","url":"https:\/\/elcardinal.com\/wp-content\/uploads\/2025\/04\/LOGO-EL-CARDINAL-Periodismo-con-valor.png","contentUrl":"https:\/\/elcardinal.com\/wp-content\/uploads\/2025\/04\/LOGO-EL-CARDINAL-Periodismo-con-valor.png","width":755,"height":636,"caption":"El Cardinal"},"image":{"@id":"https:\/\/elcardinal.com\/#\/schema\/logo\/image\/"},"sameAs":["https:\/\/www.facebook.com\/profile.php?id=100063093107011","https:\/\/x.com\/ElCardinal_Mx"]},{"@type":"Person","@id":"https:\/\/elcardinal.com\/#\/schema\/person\/3c352ec0a33987fe275c0e8a2ea69f8b","name":"Antonio Alcaraz","image":{"@type":"ImageObject","inLanguage":"es","@id":"https:\/\/elcardinal.com\/#\/schema\/person\/image\/","url":"https:\/\/elcardinal.com\/wp-content\/uploads\/2025\/05\/cropped-TONO-96x96.jpg","contentUrl":"https:\/\/elcardinal.com\/wp-content\/uploads\/2025\/05\/cropped-TONO-96x96.jpg","caption":"Antonio Alcaraz"},"url":"https:\/\/elcardinal.com\/?author=2"}]}},"_links":{"self":[{"href":"https:\/\/elcardinal.com\/index.php?rest_route=\/wp\/v2\/posts\/4768","targetHints":{"allow":["GET"]}}],"collection":[{"href":"https:\/\/elcardinal.com\/index.php?rest_route=\/wp\/v2\/posts"}],"about":[{"href":"https:\/\/elcardinal.com\/index.php?rest_route=\/wp\/v2\/types\/post"}],"author":[{"embeddable":true,"href":"https:\/\/elcardinal.com\/index.php?rest_route=\/wp\/v2\/users\/2"}],"replies":[{"embeddable":true,"href":"https:\/\/elcardinal.com\/index.php?rest_route=%2Fwp%2Fv2%2Fcomments&post=4768"}],"version-history":[{"count":1,"href":"https:\/\/elcardinal.com\/index.php?rest_route=\/wp\/v2\/posts\/4768\/revisions"}],"predecessor-version":[{"id":4770,"href":"https:\/\/elcardinal.com\/index.php?rest_route=\/wp\/v2\/posts\/4768\/revisions\/4770"}],"wp:featuredmedia":[{"embeddable":true,"href":"https:\/\/elcardinal.com\/index.php?rest_route=\/wp\/v2\/media\/4769"}],"wp:attachment":[{"href":"https:\/\/elcardinal.com\/index.php?rest_route=%2Fwp%2Fv2%2Fmedia&parent=4768"}],"wp:term":[{"taxonomy":"category","embeddable":true,"href":"https:\/\/elcardinal.com\/index.php?rest_route=%2Fwp%2Fv2%2Fcategories&post=4768"},{"taxonomy":"post_tag","embeddable":true,"href":"https:\/\/elcardinal.com\/index.php?rest_route=%2Fwp%2Fv2%2Ftags&post=4768"}],"curies":[{"name":"wp","href":"https:\/\/api.w.org\/{rel}","templated":true}]}}