{"id":4774,"date":"2025-06-13T17:08:46","date_gmt":"2025-06-13T23:08:46","guid":{"rendered":"https:\/\/elcardinal.com\/?p=4774"},"modified":"2025-06-13T17:08:46","modified_gmt":"2025-06-13T23:08:46","slug":"salud-becas-y-pension-para-mujeres-sheinbaum-detalla-nuevos-programas-desde-hidalgo","status":"publish","type":"post","link":"https:\/\/elcardinal.com\/?p=4774","title":{"rendered":"Salud, becas y pensi\u00f3n para mujeres: Sheinbaum detalla nuevos programas desde Hidalgo"},"content":{"rendered":"<p data-start=\"0\" data-end=\"123\">Por: <strong>Jos\u00e9 Antonio Alcaraz Su\u00e1rez\u00a0<\/strong><\/p>\n<p data-start=\"125\" data-end=\"434\">Tulancingo, Hgo., junio 2025 \u2013 En su visita al Hospital General de Tulancingo, la presidenta de M\u00e9xico, <strong>Claudia Sheinbaum<\/strong>, reafirm\u00f3 su compromiso con la consolidaci\u00f3n del sistema de salud universal y gratuito, a trav\u00e9s del programa IMSS-Bienestar, impulsado durante el gobierno de <strong>Andr\u00e9s Manuel L\u00f3pez Obrador<\/strong>.<\/p>\n<blockquote>\n<p data-start=\"436\" data-end=\"724\"><em data-start=\"440\" data-end=\"545\">\u201cNo nos quedamos en oficina, venimos a territorio para escuchar al pueblo y resolver lo que hace falta\u201d<\/em>, expres\u00f3 la mandataria, al destacar que a\u00fan existen retos para garantizar servicios de salud completos, como la reparaci\u00f3n del tom\u00f3grafo y la contrataci\u00f3n de m\u00e1s personal m\u00e9dico.<\/p>\n<\/blockquote>\n<p data-start=\"726\" data-end=\"1016\">Anunci\u00f3 el fortalecimiento del nuevo programa <strong><em data-start=\"775\" data-end=\"798\">&#8220;Salud Casa por Casa&#8221;<\/em>,<\/strong> que contar\u00e1 con 20 mil profesionales de la salud que visitar\u00e1n mensualmente a personas adultas mayores y con discapacidad en todo el pa\u00eds, con acceso a <em data-start=\"952\" data-end=\"977\">farmacias del bienestar<\/em> y atenci\u00f3n m\u00e9dica preventiva gratuita.<\/p>\n<p data-start=\"1018\" data-end=\"1339\">\ud83d\udc75 Adem\u00e1s, Sheinbaum detall\u00f3 tres nuevos programas sociales:<br \/>\n1\ufe0f\u20e3 <em data-start=\"1083\" data-end=\"1110\">Pensi\u00f3n Mujeres Bienestar<\/em> para mujeres de 60 a 64 a\u00f1os.<br \/>\n2\ufe0f\u20e3 <em data-start=\"1145\" data-end=\"1161\">Beca universal<\/em> para ni\u00f1as, ni\u00f1os y j\u00f3venes de preescolar a secundaria en escuelas p\u00fablicas.<br \/>\n3\ufe0f\u20e3 <em data-start=\"1243\" data-end=\"1264\">Salud Casa por Casa<\/em>, con atenci\u00f3n directa en los hogares y entrega de medicamentos esenciales.<\/p>\n<blockquote>\n<p data-start=\"1341\" data-end=\"1451\"><em data-start=\"1344\" data-end=\"1440\">\u201cLas becas y pensiones ya no son apoyos, son derechos del pueblo, escritos en la Constituci\u00f3n\u201d<\/em>, enfatiz\u00f3.<\/p>\n<\/blockquote>\n<p data-start=\"1453\" data-end=\"1648\">En materia de infraestructura, confirm\u00f3 la construcci\u00f3n del <em data-start=\"1516\" data-end=\"1537\">Tren M\u00e9xico\u2013Pachuca<\/em> y un segundo tren con paso por Tula, adem\u00e1s del saneamiento ambiental de este municipio altamente contaminado.<\/p>\n<p data-start=\"1650\" data-end=\"1898\">Finalmente, celebr\u00f3 la reciente elecci\u00f3n del nuevo presidente de la Suprema Corte, un abogado ind\u00edgena mixteco, como muestra de la <em data-start=\"1784\" data-end=\"1807\">Cuarta Transformaci\u00f3n<\/em>, un gobierno con principios que, dijo, <em data-start=\"1847\" data-end=\"1897\">\u201cno miente, no roba y nunca traiciona al pueblo\u201d<\/em>.<\/p>\n<p data-start=\"1900\" data-end=\"1997\" data-is-last-node=\"\" data-is-only-node=\"\">\ud83c\uddf2\ud83c\uddfd <em data-start=\"1905\" data-end=\"1986\">\u201cPor el bien de todos, primero los pobres. Que viva Hidalgo. \u00a1Que viva M\u00e9xico!\u201d<\/em>, concluy\u00f3.<\/p>\n","protected":false},"excerpt":{"rendered":"<p>Por: Jos\u00e9 Antonio Alcaraz Su\u00e1rez\u00a0 Tulancingo, Hgo., junio 2025 \u2013 En su visita al Hospital General de Tulancingo, la presidenta de M\u00e9xico, Claudia Sheinbaum, reafirm\u00f3 su compromiso con la consolidaci\u00f3n del sistema de salud universal y gratuito, a trav\u00e9s del programa IMSS-Bienestar, impulsado durante el gobierno de Andr\u00e9s Manuel L\u00f3pez Obrador. \u201cNo nos quedamos en<\/p>\n","protected":false},"author":2,"featured_media":4775,"comment_status":"open","ping_status":"open","sticky":false,"template":"","format":"standard","meta":{"footnotes":""},"categories":[31,44,33],"tags":[243,87,119],"class_list":{"0":"post-4774","1":"post","2":"type-post","3":"status-publish","4":"format-standard","5":"has-post-thumbnail","7":"category-hidalgo","8":"category-minuto-a-minuto","9":"category-regiones","10":"tag-claudia-sheinbaum","11":"tag-hidalgo","12":"tag-tulancingo"},"yoast_head":"<!-- This site is optimized with the Yoast SEO plugin v26.1.1 - https:\/\/yoast.com\/wordpress\/plugins\/seo\/ -->\n<title>Salud, becas y pensi\u00f3n para mujeres: Sheinbaum detalla nuevos programas desde Hidalgo - El Cardinal<\/title>\n<meta name=\"robots\" content=\"index, follow, max-snippet:-1, max-image-preview:large, max-video-preview:-1\" \/>\n<link rel=\"canonical\" href=\"https:\/\/elcardinal.com\/?p=4774\" \/>\n<meta property=\"og:locale\" content=\"es_MX\" \/>\n<meta property=\"og:type\" content=\"article\" \/>\n<meta property=\"og:title\" content=\"Salud, becas y pensi\u00f3n para mujeres: Sheinbaum detalla nuevos programas desde Hidalgo - El Cardinal\" \/>\n<meta property=\"og:description\" content=\"Por: Jos\u00e9 Antonio Alcaraz Su\u00e1rez\u00a0 Tulancingo, Hgo., junio 2025 \u2013 En su visita al Hospital General de Tulancingo, la presidenta de M\u00e9xico, Claudia Sheinbaum, reafirm\u00f3 su compromiso con la consolidaci\u00f3n del sistema de salud universal y gratuito, a trav\u00e9s del programa IMSS-Bienestar, impulsado durante el gobierno de Andr\u00e9s Manuel L\u00f3pez Obrador. \u201cNo nos quedamos en\" \/>\n<meta property=\"og:url\" content=\"https:\/\/elcardinal.com\/?p=4774\" \/>\n<meta property=\"og:site_name\" content=\"El Cardinal\" \/>\n<meta property=\"article:publisher\" content=\"https:\/\/www.facebook.com\/profile.php?id=100063093107011\" \/>\n<meta property=\"article:published_time\" content=\"2025-06-13T23:08:46+00:00\" \/>\n<meta property=\"og:image\" content=\"https:\/\/elcardinal.com\/wp-content\/uploads\/2025\/06\/Screenshot_9.jpg\" \/>\n\t<meta property=\"og:image:width\" content=\"917\" \/>\n\t<meta property=\"og:image:height\" content=\"514\" \/>\n\t<meta property=\"og:image:type\" content=\"image\/jpeg\" \/>\n<meta name=\"author\" content=\"Antonio Alcaraz\" \/>\n<meta name=\"twitter:card\" content=\"summary_large_image\" \/>\n<meta name=\"twitter:creator\" content=\"@ElCardinal_Mx\" \/>\n<meta name=\"twitter:site\" content=\"@ElCardinal_Mx\" \/>\n<meta name=\"twitter:label1\" content=\"Escrito por\" \/>\n\t<meta name=\"twitter:data1\" content=\"Antonio Alcaraz\" \/>\n\t<meta name=\"twitter:label2\" content=\"Tiempo de lectura\" \/>\n\t<meta name=\"twitter:data2\" content=\"2 minutos\" \/>\n<script type=\"application\/ld+json\" class=\"yoast-schema-graph\">{\"@context\":\"https:\/\/schema.org\",\"@graph\":[{\"@type\":\"Article\",\"@id\":\"https:\/\/elcardinal.com\/?p=4774#article\",\"isPartOf\":{\"@id\":\"https:\/\/elcardinal.com\/?p=4774\"},\"author\":{\"name\":\"Antonio Alcaraz\",\"@id\":\"https:\/\/elcardinal.com\/#\/schema\/person\/3c352ec0a33987fe275c0e8a2ea69f8b\"},\"headline\":\"Salud, becas y pensi\u00f3n para mujeres: Sheinbaum detalla nuevos programas desde Hidalgo\",\"datePublished\":\"2025-06-13T23:08:46+00:00\",\"mainEntityOfPage\":{\"@id\":\"https:\/\/elcardinal.com\/?p=4774\"},\"wordCount\":323,\"commentCount\":0,\"publisher\":{\"@id\":\"https:\/\/elcardinal.com\/#organization\"},\"image\":{\"@id\":\"https:\/\/elcardinal.com\/?p=4774#primaryimage\"},\"thumbnailUrl\":\"https:\/\/elcardinal.com\/wp-content\/uploads\/2025\/06\/Screenshot_9.jpg\",\"keywords\":[\"Claudia Sheinbaum\",\"Hidalgo\",\"Tulancingo\"],\"articleSection\":[\"Hidalgo\",\"Minuto a Minuto\",\"Regiones\"],\"inLanguage\":\"es\",\"potentialAction\":[{\"@type\":\"CommentAction\",\"name\":\"Comment\",\"target\":[\"https:\/\/elcardinal.com\/?p=4774#respond\"]}]},{\"@type\":\"WebPage\",\"@id\":\"https:\/\/elcardinal.com\/?p=4774\",\"url\":\"https:\/\/elcardinal.com\/?p=4774\",\"name\":\"Salud, becas y pensi\u00f3n para mujeres: Sheinbaum detalla nuevos programas desde Hidalgo - El Cardinal\",\"isPartOf\":{\"@id\":\"https:\/\/elcardinal.com\/#website\"},\"primaryImageOfPage\":{\"@id\":\"https:\/\/elcardinal.com\/?p=4774#primaryimage\"},\"image\":{\"@id\":\"https:\/\/elcardinal.com\/?p=4774#primaryimage\"},\"thumbnailUrl\":\"https:\/\/elcardinal.com\/wp-content\/uploads\/2025\/06\/Screenshot_9.jpg\",\"datePublished\":\"2025-06-13T23:08:46+00:00\",\"breadcrumb\":{\"@id\":\"https:\/\/elcardinal.com\/?p=4774#breadcrumb\"},\"inLanguage\":\"es\",\"potentialAction\":[{\"@type\":\"ReadAction\",\"target\":[\"https:\/\/elcardinal.com\/?p=4774\"]}]},{\"@type\":\"ImageObject\",\"inLanguage\":\"es\",\"@id\":\"https:\/\/elcardinal.com\/?p=4774#primaryimage\",\"url\":\"https:\/\/elcardinal.com\/wp-content\/uploads\/2025\/06\/Screenshot_9.jpg\",\"contentUrl\":\"https:\/\/elcardinal.com\/wp-content\/uploads\/2025\/06\/Screenshot_9.jpg\",\"width\":917,\"height\":514},{\"@type\":\"BreadcrumbList\",\"@id\":\"https:\/\/elcardinal.com\/?p=4774#breadcrumb\",\"itemListElement\":[{\"@type\":\"ListItem\",\"position\":1,\"name\":\"Inicio\",\"item\":\"https:\/\/elcardinal.com\/\"},{\"@type\":\"ListItem\",\"position\":2,\"name\":\"Salud, becas y pensi\u00f3n para mujeres: Sheinbaum detalla nuevos programas desde Hidalgo\"}]},{\"@type\":\"WebSite\",\"@id\":\"https:\/\/elcardinal.com\/#website\",\"url\":\"https:\/\/elcardinal.com\/\",\"name\":\"El Cardinal\",\"description\":\"Periodismo honesto, con valor, sentido humano, a veces sarc\u00e1stico y divertido.\",\"publisher\":{\"@id\":\"https:\/\/elcardinal.com\/#organization\"},\"alternateName\":\"El Cardinal Noticias\",\"potentialAction\":[{\"@type\":\"SearchAction\",\"target\":{\"@type\":\"EntryPoint\",\"urlTemplate\":\"https:\/\/elcardinal.com\/?s={search_term_string}\"},\"query-input\":{\"@type\":\"PropertyValueSpecification\",\"valueRequired\":true,\"valueName\":\"search_term_string\"}}],\"inLanguage\":\"es\"},{\"@type\":\"Organization\",\"@id\":\"https:\/\/elcardinal.com\/#organization\",\"name\":\"El Cardinal\",\"url\":\"https:\/\/elcardinal.com\/\",\"logo\":{\"@type\":\"ImageObject\",\"inLanguage\":\"es\",\"@id\":\"https:\/\/elcardinal.com\/#\/schema\/logo\/image\/\",\"url\":\"https:\/\/elcardinal.com\/wp-content\/uploads\/2025\/04\/LOGO-EL-CARDINAL-Periodismo-con-valor.png\",\"contentUrl\":\"https:\/\/elcardinal.com\/wp-content\/uploads\/2025\/04\/LOGO-EL-CARDINAL-Periodismo-con-valor.png\",\"width\":755,\"height\":636,\"caption\":\"El Cardinal\"},\"image\":{\"@id\":\"https:\/\/elcardinal.com\/#\/schema\/logo\/image\/\"},\"sameAs\":[\"https:\/\/www.facebook.com\/profile.php?id=100063093107011\",\"https:\/\/x.com\/ElCardinal_Mx\"]},{\"@type\":\"Person\",\"@id\":\"https:\/\/elcardinal.com\/#\/schema\/person\/3c352ec0a33987fe275c0e8a2ea69f8b\",\"name\":\"Antonio Alcaraz\",\"image\":{\"@type\":\"ImageObject\",\"inLanguage\":\"es\",\"@id\":\"https:\/\/elcardinal.com\/#\/schema\/person\/image\/\",\"url\":\"https:\/\/elcardinal.com\/wp-content\/uploads\/2025\/05\/cropped-TONO-96x96.jpg\",\"contentUrl\":\"https:\/\/elcardinal.com\/wp-content\/uploads\/2025\/05\/cropped-TONO-96x96.jpg\",\"caption\":\"Antonio Alcaraz\"},\"url\":\"https:\/\/elcardinal.com\/?author=2\"}]}<\/script>\n<!-- \/ Yoast SEO plugin. -->","yoast_head_json":{"title":"Salud, becas y pensi\u00f3n para mujeres: Sheinbaum detalla nuevos programas desde Hidalgo - El Cardinal","robots":{"index":"index","follow":"follow","max-snippet":"max-snippet:-1","max-image-preview":"max-image-preview:large","max-video-preview":"max-video-preview:-1"},"canonical":"https:\/\/elcardinal.com\/?p=4774","og_locale":"es_MX","og_type":"article","og_title":"Salud, becas y pensi\u00f3n para mujeres: Sheinbaum detalla nuevos programas desde Hidalgo - El Cardinal","og_description":"Por: Jos\u00e9 Antonio Alcaraz Su\u00e1rez\u00a0 Tulancingo, Hgo., junio 2025 \u2013 En su visita al Hospital General de Tulancingo, la presidenta de M\u00e9xico, Claudia Sheinbaum, reafirm\u00f3 su compromiso con la consolidaci\u00f3n del sistema de salud universal y gratuito, a trav\u00e9s del programa IMSS-Bienestar, impulsado durante el gobierno de Andr\u00e9s Manuel L\u00f3pez Obrador. \u201cNo nos quedamos en","og_url":"https:\/\/elcardinal.com\/?p=4774","og_site_name":"El Cardinal","article_publisher":"https:\/\/www.facebook.com\/profile.php?id=100063093107011","article_published_time":"2025-06-13T23:08:46+00:00","og_image":[{"width":917,"height":514,"url":"https:\/\/elcardinal.com\/wp-content\/uploads\/2025\/06\/Screenshot_9.jpg","type":"image\/jpeg"}],"author":"Antonio Alcaraz","twitter_card":"summary_large_image","twitter_creator":"@ElCardinal_Mx","twitter_site":"@ElCardinal_Mx","twitter_misc":{"Escrito por":"Antonio Alcaraz","Tiempo de lectura":"2 minutos"},"schema":{"@context":"https:\/\/schema.org","@graph":[{"@type":"Article","@id":"https:\/\/elcardinal.com\/?p=4774#article","isPartOf":{"@id":"https:\/\/elcardinal.com\/?p=4774"},"author":{"name":"Antonio Alcaraz","@id":"https:\/\/elcardinal.com\/#\/schema\/person\/3c352ec0a33987fe275c0e8a2ea69f8b"},"headline":"Salud, becas y pensi\u00f3n para mujeres: Sheinbaum detalla nuevos programas desde Hidalgo","datePublished":"2025-06-13T23:08:46+00:00","mainEntityOfPage":{"@id":"https:\/\/elcardinal.com\/?p=4774"},"wordCount":323,"commentCount":0,"publisher":{"@id":"https:\/\/elcardinal.com\/#organization"},"image":{"@id":"https:\/\/elcardinal.com\/?p=4774#primaryimage"},"thumbnailUrl":"https:\/\/elcardinal.com\/wp-content\/uploads\/2025\/06\/Screenshot_9.jpg","keywords":["Claudia Sheinbaum","Hidalgo","Tulancingo"],"articleSection":["Hidalgo","Minuto a Minuto","Regiones"],"inLanguage":"es","potentialAction":[{"@type":"CommentAction","name":"Comment","target":["https:\/\/elcardinal.com\/?p=4774#respond"]}]},{"@type":"WebPage","@id":"https:\/\/elcardinal.com\/?p=4774","url":"https:\/\/elcardinal.com\/?p=4774","name":"Salud, becas y pensi\u00f3n para mujeres: Sheinbaum detalla nuevos programas desde Hidalgo - El Cardinal","isPartOf":{"@id":"https:\/\/elcardinal.com\/#website"},"primaryImageOfPage":{"@id":"https:\/\/elcardinal.com\/?p=4774#primaryimage"},"image":{"@id":"https:\/\/elcardinal.com\/?p=4774#primaryimage"},"thumbnailUrl":"https:\/\/elcardinal.com\/wp-content\/uploads\/2025\/06\/Screenshot_9.jpg","datePublished":"2025-06-13T23:08:46+00:00","breadcrumb":{"@id":"https:\/\/elcardinal.com\/?p=4774#breadcrumb"},"inLanguage":"es","potentialAction":[{"@type":"ReadAction","target":["https:\/\/elcardinal.com\/?p=4774"]}]},{"@type":"ImageObject","inLanguage":"es","@id":"https:\/\/elcardinal.com\/?p=4774#primaryimage","url":"https:\/\/elcardinal.com\/wp-content\/uploads\/2025\/06\/Screenshot_9.jpg","contentUrl":"https:\/\/elcardinal.com\/wp-content\/uploads\/2025\/06\/Screenshot_9.jpg","width":917,"height":514},{"@type":"BreadcrumbList","@id":"https:\/\/elcardinal.com\/?p=4774#breadcrumb","itemListElement":[{"@type":"ListItem","position":1,"name":"Inicio","item":"https:\/\/elcardinal.com\/"},{"@type":"ListItem","position":2,"name":"Salud, becas y pensi\u00f3n para mujeres: Sheinbaum detalla nuevos programas desde Hidalgo"}]},{"@type":"WebSite","@id":"https:\/\/elcardinal.com\/#website","url":"https:\/\/elcardinal.com\/","name":"El Cardinal","description":"Periodismo honesto, con valor, sentido humano, a veces sarc\u00e1stico y divertido.","publisher":{"@id":"https:\/\/elcardinal.com\/#organization"},"alternateName":"El Cardinal Noticias","potentialAction":[{"@type":"SearchAction","target":{"@type":"EntryPoint","urlTemplate":"https:\/\/elcardinal.com\/?s={search_term_string}"},"query-input":{"@type":"PropertyValueSpecification","valueRequired":true,"valueName":"search_term_string"}}],"inLanguage":"es"},{"@type":"Organization","@id":"https:\/\/elcardinal.com\/#organization","name":"El Cardinal","url":"https:\/\/elcardinal.com\/","logo":{"@type":"ImageObject","inLanguage":"es","@id":"https:\/\/elcardinal.com\/#\/schema\/logo\/image\/","url":"https:\/\/elcardinal.com\/wp-content\/uploads\/2025\/04\/LOGO-EL-CARDINAL-Periodismo-con-valor.png","contentUrl":"https:\/\/elcardinal.com\/wp-content\/uploads\/2025\/04\/LOGO-EL-CARDINAL-Periodismo-con-valor.png","width":755,"height":636,"caption":"El Cardinal"},"image":{"@id":"https:\/\/elcardinal.com\/#\/schema\/logo\/image\/"},"sameAs":["https:\/\/www.facebook.com\/profile.php?id=100063093107011","https:\/\/x.com\/ElCardinal_Mx"]},{"@type":"Person","@id":"https:\/\/elcardinal.com\/#\/schema\/person\/3c352ec0a33987fe275c0e8a2ea69f8b","name":"Antonio Alcaraz","image":{"@type":"ImageObject","inLanguage":"es","@id":"https:\/\/elcardinal.com\/#\/schema\/person\/image\/","url":"https:\/\/elcardinal.com\/wp-content\/uploads\/2025\/05\/cropped-TONO-96x96.jpg","contentUrl":"https:\/\/elcardinal.com\/wp-content\/uploads\/2025\/05\/cropped-TONO-96x96.jpg","caption":"Antonio Alcaraz"},"url":"https:\/\/elcardinal.com\/?author=2"}]}},"_links":{"self":[{"href":"https:\/\/elcardinal.com\/index.php?rest_route=\/wp\/v2\/posts\/4774","targetHints":{"allow":["GET"]}}],"collection":[{"href":"https:\/\/elcardinal.com\/index.php?rest_route=\/wp\/v2\/posts"}],"about":[{"href":"https:\/\/elcardinal.com\/index.php?rest_route=\/wp\/v2\/types\/post"}],"author":[{"embeddable":true,"href":"https:\/\/elcardinal.com\/index.php?rest_route=\/wp\/v2\/users\/2"}],"replies":[{"embeddable":true,"href":"https:\/\/elcardinal.com\/index.php?rest_route=%2Fwp%2Fv2%2Fcomments&post=4774"}],"version-history":[{"count":1,"href":"https:\/\/elcardinal.com\/index.php?rest_route=\/wp\/v2\/posts\/4774\/revisions"}],"predecessor-version":[{"id":4776,"href":"https:\/\/elcardinal.com\/index.php?rest_route=\/wp\/v2\/posts\/4774\/revisions\/4776"}],"wp:featuredmedia":[{"embeddable":true,"href":"https:\/\/elcardinal.com\/index.php?rest_route=\/wp\/v2\/media\/4775"}],"wp:attachment":[{"href":"https:\/\/elcardinal.com\/index.php?rest_route=%2Fwp%2Fv2%2Fmedia&parent=4774"}],"wp:term":[{"taxonomy":"category","embeddable":true,"href":"https:\/\/elcardinal.com\/index.php?rest_route=%2Fwp%2Fv2%2Fcategories&post=4774"},{"taxonomy":"post_tag","embeddable":true,"href":"https:\/\/elcardinal.com\/index.php?rest_route=%2Fwp%2Fv2%2Ftags&post=4774"}],"curies":[{"name":"wp","href":"https:\/\/api.w.org\/{rel}","templated":true}]}}