{"id":4779,"date":"2025-06-16T18:21:37","date_gmt":"2025-06-17T00:21:37","guid":{"rendered":"https:\/\/elcardinal.com\/?p=4779"},"modified":"2025-06-16T18:29:18","modified_gmt":"2025-06-17T00:29:18","slug":"dia-1-operativo-transporte-seguro-envian-al-corralon-taxis-y-urvans-irregulares-en-pachuca","status":"publish","type":"post","link":"https:\/\/elcardinal.com\/?p=4779","title":{"rendered":"D\u00eda 1 Operativo &#8220;Transporte Seguro&#8221;: env\u00edan al corral\u00f3n taxis y urvans irregulares en Pachuca"},"content":{"rendered":"<p>Por: <strong>Jos\u00e9 Antonio Alcaraz Su\u00e1rez<\/strong><\/p>\n<p>Tras la reciente muerte de un ciudadano agredido con un cuchillo por un taxista durante una discusi\u00f3n de tr\u00e1nsito, el Ayuntamiento de Pachuca puso en marcha el operativo <strong>\u201cTransporte Seguro\u201d,<\/strong> una estrategia enfocada en revisar unidades del transporte p\u00fablico individual y colectivo, as\u00ed como a sus operadores.<\/p>\n<p>El presidente municipal, <strong>Jorge Alberto Reyes Hern\u00e1ndez,<\/strong> inform\u00f3 que las acciones comenzaron este lunes en la Central de Autobuses, en coordinaci\u00f3n con la Secretar\u00eda de Movilidad, la Polic\u00eda Preventiva, la Direcci\u00f3n de Tr\u00e1nsito y la unidad canina K9. Durante los primeros filtros, se enviaron al corral\u00f3n varias unidades por no contar con documentaci\u00f3n en regla.<\/p>\n<blockquote><p>\u201cSe detuvieron taxis y urvans que no tra\u00edan placas, no ten\u00edan licencia o no contaban con tarjet\u00f3n. Esto nos va a ayudar a poner orden, que es lo que siempre hemos querido buscar en el ayuntamiento\u201d, explic\u00f3 el alcalde en entrevista.<\/p><\/blockquote>\n<p>Durante los operativos, los elementos inspeccionan las unidades por dentro y por fuera, revisan cajuela, el estado f\u00edsico del conductor y verifican que no porte armas, drogas o presente signos de consumo de alcohol o estupefacientes. Adem\u00e1s, se valida que cuenten con los documentos obligatorios: licencia, placas y tarjet\u00f3n.<\/p>\n<p>La estrategia ser\u00e1 itinerante en diversos puntos de la ciudad. De forma fija estar\u00e1 en el centro de 3 a 5 de la tarde y por la noche en la Glorieta de Lima y avenida Madero, adem\u00e1s de recorridos m\u00f3viles por el sur de la capital.<\/p>\n<p>Reyes Hern\u00e1ndez indic\u00f3 que algunos conductores han manifestado su inconformidad, pero reiter\u00f3 que estas acciones son necesarias. \u201cCuando algo nos molesta, es porque no lo estamos haciendo del todo bien. A veces se presta la unidad a alguien que no est\u00e1 capacitado para conducir transporte p\u00fablico. Por eso estamos revisando con firmeza\u201d, sostuvo.<\/p>\n<p>El edil subray\u00f3 que este operativo busca prevenir hechos violentos como el ocurrido d\u00edas atr\u00e1s y contribuir a mejorar la seguridad y el orden en el transporte p\u00fablico de Pachuca.<\/p>\n","protected":false},"excerpt":{"rendered":"<p>Por: Jos\u00e9 Antonio Alcaraz Su\u00e1rez Tras la reciente muerte de un ciudadano agredido con un cuchillo por un taxista durante una discusi\u00f3n de tr\u00e1nsito, el Ayuntamiento de Pachuca puso en marcha el operativo \u201cTransporte Seguro\u201d, una estrategia enfocada en revisar unidades del transporte p\u00fablico individual y colectivo, as\u00ed como a sus operadores. El presidente municipal,<\/p>\n","protected":false},"author":2,"featured_media":4781,"comment_status":"open","ping_status":"open","sticky":false,"template":"","format":"standard","meta":{"footnotes":""},"categories":[31,32,44],"tags":[80,65,245],"class_list":{"0":"post-4779","1":"post","2":"type-post","3":"status-publish","4":"format-standard","5":"has-post-thumbnail","7":"category-hidalgo","8":"category-metropoli","9":"category-minuto-a-minuto","10":"tag-jorge-reyes","11":"tag-pachuca","12":"tag-transporte-seguro"},"yoast_head":"<!-- This site is optimized with the Yoast SEO plugin v26.1.1 - https:\/\/yoast.com\/wordpress\/plugins\/seo\/ -->\n<title>D\u00eda 1 Operativo &quot;Transporte Seguro&quot;: env\u00edan al corral\u00f3n taxis y urvans irregulares en Pachuca - El Cardinal<\/title>\n<meta name=\"robots\" content=\"index, follow, max-snippet:-1, max-image-preview:large, max-video-preview:-1\" \/>\n<link rel=\"canonical\" href=\"https:\/\/elcardinal.com\/?p=4779\" \/>\n<meta property=\"og:locale\" content=\"es_MX\" \/>\n<meta property=\"og:type\" content=\"article\" \/>\n<meta property=\"og:title\" content=\"D\u00eda 1 Operativo &quot;Transporte Seguro&quot;: env\u00edan al corral\u00f3n taxis y urvans irregulares en Pachuca - El Cardinal\" \/>\n<meta property=\"og:description\" content=\"Por: Jos\u00e9 Antonio Alcaraz Su\u00e1rez Tras la reciente muerte de un ciudadano agredido con un cuchillo por un taxista durante una discusi\u00f3n de tr\u00e1nsito, el Ayuntamiento de Pachuca puso en marcha el operativo \u201cTransporte Seguro\u201d, una estrategia enfocada en revisar unidades del transporte p\u00fablico individual y colectivo, as\u00ed como a sus operadores. El presidente municipal,\" \/>\n<meta property=\"og:url\" content=\"https:\/\/elcardinal.com\/?p=4779\" \/>\n<meta property=\"og:site_name\" content=\"El Cardinal\" \/>\n<meta property=\"article:publisher\" content=\"https:\/\/www.facebook.com\/profile.php?id=100063093107011\" \/>\n<meta property=\"article:published_time\" content=\"2025-06-17T00:21:37+00:00\" \/>\n<meta property=\"article:modified_time\" content=\"2025-06-17T00:29:18+00:00\" \/>\n<meta property=\"og:image\" content=\"https:\/\/elcardinal.com\/wp-content\/uploads\/2025\/06\/WhatsApp-Image-2025-06-16-at-6.06.58-PM.jpeg\" \/>\n\t<meta property=\"og:image:width\" content=\"1280\" \/>\n\t<meta property=\"og:image:height\" content=\"960\" \/>\n\t<meta property=\"og:image:type\" content=\"image\/jpeg\" \/>\n<meta name=\"author\" content=\"Antonio Alcaraz\" \/>\n<meta name=\"twitter:card\" content=\"summary_large_image\" \/>\n<meta name=\"twitter:creator\" content=\"@ElCardinal_Mx\" \/>\n<meta name=\"twitter:site\" content=\"@ElCardinal_Mx\" \/>\n<meta name=\"twitter:label1\" content=\"Escrito por\" \/>\n\t<meta name=\"twitter:data1\" content=\"Antonio Alcaraz\" \/>\n\t<meta name=\"twitter:label2\" content=\"Tiempo de lectura\" \/>\n\t<meta name=\"twitter:data2\" content=\"2 minutos\" \/>\n<script type=\"application\/ld+json\" class=\"yoast-schema-graph\">{\"@context\":\"https:\/\/schema.org\",\"@graph\":[{\"@type\":\"Article\",\"@id\":\"https:\/\/elcardinal.com\/?p=4779#article\",\"isPartOf\":{\"@id\":\"https:\/\/elcardinal.com\/?p=4779\"},\"author\":{\"name\":\"Antonio Alcaraz\",\"@id\":\"https:\/\/elcardinal.com\/#\/schema\/person\/3c352ec0a33987fe275c0e8a2ea69f8b\"},\"headline\":\"D\u00eda 1 Operativo &#8220;Transporte Seguro&#8221;: env\u00edan al corral\u00f3n taxis y urvans irregulares en Pachuca\",\"datePublished\":\"2025-06-17T00:21:37+00:00\",\"dateModified\":\"2025-06-17T00:29:18+00:00\",\"mainEntityOfPage\":{\"@id\":\"https:\/\/elcardinal.com\/?p=4779\"},\"wordCount\":365,\"commentCount\":0,\"publisher\":{\"@id\":\"https:\/\/elcardinal.com\/#organization\"},\"image\":{\"@id\":\"https:\/\/elcardinal.com\/?p=4779#primaryimage\"},\"thumbnailUrl\":\"https:\/\/elcardinal.com\/wp-content\/uploads\/2025\/06\/WhatsApp-Image-2025-06-16-at-6.06.58-PM.jpeg\",\"keywords\":[\"Jorge Reyes\",\"Pachuca\",\"Transporte Seguro\"],\"articleSection\":[\"Hidalgo\",\"Metr\u00f3poli\",\"Minuto a Minuto\"],\"inLanguage\":\"es\",\"potentialAction\":[{\"@type\":\"CommentAction\",\"name\":\"Comment\",\"target\":[\"https:\/\/elcardinal.com\/?p=4779#respond\"]}]},{\"@type\":\"WebPage\",\"@id\":\"https:\/\/elcardinal.com\/?p=4779\",\"url\":\"https:\/\/elcardinal.com\/?p=4779\",\"name\":\"D\u00eda 1 Operativo \\\"Transporte Seguro\\\": env\u00edan al corral\u00f3n taxis y urvans irregulares en Pachuca - El Cardinal\",\"isPartOf\":{\"@id\":\"https:\/\/elcardinal.com\/#website\"},\"primaryImageOfPage\":{\"@id\":\"https:\/\/elcardinal.com\/?p=4779#primaryimage\"},\"image\":{\"@id\":\"https:\/\/elcardinal.com\/?p=4779#primaryimage\"},\"thumbnailUrl\":\"https:\/\/elcardinal.com\/wp-content\/uploads\/2025\/06\/WhatsApp-Image-2025-06-16-at-6.06.58-PM.jpeg\",\"datePublished\":\"2025-06-17T00:21:37+00:00\",\"dateModified\":\"2025-06-17T00:29:18+00:00\",\"breadcrumb\":{\"@id\":\"https:\/\/elcardinal.com\/?p=4779#breadcrumb\"},\"inLanguage\":\"es\",\"potentialAction\":[{\"@type\":\"ReadAction\",\"target\":[\"https:\/\/elcardinal.com\/?p=4779\"]}]},{\"@type\":\"ImageObject\",\"inLanguage\":\"es\",\"@id\":\"https:\/\/elcardinal.com\/?p=4779#primaryimage\",\"url\":\"https:\/\/elcardinal.com\/wp-content\/uploads\/2025\/06\/WhatsApp-Image-2025-06-16-at-6.06.58-PM.jpeg\",\"contentUrl\":\"https:\/\/elcardinal.com\/wp-content\/uploads\/2025\/06\/WhatsApp-Image-2025-06-16-at-6.06.58-PM.jpeg\",\"width\":1280,\"height\":960},{\"@type\":\"BreadcrumbList\",\"@id\":\"https:\/\/elcardinal.com\/?p=4779#breadcrumb\",\"itemListElement\":[{\"@type\":\"ListItem\",\"position\":1,\"name\":\"Inicio\",\"item\":\"https:\/\/elcardinal.com\/\"},{\"@type\":\"ListItem\",\"position\":2,\"name\":\"D\u00eda 1 Operativo &#8220;Transporte Seguro&#8221;: env\u00edan al corral\u00f3n taxis y urvans irregulares en Pachuca\"}]},{\"@type\":\"WebSite\",\"@id\":\"https:\/\/elcardinal.com\/#website\",\"url\":\"https:\/\/elcardinal.com\/\",\"name\":\"El Cardinal\",\"description\":\"Periodismo honesto, con valor, sentido humano, a veces sarc\u00e1stico y divertido.\",\"publisher\":{\"@id\":\"https:\/\/elcardinal.com\/#organization\"},\"alternateName\":\"El Cardinal Noticias\",\"potentialAction\":[{\"@type\":\"SearchAction\",\"target\":{\"@type\":\"EntryPoint\",\"urlTemplate\":\"https:\/\/elcardinal.com\/?s={search_term_string}\"},\"query-input\":{\"@type\":\"PropertyValueSpecification\",\"valueRequired\":true,\"valueName\":\"search_term_string\"}}],\"inLanguage\":\"es\"},{\"@type\":\"Organization\",\"@id\":\"https:\/\/elcardinal.com\/#organization\",\"name\":\"El Cardinal\",\"url\":\"https:\/\/elcardinal.com\/\",\"logo\":{\"@type\":\"ImageObject\",\"inLanguage\":\"es\",\"@id\":\"https:\/\/elcardinal.com\/#\/schema\/logo\/image\/\",\"url\":\"https:\/\/elcardinal.com\/wp-content\/uploads\/2025\/04\/LOGO-EL-CARDINAL-Periodismo-con-valor.png\",\"contentUrl\":\"https:\/\/elcardinal.com\/wp-content\/uploads\/2025\/04\/LOGO-EL-CARDINAL-Periodismo-con-valor.png\",\"width\":755,\"height\":636,\"caption\":\"El Cardinal\"},\"image\":{\"@id\":\"https:\/\/elcardinal.com\/#\/schema\/logo\/image\/\"},\"sameAs\":[\"https:\/\/www.facebook.com\/profile.php?id=100063093107011\",\"https:\/\/x.com\/ElCardinal_Mx\"]},{\"@type\":\"Person\",\"@id\":\"https:\/\/elcardinal.com\/#\/schema\/person\/3c352ec0a33987fe275c0e8a2ea69f8b\",\"name\":\"Antonio Alcaraz\",\"image\":{\"@type\":\"ImageObject\",\"inLanguage\":\"es\",\"@id\":\"https:\/\/elcardinal.com\/#\/schema\/person\/image\/\",\"url\":\"https:\/\/elcardinal.com\/wp-content\/uploads\/2025\/05\/cropped-TONO-96x96.jpg\",\"contentUrl\":\"https:\/\/elcardinal.com\/wp-content\/uploads\/2025\/05\/cropped-TONO-96x96.jpg\",\"caption\":\"Antonio Alcaraz\"},\"url\":\"https:\/\/elcardinal.com\/?author=2\"}]}<\/script>\n<!-- \/ Yoast SEO plugin. -->","yoast_head_json":{"title":"D\u00eda 1 Operativo \"Transporte Seguro\": env\u00edan al corral\u00f3n taxis y urvans irregulares en Pachuca - El Cardinal","robots":{"index":"index","follow":"follow","max-snippet":"max-snippet:-1","max-image-preview":"max-image-preview:large","max-video-preview":"max-video-preview:-1"},"canonical":"https:\/\/elcardinal.com\/?p=4779","og_locale":"es_MX","og_type":"article","og_title":"D\u00eda 1 Operativo \"Transporte Seguro\": env\u00edan al corral\u00f3n taxis y urvans irregulares en Pachuca - El Cardinal","og_description":"Por: Jos\u00e9 Antonio Alcaraz Su\u00e1rez Tras la reciente muerte de un ciudadano agredido con un cuchillo por un taxista durante una discusi\u00f3n de tr\u00e1nsito, el Ayuntamiento de Pachuca puso en marcha el operativo \u201cTransporte Seguro\u201d, una estrategia enfocada en revisar unidades del transporte p\u00fablico individual y colectivo, as\u00ed como a sus operadores. El presidente municipal,","og_url":"https:\/\/elcardinal.com\/?p=4779","og_site_name":"El Cardinal","article_publisher":"https:\/\/www.facebook.com\/profile.php?id=100063093107011","article_published_time":"2025-06-17T00:21:37+00:00","article_modified_time":"2025-06-17T00:29:18+00:00","og_image":[{"width":1280,"height":960,"url":"https:\/\/elcardinal.com\/wp-content\/uploads\/2025\/06\/WhatsApp-Image-2025-06-16-at-6.06.58-PM.jpeg","type":"image\/jpeg"}],"author":"Antonio Alcaraz","twitter_card":"summary_large_image","twitter_creator":"@ElCardinal_Mx","twitter_site":"@ElCardinal_Mx","twitter_misc":{"Escrito por":"Antonio Alcaraz","Tiempo de lectura":"2 minutos"},"schema":{"@context":"https:\/\/schema.org","@graph":[{"@type":"Article","@id":"https:\/\/elcardinal.com\/?p=4779#article","isPartOf":{"@id":"https:\/\/elcardinal.com\/?p=4779"},"author":{"name":"Antonio Alcaraz","@id":"https:\/\/elcardinal.com\/#\/schema\/person\/3c352ec0a33987fe275c0e8a2ea69f8b"},"headline":"D\u00eda 1 Operativo &#8220;Transporte Seguro&#8221;: env\u00edan al corral\u00f3n taxis y urvans irregulares en Pachuca","datePublished":"2025-06-17T00:21:37+00:00","dateModified":"2025-06-17T00:29:18+00:00","mainEntityOfPage":{"@id":"https:\/\/elcardinal.com\/?p=4779"},"wordCount":365,"commentCount":0,"publisher":{"@id":"https:\/\/elcardinal.com\/#organization"},"image":{"@id":"https:\/\/elcardinal.com\/?p=4779#primaryimage"},"thumbnailUrl":"https:\/\/elcardinal.com\/wp-content\/uploads\/2025\/06\/WhatsApp-Image-2025-06-16-at-6.06.58-PM.jpeg","keywords":["Jorge Reyes","Pachuca","Transporte Seguro"],"articleSection":["Hidalgo","Metr\u00f3poli","Minuto a Minuto"],"inLanguage":"es","potentialAction":[{"@type":"CommentAction","name":"Comment","target":["https:\/\/elcardinal.com\/?p=4779#respond"]}]},{"@type":"WebPage","@id":"https:\/\/elcardinal.com\/?p=4779","url":"https:\/\/elcardinal.com\/?p=4779","name":"D\u00eda 1 Operativo \"Transporte Seguro\": env\u00edan al corral\u00f3n taxis y urvans irregulares en Pachuca - El Cardinal","isPartOf":{"@id":"https:\/\/elcardinal.com\/#website"},"primaryImageOfPage":{"@id":"https:\/\/elcardinal.com\/?p=4779#primaryimage"},"image":{"@id":"https:\/\/elcardinal.com\/?p=4779#primaryimage"},"thumbnailUrl":"https:\/\/elcardinal.com\/wp-content\/uploads\/2025\/06\/WhatsApp-Image-2025-06-16-at-6.06.58-PM.jpeg","datePublished":"2025-06-17T00:21:37+00:00","dateModified":"2025-06-17T00:29:18+00:00","breadcrumb":{"@id":"https:\/\/elcardinal.com\/?p=4779#breadcrumb"},"inLanguage":"es","potentialAction":[{"@type":"ReadAction","target":["https:\/\/elcardinal.com\/?p=4779"]}]},{"@type":"ImageObject","inLanguage":"es","@id":"https:\/\/elcardinal.com\/?p=4779#primaryimage","url":"https:\/\/elcardinal.com\/wp-content\/uploads\/2025\/06\/WhatsApp-Image-2025-06-16-at-6.06.58-PM.jpeg","contentUrl":"https:\/\/elcardinal.com\/wp-content\/uploads\/2025\/06\/WhatsApp-Image-2025-06-16-at-6.06.58-PM.jpeg","width":1280,"height":960},{"@type":"BreadcrumbList","@id":"https:\/\/elcardinal.com\/?p=4779#breadcrumb","itemListElement":[{"@type":"ListItem","position":1,"name":"Inicio","item":"https:\/\/elcardinal.com\/"},{"@type":"ListItem","position":2,"name":"D\u00eda 1 Operativo &#8220;Transporte Seguro&#8221;: env\u00edan al corral\u00f3n taxis y urvans irregulares en Pachuca"}]},{"@type":"WebSite","@id":"https:\/\/elcardinal.com\/#website","url":"https:\/\/elcardinal.com\/","name":"El Cardinal","description":"Periodismo honesto, con valor, sentido humano, a veces sarc\u00e1stico y divertido.","publisher":{"@id":"https:\/\/elcardinal.com\/#organization"},"alternateName":"El Cardinal Noticias","potentialAction":[{"@type":"SearchAction","target":{"@type":"EntryPoint","urlTemplate":"https:\/\/elcardinal.com\/?s={search_term_string}"},"query-input":{"@type":"PropertyValueSpecification","valueRequired":true,"valueName":"search_term_string"}}],"inLanguage":"es"},{"@type":"Organization","@id":"https:\/\/elcardinal.com\/#organization","name":"El Cardinal","url":"https:\/\/elcardinal.com\/","logo":{"@type":"ImageObject","inLanguage":"es","@id":"https:\/\/elcardinal.com\/#\/schema\/logo\/image\/","url":"https:\/\/elcardinal.com\/wp-content\/uploads\/2025\/04\/LOGO-EL-CARDINAL-Periodismo-con-valor.png","contentUrl":"https:\/\/elcardinal.com\/wp-content\/uploads\/2025\/04\/LOGO-EL-CARDINAL-Periodismo-con-valor.png","width":755,"height":636,"caption":"El Cardinal"},"image":{"@id":"https:\/\/elcardinal.com\/#\/schema\/logo\/image\/"},"sameAs":["https:\/\/www.facebook.com\/profile.php?id=100063093107011","https:\/\/x.com\/ElCardinal_Mx"]},{"@type":"Person","@id":"https:\/\/elcardinal.com\/#\/schema\/person\/3c352ec0a33987fe275c0e8a2ea69f8b","name":"Antonio Alcaraz","image":{"@type":"ImageObject","inLanguage":"es","@id":"https:\/\/elcardinal.com\/#\/schema\/person\/image\/","url":"https:\/\/elcardinal.com\/wp-content\/uploads\/2025\/05\/cropped-TONO-96x96.jpg","contentUrl":"https:\/\/elcardinal.com\/wp-content\/uploads\/2025\/05\/cropped-TONO-96x96.jpg","caption":"Antonio Alcaraz"},"url":"https:\/\/elcardinal.com\/?author=2"}]}},"_links":{"self":[{"href":"https:\/\/elcardinal.com\/index.php?rest_route=\/wp\/v2\/posts\/4779","targetHints":{"allow":["GET"]}}],"collection":[{"href":"https:\/\/elcardinal.com\/index.php?rest_route=\/wp\/v2\/posts"}],"about":[{"href":"https:\/\/elcardinal.com\/index.php?rest_route=\/wp\/v2\/types\/post"}],"author":[{"embeddable":true,"href":"https:\/\/elcardinal.com\/index.php?rest_route=\/wp\/v2\/users\/2"}],"replies":[{"embeddable":true,"href":"https:\/\/elcardinal.com\/index.php?rest_route=%2Fwp%2Fv2%2Fcomments&post=4779"}],"version-history":[{"count":1,"href":"https:\/\/elcardinal.com\/index.php?rest_route=\/wp\/v2\/posts\/4779\/revisions"}],"predecessor-version":[{"id":4780,"href":"https:\/\/elcardinal.com\/index.php?rest_route=\/wp\/v2\/posts\/4779\/revisions\/4780"}],"wp:featuredmedia":[{"embeddable":true,"href":"https:\/\/elcardinal.com\/index.php?rest_route=\/wp\/v2\/media\/4781"}],"wp:attachment":[{"href":"https:\/\/elcardinal.com\/index.php?rest_route=%2Fwp%2Fv2%2Fmedia&parent=4779"}],"wp:term":[{"taxonomy":"category","embeddable":true,"href":"https:\/\/elcardinal.com\/index.php?rest_route=%2Fwp%2Fv2%2Fcategories&post=4779"},{"taxonomy":"post_tag","embeddable":true,"href":"https:\/\/elcardinal.com\/index.php?rest_route=%2Fwp%2Fv2%2Ftags&post=4779"}],"curies":[{"name":"wp","href":"https:\/\/api.w.org\/{rel}","templated":true}]}}