{"id":4782,"date":"2025-06-16T21:42:40","date_gmt":"2025-06-17T03:42:40","guid":{"rendered":"https:\/\/elcardinal.com\/?p=4782"},"modified":"2025-06-16T21:42:40","modified_gmt":"2025-06-17T03:42:40","slug":"desarrolladores-de-plaza-explanada-culpables-de-inundaciones","status":"publish","type":"post","link":"https:\/\/elcardinal.com\/?p=4782","title":{"rendered":"Desarrolladores de Plaza Explanada culpables de inundaciones"},"content":{"rendered":"<p>Por: Jos\u00e9 Antonio Alcaraz Su\u00e1rez<\/p>\n<p>Las recientes inundaciones registradas en la zona poniente de Pachuca, espec\u00edficamente en los alrededores de <strong>Plaza Explanada<\/strong>, tienen un origen claro: la omisi\u00f3n de obras complementarias por parte de los desarrolladores de este centro comercial.<\/p>\n<p>As\u00ed lo se\u00f1alaron el gobernador de Hidalgo <strong>Julio Menchaca Salazar<\/strong> y el director general de la Comisi\u00f3n Estatal del Agua y Alcantarillado (CEAA), <strong>Juan Carlos Ch\u00e1vez Gonz\u00e1lez<\/strong>, quienes hicieron un llamado a la responsabilidad t\u00e9cnica y social.<\/p>\n<p data-start=\"554\" data-end=\"930\">De acuerdo con Ch\u00e1vez Gonz\u00e1lez, la construcci\u00f3n de Plaza Explanada se realiz\u00f3 en una zona hist\u00f3ricamente baja y utilizada como \u00e1rea de cultivo y recarga de acu\u00edferos. La urbanizaci\u00f3n modific\u00f3 dr\u00e1sticamente la capacidad natural de absorci\u00f3n del agua al colocar una plancha de concreto y elevar el nivel del terreno, lo que ahora genera acumulaci\u00f3n de agua en momentos de lluvia intensa.<\/p>\n<blockquote>\n<p data-start=\"932\" data-end=\"1225\">\u201cEl drenaje que instalaron es de 1.5 metros de di\u00e1metro, pero es insuficiente. Toda el agua que baja del poniente, sobre todo en vialidades como La Palma y Casa de la Tercera Edad, arrastra grandes cantidades de tierra y agua que terminan estancadas frente a la plaza\u201d, explic\u00f3 el funcionario.<\/p>\n<\/blockquote>\n<p data-start=\"1227\" data-end=\"1604\">Adem\u00e1s, advirti\u00f3 que Explanada no cumpli\u00f3 con todas las condicionantes del impacto ambiental. Aunque se construyeron algunos pozos de absorci\u00f3n y rejillas de captaci\u00f3n, estas no son suficientes para enfrentar la magnitud de los escurrimientos. \u201cSe requiere duplicar el n\u00famero de rejillas y agregar al menos dos pozos de absorci\u00f3n en el per\u00edmetro exterior de la plaza\u201d, subray\u00f3.<\/p>\n<p data-start=\"1606\" data-end=\"1919\">Por su parte, el gobernador Menchaca a\u00f1adi\u00f3 que, si bien las lluvias han sido at\u00edpicas \u2014como la registrada el domingo, con una intensidad de 26 mil\u00edmetros\u2014, tambi\u00e9n se cometieron errores de planeaci\u00f3n urbana al permitir asentamientos en zonas vulnerables, sin la infraestructura adecuada para el desalojo pluvial.<\/p>\n<p data-start=\"1921\" data-end=\"2146\">El mandatario estatal hizo un llamado tanto a los desarrolladores como a la ciudadan\u00eda: \u201cSigue habiendo basura en las calles. Falta conciencia. Muchos piensan que no les afecta directamente, pero tarde o temprano s\u00ed lo hace\u201d.<\/p>\n<p data-start=\"2148\" data-end=\"2359\" data-is-last-node=\"\" data-is-only-node=\"\">Las autoridades anticiparon que continuar\u00e1n las lluvias en la regi\u00f3n, por lo que reforzar\u00e1n las medidas preventivas y exigieron a los responsables de la plaza comercial atender de inmediato las obras pendientes.<\/p>\n","protected":false},"excerpt":{"rendered":"<p>Por: Jos\u00e9 Antonio Alcaraz Su\u00e1rez Las recientes inundaciones registradas en la zona poniente de Pachuca, espec\u00edficamente en los alrededores de Plaza Explanada, tienen un origen claro: la omisi\u00f3n de obras complementarias por parte de los desarrolladores de este centro comercial. As\u00ed lo se\u00f1alaron el gobernador de Hidalgo Julio Menchaca Salazar y el director general de<\/p>\n","protected":false},"author":2,"featured_media":4783,"comment_status":"open","ping_status":"open","sticky":false,"template":"","format":"standard","meta":{"footnotes":""},"categories":[31,32,44],"tags":[87,248,247,65,246],"class_list":{"0":"post-4782","1":"post","2":"type-post","3":"status-publish","4":"format-standard","5":"has-post-thumbnail","7":"category-hidalgo","8":"category-metropoli","9":"category-minuto-a-minuto","10":"tag-hidalgo","11":"tag-inundacion","12":"tag-julio-menchaca-salazar","13":"tag-pachuca","14":"tag-plaza-explanada"},"yoast_head":"<!-- This site is optimized with the Yoast SEO plugin v26.1.1 - https:\/\/yoast.com\/wordpress\/plugins\/seo\/ -->\n<title>Desarrolladores de Plaza Explanada culpables de inundaciones - El Cardinal<\/title>\n<meta name=\"robots\" content=\"index, follow, max-snippet:-1, max-image-preview:large, max-video-preview:-1\" \/>\n<link rel=\"canonical\" href=\"https:\/\/elcardinal.com\/?p=4782\" \/>\n<meta property=\"og:locale\" content=\"es_MX\" \/>\n<meta property=\"og:type\" content=\"article\" \/>\n<meta property=\"og:title\" content=\"Desarrolladores de Plaza Explanada culpables de inundaciones - El Cardinal\" \/>\n<meta property=\"og:description\" content=\"Por: Jos\u00e9 Antonio Alcaraz Su\u00e1rez Las recientes inundaciones registradas en la zona poniente de Pachuca, espec\u00edficamente en los alrededores de Plaza Explanada, tienen un origen claro: la omisi\u00f3n de obras complementarias por parte de los desarrolladores de este centro comercial. As\u00ed lo se\u00f1alaron el gobernador de Hidalgo Julio Menchaca Salazar y el director general de\" \/>\n<meta property=\"og:url\" content=\"https:\/\/elcardinal.com\/?p=4782\" \/>\n<meta property=\"og:site_name\" content=\"El Cardinal\" \/>\n<meta property=\"article:publisher\" content=\"https:\/\/www.facebook.com\/profile.php?id=100063093107011\" \/>\n<meta property=\"article:published_time\" content=\"2025-06-17T03:42:40+00:00\" \/>\n<meta property=\"og:image\" content=\"https:\/\/elcardinal.com\/wp-content\/uploads\/2025\/06\/WhatsApp-Image-2025-06-16-at-9.41.22-PM-1.jpeg\" \/>\n\t<meta property=\"og:image:width\" content=\"1600\" \/>\n\t<meta property=\"og:image:height\" content=\"1142\" \/>\n\t<meta property=\"og:image:type\" content=\"image\/jpeg\" \/>\n<meta name=\"author\" content=\"Antonio Alcaraz\" \/>\n<meta name=\"twitter:card\" content=\"summary_large_image\" \/>\n<meta name=\"twitter:creator\" content=\"@ElCardinal_Mx\" \/>\n<meta name=\"twitter:site\" content=\"@ElCardinal_Mx\" \/>\n<meta name=\"twitter:label1\" content=\"Escrito por\" \/>\n\t<meta name=\"twitter:data1\" content=\"Antonio Alcaraz\" \/>\n\t<meta name=\"twitter:label2\" content=\"Tiempo de lectura\" \/>\n\t<meta name=\"twitter:data2\" content=\"2 minutos\" \/>\n<script type=\"application\/ld+json\" class=\"yoast-schema-graph\">{\"@context\":\"https:\/\/schema.org\",\"@graph\":[{\"@type\":\"Article\",\"@id\":\"https:\/\/elcardinal.com\/?p=4782#article\",\"isPartOf\":{\"@id\":\"https:\/\/elcardinal.com\/?p=4782\"},\"author\":{\"name\":\"Antonio Alcaraz\",\"@id\":\"https:\/\/elcardinal.com\/#\/schema\/person\/3c352ec0a33987fe275c0e8a2ea69f8b\"},\"headline\":\"Desarrolladores de Plaza Explanada culpables de inundaciones\",\"datePublished\":\"2025-06-17T03:42:40+00:00\",\"mainEntityOfPage\":{\"@id\":\"https:\/\/elcardinal.com\/?p=4782\"},\"wordCount\":400,\"commentCount\":0,\"publisher\":{\"@id\":\"https:\/\/elcardinal.com\/#organization\"},\"image\":{\"@id\":\"https:\/\/elcardinal.com\/?p=4782#primaryimage\"},\"thumbnailUrl\":\"https:\/\/elcardinal.com\/wp-content\/uploads\/2025\/06\/WhatsApp-Image-2025-06-16-at-9.41.22-PM-1.jpeg\",\"keywords\":[\"Hidalgo\",\"inundaci\u00f3n\",\"Julio Menchaca Salazar\",\"Pachuca\",\"Plaza Explanada\"],\"articleSection\":[\"Hidalgo\",\"Metr\u00f3poli\",\"Minuto a Minuto\"],\"inLanguage\":\"es\",\"potentialAction\":[{\"@type\":\"CommentAction\",\"name\":\"Comment\",\"target\":[\"https:\/\/elcardinal.com\/?p=4782#respond\"]}]},{\"@type\":\"WebPage\",\"@id\":\"https:\/\/elcardinal.com\/?p=4782\",\"url\":\"https:\/\/elcardinal.com\/?p=4782\",\"name\":\"Desarrolladores de Plaza Explanada culpables de inundaciones - El Cardinal\",\"isPartOf\":{\"@id\":\"https:\/\/elcardinal.com\/#website\"},\"primaryImageOfPage\":{\"@id\":\"https:\/\/elcardinal.com\/?p=4782#primaryimage\"},\"image\":{\"@id\":\"https:\/\/elcardinal.com\/?p=4782#primaryimage\"},\"thumbnailUrl\":\"https:\/\/elcardinal.com\/wp-content\/uploads\/2025\/06\/WhatsApp-Image-2025-06-16-at-9.41.22-PM-1.jpeg\",\"datePublished\":\"2025-06-17T03:42:40+00:00\",\"breadcrumb\":{\"@id\":\"https:\/\/elcardinal.com\/?p=4782#breadcrumb\"},\"inLanguage\":\"es\",\"potentialAction\":[{\"@type\":\"ReadAction\",\"target\":[\"https:\/\/elcardinal.com\/?p=4782\"]}]},{\"@type\":\"ImageObject\",\"inLanguage\":\"es\",\"@id\":\"https:\/\/elcardinal.com\/?p=4782#primaryimage\",\"url\":\"https:\/\/elcardinal.com\/wp-content\/uploads\/2025\/06\/WhatsApp-Image-2025-06-16-at-9.41.22-PM-1.jpeg\",\"contentUrl\":\"https:\/\/elcardinal.com\/wp-content\/uploads\/2025\/06\/WhatsApp-Image-2025-06-16-at-9.41.22-PM-1.jpeg\",\"width\":1600,\"height\":1142},{\"@type\":\"BreadcrumbList\",\"@id\":\"https:\/\/elcardinal.com\/?p=4782#breadcrumb\",\"itemListElement\":[{\"@type\":\"ListItem\",\"position\":1,\"name\":\"Inicio\",\"item\":\"https:\/\/elcardinal.com\/\"},{\"@type\":\"ListItem\",\"position\":2,\"name\":\"Desarrolladores de Plaza Explanada culpables de inundaciones\"}]},{\"@type\":\"WebSite\",\"@id\":\"https:\/\/elcardinal.com\/#website\",\"url\":\"https:\/\/elcardinal.com\/\",\"name\":\"El Cardinal\",\"description\":\"Periodismo honesto, con valor, sentido humano, a veces sarc\u00e1stico y divertido.\",\"publisher\":{\"@id\":\"https:\/\/elcardinal.com\/#organization\"},\"alternateName\":\"El Cardinal Noticias\",\"potentialAction\":[{\"@type\":\"SearchAction\",\"target\":{\"@type\":\"EntryPoint\",\"urlTemplate\":\"https:\/\/elcardinal.com\/?s={search_term_string}\"},\"query-input\":{\"@type\":\"PropertyValueSpecification\",\"valueRequired\":true,\"valueName\":\"search_term_string\"}}],\"inLanguage\":\"es\"},{\"@type\":\"Organization\",\"@id\":\"https:\/\/elcardinal.com\/#organization\",\"name\":\"El Cardinal\",\"url\":\"https:\/\/elcardinal.com\/\",\"logo\":{\"@type\":\"ImageObject\",\"inLanguage\":\"es\",\"@id\":\"https:\/\/elcardinal.com\/#\/schema\/logo\/image\/\",\"url\":\"https:\/\/elcardinal.com\/wp-content\/uploads\/2025\/04\/LOGO-EL-CARDINAL-Periodismo-con-valor.png\",\"contentUrl\":\"https:\/\/elcardinal.com\/wp-content\/uploads\/2025\/04\/LOGO-EL-CARDINAL-Periodismo-con-valor.png\",\"width\":755,\"height\":636,\"caption\":\"El Cardinal\"},\"image\":{\"@id\":\"https:\/\/elcardinal.com\/#\/schema\/logo\/image\/\"},\"sameAs\":[\"https:\/\/www.facebook.com\/profile.php?id=100063093107011\",\"https:\/\/x.com\/ElCardinal_Mx\"]},{\"@type\":\"Person\",\"@id\":\"https:\/\/elcardinal.com\/#\/schema\/person\/3c352ec0a33987fe275c0e8a2ea69f8b\",\"name\":\"Antonio Alcaraz\",\"image\":{\"@type\":\"ImageObject\",\"inLanguage\":\"es\",\"@id\":\"https:\/\/elcardinal.com\/#\/schema\/person\/image\/\",\"url\":\"https:\/\/elcardinal.com\/wp-content\/uploads\/2025\/05\/cropped-TONO-96x96.jpg\",\"contentUrl\":\"https:\/\/elcardinal.com\/wp-content\/uploads\/2025\/05\/cropped-TONO-96x96.jpg\",\"caption\":\"Antonio Alcaraz\"},\"url\":\"https:\/\/elcardinal.com\/?author=2\"}]}<\/script>\n<!-- \/ Yoast SEO plugin. -->","yoast_head_json":{"title":"Desarrolladores de Plaza Explanada culpables de inundaciones - El Cardinal","robots":{"index":"index","follow":"follow","max-snippet":"max-snippet:-1","max-image-preview":"max-image-preview:large","max-video-preview":"max-video-preview:-1"},"canonical":"https:\/\/elcardinal.com\/?p=4782","og_locale":"es_MX","og_type":"article","og_title":"Desarrolladores de Plaza Explanada culpables de inundaciones - El Cardinal","og_description":"Por: Jos\u00e9 Antonio Alcaraz Su\u00e1rez Las recientes inundaciones registradas en la zona poniente de Pachuca, espec\u00edficamente en los alrededores de Plaza Explanada, tienen un origen claro: la omisi\u00f3n de obras complementarias por parte de los desarrolladores de este centro comercial. As\u00ed lo se\u00f1alaron el gobernador de Hidalgo Julio Menchaca Salazar y el director general de","og_url":"https:\/\/elcardinal.com\/?p=4782","og_site_name":"El Cardinal","article_publisher":"https:\/\/www.facebook.com\/profile.php?id=100063093107011","article_published_time":"2025-06-17T03:42:40+00:00","og_image":[{"width":1600,"height":1142,"url":"https:\/\/elcardinal.com\/wp-content\/uploads\/2025\/06\/WhatsApp-Image-2025-06-16-at-9.41.22-PM-1.jpeg","type":"image\/jpeg"}],"author":"Antonio Alcaraz","twitter_card":"summary_large_image","twitter_creator":"@ElCardinal_Mx","twitter_site":"@ElCardinal_Mx","twitter_misc":{"Escrito por":"Antonio Alcaraz","Tiempo de lectura":"2 minutos"},"schema":{"@context":"https:\/\/schema.org","@graph":[{"@type":"Article","@id":"https:\/\/elcardinal.com\/?p=4782#article","isPartOf":{"@id":"https:\/\/elcardinal.com\/?p=4782"},"author":{"name":"Antonio Alcaraz","@id":"https:\/\/elcardinal.com\/#\/schema\/person\/3c352ec0a33987fe275c0e8a2ea69f8b"},"headline":"Desarrolladores de Plaza Explanada culpables de inundaciones","datePublished":"2025-06-17T03:42:40+00:00","mainEntityOfPage":{"@id":"https:\/\/elcardinal.com\/?p=4782"},"wordCount":400,"commentCount":0,"publisher":{"@id":"https:\/\/elcardinal.com\/#organization"},"image":{"@id":"https:\/\/elcardinal.com\/?p=4782#primaryimage"},"thumbnailUrl":"https:\/\/elcardinal.com\/wp-content\/uploads\/2025\/06\/WhatsApp-Image-2025-06-16-at-9.41.22-PM-1.jpeg","keywords":["Hidalgo","inundaci\u00f3n","Julio Menchaca Salazar","Pachuca","Plaza Explanada"],"articleSection":["Hidalgo","Metr\u00f3poli","Minuto a Minuto"],"inLanguage":"es","potentialAction":[{"@type":"CommentAction","name":"Comment","target":["https:\/\/elcardinal.com\/?p=4782#respond"]}]},{"@type":"WebPage","@id":"https:\/\/elcardinal.com\/?p=4782","url":"https:\/\/elcardinal.com\/?p=4782","name":"Desarrolladores de Plaza Explanada culpables de inundaciones - El Cardinal","isPartOf":{"@id":"https:\/\/elcardinal.com\/#website"},"primaryImageOfPage":{"@id":"https:\/\/elcardinal.com\/?p=4782#primaryimage"},"image":{"@id":"https:\/\/elcardinal.com\/?p=4782#primaryimage"},"thumbnailUrl":"https:\/\/elcardinal.com\/wp-content\/uploads\/2025\/06\/WhatsApp-Image-2025-06-16-at-9.41.22-PM-1.jpeg","datePublished":"2025-06-17T03:42:40+00:00","breadcrumb":{"@id":"https:\/\/elcardinal.com\/?p=4782#breadcrumb"},"inLanguage":"es","potentialAction":[{"@type":"ReadAction","target":["https:\/\/elcardinal.com\/?p=4782"]}]},{"@type":"ImageObject","inLanguage":"es","@id":"https:\/\/elcardinal.com\/?p=4782#primaryimage","url":"https:\/\/elcardinal.com\/wp-content\/uploads\/2025\/06\/WhatsApp-Image-2025-06-16-at-9.41.22-PM-1.jpeg","contentUrl":"https:\/\/elcardinal.com\/wp-content\/uploads\/2025\/06\/WhatsApp-Image-2025-06-16-at-9.41.22-PM-1.jpeg","width":1600,"height":1142},{"@type":"BreadcrumbList","@id":"https:\/\/elcardinal.com\/?p=4782#breadcrumb","itemListElement":[{"@type":"ListItem","position":1,"name":"Inicio","item":"https:\/\/elcardinal.com\/"},{"@type":"ListItem","position":2,"name":"Desarrolladores de Plaza Explanada culpables de inundaciones"}]},{"@type":"WebSite","@id":"https:\/\/elcardinal.com\/#website","url":"https:\/\/elcardinal.com\/","name":"El Cardinal","description":"Periodismo honesto, con valor, sentido humano, a veces sarc\u00e1stico y divertido.","publisher":{"@id":"https:\/\/elcardinal.com\/#organization"},"alternateName":"El Cardinal Noticias","potentialAction":[{"@type":"SearchAction","target":{"@type":"EntryPoint","urlTemplate":"https:\/\/elcardinal.com\/?s={search_term_string}"},"query-input":{"@type":"PropertyValueSpecification","valueRequired":true,"valueName":"search_term_string"}}],"inLanguage":"es"},{"@type":"Organization","@id":"https:\/\/elcardinal.com\/#organization","name":"El Cardinal","url":"https:\/\/elcardinal.com\/","logo":{"@type":"ImageObject","inLanguage":"es","@id":"https:\/\/elcardinal.com\/#\/schema\/logo\/image\/","url":"https:\/\/elcardinal.com\/wp-content\/uploads\/2025\/04\/LOGO-EL-CARDINAL-Periodismo-con-valor.png","contentUrl":"https:\/\/elcardinal.com\/wp-content\/uploads\/2025\/04\/LOGO-EL-CARDINAL-Periodismo-con-valor.png","width":755,"height":636,"caption":"El Cardinal"},"image":{"@id":"https:\/\/elcardinal.com\/#\/schema\/logo\/image\/"},"sameAs":["https:\/\/www.facebook.com\/profile.php?id=100063093107011","https:\/\/x.com\/ElCardinal_Mx"]},{"@type":"Person","@id":"https:\/\/elcardinal.com\/#\/schema\/person\/3c352ec0a33987fe275c0e8a2ea69f8b","name":"Antonio Alcaraz","image":{"@type":"ImageObject","inLanguage":"es","@id":"https:\/\/elcardinal.com\/#\/schema\/person\/image\/","url":"https:\/\/elcardinal.com\/wp-content\/uploads\/2025\/05\/cropped-TONO-96x96.jpg","contentUrl":"https:\/\/elcardinal.com\/wp-content\/uploads\/2025\/05\/cropped-TONO-96x96.jpg","caption":"Antonio Alcaraz"},"url":"https:\/\/elcardinal.com\/?author=2"}]}},"_links":{"self":[{"href":"https:\/\/elcardinal.com\/index.php?rest_route=\/wp\/v2\/posts\/4782","targetHints":{"allow":["GET"]}}],"collection":[{"href":"https:\/\/elcardinal.com\/index.php?rest_route=\/wp\/v2\/posts"}],"about":[{"href":"https:\/\/elcardinal.com\/index.php?rest_route=\/wp\/v2\/types\/post"}],"author":[{"embeddable":true,"href":"https:\/\/elcardinal.com\/index.php?rest_route=\/wp\/v2\/users\/2"}],"replies":[{"embeddable":true,"href":"https:\/\/elcardinal.com\/index.php?rest_route=%2Fwp%2Fv2%2Fcomments&post=4782"}],"version-history":[{"count":1,"href":"https:\/\/elcardinal.com\/index.php?rest_route=\/wp\/v2\/posts\/4782\/revisions"}],"predecessor-version":[{"id":4784,"href":"https:\/\/elcardinal.com\/index.php?rest_route=\/wp\/v2\/posts\/4782\/revisions\/4784"}],"wp:featuredmedia":[{"embeddable":true,"href":"https:\/\/elcardinal.com\/index.php?rest_route=\/wp\/v2\/media\/4783"}],"wp:attachment":[{"href":"https:\/\/elcardinal.com\/index.php?rest_route=%2Fwp%2Fv2%2Fmedia&parent=4782"}],"wp:term":[{"taxonomy":"category","embeddable":true,"href":"https:\/\/elcardinal.com\/index.php?rest_route=%2Fwp%2Fv2%2Fcategories&post=4782"},{"taxonomy":"post_tag","embeddable":true,"href":"https:\/\/elcardinal.com\/index.php?rest_route=%2Fwp%2Fv2%2Ftags&post=4782"}],"curies":[{"name":"wp","href":"https:\/\/api.w.org\/{rel}","templated":true}]}}