{"id":4785,"date":"2025-06-16T22:23:41","date_gmt":"2025-06-17T04:23:41","guid":{"rendered":"https:\/\/elcardinal.com\/?p=4785"},"modified":"2025-06-16T22:23:41","modified_gmt":"2025-06-17T04:23:41","slug":"williams-trejo-denuncia-calumnias-y-exige-juicio-justo-en-caso-de-supuesto-abuso","status":"publish","type":"post","link":"https:\/\/elcardinal.com\/?p=4785","title":{"rendered":"Williams Trejo denuncia calumnias y exige juicio justo en caso de supuesto abuso"},"content":{"rendered":"<p>Por: Redacci\u00f3n<\/p>\n<p>ZIMAP\u00c1N, Hidalgo.- <strong>Arturo Williams Trejo Leal<\/strong> rompi\u00f3 el silencio este fin de semana para fijar su postura ante las acusaciones que lo involucran, junto con su esposa Bertha Eva Medina Hern\u00e1ndez y su cu\u00f1ada Alhely Medina Hern\u00e1ndez, en un caso de presunto abuso contra dos menores de edad. En un comunicado dirigido a la opini\u00f3n p\u00fablica, asegur\u00f3 que las imputaciones carecen de sustento y forman parte de una campa\u00f1a de calumnias impulsada por su hermana Ayl\u00e9n Trejo Leal, con motivaciones econ\u00f3micas y pol\u00edticas.<\/p>\n<p>\u201cEnfrento junto con mi familia un perverso juicio paralelo que pretende sentenciarme medi\u00e1ticamente\u201d, afirm\u00f3.<\/p>\n<p>De acuerdo con su versi\u00f3n, los se\u00f1alamientos forman parte de una estrategia para despojar a Ixtshell Trejo Leal, heredera universal de su padre, y desacreditar a su familia a trav\u00e9s de una narrativa sin pruebas, que \u2014seg\u00fan sostiene\u2014 ha cambiado en m\u00faltiples ocasiones durante el proceso judicial.<\/p>\n<p>Trejo Leal subray\u00f3 que la verdadera situaci\u00f3n de vulnerabilidad recae sobre sus sobrinitas, a quienes acusa haber sido v\u00edctimas de abandono, maltrato y violencia por parte de su propia madre, Jaqueline Trejo Leal, y la pareja sentimental de \u00e9sta. \u201cDebe investigarse y sancionarse en\u00e9rgicamente ese contexto de violencia familiar\u201d, exigi\u00f3.<\/p>\n<p><strong>Denuncia fabricaci\u00f3n y contradicciones<\/strong><\/p>\n<p>Entre los \u201chechos irrefutables\u201d que menciona, destaca que la denuncia inicial fue ampliada para incluir a m\u00e1s imputados sin pruebas contundentes, y que se han manipulado testimonios y dict\u00e1menes m\u00e9dicos particulares manipulados. Asegura que peritajes psicol\u00f3gicos y cl\u00ednicos \u2014p\u00fablicos y privados\u2014 descartan da\u00f1os f\u00edsicos o psicol\u00f3gicos en las menores relacionados con los hechos denunciados.<\/p>\n<p>Asimismo, acusa que una m\u00e9dico que se neg\u00f3 a respaldar el supuesto abuso fue amenazada y sobornada, y que hay pruebas de falsificaci\u00f3n de documentos por parte de Ayl\u00e9n Trejo Leal. A\u00f1ade que tanto Jaqueline como Ayl\u00e9n ya hab\u00edan sido se\u00f1aladas por su padre por conflictos econ\u00f3micos, amenazas y violencia intrafamiliar, seg\u00fan consta en carpetas de investigaci\u00f3n previas.<\/p>\n<p><strong>Vincula el caso con conflicto sindical<\/strong><\/p>\n<p>Williams Trejo Leal tambi\u00e9n estableci\u00f3 una conexi\u00f3n entre su caso y los recientes disturbios registrados en Zimap\u00e1n el pasado 11 de junio, se\u00f1alando un presunto v\u00ednculo entre su hermana Ayl\u00e9n y el sindicato del cemento. \u201cNo est\u00e1n aislados de la persecuci\u00f3n que enfrentamos\u201d, afirm\u00f3.<\/p>\n<p>Finalmente, exigi\u00f3 un proceso judicial justo, respeto al principio de presunci\u00f3n de inocencia y una investigaci\u00f3n imparcial, lejos de intereses pol\u00edticos. \u201c\u00a1Mil mentiras, repetidas mil veces, jam\u00e1s se convertir\u00e1n en verdad!\u201d, concluy\u00f3.<\/p>\n","protected":false},"excerpt":{"rendered":"<p>Por: Redacci\u00f3n ZIMAP\u00c1N, Hidalgo.- Arturo Williams Trejo Leal rompi\u00f3 el silencio este fin de semana para fijar su postura ante las acusaciones que lo involucran, junto con su esposa Bertha Eva Medina Hern\u00e1ndez y su cu\u00f1ada Alhely Medina Hern\u00e1ndez, en un caso de presunto abuso contra dos menores de edad. En un comunicado dirigido a<\/p>\n","protected":false},"author":1,"featured_media":4786,"comment_status":"open","ping_status":"open","sticky":false,"template":"","format":"standard","meta":{"footnotes":""},"categories":[31,44],"tags":[249,250],"class_list":{"0":"post-4785","1":"post","2":"type-post","3":"status-publish","4":"format-standard","5":"has-post-thumbnail","7":"category-hidalgo","8":"category-minuto-a-minuto","9":"tag-arturo-williams-trejo-leal","10":"tag-zimapan"},"yoast_head":"<!-- This site is optimized with the Yoast SEO plugin v26.1.1 - https:\/\/yoast.com\/wordpress\/plugins\/seo\/ -->\n<title>Williams Trejo denuncia calumnias y exige juicio justo en caso de supuesto abuso - El Cardinal<\/title>\n<meta name=\"robots\" content=\"index, follow, max-snippet:-1, max-image-preview:large, max-video-preview:-1\" \/>\n<link rel=\"canonical\" href=\"https:\/\/elcardinal.com\/?p=4785\" \/>\n<meta property=\"og:locale\" content=\"es_MX\" \/>\n<meta property=\"og:type\" content=\"article\" \/>\n<meta property=\"og:title\" content=\"Williams Trejo denuncia calumnias y exige juicio justo en caso de supuesto abuso - El Cardinal\" \/>\n<meta property=\"og:description\" content=\"Por: Redacci\u00f3n ZIMAP\u00c1N, Hidalgo.- Arturo Williams Trejo Leal rompi\u00f3 el silencio este fin de semana para fijar su postura ante las acusaciones que lo involucran, junto con su esposa Bertha Eva Medina Hern\u00e1ndez y su cu\u00f1ada Alhely Medina Hern\u00e1ndez, en un caso de presunto abuso contra dos menores de edad. En un comunicado dirigido a\" \/>\n<meta property=\"og:url\" content=\"https:\/\/elcardinal.com\/?p=4785\" \/>\n<meta property=\"og:site_name\" content=\"El Cardinal\" \/>\n<meta property=\"article:publisher\" content=\"https:\/\/www.facebook.com\/profile.php?id=100063093107011\" \/>\n<meta property=\"article:published_time\" content=\"2025-06-17T04:23:41+00:00\" \/>\n<meta property=\"og:image\" content=\"https:\/\/elcardinal.com\/wp-content\/uploads\/2025\/06\/WhatsApp-Image-2025-06-16-at-3.47.50-PM.jpeg\" \/>\n\t<meta property=\"og:image:width\" content=\"1600\" \/>\n\t<meta property=\"og:image:height\" content=\"1066\" \/>\n\t<meta property=\"og:image:type\" content=\"image\/jpeg\" \/>\n<meta name=\"author\" content=\"admin\" \/>\n<meta name=\"twitter:card\" content=\"summary_large_image\" \/>\n<meta name=\"twitter:creator\" content=\"@ElCardinal_Mx\" \/>\n<meta name=\"twitter:site\" content=\"@ElCardinal_Mx\" \/>\n<meta name=\"twitter:label1\" content=\"Escrito por\" \/>\n\t<meta name=\"twitter:data1\" content=\"admin\" \/>\n\t<meta name=\"twitter:label2\" content=\"Tiempo de lectura\" \/>\n\t<meta name=\"twitter:data2\" content=\"3 minutos\" \/>\n<script type=\"application\/ld+json\" class=\"yoast-schema-graph\">{\"@context\":\"https:\/\/schema.org\",\"@graph\":[{\"@type\":\"Article\",\"@id\":\"https:\/\/elcardinal.com\/?p=4785#article\",\"isPartOf\":{\"@id\":\"https:\/\/elcardinal.com\/?p=4785\"},\"author\":{\"name\":\"admin\",\"@id\":\"https:\/\/elcardinal.com\/#\/schema\/person\/5afd392a3b300b95afb068a1cd3abccc\"},\"headline\":\"Williams Trejo denuncia calumnias y exige juicio justo en caso de supuesto abuso\",\"datePublished\":\"2025-06-17T04:23:41+00:00\",\"mainEntityOfPage\":{\"@id\":\"https:\/\/elcardinal.com\/?p=4785\"},\"wordCount\":460,\"commentCount\":0,\"publisher\":{\"@id\":\"https:\/\/elcardinal.com\/#organization\"},\"image\":{\"@id\":\"https:\/\/elcardinal.com\/?p=4785#primaryimage\"},\"thumbnailUrl\":\"https:\/\/elcardinal.com\/wp-content\/uploads\/2025\/06\/WhatsApp-Image-2025-06-16-at-3.47.50-PM.jpeg\",\"keywords\":[\"Arturo Williams Trejo Leal\",\"Zimap\u00e1n\"],\"articleSection\":[\"Hidalgo\",\"Minuto a Minuto\"],\"inLanguage\":\"es\",\"potentialAction\":[{\"@type\":\"CommentAction\",\"name\":\"Comment\",\"target\":[\"https:\/\/elcardinal.com\/?p=4785#respond\"]}]},{\"@type\":\"WebPage\",\"@id\":\"https:\/\/elcardinal.com\/?p=4785\",\"url\":\"https:\/\/elcardinal.com\/?p=4785\",\"name\":\"Williams Trejo denuncia calumnias y exige juicio justo en caso de supuesto abuso - El Cardinal\",\"isPartOf\":{\"@id\":\"https:\/\/elcardinal.com\/#website\"},\"primaryImageOfPage\":{\"@id\":\"https:\/\/elcardinal.com\/?p=4785#primaryimage\"},\"image\":{\"@id\":\"https:\/\/elcardinal.com\/?p=4785#primaryimage\"},\"thumbnailUrl\":\"https:\/\/elcardinal.com\/wp-content\/uploads\/2025\/06\/WhatsApp-Image-2025-06-16-at-3.47.50-PM.jpeg\",\"datePublished\":\"2025-06-17T04:23:41+00:00\",\"breadcrumb\":{\"@id\":\"https:\/\/elcardinal.com\/?p=4785#breadcrumb\"},\"inLanguage\":\"es\",\"potentialAction\":[{\"@type\":\"ReadAction\",\"target\":[\"https:\/\/elcardinal.com\/?p=4785\"]}]},{\"@type\":\"ImageObject\",\"inLanguage\":\"es\",\"@id\":\"https:\/\/elcardinal.com\/?p=4785#primaryimage\",\"url\":\"https:\/\/elcardinal.com\/wp-content\/uploads\/2025\/06\/WhatsApp-Image-2025-06-16-at-3.47.50-PM.jpeg\",\"contentUrl\":\"https:\/\/elcardinal.com\/wp-content\/uploads\/2025\/06\/WhatsApp-Image-2025-06-16-at-3.47.50-PM.jpeg\",\"width\":1600,\"height\":1066},{\"@type\":\"BreadcrumbList\",\"@id\":\"https:\/\/elcardinal.com\/?p=4785#breadcrumb\",\"itemListElement\":[{\"@type\":\"ListItem\",\"position\":1,\"name\":\"Inicio\",\"item\":\"https:\/\/elcardinal.com\/\"},{\"@type\":\"ListItem\",\"position\":2,\"name\":\"Williams Trejo denuncia calumnias y exige juicio justo en caso de supuesto abuso\"}]},{\"@type\":\"WebSite\",\"@id\":\"https:\/\/elcardinal.com\/#website\",\"url\":\"https:\/\/elcardinal.com\/\",\"name\":\"El Cardinal\",\"description\":\"Periodismo honesto, con valor, sentido humano, a veces sarc\u00e1stico y divertido.\",\"publisher\":{\"@id\":\"https:\/\/elcardinal.com\/#organization\"},\"alternateName\":\"El Cardinal Noticias\",\"potentialAction\":[{\"@type\":\"SearchAction\",\"target\":{\"@type\":\"EntryPoint\",\"urlTemplate\":\"https:\/\/elcardinal.com\/?s={search_term_string}\"},\"query-input\":{\"@type\":\"PropertyValueSpecification\",\"valueRequired\":true,\"valueName\":\"search_term_string\"}}],\"inLanguage\":\"es\"},{\"@type\":\"Organization\",\"@id\":\"https:\/\/elcardinal.com\/#organization\",\"name\":\"El Cardinal\",\"url\":\"https:\/\/elcardinal.com\/\",\"logo\":{\"@type\":\"ImageObject\",\"inLanguage\":\"es\",\"@id\":\"https:\/\/elcardinal.com\/#\/schema\/logo\/image\/\",\"url\":\"https:\/\/elcardinal.com\/wp-content\/uploads\/2025\/04\/LOGO-EL-CARDINAL-Periodismo-con-valor.png\",\"contentUrl\":\"https:\/\/elcardinal.com\/wp-content\/uploads\/2025\/04\/LOGO-EL-CARDINAL-Periodismo-con-valor.png\",\"width\":755,\"height\":636,\"caption\":\"El Cardinal\"},\"image\":{\"@id\":\"https:\/\/elcardinal.com\/#\/schema\/logo\/image\/\"},\"sameAs\":[\"https:\/\/www.facebook.com\/profile.php?id=100063093107011\",\"https:\/\/x.com\/ElCardinal_Mx\"]},{\"@type\":\"Person\",\"@id\":\"https:\/\/elcardinal.com\/#\/schema\/person\/5afd392a3b300b95afb068a1cd3abccc\",\"name\":\"admin\",\"image\":{\"@type\":\"ImageObject\",\"inLanguage\":\"es\",\"@id\":\"https:\/\/elcardinal.com\/#\/schema\/person\/image\/\",\"url\":\"https:\/\/secure.gravatar.com\/avatar\/dd589adc02664698426865558854714d2d82548501e48cbe9b9f1997b68138b6?s=96&d=mm&r=g\",\"contentUrl\":\"https:\/\/secure.gravatar.com\/avatar\/dd589adc02664698426865558854714d2d82548501e48cbe9b9f1997b68138b6?s=96&d=mm&r=g\",\"caption\":\"admin\"},\"sameAs\":[\"https:\/\/elcardinal.com\"],\"url\":\"https:\/\/elcardinal.com\/?author=1\"}]}<\/script>\n<!-- \/ Yoast SEO plugin. -->","yoast_head_json":{"title":"Williams Trejo denuncia calumnias y exige juicio justo en caso de supuesto abuso - El Cardinal","robots":{"index":"index","follow":"follow","max-snippet":"max-snippet:-1","max-image-preview":"max-image-preview:large","max-video-preview":"max-video-preview:-1"},"canonical":"https:\/\/elcardinal.com\/?p=4785","og_locale":"es_MX","og_type":"article","og_title":"Williams Trejo denuncia calumnias y exige juicio justo en caso de supuesto abuso - El Cardinal","og_description":"Por: Redacci\u00f3n ZIMAP\u00c1N, Hidalgo.- Arturo Williams Trejo Leal rompi\u00f3 el silencio este fin de semana para fijar su postura ante las acusaciones que lo involucran, junto con su esposa Bertha Eva Medina Hern\u00e1ndez y su cu\u00f1ada Alhely Medina Hern\u00e1ndez, en un caso de presunto abuso contra dos menores de edad. En un comunicado dirigido a","og_url":"https:\/\/elcardinal.com\/?p=4785","og_site_name":"El Cardinal","article_publisher":"https:\/\/www.facebook.com\/profile.php?id=100063093107011","article_published_time":"2025-06-17T04:23:41+00:00","og_image":[{"width":1600,"height":1066,"url":"https:\/\/elcardinal.com\/wp-content\/uploads\/2025\/06\/WhatsApp-Image-2025-06-16-at-3.47.50-PM.jpeg","type":"image\/jpeg"}],"author":"admin","twitter_card":"summary_large_image","twitter_creator":"@ElCardinal_Mx","twitter_site":"@ElCardinal_Mx","twitter_misc":{"Escrito por":"admin","Tiempo de lectura":"3 minutos"},"schema":{"@context":"https:\/\/schema.org","@graph":[{"@type":"Article","@id":"https:\/\/elcardinal.com\/?p=4785#article","isPartOf":{"@id":"https:\/\/elcardinal.com\/?p=4785"},"author":{"name":"admin","@id":"https:\/\/elcardinal.com\/#\/schema\/person\/5afd392a3b300b95afb068a1cd3abccc"},"headline":"Williams Trejo denuncia calumnias y exige juicio justo en caso de supuesto abuso","datePublished":"2025-06-17T04:23:41+00:00","mainEntityOfPage":{"@id":"https:\/\/elcardinal.com\/?p=4785"},"wordCount":460,"commentCount":0,"publisher":{"@id":"https:\/\/elcardinal.com\/#organization"},"image":{"@id":"https:\/\/elcardinal.com\/?p=4785#primaryimage"},"thumbnailUrl":"https:\/\/elcardinal.com\/wp-content\/uploads\/2025\/06\/WhatsApp-Image-2025-06-16-at-3.47.50-PM.jpeg","keywords":["Arturo Williams Trejo Leal","Zimap\u00e1n"],"articleSection":["Hidalgo","Minuto a Minuto"],"inLanguage":"es","potentialAction":[{"@type":"CommentAction","name":"Comment","target":["https:\/\/elcardinal.com\/?p=4785#respond"]}]},{"@type":"WebPage","@id":"https:\/\/elcardinal.com\/?p=4785","url":"https:\/\/elcardinal.com\/?p=4785","name":"Williams Trejo denuncia calumnias y exige juicio justo en caso de supuesto abuso - El Cardinal","isPartOf":{"@id":"https:\/\/elcardinal.com\/#website"},"primaryImageOfPage":{"@id":"https:\/\/elcardinal.com\/?p=4785#primaryimage"},"image":{"@id":"https:\/\/elcardinal.com\/?p=4785#primaryimage"},"thumbnailUrl":"https:\/\/elcardinal.com\/wp-content\/uploads\/2025\/06\/WhatsApp-Image-2025-06-16-at-3.47.50-PM.jpeg","datePublished":"2025-06-17T04:23:41+00:00","breadcrumb":{"@id":"https:\/\/elcardinal.com\/?p=4785#breadcrumb"},"inLanguage":"es","potentialAction":[{"@type":"ReadAction","target":["https:\/\/elcardinal.com\/?p=4785"]}]},{"@type":"ImageObject","inLanguage":"es","@id":"https:\/\/elcardinal.com\/?p=4785#primaryimage","url":"https:\/\/elcardinal.com\/wp-content\/uploads\/2025\/06\/WhatsApp-Image-2025-06-16-at-3.47.50-PM.jpeg","contentUrl":"https:\/\/elcardinal.com\/wp-content\/uploads\/2025\/06\/WhatsApp-Image-2025-06-16-at-3.47.50-PM.jpeg","width":1600,"height":1066},{"@type":"BreadcrumbList","@id":"https:\/\/elcardinal.com\/?p=4785#breadcrumb","itemListElement":[{"@type":"ListItem","position":1,"name":"Inicio","item":"https:\/\/elcardinal.com\/"},{"@type":"ListItem","position":2,"name":"Williams Trejo denuncia calumnias y exige juicio justo en caso de supuesto abuso"}]},{"@type":"WebSite","@id":"https:\/\/elcardinal.com\/#website","url":"https:\/\/elcardinal.com\/","name":"El Cardinal","description":"Periodismo honesto, con valor, sentido humano, a veces sarc\u00e1stico y divertido.","publisher":{"@id":"https:\/\/elcardinal.com\/#organization"},"alternateName":"El Cardinal Noticias","potentialAction":[{"@type":"SearchAction","target":{"@type":"EntryPoint","urlTemplate":"https:\/\/elcardinal.com\/?s={search_term_string}"},"query-input":{"@type":"PropertyValueSpecification","valueRequired":true,"valueName":"search_term_string"}}],"inLanguage":"es"},{"@type":"Organization","@id":"https:\/\/elcardinal.com\/#organization","name":"El Cardinal","url":"https:\/\/elcardinal.com\/","logo":{"@type":"ImageObject","inLanguage":"es","@id":"https:\/\/elcardinal.com\/#\/schema\/logo\/image\/","url":"https:\/\/elcardinal.com\/wp-content\/uploads\/2025\/04\/LOGO-EL-CARDINAL-Periodismo-con-valor.png","contentUrl":"https:\/\/elcardinal.com\/wp-content\/uploads\/2025\/04\/LOGO-EL-CARDINAL-Periodismo-con-valor.png","width":755,"height":636,"caption":"El Cardinal"},"image":{"@id":"https:\/\/elcardinal.com\/#\/schema\/logo\/image\/"},"sameAs":["https:\/\/www.facebook.com\/profile.php?id=100063093107011","https:\/\/x.com\/ElCardinal_Mx"]},{"@type":"Person","@id":"https:\/\/elcardinal.com\/#\/schema\/person\/5afd392a3b300b95afb068a1cd3abccc","name":"admin","image":{"@type":"ImageObject","inLanguage":"es","@id":"https:\/\/elcardinal.com\/#\/schema\/person\/image\/","url":"https:\/\/secure.gravatar.com\/avatar\/dd589adc02664698426865558854714d2d82548501e48cbe9b9f1997b68138b6?s=96&d=mm&r=g","contentUrl":"https:\/\/secure.gravatar.com\/avatar\/dd589adc02664698426865558854714d2d82548501e48cbe9b9f1997b68138b6?s=96&d=mm&r=g","caption":"admin"},"sameAs":["https:\/\/elcardinal.com"],"url":"https:\/\/elcardinal.com\/?author=1"}]}},"_links":{"self":[{"href":"https:\/\/elcardinal.com\/index.php?rest_route=\/wp\/v2\/posts\/4785","targetHints":{"allow":["GET"]}}],"collection":[{"href":"https:\/\/elcardinal.com\/index.php?rest_route=\/wp\/v2\/posts"}],"about":[{"href":"https:\/\/elcardinal.com\/index.php?rest_route=\/wp\/v2\/types\/post"}],"author":[{"embeddable":true,"href":"https:\/\/elcardinal.com\/index.php?rest_route=\/wp\/v2\/users\/1"}],"replies":[{"embeddable":true,"href":"https:\/\/elcardinal.com\/index.php?rest_route=%2Fwp%2Fv2%2Fcomments&post=4785"}],"version-history":[{"count":1,"href":"https:\/\/elcardinal.com\/index.php?rest_route=\/wp\/v2\/posts\/4785\/revisions"}],"predecessor-version":[{"id":4787,"href":"https:\/\/elcardinal.com\/index.php?rest_route=\/wp\/v2\/posts\/4785\/revisions\/4787"}],"wp:featuredmedia":[{"embeddable":true,"href":"https:\/\/elcardinal.com\/index.php?rest_route=\/wp\/v2\/media\/4786"}],"wp:attachment":[{"href":"https:\/\/elcardinal.com\/index.php?rest_route=%2Fwp%2Fv2%2Fmedia&parent=4785"}],"wp:term":[{"taxonomy":"category","embeddable":true,"href":"https:\/\/elcardinal.com\/index.php?rest_route=%2Fwp%2Fv2%2Fcategories&post=4785"},{"taxonomy":"post_tag","embeddable":true,"href":"https:\/\/elcardinal.com\/index.php?rest_route=%2Fwp%2Fv2%2Ftags&post=4785"}],"curies":[{"name":"wp","href":"https:\/\/api.w.org\/{rel}","templated":true}]}}