{"id":4805,"date":"2025-06-22T07:52:19","date_gmt":"2025-06-22T13:52:19","guid":{"rendered":"https:\/\/elcardinal.com\/?p=4805"},"modified":"2025-06-22T07:52:19","modified_gmt":"2025-06-22T13:52:19","slug":"el-amor-por-la-lectura-nace-en-la-palabra-echada-a-volar","status":"publish","type":"post","link":"https:\/\/elcardinal.com\/?p=4805","title":{"rendered":"El amor por la lectura nace en la palabra echada a volar"},"content":{"rendered":"<p>Por: <strong>Tania Mart\u00ednez Su\u00e1rez<\/strong><\/p>\n<p>Lo que m\u00e1s recuerdo de <strong>mi abuelo son sus historias<\/strong>, el tono de su voz, el movimiento de sus manos, sus ademanes, nos manten\u00eda atentos a su charla, prestos a los cambios repentinos de sentido dentro de la trama, sus narraciones ten\u00edan un hilo conductor maravilloso. <strong>El pasado, los sue\u00f1os y su terru\u00f1o siempre encontraban un espacio para manifestarse.<\/strong><\/p>\n<p>La\u00a0 transmisi\u00f3n oral de saberes es la base de las sociedades, la comunicaci\u00f3n es el conducto, la amalgama y el recipiente en el que las ideas se comparten, se diseminan y germinan. Nos conectamos a trav\u00e9s de las palabras, <strong>la transmisi\u00f3n de las ideas fue en primera instancia oral<\/strong>, as\u00ed iba de generaci\u00f3n en generaci\u00f3n adicionando nuevos conocimientos adquiridos y reforzando los lazos comunitarios. Espect\u00e1culos como el teatro permit\u00edan compartir con un mayor n\u00famero de personas determinados mensajes que muchas veces estaban al servicio del gobernante en turno. Con la aparici\u00f3n de los libros impresos en 1455 la escritura se convirti\u00f3 en el medio para resguardar la memoria de la humanidad.<\/p>\n<blockquote><p>Los libros son objetos comerciales es cierto, est\u00e1n sujetos al mercado y a la moda, a los Best Seller o el encriptado mundo de los intelectuales que a pesar de su entelequia no se hacen entender, s\u00ed es todo eso\u2026 pero sobre todo son <strong>una ventana, una posibilidad,<\/strong> una misiva que cada persona recibe de forma \u00fanica, el mismos libro ser\u00e1 interpretado de forma distinta por cada lector, incluso le dir\u00e1 cosas distintas si lo lee en diversos momentos de su vida.<\/p><\/blockquote>\n<p>La lectura ha sido mi compa\u00f1\u00eda, mi lugar sereno y detonador de transformaciones en mi criterio, me ha ayudado a dialogar conmigo, y encontrar las palabras para hacerlo con los dem\u00e1s, nunca me he sentido sola si tengo un libro conmigo. Genero estrategias de <strong>fomento a la lectura y escritura<\/strong> buscando despertar en las y los participantes las mismas sensaciones que experiment\u00e9, \u201cCreo que parte de mi amor a la vida se lo debo a mi amor a los libros\u201d. <strong>Adolfo Bioy Casares.<\/strong><\/p>\n<p>Los t\u00edtulos que las personas anteponen a su nombre cuando firman un documento o se presentan no significan mucho para m\u00ed, si tuviera que autoproclamarse con uno, ese ser\u00eda sembradora, es un deleite compartir con diferentes comunidades: ense\u00f1ando, aprendiendo, mirando desde otra perspectiva. nada me hace m\u00e1s feliz que reconocer en los dem\u00e1s, articular nuevas formas de comunicarse, jugar, reflexionar, repensarse en el espacio que se habita, ayudar a que la palabra encuentre o\u00eddos donde florecer, que sea contagiosa la lectura y se renueve el aire que respiramos.<\/p>\n<p>&nbsp;<\/p>\n","protected":false},"excerpt":{"rendered":"<p>Por: Tania Mart\u00ednez Su\u00e1rez Lo que m\u00e1s recuerdo de mi abuelo son sus historias, el tono de su voz, el movimiento de sus manos, sus ademanes, nos manten\u00eda atentos a su charla, prestos a los cambios repentinos de sentido dentro de la trama, sus narraciones ten\u00edan un hilo conductor maravilloso. El pasado, los sue\u00f1os y<\/p>\n","protected":false},"author":1,"featured_media":4234,"comment_status":"open","ping_status":"open","sticky":false,"template":"","format":"standard","meta":{"footnotes":""},"categories":[44,35],"tags":[54,55],"class_list":{"0":"post-4805","1":"post","2":"type-post","3":"status-publish","4":"format-standard","5":"has-post-thumbnail","7":"category-minuto-a-minuto","8":"category-opinion","9":"tag-proscrita","10":"tag-tania-martinez-suarez"},"yoast_head":"<!-- This site is optimized with the Yoast SEO plugin v26.1.1 - https:\/\/yoast.com\/wordpress\/plugins\/seo\/ -->\n<title>El amor por la lectura nace en la palabra echada a volar - El Cardinal<\/title>\n<meta name=\"robots\" content=\"index, follow, max-snippet:-1, max-image-preview:large, max-video-preview:-1\" \/>\n<link rel=\"canonical\" href=\"https:\/\/elcardinal.com\/?p=4805\" \/>\n<meta property=\"og:locale\" content=\"es_MX\" \/>\n<meta property=\"og:type\" content=\"article\" \/>\n<meta property=\"og:title\" content=\"El amor por la lectura nace en la palabra echada a volar - El Cardinal\" \/>\n<meta property=\"og:description\" content=\"Por: Tania Mart\u00ednez Su\u00e1rez Lo que m\u00e1s recuerdo de mi abuelo son sus historias, el tono de su voz, el movimiento de sus manos, sus ademanes, nos manten\u00eda atentos a su charla, prestos a los cambios repentinos de sentido dentro de la trama, sus narraciones ten\u00edan un hilo conductor maravilloso. El pasado, los sue\u00f1os y\" \/>\n<meta property=\"og:url\" content=\"https:\/\/elcardinal.com\/?p=4805\" \/>\n<meta property=\"og:site_name\" content=\"El Cardinal\" \/>\n<meta property=\"article:publisher\" content=\"https:\/\/www.facebook.com\/profile.php?id=100063093107011\" \/>\n<meta property=\"article:published_time\" content=\"2025-06-22T13:52:19+00:00\" \/>\n<meta property=\"og:image\" content=\"https:\/\/elcardinal.com\/wp-content\/uploads\/2025\/04\/Semillas-Esterales.png\" \/>\n\t<meta property=\"og:image:width\" content=\"940\" \/>\n\t<meta property=\"og:image:height\" content=\"788\" \/>\n\t<meta property=\"og:image:type\" content=\"image\/png\" \/>\n<meta name=\"author\" content=\"admin\" \/>\n<meta name=\"twitter:card\" content=\"summary_large_image\" \/>\n<meta name=\"twitter:creator\" content=\"@ElCardinal_Mx\" \/>\n<meta name=\"twitter:site\" content=\"@ElCardinal_Mx\" \/>\n<meta name=\"twitter:label1\" content=\"Escrito por\" \/>\n\t<meta name=\"twitter:data1\" content=\"admin\" \/>\n\t<meta name=\"twitter:label2\" content=\"Tiempo de lectura\" \/>\n\t<meta name=\"twitter:data2\" content=\"2 minutos\" \/>\n<script type=\"application\/ld+json\" class=\"yoast-schema-graph\">{\"@context\":\"https:\/\/schema.org\",\"@graph\":[{\"@type\":\"Article\",\"@id\":\"https:\/\/elcardinal.com\/?p=4805#article\",\"isPartOf\":{\"@id\":\"https:\/\/elcardinal.com\/?p=4805\"},\"author\":{\"name\":\"admin\",\"@id\":\"https:\/\/elcardinal.com\/#\/schema\/person\/5afd392a3b300b95afb068a1cd3abccc\"},\"headline\":\"El amor por la lectura nace en la palabra echada a volar\",\"datePublished\":\"2025-06-22T13:52:19+00:00\",\"mainEntityOfPage\":{\"@id\":\"https:\/\/elcardinal.com\/?p=4805\"},\"wordCount\":465,\"commentCount\":0,\"publisher\":{\"@id\":\"https:\/\/elcardinal.com\/#organization\"},\"image\":{\"@id\":\"https:\/\/elcardinal.com\/?p=4805#primaryimage\"},\"thumbnailUrl\":\"https:\/\/elcardinal.com\/wp-content\/uploads\/2025\/04\/Semillas-Esterales.png\",\"keywords\":[\"Proscrita\",\"Tania Mart\u00ednez Su\u00e1rez\"],\"articleSection\":[\"Minuto a Minuto\",\"Opini\u00f3n\"],\"inLanguage\":\"es\",\"potentialAction\":[{\"@type\":\"CommentAction\",\"name\":\"Comment\",\"target\":[\"https:\/\/elcardinal.com\/?p=4805#respond\"]}]},{\"@type\":\"WebPage\",\"@id\":\"https:\/\/elcardinal.com\/?p=4805\",\"url\":\"https:\/\/elcardinal.com\/?p=4805\",\"name\":\"El amor por la lectura nace en la palabra echada a volar - El Cardinal\",\"isPartOf\":{\"@id\":\"https:\/\/elcardinal.com\/#website\"},\"primaryImageOfPage\":{\"@id\":\"https:\/\/elcardinal.com\/?p=4805#primaryimage\"},\"image\":{\"@id\":\"https:\/\/elcardinal.com\/?p=4805#primaryimage\"},\"thumbnailUrl\":\"https:\/\/elcardinal.com\/wp-content\/uploads\/2025\/04\/Semillas-Esterales.png\",\"datePublished\":\"2025-06-22T13:52:19+00:00\",\"breadcrumb\":{\"@id\":\"https:\/\/elcardinal.com\/?p=4805#breadcrumb\"},\"inLanguage\":\"es\",\"potentialAction\":[{\"@type\":\"ReadAction\",\"target\":[\"https:\/\/elcardinal.com\/?p=4805\"]}]},{\"@type\":\"ImageObject\",\"inLanguage\":\"es\",\"@id\":\"https:\/\/elcardinal.com\/?p=4805#primaryimage\",\"url\":\"https:\/\/elcardinal.com\/wp-content\/uploads\/2025\/04\/Semillas-Esterales.png\",\"contentUrl\":\"https:\/\/elcardinal.com\/wp-content\/uploads\/2025\/04\/Semillas-Esterales.png\",\"width\":940,\"height\":788},{\"@type\":\"BreadcrumbList\",\"@id\":\"https:\/\/elcardinal.com\/?p=4805#breadcrumb\",\"itemListElement\":[{\"@type\":\"ListItem\",\"position\":1,\"name\":\"Inicio\",\"item\":\"https:\/\/elcardinal.com\/\"},{\"@type\":\"ListItem\",\"position\":2,\"name\":\"El amor por la lectura nace en la palabra echada a volar\"}]},{\"@type\":\"WebSite\",\"@id\":\"https:\/\/elcardinal.com\/#website\",\"url\":\"https:\/\/elcardinal.com\/\",\"name\":\"El Cardinal\",\"description\":\"Periodismo honesto, con valor, sentido humano, a veces sarc\u00e1stico y divertido.\",\"publisher\":{\"@id\":\"https:\/\/elcardinal.com\/#organization\"},\"alternateName\":\"El Cardinal Noticias\",\"potentialAction\":[{\"@type\":\"SearchAction\",\"target\":{\"@type\":\"EntryPoint\",\"urlTemplate\":\"https:\/\/elcardinal.com\/?s={search_term_string}\"},\"query-input\":{\"@type\":\"PropertyValueSpecification\",\"valueRequired\":true,\"valueName\":\"search_term_string\"}}],\"inLanguage\":\"es\"},{\"@type\":\"Organization\",\"@id\":\"https:\/\/elcardinal.com\/#organization\",\"name\":\"El Cardinal\",\"url\":\"https:\/\/elcardinal.com\/\",\"logo\":{\"@type\":\"ImageObject\",\"inLanguage\":\"es\",\"@id\":\"https:\/\/elcardinal.com\/#\/schema\/logo\/image\/\",\"url\":\"https:\/\/elcardinal.com\/wp-content\/uploads\/2025\/04\/LOGO-EL-CARDINAL-Periodismo-con-valor.png\",\"contentUrl\":\"https:\/\/elcardinal.com\/wp-content\/uploads\/2025\/04\/LOGO-EL-CARDINAL-Periodismo-con-valor.png\",\"width\":755,\"height\":636,\"caption\":\"El Cardinal\"},\"image\":{\"@id\":\"https:\/\/elcardinal.com\/#\/schema\/logo\/image\/\"},\"sameAs\":[\"https:\/\/www.facebook.com\/profile.php?id=100063093107011\",\"https:\/\/x.com\/ElCardinal_Mx\"]},{\"@type\":\"Person\",\"@id\":\"https:\/\/elcardinal.com\/#\/schema\/person\/5afd392a3b300b95afb068a1cd3abccc\",\"name\":\"admin\",\"image\":{\"@type\":\"ImageObject\",\"inLanguage\":\"es\",\"@id\":\"https:\/\/elcardinal.com\/#\/schema\/person\/image\/\",\"url\":\"https:\/\/secure.gravatar.com\/avatar\/dd589adc02664698426865558854714d2d82548501e48cbe9b9f1997b68138b6?s=96&d=mm&r=g\",\"contentUrl\":\"https:\/\/secure.gravatar.com\/avatar\/dd589adc02664698426865558854714d2d82548501e48cbe9b9f1997b68138b6?s=96&d=mm&r=g\",\"caption\":\"admin\"},\"sameAs\":[\"https:\/\/elcardinal.com\"],\"url\":\"https:\/\/elcardinal.com\/?author=1\"}]}<\/script>\n<!-- \/ Yoast SEO plugin. -->","yoast_head_json":{"title":"El amor por la lectura nace en la palabra echada a volar - El Cardinal","robots":{"index":"index","follow":"follow","max-snippet":"max-snippet:-1","max-image-preview":"max-image-preview:large","max-video-preview":"max-video-preview:-1"},"canonical":"https:\/\/elcardinal.com\/?p=4805","og_locale":"es_MX","og_type":"article","og_title":"El amor por la lectura nace en la palabra echada a volar - El Cardinal","og_description":"Por: Tania Mart\u00ednez Su\u00e1rez Lo que m\u00e1s recuerdo de mi abuelo son sus historias, el tono de su voz, el movimiento de sus manos, sus ademanes, nos manten\u00eda atentos a su charla, prestos a los cambios repentinos de sentido dentro de la trama, sus narraciones ten\u00edan un hilo conductor maravilloso. El pasado, los sue\u00f1os y","og_url":"https:\/\/elcardinal.com\/?p=4805","og_site_name":"El Cardinal","article_publisher":"https:\/\/www.facebook.com\/profile.php?id=100063093107011","article_published_time":"2025-06-22T13:52:19+00:00","og_image":[{"width":940,"height":788,"url":"https:\/\/elcardinal.com\/wp-content\/uploads\/2025\/04\/Semillas-Esterales.png","type":"image\/png"}],"author":"admin","twitter_card":"summary_large_image","twitter_creator":"@ElCardinal_Mx","twitter_site":"@ElCardinal_Mx","twitter_misc":{"Escrito por":"admin","Tiempo de lectura":"2 minutos"},"schema":{"@context":"https:\/\/schema.org","@graph":[{"@type":"Article","@id":"https:\/\/elcardinal.com\/?p=4805#article","isPartOf":{"@id":"https:\/\/elcardinal.com\/?p=4805"},"author":{"name":"admin","@id":"https:\/\/elcardinal.com\/#\/schema\/person\/5afd392a3b300b95afb068a1cd3abccc"},"headline":"El amor por la lectura nace en la palabra echada a volar","datePublished":"2025-06-22T13:52:19+00:00","mainEntityOfPage":{"@id":"https:\/\/elcardinal.com\/?p=4805"},"wordCount":465,"commentCount":0,"publisher":{"@id":"https:\/\/elcardinal.com\/#organization"},"image":{"@id":"https:\/\/elcardinal.com\/?p=4805#primaryimage"},"thumbnailUrl":"https:\/\/elcardinal.com\/wp-content\/uploads\/2025\/04\/Semillas-Esterales.png","keywords":["Proscrita","Tania Mart\u00ednez Su\u00e1rez"],"articleSection":["Minuto a Minuto","Opini\u00f3n"],"inLanguage":"es","potentialAction":[{"@type":"CommentAction","name":"Comment","target":["https:\/\/elcardinal.com\/?p=4805#respond"]}]},{"@type":"WebPage","@id":"https:\/\/elcardinal.com\/?p=4805","url":"https:\/\/elcardinal.com\/?p=4805","name":"El amor por la lectura nace en la palabra echada a volar - El Cardinal","isPartOf":{"@id":"https:\/\/elcardinal.com\/#website"},"primaryImageOfPage":{"@id":"https:\/\/elcardinal.com\/?p=4805#primaryimage"},"image":{"@id":"https:\/\/elcardinal.com\/?p=4805#primaryimage"},"thumbnailUrl":"https:\/\/elcardinal.com\/wp-content\/uploads\/2025\/04\/Semillas-Esterales.png","datePublished":"2025-06-22T13:52:19+00:00","breadcrumb":{"@id":"https:\/\/elcardinal.com\/?p=4805#breadcrumb"},"inLanguage":"es","potentialAction":[{"@type":"ReadAction","target":["https:\/\/elcardinal.com\/?p=4805"]}]},{"@type":"ImageObject","inLanguage":"es","@id":"https:\/\/elcardinal.com\/?p=4805#primaryimage","url":"https:\/\/elcardinal.com\/wp-content\/uploads\/2025\/04\/Semillas-Esterales.png","contentUrl":"https:\/\/elcardinal.com\/wp-content\/uploads\/2025\/04\/Semillas-Esterales.png","width":940,"height":788},{"@type":"BreadcrumbList","@id":"https:\/\/elcardinal.com\/?p=4805#breadcrumb","itemListElement":[{"@type":"ListItem","position":1,"name":"Inicio","item":"https:\/\/elcardinal.com\/"},{"@type":"ListItem","position":2,"name":"El amor por la lectura nace en la palabra echada a volar"}]},{"@type":"WebSite","@id":"https:\/\/elcardinal.com\/#website","url":"https:\/\/elcardinal.com\/","name":"El Cardinal","description":"Periodismo honesto, con valor, sentido humano, a veces sarc\u00e1stico y divertido.","publisher":{"@id":"https:\/\/elcardinal.com\/#organization"},"alternateName":"El Cardinal Noticias","potentialAction":[{"@type":"SearchAction","target":{"@type":"EntryPoint","urlTemplate":"https:\/\/elcardinal.com\/?s={search_term_string}"},"query-input":{"@type":"PropertyValueSpecification","valueRequired":true,"valueName":"search_term_string"}}],"inLanguage":"es"},{"@type":"Organization","@id":"https:\/\/elcardinal.com\/#organization","name":"El Cardinal","url":"https:\/\/elcardinal.com\/","logo":{"@type":"ImageObject","inLanguage":"es","@id":"https:\/\/elcardinal.com\/#\/schema\/logo\/image\/","url":"https:\/\/elcardinal.com\/wp-content\/uploads\/2025\/04\/LOGO-EL-CARDINAL-Periodismo-con-valor.png","contentUrl":"https:\/\/elcardinal.com\/wp-content\/uploads\/2025\/04\/LOGO-EL-CARDINAL-Periodismo-con-valor.png","width":755,"height":636,"caption":"El Cardinal"},"image":{"@id":"https:\/\/elcardinal.com\/#\/schema\/logo\/image\/"},"sameAs":["https:\/\/www.facebook.com\/profile.php?id=100063093107011","https:\/\/x.com\/ElCardinal_Mx"]},{"@type":"Person","@id":"https:\/\/elcardinal.com\/#\/schema\/person\/5afd392a3b300b95afb068a1cd3abccc","name":"admin","image":{"@type":"ImageObject","inLanguage":"es","@id":"https:\/\/elcardinal.com\/#\/schema\/person\/image\/","url":"https:\/\/secure.gravatar.com\/avatar\/dd589adc02664698426865558854714d2d82548501e48cbe9b9f1997b68138b6?s=96&d=mm&r=g","contentUrl":"https:\/\/secure.gravatar.com\/avatar\/dd589adc02664698426865558854714d2d82548501e48cbe9b9f1997b68138b6?s=96&d=mm&r=g","caption":"admin"},"sameAs":["https:\/\/elcardinal.com"],"url":"https:\/\/elcardinal.com\/?author=1"}]}},"_links":{"self":[{"href":"https:\/\/elcardinal.com\/index.php?rest_route=\/wp\/v2\/posts\/4805","targetHints":{"allow":["GET"]}}],"collection":[{"href":"https:\/\/elcardinal.com\/index.php?rest_route=\/wp\/v2\/posts"}],"about":[{"href":"https:\/\/elcardinal.com\/index.php?rest_route=\/wp\/v2\/types\/post"}],"author":[{"embeddable":true,"href":"https:\/\/elcardinal.com\/index.php?rest_route=\/wp\/v2\/users\/1"}],"replies":[{"embeddable":true,"href":"https:\/\/elcardinal.com\/index.php?rest_route=%2Fwp%2Fv2%2Fcomments&post=4805"}],"version-history":[{"count":1,"href":"https:\/\/elcardinal.com\/index.php?rest_route=\/wp\/v2\/posts\/4805\/revisions"}],"predecessor-version":[{"id":4806,"href":"https:\/\/elcardinal.com\/index.php?rest_route=\/wp\/v2\/posts\/4805\/revisions\/4806"}],"wp:featuredmedia":[{"embeddable":true,"href":"https:\/\/elcardinal.com\/index.php?rest_route=\/wp\/v2\/media\/4234"}],"wp:attachment":[{"href":"https:\/\/elcardinal.com\/index.php?rest_route=%2Fwp%2Fv2%2Fmedia&parent=4805"}],"wp:term":[{"taxonomy":"category","embeddable":true,"href":"https:\/\/elcardinal.com\/index.php?rest_route=%2Fwp%2Fv2%2Fcategories&post=4805"},{"taxonomy":"post_tag","embeddable":true,"href":"https:\/\/elcardinal.com\/index.php?rest_route=%2Fwp%2Fv2%2Ftags&post=4805"}],"curies":[{"name":"wp","href":"https:\/\/api.w.org\/{rel}","templated":true}]}}