{"id":4807,"date":"2025-06-22T13:50:58","date_gmt":"2025-06-22T19:50:58","guid":{"rendered":"https:\/\/elcardinal.com\/?p=4807"},"modified":"2025-06-22T13:50:58","modified_gmt":"2025-06-22T19:50:58","slug":"diputados-difunden-reforma-para-el-reconocimiento-de-los-derechos-de-los-pueblos-indigenas","status":"publish","type":"post","link":"https:\/\/elcardinal.com\/?p=4807","title":{"rendered":"Diputados difunden reforma para el reconocimiento de los derechos de los pueblos ind\u00edgenas"},"content":{"rendered":"<p style=\"text-align: left;\">\n<p>Redacci\u00f3n<\/p>\n<p>La Comisi\u00f3n para el Desarrollo Integral de Pueblos y Comunidades Ind\u00edgenas y Afromexicanas del Congreso del Estado Libre y Soberano de Hidalgo realiz\u00f3 el segundo foro informativo regional en el municipio de Huejutla, con el fin de difundir el trabajo legislativo sobre la reforma constitucional en el estado para el reconocimiento de sus derechos.<\/p>\n<p>La diputada Yarabi Gonz\u00e1lez Mart\u00ednez, presidenta de la comisi\u00f3n, record\u00f3 c\u00f3mo surgi\u00f3 esta reforma: \u201clos di\u00e1logos empezaron en todo el pa\u00eds en el 2019, cuando era presidente Andr\u00e9s Manuel L\u00f3pez Obrador. \u00c9l escuch\u00f3 al pueblo, su lucha y necesidades, as\u00ed naci\u00f3 esta iniciativa que present\u00f3 en febrero del 2024 y ese mismo a\u00f1o, en septiembre ante el Congreso de la Uni\u00f3n. El Congreso estatal hizo lo propio, las y los diputados de la LXVI Legislatura, en mayo de este a\u00f1o aprobamos la armonizaci\u00f3n de esta reforma a nuestra Constituci\u00f3n local\u201d.<\/p>\n<p>La legisladora explic\u00f3 que esta reforma reconoce a los pueblos y comunidades ind\u00edgenas y afromexicanos, por el derecho que tienen a decidir en su presente y futuro. \u201cTambi\u00e9n significa que ustedes como autoridades pueden decidir en forma individual o colectiva y de acuerdo con sus propias normas. Pueden conservar sus tierras, lenguas, medicina tradicional, incluyendo la parter\u00eda, su forma de organizaci\u00f3n, sus saberes y esa cosmovisi\u00f3n que los ha caracterizado\u201d.<\/p>\n<p>La diputada Mar\u00eda Guadalupe Cruz Monta\u00f1o, presidenta de la directiva de junio, asegur\u00f3 que la transformaci\u00f3n que vive M\u00e9xico \u201cno tendr\u00eda sentido sin la fuerza, la inteligencia y el compromiso de los pueblos y comunidades ind\u00edgenas, as\u00ed como las afrodescendientes, quienes son un pilar de nuestra sociedad y la base para construir un futuro m\u00e1s justo y equitativo\u201d.<\/p>\n<p>Jos\u00e9 Alfredo San Rom\u00e1n Duval, presidente municipal de Huejutla, asegur\u00f3 que este ejercicio fortalece el trabajo en equipo y \u201cnos impulsa a actuar con responsabilidad y compromiso con un futuro m\u00e1s justo y educativo para todos. Nuestra regi\u00f3n tiene ra\u00edces en nuestros pueblos ind\u00edgenas, son parte de nuestra identidad y orgullo. Es nuestra responsabilidad asegurar que sus voces sean escuchadas, respetadas y protegidas a trav\u00e9s de un marco legal que refleje sus aspiraciones y derechos en la pol\u00edtica, sociedad, cultura y la econom\u00eda de nuestro estado\u201d.<\/p>\n<p>En el evento tambi\u00e9n estuvieron presentes las diputadas Paloma Barrag\u00e1n Santos, Mar\u00eda del Rosario Guerrero Mart\u00ednez, Orqu\u00eddea Larragoiti Osorio y Karla Perales Arrieta, as\u00ed como los diputados Juli\u00e1n Nochebuena Hern\u00e1ndez, Jorge Arg\u00fcelles Salazar, adem\u00e1s del diputado federal Daniel Andrade Zurutuza y Prisco Manuel Guti\u00e9rrez, titular de la Comisi\u00f3n Estatal para el Desarrollo Sostenible de los Pueblos Ind\u00edgenas.<\/p>\n<p>&nbsp;<\/p>\n","protected":false},"excerpt":{"rendered":"<p>Redacci\u00f3n La Comisi\u00f3n para el Desarrollo Integral de Pueblos y Comunidades Ind\u00edgenas y Afromexicanas del Congreso del Estado Libre y Soberano de Hidalgo realiz\u00f3 el segundo foro informativo regional en el municipio de Huejutla, con el fin de difundir el trabajo legislativo sobre la reforma constitucional en el estado para el reconocimiento de sus derechos.<\/p>\n","protected":false},"author":2,"featured_media":4808,"comment_status":"open","ping_status":"open","sticky":false,"template":"","format":"standard","meta":{"footnotes":""},"categories":[31,44,39],"tags":[62],"class_list":{"0":"post-4807","1":"post","2":"type-post","3":"status-publish","4":"format-standard","5":"has-post-thumbnail","7":"category-hidalgo","8":"category-minuto-a-minuto","9":"category-politica","10":"tag-congreso-de-hidalgo"},"yoast_head":"<!-- This site is optimized with the Yoast SEO plugin v26.1.1 - https:\/\/yoast.com\/wordpress\/plugins\/seo\/ -->\n<title>Diputados difunden reforma para el reconocimiento de los derechos de los pueblos ind\u00edgenas - El Cardinal<\/title>\n<meta name=\"robots\" content=\"index, follow, max-snippet:-1, max-image-preview:large, max-video-preview:-1\" \/>\n<link rel=\"canonical\" href=\"https:\/\/elcardinal.com\/?p=4807\" \/>\n<meta property=\"og:locale\" content=\"es_MX\" \/>\n<meta property=\"og:type\" content=\"article\" \/>\n<meta property=\"og:title\" content=\"Diputados difunden reforma para el reconocimiento de los derechos de los pueblos ind\u00edgenas - El Cardinal\" \/>\n<meta property=\"og:description\" content=\"Redacci\u00f3n La Comisi\u00f3n para el Desarrollo Integral de Pueblos y Comunidades Ind\u00edgenas y Afromexicanas del Congreso del Estado Libre y Soberano de Hidalgo realiz\u00f3 el segundo foro informativo regional en el municipio de Huejutla, con el fin de difundir el trabajo legislativo sobre la reforma constitucional en el estado para el reconocimiento de sus derechos.\" \/>\n<meta property=\"og:url\" content=\"https:\/\/elcardinal.com\/?p=4807\" \/>\n<meta property=\"og:site_name\" content=\"El Cardinal\" \/>\n<meta property=\"article:publisher\" content=\"https:\/\/www.facebook.com\/profile.php?id=100063093107011\" \/>\n<meta property=\"article:published_time\" content=\"2025-06-22T19:50:58+00:00\" \/>\n<meta property=\"og:image\" content=\"https:\/\/elcardinal.com\/wp-content\/uploads\/2025\/06\/DSC_2714-scaled.jpg\" \/>\n\t<meta property=\"og:image:width\" content=\"2560\" \/>\n\t<meta property=\"og:image:height\" content=\"1707\" \/>\n\t<meta property=\"og:image:type\" content=\"image\/jpeg\" \/>\n<meta name=\"author\" content=\"Antonio Alcaraz\" \/>\n<meta name=\"twitter:card\" content=\"summary_large_image\" \/>\n<meta name=\"twitter:creator\" content=\"@ElCardinal_Mx\" \/>\n<meta name=\"twitter:site\" content=\"@ElCardinal_Mx\" \/>\n<meta name=\"twitter:label1\" content=\"Escrito por\" \/>\n\t<meta name=\"twitter:data1\" content=\"Antonio Alcaraz\" \/>\n\t<meta name=\"twitter:label2\" content=\"Tiempo de lectura\" \/>\n\t<meta name=\"twitter:data2\" content=\"3 minutos\" \/>\n<script type=\"application\/ld+json\" class=\"yoast-schema-graph\">{\"@context\":\"https:\/\/schema.org\",\"@graph\":[{\"@type\":\"Article\",\"@id\":\"https:\/\/elcardinal.com\/?p=4807#article\",\"isPartOf\":{\"@id\":\"https:\/\/elcardinal.com\/?p=4807\"},\"author\":{\"name\":\"Antonio Alcaraz\",\"@id\":\"https:\/\/elcardinal.com\/#\/schema\/person\/3c352ec0a33987fe275c0e8a2ea69f8b\"},\"headline\":\"Diputados difunden reforma para el reconocimiento de los derechos de los pueblos ind\u00edgenas\",\"datePublished\":\"2025-06-22T19:50:58+00:00\",\"mainEntityOfPage\":{\"@id\":\"https:\/\/elcardinal.com\/?p=4807\"},\"wordCount\":477,\"commentCount\":0,\"publisher\":{\"@id\":\"https:\/\/elcardinal.com\/#organization\"},\"image\":{\"@id\":\"https:\/\/elcardinal.com\/?p=4807#primaryimage\"},\"thumbnailUrl\":\"https:\/\/elcardinal.com\/wp-content\/uploads\/2025\/06\/DSC_2714-scaled.jpg\",\"keywords\":[\"Congreso de Hidalgo\"],\"articleSection\":[\"Hidalgo\",\"Minuto a Minuto\",\"Pol\u00edtica\"],\"inLanguage\":\"es\",\"potentialAction\":[{\"@type\":\"CommentAction\",\"name\":\"Comment\",\"target\":[\"https:\/\/elcardinal.com\/?p=4807#respond\"]}]},{\"@type\":\"WebPage\",\"@id\":\"https:\/\/elcardinal.com\/?p=4807\",\"url\":\"https:\/\/elcardinal.com\/?p=4807\",\"name\":\"Diputados difunden reforma para el reconocimiento de los derechos de los pueblos ind\u00edgenas - El Cardinal\",\"isPartOf\":{\"@id\":\"https:\/\/elcardinal.com\/#website\"},\"primaryImageOfPage\":{\"@id\":\"https:\/\/elcardinal.com\/?p=4807#primaryimage\"},\"image\":{\"@id\":\"https:\/\/elcardinal.com\/?p=4807#primaryimage\"},\"thumbnailUrl\":\"https:\/\/elcardinal.com\/wp-content\/uploads\/2025\/06\/DSC_2714-scaled.jpg\",\"datePublished\":\"2025-06-22T19:50:58+00:00\",\"breadcrumb\":{\"@id\":\"https:\/\/elcardinal.com\/?p=4807#breadcrumb\"},\"inLanguage\":\"es\",\"potentialAction\":[{\"@type\":\"ReadAction\",\"target\":[\"https:\/\/elcardinal.com\/?p=4807\"]}]},{\"@type\":\"ImageObject\",\"inLanguage\":\"es\",\"@id\":\"https:\/\/elcardinal.com\/?p=4807#primaryimage\",\"url\":\"https:\/\/elcardinal.com\/wp-content\/uploads\/2025\/06\/DSC_2714-scaled.jpg\",\"contentUrl\":\"https:\/\/elcardinal.com\/wp-content\/uploads\/2025\/06\/DSC_2714-scaled.jpg\",\"width\":2560,\"height\":1707},{\"@type\":\"BreadcrumbList\",\"@id\":\"https:\/\/elcardinal.com\/?p=4807#breadcrumb\",\"itemListElement\":[{\"@type\":\"ListItem\",\"position\":1,\"name\":\"Inicio\",\"item\":\"https:\/\/elcardinal.com\/\"},{\"@type\":\"ListItem\",\"position\":2,\"name\":\"Diputados difunden reforma para el reconocimiento de los derechos de los pueblos ind\u00edgenas\"}]},{\"@type\":\"WebSite\",\"@id\":\"https:\/\/elcardinal.com\/#website\",\"url\":\"https:\/\/elcardinal.com\/\",\"name\":\"El Cardinal\",\"description\":\"Periodismo honesto, con valor, sentido humano, a veces sarc\u00e1stico y divertido.\",\"publisher\":{\"@id\":\"https:\/\/elcardinal.com\/#organization\"},\"alternateName\":\"El Cardinal Noticias\",\"potentialAction\":[{\"@type\":\"SearchAction\",\"target\":{\"@type\":\"EntryPoint\",\"urlTemplate\":\"https:\/\/elcardinal.com\/?s={search_term_string}\"},\"query-input\":{\"@type\":\"PropertyValueSpecification\",\"valueRequired\":true,\"valueName\":\"search_term_string\"}}],\"inLanguage\":\"es\"},{\"@type\":\"Organization\",\"@id\":\"https:\/\/elcardinal.com\/#organization\",\"name\":\"El Cardinal\",\"url\":\"https:\/\/elcardinal.com\/\",\"logo\":{\"@type\":\"ImageObject\",\"inLanguage\":\"es\",\"@id\":\"https:\/\/elcardinal.com\/#\/schema\/logo\/image\/\",\"url\":\"https:\/\/elcardinal.com\/wp-content\/uploads\/2025\/04\/LOGO-EL-CARDINAL-Periodismo-con-valor.png\",\"contentUrl\":\"https:\/\/elcardinal.com\/wp-content\/uploads\/2025\/04\/LOGO-EL-CARDINAL-Periodismo-con-valor.png\",\"width\":755,\"height\":636,\"caption\":\"El Cardinal\"},\"image\":{\"@id\":\"https:\/\/elcardinal.com\/#\/schema\/logo\/image\/\"},\"sameAs\":[\"https:\/\/www.facebook.com\/profile.php?id=100063093107011\",\"https:\/\/x.com\/ElCardinal_Mx\"]},{\"@type\":\"Person\",\"@id\":\"https:\/\/elcardinal.com\/#\/schema\/person\/3c352ec0a33987fe275c0e8a2ea69f8b\",\"name\":\"Antonio Alcaraz\",\"image\":{\"@type\":\"ImageObject\",\"inLanguage\":\"es\",\"@id\":\"https:\/\/elcardinal.com\/#\/schema\/person\/image\/\",\"url\":\"https:\/\/elcardinal.com\/wp-content\/uploads\/2025\/05\/cropped-TONO-96x96.jpg\",\"contentUrl\":\"https:\/\/elcardinal.com\/wp-content\/uploads\/2025\/05\/cropped-TONO-96x96.jpg\",\"caption\":\"Antonio Alcaraz\"},\"url\":\"https:\/\/elcardinal.com\/?author=2\"}]}<\/script>\n<!-- \/ Yoast SEO plugin. -->","yoast_head_json":{"title":"Diputados difunden reforma para el reconocimiento de los derechos de los pueblos ind\u00edgenas - El Cardinal","robots":{"index":"index","follow":"follow","max-snippet":"max-snippet:-1","max-image-preview":"max-image-preview:large","max-video-preview":"max-video-preview:-1"},"canonical":"https:\/\/elcardinal.com\/?p=4807","og_locale":"es_MX","og_type":"article","og_title":"Diputados difunden reforma para el reconocimiento de los derechos de los pueblos ind\u00edgenas - El Cardinal","og_description":"Redacci\u00f3n La Comisi\u00f3n para el Desarrollo Integral de Pueblos y Comunidades Ind\u00edgenas y Afromexicanas del Congreso del Estado Libre y Soberano de Hidalgo realiz\u00f3 el segundo foro informativo regional en el municipio de Huejutla, con el fin de difundir el trabajo legislativo sobre la reforma constitucional en el estado para el reconocimiento de sus derechos.","og_url":"https:\/\/elcardinal.com\/?p=4807","og_site_name":"El Cardinal","article_publisher":"https:\/\/www.facebook.com\/profile.php?id=100063093107011","article_published_time":"2025-06-22T19:50:58+00:00","og_image":[{"width":2560,"height":1707,"url":"https:\/\/elcardinal.com\/wp-content\/uploads\/2025\/06\/DSC_2714-scaled.jpg","type":"image\/jpeg"}],"author":"Antonio Alcaraz","twitter_card":"summary_large_image","twitter_creator":"@ElCardinal_Mx","twitter_site":"@ElCardinal_Mx","twitter_misc":{"Escrito por":"Antonio Alcaraz","Tiempo de lectura":"3 minutos"},"schema":{"@context":"https:\/\/schema.org","@graph":[{"@type":"Article","@id":"https:\/\/elcardinal.com\/?p=4807#article","isPartOf":{"@id":"https:\/\/elcardinal.com\/?p=4807"},"author":{"name":"Antonio Alcaraz","@id":"https:\/\/elcardinal.com\/#\/schema\/person\/3c352ec0a33987fe275c0e8a2ea69f8b"},"headline":"Diputados difunden reforma para el reconocimiento de los derechos de los pueblos ind\u00edgenas","datePublished":"2025-06-22T19:50:58+00:00","mainEntityOfPage":{"@id":"https:\/\/elcardinal.com\/?p=4807"},"wordCount":477,"commentCount":0,"publisher":{"@id":"https:\/\/elcardinal.com\/#organization"},"image":{"@id":"https:\/\/elcardinal.com\/?p=4807#primaryimage"},"thumbnailUrl":"https:\/\/elcardinal.com\/wp-content\/uploads\/2025\/06\/DSC_2714-scaled.jpg","keywords":["Congreso de Hidalgo"],"articleSection":["Hidalgo","Minuto a Minuto","Pol\u00edtica"],"inLanguage":"es","potentialAction":[{"@type":"CommentAction","name":"Comment","target":["https:\/\/elcardinal.com\/?p=4807#respond"]}]},{"@type":"WebPage","@id":"https:\/\/elcardinal.com\/?p=4807","url":"https:\/\/elcardinal.com\/?p=4807","name":"Diputados difunden reforma para el reconocimiento de los derechos de los pueblos ind\u00edgenas - El Cardinal","isPartOf":{"@id":"https:\/\/elcardinal.com\/#website"},"primaryImageOfPage":{"@id":"https:\/\/elcardinal.com\/?p=4807#primaryimage"},"image":{"@id":"https:\/\/elcardinal.com\/?p=4807#primaryimage"},"thumbnailUrl":"https:\/\/elcardinal.com\/wp-content\/uploads\/2025\/06\/DSC_2714-scaled.jpg","datePublished":"2025-06-22T19:50:58+00:00","breadcrumb":{"@id":"https:\/\/elcardinal.com\/?p=4807#breadcrumb"},"inLanguage":"es","potentialAction":[{"@type":"ReadAction","target":["https:\/\/elcardinal.com\/?p=4807"]}]},{"@type":"ImageObject","inLanguage":"es","@id":"https:\/\/elcardinal.com\/?p=4807#primaryimage","url":"https:\/\/elcardinal.com\/wp-content\/uploads\/2025\/06\/DSC_2714-scaled.jpg","contentUrl":"https:\/\/elcardinal.com\/wp-content\/uploads\/2025\/06\/DSC_2714-scaled.jpg","width":2560,"height":1707},{"@type":"BreadcrumbList","@id":"https:\/\/elcardinal.com\/?p=4807#breadcrumb","itemListElement":[{"@type":"ListItem","position":1,"name":"Inicio","item":"https:\/\/elcardinal.com\/"},{"@type":"ListItem","position":2,"name":"Diputados difunden reforma para el reconocimiento de los derechos de los pueblos ind\u00edgenas"}]},{"@type":"WebSite","@id":"https:\/\/elcardinal.com\/#website","url":"https:\/\/elcardinal.com\/","name":"El Cardinal","description":"Periodismo honesto, con valor, sentido humano, a veces sarc\u00e1stico y divertido.","publisher":{"@id":"https:\/\/elcardinal.com\/#organization"},"alternateName":"El Cardinal Noticias","potentialAction":[{"@type":"SearchAction","target":{"@type":"EntryPoint","urlTemplate":"https:\/\/elcardinal.com\/?s={search_term_string}"},"query-input":{"@type":"PropertyValueSpecification","valueRequired":true,"valueName":"search_term_string"}}],"inLanguage":"es"},{"@type":"Organization","@id":"https:\/\/elcardinal.com\/#organization","name":"El Cardinal","url":"https:\/\/elcardinal.com\/","logo":{"@type":"ImageObject","inLanguage":"es","@id":"https:\/\/elcardinal.com\/#\/schema\/logo\/image\/","url":"https:\/\/elcardinal.com\/wp-content\/uploads\/2025\/04\/LOGO-EL-CARDINAL-Periodismo-con-valor.png","contentUrl":"https:\/\/elcardinal.com\/wp-content\/uploads\/2025\/04\/LOGO-EL-CARDINAL-Periodismo-con-valor.png","width":755,"height":636,"caption":"El Cardinal"},"image":{"@id":"https:\/\/elcardinal.com\/#\/schema\/logo\/image\/"},"sameAs":["https:\/\/www.facebook.com\/profile.php?id=100063093107011","https:\/\/x.com\/ElCardinal_Mx"]},{"@type":"Person","@id":"https:\/\/elcardinal.com\/#\/schema\/person\/3c352ec0a33987fe275c0e8a2ea69f8b","name":"Antonio Alcaraz","image":{"@type":"ImageObject","inLanguage":"es","@id":"https:\/\/elcardinal.com\/#\/schema\/person\/image\/","url":"https:\/\/elcardinal.com\/wp-content\/uploads\/2025\/05\/cropped-TONO-96x96.jpg","contentUrl":"https:\/\/elcardinal.com\/wp-content\/uploads\/2025\/05\/cropped-TONO-96x96.jpg","caption":"Antonio Alcaraz"},"url":"https:\/\/elcardinal.com\/?author=2"}]}},"_links":{"self":[{"href":"https:\/\/elcardinal.com\/index.php?rest_route=\/wp\/v2\/posts\/4807","targetHints":{"allow":["GET"]}}],"collection":[{"href":"https:\/\/elcardinal.com\/index.php?rest_route=\/wp\/v2\/posts"}],"about":[{"href":"https:\/\/elcardinal.com\/index.php?rest_route=\/wp\/v2\/types\/post"}],"author":[{"embeddable":true,"href":"https:\/\/elcardinal.com\/index.php?rest_route=\/wp\/v2\/users\/2"}],"replies":[{"embeddable":true,"href":"https:\/\/elcardinal.com\/index.php?rest_route=%2Fwp%2Fv2%2Fcomments&post=4807"}],"version-history":[{"count":1,"href":"https:\/\/elcardinal.com\/index.php?rest_route=\/wp\/v2\/posts\/4807\/revisions"}],"predecessor-version":[{"id":4809,"href":"https:\/\/elcardinal.com\/index.php?rest_route=\/wp\/v2\/posts\/4807\/revisions\/4809"}],"wp:featuredmedia":[{"embeddable":true,"href":"https:\/\/elcardinal.com\/index.php?rest_route=\/wp\/v2\/media\/4808"}],"wp:attachment":[{"href":"https:\/\/elcardinal.com\/index.php?rest_route=%2Fwp%2Fv2%2Fmedia&parent=4807"}],"wp:term":[{"taxonomy":"category","embeddable":true,"href":"https:\/\/elcardinal.com\/index.php?rest_route=%2Fwp%2Fv2%2Fcategories&post=4807"},{"taxonomy":"post_tag","embeddable":true,"href":"https:\/\/elcardinal.com\/index.php?rest_route=%2Fwp%2Fv2%2Ftags&post=4807"}],"curies":[{"name":"wp","href":"https:\/\/api.w.org\/{rel}","templated":true}]}}