{"id":4810,"date":"2025-06-23T20:29:04","date_gmt":"2025-06-24T02:29:04","guid":{"rendered":"https:\/\/elcardinal.com\/?p=4810"},"modified":"2025-06-23T20:29:04","modified_gmt":"2025-06-24T02:29:04","slug":"poder-legislativo-invita-a-jovenes-a-participar-en-tercer-congreso-juvenil-hidalgo-2025","status":"publish","type":"post","link":"https:\/\/elcardinal.com\/?p=4810","title":{"rendered":"Poder Legislativo invita a j\u00f3venes a participar en tercer Congreso Juvenil Hidalgo 2025"},"content":{"rendered":"<p>Redacci\u00f3n<\/p>\n<p><span style=\"font-weight: 400;\">La primera Comisi\u00f3n Permanente de la Ni\u00f1ez, la Juventud, el Deporte y la Familia, presidida por la diputada <\/span><b>Karla Perales Arrieta<\/b><span style=\"font-weight: 400;\">, present\u00f3 la convocatoria del tercer <\/span><b>Congreso Juvenil Hidalgo 2025<\/b><span style=\"font-weight: 400;\">, a realizarse el pr\u00f3ximo 3 de octubre, en conferencia de prensa ante medios de comunicaci\u00f3n en el <\/span><b>Poder Legislativo<\/b><span style=\"font-weight: 400;\">.<\/span><\/p>\n<p><span style=\"font-weight: 400;\">El presidente de la Junta de Gobierno, diputado <\/span><b>Andr\u00e9s Vel\u00e1zquez V\u00e1zquez<\/b><span style=\"font-weight: 400;\"> detall\u00f3 los temas a tratar, como la participaci\u00f3n en la vida p\u00fablica, protecci\u00f3n al medio ambiente, M\u00e9xico digital, empleo, emprendimiento y oportunidades laborales, igualdad y diversidad, salud f\u00edsica y mental, seguridad y prevenci\u00f3n de adicciones: \u201ceste tercer Congreso ser\u00e1 un \u00e9xito porque todos vamos a aportar nuestro mejor esfuerzo, actitud y talento para que junto con los j\u00f3venes que se van a inscribir, logremos una gran difusi\u00f3n de sus ideas\u201d.<\/span><\/p>\n<p><span style=\"font-weight: 400;\">La legisladora indic\u00f3 que el objetivo es garantizar el derecho a la participaci\u00f3n de las y los j\u00f3venes hidalguenses de 14 a 17 a\u00f1os de edad, al generar un espacio donde expresen sus inquietudes, ideas y propuestas, mediante el di\u00e1logo y debate.<\/span><\/p>\n<p><span style=\"font-weight: 400;\">Record\u00f3 que podr\u00e1n registrarse del 23 de junio al 10 de septiembre en la p\u00e1gina web del Instituto Estatal Electoral de Hidalgo (IEEH) y el 11 de septiembre, una vez realizada la revisi\u00f3n documental, se notificar\u00e1 v\u00eda correo electr\u00f3nico a las personas que tendr\u00e1n participaci\u00f3n en las convenciones distritales o por acci\u00f3n afirmativa.<\/span><\/p>\n<p><span style=\"font-weight: 400;\">El proceso de selecci\u00f3n se realizar\u00e1 a trav\u00e9s de convenciones distritales presenciales y virtuales, donde las y los participantes contar\u00e1n con tres minutos para exponer sus temas; ser\u00e1n ellas y ellos quienes elijan a la persona que los represente como legisladora o legislador juvenil.<\/span><\/p>\n<p><span style=\"font-weight: 400;\">La tercera edici\u00f3n se integrar\u00e1 por 18 personas j\u00f3venes elegidas por el principio de mayor\u00eda relativa, una por cada distrito electoral local, respetando el principio de paridad de g\u00e9nero; as\u00ed como 12 j\u00f3venes por acci\u00f3n afirmativa, dirigida a personas de grupos de atenci\u00f3n prioritaria: dos personas j\u00f3venes no escolarizadas de zonas rurales y urbanas, cuatro j\u00f3venes ind\u00edgenas y\/o afrodescendientes, tres j\u00f3venes con discapacidad, dos de la diversidad sexo-gen\u00e9rica y una persona joven migrante de origen hidalguense.<\/span><\/p>\n<p><span style=\"font-weight: 400;\">La diputada <\/span><b>Yarabi Gonz\u00e1lez Mart\u00ednez<\/b><span style=\"font-weight: 400;\"> invit\u00f3 a las y los j\u00f3venes del estado de los 84 municipios a participar en la convocatoria, ya que se necesita la participaci\u00f3n ciudadana, \u201ces el momento de que se registren y que sus voces sean escuchadas\u201d.<\/span><\/p>\n<p><b>Daniel Fragoso Torres<\/b><span style=\"font-weight: 400;\">, subsecretario de Educaci\u00f3n Media Superior y Superior de la SEP Hidalgo, asegur\u00f3 que esto permite realizar un ejercicio acad\u00e9mico que identifique perfiles de liderazgo dentro de las comunidades e instituciones educativas.<\/span><\/p>\n<p><b>Mar\u00eda Magdalena Gonz\u00e1lez Escalona<\/b><span style=\"font-weight: 400;\">, consejera presidenta del IEEH, consider\u00f3 importante que la inscripci\u00f3n refleje la pluralidad y la diversidad de Hidalgo y que la convocatoria llegue a las partes m\u00e1s alejadas del estado.<\/span><\/p>\n<p><b>Ricardo Enrique Alvizo Contreras<\/b><span style=\"font-weight: 400;\">, titular del Sistema Estatal para el Desarrollo Integral de la Familia de Hidalgo, indic\u00f3 que el hecho que el Congreso sea incluyente marca un precedente, porque \u201cpodemos identificar que en cada una de las localidades tienen diferentes necesidades, as\u00ed podremos ser m\u00e1s receptivos\u201d.<\/span><\/p>\n<p><b>Luis Ricardo Olvera Molina<\/b><span style=\"font-weight: 400;\">, director general del Instituto Hidalguense de la Juventud, asegur\u00f3 que \u201cel Congreso Juvenil es una experiencia enriquecedora que les deja mucho provecho y un desarrollo profesional muy grande, adem\u00e1s, se toman en cuenta las propuestas que presentan\u201d.<\/span><\/p>\n<p><b>Mar\u00eda Guadalupe Alvarado Garc\u00eda<\/b><span style=\"font-weight: 400;\">, secretaria ejecutiva del Sistema Nacional de Protecci\u00f3n Integral de Ni\u00f1as, Ni\u00f1os y Adolescentes Hidalgo, mencion\u00f3 que este espacio de participaci\u00f3n les brinda la oportunidad de levantar la voz y defender sus ideas. \u201cSe pueden generar pol\u00edticas p\u00fablicas que son bienvenidas y son nuestros adolescentes y j\u00f3venes quienes est\u00e1n viviendo a diario retos, desaf\u00edos y librando batallas e incluso, injusticias\u201d.<\/span><\/p>\n<p><b>Erica Villamil Serrano<\/b><span style=\"font-weight: 400;\">, directora de Educaci\u00f3n Media Superior de la Universidad Aut\u00f3noma del Estado de Hidalgo, precis\u00f3 que, para la formaci\u00f3n integral, es importante escuchar las voces de los j\u00f3venes, ya que aportan nuevas perspectivas y opiniones de los problemas que aquejan a la sociedad.<\/span><\/p>\n<p><b>Mario Alberto V\u00e1zquez Ram\u00edrez<\/b><span style=\"font-weight: 400;\">, secretario de la Comisi\u00f3n Estatal para el Desarrollo Sostenible de los Pueblos Ind\u00edgenas, indic\u00f3 que este Congreso representa una oportunidad \u00fanica para fortalecer el orgullo identitario y demostrar que los conocimientos ancestrales son compatibles con la innovaci\u00f3n y el progreso al generar pol\u00edticas p\u00fablicas que respondan a las realidades de las juventudes ind\u00edgenas.<\/span><\/p>\n<p><b>C\u00e9sar Marcos Ortega<\/b><span style=\"font-weight: 400;\">, secretario ejecutivo de Derechos Humanos de la CDHEH, subray\u00f3 que este espacio fortalece la cultura democr\u00e1tica y de respeto a los derechos humanos y al mismo tiempo, promueve la construcci\u00f3n de la ciudadan\u00eda activa y corresponsable.<\/span><\/p>\n<p><span style=\"font-weight: 400;\">En el evento tambi\u00e9n estuvo presente el diputado <\/span><b>Juan Pablo Escalante Urb\u00e1n<\/b><span style=\"font-weight: 400;\">, integrante de la comisi\u00f3n.<\/span><\/p>\n","protected":false},"excerpt":{"rendered":"<p>Redacci\u00f3n La primera Comisi\u00f3n Permanente de la Ni\u00f1ez, la Juventud, el Deporte y la Familia, presidida por la diputada Karla Perales Arrieta, present\u00f3 la convocatoria del tercer Congreso Juvenil Hidalgo 2025, a realizarse el pr\u00f3ximo 3 de octubre, en conferencia de prensa ante medios de comunicaci\u00f3n en el Poder Legislativo. El presidente de la Junta<\/p>\n","protected":false},"author":2,"featured_media":4811,"comment_status":"open","ping_status":"open","sticky":false,"template":"","format":"standard","meta":{"footnotes":""},"categories":[31,44,39],"tags":[70,62],"class_list":{"0":"post-4810","1":"post","2":"type-post","3":"status-publish","4":"format-standard","5":"has-post-thumbnail","7":"category-hidalgo","8":"category-minuto-a-minuto","9":"category-politica","10":"tag-andres-velazquez","11":"tag-congreso-de-hidalgo"},"yoast_head":"<!-- This site is optimized with the Yoast SEO plugin v26.1.1 - https:\/\/yoast.com\/wordpress\/plugins\/seo\/ -->\n<title>Poder Legislativo invita a j\u00f3venes a participar en tercer Congreso Juvenil Hidalgo 2025 - El Cardinal<\/title>\n<meta name=\"robots\" content=\"index, follow, max-snippet:-1, max-image-preview:large, max-video-preview:-1\" \/>\n<link rel=\"canonical\" href=\"https:\/\/elcardinal.com\/?p=4810\" \/>\n<meta property=\"og:locale\" content=\"es_MX\" \/>\n<meta property=\"og:type\" content=\"article\" \/>\n<meta property=\"og:title\" content=\"Poder Legislativo invita a j\u00f3venes a participar en tercer Congreso Juvenil Hidalgo 2025 - El Cardinal\" \/>\n<meta property=\"og:description\" content=\"Redacci\u00f3n La primera Comisi\u00f3n Permanente de la Ni\u00f1ez, la Juventud, el Deporte y la Familia, presidida por la diputada Karla Perales Arrieta, present\u00f3 la convocatoria del tercer Congreso Juvenil Hidalgo 2025, a realizarse el pr\u00f3ximo 3 de octubre, en conferencia de prensa ante medios de comunicaci\u00f3n en el Poder Legislativo. El presidente de la Junta\" \/>\n<meta property=\"og:url\" content=\"https:\/\/elcardinal.com\/?p=4810\" \/>\n<meta property=\"og:site_name\" content=\"El Cardinal\" \/>\n<meta property=\"article:publisher\" content=\"https:\/\/www.facebook.com\/profile.php?id=100063093107011\" \/>\n<meta property=\"article:published_time\" content=\"2025-06-24T02:29:04+00:00\" \/>\n<meta property=\"og:image\" content=\"https:\/\/elcardinal.com\/wp-content\/uploads\/2025\/06\/23.06.2025-Presentacion-convocatoria-3er.-Parlamento-Juvenil-2025-120-scaled.jpg\" \/>\n\t<meta property=\"og:image:width\" content=\"2560\" \/>\n\t<meta property=\"og:image:height\" content=\"1646\" \/>\n\t<meta property=\"og:image:type\" content=\"image\/jpeg\" \/>\n<meta name=\"author\" content=\"Antonio Alcaraz\" \/>\n<meta name=\"twitter:card\" content=\"summary_large_image\" \/>\n<meta name=\"twitter:creator\" content=\"@ElCardinal_Mx\" \/>\n<meta name=\"twitter:site\" content=\"@ElCardinal_Mx\" \/>\n<meta name=\"twitter:label1\" content=\"Escrito por\" \/>\n\t<meta name=\"twitter:data1\" content=\"Antonio Alcaraz\" \/>\n\t<meta name=\"twitter:label2\" content=\"Tiempo de lectura\" \/>\n\t<meta name=\"twitter:data2\" content=\"4 minutos\" \/>\n<script type=\"application\/ld+json\" class=\"yoast-schema-graph\">{\"@context\":\"https:\/\/schema.org\",\"@graph\":[{\"@type\":\"Article\",\"@id\":\"https:\/\/elcardinal.com\/?p=4810#article\",\"isPartOf\":{\"@id\":\"https:\/\/elcardinal.com\/?p=4810\"},\"author\":{\"name\":\"Antonio Alcaraz\",\"@id\":\"https:\/\/elcardinal.com\/#\/schema\/person\/3c352ec0a33987fe275c0e8a2ea69f8b\"},\"headline\":\"Poder Legislativo invita a j\u00f3venes a participar en tercer Congreso Juvenil Hidalgo 2025\",\"datePublished\":\"2025-06-24T02:29:04+00:00\",\"mainEntityOfPage\":{\"@id\":\"https:\/\/elcardinal.com\/?p=4810\"},\"wordCount\":853,\"commentCount\":0,\"publisher\":{\"@id\":\"https:\/\/elcardinal.com\/#organization\"},\"image\":{\"@id\":\"https:\/\/elcardinal.com\/?p=4810#primaryimage\"},\"thumbnailUrl\":\"https:\/\/elcardinal.com\/wp-content\/uploads\/2025\/06\/23.06.2025-Presentacion-convocatoria-3er.-Parlamento-Juvenil-2025-120-scaled.jpg\",\"keywords\":[\"Andr\u00e9s Vel\u00e1zquez\",\"Congreso de Hidalgo\"],\"articleSection\":[\"Hidalgo\",\"Minuto a Minuto\",\"Pol\u00edtica\"],\"inLanguage\":\"es\",\"potentialAction\":[{\"@type\":\"CommentAction\",\"name\":\"Comment\",\"target\":[\"https:\/\/elcardinal.com\/?p=4810#respond\"]}]},{\"@type\":\"WebPage\",\"@id\":\"https:\/\/elcardinal.com\/?p=4810\",\"url\":\"https:\/\/elcardinal.com\/?p=4810\",\"name\":\"Poder Legislativo invita a j\u00f3venes a participar en tercer Congreso Juvenil Hidalgo 2025 - El Cardinal\",\"isPartOf\":{\"@id\":\"https:\/\/elcardinal.com\/#website\"},\"primaryImageOfPage\":{\"@id\":\"https:\/\/elcardinal.com\/?p=4810#primaryimage\"},\"image\":{\"@id\":\"https:\/\/elcardinal.com\/?p=4810#primaryimage\"},\"thumbnailUrl\":\"https:\/\/elcardinal.com\/wp-content\/uploads\/2025\/06\/23.06.2025-Presentacion-convocatoria-3er.-Parlamento-Juvenil-2025-120-scaled.jpg\",\"datePublished\":\"2025-06-24T02:29:04+00:00\",\"breadcrumb\":{\"@id\":\"https:\/\/elcardinal.com\/?p=4810#breadcrumb\"},\"inLanguage\":\"es\",\"potentialAction\":[{\"@type\":\"ReadAction\",\"target\":[\"https:\/\/elcardinal.com\/?p=4810\"]}]},{\"@type\":\"ImageObject\",\"inLanguage\":\"es\",\"@id\":\"https:\/\/elcardinal.com\/?p=4810#primaryimage\",\"url\":\"https:\/\/elcardinal.com\/wp-content\/uploads\/2025\/06\/23.06.2025-Presentacion-convocatoria-3er.-Parlamento-Juvenil-2025-120-scaled.jpg\",\"contentUrl\":\"https:\/\/elcardinal.com\/wp-content\/uploads\/2025\/06\/23.06.2025-Presentacion-convocatoria-3er.-Parlamento-Juvenil-2025-120-scaled.jpg\",\"width\":2560,\"height\":1646},{\"@type\":\"BreadcrumbList\",\"@id\":\"https:\/\/elcardinal.com\/?p=4810#breadcrumb\",\"itemListElement\":[{\"@type\":\"ListItem\",\"position\":1,\"name\":\"Inicio\",\"item\":\"https:\/\/elcardinal.com\/\"},{\"@type\":\"ListItem\",\"position\":2,\"name\":\"Poder Legislativo invita a j\u00f3venes a participar en tercer Congreso Juvenil Hidalgo 2025\"}]},{\"@type\":\"WebSite\",\"@id\":\"https:\/\/elcardinal.com\/#website\",\"url\":\"https:\/\/elcardinal.com\/\",\"name\":\"El Cardinal\",\"description\":\"Periodismo honesto, con valor, sentido humano, a veces sarc\u00e1stico y divertido.\",\"publisher\":{\"@id\":\"https:\/\/elcardinal.com\/#organization\"},\"alternateName\":\"El Cardinal Noticias\",\"potentialAction\":[{\"@type\":\"SearchAction\",\"target\":{\"@type\":\"EntryPoint\",\"urlTemplate\":\"https:\/\/elcardinal.com\/?s={search_term_string}\"},\"query-input\":{\"@type\":\"PropertyValueSpecification\",\"valueRequired\":true,\"valueName\":\"search_term_string\"}}],\"inLanguage\":\"es\"},{\"@type\":\"Organization\",\"@id\":\"https:\/\/elcardinal.com\/#organization\",\"name\":\"El Cardinal\",\"url\":\"https:\/\/elcardinal.com\/\",\"logo\":{\"@type\":\"ImageObject\",\"inLanguage\":\"es\",\"@id\":\"https:\/\/elcardinal.com\/#\/schema\/logo\/image\/\",\"url\":\"https:\/\/elcardinal.com\/wp-content\/uploads\/2025\/04\/LOGO-EL-CARDINAL-Periodismo-con-valor.png\",\"contentUrl\":\"https:\/\/elcardinal.com\/wp-content\/uploads\/2025\/04\/LOGO-EL-CARDINAL-Periodismo-con-valor.png\",\"width\":755,\"height\":636,\"caption\":\"El Cardinal\"},\"image\":{\"@id\":\"https:\/\/elcardinal.com\/#\/schema\/logo\/image\/\"},\"sameAs\":[\"https:\/\/www.facebook.com\/profile.php?id=100063093107011\",\"https:\/\/x.com\/ElCardinal_Mx\"]},{\"@type\":\"Person\",\"@id\":\"https:\/\/elcardinal.com\/#\/schema\/person\/3c352ec0a33987fe275c0e8a2ea69f8b\",\"name\":\"Antonio Alcaraz\",\"image\":{\"@type\":\"ImageObject\",\"inLanguage\":\"es\",\"@id\":\"https:\/\/elcardinal.com\/#\/schema\/person\/image\/\",\"url\":\"https:\/\/elcardinal.com\/wp-content\/uploads\/2025\/05\/cropped-TONO-96x96.jpg\",\"contentUrl\":\"https:\/\/elcardinal.com\/wp-content\/uploads\/2025\/05\/cropped-TONO-96x96.jpg\",\"caption\":\"Antonio Alcaraz\"},\"url\":\"https:\/\/elcardinal.com\/?author=2\"}]}<\/script>\n<!-- \/ Yoast SEO plugin. -->","yoast_head_json":{"title":"Poder Legislativo invita a j\u00f3venes a participar en tercer Congreso Juvenil Hidalgo 2025 - El Cardinal","robots":{"index":"index","follow":"follow","max-snippet":"max-snippet:-1","max-image-preview":"max-image-preview:large","max-video-preview":"max-video-preview:-1"},"canonical":"https:\/\/elcardinal.com\/?p=4810","og_locale":"es_MX","og_type":"article","og_title":"Poder Legislativo invita a j\u00f3venes a participar en tercer Congreso Juvenil Hidalgo 2025 - El Cardinal","og_description":"Redacci\u00f3n La primera Comisi\u00f3n Permanente de la Ni\u00f1ez, la Juventud, el Deporte y la Familia, presidida por la diputada Karla Perales Arrieta, present\u00f3 la convocatoria del tercer Congreso Juvenil Hidalgo 2025, a realizarse el pr\u00f3ximo 3 de octubre, en conferencia de prensa ante medios de comunicaci\u00f3n en el Poder Legislativo. El presidente de la Junta","og_url":"https:\/\/elcardinal.com\/?p=4810","og_site_name":"El Cardinal","article_publisher":"https:\/\/www.facebook.com\/profile.php?id=100063093107011","article_published_time":"2025-06-24T02:29:04+00:00","og_image":[{"width":2560,"height":1646,"url":"https:\/\/elcardinal.com\/wp-content\/uploads\/2025\/06\/23.06.2025-Presentacion-convocatoria-3er.-Parlamento-Juvenil-2025-120-scaled.jpg","type":"image\/jpeg"}],"author":"Antonio Alcaraz","twitter_card":"summary_large_image","twitter_creator":"@ElCardinal_Mx","twitter_site":"@ElCardinal_Mx","twitter_misc":{"Escrito por":"Antonio Alcaraz","Tiempo de lectura":"4 minutos"},"schema":{"@context":"https:\/\/schema.org","@graph":[{"@type":"Article","@id":"https:\/\/elcardinal.com\/?p=4810#article","isPartOf":{"@id":"https:\/\/elcardinal.com\/?p=4810"},"author":{"name":"Antonio Alcaraz","@id":"https:\/\/elcardinal.com\/#\/schema\/person\/3c352ec0a33987fe275c0e8a2ea69f8b"},"headline":"Poder Legislativo invita a j\u00f3venes a participar en tercer Congreso Juvenil Hidalgo 2025","datePublished":"2025-06-24T02:29:04+00:00","mainEntityOfPage":{"@id":"https:\/\/elcardinal.com\/?p=4810"},"wordCount":853,"commentCount":0,"publisher":{"@id":"https:\/\/elcardinal.com\/#organization"},"image":{"@id":"https:\/\/elcardinal.com\/?p=4810#primaryimage"},"thumbnailUrl":"https:\/\/elcardinal.com\/wp-content\/uploads\/2025\/06\/23.06.2025-Presentacion-convocatoria-3er.-Parlamento-Juvenil-2025-120-scaled.jpg","keywords":["Andr\u00e9s Vel\u00e1zquez","Congreso de Hidalgo"],"articleSection":["Hidalgo","Minuto a Minuto","Pol\u00edtica"],"inLanguage":"es","potentialAction":[{"@type":"CommentAction","name":"Comment","target":["https:\/\/elcardinal.com\/?p=4810#respond"]}]},{"@type":"WebPage","@id":"https:\/\/elcardinal.com\/?p=4810","url":"https:\/\/elcardinal.com\/?p=4810","name":"Poder Legislativo invita a j\u00f3venes a participar en tercer Congreso Juvenil Hidalgo 2025 - El Cardinal","isPartOf":{"@id":"https:\/\/elcardinal.com\/#website"},"primaryImageOfPage":{"@id":"https:\/\/elcardinal.com\/?p=4810#primaryimage"},"image":{"@id":"https:\/\/elcardinal.com\/?p=4810#primaryimage"},"thumbnailUrl":"https:\/\/elcardinal.com\/wp-content\/uploads\/2025\/06\/23.06.2025-Presentacion-convocatoria-3er.-Parlamento-Juvenil-2025-120-scaled.jpg","datePublished":"2025-06-24T02:29:04+00:00","breadcrumb":{"@id":"https:\/\/elcardinal.com\/?p=4810#breadcrumb"},"inLanguage":"es","potentialAction":[{"@type":"ReadAction","target":["https:\/\/elcardinal.com\/?p=4810"]}]},{"@type":"ImageObject","inLanguage":"es","@id":"https:\/\/elcardinal.com\/?p=4810#primaryimage","url":"https:\/\/elcardinal.com\/wp-content\/uploads\/2025\/06\/23.06.2025-Presentacion-convocatoria-3er.-Parlamento-Juvenil-2025-120-scaled.jpg","contentUrl":"https:\/\/elcardinal.com\/wp-content\/uploads\/2025\/06\/23.06.2025-Presentacion-convocatoria-3er.-Parlamento-Juvenil-2025-120-scaled.jpg","width":2560,"height":1646},{"@type":"BreadcrumbList","@id":"https:\/\/elcardinal.com\/?p=4810#breadcrumb","itemListElement":[{"@type":"ListItem","position":1,"name":"Inicio","item":"https:\/\/elcardinal.com\/"},{"@type":"ListItem","position":2,"name":"Poder Legislativo invita a j\u00f3venes a participar en tercer Congreso Juvenil Hidalgo 2025"}]},{"@type":"WebSite","@id":"https:\/\/elcardinal.com\/#website","url":"https:\/\/elcardinal.com\/","name":"El Cardinal","description":"Periodismo honesto, con valor, sentido humano, a veces sarc\u00e1stico y divertido.","publisher":{"@id":"https:\/\/elcardinal.com\/#organization"},"alternateName":"El Cardinal Noticias","potentialAction":[{"@type":"SearchAction","target":{"@type":"EntryPoint","urlTemplate":"https:\/\/elcardinal.com\/?s={search_term_string}"},"query-input":{"@type":"PropertyValueSpecification","valueRequired":true,"valueName":"search_term_string"}}],"inLanguage":"es"},{"@type":"Organization","@id":"https:\/\/elcardinal.com\/#organization","name":"El Cardinal","url":"https:\/\/elcardinal.com\/","logo":{"@type":"ImageObject","inLanguage":"es","@id":"https:\/\/elcardinal.com\/#\/schema\/logo\/image\/","url":"https:\/\/elcardinal.com\/wp-content\/uploads\/2025\/04\/LOGO-EL-CARDINAL-Periodismo-con-valor.png","contentUrl":"https:\/\/elcardinal.com\/wp-content\/uploads\/2025\/04\/LOGO-EL-CARDINAL-Periodismo-con-valor.png","width":755,"height":636,"caption":"El Cardinal"},"image":{"@id":"https:\/\/elcardinal.com\/#\/schema\/logo\/image\/"},"sameAs":["https:\/\/www.facebook.com\/profile.php?id=100063093107011","https:\/\/x.com\/ElCardinal_Mx"]},{"@type":"Person","@id":"https:\/\/elcardinal.com\/#\/schema\/person\/3c352ec0a33987fe275c0e8a2ea69f8b","name":"Antonio Alcaraz","image":{"@type":"ImageObject","inLanguage":"es","@id":"https:\/\/elcardinal.com\/#\/schema\/person\/image\/","url":"https:\/\/elcardinal.com\/wp-content\/uploads\/2025\/05\/cropped-TONO-96x96.jpg","contentUrl":"https:\/\/elcardinal.com\/wp-content\/uploads\/2025\/05\/cropped-TONO-96x96.jpg","caption":"Antonio Alcaraz"},"url":"https:\/\/elcardinal.com\/?author=2"}]}},"_links":{"self":[{"href":"https:\/\/elcardinal.com\/index.php?rest_route=\/wp\/v2\/posts\/4810","targetHints":{"allow":["GET"]}}],"collection":[{"href":"https:\/\/elcardinal.com\/index.php?rest_route=\/wp\/v2\/posts"}],"about":[{"href":"https:\/\/elcardinal.com\/index.php?rest_route=\/wp\/v2\/types\/post"}],"author":[{"embeddable":true,"href":"https:\/\/elcardinal.com\/index.php?rest_route=\/wp\/v2\/users\/2"}],"replies":[{"embeddable":true,"href":"https:\/\/elcardinal.com\/index.php?rest_route=%2Fwp%2Fv2%2Fcomments&post=4810"}],"version-history":[{"count":1,"href":"https:\/\/elcardinal.com\/index.php?rest_route=\/wp\/v2\/posts\/4810\/revisions"}],"predecessor-version":[{"id":4812,"href":"https:\/\/elcardinal.com\/index.php?rest_route=\/wp\/v2\/posts\/4810\/revisions\/4812"}],"wp:featuredmedia":[{"embeddable":true,"href":"https:\/\/elcardinal.com\/index.php?rest_route=\/wp\/v2\/media\/4811"}],"wp:attachment":[{"href":"https:\/\/elcardinal.com\/index.php?rest_route=%2Fwp%2Fv2%2Fmedia&parent=4810"}],"wp:term":[{"taxonomy":"category","embeddable":true,"href":"https:\/\/elcardinal.com\/index.php?rest_route=%2Fwp%2Fv2%2Fcategories&post=4810"},{"taxonomy":"post_tag","embeddable":true,"href":"https:\/\/elcardinal.com\/index.php?rest_route=%2Fwp%2Fv2%2Ftags&post=4810"}],"curies":[{"name":"wp","href":"https:\/\/api.w.org\/{rel}","templated":true}]}}