{"id":4813,"date":"2025-06-24T16:42:14","date_gmt":"2025-06-24T22:42:14","guid":{"rendered":"https:\/\/elcardinal.com\/?p=4813"},"modified":"2025-06-24T16:42:14","modified_gmt":"2025-06-24T22:42:14","slug":"proponen-armonizar-dias-de-descanso-en-hidalgo-para-servidores-publicos","status":"publish","type":"post","link":"https:\/\/elcardinal.com\/?p=4813","title":{"rendered":"Proponen armonizar d\u00edas de descanso en Hidalgo para servidores p\u00fablicos"},"content":{"rendered":"<p>Por: <strong>Jos\u00e9 Antonio Alcaraz Su\u00e1rez<\/strong><\/p>\n<p>Con el objetivo de mejorar las condiciones laborales de los servidores p\u00fablicos en Hidalgo, el diputado del Partido Verde Ecologista de M\u00e9xico (PVEM), <strong>Avelino Tovar Iglesias<\/strong>, present\u00f3 ante el Congreso local una iniciativa para reformar el art\u00edculo 18 de la <strong>Ley de los Trabajadores al Servicio de los Gobiernos Estatal y Municipal, as\u00ed como de los organismos descentralizados del Estado.<\/strong><\/p>\n<p>La propuesta busca armonizar los d\u00edas de descanso obligatorios establecidos a nivel estatal con los que contempla la <strong>Ley Federal del Trabajo<\/strong>, incorporando fechas relevantes como el 16 de enero, d\u00eda de la erecci\u00f3n del Estado de Hidalgo, y el d\u00eda de la toma de protesta del Ejecutivo estatal.<\/p>\n<blockquote><p>Durante su intervenci\u00f3n, el legislador subray\u00f3 que los derechos laborales no deben ser vistos como concesiones, sino como garant\u00edas m\u00ednimas para preservar la salud f\u00edsica, mental y emocional de quienes dedican su vida al servicio p\u00fablico. <em>\u201cEl estr\u00e9s y el agotamiento no son solo cifras fr\u00edas, son rostros e historias de servidores p\u00fablicos que, al no contar con un respiro, ven afectada su motivaci\u00f3n y la calidad del servicio que brindan\u201d<\/em>, expres\u00f3.<\/p><\/blockquote>\n<p>Tovar Iglesias advirti\u00f3 que, en<strong> Hidalgo, el 56%<\/strong> de las personas trabajadoras laboran bajo condiciones de estr\u00e9s, lo cual incide directamente en la eficiencia del gobierno. Alert\u00f3 tambi\u00e9n sobre el s\u00edndrome de burnout, reconocido por la OMS, como una amenaza creciente entre las y los trabajadores del sector p\u00fablico.<\/p>\n<p>\u201cLa productividad no es enemiga del descanso. Al contrario: descansar es producir mejor, es prevenir enfermedades, es cuidar la vida, es cuidar a quien nos cuida\u201d, sentenci\u00f3 el legislador.<\/p>\n<p>La iniciativa cuenta con el respaldo de diputadas y diputados de diversas fracciones parlamentarias, entre ellos <strong>Guadalupe Cruz Monta\u00f1o, Karla Perales, Claudia Luna, Orqu\u00eddea Larragoiti, Joana Montserrat, Rosario Guerrero, Carlos Alc\u00e1ntara, Leonel Perusqu\u00eda, Marco Mendoza y Francisco T\u00e9llez<\/strong>.<\/p>\n<p>Finalmente, Avelino Tovar concluy\u00f3 su intervenci\u00f3n apelando a la sensibilidad del Congreso: \u201cUn Hidalgo que respeta el descanso, es un Hidalgo que respeta la vida\u201d.<\/p>\n","protected":false},"excerpt":{"rendered":"<p>Por: Jos\u00e9 Antonio Alcaraz Su\u00e1rez Con el objetivo de mejorar las condiciones laborales de los servidores p\u00fablicos en Hidalgo, el diputado del Partido Verde Ecologista de M\u00e9xico (PVEM), Avelino Tovar Iglesias, present\u00f3 ante el Congreso local una iniciativa para reformar el art\u00edculo 18 de la Ley de los Trabajadores al Servicio de los Gobiernos Estatal<\/p>\n","protected":false},"author":2,"featured_media":4814,"comment_status":"open","ping_status":"open","sticky":false,"template":"","format":"standard","meta":{"footnotes":""},"categories":[31,44,39],"tags":[61,108],"class_list":{"0":"post-4813","1":"post","2":"type-post","3":"status-publish","4":"format-standard","5":"has-post-thumbnail","7":"category-hidalgo","8":"category-minuto-a-minuto","9":"category-politica","10":"tag-avelino-tovar","11":"tag-pvem"},"yoast_head":"<!-- This site is optimized with the Yoast SEO plugin v26.1.1 - https:\/\/yoast.com\/wordpress\/plugins\/seo\/ -->\n<title>Proponen armonizar d\u00edas de descanso en Hidalgo para servidores p\u00fablicos - El Cardinal<\/title>\n<meta name=\"robots\" content=\"index, follow, max-snippet:-1, max-image-preview:large, max-video-preview:-1\" \/>\n<link rel=\"canonical\" href=\"https:\/\/elcardinal.com\/?p=4813\" \/>\n<meta property=\"og:locale\" content=\"es_MX\" \/>\n<meta property=\"og:type\" content=\"article\" \/>\n<meta property=\"og:title\" content=\"Proponen armonizar d\u00edas de descanso en Hidalgo para servidores p\u00fablicos - El Cardinal\" \/>\n<meta property=\"og:description\" content=\"Por: Jos\u00e9 Antonio Alcaraz Su\u00e1rez Con el objetivo de mejorar las condiciones laborales de los servidores p\u00fablicos en Hidalgo, el diputado del Partido Verde Ecologista de M\u00e9xico (PVEM), Avelino Tovar Iglesias, present\u00f3 ante el Congreso local una iniciativa para reformar el art\u00edculo 18 de la Ley de los Trabajadores al Servicio de los Gobiernos Estatal\" \/>\n<meta property=\"og:url\" content=\"https:\/\/elcardinal.com\/?p=4813\" \/>\n<meta property=\"og:site_name\" content=\"El Cardinal\" \/>\n<meta property=\"article:publisher\" content=\"https:\/\/www.facebook.com\/profile.php?id=100063093107011\" \/>\n<meta property=\"article:published_time\" content=\"2025-06-24T22:42:14+00:00\" \/>\n<meta property=\"og:image\" content=\"https:\/\/elcardinal.com\/wp-content\/uploads\/2025\/06\/Sesion-24.06.2025-Ordinaria-261-.jpg\" \/>\n\t<meta property=\"og:image:width\" content=\"2400\" \/>\n\t<meta property=\"og:image:height\" content=\"1602\" \/>\n\t<meta property=\"og:image:type\" content=\"image\/jpeg\" \/>\n<meta name=\"author\" content=\"Antonio Alcaraz\" \/>\n<meta name=\"twitter:card\" content=\"summary_large_image\" \/>\n<meta name=\"twitter:creator\" content=\"@ElCardinal_Mx\" \/>\n<meta name=\"twitter:site\" content=\"@ElCardinal_Mx\" \/>\n<meta name=\"twitter:label1\" content=\"Escrito por\" \/>\n\t<meta name=\"twitter:data1\" content=\"Antonio Alcaraz\" \/>\n\t<meta name=\"twitter:label2\" content=\"Tiempo de lectura\" \/>\n\t<meta name=\"twitter:data2\" content=\"2 minutos\" \/>\n<script type=\"application\/ld+json\" class=\"yoast-schema-graph\">{\"@context\":\"https:\/\/schema.org\",\"@graph\":[{\"@type\":\"Article\",\"@id\":\"https:\/\/elcardinal.com\/?p=4813#article\",\"isPartOf\":{\"@id\":\"https:\/\/elcardinal.com\/?p=4813\"},\"author\":{\"name\":\"Antonio Alcaraz\",\"@id\":\"https:\/\/elcardinal.com\/#\/schema\/person\/3c352ec0a33987fe275c0e8a2ea69f8b\"},\"headline\":\"Proponen armonizar d\u00edas de descanso en Hidalgo para servidores p\u00fablicos\",\"datePublished\":\"2025-06-24T22:42:14+00:00\",\"mainEntityOfPage\":{\"@id\":\"https:\/\/elcardinal.com\/?p=4813\"},\"wordCount\":363,\"commentCount\":0,\"publisher\":{\"@id\":\"https:\/\/elcardinal.com\/#organization\"},\"image\":{\"@id\":\"https:\/\/elcardinal.com\/?p=4813#primaryimage\"},\"thumbnailUrl\":\"https:\/\/elcardinal.com\/wp-content\/uploads\/2025\/06\/Sesion-24.06.2025-Ordinaria-261-.jpg\",\"keywords\":[\"Avelino Tovar\",\"PVEM\"],\"articleSection\":[\"Hidalgo\",\"Minuto a Minuto\",\"Pol\u00edtica\"],\"inLanguage\":\"es\",\"potentialAction\":[{\"@type\":\"CommentAction\",\"name\":\"Comment\",\"target\":[\"https:\/\/elcardinal.com\/?p=4813#respond\"]}]},{\"@type\":\"WebPage\",\"@id\":\"https:\/\/elcardinal.com\/?p=4813\",\"url\":\"https:\/\/elcardinal.com\/?p=4813\",\"name\":\"Proponen armonizar d\u00edas de descanso en Hidalgo para servidores p\u00fablicos - El Cardinal\",\"isPartOf\":{\"@id\":\"https:\/\/elcardinal.com\/#website\"},\"primaryImageOfPage\":{\"@id\":\"https:\/\/elcardinal.com\/?p=4813#primaryimage\"},\"image\":{\"@id\":\"https:\/\/elcardinal.com\/?p=4813#primaryimage\"},\"thumbnailUrl\":\"https:\/\/elcardinal.com\/wp-content\/uploads\/2025\/06\/Sesion-24.06.2025-Ordinaria-261-.jpg\",\"datePublished\":\"2025-06-24T22:42:14+00:00\",\"breadcrumb\":{\"@id\":\"https:\/\/elcardinal.com\/?p=4813#breadcrumb\"},\"inLanguage\":\"es\",\"potentialAction\":[{\"@type\":\"ReadAction\",\"target\":[\"https:\/\/elcardinal.com\/?p=4813\"]}]},{\"@type\":\"ImageObject\",\"inLanguage\":\"es\",\"@id\":\"https:\/\/elcardinal.com\/?p=4813#primaryimage\",\"url\":\"https:\/\/elcardinal.com\/wp-content\/uploads\/2025\/06\/Sesion-24.06.2025-Ordinaria-261-.jpg\",\"contentUrl\":\"https:\/\/elcardinal.com\/wp-content\/uploads\/2025\/06\/Sesion-24.06.2025-Ordinaria-261-.jpg\",\"width\":2400,\"height\":1602,\"caption\":\"????????????????\"},{\"@type\":\"BreadcrumbList\",\"@id\":\"https:\/\/elcardinal.com\/?p=4813#breadcrumb\",\"itemListElement\":[{\"@type\":\"ListItem\",\"position\":1,\"name\":\"Inicio\",\"item\":\"https:\/\/elcardinal.com\/\"},{\"@type\":\"ListItem\",\"position\":2,\"name\":\"Proponen armonizar d\u00edas de descanso en Hidalgo para servidores p\u00fablicos\"}]},{\"@type\":\"WebSite\",\"@id\":\"https:\/\/elcardinal.com\/#website\",\"url\":\"https:\/\/elcardinal.com\/\",\"name\":\"El Cardinal\",\"description\":\"Periodismo honesto, con valor, sentido humano, a veces sarc\u00e1stico y divertido.\",\"publisher\":{\"@id\":\"https:\/\/elcardinal.com\/#organization\"},\"alternateName\":\"El Cardinal Noticias\",\"potentialAction\":[{\"@type\":\"SearchAction\",\"target\":{\"@type\":\"EntryPoint\",\"urlTemplate\":\"https:\/\/elcardinal.com\/?s={search_term_string}\"},\"query-input\":{\"@type\":\"PropertyValueSpecification\",\"valueRequired\":true,\"valueName\":\"search_term_string\"}}],\"inLanguage\":\"es\"},{\"@type\":\"Organization\",\"@id\":\"https:\/\/elcardinal.com\/#organization\",\"name\":\"El Cardinal\",\"url\":\"https:\/\/elcardinal.com\/\",\"logo\":{\"@type\":\"ImageObject\",\"inLanguage\":\"es\",\"@id\":\"https:\/\/elcardinal.com\/#\/schema\/logo\/image\/\",\"url\":\"https:\/\/elcardinal.com\/wp-content\/uploads\/2025\/04\/LOGO-EL-CARDINAL-Periodismo-con-valor.png\",\"contentUrl\":\"https:\/\/elcardinal.com\/wp-content\/uploads\/2025\/04\/LOGO-EL-CARDINAL-Periodismo-con-valor.png\",\"width\":755,\"height\":636,\"caption\":\"El Cardinal\"},\"image\":{\"@id\":\"https:\/\/elcardinal.com\/#\/schema\/logo\/image\/\"},\"sameAs\":[\"https:\/\/www.facebook.com\/profile.php?id=100063093107011\",\"https:\/\/x.com\/ElCardinal_Mx\"]},{\"@type\":\"Person\",\"@id\":\"https:\/\/elcardinal.com\/#\/schema\/person\/3c352ec0a33987fe275c0e8a2ea69f8b\",\"name\":\"Antonio Alcaraz\",\"image\":{\"@type\":\"ImageObject\",\"inLanguage\":\"es\",\"@id\":\"https:\/\/elcardinal.com\/#\/schema\/person\/image\/\",\"url\":\"https:\/\/elcardinal.com\/wp-content\/uploads\/2025\/05\/cropped-TONO-96x96.jpg\",\"contentUrl\":\"https:\/\/elcardinal.com\/wp-content\/uploads\/2025\/05\/cropped-TONO-96x96.jpg\",\"caption\":\"Antonio Alcaraz\"},\"url\":\"https:\/\/elcardinal.com\/?author=2\"}]}<\/script>\n<!-- \/ Yoast SEO plugin. -->","yoast_head_json":{"title":"Proponen armonizar d\u00edas de descanso en Hidalgo para servidores p\u00fablicos - El Cardinal","robots":{"index":"index","follow":"follow","max-snippet":"max-snippet:-1","max-image-preview":"max-image-preview:large","max-video-preview":"max-video-preview:-1"},"canonical":"https:\/\/elcardinal.com\/?p=4813","og_locale":"es_MX","og_type":"article","og_title":"Proponen armonizar d\u00edas de descanso en Hidalgo para servidores p\u00fablicos - El Cardinal","og_description":"Por: Jos\u00e9 Antonio Alcaraz Su\u00e1rez Con el objetivo de mejorar las condiciones laborales de los servidores p\u00fablicos en Hidalgo, el diputado del Partido Verde Ecologista de M\u00e9xico (PVEM), Avelino Tovar Iglesias, present\u00f3 ante el Congreso local una iniciativa para reformar el art\u00edculo 18 de la Ley de los Trabajadores al Servicio de los Gobiernos Estatal","og_url":"https:\/\/elcardinal.com\/?p=4813","og_site_name":"El Cardinal","article_publisher":"https:\/\/www.facebook.com\/profile.php?id=100063093107011","article_published_time":"2025-06-24T22:42:14+00:00","og_image":[{"width":2400,"height":1602,"url":"https:\/\/elcardinal.com\/wp-content\/uploads\/2025\/06\/Sesion-24.06.2025-Ordinaria-261-.jpg","type":"image\/jpeg"}],"author":"Antonio Alcaraz","twitter_card":"summary_large_image","twitter_creator":"@ElCardinal_Mx","twitter_site":"@ElCardinal_Mx","twitter_misc":{"Escrito por":"Antonio Alcaraz","Tiempo de lectura":"2 minutos"},"schema":{"@context":"https:\/\/schema.org","@graph":[{"@type":"Article","@id":"https:\/\/elcardinal.com\/?p=4813#article","isPartOf":{"@id":"https:\/\/elcardinal.com\/?p=4813"},"author":{"name":"Antonio Alcaraz","@id":"https:\/\/elcardinal.com\/#\/schema\/person\/3c352ec0a33987fe275c0e8a2ea69f8b"},"headline":"Proponen armonizar d\u00edas de descanso en Hidalgo para servidores p\u00fablicos","datePublished":"2025-06-24T22:42:14+00:00","mainEntityOfPage":{"@id":"https:\/\/elcardinal.com\/?p=4813"},"wordCount":363,"commentCount":0,"publisher":{"@id":"https:\/\/elcardinal.com\/#organization"},"image":{"@id":"https:\/\/elcardinal.com\/?p=4813#primaryimage"},"thumbnailUrl":"https:\/\/elcardinal.com\/wp-content\/uploads\/2025\/06\/Sesion-24.06.2025-Ordinaria-261-.jpg","keywords":["Avelino Tovar","PVEM"],"articleSection":["Hidalgo","Minuto a Minuto","Pol\u00edtica"],"inLanguage":"es","potentialAction":[{"@type":"CommentAction","name":"Comment","target":["https:\/\/elcardinal.com\/?p=4813#respond"]}]},{"@type":"WebPage","@id":"https:\/\/elcardinal.com\/?p=4813","url":"https:\/\/elcardinal.com\/?p=4813","name":"Proponen armonizar d\u00edas de descanso en Hidalgo para servidores p\u00fablicos - El Cardinal","isPartOf":{"@id":"https:\/\/elcardinal.com\/#website"},"primaryImageOfPage":{"@id":"https:\/\/elcardinal.com\/?p=4813#primaryimage"},"image":{"@id":"https:\/\/elcardinal.com\/?p=4813#primaryimage"},"thumbnailUrl":"https:\/\/elcardinal.com\/wp-content\/uploads\/2025\/06\/Sesion-24.06.2025-Ordinaria-261-.jpg","datePublished":"2025-06-24T22:42:14+00:00","breadcrumb":{"@id":"https:\/\/elcardinal.com\/?p=4813#breadcrumb"},"inLanguage":"es","potentialAction":[{"@type":"ReadAction","target":["https:\/\/elcardinal.com\/?p=4813"]}]},{"@type":"ImageObject","inLanguage":"es","@id":"https:\/\/elcardinal.com\/?p=4813#primaryimage","url":"https:\/\/elcardinal.com\/wp-content\/uploads\/2025\/06\/Sesion-24.06.2025-Ordinaria-261-.jpg","contentUrl":"https:\/\/elcardinal.com\/wp-content\/uploads\/2025\/06\/Sesion-24.06.2025-Ordinaria-261-.jpg","width":2400,"height":1602,"caption":"????????????????"},{"@type":"BreadcrumbList","@id":"https:\/\/elcardinal.com\/?p=4813#breadcrumb","itemListElement":[{"@type":"ListItem","position":1,"name":"Inicio","item":"https:\/\/elcardinal.com\/"},{"@type":"ListItem","position":2,"name":"Proponen armonizar d\u00edas de descanso en Hidalgo para servidores p\u00fablicos"}]},{"@type":"WebSite","@id":"https:\/\/elcardinal.com\/#website","url":"https:\/\/elcardinal.com\/","name":"El Cardinal","description":"Periodismo honesto, con valor, sentido humano, a veces sarc\u00e1stico y divertido.","publisher":{"@id":"https:\/\/elcardinal.com\/#organization"},"alternateName":"El Cardinal Noticias","potentialAction":[{"@type":"SearchAction","target":{"@type":"EntryPoint","urlTemplate":"https:\/\/elcardinal.com\/?s={search_term_string}"},"query-input":{"@type":"PropertyValueSpecification","valueRequired":true,"valueName":"search_term_string"}}],"inLanguage":"es"},{"@type":"Organization","@id":"https:\/\/elcardinal.com\/#organization","name":"El Cardinal","url":"https:\/\/elcardinal.com\/","logo":{"@type":"ImageObject","inLanguage":"es","@id":"https:\/\/elcardinal.com\/#\/schema\/logo\/image\/","url":"https:\/\/elcardinal.com\/wp-content\/uploads\/2025\/04\/LOGO-EL-CARDINAL-Periodismo-con-valor.png","contentUrl":"https:\/\/elcardinal.com\/wp-content\/uploads\/2025\/04\/LOGO-EL-CARDINAL-Periodismo-con-valor.png","width":755,"height":636,"caption":"El Cardinal"},"image":{"@id":"https:\/\/elcardinal.com\/#\/schema\/logo\/image\/"},"sameAs":["https:\/\/www.facebook.com\/profile.php?id=100063093107011","https:\/\/x.com\/ElCardinal_Mx"]},{"@type":"Person","@id":"https:\/\/elcardinal.com\/#\/schema\/person\/3c352ec0a33987fe275c0e8a2ea69f8b","name":"Antonio Alcaraz","image":{"@type":"ImageObject","inLanguage":"es","@id":"https:\/\/elcardinal.com\/#\/schema\/person\/image\/","url":"https:\/\/elcardinal.com\/wp-content\/uploads\/2025\/05\/cropped-TONO-96x96.jpg","contentUrl":"https:\/\/elcardinal.com\/wp-content\/uploads\/2025\/05\/cropped-TONO-96x96.jpg","caption":"Antonio Alcaraz"},"url":"https:\/\/elcardinal.com\/?author=2"}]}},"_links":{"self":[{"href":"https:\/\/elcardinal.com\/index.php?rest_route=\/wp\/v2\/posts\/4813","targetHints":{"allow":["GET"]}}],"collection":[{"href":"https:\/\/elcardinal.com\/index.php?rest_route=\/wp\/v2\/posts"}],"about":[{"href":"https:\/\/elcardinal.com\/index.php?rest_route=\/wp\/v2\/types\/post"}],"author":[{"embeddable":true,"href":"https:\/\/elcardinal.com\/index.php?rest_route=\/wp\/v2\/users\/2"}],"replies":[{"embeddable":true,"href":"https:\/\/elcardinal.com\/index.php?rest_route=%2Fwp%2Fv2%2Fcomments&post=4813"}],"version-history":[{"count":1,"href":"https:\/\/elcardinal.com\/index.php?rest_route=\/wp\/v2\/posts\/4813\/revisions"}],"predecessor-version":[{"id":4815,"href":"https:\/\/elcardinal.com\/index.php?rest_route=\/wp\/v2\/posts\/4813\/revisions\/4815"}],"wp:featuredmedia":[{"embeddable":true,"href":"https:\/\/elcardinal.com\/index.php?rest_route=\/wp\/v2\/media\/4814"}],"wp:attachment":[{"href":"https:\/\/elcardinal.com\/index.php?rest_route=%2Fwp%2Fv2%2Fmedia&parent=4813"}],"wp:term":[{"taxonomy":"category","embeddable":true,"href":"https:\/\/elcardinal.com\/index.php?rest_route=%2Fwp%2Fv2%2Fcategories&post=4813"},{"taxonomy":"post_tag","embeddable":true,"href":"https:\/\/elcardinal.com\/index.php?rest_route=%2Fwp%2Fv2%2Ftags&post=4813"}],"curies":[{"name":"wp","href":"https:\/\/api.w.org\/{rel}","templated":true}]}}