{"id":4816,"date":"2025-06-24T20:55:36","date_gmt":"2025-06-25T02:55:36","guid":{"rendered":"https:\/\/elcardinal.com\/?p=4816"},"modified":"2025-06-24T20:55:36","modified_gmt":"2025-06-25T02:55:36","slug":"con-dictamen-legisladores-modifican-cuotas-y-tarifas-a-comision-de-agua-de-atitalaquia","status":"publish","type":"post","link":"https:\/\/elcardinal.com\/?p=4816","title":{"rendered":"Con dictamen, legisladores modifican cuotas y tarifas a Comisi\u00f3n de Agua de Atitalaquia"},"content":{"rendered":"<p><span style=\"font-weight: 400;\">En sesi\u00f3n ordinaria, diputadas y diputados integrantes de la <\/span><b>LXVI Legislatura<\/b><span style=\"font-weight: 400;\"> avalaron con 24 votos a favor, cero en contra y cero abstenciones, el dictamen que aprueba la modificaci\u00f3n de las cuotas y tarifas a la Comisi\u00f3n de Agua Potable, Alcantarillado y Saneamiento del Municipio de Atitalaquia para el ejercicio fiscal 2025, emitido por la primera Comisi\u00f3n Permanente de Hacienda y Presupuesto.<\/span><\/p>\n<p><span style=\"font-weight: 400;\">El legislador <\/span><b>Jos\u00e9 Luis Rodr\u00edguez Higareda<\/b><span style=\"font-weight: 400;\"> (Morena) indic\u00f3 que la aplicaci\u00f3n del beneficio de descuentos de recargos para el ejercicio fiscal 2025 derivar\u00e1 en regularizar la cartera vencida en el servicio dom\u00e9stico para incrementar el ingreso y con ello, incentivar la cultura de pago, a trav\u00e9s del programa para recuperaci\u00f3n de adeudos por la prestaci\u00f3n de los servicios de agua, alcantarillado y saneamiento. Esta estrategia ayudar\u00e1 a garantizar la continuidad y expansi\u00f3n de los proyectos hidr\u00e1ulicos, mejorando la infraestructura dentro del municipio.<\/span><\/p>\n<p>&nbsp;<\/p>\n<p><b>Inclusi\u00f3n de estudiantes con tratamientos prolongados<\/b><\/p>\n<p><span style=\"font-weight: 400;\">Adem\u00e1s, avalaron con 26 votos a favor, cero en contra y cero abstenciones, el dictamen que aprueba con modificaciones la iniciativa que reforma la Ley de los Derechos de Ni\u00f1as, Ni\u00f1os y Adolescentes para el Estado de Hidalgo, emitido por la primera Comisi\u00f3n Permanente de Legislaci\u00f3n y Puntos Constitucionales.<\/span><\/p>\n<p><span style=\"font-weight: 400;\">La legisladora <\/span><b>Juana Olivia Alarc\u00f3n Rivera<\/b><span style=\"font-weight: 400;\"> (Nueva Alianza) record\u00f3 que el fin es fortalecer la ley mediante la adici\u00f3n de disposiciones que promuevan la protecci\u00f3n integral de los derechos educativos y de la inclusi\u00f3n de ni\u00f1as, ni\u00f1os y adolescentes con condiciones m\u00e9dicas que requieren tratamientos prolongados o estancias hospitalarias.<\/span><\/p>\n<p>&nbsp;<\/p>\n<p><b>Educaci\u00f3n y alfabetizaci\u00f3n para adultos mayores<\/b><\/p>\n<p><span style=\"font-weight: 400;\">Tambi\u00e9n avalaron con 26 votos a favor, cero en contra y cero abstenciones, el dictamen que aprueba con modificaciones la iniciativa que reforma la Ley de los Derechos de las Personas Adultas Mayores para el Estado de Hidalgo, en materia de educaci\u00f3n y alfabetizaci\u00f3n, emitido por la primera Comisi\u00f3n Permanente de Legislaci\u00f3n y Puntos Constitucionales.<\/span><\/p>\n<p><span style=\"font-weight: 400;\">El diputado <\/span><b>Miguel \u00c1ngel Moreno Zamora<\/b><span style=\"font-weight: 400;\"> (Morena) record\u00f3 que se busca establecer las herramientas necesarias para lograr una educaci\u00f3n y alfabetizaci\u00f3n para todas y todos, especialmente los adultos mayores, lo que permitir\u00e1 reducir las desigualdades y alcanzar su bienestar.<\/span><\/p>\n<p>&nbsp;<\/p>\n<p><b>Hostigamiento como forma de violencia laboral<\/b><\/p>\n<p><span style=\"font-weight: 400;\">Asimismo, avalaron con 25 votos a favor, cero en contra y cero abstenciones, el dictamen que aprueba con modificaciones la iniciativa que reforma la Ley de Acceso de las Mujeres a una Vida Libre de Violencia para el Estado de Hidalgo, en materia de reconocimiento del hostigamiento como forma de violencia laboral y docente, emitido por la primera Comisi\u00f3n Permanente de Legislaci\u00f3n y Puntos Constitucionales.<\/span><\/p>\n<p><span style=\"font-weight: 400;\">La legisladora <\/span><b>Juana Olivia Alarc\u00f3n Rivera <\/b><span style=\"font-weight: 400;\">(Nueva Alianza) asegur\u00f3 que en M\u00e9xico se requieren ambientes laborales seguros, incluyentes y con nuevas concepciones, en los cuales exista una verdadera igualdad salarial.<\/span><\/p>\n<p>&nbsp;<\/p>\n<p><b>Incorporaci\u00f3n de lactarios en los centros de trabajo<\/b><\/p>\n<p><span style=\"font-weight: 400;\">Por otro lado, avalaron con 24 votos a favor, cero en contra y cero abstenciones, el dictamen que aprueba con modificaciones la iniciativa que reforma la Ley de Salud para el Estado Hidalgo, en materia de incorporaci\u00f3n de lactarios en los centros de trabajo, emitido por la primera Comisi\u00f3n Permanente de Legislaci\u00f3n y Puntos Constitucionales<\/span><\/p>\n<p><span style=\"font-weight: 400;\">El diputado <\/span><b>Avelino Tovar Iglesias<\/b><span style=\"font-weight: 400;\"> (PVEM) record\u00f3 que la falta de lactarios en centros laborales, la escasa presencia de cambiadores en sanitarios, as\u00ed como la omisi\u00f3n de infraestructura incluyente, revelan la necesidad urgente de adecuar el marco legal a los tiempos actuales.<\/span><\/p>\n<p>&nbsp;<\/p>\n<p><b>Modificaci\u00f3n a la Ley de Ingresos de Tecozautla<\/b><\/p>\n<p><span style=\"font-weight: 400;\">Asimismo, avalaron con 24 votos a favor, cero en contra y cero abstenciones, el dictamen que aprueba la modificaci\u00f3n a la Ley de Ingresos para del Municipio de Tecozautla del ejercicio fiscal 2025, emitido por la primera Comisi\u00f3n Permanente de Hacienda y Presupuesto.<\/span><\/p>\n<p><span style=\"font-weight: 400;\">La diputada <\/span><b>Cynthia Citlali Delgado Mendoza<\/b><span style=\"font-weight: 400;\"> (Morena) mencion\u00f3 que se autoriza la modificaci\u00f3n para otorgar a los ciudadanos jubilados, pensionados de la tercera edad y personas con discapacidad un descuento del 50 por ciento por pago anticipado del impuesto predial durante todo el a\u00f1o y ya no solo durante los meses de enero, febrero y marzo, para favorecer a estos grupos vulnerables.<\/span><\/p>\n<p><b>Iniciativas<\/b><\/p>\n<p><b>Cuidado del agua<\/b><\/p>\n<p><span style=\"font-weight: 400;\">Las y los diputados <\/span><b>Juli\u00e1n Nochebuena Hern\u00e1ndez<\/b><span style=\"font-weight: 400;\">, <\/span><b>Andr\u00e9s Vel\u00e1zquez V\u00e1zquez<\/b><span style=\"font-weight: 400;\">, <\/span><b>Paloma Barrag\u00e1n Santos<\/b><span style=\"font-weight: 400;\">, <\/span><b>Alma Rosa El\u00edas Paso<\/b><span style=\"font-weight: 400;\">, <\/span><b>Tania Er\u00e9ndira Meza Escorza<\/b><span style=\"font-weight: 400;\">, <\/span><b>Yarabi Gonz\u00e1lez Mart\u00ednez<\/b><span style=\"font-weight: 400;\">, <\/span><b>Aldo Meza Hern\u00e1ndez<\/b><span style=\"font-weight: 400;\">, <\/span><b>Jos\u00e9 Luis Rodr\u00edguez Higareda<\/b><span style=\"font-weight: 400;\">, <\/span><b>Arturo G\u00f3mez Canales<\/b><span style=\"font-weight: 400;\">, <\/span><b>Hilda Miranda Miranda<\/b><span style=\"font-weight: 400;\"> (Morena), <\/span><b>M\u00f3nica Leanett Reyes Mart\u00ednez<\/b><span style=\"font-weight: 400;\"> y <\/span><b>Juana Olivia Alarc\u00f3n Rivera<\/b><span style=\"font-weight: 400;\"> (Nueva Alianza) presentaron la iniciativa que reforma la Ley Org\u00e1nica Municipal para el Estado de Hidalgo, con la finalidad que los municipios realicen campa\u00f1as de concientizaci\u00f3n del cuidado del agua y participen de manera conjunta con m\u00e1s instituciones para cuidarla.<\/span><\/p>\n<p>&nbsp;<\/p>\n<p><b>Evaluaci\u00f3n de la pol\u00edtica social estatal<\/b><\/p>\n<p><span style=\"font-weight: 400;\">La legisladora <\/span><b>Cynthia Citlali Delgado Mendoza<\/b><span style=\"font-weight: 400;\"> (Morena) propuso la iniciativa que modifica la Ley de Desarrollo Social del Estado de Hidalgo, con el prop\u00f3sito de ampliar y precisar el elenco de principios rectores que deben guiar la formulaci\u00f3n, implementaci\u00f3n y evaluaci\u00f3n de la pol\u00edtica social estatal. El prop\u00f3sito es incorporar principios que, en su interrelaci\u00f3n, doten al marco normativo de una mayor pertinencia y capacidad para abordar las complejidades socioecon\u00f3micas.<\/span><\/p>\n<p>&nbsp;<\/p>\n<p><b>Armonizaci\u00f3n de d\u00edas de descanso<\/b><\/p>\n<p><span style=\"font-weight: 400;\">Las y los diputados <\/span><b>Avelino Tovar Iglesias<\/b><span style=\"font-weight: 400;\">, <\/span><b>Mar\u00eda Guadalupe Cruz Monta\u00f1o<\/b><span style=\"font-weight: 400;\"> (PVEM), <\/span><b>Karla Perales Arrieta<\/b><span style=\"font-weight: 400;\">, <\/span><b>Carlos Alejandro Alc\u00e1ntara Carbajal<\/b><span style=\"font-weight: 400;\"> (MC), <\/span><b>Claudia Lilia Luna Islas<\/b><span style=\"font-weight: 400;\"> (PAN), <\/span><b>Leonel Perusqu\u00eda Muedano<\/b><span style=\"font-weight: 400;\"> (PRD), <\/span><b>Francisco Javier T\u00e9llez S\u00e1nchez<\/b><span style=\"font-weight: 400;\">, <\/span><b>Orqu\u00eddea Larragoiti Osorio<\/b><span style=\"font-weight: 400;\"> (PT), <\/span><b>Marco Antonio Mendoza Bustamante<\/b><span style=\"font-weight: 400;\">, <\/span><b>Johana Montcerrat Hern\u00e1ndez P\u00e9rez<\/b><span style=\"font-weight: 400;\"> (PRI) y <\/span><b>Mar\u00eda del Rosario Guerrero Mart\u00ednez<\/b><span style=\"font-weight: 400;\"> (Morena) detallaron la iniciativa que reforma la Ley de los Trabajadores al Servicio de los Gobiernos Estatal y Municipales, as\u00ed como de los Organismos Descentralizados de Hidalgo, con el objetivo de armonizar los d\u00edas de descanso establecidos a nivel federal para los trabajadores al servicio del estado.<\/span><\/p>\n<p>&nbsp;<\/p>\n<p><b>Aplicaci\u00f3n de regla de tr\u00e1nsito \u201c1&#215;1\u201d<\/b><\/p>\n<p><span style=\"font-weight: 400;\">La legisladora <\/span><b>Claudia Lilia Luna Islas (<\/b><span style=\"font-weight: 400;\">PAN) present\u00f3 la iniciativa que modifica la Ley de Tr\u00e1nsito y Seguridad Vial para Hidalgo, con la finalidad de establecer en el marco jur\u00eddico estatal la obligatoriedad de aplicar la regla de tr\u00e1nsito, conocida como \u201c1&#215;1\u201d, en las intersecciones vehiculares de igual jerarqu\u00eda que carezcan de se\u00f1alamiento vial, sem\u00e1foros u otros dispositivos de control.<\/span><\/p>\n<p>&nbsp;<\/p>\n<p><b>Respeto a la vida privada<\/b><\/p>\n<p><span style=\"font-weight: 400;\">El diputado <\/span><b>Arturo G\u00f3mez Canales<\/b><span style=\"font-weight: 400;\"> (Morena) propuso la iniciativa que reforma el C\u00f3digo Civil para el Estado de Hidalgo con el fin de armonizar el marco jur\u00eddico estatal con los valores contempor\u00e1neos de igualdad, dignidad humana, autonom\u00eda de las personas y respeto a la vida privada, eliminando disposiciones anacr\u00f3nicas que ya no se ajustan al contexto legal y social actual.<\/span><\/p>\n<p>&nbsp;<\/p>\n<p><b>Igualdad y no discriminaci\u00f3n<\/b><\/p>\n<p><span style=\"font-weight: 400;\">El legislador <\/span><b>Carlos Alejandro Alc\u00e1ntara Carbajal<\/b><span style=\"font-weight: 400;\"> y la legisladora <\/span><b>Karla Perales Arrieta<\/b><span style=\"font-weight: 400;\"> (MC) detallaron la iniciativa que reforma el C\u00f3digo Penal del Estado de Hidalgo, con el prop\u00f3sito de fortalecer el marco legal en materia de igualdad y no discriminaci\u00f3n, garantizando una protecci\u00f3n m\u00e1s efectiva y accesible para las v\u00edctimas de actos discriminatorios.<\/span><\/p>\n<p>&nbsp;<\/p>\n<p><b>J\u00f3venes, sujetos de derechos<\/b><\/p>\n<p><span style=\"font-weight: 400;\">El diputado <\/span><b>Marco Antonio Mendoza Bustamante<\/b><span style=\"font-weight: 400;\"> (PRI) present\u00f3 la iniciativa que modifica la Ley Org\u00e1nica Municipal para el Estado de Hidalgo, con el fin de incluir a la Instancia Municipal de la Juventud para asegurar que en todos los municipios los j\u00f3venes sean considerados como sujetos de derechos y agentes de cambio.<\/span><\/p>\n<p>&nbsp;<\/p>\n<p><b>Asuntos generales<\/b><\/p>\n<p><b>Ciudades amigables<\/b><\/p>\n<p><span style=\"font-weight: 400;\">La legisladora <\/span><b>Mar\u00eda Guadalupe Cruz Monta\u00f1o<\/b><span style=\"font-weight: 400;\"> y el legislador <\/span><b>Avelino Tovar Iglesias<\/b><span style=\"font-weight: 400;\"> propusieron el acuerdo econ\u00f3mico que exhorta a los titulares de los 83 municipios que no est\u00e1n incorporados a la Red Mundial de Ciudades Amigables a impulsar las pol\u00edticas p\u00fablicas y acciones necesarias que promuevan la adaptaci\u00f3n de comunidades y ciudades amigables con las personas adultas mayores.<\/span><\/p>\n<p>&nbsp;<\/p>\n<p><b>Aulas emocionalmente seguras<\/b><\/p>\n<p><span style=\"font-weight: 400;\">La diputada <\/span><b>Mar\u00eda del Rosario Guerrero Mart\u00ednez<\/b><span style=\"font-weight: 400;\"> (Morena) llam\u00f3 a madres, padres, organizaciones civiles y medios de comunicaci\u00f3n a sumarse al esfuerzo de la construcci\u00f3n de aulas emocionalmente seguras. \u201cUn aula emocionalmente segura ofrece a los estudiantes respeto y valor a sus emociones para que puedan desempe\u00f1arse de manera efectiva\u201d.<\/span><\/p>\n<p>&nbsp;<\/p>\n<p><b>Compromiso en su encargo<\/b><\/p>\n<p><span style=\"font-weight: 400;\">El legislador <\/span><b>Jos\u00e9 Luis Rodr\u00edguez Higareda<\/b><span style=\"font-weight: 400;\"> (Morena), como presidente de la Comisi\u00f3n de Gobernaci\u00f3n asumi\u00f3 su compromiso de seguir trabajando con convicci\u00f3n, \u00e9tica y pasi\u00f3n por un Hidalgo m\u00e1s justo, fuerte y humano.<\/span><\/p>\n<p>&nbsp;<\/p>\n<p><b>Solicitud de desazolve del r\u00edo Grande<\/b><\/p>\n<p><span style=\"font-weight: 400;\">La diputada <\/span><b>Johana Montcerrat Hern\u00e1ndez P\u00e9rez<\/b><span style=\"font-weight: 400;\"> y el diputado <\/span><b>Marco Antonio Mendoza Bustamante<\/b><span style=\"font-weight: 400;\"> (PRI) solicitaron al ayuntamiento de Tulancingo el desazolve del r\u00edo Grande, el cual sigue siendo propenso a inundaciones en ciertas zonas, especialmente durante temporadas de lluvias intensas o con la combinaci\u00f3n de obstrucciones en el cauce. \u201cLa situaci\u00f3n actual del r\u00edo es compleja, con problemas de contaminaci\u00f3n y riesgo de inundaciones, especialmente en \u00e1reas urbanas\u201d.<\/span><\/p>\n<p>&nbsp;<\/p>\n<p><b>Respaldo a acciones coordinadas ante lluvias<\/b><\/p>\n<p><span style=\"font-weight: 400;\">La legisladora <\/span><b>Hilda Miranda Miranda<\/b><span style=\"font-weight: 400;\"> (Morena) expres\u00f3 su reconocimiento, compromiso y respaldo a las acciones decididas, oportunas y coordinadas que est\u00e1 implementando el gobierno de Hidalgo, frente a los efectos de las lluvias recientes, particularmente en las zonas vulnerables del municipio de Mineral de la Reforma.<\/span><\/p>\n","protected":false},"excerpt":{"rendered":"<p>En sesi\u00f3n ordinaria, diputadas y diputados integrantes de la LXVI Legislatura avalaron con 24 votos a favor, cero en contra y cero abstenciones, el dictamen que aprueba la modificaci\u00f3n de las cuotas y tarifas a la Comisi\u00f3n de Agua Potable, Alcantarillado y Saneamiento del Municipio de Atitalaquia para el ejercicio fiscal 2025, emitido por la<\/p>\n","protected":false},"author":2,"featured_media":4817,"comment_status":"open","ping_status":"open","sticky":false,"template":"","format":"standard","meta":{"footnotes":""},"categories":[31,44,39],"tags":[62],"class_list":{"0":"post-4816","1":"post","2":"type-post","3":"status-publish","4":"format-standard","5":"has-post-thumbnail","7":"category-hidalgo","8":"category-minuto-a-minuto","9":"category-politica","10":"tag-congreso-de-hidalgo"},"yoast_head":"<!-- This site is optimized with the Yoast SEO plugin v26.1.1 - https:\/\/yoast.com\/wordpress\/plugins\/seo\/ -->\n<title>Con dictamen, legisladores modifican cuotas y tarifas a Comisi\u00f3n de Agua de Atitalaquia - El Cardinal<\/title>\n<meta name=\"robots\" content=\"index, follow, max-snippet:-1, max-image-preview:large, max-video-preview:-1\" \/>\n<link rel=\"canonical\" href=\"https:\/\/elcardinal.com\/?p=4816\" \/>\n<meta property=\"og:locale\" content=\"es_MX\" \/>\n<meta property=\"og:type\" content=\"article\" \/>\n<meta property=\"og:title\" content=\"Con dictamen, legisladores modifican cuotas y tarifas a Comisi\u00f3n de Agua de Atitalaquia - El Cardinal\" \/>\n<meta property=\"og:description\" content=\"En sesi\u00f3n ordinaria, diputadas y diputados integrantes de la LXVI Legislatura avalaron con 24 votos a favor, cero en contra y cero abstenciones, el dictamen que aprueba la modificaci\u00f3n de las cuotas y tarifas a la Comisi\u00f3n de Agua Potable, Alcantarillado y Saneamiento del Municipio de Atitalaquia para el ejercicio fiscal 2025, emitido por la\" \/>\n<meta property=\"og:url\" content=\"https:\/\/elcardinal.com\/?p=4816\" \/>\n<meta property=\"og:site_name\" content=\"El Cardinal\" \/>\n<meta property=\"article:publisher\" content=\"https:\/\/www.facebook.com\/profile.php?id=100063093107011\" \/>\n<meta property=\"article:published_time\" content=\"2025-06-25T02:55:36+00:00\" \/>\n<meta property=\"og:image\" content=\"https:\/\/elcardinal.com\/wp-content\/uploads\/2025\/06\/Sesion-24.06.2025-Ordinaria-169-scaled.jpg\" \/>\n\t<meta property=\"og:image:width\" content=\"2560\" \/>\n\t<meta property=\"og:image:height\" content=\"1707\" \/>\n\t<meta property=\"og:image:type\" content=\"image\/jpeg\" \/>\n<meta name=\"author\" content=\"Antonio Alcaraz\" \/>\n<meta name=\"twitter:card\" content=\"summary_large_image\" \/>\n<meta name=\"twitter:creator\" content=\"@ElCardinal_Mx\" \/>\n<meta name=\"twitter:site\" content=\"@ElCardinal_Mx\" \/>\n<meta name=\"twitter:label1\" content=\"Escrito por\" \/>\n\t<meta name=\"twitter:data1\" content=\"Antonio Alcaraz\" \/>\n\t<meta name=\"twitter:label2\" content=\"Tiempo de lectura\" \/>\n\t<meta name=\"twitter:data2\" content=\"7 minutos\" \/>\n<script type=\"application\/ld+json\" class=\"yoast-schema-graph\">{\"@context\":\"https:\/\/schema.org\",\"@graph\":[{\"@type\":\"Article\",\"@id\":\"https:\/\/elcardinal.com\/?p=4816#article\",\"isPartOf\":{\"@id\":\"https:\/\/elcardinal.com\/?p=4816\"},\"author\":{\"name\":\"Antonio Alcaraz\",\"@id\":\"https:\/\/elcardinal.com\/#\/schema\/person\/3c352ec0a33987fe275c0e8a2ea69f8b\"},\"headline\":\"Con dictamen, legisladores modifican cuotas y tarifas a Comisi\u00f3n de Agua de Atitalaquia\",\"datePublished\":\"2025-06-25T02:55:36+00:00\",\"mainEntityOfPage\":{\"@id\":\"https:\/\/elcardinal.com\/?p=4816\"},\"wordCount\":1622,\"commentCount\":0,\"publisher\":{\"@id\":\"https:\/\/elcardinal.com\/#organization\"},\"image\":{\"@id\":\"https:\/\/elcardinal.com\/?p=4816#primaryimage\"},\"thumbnailUrl\":\"https:\/\/elcardinal.com\/wp-content\/uploads\/2025\/06\/Sesion-24.06.2025-Ordinaria-169-scaled.jpg\",\"keywords\":[\"Congreso de Hidalgo\"],\"articleSection\":[\"Hidalgo\",\"Minuto a Minuto\",\"Pol\u00edtica\"],\"inLanguage\":\"es\",\"potentialAction\":[{\"@type\":\"CommentAction\",\"name\":\"Comment\",\"target\":[\"https:\/\/elcardinal.com\/?p=4816#respond\"]}]},{\"@type\":\"WebPage\",\"@id\":\"https:\/\/elcardinal.com\/?p=4816\",\"url\":\"https:\/\/elcardinal.com\/?p=4816\",\"name\":\"Con dictamen, legisladores modifican cuotas y tarifas a Comisi\u00f3n de Agua de Atitalaquia - El Cardinal\",\"isPartOf\":{\"@id\":\"https:\/\/elcardinal.com\/#website\"},\"primaryImageOfPage\":{\"@id\":\"https:\/\/elcardinal.com\/?p=4816#primaryimage\"},\"image\":{\"@id\":\"https:\/\/elcardinal.com\/?p=4816#primaryimage\"},\"thumbnailUrl\":\"https:\/\/elcardinal.com\/wp-content\/uploads\/2025\/06\/Sesion-24.06.2025-Ordinaria-169-scaled.jpg\",\"datePublished\":\"2025-06-25T02:55:36+00:00\",\"breadcrumb\":{\"@id\":\"https:\/\/elcardinal.com\/?p=4816#breadcrumb\"},\"inLanguage\":\"es\",\"potentialAction\":[{\"@type\":\"ReadAction\",\"target\":[\"https:\/\/elcardinal.com\/?p=4816\"]}]},{\"@type\":\"ImageObject\",\"inLanguage\":\"es\",\"@id\":\"https:\/\/elcardinal.com\/?p=4816#primaryimage\",\"url\":\"https:\/\/elcardinal.com\/wp-content\/uploads\/2025\/06\/Sesion-24.06.2025-Ordinaria-169-scaled.jpg\",\"contentUrl\":\"https:\/\/elcardinal.com\/wp-content\/uploads\/2025\/06\/Sesion-24.06.2025-Ordinaria-169-scaled.jpg\",\"width\":2560,\"height\":1707},{\"@type\":\"BreadcrumbList\",\"@id\":\"https:\/\/elcardinal.com\/?p=4816#breadcrumb\",\"itemListElement\":[{\"@type\":\"ListItem\",\"position\":1,\"name\":\"Inicio\",\"item\":\"https:\/\/elcardinal.com\/\"},{\"@type\":\"ListItem\",\"position\":2,\"name\":\"Con dictamen, legisladores modifican cuotas y tarifas a Comisi\u00f3n de Agua de Atitalaquia\"}]},{\"@type\":\"WebSite\",\"@id\":\"https:\/\/elcardinal.com\/#website\",\"url\":\"https:\/\/elcardinal.com\/\",\"name\":\"El Cardinal\",\"description\":\"Periodismo honesto, con valor, sentido humano, a veces sarc\u00e1stico y divertido.\",\"publisher\":{\"@id\":\"https:\/\/elcardinal.com\/#organization\"},\"alternateName\":\"El Cardinal Noticias\",\"potentialAction\":[{\"@type\":\"SearchAction\",\"target\":{\"@type\":\"EntryPoint\",\"urlTemplate\":\"https:\/\/elcardinal.com\/?s={search_term_string}\"},\"query-input\":{\"@type\":\"PropertyValueSpecification\",\"valueRequired\":true,\"valueName\":\"search_term_string\"}}],\"inLanguage\":\"es\"},{\"@type\":\"Organization\",\"@id\":\"https:\/\/elcardinal.com\/#organization\",\"name\":\"El Cardinal\",\"url\":\"https:\/\/elcardinal.com\/\",\"logo\":{\"@type\":\"ImageObject\",\"inLanguage\":\"es\",\"@id\":\"https:\/\/elcardinal.com\/#\/schema\/logo\/image\/\",\"url\":\"https:\/\/elcardinal.com\/wp-content\/uploads\/2025\/04\/LOGO-EL-CARDINAL-Periodismo-con-valor.png\",\"contentUrl\":\"https:\/\/elcardinal.com\/wp-content\/uploads\/2025\/04\/LOGO-EL-CARDINAL-Periodismo-con-valor.png\",\"width\":755,\"height\":636,\"caption\":\"El Cardinal\"},\"image\":{\"@id\":\"https:\/\/elcardinal.com\/#\/schema\/logo\/image\/\"},\"sameAs\":[\"https:\/\/www.facebook.com\/profile.php?id=100063093107011\",\"https:\/\/x.com\/ElCardinal_Mx\"]},{\"@type\":\"Person\",\"@id\":\"https:\/\/elcardinal.com\/#\/schema\/person\/3c352ec0a33987fe275c0e8a2ea69f8b\",\"name\":\"Antonio Alcaraz\",\"image\":{\"@type\":\"ImageObject\",\"inLanguage\":\"es\",\"@id\":\"https:\/\/elcardinal.com\/#\/schema\/person\/image\/\",\"url\":\"https:\/\/elcardinal.com\/wp-content\/uploads\/2025\/05\/cropped-TONO-96x96.jpg\",\"contentUrl\":\"https:\/\/elcardinal.com\/wp-content\/uploads\/2025\/05\/cropped-TONO-96x96.jpg\",\"caption\":\"Antonio Alcaraz\"},\"url\":\"https:\/\/elcardinal.com\/?author=2\"}]}<\/script>\n<!-- \/ Yoast SEO plugin. -->","yoast_head_json":{"title":"Con dictamen, legisladores modifican cuotas y tarifas a Comisi\u00f3n de Agua de Atitalaquia - El Cardinal","robots":{"index":"index","follow":"follow","max-snippet":"max-snippet:-1","max-image-preview":"max-image-preview:large","max-video-preview":"max-video-preview:-1"},"canonical":"https:\/\/elcardinal.com\/?p=4816","og_locale":"es_MX","og_type":"article","og_title":"Con dictamen, legisladores modifican cuotas y tarifas a Comisi\u00f3n de Agua de Atitalaquia - El Cardinal","og_description":"En sesi\u00f3n ordinaria, diputadas y diputados integrantes de la LXVI Legislatura avalaron con 24 votos a favor, cero en contra y cero abstenciones, el dictamen que aprueba la modificaci\u00f3n de las cuotas y tarifas a la Comisi\u00f3n de Agua Potable, Alcantarillado y Saneamiento del Municipio de Atitalaquia para el ejercicio fiscal 2025, emitido por la","og_url":"https:\/\/elcardinal.com\/?p=4816","og_site_name":"El Cardinal","article_publisher":"https:\/\/www.facebook.com\/profile.php?id=100063093107011","article_published_time":"2025-06-25T02:55:36+00:00","og_image":[{"width":2560,"height":1707,"url":"https:\/\/elcardinal.com\/wp-content\/uploads\/2025\/06\/Sesion-24.06.2025-Ordinaria-169-scaled.jpg","type":"image\/jpeg"}],"author":"Antonio Alcaraz","twitter_card":"summary_large_image","twitter_creator":"@ElCardinal_Mx","twitter_site":"@ElCardinal_Mx","twitter_misc":{"Escrito por":"Antonio Alcaraz","Tiempo de lectura":"7 minutos"},"schema":{"@context":"https:\/\/schema.org","@graph":[{"@type":"Article","@id":"https:\/\/elcardinal.com\/?p=4816#article","isPartOf":{"@id":"https:\/\/elcardinal.com\/?p=4816"},"author":{"name":"Antonio Alcaraz","@id":"https:\/\/elcardinal.com\/#\/schema\/person\/3c352ec0a33987fe275c0e8a2ea69f8b"},"headline":"Con dictamen, legisladores modifican cuotas y tarifas a Comisi\u00f3n de Agua de Atitalaquia","datePublished":"2025-06-25T02:55:36+00:00","mainEntityOfPage":{"@id":"https:\/\/elcardinal.com\/?p=4816"},"wordCount":1622,"commentCount":0,"publisher":{"@id":"https:\/\/elcardinal.com\/#organization"},"image":{"@id":"https:\/\/elcardinal.com\/?p=4816#primaryimage"},"thumbnailUrl":"https:\/\/elcardinal.com\/wp-content\/uploads\/2025\/06\/Sesion-24.06.2025-Ordinaria-169-scaled.jpg","keywords":["Congreso de Hidalgo"],"articleSection":["Hidalgo","Minuto a Minuto","Pol\u00edtica"],"inLanguage":"es","potentialAction":[{"@type":"CommentAction","name":"Comment","target":["https:\/\/elcardinal.com\/?p=4816#respond"]}]},{"@type":"WebPage","@id":"https:\/\/elcardinal.com\/?p=4816","url":"https:\/\/elcardinal.com\/?p=4816","name":"Con dictamen, legisladores modifican cuotas y tarifas a Comisi\u00f3n de Agua de Atitalaquia - El Cardinal","isPartOf":{"@id":"https:\/\/elcardinal.com\/#website"},"primaryImageOfPage":{"@id":"https:\/\/elcardinal.com\/?p=4816#primaryimage"},"image":{"@id":"https:\/\/elcardinal.com\/?p=4816#primaryimage"},"thumbnailUrl":"https:\/\/elcardinal.com\/wp-content\/uploads\/2025\/06\/Sesion-24.06.2025-Ordinaria-169-scaled.jpg","datePublished":"2025-06-25T02:55:36+00:00","breadcrumb":{"@id":"https:\/\/elcardinal.com\/?p=4816#breadcrumb"},"inLanguage":"es","potentialAction":[{"@type":"ReadAction","target":["https:\/\/elcardinal.com\/?p=4816"]}]},{"@type":"ImageObject","inLanguage":"es","@id":"https:\/\/elcardinal.com\/?p=4816#primaryimage","url":"https:\/\/elcardinal.com\/wp-content\/uploads\/2025\/06\/Sesion-24.06.2025-Ordinaria-169-scaled.jpg","contentUrl":"https:\/\/elcardinal.com\/wp-content\/uploads\/2025\/06\/Sesion-24.06.2025-Ordinaria-169-scaled.jpg","width":2560,"height":1707},{"@type":"BreadcrumbList","@id":"https:\/\/elcardinal.com\/?p=4816#breadcrumb","itemListElement":[{"@type":"ListItem","position":1,"name":"Inicio","item":"https:\/\/elcardinal.com\/"},{"@type":"ListItem","position":2,"name":"Con dictamen, legisladores modifican cuotas y tarifas a Comisi\u00f3n de Agua de Atitalaquia"}]},{"@type":"WebSite","@id":"https:\/\/elcardinal.com\/#website","url":"https:\/\/elcardinal.com\/","name":"El Cardinal","description":"Periodismo honesto, con valor, sentido humano, a veces sarc\u00e1stico y divertido.","publisher":{"@id":"https:\/\/elcardinal.com\/#organization"},"alternateName":"El Cardinal Noticias","potentialAction":[{"@type":"SearchAction","target":{"@type":"EntryPoint","urlTemplate":"https:\/\/elcardinal.com\/?s={search_term_string}"},"query-input":{"@type":"PropertyValueSpecification","valueRequired":true,"valueName":"search_term_string"}}],"inLanguage":"es"},{"@type":"Organization","@id":"https:\/\/elcardinal.com\/#organization","name":"El Cardinal","url":"https:\/\/elcardinal.com\/","logo":{"@type":"ImageObject","inLanguage":"es","@id":"https:\/\/elcardinal.com\/#\/schema\/logo\/image\/","url":"https:\/\/elcardinal.com\/wp-content\/uploads\/2025\/04\/LOGO-EL-CARDINAL-Periodismo-con-valor.png","contentUrl":"https:\/\/elcardinal.com\/wp-content\/uploads\/2025\/04\/LOGO-EL-CARDINAL-Periodismo-con-valor.png","width":755,"height":636,"caption":"El Cardinal"},"image":{"@id":"https:\/\/elcardinal.com\/#\/schema\/logo\/image\/"},"sameAs":["https:\/\/www.facebook.com\/profile.php?id=100063093107011","https:\/\/x.com\/ElCardinal_Mx"]},{"@type":"Person","@id":"https:\/\/elcardinal.com\/#\/schema\/person\/3c352ec0a33987fe275c0e8a2ea69f8b","name":"Antonio Alcaraz","image":{"@type":"ImageObject","inLanguage":"es","@id":"https:\/\/elcardinal.com\/#\/schema\/person\/image\/","url":"https:\/\/elcardinal.com\/wp-content\/uploads\/2025\/05\/cropped-TONO-96x96.jpg","contentUrl":"https:\/\/elcardinal.com\/wp-content\/uploads\/2025\/05\/cropped-TONO-96x96.jpg","caption":"Antonio Alcaraz"},"url":"https:\/\/elcardinal.com\/?author=2"}]}},"_links":{"self":[{"href":"https:\/\/elcardinal.com\/index.php?rest_route=\/wp\/v2\/posts\/4816","targetHints":{"allow":["GET"]}}],"collection":[{"href":"https:\/\/elcardinal.com\/index.php?rest_route=\/wp\/v2\/posts"}],"about":[{"href":"https:\/\/elcardinal.com\/index.php?rest_route=\/wp\/v2\/types\/post"}],"author":[{"embeddable":true,"href":"https:\/\/elcardinal.com\/index.php?rest_route=\/wp\/v2\/users\/2"}],"replies":[{"embeddable":true,"href":"https:\/\/elcardinal.com\/index.php?rest_route=%2Fwp%2Fv2%2Fcomments&post=4816"}],"version-history":[{"count":1,"href":"https:\/\/elcardinal.com\/index.php?rest_route=\/wp\/v2\/posts\/4816\/revisions"}],"predecessor-version":[{"id":4818,"href":"https:\/\/elcardinal.com\/index.php?rest_route=\/wp\/v2\/posts\/4816\/revisions\/4818"}],"wp:featuredmedia":[{"embeddable":true,"href":"https:\/\/elcardinal.com\/index.php?rest_route=\/wp\/v2\/media\/4817"}],"wp:attachment":[{"href":"https:\/\/elcardinal.com\/index.php?rest_route=%2Fwp%2Fv2%2Fmedia&parent=4816"}],"wp:term":[{"taxonomy":"category","embeddable":true,"href":"https:\/\/elcardinal.com\/index.php?rest_route=%2Fwp%2Fv2%2Fcategories&post=4816"},{"taxonomy":"post_tag","embeddable":true,"href":"https:\/\/elcardinal.com\/index.php?rest_route=%2Fwp%2Fv2%2Ftags&post=4816"}],"curies":[{"name":"wp","href":"https:\/\/api.w.org\/{rel}","templated":true}]}}