{"id":4819,"date":"2025-06-24T23:21:16","date_gmt":"2025-06-25T05:21:16","guid":{"rendered":"https:\/\/elcardinal.com\/?p=4819"},"modified":"2025-06-24T23:32:29","modified_gmt":"2025-06-25T05:32:29","slug":"hollywood-en-temascalapa-graban-escenas-de-el-senor-de-los-cielos","status":"publish","type":"post","link":"https:\/\/elcardinal.com\/?p=4819","title":{"rendered":"Hollywood en Temascalapa: graban escenas de \u201cEl Se\u00f1or de los Cielos\u201d"},"content":{"rendered":"<p>By El Cardinalito<\/p>\n<p>\u00a1Luces, c\u00e1maras\u2026 y mucha acci\u00f3n! Las calles del centro de <strong>Temascalapa<\/strong>, Estado de M\u00e9xico, se transformaron este martes en un aut\u00e9ntico set de pel\u00edcula con la grabaci\u00f3n de la nueva serie \u201cDinast\u00eda Casillas\u201d, continuaci\u00f3n de la exitosa saga<strong> El Se\u00f1or de los Cielos. <img fetchpriority=\"high\" decoding=\"async\" class=\"size-medium wp-image-4820 alignright\" src=\"https:\/\/elcardinal.com\/wp-content\/uploads\/2025\/06\/Temascalapa_2-300x225.jpg\" alt=\"\" width=\"300\" height=\"225\" srcset=\"https:\/\/elcardinal.com\/wp-content\/uploads\/2025\/06\/Temascalapa_2-300x225.jpg 300w, https:\/\/elcardinal.com\/wp-content\/uploads\/2025\/06\/Temascalapa_2-1024x768.jpg 1024w, https:\/\/elcardinal.com\/wp-content\/uploads\/2025\/06\/Temascalapa_2-768x576.jpg 768w, https:\/\/elcardinal.com\/wp-content\/uploads\/2025\/06\/Temascalapa_2-1536x1152.jpg 1536w, https:\/\/elcardinal.com\/wp-content\/uploads\/2025\/06\/Temascalapa_2-2048x1536.jpg 2048w, https:\/\/elcardinal.com\/wp-content\/uploads\/2025\/06\/Temascalapa_2-150x113.jpg 150w, https:\/\/elcardinal.com\/wp-content\/uploads\/2025\/06\/Temascalapa_2-450x338.jpg 450w, https:\/\/elcardinal.com\/wp-content\/uploads\/2025\/06\/Temascalapa_2-1200x900.jpg 1200w\" sizes=\"(max-width: 300px) 100vw, 300px\" \/> <\/strong><\/p>\n<p>Entre persecuciones, gritos, simulacros de secuestro y un mont\u00f3n de c\u00e1maras, los vecinos vivieron una experiencia cinematogr\u00e1fica en carne propia. Y no era para menos: Rafael Amaya (<strong>Aurelio Casillas<\/strong>), Carmen Aub (<strong>Rutila<\/strong>), Robinson D\u00edaz (EL CabO) e Iv\u00e1n Arana (Ismael) pisaron fuerte con sus personajes, dejando a m\u00e1s de uno con el celular en mano para captar el momento.<\/p>\n<p><img decoding=\"async\" class=\"size-medium wp-image-4821 alignleft\" src=\"https:\/\/elcardinal.com\/wp-content\/uploads\/2025\/06\/0493442ea0af7748dcd3997c14962931a85409ebec8117303f8431d0404e7d0b-300x169.jpg\" alt=\"\" width=\"300\" height=\"169\" srcset=\"https:\/\/elcardinal.com\/wp-content\/uploads\/2025\/06\/0493442ea0af7748dcd3997c14962931a85409ebec8117303f8431d0404e7d0b-300x169.jpg 300w, https:\/\/elcardinal.com\/wp-content\/uploads\/2025\/06\/0493442ea0af7748dcd3997c14962931a85409ebec8117303f8431d0404e7d0b-1024x576.jpg 1024w, https:\/\/elcardinal.com\/wp-content\/uploads\/2025\/06\/0493442ea0af7748dcd3997c14962931a85409ebec8117303f8431d0404e7d0b-768x432.jpg 768w, https:\/\/elcardinal.com\/wp-content\/uploads\/2025\/06\/0493442ea0af7748dcd3997c14962931a85409ebec8117303f8431d0404e7d0b-1536x864.jpg 1536w, https:\/\/elcardinal.com\/wp-content\/uploads\/2025\/06\/0493442ea0af7748dcd3997c14962931a85409ebec8117303f8431d0404e7d0b-150x84.jpg 150w, https:\/\/elcardinal.com\/wp-content\/uploads\/2025\/06\/0493442ea0af7748dcd3997c14962931a85409ebec8117303f8431d0404e7d0b-450x253.jpg 450w, https:\/\/elcardinal.com\/wp-content\/uploads\/2025\/06\/0493442ea0af7748dcd3997c14962931a85409ebec8117303f8431d0404e7d0b-1200x675.jpg 1200w, https:\/\/elcardinal.com\/wp-content\/uploads\/2025\/06\/0493442ea0af7748dcd3997c14962931a85409ebec8117303f8431d0404e7d0b.jpg 1920w\" sizes=\"(max-width: 300px) 100vw, 300px\" \/><\/p>\n<p>Pero eso no es todo: decenas de extras locales se sumaron a esta mega producci\u00f3n gracias a una convocatoria lanzada en vivo por el propio alcalde Alan Mart\u00ednez Cervantes durante su programa en Facebook <strong>La Hora del Pueblo<\/strong>. La empresa <strong>Accota Extras S.A. de C.V.<\/strong> fue la encargada de seleccionar al talento que puso el sabor local.<\/p>\n<p>Aunque hubo cierres viales moment\u00e1neos, las autoridades pidieron paciencia a la ciudadan\u00eda y celebraron que Temascalapa ahora figure en los cr\u00e9ditos de una de las series m\u00e1s vistas.<\/p>\n<p>\u00a1El municipio se luci\u00f3 como nunca y qued\u00f3 listo para la pantalla chica&#8230; o la grande! \u00bfQui\u00e9n necesita Hollywood cuando tienes Temascalapa?<\/p>\n<p style=\"text-align: center;\"><strong>VIDEO<\/strong> en nuestro canal de <strong>WhatsApp:\u00a0 <a href=\"https:\/\/whatsapp.com\/channel\/0029VaEtpGP3QxS778jafv2C\">https:\/\/whatsapp.com\/channel\/0029VaEtpGP3QxS778jafv2C<\/a><\/strong><\/p>\n<p>&nbsp;<\/p>\n","protected":false},"excerpt":{"rendered":"<p>By El Cardinalito \u00a1Luces, c\u00e1maras\u2026 y mucha acci\u00f3n! Las calles del centro de Temascalapa, Estado de M\u00e9xico, se transformaron este martes en un aut\u00e9ntico set de pel\u00edcula con la grabaci\u00f3n de la nueva serie \u201cDinast\u00eda Casillas\u201d, continuaci\u00f3n de la exitosa saga El Se\u00f1or de los Cielos. Entre persecuciones, gritos, simulacros de secuestro y un mont\u00f3n<\/p>\n","protected":false},"author":2,"featured_media":4823,"comment_status":"open","ping_status":"open","sticky":false,"template":"","format":"standard","meta":{"footnotes":""},"categories":[34,44],"tags":[255,253,254],"class_list":{"0":"post-4819","1":"post","2":"type-post","3":"status-publish","4":"format-standard","5":"has-post-thumbnail","7":"category-mexico","8":"category-minuto-a-minuto","9":"tag-dinastia-casillas","10":"tag-senor-de-los-cielos","11":"tag-temascalapa"},"yoast_head":"<!-- This site is optimized with the Yoast SEO plugin v26.1.1 - https:\/\/yoast.com\/wordpress\/plugins\/seo\/ -->\n<title>Hollywood en Temascalapa: graban escenas de \u201cEl Se\u00f1or de los Cielos\u201d - El Cardinal<\/title>\n<meta name=\"robots\" content=\"index, follow, max-snippet:-1, max-image-preview:large, max-video-preview:-1\" \/>\n<link rel=\"canonical\" href=\"https:\/\/elcardinal.com\/?p=4819\" \/>\n<meta property=\"og:locale\" content=\"es_MX\" \/>\n<meta property=\"og:type\" content=\"article\" \/>\n<meta property=\"og:title\" content=\"Hollywood en Temascalapa: graban escenas de \u201cEl Se\u00f1or de los Cielos\u201d - El Cardinal\" \/>\n<meta property=\"og:description\" content=\"By El Cardinalito \u00a1Luces, c\u00e1maras\u2026 y mucha acci\u00f3n! Las calles del centro de Temascalapa, Estado de M\u00e9xico, se transformaron este martes en un aut\u00e9ntico set de pel\u00edcula con la grabaci\u00f3n de la nueva serie \u201cDinast\u00eda Casillas\u201d, continuaci\u00f3n de la exitosa saga El Se\u00f1or de los Cielos. Entre persecuciones, gritos, simulacros de secuestro y un mont\u00f3n\" \/>\n<meta property=\"og:url\" content=\"https:\/\/elcardinal.com\/?p=4819\" \/>\n<meta property=\"og:site_name\" content=\"El Cardinal\" \/>\n<meta property=\"article:publisher\" content=\"https:\/\/www.facebook.com\/profile.php?id=100063093107011\" \/>\n<meta property=\"article:published_time\" content=\"2025-06-25T05:21:16+00:00\" \/>\n<meta property=\"article:modified_time\" content=\"2025-06-25T05:32:29+00:00\" \/>\n<meta property=\"og:image\" content=\"https:\/\/elcardinal.com\/wp-content\/uploads\/2025\/06\/493727725_987434360271031_4925522180964299020_n.jpg\" \/>\n\t<meta property=\"og:image:width\" content=\"960\" \/>\n\t<meta property=\"og:image:height\" content=\"540\" \/>\n\t<meta property=\"og:image:type\" content=\"image\/jpeg\" \/>\n<meta name=\"author\" content=\"Antonio Alcaraz\" \/>\n<meta name=\"twitter:card\" content=\"summary_large_image\" \/>\n<meta name=\"twitter:creator\" content=\"@ElCardinal_Mx\" \/>\n<meta name=\"twitter:site\" content=\"@ElCardinal_Mx\" \/>\n<meta name=\"twitter:label1\" content=\"Escrito por\" \/>\n\t<meta name=\"twitter:data1\" content=\"Antonio Alcaraz\" \/>\n\t<meta name=\"twitter:label2\" content=\"Tiempo de lectura\" \/>\n\t<meta name=\"twitter:data2\" content=\"2 minutos\" \/>\n<script type=\"application\/ld+json\" class=\"yoast-schema-graph\">{\"@context\":\"https:\/\/schema.org\",\"@graph\":[{\"@type\":\"Article\",\"@id\":\"https:\/\/elcardinal.com\/?p=4819#article\",\"isPartOf\":{\"@id\":\"https:\/\/elcardinal.com\/?p=4819\"},\"author\":{\"name\":\"Antonio Alcaraz\",\"@id\":\"https:\/\/elcardinal.com\/#\/schema\/person\/3c352ec0a33987fe275c0e8a2ea69f8b\"},\"headline\":\"Hollywood en Temascalapa: graban escenas de \u201cEl Se\u00f1or de los Cielos\u201d\",\"datePublished\":\"2025-06-25T05:21:16+00:00\",\"dateModified\":\"2025-06-25T05:32:29+00:00\",\"mainEntityOfPage\":{\"@id\":\"https:\/\/elcardinal.com\/?p=4819\"},\"wordCount\":263,\"commentCount\":0,\"publisher\":{\"@id\":\"https:\/\/elcardinal.com\/#organization\"},\"image\":{\"@id\":\"https:\/\/elcardinal.com\/?p=4819#primaryimage\"},\"thumbnailUrl\":\"https:\/\/elcardinal.com\/wp-content\/uploads\/2025\/06\/493727725_987434360271031_4925522180964299020_n.jpg\",\"keywords\":[\"Dinast\u00eda Casillas\",\"Se\u00f1or de los Cielos\",\"Temascalapa\"],\"articleSection\":[\"M\u00e9xico\",\"Minuto a Minuto\"],\"inLanguage\":\"es\",\"potentialAction\":[{\"@type\":\"CommentAction\",\"name\":\"Comment\",\"target\":[\"https:\/\/elcardinal.com\/?p=4819#respond\"]}]},{\"@type\":\"WebPage\",\"@id\":\"https:\/\/elcardinal.com\/?p=4819\",\"url\":\"https:\/\/elcardinal.com\/?p=4819\",\"name\":\"Hollywood en Temascalapa: graban escenas de \u201cEl Se\u00f1or de los Cielos\u201d - El Cardinal\",\"isPartOf\":{\"@id\":\"https:\/\/elcardinal.com\/#website\"},\"primaryImageOfPage\":{\"@id\":\"https:\/\/elcardinal.com\/?p=4819#primaryimage\"},\"image\":{\"@id\":\"https:\/\/elcardinal.com\/?p=4819#primaryimage\"},\"thumbnailUrl\":\"https:\/\/elcardinal.com\/wp-content\/uploads\/2025\/06\/493727725_987434360271031_4925522180964299020_n.jpg\",\"datePublished\":\"2025-06-25T05:21:16+00:00\",\"dateModified\":\"2025-06-25T05:32:29+00:00\",\"breadcrumb\":{\"@id\":\"https:\/\/elcardinal.com\/?p=4819#breadcrumb\"},\"inLanguage\":\"es\",\"potentialAction\":[{\"@type\":\"ReadAction\",\"target\":[\"https:\/\/elcardinal.com\/?p=4819\"]}]},{\"@type\":\"ImageObject\",\"inLanguage\":\"es\",\"@id\":\"https:\/\/elcardinal.com\/?p=4819#primaryimage\",\"url\":\"https:\/\/elcardinal.com\/wp-content\/uploads\/2025\/06\/493727725_987434360271031_4925522180964299020_n.jpg\",\"contentUrl\":\"https:\/\/elcardinal.com\/wp-content\/uploads\/2025\/06\/493727725_987434360271031_4925522180964299020_n.jpg\",\"width\":960,\"height\":540},{\"@type\":\"BreadcrumbList\",\"@id\":\"https:\/\/elcardinal.com\/?p=4819#breadcrumb\",\"itemListElement\":[{\"@type\":\"ListItem\",\"position\":1,\"name\":\"Inicio\",\"item\":\"https:\/\/elcardinal.com\/\"},{\"@type\":\"ListItem\",\"position\":2,\"name\":\"Hollywood en Temascalapa: graban escenas de \u201cEl Se\u00f1or de los Cielos\u201d\"}]},{\"@type\":\"WebSite\",\"@id\":\"https:\/\/elcardinal.com\/#website\",\"url\":\"https:\/\/elcardinal.com\/\",\"name\":\"El Cardinal\",\"description\":\"Periodismo honesto, con valor, sentido humano, a veces sarc\u00e1stico y divertido.\",\"publisher\":{\"@id\":\"https:\/\/elcardinal.com\/#organization\"},\"alternateName\":\"El Cardinal Noticias\",\"potentialAction\":[{\"@type\":\"SearchAction\",\"target\":{\"@type\":\"EntryPoint\",\"urlTemplate\":\"https:\/\/elcardinal.com\/?s={search_term_string}\"},\"query-input\":{\"@type\":\"PropertyValueSpecification\",\"valueRequired\":true,\"valueName\":\"search_term_string\"}}],\"inLanguage\":\"es\"},{\"@type\":\"Organization\",\"@id\":\"https:\/\/elcardinal.com\/#organization\",\"name\":\"El Cardinal\",\"url\":\"https:\/\/elcardinal.com\/\",\"logo\":{\"@type\":\"ImageObject\",\"inLanguage\":\"es\",\"@id\":\"https:\/\/elcardinal.com\/#\/schema\/logo\/image\/\",\"url\":\"https:\/\/elcardinal.com\/wp-content\/uploads\/2025\/04\/LOGO-EL-CARDINAL-Periodismo-con-valor.png\",\"contentUrl\":\"https:\/\/elcardinal.com\/wp-content\/uploads\/2025\/04\/LOGO-EL-CARDINAL-Periodismo-con-valor.png\",\"width\":755,\"height\":636,\"caption\":\"El Cardinal\"},\"image\":{\"@id\":\"https:\/\/elcardinal.com\/#\/schema\/logo\/image\/\"},\"sameAs\":[\"https:\/\/www.facebook.com\/profile.php?id=100063093107011\",\"https:\/\/x.com\/ElCardinal_Mx\"]},{\"@type\":\"Person\",\"@id\":\"https:\/\/elcardinal.com\/#\/schema\/person\/3c352ec0a33987fe275c0e8a2ea69f8b\",\"name\":\"Antonio Alcaraz\",\"image\":{\"@type\":\"ImageObject\",\"inLanguage\":\"es\",\"@id\":\"https:\/\/elcardinal.com\/#\/schema\/person\/image\/\",\"url\":\"https:\/\/elcardinal.com\/wp-content\/uploads\/2025\/05\/cropped-TONO-96x96.jpg\",\"contentUrl\":\"https:\/\/elcardinal.com\/wp-content\/uploads\/2025\/05\/cropped-TONO-96x96.jpg\",\"caption\":\"Antonio Alcaraz\"},\"url\":\"https:\/\/elcardinal.com\/?author=2\"}]}<\/script>\n<!-- \/ Yoast SEO plugin. -->","yoast_head_json":{"title":"Hollywood en Temascalapa: graban escenas de \u201cEl Se\u00f1or de los Cielos\u201d - El Cardinal","robots":{"index":"index","follow":"follow","max-snippet":"max-snippet:-1","max-image-preview":"max-image-preview:large","max-video-preview":"max-video-preview:-1"},"canonical":"https:\/\/elcardinal.com\/?p=4819","og_locale":"es_MX","og_type":"article","og_title":"Hollywood en Temascalapa: graban escenas de \u201cEl Se\u00f1or de los Cielos\u201d - El Cardinal","og_description":"By El Cardinalito \u00a1Luces, c\u00e1maras\u2026 y mucha acci\u00f3n! Las calles del centro de Temascalapa, Estado de M\u00e9xico, se transformaron este martes en un aut\u00e9ntico set de pel\u00edcula con la grabaci\u00f3n de la nueva serie \u201cDinast\u00eda Casillas\u201d, continuaci\u00f3n de la exitosa saga El Se\u00f1or de los Cielos. Entre persecuciones, gritos, simulacros de secuestro y un mont\u00f3n","og_url":"https:\/\/elcardinal.com\/?p=4819","og_site_name":"El Cardinal","article_publisher":"https:\/\/www.facebook.com\/profile.php?id=100063093107011","article_published_time":"2025-06-25T05:21:16+00:00","article_modified_time":"2025-06-25T05:32:29+00:00","og_image":[{"width":960,"height":540,"url":"https:\/\/elcardinal.com\/wp-content\/uploads\/2025\/06\/493727725_987434360271031_4925522180964299020_n.jpg","type":"image\/jpeg"}],"author":"Antonio Alcaraz","twitter_card":"summary_large_image","twitter_creator":"@ElCardinal_Mx","twitter_site":"@ElCardinal_Mx","twitter_misc":{"Escrito por":"Antonio Alcaraz","Tiempo de lectura":"2 minutos"},"schema":{"@context":"https:\/\/schema.org","@graph":[{"@type":"Article","@id":"https:\/\/elcardinal.com\/?p=4819#article","isPartOf":{"@id":"https:\/\/elcardinal.com\/?p=4819"},"author":{"name":"Antonio Alcaraz","@id":"https:\/\/elcardinal.com\/#\/schema\/person\/3c352ec0a33987fe275c0e8a2ea69f8b"},"headline":"Hollywood en Temascalapa: graban escenas de \u201cEl Se\u00f1or de los Cielos\u201d","datePublished":"2025-06-25T05:21:16+00:00","dateModified":"2025-06-25T05:32:29+00:00","mainEntityOfPage":{"@id":"https:\/\/elcardinal.com\/?p=4819"},"wordCount":263,"commentCount":0,"publisher":{"@id":"https:\/\/elcardinal.com\/#organization"},"image":{"@id":"https:\/\/elcardinal.com\/?p=4819#primaryimage"},"thumbnailUrl":"https:\/\/elcardinal.com\/wp-content\/uploads\/2025\/06\/493727725_987434360271031_4925522180964299020_n.jpg","keywords":["Dinast\u00eda Casillas","Se\u00f1or de los Cielos","Temascalapa"],"articleSection":["M\u00e9xico","Minuto a Minuto"],"inLanguage":"es","potentialAction":[{"@type":"CommentAction","name":"Comment","target":["https:\/\/elcardinal.com\/?p=4819#respond"]}]},{"@type":"WebPage","@id":"https:\/\/elcardinal.com\/?p=4819","url":"https:\/\/elcardinal.com\/?p=4819","name":"Hollywood en Temascalapa: graban escenas de \u201cEl Se\u00f1or de los Cielos\u201d - El Cardinal","isPartOf":{"@id":"https:\/\/elcardinal.com\/#website"},"primaryImageOfPage":{"@id":"https:\/\/elcardinal.com\/?p=4819#primaryimage"},"image":{"@id":"https:\/\/elcardinal.com\/?p=4819#primaryimage"},"thumbnailUrl":"https:\/\/elcardinal.com\/wp-content\/uploads\/2025\/06\/493727725_987434360271031_4925522180964299020_n.jpg","datePublished":"2025-06-25T05:21:16+00:00","dateModified":"2025-06-25T05:32:29+00:00","breadcrumb":{"@id":"https:\/\/elcardinal.com\/?p=4819#breadcrumb"},"inLanguage":"es","potentialAction":[{"@type":"ReadAction","target":["https:\/\/elcardinal.com\/?p=4819"]}]},{"@type":"ImageObject","inLanguage":"es","@id":"https:\/\/elcardinal.com\/?p=4819#primaryimage","url":"https:\/\/elcardinal.com\/wp-content\/uploads\/2025\/06\/493727725_987434360271031_4925522180964299020_n.jpg","contentUrl":"https:\/\/elcardinal.com\/wp-content\/uploads\/2025\/06\/493727725_987434360271031_4925522180964299020_n.jpg","width":960,"height":540},{"@type":"BreadcrumbList","@id":"https:\/\/elcardinal.com\/?p=4819#breadcrumb","itemListElement":[{"@type":"ListItem","position":1,"name":"Inicio","item":"https:\/\/elcardinal.com\/"},{"@type":"ListItem","position":2,"name":"Hollywood en Temascalapa: graban escenas de \u201cEl Se\u00f1or de los Cielos\u201d"}]},{"@type":"WebSite","@id":"https:\/\/elcardinal.com\/#website","url":"https:\/\/elcardinal.com\/","name":"El Cardinal","description":"Periodismo honesto, con valor, sentido humano, a veces sarc\u00e1stico y divertido.","publisher":{"@id":"https:\/\/elcardinal.com\/#organization"},"alternateName":"El Cardinal Noticias","potentialAction":[{"@type":"SearchAction","target":{"@type":"EntryPoint","urlTemplate":"https:\/\/elcardinal.com\/?s={search_term_string}"},"query-input":{"@type":"PropertyValueSpecification","valueRequired":true,"valueName":"search_term_string"}}],"inLanguage":"es"},{"@type":"Organization","@id":"https:\/\/elcardinal.com\/#organization","name":"El Cardinal","url":"https:\/\/elcardinal.com\/","logo":{"@type":"ImageObject","inLanguage":"es","@id":"https:\/\/elcardinal.com\/#\/schema\/logo\/image\/","url":"https:\/\/elcardinal.com\/wp-content\/uploads\/2025\/04\/LOGO-EL-CARDINAL-Periodismo-con-valor.png","contentUrl":"https:\/\/elcardinal.com\/wp-content\/uploads\/2025\/04\/LOGO-EL-CARDINAL-Periodismo-con-valor.png","width":755,"height":636,"caption":"El Cardinal"},"image":{"@id":"https:\/\/elcardinal.com\/#\/schema\/logo\/image\/"},"sameAs":["https:\/\/www.facebook.com\/profile.php?id=100063093107011","https:\/\/x.com\/ElCardinal_Mx"]},{"@type":"Person","@id":"https:\/\/elcardinal.com\/#\/schema\/person\/3c352ec0a33987fe275c0e8a2ea69f8b","name":"Antonio Alcaraz","image":{"@type":"ImageObject","inLanguage":"es","@id":"https:\/\/elcardinal.com\/#\/schema\/person\/image\/","url":"https:\/\/elcardinal.com\/wp-content\/uploads\/2025\/05\/cropped-TONO-96x96.jpg","contentUrl":"https:\/\/elcardinal.com\/wp-content\/uploads\/2025\/05\/cropped-TONO-96x96.jpg","caption":"Antonio Alcaraz"},"url":"https:\/\/elcardinal.com\/?author=2"}]}},"_links":{"self":[{"href":"https:\/\/elcardinal.com\/index.php?rest_route=\/wp\/v2\/posts\/4819","targetHints":{"allow":["GET"]}}],"collection":[{"href":"https:\/\/elcardinal.com\/index.php?rest_route=\/wp\/v2\/posts"}],"about":[{"href":"https:\/\/elcardinal.com\/index.php?rest_route=\/wp\/v2\/types\/post"}],"author":[{"embeddable":true,"href":"https:\/\/elcardinal.com\/index.php?rest_route=\/wp\/v2\/users\/2"}],"replies":[{"embeddable":true,"href":"https:\/\/elcardinal.com\/index.php?rest_route=%2Fwp%2Fv2%2Fcomments&post=4819"}],"version-history":[{"count":3,"href":"https:\/\/elcardinal.com\/index.php?rest_route=\/wp\/v2\/posts\/4819\/revisions"}],"predecessor-version":[{"id":4827,"href":"https:\/\/elcardinal.com\/index.php?rest_route=\/wp\/v2\/posts\/4819\/revisions\/4827"}],"wp:featuredmedia":[{"embeddable":true,"href":"https:\/\/elcardinal.com\/index.php?rest_route=\/wp\/v2\/media\/4823"}],"wp:attachment":[{"href":"https:\/\/elcardinal.com\/index.php?rest_route=%2Fwp%2Fv2%2Fmedia&parent=4819"}],"wp:term":[{"taxonomy":"category","embeddable":true,"href":"https:\/\/elcardinal.com\/index.php?rest_route=%2Fwp%2Fv2%2Fcategories&post=4819"},{"taxonomy":"post_tag","embeddable":true,"href":"https:\/\/elcardinal.com\/index.php?rest_route=%2Fwp%2Fv2%2Ftags&post=4819"}],"curies":[{"name":"wp","href":"https:\/\/api.w.org\/{rel}","templated":true}]}}