{"id":4828,"date":"2025-06-25T19:19:01","date_gmt":"2025-06-26T01:19:01","guid":{"rendered":"https:\/\/elcardinal.com\/?p=4828"},"modified":"2025-06-25T19:19:01","modified_gmt":"2025-06-26T01:19:01","slug":"congreso-del-estado-y-la-upmh-firman-convenio-para-desarrollo-de-proyectos-de-investigacion","status":"publish","type":"post","link":"https:\/\/elcardinal.com\/?p=4828","title":{"rendered":"Congreso del estado y la UPMH firman convenio para desarrollo de proyectos de investigaci\u00f3n"},"content":{"rendered":"<p>Redacci\u00f3n<\/p>\n<p><span style=\"font-weight: 400;\">El <\/span><b>Congreso del Estado Libre y Soberano de Hidalgo<\/b><span style=\"font-weight: 400;\"> y la Universidad Polit\u00e9cnica Metropolitana de Hidalgo (UPMH) firmaron un convenio de colaboraci\u00f3n con el objetivo de establecer una alianza estrat\u00e9gica para el desarrollo conjunto de proyectos de investigaci\u00f3n, desarrollo tecnol\u00f3gico, transferencia de tecnolog\u00eda, innovaci\u00f3n y formaci\u00f3n estudiantil.<\/span><\/p>\n<p><span style=\"font-weight: 400;\">Con este acto, se contemplan actividades como estancias, estad\u00edas, pr\u00e1cticas profesionales y trabajo social para estudiantes y profesores de niveles de licenciatura, ingenier\u00eda y maestr\u00eda, as\u00ed como acciones conjuntas en el \u00e1mbito cient\u00edfico, cultural y de extensi\u00f3n.<\/span><\/p>\n<p><span style=\"font-weight: 400;\">La <\/span><b>LXVI Legislatura<\/b><span style=\"font-weight: 400;\"> facilitar\u00e1 espacios, supervisi\u00f3n y evaluaci\u00f3n, mientras que la universidad garantizar\u00e1 el cumplimiento acad\u00e9mico, la seguridad social de los participantes y el seguimiento institucional.<\/span><\/p>\n<p><span style=\"font-weight: 400;\">El presidente de la Junta de Gobierno, diputado <\/span><b>Andr\u00e9s Vel\u00e1zquez V\u00e1zquez<\/b><span style=\"font-weight: 400;\"> asegur\u00f3 que este convenio es un acto de justicia social, de confianza en la inteligencia colectiva y en la juventud de Hidalgo, \u201cdesde el Congreso escuchamos, legislamos y transformamos. Sabemos que el cambio profundo solo es posible si va acompa\u00f1ado de las universidades, sus ideas, ciencia, capacidad creativa y compromiso social\u201d.<\/span><\/p>\n<p><span style=\"font-weight: 400;\">La diputada <\/span><b>Mar\u00eda Guadalupe Cruz Monta\u00f1o<\/b><span style=\"font-weight: 400;\">, presidenta de la directiva de junio, agradeci\u00f3 a los estudiantes y funcionarios por su compromiso, \u201cconf\u00edo en que juntos construiremos un futuro m\u00e1s pr\u00f3spero, equitativo y tecnol\u00f3gicamente avanzado\u201d.<\/span><\/p>\n<p><b>Guillermo Mej\u00eda \u00c1ngeles<\/b><span style=\"font-weight: 400;\">, rector de la UPMH, celebr\u00f3 que, con este acuerdo, los estudiantes puedan realizar visitas, estancias, estad\u00edas y proyectos de investigaci\u00f3n con diputadas y diputados, con el principal objetivo de lograr su bienestar social. \u201cHoy comienza un v\u00ednculo universitario-parlamentario en el que se priorizar\u00e1n la dignidad, libertad, igualdad, seguridad y justicia\u201d.<\/span><\/p>\n<p><span style=\"font-weight: 400;\">En el evento tambi\u00e9n estuvieron presentes las diputadas <\/span><b>Cynthia Citlali Delgado Mendoza<\/b><span style=\"font-weight: 400;\">, <\/span><b>Hilda Miranda Miranda<\/b><span style=\"font-weight: 400;\">, <\/span><b>Yarabi Gonz\u00e1lez Mart\u00ednez<\/b><span style=\"font-weight: 400;\">, <\/span><b>Mar\u00eda del Rosario Guerrero Mart\u00ednez<\/b><span style=\"font-weight: 400;\">, <\/span><b>Diana Rangel Z\u00fa\u00f1iga<\/b><span style=\"font-weight: 400;\">, <\/span><b>Johana Montcerrat Hern\u00e1ndez P\u00e9rez<\/b><span style=\"font-weight: 400;\">, <\/span><b>Karla Perales Arrieta<\/b><span style=\"font-weight: 400;\"> y los <\/span><b>diputados Miguel \u00c1ngel Moreno Zamora<\/b><span style=\"font-weight: 400;\">, <\/span><b>Juan Pablo Escalante Urb\u00e1n<\/b><span style=\"font-weight: 400;\">, <\/span><b>Carlos Alejandro Alc\u00e1ntara Carbajal<\/b><span style=\"font-weight: 400;\">, <\/span><b>Jorge Arg\u00fcelles Salazar<\/b><span style=\"font-weight: 400;\">, <\/span><b>Jos\u00e9 Mar\u00eda Alejandro P\u00e9rez Ram\u00edrez<\/b><span style=\"font-weight: 400;\">, <\/span><b>Avelino Tovar Iglesias<\/b><span style=\"font-weight: 400;\">, <\/span><b>Francisco Javier T\u00e9llez S\u00e1nchez<\/b><span style=\"font-weight: 400;\"> y <\/span><b>Leonel Perusqu\u00eda Muedano<\/b><span style=\"font-weight: 400;\">.<\/span><\/p>\n","protected":false},"excerpt":{"rendered":"<p>Redacci\u00f3n El Congreso del Estado Libre y Soberano de Hidalgo y la Universidad Polit\u00e9cnica Metropolitana de Hidalgo (UPMH) firmaron un convenio de colaboraci\u00f3n con el objetivo de establecer una alianza estrat\u00e9gica para el desarrollo conjunto de proyectos de investigaci\u00f3n, desarrollo tecnol\u00f3gico, transferencia de tecnolog\u00eda, innovaci\u00f3n y formaci\u00f3n estudiantil. Con este acto, se contemplan actividades como<\/p>\n","protected":false},"author":2,"featured_media":4829,"comment_status":"open","ping_status":"open","sticky":false,"template":"","format":"standard","meta":{"footnotes":""},"categories":[31,44,39],"tags":[70,62],"class_list":{"0":"post-4828","1":"post","2":"type-post","3":"status-publish","4":"format-standard","5":"has-post-thumbnail","7":"category-hidalgo","8":"category-minuto-a-minuto","9":"category-politica","10":"tag-andres-velazquez","11":"tag-congreso-de-hidalgo"},"yoast_head":"<!-- This site is optimized with the Yoast SEO plugin v26.1.1 - https:\/\/yoast.com\/wordpress\/plugins\/seo\/ -->\n<title>Congreso del estado y la UPMH firman convenio para desarrollo de proyectos de investigaci\u00f3n - El Cardinal<\/title>\n<meta name=\"robots\" content=\"index, follow, max-snippet:-1, max-image-preview:large, max-video-preview:-1\" \/>\n<link rel=\"canonical\" href=\"https:\/\/elcardinal.com\/?p=4828\" \/>\n<meta property=\"og:locale\" content=\"es_MX\" \/>\n<meta property=\"og:type\" content=\"article\" \/>\n<meta property=\"og:title\" content=\"Congreso del estado y la UPMH firman convenio para desarrollo de proyectos de investigaci\u00f3n - El Cardinal\" \/>\n<meta property=\"og:description\" content=\"Redacci\u00f3n El Congreso del Estado Libre y Soberano de Hidalgo y la Universidad Polit\u00e9cnica Metropolitana de Hidalgo (UPMH) firmaron un convenio de colaboraci\u00f3n con el objetivo de establecer una alianza estrat\u00e9gica para el desarrollo conjunto de proyectos de investigaci\u00f3n, desarrollo tecnol\u00f3gico, transferencia de tecnolog\u00eda, innovaci\u00f3n y formaci\u00f3n estudiantil. Con este acto, se contemplan actividades como\" \/>\n<meta property=\"og:url\" content=\"https:\/\/elcardinal.com\/?p=4828\" \/>\n<meta property=\"og:site_name\" content=\"El Cardinal\" \/>\n<meta property=\"article:publisher\" content=\"https:\/\/www.facebook.com\/profile.php?id=100063093107011\" \/>\n<meta property=\"article:published_time\" content=\"2025-06-26T01:19:01+00:00\" \/>\n<meta property=\"og:image\" content=\"https:\/\/elcardinal.com\/wp-content\/uploads\/2025\/06\/25.06.2025-Convenio-UPMH-10-scaled.jpg\" \/>\n\t<meta property=\"og:image:width\" content=\"2560\" \/>\n\t<meta property=\"og:image:height\" content=\"1664\" \/>\n\t<meta property=\"og:image:type\" content=\"image\/jpeg\" \/>\n<meta name=\"author\" content=\"Antonio Alcaraz\" \/>\n<meta name=\"twitter:card\" content=\"summary_large_image\" \/>\n<meta name=\"twitter:creator\" content=\"@ElCardinal_Mx\" \/>\n<meta name=\"twitter:site\" content=\"@ElCardinal_Mx\" \/>\n<meta name=\"twitter:label1\" content=\"Escrito por\" \/>\n\t<meta name=\"twitter:data1\" content=\"Antonio Alcaraz\" \/>\n\t<meta name=\"twitter:label2\" content=\"Tiempo de lectura\" \/>\n\t<meta name=\"twitter:data2\" content=\"2 minutos\" \/>\n<script type=\"application\/ld+json\" class=\"yoast-schema-graph\">{\"@context\":\"https:\/\/schema.org\",\"@graph\":[{\"@type\":\"Article\",\"@id\":\"https:\/\/elcardinal.com\/?p=4828#article\",\"isPartOf\":{\"@id\":\"https:\/\/elcardinal.com\/?p=4828\"},\"author\":{\"name\":\"Antonio Alcaraz\",\"@id\":\"https:\/\/elcardinal.com\/#\/schema\/person\/3c352ec0a33987fe275c0e8a2ea69f8b\"},\"headline\":\"Congreso del estado y la UPMH firman convenio para desarrollo de proyectos de investigaci\u00f3n\",\"datePublished\":\"2025-06-26T01:19:01+00:00\",\"mainEntityOfPage\":{\"@id\":\"https:\/\/elcardinal.com\/?p=4828\"},\"wordCount\":392,\"commentCount\":0,\"publisher\":{\"@id\":\"https:\/\/elcardinal.com\/#organization\"},\"image\":{\"@id\":\"https:\/\/elcardinal.com\/?p=4828#primaryimage\"},\"thumbnailUrl\":\"https:\/\/elcardinal.com\/wp-content\/uploads\/2025\/06\/25.06.2025-Convenio-UPMH-10-scaled.jpg\",\"keywords\":[\"Andr\u00e9s Vel\u00e1zquez\",\"Congreso de Hidalgo\"],\"articleSection\":[\"Hidalgo\",\"Minuto a Minuto\",\"Pol\u00edtica\"],\"inLanguage\":\"es\",\"potentialAction\":[{\"@type\":\"CommentAction\",\"name\":\"Comment\",\"target\":[\"https:\/\/elcardinal.com\/?p=4828#respond\"]}]},{\"@type\":\"WebPage\",\"@id\":\"https:\/\/elcardinal.com\/?p=4828\",\"url\":\"https:\/\/elcardinal.com\/?p=4828\",\"name\":\"Congreso del estado y la UPMH firman convenio para desarrollo de proyectos de investigaci\u00f3n - El Cardinal\",\"isPartOf\":{\"@id\":\"https:\/\/elcardinal.com\/#website\"},\"primaryImageOfPage\":{\"@id\":\"https:\/\/elcardinal.com\/?p=4828#primaryimage\"},\"image\":{\"@id\":\"https:\/\/elcardinal.com\/?p=4828#primaryimage\"},\"thumbnailUrl\":\"https:\/\/elcardinal.com\/wp-content\/uploads\/2025\/06\/25.06.2025-Convenio-UPMH-10-scaled.jpg\",\"datePublished\":\"2025-06-26T01:19:01+00:00\",\"breadcrumb\":{\"@id\":\"https:\/\/elcardinal.com\/?p=4828#breadcrumb\"},\"inLanguage\":\"es\",\"potentialAction\":[{\"@type\":\"ReadAction\",\"target\":[\"https:\/\/elcardinal.com\/?p=4828\"]}]},{\"@type\":\"ImageObject\",\"inLanguage\":\"es\",\"@id\":\"https:\/\/elcardinal.com\/?p=4828#primaryimage\",\"url\":\"https:\/\/elcardinal.com\/wp-content\/uploads\/2025\/06\/25.06.2025-Convenio-UPMH-10-scaled.jpg\",\"contentUrl\":\"https:\/\/elcardinal.com\/wp-content\/uploads\/2025\/06\/25.06.2025-Convenio-UPMH-10-scaled.jpg\",\"width\":2560,\"height\":1664},{\"@type\":\"BreadcrumbList\",\"@id\":\"https:\/\/elcardinal.com\/?p=4828#breadcrumb\",\"itemListElement\":[{\"@type\":\"ListItem\",\"position\":1,\"name\":\"Inicio\",\"item\":\"https:\/\/elcardinal.com\/\"},{\"@type\":\"ListItem\",\"position\":2,\"name\":\"Congreso del estado y la UPMH firman convenio para desarrollo de proyectos de investigaci\u00f3n\"}]},{\"@type\":\"WebSite\",\"@id\":\"https:\/\/elcardinal.com\/#website\",\"url\":\"https:\/\/elcardinal.com\/\",\"name\":\"El Cardinal\",\"description\":\"Periodismo honesto, con valor, sentido humano, a veces sarc\u00e1stico y divertido.\",\"publisher\":{\"@id\":\"https:\/\/elcardinal.com\/#organization\"},\"alternateName\":\"El Cardinal Noticias\",\"potentialAction\":[{\"@type\":\"SearchAction\",\"target\":{\"@type\":\"EntryPoint\",\"urlTemplate\":\"https:\/\/elcardinal.com\/?s={search_term_string}\"},\"query-input\":{\"@type\":\"PropertyValueSpecification\",\"valueRequired\":true,\"valueName\":\"search_term_string\"}}],\"inLanguage\":\"es\"},{\"@type\":\"Organization\",\"@id\":\"https:\/\/elcardinal.com\/#organization\",\"name\":\"El Cardinal\",\"url\":\"https:\/\/elcardinal.com\/\",\"logo\":{\"@type\":\"ImageObject\",\"inLanguage\":\"es\",\"@id\":\"https:\/\/elcardinal.com\/#\/schema\/logo\/image\/\",\"url\":\"https:\/\/elcardinal.com\/wp-content\/uploads\/2025\/04\/LOGO-EL-CARDINAL-Periodismo-con-valor.png\",\"contentUrl\":\"https:\/\/elcardinal.com\/wp-content\/uploads\/2025\/04\/LOGO-EL-CARDINAL-Periodismo-con-valor.png\",\"width\":755,\"height\":636,\"caption\":\"El Cardinal\"},\"image\":{\"@id\":\"https:\/\/elcardinal.com\/#\/schema\/logo\/image\/\"},\"sameAs\":[\"https:\/\/www.facebook.com\/profile.php?id=100063093107011\",\"https:\/\/x.com\/ElCardinal_Mx\"]},{\"@type\":\"Person\",\"@id\":\"https:\/\/elcardinal.com\/#\/schema\/person\/3c352ec0a33987fe275c0e8a2ea69f8b\",\"name\":\"Antonio Alcaraz\",\"image\":{\"@type\":\"ImageObject\",\"inLanguage\":\"es\",\"@id\":\"https:\/\/elcardinal.com\/#\/schema\/person\/image\/\",\"url\":\"https:\/\/elcardinal.com\/wp-content\/uploads\/2025\/05\/cropped-TONO-96x96.jpg\",\"contentUrl\":\"https:\/\/elcardinal.com\/wp-content\/uploads\/2025\/05\/cropped-TONO-96x96.jpg\",\"caption\":\"Antonio Alcaraz\"},\"url\":\"https:\/\/elcardinal.com\/?author=2\"}]}<\/script>\n<!-- \/ Yoast SEO plugin. -->","yoast_head_json":{"title":"Congreso del estado y la UPMH firman convenio para desarrollo de proyectos de investigaci\u00f3n - El Cardinal","robots":{"index":"index","follow":"follow","max-snippet":"max-snippet:-1","max-image-preview":"max-image-preview:large","max-video-preview":"max-video-preview:-1"},"canonical":"https:\/\/elcardinal.com\/?p=4828","og_locale":"es_MX","og_type":"article","og_title":"Congreso del estado y la UPMH firman convenio para desarrollo de proyectos de investigaci\u00f3n - El Cardinal","og_description":"Redacci\u00f3n El Congreso del Estado Libre y Soberano de Hidalgo y la Universidad Polit\u00e9cnica Metropolitana de Hidalgo (UPMH) firmaron un convenio de colaboraci\u00f3n con el objetivo de establecer una alianza estrat\u00e9gica para el desarrollo conjunto de proyectos de investigaci\u00f3n, desarrollo tecnol\u00f3gico, transferencia de tecnolog\u00eda, innovaci\u00f3n y formaci\u00f3n estudiantil. Con este acto, se contemplan actividades como","og_url":"https:\/\/elcardinal.com\/?p=4828","og_site_name":"El Cardinal","article_publisher":"https:\/\/www.facebook.com\/profile.php?id=100063093107011","article_published_time":"2025-06-26T01:19:01+00:00","og_image":[{"width":2560,"height":1664,"url":"https:\/\/elcardinal.com\/wp-content\/uploads\/2025\/06\/25.06.2025-Convenio-UPMH-10-scaled.jpg","type":"image\/jpeg"}],"author":"Antonio Alcaraz","twitter_card":"summary_large_image","twitter_creator":"@ElCardinal_Mx","twitter_site":"@ElCardinal_Mx","twitter_misc":{"Escrito por":"Antonio Alcaraz","Tiempo de lectura":"2 minutos"},"schema":{"@context":"https:\/\/schema.org","@graph":[{"@type":"Article","@id":"https:\/\/elcardinal.com\/?p=4828#article","isPartOf":{"@id":"https:\/\/elcardinal.com\/?p=4828"},"author":{"name":"Antonio Alcaraz","@id":"https:\/\/elcardinal.com\/#\/schema\/person\/3c352ec0a33987fe275c0e8a2ea69f8b"},"headline":"Congreso del estado y la UPMH firman convenio para desarrollo de proyectos de investigaci\u00f3n","datePublished":"2025-06-26T01:19:01+00:00","mainEntityOfPage":{"@id":"https:\/\/elcardinal.com\/?p=4828"},"wordCount":392,"commentCount":0,"publisher":{"@id":"https:\/\/elcardinal.com\/#organization"},"image":{"@id":"https:\/\/elcardinal.com\/?p=4828#primaryimage"},"thumbnailUrl":"https:\/\/elcardinal.com\/wp-content\/uploads\/2025\/06\/25.06.2025-Convenio-UPMH-10-scaled.jpg","keywords":["Andr\u00e9s Vel\u00e1zquez","Congreso de Hidalgo"],"articleSection":["Hidalgo","Minuto a Minuto","Pol\u00edtica"],"inLanguage":"es","potentialAction":[{"@type":"CommentAction","name":"Comment","target":["https:\/\/elcardinal.com\/?p=4828#respond"]}]},{"@type":"WebPage","@id":"https:\/\/elcardinal.com\/?p=4828","url":"https:\/\/elcardinal.com\/?p=4828","name":"Congreso del estado y la UPMH firman convenio para desarrollo de proyectos de investigaci\u00f3n - El Cardinal","isPartOf":{"@id":"https:\/\/elcardinal.com\/#website"},"primaryImageOfPage":{"@id":"https:\/\/elcardinal.com\/?p=4828#primaryimage"},"image":{"@id":"https:\/\/elcardinal.com\/?p=4828#primaryimage"},"thumbnailUrl":"https:\/\/elcardinal.com\/wp-content\/uploads\/2025\/06\/25.06.2025-Convenio-UPMH-10-scaled.jpg","datePublished":"2025-06-26T01:19:01+00:00","breadcrumb":{"@id":"https:\/\/elcardinal.com\/?p=4828#breadcrumb"},"inLanguage":"es","potentialAction":[{"@type":"ReadAction","target":["https:\/\/elcardinal.com\/?p=4828"]}]},{"@type":"ImageObject","inLanguage":"es","@id":"https:\/\/elcardinal.com\/?p=4828#primaryimage","url":"https:\/\/elcardinal.com\/wp-content\/uploads\/2025\/06\/25.06.2025-Convenio-UPMH-10-scaled.jpg","contentUrl":"https:\/\/elcardinal.com\/wp-content\/uploads\/2025\/06\/25.06.2025-Convenio-UPMH-10-scaled.jpg","width":2560,"height":1664},{"@type":"BreadcrumbList","@id":"https:\/\/elcardinal.com\/?p=4828#breadcrumb","itemListElement":[{"@type":"ListItem","position":1,"name":"Inicio","item":"https:\/\/elcardinal.com\/"},{"@type":"ListItem","position":2,"name":"Congreso del estado y la UPMH firman convenio para desarrollo de proyectos de investigaci\u00f3n"}]},{"@type":"WebSite","@id":"https:\/\/elcardinal.com\/#website","url":"https:\/\/elcardinal.com\/","name":"El Cardinal","description":"Periodismo honesto, con valor, sentido humano, a veces sarc\u00e1stico y divertido.","publisher":{"@id":"https:\/\/elcardinal.com\/#organization"},"alternateName":"El Cardinal Noticias","potentialAction":[{"@type":"SearchAction","target":{"@type":"EntryPoint","urlTemplate":"https:\/\/elcardinal.com\/?s={search_term_string}"},"query-input":{"@type":"PropertyValueSpecification","valueRequired":true,"valueName":"search_term_string"}}],"inLanguage":"es"},{"@type":"Organization","@id":"https:\/\/elcardinal.com\/#organization","name":"El Cardinal","url":"https:\/\/elcardinal.com\/","logo":{"@type":"ImageObject","inLanguage":"es","@id":"https:\/\/elcardinal.com\/#\/schema\/logo\/image\/","url":"https:\/\/elcardinal.com\/wp-content\/uploads\/2025\/04\/LOGO-EL-CARDINAL-Periodismo-con-valor.png","contentUrl":"https:\/\/elcardinal.com\/wp-content\/uploads\/2025\/04\/LOGO-EL-CARDINAL-Periodismo-con-valor.png","width":755,"height":636,"caption":"El Cardinal"},"image":{"@id":"https:\/\/elcardinal.com\/#\/schema\/logo\/image\/"},"sameAs":["https:\/\/www.facebook.com\/profile.php?id=100063093107011","https:\/\/x.com\/ElCardinal_Mx"]},{"@type":"Person","@id":"https:\/\/elcardinal.com\/#\/schema\/person\/3c352ec0a33987fe275c0e8a2ea69f8b","name":"Antonio Alcaraz","image":{"@type":"ImageObject","inLanguage":"es","@id":"https:\/\/elcardinal.com\/#\/schema\/person\/image\/","url":"https:\/\/elcardinal.com\/wp-content\/uploads\/2025\/05\/cropped-TONO-96x96.jpg","contentUrl":"https:\/\/elcardinal.com\/wp-content\/uploads\/2025\/05\/cropped-TONO-96x96.jpg","caption":"Antonio Alcaraz"},"url":"https:\/\/elcardinal.com\/?author=2"}]}},"_links":{"self":[{"href":"https:\/\/elcardinal.com\/index.php?rest_route=\/wp\/v2\/posts\/4828","targetHints":{"allow":["GET"]}}],"collection":[{"href":"https:\/\/elcardinal.com\/index.php?rest_route=\/wp\/v2\/posts"}],"about":[{"href":"https:\/\/elcardinal.com\/index.php?rest_route=\/wp\/v2\/types\/post"}],"author":[{"embeddable":true,"href":"https:\/\/elcardinal.com\/index.php?rest_route=\/wp\/v2\/users\/2"}],"replies":[{"embeddable":true,"href":"https:\/\/elcardinal.com\/index.php?rest_route=%2Fwp%2Fv2%2Fcomments&post=4828"}],"version-history":[{"count":1,"href":"https:\/\/elcardinal.com\/index.php?rest_route=\/wp\/v2\/posts\/4828\/revisions"}],"predecessor-version":[{"id":4830,"href":"https:\/\/elcardinal.com\/index.php?rest_route=\/wp\/v2\/posts\/4828\/revisions\/4830"}],"wp:featuredmedia":[{"embeddable":true,"href":"https:\/\/elcardinal.com\/index.php?rest_route=\/wp\/v2\/media\/4829"}],"wp:attachment":[{"href":"https:\/\/elcardinal.com\/index.php?rest_route=%2Fwp%2Fv2%2Fmedia&parent=4828"}],"wp:term":[{"taxonomy":"category","embeddable":true,"href":"https:\/\/elcardinal.com\/index.php?rest_route=%2Fwp%2Fv2%2Fcategories&post=4828"},{"taxonomy":"post_tag","embeddable":true,"href":"https:\/\/elcardinal.com\/index.php?rest_route=%2Fwp%2Fv2%2Ftags&post=4828"}],"curies":[{"name":"wp","href":"https:\/\/api.w.org\/{rel}","templated":true}]}}