{"id":4831,"date":"2025-06-25T19:56:08","date_gmt":"2025-06-26T01:56:08","guid":{"rendered":"https:\/\/elcardinal.com\/?p=4831"},"modified":"2025-06-25T20:01:55","modified_gmt":"2025-06-26T02:01:55","slug":"legisladores-aprueban-creacion-de-la-comision-especial-de-diversidad-sexogenerica","status":"publish","type":"post","link":"https:\/\/elcardinal.com\/?p=4831","title":{"rendered":"Legisladores aprueban creaci\u00f3n de la Comisi\u00f3n Especial de Diversidad Sexogen\u00e9rica"},"content":{"rendered":"<p>Redacci\u00f3n<\/p>\n<p><span style=\"font-weight: 400;\">En sesi\u00f3n ordinaria, diputadas y diputados integrantes de la <\/span><b>LXVI Legislatura<\/b><span style=\"font-weight: 400;\"> aprobaron con 23 votos a favor, cero en contra y cero abstenciones, el acuerdo para la creaci\u00f3n e integraci\u00f3n de la Comisi\u00f3n Especial de Diversidad Sexogen\u00e9rica, emitido por la Junta de Gobierno.<\/span><\/p>\n<p><span style=\"font-weight: 400;\">Ante activistas y representantes de la comunidad sexogen\u00e9rica, el legislador <\/span><b>Carlos Alejandro Alc\u00e1ntara Carbajal<\/b><span style=\"font-weight: 400;\"> (MC) detall\u00f3 que la comisi\u00f3n quedar\u00e1 integrada de la siguiente manera:<\/span><\/p>\n<ul>\n<li style=\"font-weight: 400;\" aria-level=\"1\"><span style=\"font-weight: 400;\">Diputado <\/span><b>Carlos Alejandro Alc\u00e1ntara Carbajal<\/b><span style=\"font-weight: 400;\">, presidente<\/span><\/li>\n<li style=\"font-weight: 400;\" aria-level=\"1\"><span style=\"font-weight: 400;\">Diputada <\/span><b>Tania Er\u00e9ndira Meza Escorza<\/b><span style=\"font-weight: 400;\">, secretaria<\/span><\/li>\n<li style=\"font-weight: 400;\" aria-level=\"1\"><span style=\"font-weight: 400;\">Diputada <\/span><b>Orqu\u00eddea Larragoiti Osorio<\/b><span style=\"font-weight: 400;\">, secretaria<\/span><\/li>\n<li style=\"font-weight: 400;\" aria-level=\"1\"><span style=\"font-weight: 400;\">Diputada <\/span><b>Johana Montcerrat Hern\u00e1ndez P\u00e9rez<\/b><span style=\"font-weight: 400;\">, vocal<\/span><\/li>\n<li style=\"font-weight: 400;\" aria-level=\"1\"><span style=\"font-weight: 400;\">Diputada <\/span><b>Claudia Lilia Luna Islas<\/b><span style=\"font-weight: 400;\">, vocal<\/span><\/li>\n<li style=\"font-weight: 400;\" aria-level=\"1\"><span style=\"font-weight: 400;\">Diputado <\/span><b>Jos\u00e9 Mar\u00eda Alejandro P\u00e9rez Ram\u00edrez<\/b><span style=\"font-weight: 400;\">, vocal<\/span><\/li>\n<li style=\"font-weight: 400;\" aria-level=\"1\"><span style=\"font-weight: 400;\">Diputada <\/span><b>Paloma Barrag\u00e1n Santos<\/b><span style=\"font-weight: 400;\">, vocal<\/span><\/li>\n<li style=\"font-weight: 400;\" aria-level=\"1\"><span style=\"font-weight: 400;\">Diputada <\/span><b>Karla Perales Arrieta<\/b><span style=\"font-weight: 400;\">, vocal<\/span><\/li>\n<li style=\"font-weight: 400;\" aria-level=\"1\"><span style=\"font-weight: 400;\">Diputado <\/span><b>Juli\u00e1n Nochebuena Hern\u00e1ndez<\/b><span style=\"font-weight: 400;\">, vocal<\/span><\/li>\n<li style=\"font-weight: 400;\" aria-level=\"1\"><span style=\"font-weight: 400;\">Diputada <\/span><b>Diana Rangel Z\u00fa\u00f1iga<\/b><span style=\"font-weight: 400;\">, vocal<\/span><\/li>\n<li style=\"font-weight: 400;\" aria-level=\"1\"><span style=\"font-weight: 400;\">Diputada <\/span><b>Mar\u00eda Guadalupe Cruz Monta\u00f1o<\/b><span style=\"font-weight: 400;\">, vocal<\/span><\/li>\n<li style=\"font-weight: 400;\" aria-level=\"1\"><span style=\"font-weight: 400;\">Diputada <\/span><b>Alma Rosa El\u00edas Paso<\/b><span style=\"font-weight: 400;\">, vocal<\/span><\/li>\n<li style=\"font-weight: 400;\" aria-level=\"1\"><span style=\"font-weight: 400;\">Diputada <\/span><b>Hilda Miranda Miranda<\/b><span style=\"font-weight: 400;\">, vocal<\/span><\/li>\n<\/ul>\n<p><span style=\"font-weight: 400;\">Adem\u00e1s, precis\u00f3 que el objetivo es promover, analizar, proponer y dar seguimiento a iniciativas legislativas, reformas, pol\u00edticas p\u00fablicas y acciones institucionales que garanticen los derechos de las personas LGBTQIA+ en el estado de Hidalgo.<\/span><\/p>\n<p>&nbsp;<\/p>\n<p><b>Iniciativas<\/b><\/p>\n<p><b>Mecanismos de prevenci\u00f3n y mitigaci\u00f3n de riesgos<\/b><\/p>\n<p><span style=\"font-weight: 400;\">Las y los diputados <\/span><b>Francisco Javier T\u00e9llez S\u00e1nchez<\/b><span style=\"font-weight: 400;\">, <\/span><b>Orqu\u00eddea Larragoiti Osorio<\/b><span style=\"font-weight: 400;\"> (PT), <\/span><b>Johana Montcerrat Hern\u00e1ndez P\u00e9rez<\/b><span style=\"font-weight: 400;\">, <\/span><b>Marco Antonio Mendoza Bustamante<\/b><span style=\"font-weight: 400;\"> (PRI), <\/span><b>Mar\u00eda Guadalupe Cruz Monta\u00f1o<\/b><span style=\"font-weight: 400;\">, <\/span><b>Avelino Tovar Iglesias<\/b><span style=\"font-weight: 400;\"> (PVEM), <\/span><b>Karla Perales Arrieta<\/b><span style=\"font-weight: 400;\">, <\/span><b>Carlos Alejandro Alc\u00e1ntara Carbajal<\/b><span style=\"font-weight: 400;\"> (MC), <\/span><b>Claudia Lilia Luna Islas<\/b><span style=\"font-weight: 400;\"> (MC), <\/span><b>Leonel Perusqu\u00eda Muedano<\/b><span style=\"font-weight: 400;\"> (PRD) y <\/span><b>Andr\u00e9s Vel\u00e1zquez V\u00e1zquez (<\/b><span style=\"font-weight: 400;\">Morena) presentaron la iniciativa que reforma la Ley de Protecci\u00f3n Civil de Hidalgo, con el fin de fortalecer los mecanismos de prevenci\u00f3n y mitigaci\u00f3n de riesgos en eventos y espacios de alta concentraci\u00f3n de personas.<\/span><\/p>\n<p>&nbsp;<\/p>\n<p><b>Albergues seguros para adultos mayores<\/b><\/p>\n<p><span style=\"font-weight: 400;\">Las y los legisladores <\/span><b>Orqu\u00eddea Larragoiti Osorio<\/b><span style=\"font-weight: 400;\">, <\/span><b>Francisco Javier T\u00e9llez S\u00e1nchez<\/b><span style=\"font-weight: 400;\"> (PT), <\/span><b>Johana Montcerrat Hern\u00e1ndez P\u00e9rez<\/b><span style=\"font-weight: 400;\">, <\/span><b>Marco Antonio Mendoza Bustamante<\/b><span style=\"font-weight: 400;\"> (PRI) <\/span><b>Mar\u00eda Guadalupe Cruz Monta\u00f1o<\/b><span style=\"font-weight: 400;\">, <\/span><b>Avelino Tovar Iglesias<\/b><span style=\"font-weight: 400;\"> (PVEM), <\/span><b>Karla Perales Arrieta<\/b><span style=\"font-weight: 400;\">, <\/span><b>Carlos Alejandro Alc\u00e1ntara Carbajal<\/b><span style=\"font-weight: 400;\"> (MC), <\/span><b>Claudia Lilia Luna Islas<\/b><span style=\"font-weight: 400;\"> (PAN), <\/span><b>Leonel Perusqu\u00eda Muedano<\/b><span style=\"font-weight: 400;\"> (PRD) y <\/span><b>Andr\u00e9s Vel\u00e1zquez V\u00e1zquez<\/b><span style=\"font-weight: 400;\"> (Morena) propusieron la iniciativa que modifica la Ley de Albergues Privados para Personas Adultas Mayores de Hidalgo, con el objetivo de establecer la atribuci\u00f3n de la persona titular del Poder Ejecutivo en la supervisi\u00f3n y vigilancia del cumplimiento de la ley para garantizar que estos espacios cuenten con la infraestructura, condiciones materiales y humanas necesarias para brindar servicios dignos, seguros y de calidad.<\/span><\/p>\n<p>&nbsp;<\/p>\n<p><b>Importancia de los oficios tradicionales<\/b><\/p>\n<p><span style=\"font-weight: 400;\">Las y los diputados <\/span><b>Johana Montcerrat Hern\u00e1ndez P\u00e9rez<\/b><span style=\"font-weight: 400;\">, <\/span><b>Marco Antonio Mendoza Bustamante<\/b><span style=\"font-weight: 400;\"> (PRI), <\/span><b>Claudia Lilia Luna Islas<\/b><span style=\"font-weight: 400;\"> (PAN), <\/span><b>Avelino Tovar Iglesias<\/b><span style=\"font-weight: 400;\">, <\/span><b>Mar\u00eda Guadalupe Cruz Monta\u00f1o<\/b><span style=\"font-weight: 400;\"> (PVEM), <\/span><b>Orqu\u00eddea Larragoiti Osorio<\/b><span style=\"font-weight: 400;\">, <\/span><b>Francisco Javier T\u00e9llez S\u00e1nchez<\/b><span style=\"font-weight: 400;\"> (PT), <\/span><b>Carlos Alejandro Alc\u00e1ntara Carbajal<\/b><span style=\"font-weight: 400;\">, <\/span><b>Karla Perales Arrieta<\/b><span style=\"font-weight: 400;\"> (PT) y <\/span><b>Leonel Perusqu\u00eda Muedano<\/b><span style=\"font-weight: 400;\"> (PRD) detallaron la iniciativa que reforma la Ley de Cultura y Derechos Culturales del Estado de Hidalgo para reconocer jur\u00eddica y normativamente la importancia de los oficios tradicionales y saberes ancestrales del estado de Hidalgo.<\/span><\/p>\n<p>&nbsp;<\/p>\n<p><b>Seguridad de ni\u00f1as, ni\u00f1os y adolescentes<\/b><\/p>\n<p><span style=\"font-weight: 400;\">Las y los legisladores <\/span><b>Karla Perales Arrieta<\/b><span style=\"font-weight: 400;\">, <\/span><b>Carlos Alejandro Alc\u00e1ntara Carbajal<\/b><span style=\"font-weight: 400;\"> (MC), <\/span><b>Claudia Lilia Luna Islas<\/b><span style=\"font-weight: 400;\"> (PAN<\/span><b>), Johana Montcerrat Hern\u00e1ndez P\u00e9rez<\/b><span style=\"font-weight: 400;\">, <\/span><b>Marco Antonio Mendoza Bustamante<\/b><span style=\"font-weight: 400;\"> (PRI), <\/span><b>Mar\u00eda Guadalupe Cruz Monta\u00f1o<\/b><span style=\"font-weight: 400;\">, <\/span><b>Avelino Tovar Iglesias<\/b><span style=\"font-weight: 400;\"> (PVEM), <\/span><b>Orqu\u00eddea Larragoiti Osorio, Francisco Javier T\u00e9llez S\u00e1nchez <\/b><span style=\"font-weight: 400;\">(PT) y <\/span><b>Leonel Perusqu\u00eda Muedano<\/b><span style=\"font-weight: 400;\"> (PRD) presentaron la iniciativa que reforma la Ley de Turismo Sustentable de Hidalgo, con el fin de establecer medidas de prevenci\u00f3n que contribuyan a garantizar la integridad y seguridad de ni\u00f1as, ni\u00f1os y adolescentes en los servicios de hospedaje, mediante el fortalecimiento de controles que eviten la comisi\u00f3n de alg\u00fan delito.<\/span><\/p>\n<p>&nbsp;<\/p>\n<p><b>Reconocimiento a la diversidad de las familias<\/b><\/p>\n<p><span style=\"font-weight: 400;\">Las y los diputados <\/span><b>Marco Antonio Mendoza Bustamante<\/b><span style=\"font-weight: 400;\">, <\/span><b>Johana Montcerrat Hern\u00e1ndez P\u00e9rez <\/b><span style=\"font-weight: 400;\">(PRI), <\/span><b>Claudia Lilia Luna Islas<\/b><span style=\"font-weight: 400;\"> (PAN), <\/span><b>Leonel Perusqu\u00eda Muedano <\/b><span style=\"font-weight: 400;\">(PRD), <\/span><b>Carlos Alejandro Alc\u00e1ntara Carbajal<\/b><span style=\"font-weight: 400;\">, <\/span><b>Karla Perales Arrieta<\/b><span style=\"font-weight: 400;\"> (MC), <\/span><b>Avelino Tovar Iglesias<\/b><span style=\"font-weight: 400;\">, <\/span><b>Mar\u00eda Guadalupe Cruz Monta\u00f1o<\/b><span style=\"font-weight: 400;\"> (PVEM), <\/span><b>Orqu\u00eddea Larragoiti Osorio<\/b><span style=\"font-weight: 400;\"> y <\/span><b>Francisco Javier T\u00e9llez S\u00e1nchez<\/b><span style=\"font-weight: 400;\"> (PT) propusieron la iniciativa que reforma la Ley para la Familia del Estado de Hidalgo para reconocer las diferentes formas de familias que existen y su prop\u00f3sito.<\/span><\/p>\n<p>&nbsp;<\/p>\n<p><b>Tipificaci\u00f3n de delitos contra la orientaci\u00f3n sexoafectiva<\/b><\/p>\n<p><span style=\"font-weight: 400;\">Las legisladoras <\/span><b>Tania Er\u00e9ndira Meza Escorza<\/b><span style=\"font-weight: 400;\">, <\/span><b>Alma Rosa El\u00edas Paso<\/b><span style=\"font-weight: 400;\">, <\/span><b>Cynthia Citlali Delgado Mendoza<\/b><span style=\"font-weight: 400;\">, <\/span><b>Diana Rangel Z\u00fa\u00f1iga<\/b><span style=\"font-weight: 400;\">, <\/span><b>Hilda Miranda Miranda<\/b><span style=\"font-weight: 400;\">, <\/span><b>Mar\u00eda del Rosario Guerrero Mart\u00ednez<\/b><span style=\"font-weight: 400;\">, <\/span><b>Paloma Barrag\u00e1n Santos<\/b><span style=\"font-weight: 400;\">, <\/span><b>Yarabi Gonz\u00e1lez Mart\u00ednez <\/b><span style=\"font-weight: 400;\">(Morena), <\/span><b>M\u00f3nica Leanett Reyes Mart\u00ednez<\/b><span style=\"font-weight: 400;\">, <\/span><b>Juana Olivia Alarc\u00f3n Rivera<\/b><span style=\"font-weight: 400;\"> (Nueva Alianza) y los diputados <\/span><b>Aldo Meza Hern\u00e1ndez<\/b><span style=\"font-weight: 400;\"> y <\/span><b>Jos\u00e9 Luis Rodr\u00edguez Higareda<\/b><span style=\"font-weight: 400;\"> (Morena) detallaron la iniciativa que reforma el C\u00f3digo Penal para Hidalgo, con el prop\u00f3sito de tipificar y armonizar con la legislaci\u00f3n federal los delitos contra la orientaci\u00f3n sexoafectiva o la identidad de g\u00e9nero de las personas.<\/span><\/p>\n<p>&nbsp;<\/p>\n<p><b>Acceso a la cultura para adultos mayores<\/b><\/p>\n<p><span style=\"font-weight: 400;\">La diputada <\/span><b>Hilda Miranda Miranda<\/b><span style=\"font-weight: 400;\"> (Morena) present\u00f3 la iniciativa que reforma la Ley de los Derechos de las Personas Adultas Mayores de Hidalgo para garantizar una perspectiva m\u00e1s amplia e incluyente de los derechos de las personas adultas mayores, con lo que se pretende promover el reconocimiento y acceso a herramientas culturales, cient\u00edficas y tecnol\u00f3gicas como elementos clave para su desarrollo integral y bienestar.<\/span><\/p>\n<p>&nbsp;<\/p>\n<p><b>Importancia de la donaci\u00f3n de sangre<\/b><\/p>\n<p><span style=\"font-weight: 400;\">Las y los legisladores <\/span><b>Hilda Miranda Miranda<\/b><span style=\"font-weight: 400;\">, <\/span><b>Lizbeth Irais Ordaz Islas<\/b><span style=\"font-weight: 400;\">, <\/span><b>Andr\u00e9s Vel\u00e1zquez V\u00e1zquez<\/b><span style=\"font-weight: 400;\">, <\/span><b>Arturo G\u00f3mez Canales<\/b><span style=\"font-weight: 400;\">, <\/span><b>Juan Pablo Escalante Urban<\/b><span style=\"font-weight: 400;\">, <\/span><b>Miguel \u00c1ngel Moreno Zamora<\/b><span style=\"font-weight: 400;\"> (Morena), <\/span><b>Jos\u00e9 Mar\u00eda Alejandro P\u00e9rez Ram\u00edrez<\/b><span style=\"font-weight: 400;\"> y <\/span><b>Jorge Arg\u00fcelles Salazar<\/b><span style=\"font-weight: 400;\"> (Nueva Alianza), propusieron la iniciativa que modifica la Ley de los Trabajadores al Servicio de los Gobiernos Estatal y Municipales, as\u00ed como de los Organismos Descentralizados de Hidalgo, con el fin de resaltar la importancia del acto de donar sangre.<\/span><\/p>\n<p>&nbsp;<\/p>\n<p><b>Reinserci\u00f3n de personas en situaci\u00f3n de calle<\/b><\/p>\n<p><span style=\"font-weight: 400;\">Las y los diputados <\/span><b>Juan Pablo Escalante Urb\u00e1n<\/b><span style=\"font-weight: 400;\">, <\/span><b>Miguel \u00c1ngel Moreno Zamora<\/b><span style=\"font-weight: 400;\">, <\/span><b>Arturo G\u00f3mez Canales<\/b><span style=\"font-weight: 400;\">, <\/span><b>Andr\u00e9s Vel\u00e1zquez V\u00e1zquez<\/b><span style=\"font-weight: 400;\">, <\/span><b>Lizbeth Ira\u00eds Ordaz Islas<\/b><span style=\"font-weight: 400;\">, <\/span><b>Hilda Miranda Miranda<\/b><span style=\"font-weight: 400;\"> (Morena), <\/span><b>Jorge Arg\u00fcelles Salazar<\/b><span style=\"font-weight: 400;\"> y <\/span><b>Jos\u00e9 Mar\u00eda Alejandro P\u00e9rez Ram\u00edrez<\/b><span style=\"font-weight: 400;\"> (Nueva Alianza) detallaron la iniciativa que modifica la Ley de Asistencia Social para el Estado de Hidalgo, con el objetivo de establecer los servicios gubernamentales de asistencia dirigidos a personas en situaci\u00f3n de calle que permitan prevenir, atender o reinsertar socialmente a esta poblaci\u00f3n.<\/span><\/p>\n<p>&nbsp;<\/p>\n<p><b>Impulso a las tecnolog\u00edas de la informaci\u00f3n<\/b><\/p>\n<p><span style=\"font-weight: 400;\">Las y los legisladores <\/span><b>Lizbeth Ira\u00eds Ordaz Islas<\/b><span style=\"font-weight: 400;\">, <\/span><b>Hilda Miranda Miranda, Andr\u00e9s Vel\u00e1zquez V\u00e1zquez<\/b><span style=\"font-weight: 400;\">, <\/span><b>Miguel \u00c1ngel Moreno Zamora<\/b><span style=\"font-weight: 400;\">, <\/span><b>Juan Pablo Escalante Urb\u00e1n<\/b><span style=\"font-weight: 400;\">, <\/span><b>Arturo G\u00f3mez Canales<\/b><span style=\"font-weight: 400;\"> (Morena) <\/span><b>Jorge Arg\u00fcelles Salazar<\/b><span style=\"font-weight: 400;\"> y <\/span><b>Jos\u00e9 Mar\u00eda Alejandro P\u00e9rez Ram\u00edrez<\/b><span style=\"font-weight: 400;\"> (Nueva Alianza) presentaron la iniciativa que reforma la Ley del Instituto para el Desarrollo y Fortalecimiento Municipal de Hidalgo, con el prop\u00f3sito de fortalecer las atribuciones del Instituto para el Desarrollo y Fortalecimiento Municipal, incorporando su facultad para promover e impulsar el uso de las tecnolog\u00edas de la informaci\u00f3n y comunicaci\u00f3n en los gobiernos municipales.<\/span><\/p>\n<p>&nbsp;<\/p>\n<p><b>Protecci\u00f3n a los derechos de adultos mayores<\/b><\/p>\n<p><span style=\"font-weight: 400;\">Las y los diputados <\/span><b>Lizbeth Ira\u00eds Ordaz Islas<\/b><span style=\"font-weight: 400;\">, <\/span><b>Hilda Miranda Miranda<\/b><span style=\"font-weight: 400;\">, <\/span><b>Arturo G\u00f3mez Canales<\/b><span style=\"font-weight: 400;\">, <\/span><b>Andr\u00e9s Vel\u00e1zquez V\u00e1zquez<\/b><span style=\"font-weight: 400;\">, <\/span><b>Juan Pablo Escalante Urban<\/b><span style=\"font-weight: 400;\">, <\/span><b>Miguel \u00c1ngel Moreno Zamora<\/b><span style=\"font-weight: 400;\"> (Morena), <\/span><b>Jorge Arg\u00fcelles Salazar<\/b><span style=\"font-weight: 400;\"> y <\/span><b>Jos\u00e9 Mar\u00eda Alejandro P\u00e9rez Ram\u00edrez<\/b><span style=\"font-weight: 400;\"> (Nueva Alianza) propusieron la iniciativa que modifica la Ley de los Derechos de las Personas Adultas Mayores de Hidalgo, con la finalidad de fortalecer la protecci\u00f3n de los derechos humanos de este grupo poblacional, mediante una redacci\u00f3n m\u00e1s clara y espec\u00edfica que evite cualquier forma de trabajo forzado o actividad que atente contra su dignidad o que ponga en riesgo su salud f\u00edsica y mental.<\/span><\/p>\n<p>&nbsp;<\/p>\n<p><b>Creaci\u00f3n de comisi\u00f3n para combatir el cambio clim\u00e1tico<\/b><\/p>\n<p><span style=\"font-weight: 400;\">Las y los legisladores <\/span><b>Lizbeth Ira\u00eds Ordaz Islas<\/b><span style=\"font-weight: 400;\">, <\/span><b>Hilda Miranda Miranda<\/b><span style=\"font-weight: 400;\">, <\/span><b>Andr\u00e9s Vel\u00e1zquez V\u00e1zquez<\/b><span style=\"font-weight: 400;\">, <\/span><b>Juan Pablo Escalante Urban<\/b><span style=\"font-weight: 400;\">, <\/span><b>Miguel \u00c1ngel Moreno Zamora<\/b><span style=\"font-weight: 400;\">, <\/span><b>Arturo G\u00f3mez Canales<\/b><span style=\"font-weight: 400;\"> (Morena), <\/span><b>Jos\u00e9 Mar\u00eda Alejandro P\u00e9rez Ram\u00edrez<\/b><span style=\"font-weight: 400;\"> y <\/span><b>Jorge Arg\u00fcelles Salazar<\/b><span style=\"font-weight: 400;\"> (Nueva Alianza) detallaron la iniciativa que reforma la Ley Org\u00e1nica Municipal para Hidalgo, con el objetivo de incluir un marco normativo que obligue a las administraciones municipales a tomar medidas institucionales para procurar acciones de mitigaci\u00f3n y adaptaci\u00f3n a los efectos negativos del cambio clim\u00e1tico, a trav\u00e9s de la creaci\u00f3n de una comisi\u00f3n especial del ayuntamiento, denominada: \u201cDe mitigaci\u00f3n y adaptaci\u00f3n a los efectos del cambio clim\u00e1tico\u201d.<\/span><\/p>\n<p><b>D\u00eda del Jaguar en el Estado de Hidalgo<\/b><\/p>\n<p><span style=\"font-weight: 400;\">Diputadas y diputados integrantes de la <\/span><b>LXVI Legislatura<\/b><span style=\"font-weight: 400;\"> presentaron la iniciativa para declarar el 7 de septiembre de cada a\u00f1o como D\u00eda del Jaguar en el Estado de Hidalgo, para visibilizar p\u00fablicamente la situaci\u00f3n cr\u00edtica del jaguar en la entidad, reconocer el trabajo de las comunidades brigadas de monitoreo, instituciones acad\u00e9micas y organizaciones civiles en la conservaci\u00f3n de la especie y fomentar la educaci\u00f3n ambiental, especialmente en infancias y juventudes, sobre la importancia del jaguar y los ecosistemas donde habita.<\/span><\/p>\n<p>&nbsp;<\/p>\n<p><b>Participaci\u00f3n de las juventudes en toma de decisiones<\/b><\/p>\n<p><span style=\"font-weight: 400;\">Las y los diputados <\/span><b>Lizbeth Ira\u00eds Ordaz Islas<\/b><span style=\"font-weight: 400;\">, <\/span><b>Hilda Miranda Miranda<\/b><span style=\"font-weight: 400;\">, <\/span><b>Andr\u00e9s Vel\u00e1zquez V\u00e1zquez<\/b><span style=\"font-weight: 400;\">, <\/span><b>Juan Pablo Escalante Urb\u00e1n<\/b><span style=\"font-weight: 400;\">, <\/span><b>Miguel \u00c1ngel Moreno Zamora<\/b><span style=\"font-weight: 400;\">, <\/span><b>Arturo G\u00f3mez Canales<\/b><span style=\"font-weight: 400;\"> (Morena), <\/span><b>Jos\u00e9 Mar\u00eda Alejandro P\u00e9rez Ram\u00edrez<\/b><span style=\"font-weight: 400;\"> y <\/span><b>Jorge Arg\u00fcelles Salazar<\/b><span style=\"font-weight: 400;\"> (Nueva Alianza) propusieron la iniciativa que reforma la Constituci\u00f3n Pol\u00edtica del Estado de Hidalgo, con el prop\u00f3sito de incorporar la obligaci\u00f3n del Estado de garantizar las condiciones necesarias para la participaci\u00f3n democr\u00e1tica, libre e igualitaria de la juventud; as\u00ed como su desarrollo pol\u00edtico, social, econ\u00f3mico, educativo, tecnol\u00f3gico, ambiental y cultural.<\/span><\/p>\n<p>&nbsp;<\/p>\n<p><b>Fortalecimiento para el actuar de ayuntamientos<\/b><\/p>\n<p><span style=\"font-weight: 400;\">Las y los legisladores <\/span><b>Lizbeth Ira\u00eds Ordaz Islas<\/b><span style=\"font-weight: 400;\">, <\/span><b>Hilda Miranda Miranda<\/b><span style=\"font-weight: 400;\">, <\/span><b>Andr\u00e9s Vel\u00e1zquez V\u00e1zquez<\/b><span style=\"font-weight: 400;\">, <\/span><b>Miguel \u00c1ngel Moreno Zamora<\/b><span style=\"font-weight: 400;\">, <\/span><b>Juan Pablo Escalante Urb\u00e1n<\/b><span style=\"font-weight: 400;\">, <\/span><b>Arturo G\u00f3mez Canales<\/b><span style=\"font-weight: 400;\"> (Morena), <\/span><b>Jorge Arg\u00fcelles Salazar<\/b> <b>y Jos\u00e9 Mar\u00eda Alejandro P\u00e9rez Ram\u00edrez<\/b><span style=\"font-weight: 400;\"> (Nueva Alianza) detallaron la iniciativa que reforma la Ley Org\u00e1nica Municipal para Hidalgo, con el objetivo de fortalecer el actuar de los gobiernos municipales, mediante la actualizaci\u00f3n en materia de control interno, perfil de los servidores p\u00fablicos municipales y Presupuesto Basado en Resultados-Sistema de Evaluaci\u00f3n al Desempe\u00f1o, buscando mejorar los tramites y servicios que se prestan a la ciudadan\u00eda.<\/span><\/p>\n<p>&nbsp;<\/p>\n<p><b>Asuntos generales<\/b><\/p>\n<p><b>Atenci\u00f3n a personas con VIH-Sida<\/b><\/p>\n<p><span style=\"font-weight: 400;\">La diputada <\/span><b>Hilda Miranda Miranda<\/b><span style=\"font-weight: 400;\"> (Morena) propuso un acuerdo econ\u00f3mico que exhorta a la persona titular de la Secretar\u00eda de Salud federal, a trav\u00e9s del Centro Nacional para la Prevenci\u00f3n y Control del VIH-Sida, a reforzar las sesiones de prevenci\u00f3n, diagn\u00f3stico, seguimiento y atenci\u00f3n respecto a esta enfermedad, con especial enfoque en las juventudes, as\u00ed como intensificar las campa\u00f1as informativas de salud sobre el uso del cond\u00f3n y prevenci\u00f3n de enfermedades de transmisi\u00f3n sexual para cumplir con las metas e indicadores de la Agenda 2030.<\/span><\/p>\n<p>&nbsp;<\/p>\n<p><b>Rapidez en proceso de expedici\u00f3n de actas de nacimiento<\/b><\/p>\n<p><span style=\"font-weight: 400;\">La legisladora <\/span><b>Yarabi Gonz\u00e1lez Mart\u00ednez<\/b><span style=\"font-weight: 400;\"> (Morena) present\u00f3 un acuerdo econ\u00f3mico por el que se exhorta al Registro del Estado Familiar y a las autoridades de los 84 municipios para que agilicen el proceso de expedici\u00f3n, rectificaci\u00f3n, correcci\u00f3n y certificaci\u00f3n de actas de nacimiento a personas ind\u00edgenas.<\/span><\/p>\n<p>&nbsp;<\/p>\n<p><b>Informaci\u00f3n sobre centros de control animal<\/b><\/p>\n<p><span style=\"font-weight: 400;\">Las y los diputados <\/span><b>Arturo G\u00f3mez Canales<\/b><span style=\"font-weight: 400;\"> (Morena), <\/span><b>Johana Montcerrat Hern\u00e1ndez P\u00e9rez<\/b><span style=\"font-weight: 400;\"> (PRI), <\/span><b>Yarabi Gonz\u00e1lez Mart\u00ednez<\/b><span style=\"font-weight: 400;\">, <\/span><b>Aldo Meza Hern\u00e1ndez<\/b><span style=\"font-weight: 400;\"> (Morena) y <\/span><b>Jos\u00e9 Mar\u00eda Alejandro P\u00e9rez Ram\u00edrez<\/b><span style=\"font-weight: 400;\"> (Nueva Alianza) propusieron un acuerdo econ\u00f3mico por el que se exhorta a los 84 ayuntamientos a informar al Congreso los siguientes puntos: dar referencia sobre la existencia de un centro de control animal y zoonosis. De contar con dicho espacio, dar cuenta sobre las condiciones en las que permanece conforme a su organizaci\u00f3n.<\/span><\/p>\n<p>&nbsp;<\/p>\n<p><b>Descentralizaci\u00f3n del Sistema DIF<\/b><\/p>\n<p><span style=\"font-weight: 400;\">Las y los legisladores <\/span><b>Hilda Miranda Miranda<\/b><span style=\"font-weight: 400;\">, <\/span><b>Lizbeth Irais Ordaz Islas<\/b><span style=\"font-weight: 400;\">, <\/span><b>Andr\u00e9s Vel\u00e1zquez V\u00e1zquez<\/b><span style=\"font-weight: 400;\">, <\/span><b>Arturo G\u00f3mez Canales<\/b><span style=\"font-weight: 400;\">, <\/span><b>Juan Pablo Escalante Urban<\/b><span style=\"font-weight: 400;\">, <\/span><b>Miguel \u00c1ngel Moreno Zamora<\/b><span style=\"font-weight: 400;\"> (Morena), <\/span><b>Jos\u00e9 Mar\u00eda Alejandro P\u00e9rez Ram\u00edrez<\/b><span style=\"font-weight: 400;\"> y <\/span><b>Jorge Arg\u00fcelles Salazar<\/b><span style=\"font-weight: 400;\"> (Nueva Alianza) presentaron el acuerdo econ\u00f3mico que exhorta a los ayuntamientos\u00a0 que a\u00fan no han cumplido con la descentralizaci\u00f3n del Sistema para el Desarrollo Integral de la Familia Municipal, a que armonicen su normatividad municipal y lleven a cabo dicha descentralizaci\u00f3n.<\/span><\/p>\n<p>&nbsp;<\/p>\n<p><b>An\u00e1lisis de reformas constitucionales<\/b><\/p>\n<p><span style=\"font-weight: 400;\">Ante la discusi\u00f3n de distintas reformas a nivel federal, la diputada <\/span><b>Johana Montcerrat Hern\u00e1ndez P\u00e9rez<\/b><span style=\"font-weight: 400;\"> (PRI) record\u00f3 que \u201clas leyes no son un juego, las reformas constitucionales no son una agenda personal ni partidista. Se deben analizar, debatir, discutir y construir desde la pluralidad, desde el compromiso con M\u00e9xico en Hidalgo\u201d.<\/span><\/p>\n<p>&nbsp;<\/p>\n<p><b>Compromiso con la comunidad LGBTIQ+<\/b><\/p>\n<p><span style=\"font-weight: 400;\">En el Mes del Orgullo, la legisladora <\/span><b>Paloma Barrag\u00e1n Santos<\/b><span style=\"font-weight: 400;\"> (Morena) refrend\u00f3 su respeto, solidaridad y compromiso con las personas LGBTIQ+, \u201ccon quienes marchan, con quienes han resistido, con quienes ya no est\u00e1n y quienes apenas comienzan a descubrir su identidad en un mundo que a\u00fan resulta hostil. Que nunca m\u00e1s nadie tenga que elegir entre vivir con verdad o vivir con seguridad\u201d.<\/span><\/p>\n<p>&nbsp;<\/p>\n<p><b>D\u00eda Mundial de la Diversidad Sexual<\/b><\/p>\n<p><span style=\"font-weight: 400;\">En el D\u00eda Mundial de la Diversidad Sexual, conmemorado cada 25 de junio, el diputado <\/span><b>Carlos Alejandro Alc\u00e1ntara Carbajal<\/b><span style=\"font-weight: 400;\"> (MC) asegur\u00f3 que la diversidad no es un problema que se resuelve, m\u00e1s bien es una riqueza que se debe abrazar. \u201cNo venimos a pedir tolerancia, exigimos respeto, no venimos a mendigar espacios, afirmamos que este es nuestro espacio y que tambi\u00e9n tenemos derecho a existir y a vivir plenamente\u201d.<\/span><\/p>\n<p>&nbsp;<\/p>\n<p><b>Otros puntos del d\u00eda<\/b><\/p>\n<p><b>Integraci\u00f3n de la directiva de julio<\/b><\/p>\n<p><span style=\"font-weight: 400;\">Las diputadas y diputados que integrar\u00e1n la directiva del mes de julio, correspondiente al segundo periodo de sesiones ordinarias del primer a\u00f1o de ejercicio constitucional de la <\/span><b>LXVI Legislatura<\/b><span style=\"font-weight: 400;\">, son:<\/span><\/p>\n<ul>\n<li style=\"font-weight: 400;\" aria-level=\"1\"><span style=\"font-weight: 400;\">Diputada <\/span><b>Hilda Miranda Miranda<\/b><span style=\"font-weight: 400;\">, presidenta<\/span><\/li>\n<li style=\"font-weight: 400;\" aria-level=\"1\"><span style=\"font-weight: 400;\">Diputado <\/span><b>Leonel Perusqu\u00eda Muedano<\/b><span style=\"font-weight: 400;\">, vicepresidente<\/span><\/li>\n<li style=\"font-weight: 400;\" aria-level=\"1\"><span style=\"font-weight: 400;\">Diputada <\/span><b>Yarabi Gonz\u00e1lez Mart\u00ednez<\/b><span style=\"font-weight: 400;\">, secretaria<\/span><\/li>\n<li style=\"font-weight: 400;\" aria-level=\"1\"><span style=\"font-weight: 400;\">Diputado <\/span><b>Carlos Alejandro Alc\u00e1ntara Carbajal<\/b><span style=\"font-weight: 400;\">, secretario<\/span><\/li>\n<li style=\"font-weight: 400;\" aria-level=\"1\"><span style=\"font-weight: 400;\">Diputado <\/span><b>Avelino Tovar Iglesias<\/b><span style=\"font-weight: 400;\">, secretario suplente<\/span><\/li>\n<li style=\"font-weight: 400;\" aria-level=\"1\"><span style=\"font-weight: 400;\">Diputada <\/span><b>Mar\u00eda del Rosario Guerrero Mart\u00ednez<\/b><span style=\"font-weight: 400;\">, secretaria suplente<\/span><\/li>\n<\/ul>\n<p>&nbsp;<\/p>\n<p><b>Reforma en materia de derechos de pueblos y comunidades<\/b><\/p>\n<p><span style=\"font-weight: 400;\">En sesi\u00f3n ordinaria, se emiti\u00f3 la declaratoria correspondiente con la cual la <\/span><b>LXVI Legislatura<\/b><span style=\"font-weight: 400;\"> declara v\u00e1lida la reforma al art\u00edculo quinto de la Constituci\u00f3n Pol\u00edtica del Estado de Hidalgo en materia de derechos de pueblos y comunidades ind\u00edgenas y afromexicanas.<\/span><\/p>\n","protected":false},"excerpt":{"rendered":"<p>Redacci\u00f3n En sesi\u00f3n ordinaria, diputadas y diputados integrantes de la LXVI Legislatura aprobaron con 23 votos a favor, cero en contra y cero abstenciones, el acuerdo para la creaci\u00f3n e integraci\u00f3n de la Comisi\u00f3n Especial de Diversidad Sexogen\u00e9rica, emitido por la Junta de Gobierno. Ante activistas y representantes de la comunidad sexogen\u00e9rica, el legislador Carlos<\/p>\n","protected":false},"author":2,"featured_media":4834,"comment_status":"open","ping_status":"open","sticky":false,"template":"","format":"standard","meta":{"footnotes":""},"categories":[31,44,39],"tags":[62],"class_list":{"0":"post-4831","1":"post","2":"type-post","3":"status-publish","4":"format-standard","5":"has-post-thumbnail","7":"category-hidalgo","8":"category-minuto-a-minuto","9":"category-politica","10":"tag-congreso-de-hidalgo"},"yoast_head":"<!-- This site is optimized with the Yoast SEO plugin v26.1.1 - https:\/\/yoast.com\/wordpress\/plugins\/seo\/ -->\n<title>Legisladores aprueban creaci\u00f3n de la Comisi\u00f3n Especial de Diversidad Sexogen\u00e9rica - El Cardinal<\/title>\n<meta name=\"robots\" content=\"index, follow, max-snippet:-1, max-image-preview:large, max-video-preview:-1\" \/>\n<link rel=\"canonical\" href=\"https:\/\/elcardinal.com\/?p=4831\" \/>\n<meta property=\"og:locale\" content=\"es_MX\" \/>\n<meta property=\"og:type\" content=\"article\" \/>\n<meta property=\"og:title\" content=\"Legisladores aprueban creaci\u00f3n de la Comisi\u00f3n Especial de Diversidad Sexogen\u00e9rica - El Cardinal\" \/>\n<meta property=\"og:description\" content=\"Redacci\u00f3n En sesi\u00f3n ordinaria, diputadas y diputados integrantes de la LXVI Legislatura aprobaron con 23 votos a favor, cero en contra y cero abstenciones, el acuerdo para la creaci\u00f3n e integraci\u00f3n de la Comisi\u00f3n Especial de Diversidad Sexogen\u00e9rica, emitido por la Junta de Gobierno. Ante activistas y representantes de la comunidad sexogen\u00e9rica, el legislador Carlos\" \/>\n<meta property=\"og:url\" content=\"https:\/\/elcardinal.com\/?p=4831\" \/>\n<meta property=\"og:site_name\" content=\"El Cardinal\" \/>\n<meta property=\"article:publisher\" content=\"https:\/\/www.facebook.com\/profile.php?id=100063093107011\" \/>\n<meta property=\"article:published_time\" content=\"2025-06-26T01:56:08+00:00\" \/>\n<meta property=\"article:modified_time\" content=\"2025-06-26T02:01:55+00:00\" \/>\n<meta property=\"og:image\" content=\"https:\/\/elcardinal.com\/wp-content\/uploads\/2025\/06\/Sesion-25.06.2025-Ordinaria-231-scaled.jpg\" \/>\n\t<meta property=\"og:image:width\" content=\"2560\" \/>\n\t<meta property=\"og:image:height\" content=\"1707\" \/>\n\t<meta property=\"og:image:type\" content=\"image\/jpeg\" \/>\n<meta name=\"author\" content=\"Antonio Alcaraz\" \/>\n<meta name=\"twitter:card\" content=\"summary_large_image\" \/>\n<meta name=\"twitter:creator\" content=\"@ElCardinal_Mx\" \/>\n<meta name=\"twitter:site\" content=\"@ElCardinal_Mx\" \/>\n<meta name=\"twitter:label1\" content=\"Escrito por\" \/>\n\t<meta name=\"twitter:data1\" content=\"Antonio Alcaraz\" \/>\n\t<meta name=\"twitter:label2\" content=\"Tiempo de lectura\" \/>\n\t<meta name=\"twitter:data2\" content=\"11 minutos\" \/>\n<script type=\"application\/ld+json\" class=\"yoast-schema-graph\">{\"@context\":\"https:\/\/schema.org\",\"@graph\":[{\"@type\":\"Article\",\"@id\":\"https:\/\/elcardinal.com\/?p=4831#article\",\"isPartOf\":{\"@id\":\"https:\/\/elcardinal.com\/?p=4831\"},\"author\":{\"name\":\"Antonio Alcaraz\",\"@id\":\"https:\/\/elcardinal.com\/#\/schema\/person\/3c352ec0a33987fe275c0e8a2ea69f8b\"},\"headline\":\"Legisladores aprueban creaci\u00f3n de la Comisi\u00f3n Especial de Diversidad Sexogen\u00e9rica\",\"datePublished\":\"2025-06-26T01:56:08+00:00\",\"dateModified\":\"2025-06-26T02:01:55+00:00\",\"mainEntityOfPage\":{\"@id\":\"https:\/\/elcardinal.com\/?p=4831\"},\"wordCount\":2564,\"commentCount\":0,\"publisher\":{\"@id\":\"https:\/\/elcardinal.com\/#organization\"},\"image\":{\"@id\":\"https:\/\/elcardinal.com\/?p=4831#primaryimage\"},\"thumbnailUrl\":\"https:\/\/elcardinal.com\/wp-content\/uploads\/2025\/06\/Sesion-25.06.2025-Ordinaria-231-scaled.jpg\",\"keywords\":[\"Congreso de Hidalgo\"],\"articleSection\":[\"Hidalgo\",\"Minuto a Minuto\",\"Pol\u00edtica\"],\"inLanguage\":\"es\",\"potentialAction\":[{\"@type\":\"CommentAction\",\"name\":\"Comment\",\"target\":[\"https:\/\/elcardinal.com\/?p=4831#respond\"]}]},{\"@type\":\"WebPage\",\"@id\":\"https:\/\/elcardinal.com\/?p=4831\",\"url\":\"https:\/\/elcardinal.com\/?p=4831\",\"name\":\"Legisladores aprueban creaci\u00f3n de la Comisi\u00f3n Especial de Diversidad Sexogen\u00e9rica - El Cardinal\",\"isPartOf\":{\"@id\":\"https:\/\/elcardinal.com\/#website\"},\"primaryImageOfPage\":{\"@id\":\"https:\/\/elcardinal.com\/?p=4831#primaryimage\"},\"image\":{\"@id\":\"https:\/\/elcardinal.com\/?p=4831#primaryimage\"},\"thumbnailUrl\":\"https:\/\/elcardinal.com\/wp-content\/uploads\/2025\/06\/Sesion-25.06.2025-Ordinaria-231-scaled.jpg\",\"datePublished\":\"2025-06-26T01:56:08+00:00\",\"dateModified\":\"2025-06-26T02:01:55+00:00\",\"breadcrumb\":{\"@id\":\"https:\/\/elcardinal.com\/?p=4831#breadcrumb\"},\"inLanguage\":\"es\",\"potentialAction\":[{\"@type\":\"ReadAction\",\"target\":[\"https:\/\/elcardinal.com\/?p=4831\"]}]},{\"@type\":\"ImageObject\",\"inLanguage\":\"es\",\"@id\":\"https:\/\/elcardinal.com\/?p=4831#primaryimage\",\"url\":\"https:\/\/elcardinal.com\/wp-content\/uploads\/2025\/06\/Sesion-25.06.2025-Ordinaria-231-scaled.jpg\",\"contentUrl\":\"https:\/\/elcardinal.com\/wp-content\/uploads\/2025\/06\/Sesion-25.06.2025-Ordinaria-231-scaled.jpg\",\"width\":2560,\"height\":1707},{\"@type\":\"BreadcrumbList\",\"@id\":\"https:\/\/elcardinal.com\/?p=4831#breadcrumb\",\"itemListElement\":[{\"@type\":\"ListItem\",\"position\":1,\"name\":\"Inicio\",\"item\":\"https:\/\/elcardinal.com\/\"},{\"@type\":\"ListItem\",\"position\":2,\"name\":\"Legisladores aprueban creaci\u00f3n de la Comisi\u00f3n Especial de Diversidad Sexogen\u00e9rica\"}]},{\"@type\":\"WebSite\",\"@id\":\"https:\/\/elcardinal.com\/#website\",\"url\":\"https:\/\/elcardinal.com\/\",\"name\":\"El Cardinal\",\"description\":\"Periodismo honesto, con valor, sentido humano, a veces sarc\u00e1stico y divertido.\",\"publisher\":{\"@id\":\"https:\/\/elcardinal.com\/#organization\"},\"alternateName\":\"El Cardinal Noticias\",\"potentialAction\":[{\"@type\":\"SearchAction\",\"target\":{\"@type\":\"EntryPoint\",\"urlTemplate\":\"https:\/\/elcardinal.com\/?s={search_term_string}\"},\"query-input\":{\"@type\":\"PropertyValueSpecification\",\"valueRequired\":true,\"valueName\":\"search_term_string\"}}],\"inLanguage\":\"es\"},{\"@type\":\"Organization\",\"@id\":\"https:\/\/elcardinal.com\/#organization\",\"name\":\"El Cardinal\",\"url\":\"https:\/\/elcardinal.com\/\",\"logo\":{\"@type\":\"ImageObject\",\"inLanguage\":\"es\",\"@id\":\"https:\/\/elcardinal.com\/#\/schema\/logo\/image\/\",\"url\":\"https:\/\/elcardinal.com\/wp-content\/uploads\/2025\/04\/LOGO-EL-CARDINAL-Periodismo-con-valor.png\",\"contentUrl\":\"https:\/\/elcardinal.com\/wp-content\/uploads\/2025\/04\/LOGO-EL-CARDINAL-Periodismo-con-valor.png\",\"width\":755,\"height\":636,\"caption\":\"El Cardinal\"},\"image\":{\"@id\":\"https:\/\/elcardinal.com\/#\/schema\/logo\/image\/\"},\"sameAs\":[\"https:\/\/www.facebook.com\/profile.php?id=100063093107011\",\"https:\/\/x.com\/ElCardinal_Mx\"]},{\"@type\":\"Person\",\"@id\":\"https:\/\/elcardinal.com\/#\/schema\/person\/3c352ec0a33987fe275c0e8a2ea69f8b\",\"name\":\"Antonio Alcaraz\",\"image\":{\"@type\":\"ImageObject\",\"inLanguage\":\"es\",\"@id\":\"https:\/\/elcardinal.com\/#\/schema\/person\/image\/\",\"url\":\"https:\/\/elcardinal.com\/wp-content\/uploads\/2025\/05\/cropped-TONO-96x96.jpg\",\"contentUrl\":\"https:\/\/elcardinal.com\/wp-content\/uploads\/2025\/05\/cropped-TONO-96x96.jpg\",\"caption\":\"Antonio Alcaraz\"},\"url\":\"https:\/\/elcardinal.com\/?author=2\"}]}<\/script>\n<!-- \/ Yoast SEO plugin. -->","yoast_head_json":{"title":"Legisladores aprueban creaci\u00f3n de la Comisi\u00f3n Especial de Diversidad Sexogen\u00e9rica - El Cardinal","robots":{"index":"index","follow":"follow","max-snippet":"max-snippet:-1","max-image-preview":"max-image-preview:large","max-video-preview":"max-video-preview:-1"},"canonical":"https:\/\/elcardinal.com\/?p=4831","og_locale":"es_MX","og_type":"article","og_title":"Legisladores aprueban creaci\u00f3n de la Comisi\u00f3n Especial de Diversidad Sexogen\u00e9rica - El Cardinal","og_description":"Redacci\u00f3n En sesi\u00f3n ordinaria, diputadas y diputados integrantes de la LXVI Legislatura aprobaron con 23 votos a favor, cero en contra y cero abstenciones, el acuerdo para la creaci\u00f3n e integraci\u00f3n de la Comisi\u00f3n Especial de Diversidad Sexogen\u00e9rica, emitido por la Junta de Gobierno. Ante activistas y representantes de la comunidad sexogen\u00e9rica, el legislador Carlos","og_url":"https:\/\/elcardinal.com\/?p=4831","og_site_name":"El Cardinal","article_publisher":"https:\/\/www.facebook.com\/profile.php?id=100063093107011","article_published_time":"2025-06-26T01:56:08+00:00","article_modified_time":"2025-06-26T02:01:55+00:00","og_image":[{"width":2560,"height":1707,"url":"https:\/\/elcardinal.com\/wp-content\/uploads\/2025\/06\/Sesion-25.06.2025-Ordinaria-231-scaled.jpg","type":"image\/jpeg"}],"author":"Antonio Alcaraz","twitter_card":"summary_large_image","twitter_creator":"@ElCardinal_Mx","twitter_site":"@ElCardinal_Mx","twitter_misc":{"Escrito por":"Antonio Alcaraz","Tiempo de lectura":"11 minutos"},"schema":{"@context":"https:\/\/schema.org","@graph":[{"@type":"Article","@id":"https:\/\/elcardinal.com\/?p=4831#article","isPartOf":{"@id":"https:\/\/elcardinal.com\/?p=4831"},"author":{"name":"Antonio Alcaraz","@id":"https:\/\/elcardinal.com\/#\/schema\/person\/3c352ec0a33987fe275c0e8a2ea69f8b"},"headline":"Legisladores aprueban creaci\u00f3n de la Comisi\u00f3n Especial de Diversidad Sexogen\u00e9rica","datePublished":"2025-06-26T01:56:08+00:00","dateModified":"2025-06-26T02:01:55+00:00","mainEntityOfPage":{"@id":"https:\/\/elcardinal.com\/?p=4831"},"wordCount":2564,"commentCount":0,"publisher":{"@id":"https:\/\/elcardinal.com\/#organization"},"image":{"@id":"https:\/\/elcardinal.com\/?p=4831#primaryimage"},"thumbnailUrl":"https:\/\/elcardinal.com\/wp-content\/uploads\/2025\/06\/Sesion-25.06.2025-Ordinaria-231-scaled.jpg","keywords":["Congreso de Hidalgo"],"articleSection":["Hidalgo","Minuto a Minuto","Pol\u00edtica"],"inLanguage":"es","potentialAction":[{"@type":"CommentAction","name":"Comment","target":["https:\/\/elcardinal.com\/?p=4831#respond"]}]},{"@type":"WebPage","@id":"https:\/\/elcardinal.com\/?p=4831","url":"https:\/\/elcardinal.com\/?p=4831","name":"Legisladores aprueban creaci\u00f3n de la Comisi\u00f3n Especial de Diversidad Sexogen\u00e9rica - El Cardinal","isPartOf":{"@id":"https:\/\/elcardinal.com\/#website"},"primaryImageOfPage":{"@id":"https:\/\/elcardinal.com\/?p=4831#primaryimage"},"image":{"@id":"https:\/\/elcardinal.com\/?p=4831#primaryimage"},"thumbnailUrl":"https:\/\/elcardinal.com\/wp-content\/uploads\/2025\/06\/Sesion-25.06.2025-Ordinaria-231-scaled.jpg","datePublished":"2025-06-26T01:56:08+00:00","dateModified":"2025-06-26T02:01:55+00:00","breadcrumb":{"@id":"https:\/\/elcardinal.com\/?p=4831#breadcrumb"},"inLanguage":"es","potentialAction":[{"@type":"ReadAction","target":["https:\/\/elcardinal.com\/?p=4831"]}]},{"@type":"ImageObject","inLanguage":"es","@id":"https:\/\/elcardinal.com\/?p=4831#primaryimage","url":"https:\/\/elcardinal.com\/wp-content\/uploads\/2025\/06\/Sesion-25.06.2025-Ordinaria-231-scaled.jpg","contentUrl":"https:\/\/elcardinal.com\/wp-content\/uploads\/2025\/06\/Sesion-25.06.2025-Ordinaria-231-scaled.jpg","width":2560,"height":1707},{"@type":"BreadcrumbList","@id":"https:\/\/elcardinal.com\/?p=4831#breadcrumb","itemListElement":[{"@type":"ListItem","position":1,"name":"Inicio","item":"https:\/\/elcardinal.com\/"},{"@type":"ListItem","position":2,"name":"Legisladores aprueban creaci\u00f3n de la Comisi\u00f3n Especial de Diversidad Sexogen\u00e9rica"}]},{"@type":"WebSite","@id":"https:\/\/elcardinal.com\/#website","url":"https:\/\/elcardinal.com\/","name":"El Cardinal","description":"Periodismo honesto, con valor, sentido humano, a veces sarc\u00e1stico y divertido.","publisher":{"@id":"https:\/\/elcardinal.com\/#organization"},"alternateName":"El Cardinal Noticias","potentialAction":[{"@type":"SearchAction","target":{"@type":"EntryPoint","urlTemplate":"https:\/\/elcardinal.com\/?s={search_term_string}"},"query-input":{"@type":"PropertyValueSpecification","valueRequired":true,"valueName":"search_term_string"}}],"inLanguage":"es"},{"@type":"Organization","@id":"https:\/\/elcardinal.com\/#organization","name":"El Cardinal","url":"https:\/\/elcardinal.com\/","logo":{"@type":"ImageObject","inLanguage":"es","@id":"https:\/\/elcardinal.com\/#\/schema\/logo\/image\/","url":"https:\/\/elcardinal.com\/wp-content\/uploads\/2025\/04\/LOGO-EL-CARDINAL-Periodismo-con-valor.png","contentUrl":"https:\/\/elcardinal.com\/wp-content\/uploads\/2025\/04\/LOGO-EL-CARDINAL-Periodismo-con-valor.png","width":755,"height":636,"caption":"El Cardinal"},"image":{"@id":"https:\/\/elcardinal.com\/#\/schema\/logo\/image\/"},"sameAs":["https:\/\/www.facebook.com\/profile.php?id=100063093107011","https:\/\/x.com\/ElCardinal_Mx"]},{"@type":"Person","@id":"https:\/\/elcardinal.com\/#\/schema\/person\/3c352ec0a33987fe275c0e8a2ea69f8b","name":"Antonio Alcaraz","image":{"@type":"ImageObject","inLanguage":"es","@id":"https:\/\/elcardinal.com\/#\/schema\/person\/image\/","url":"https:\/\/elcardinal.com\/wp-content\/uploads\/2025\/05\/cropped-TONO-96x96.jpg","contentUrl":"https:\/\/elcardinal.com\/wp-content\/uploads\/2025\/05\/cropped-TONO-96x96.jpg","caption":"Antonio Alcaraz"},"url":"https:\/\/elcardinal.com\/?author=2"}]}},"_links":{"self":[{"href":"https:\/\/elcardinal.com\/index.php?rest_route=\/wp\/v2\/posts\/4831","targetHints":{"allow":["GET"]}}],"collection":[{"href":"https:\/\/elcardinal.com\/index.php?rest_route=\/wp\/v2\/posts"}],"about":[{"href":"https:\/\/elcardinal.com\/index.php?rest_route=\/wp\/v2\/types\/post"}],"author":[{"embeddable":true,"href":"https:\/\/elcardinal.com\/index.php?rest_route=\/wp\/v2\/users\/2"}],"replies":[{"embeddable":true,"href":"https:\/\/elcardinal.com\/index.php?rest_route=%2Fwp%2Fv2%2Fcomments&post=4831"}],"version-history":[{"count":1,"href":"https:\/\/elcardinal.com\/index.php?rest_route=\/wp\/v2\/posts\/4831\/revisions"}],"predecessor-version":[{"id":4833,"href":"https:\/\/elcardinal.com\/index.php?rest_route=\/wp\/v2\/posts\/4831\/revisions\/4833"}],"wp:featuredmedia":[{"embeddable":true,"href":"https:\/\/elcardinal.com\/index.php?rest_route=\/wp\/v2\/media\/4834"}],"wp:attachment":[{"href":"https:\/\/elcardinal.com\/index.php?rest_route=%2Fwp%2Fv2%2Fmedia&parent=4831"}],"wp:term":[{"taxonomy":"category","embeddable":true,"href":"https:\/\/elcardinal.com\/index.php?rest_route=%2Fwp%2Fv2%2Fcategories&post=4831"},{"taxonomy":"post_tag","embeddable":true,"href":"https:\/\/elcardinal.com\/index.php?rest_route=%2Fwp%2Fv2%2Ftags&post=4831"}],"curies":[{"name":"wp","href":"https:\/\/api.w.org\/{rel}","templated":true}]}}