{"id":4835,"date":"2025-06-25T20:05:32","date_gmt":"2025-06-26T02:05:32","guid":{"rendered":"https:\/\/elcardinal.com\/?p=4835"},"modified":"2025-06-25T20:05:32","modified_gmt":"2025-06-26T02:05:32","slug":"proponen-declarar-el-7-de-septiembre-como-dia-del-jaguar-en-hidalgo","status":"publish","type":"post","link":"https:\/\/elcardinal.com\/?p=4835","title":{"rendered":"Proponen declarar el 7 de septiembre como D\u00eda del Jaguar en Hidalgo"},"content":{"rendered":"<p data-start=\"0\" data-end=\"137\">Por: <strong>Jos\u00e9 Antonio Alcaraz Su\u00e1rez\u00a0<\/strong><\/p>\n<p data-start=\"139\" data-end=\"591\">En una sesi\u00f3n cargada de emotividad y simbolismo, el diputado <strong>Avelino Tovar Iglesias<\/strong> present\u00f3 ante el Congreso de Hidalgo una iniciativa con proyecto de decreto para declarar el 7 de septiembre de cada a\u00f1o como <strong><em data-start=\"350\" data-end=\"366\">D\u00eda del Jaguar<\/em> <\/strong>en la entidad. La propuesta, respaldada de forma un\u00e1nime por todas las fuerzas pol\u00edticas, busca reconocer al jaguar no solo como especie en riesgo, sino como emblema de la riqueza cultural, espiritual y ambiental del estado.<\/p>\n<p><img decoding=\"async\" class=\" wp-image-4837\" src=\"https:\/\/elcardinal.com\/wp-content\/uploads\/2025\/06\/Sesion-25.06.2025-Ordinaria-159-300x200.jpg\" alt=\"\" width=\"257\" height=\"171\" srcset=\"https:\/\/elcardinal.com\/wp-content\/uploads\/2025\/06\/Sesion-25.06.2025-Ordinaria-159-300x200.jpg 300w, https:\/\/elcardinal.com\/wp-content\/uploads\/2025\/06\/Sesion-25.06.2025-Ordinaria-159-1024x683.jpg 1024w, https:\/\/elcardinal.com\/wp-content\/uploads\/2025\/06\/Sesion-25.06.2025-Ordinaria-159-768x512.jpg 768w, https:\/\/elcardinal.com\/wp-content\/uploads\/2025\/06\/Sesion-25.06.2025-Ordinaria-159-1536x1024.jpg 1536w, https:\/\/elcardinal.com\/wp-content\/uploads\/2025\/06\/Sesion-25.06.2025-Ordinaria-159-2048x1365.jpg 2048w, https:\/\/elcardinal.com\/wp-content\/uploads\/2025\/06\/Sesion-25.06.2025-Ordinaria-159-150x100.jpg 150w, https:\/\/elcardinal.com\/wp-content\/uploads\/2025\/06\/Sesion-25.06.2025-Ordinaria-159-450x300.jpg 450w, https:\/\/elcardinal.com\/wp-content\/uploads\/2025\/06\/Sesion-25.06.2025-Ordinaria-159-1200x800.jpg 1200w\" sizes=\"(max-width: 257px) 100vw, 257px\" \/><\/p>\n<p data-start=\"593\" data-end=\"967\">Durante su intervenci\u00f3n, Tovar destac\u00f3 que esta iniciativa es un acto de unidad legislativa que trasciende colores e ideolog\u00edas, y subray\u00f3 su importancia como un compromiso de vida. &#8220;El jaguar, <em data-start=\"787\" data-end=\"794\">claca<\/em>, como lo nombran los pueblos originarios, es el guardi\u00e1n de nuestros bosques y s\u00edmbolo espiritual que habita la ra\u00edz m\u00e1s honda de nuestra identidad mesoamericana&#8221;, expres\u00f3.<\/p>\n<p data-start=\"969\" data-end=\"1426\">El momento m\u00e1s emotivo de la presentaci\u00f3n fue el homenaje a <em data-start=\"1029\" data-end=\"1036\">Pacus<\/em>, un jaguar monitoreado durante 14 a\u00f1os y avistado por \u00faltima vez en libertad el 1 de septiembre de 2024 en el municipio de Pacula. Pacus falleci\u00f3 el <strong>7 de septiembre<\/strong> debido a un tumor terminal y una herida de bala. Su historia, seg\u00fan el legislador, despert\u00f3 una conciencia ambiental que hoy se refleja en acciones comunitarias, programas escolares, redes de protecci\u00f3n y pol\u00edticas p\u00fablicas.<\/p>\n<p data-start=\"1428\" data-end=\"1746\">La iniciativa contempla que el D\u00eda del Jaguar sea un espacio anual para la reflexi\u00f3n y la acci\u00f3n, donde converjan la ciencia, el arte y la cultura en favor de la biodiversidad. Adem\u00e1s, se busca fomentar la educaci\u00f3n ambiental desde las infancias y visibilizar el trabajo de quienes protegen a esta especie emblem\u00e1tica.<\/p>\n<blockquote>\n<p data-start=\"1748\" data-end=\"2008\">\u201cEl jaguar es un indicador de salud ambiental: donde hay jaguar, hay bosque, hay agua, hay vida. Esta propuesta no implica un gasto, sino voluntad y visi\u00f3n\u201d, concluy\u00f3 Tovar, quien asegur\u00f3 que este acto \u201ces peque\u00f1o en lo jur\u00eddico, pero gigante en lo simb\u00f3lico\u201d.<\/p>\n<\/blockquote>\n<p data-start=\"2010\" data-end=\"2137\" data-is-last-node=\"\" data-is-only-node=\"\">La propuesta fue turnada a la Primera Comisi\u00f3n Permanente de Legislaci\u00f3n y Puntos Constitucionales para su an\u00e1lisis y dictamen.<\/p>\n","protected":false},"excerpt":{"rendered":"<p>Por: Jos\u00e9 Antonio Alcaraz Su\u00e1rez\u00a0 En una sesi\u00f3n cargada de emotividad y simbolismo, el diputado Avelino Tovar Iglesias present\u00f3 ante el Congreso de Hidalgo una iniciativa con proyecto de decreto para declarar el 7 de septiembre de cada a\u00f1o como D\u00eda del Jaguar en la entidad. La propuesta, respaldada de forma un\u00e1nime por todas las<\/p>\n","protected":false},"author":2,"featured_media":4836,"comment_status":"open","ping_status":"open","sticky":false,"template":"","format":"standard","meta":{"footnotes":""},"categories":[31,44,39],"tags":[61,62,257,256],"class_list":{"0":"post-4835","1":"post","2":"type-post","3":"status-publish","4":"format-standard","5":"has-post-thumbnail","7":"category-hidalgo","8":"category-minuto-a-minuto","9":"category-politica","10":"tag-avelino-tovar","11":"tag-congreso-de-hidalgo","12":"tag-dia-del-jaguar","13":"tag-jaguar"},"yoast_head":"<!-- This site is optimized with the Yoast SEO plugin v26.1.1 - https:\/\/yoast.com\/wordpress\/plugins\/seo\/ -->\n<title>Proponen declarar el 7 de septiembre como D\u00eda del Jaguar en Hidalgo - El Cardinal<\/title>\n<meta name=\"robots\" content=\"index, follow, max-snippet:-1, max-image-preview:large, max-video-preview:-1\" \/>\n<link rel=\"canonical\" href=\"https:\/\/elcardinal.com\/?p=4835\" \/>\n<meta property=\"og:locale\" content=\"es_MX\" \/>\n<meta property=\"og:type\" content=\"article\" \/>\n<meta property=\"og:title\" content=\"Proponen declarar el 7 de septiembre como D\u00eda del Jaguar en Hidalgo - El Cardinal\" \/>\n<meta property=\"og:description\" content=\"Por: Jos\u00e9 Antonio Alcaraz Su\u00e1rez\u00a0 En una sesi\u00f3n cargada de emotividad y simbolismo, el diputado Avelino Tovar Iglesias present\u00f3 ante el Congreso de Hidalgo una iniciativa con proyecto de decreto para declarar el 7 de septiembre de cada a\u00f1o como D\u00eda del Jaguar en la entidad. La propuesta, respaldada de forma un\u00e1nime por todas las\" \/>\n<meta property=\"og:url\" content=\"https:\/\/elcardinal.com\/?p=4835\" \/>\n<meta property=\"og:site_name\" content=\"El Cardinal\" \/>\n<meta property=\"article:publisher\" content=\"https:\/\/www.facebook.com\/profile.php?id=100063093107011\" \/>\n<meta property=\"article:published_time\" content=\"2025-06-26T02:05:32+00:00\" \/>\n<meta property=\"og:image\" content=\"https:\/\/elcardinal.com\/wp-content\/uploads\/2025\/06\/Sesion-25.06.2025-Ordinaria-166.jpg\" \/>\n\t<meta property=\"og:image:width\" content=\"2106\" \/>\n\t<meta property=\"og:image:height\" content=\"1800\" \/>\n\t<meta property=\"og:image:type\" content=\"image\/jpeg\" \/>\n<meta name=\"author\" content=\"Antonio Alcaraz\" \/>\n<meta name=\"twitter:card\" content=\"summary_large_image\" \/>\n<meta name=\"twitter:creator\" content=\"@ElCardinal_Mx\" \/>\n<meta name=\"twitter:site\" content=\"@ElCardinal_Mx\" \/>\n<meta name=\"twitter:label1\" content=\"Escrito por\" \/>\n\t<meta name=\"twitter:data1\" content=\"Antonio Alcaraz\" \/>\n\t<meta name=\"twitter:label2\" content=\"Tiempo de lectura\" \/>\n\t<meta name=\"twitter:data2\" content=\"2 minutos\" \/>\n<script type=\"application\/ld+json\" class=\"yoast-schema-graph\">{\"@context\":\"https:\/\/schema.org\",\"@graph\":[{\"@type\":\"Article\",\"@id\":\"https:\/\/elcardinal.com\/?p=4835#article\",\"isPartOf\":{\"@id\":\"https:\/\/elcardinal.com\/?p=4835\"},\"author\":{\"name\":\"Antonio Alcaraz\",\"@id\":\"https:\/\/elcardinal.com\/#\/schema\/person\/3c352ec0a33987fe275c0e8a2ea69f8b\"},\"headline\":\"Proponen declarar el 7 de septiembre como D\u00eda del Jaguar en Hidalgo\",\"datePublished\":\"2025-06-26T02:05:32+00:00\",\"mainEntityOfPage\":{\"@id\":\"https:\/\/elcardinal.com\/?p=4835\"},\"wordCount\":367,\"commentCount\":0,\"publisher\":{\"@id\":\"https:\/\/elcardinal.com\/#organization\"},\"image\":{\"@id\":\"https:\/\/elcardinal.com\/?p=4835#primaryimage\"},\"thumbnailUrl\":\"https:\/\/elcardinal.com\/wp-content\/uploads\/2025\/06\/Sesion-25.06.2025-Ordinaria-166.jpg\",\"keywords\":[\"Avelino Tovar\",\"Congreso de Hidalgo\",\"D\u00eda del Jaguar\",\"Jaguar\"],\"articleSection\":[\"Hidalgo\",\"Minuto a Minuto\",\"Pol\u00edtica\"],\"inLanguage\":\"es\",\"potentialAction\":[{\"@type\":\"CommentAction\",\"name\":\"Comment\",\"target\":[\"https:\/\/elcardinal.com\/?p=4835#respond\"]}]},{\"@type\":\"WebPage\",\"@id\":\"https:\/\/elcardinal.com\/?p=4835\",\"url\":\"https:\/\/elcardinal.com\/?p=4835\",\"name\":\"Proponen declarar el 7 de septiembre como D\u00eda del Jaguar en Hidalgo - El Cardinal\",\"isPartOf\":{\"@id\":\"https:\/\/elcardinal.com\/#website\"},\"primaryImageOfPage\":{\"@id\":\"https:\/\/elcardinal.com\/?p=4835#primaryimage\"},\"image\":{\"@id\":\"https:\/\/elcardinal.com\/?p=4835#primaryimage\"},\"thumbnailUrl\":\"https:\/\/elcardinal.com\/wp-content\/uploads\/2025\/06\/Sesion-25.06.2025-Ordinaria-166.jpg\",\"datePublished\":\"2025-06-26T02:05:32+00:00\",\"breadcrumb\":{\"@id\":\"https:\/\/elcardinal.com\/?p=4835#breadcrumb\"},\"inLanguage\":\"es\",\"potentialAction\":[{\"@type\":\"ReadAction\",\"target\":[\"https:\/\/elcardinal.com\/?p=4835\"]}]},{\"@type\":\"ImageObject\",\"inLanguage\":\"es\",\"@id\":\"https:\/\/elcardinal.com\/?p=4835#primaryimage\",\"url\":\"https:\/\/elcardinal.com\/wp-content\/uploads\/2025\/06\/Sesion-25.06.2025-Ordinaria-166.jpg\",\"contentUrl\":\"https:\/\/elcardinal.com\/wp-content\/uploads\/2025\/06\/Sesion-25.06.2025-Ordinaria-166.jpg\",\"width\":2106,\"height\":1800,\"caption\":\"????????????????\"},{\"@type\":\"BreadcrumbList\",\"@id\":\"https:\/\/elcardinal.com\/?p=4835#breadcrumb\",\"itemListElement\":[{\"@type\":\"ListItem\",\"position\":1,\"name\":\"Inicio\",\"item\":\"https:\/\/elcardinal.com\/\"},{\"@type\":\"ListItem\",\"position\":2,\"name\":\"Proponen declarar el 7 de septiembre como D\u00eda del Jaguar en Hidalgo\"}]},{\"@type\":\"WebSite\",\"@id\":\"https:\/\/elcardinal.com\/#website\",\"url\":\"https:\/\/elcardinal.com\/\",\"name\":\"El Cardinal\",\"description\":\"Periodismo honesto, con valor, sentido humano, a veces sarc\u00e1stico y divertido.\",\"publisher\":{\"@id\":\"https:\/\/elcardinal.com\/#organization\"},\"alternateName\":\"El Cardinal Noticias\",\"potentialAction\":[{\"@type\":\"SearchAction\",\"target\":{\"@type\":\"EntryPoint\",\"urlTemplate\":\"https:\/\/elcardinal.com\/?s={search_term_string}\"},\"query-input\":{\"@type\":\"PropertyValueSpecification\",\"valueRequired\":true,\"valueName\":\"search_term_string\"}}],\"inLanguage\":\"es\"},{\"@type\":\"Organization\",\"@id\":\"https:\/\/elcardinal.com\/#organization\",\"name\":\"El Cardinal\",\"url\":\"https:\/\/elcardinal.com\/\",\"logo\":{\"@type\":\"ImageObject\",\"inLanguage\":\"es\",\"@id\":\"https:\/\/elcardinal.com\/#\/schema\/logo\/image\/\",\"url\":\"https:\/\/elcardinal.com\/wp-content\/uploads\/2025\/04\/LOGO-EL-CARDINAL-Periodismo-con-valor.png\",\"contentUrl\":\"https:\/\/elcardinal.com\/wp-content\/uploads\/2025\/04\/LOGO-EL-CARDINAL-Periodismo-con-valor.png\",\"width\":755,\"height\":636,\"caption\":\"El Cardinal\"},\"image\":{\"@id\":\"https:\/\/elcardinal.com\/#\/schema\/logo\/image\/\"},\"sameAs\":[\"https:\/\/www.facebook.com\/profile.php?id=100063093107011\",\"https:\/\/x.com\/ElCardinal_Mx\"]},{\"@type\":\"Person\",\"@id\":\"https:\/\/elcardinal.com\/#\/schema\/person\/3c352ec0a33987fe275c0e8a2ea69f8b\",\"name\":\"Antonio Alcaraz\",\"image\":{\"@type\":\"ImageObject\",\"inLanguage\":\"es\",\"@id\":\"https:\/\/elcardinal.com\/#\/schema\/person\/image\/\",\"url\":\"https:\/\/elcardinal.com\/wp-content\/uploads\/2025\/05\/cropped-TONO-96x96.jpg\",\"contentUrl\":\"https:\/\/elcardinal.com\/wp-content\/uploads\/2025\/05\/cropped-TONO-96x96.jpg\",\"caption\":\"Antonio Alcaraz\"},\"url\":\"https:\/\/elcardinal.com\/?author=2\"}]}<\/script>\n<!-- \/ Yoast SEO plugin. -->","yoast_head_json":{"title":"Proponen declarar el 7 de septiembre como D\u00eda del Jaguar en Hidalgo - El Cardinal","robots":{"index":"index","follow":"follow","max-snippet":"max-snippet:-1","max-image-preview":"max-image-preview:large","max-video-preview":"max-video-preview:-1"},"canonical":"https:\/\/elcardinal.com\/?p=4835","og_locale":"es_MX","og_type":"article","og_title":"Proponen declarar el 7 de septiembre como D\u00eda del Jaguar en Hidalgo - El Cardinal","og_description":"Por: Jos\u00e9 Antonio Alcaraz Su\u00e1rez\u00a0 En una sesi\u00f3n cargada de emotividad y simbolismo, el diputado Avelino Tovar Iglesias present\u00f3 ante el Congreso de Hidalgo una iniciativa con proyecto de decreto para declarar el 7 de septiembre de cada a\u00f1o como D\u00eda del Jaguar en la entidad. La propuesta, respaldada de forma un\u00e1nime por todas las","og_url":"https:\/\/elcardinal.com\/?p=4835","og_site_name":"El Cardinal","article_publisher":"https:\/\/www.facebook.com\/profile.php?id=100063093107011","article_published_time":"2025-06-26T02:05:32+00:00","og_image":[{"width":2106,"height":1800,"url":"https:\/\/elcardinal.com\/wp-content\/uploads\/2025\/06\/Sesion-25.06.2025-Ordinaria-166.jpg","type":"image\/jpeg"}],"author":"Antonio Alcaraz","twitter_card":"summary_large_image","twitter_creator":"@ElCardinal_Mx","twitter_site":"@ElCardinal_Mx","twitter_misc":{"Escrito por":"Antonio Alcaraz","Tiempo de lectura":"2 minutos"},"schema":{"@context":"https:\/\/schema.org","@graph":[{"@type":"Article","@id":"https:\/\/elcardinal.com\/?p=4835#article","isPartOf":{"@id":"https:\/\/elcardinal.com\/?p=4835"},"author":{"name":"Antonio Alcaraz","@id":"https:\/\/elcardinal.com\/#\/schema\/person\/3c352ec0a33987fe275c0e8a2ea69f8b"},"headline":"Proponen declarar el 7 de septiembre como D\u00eda del Jaguar en Hidalgo","datePublished":"2025-06-26T02:05:32+00:00","mainEntityOfPage":{"@id":"https:\/\/elcardinal.com\/?p=4835"},"wordCount":367,"commentCount":0,"publisher":{"@id":"https:\/\/elcardinal.com\/#organization"},"image":{"@id":"https:\/\/elcardinal.com\/?p=4835#primaryimage"},"thumbnailUrl":"https:\/\/elcardinal.com\/wp-content\/uploads\/2025\/06\/Sesion-25.06.2025-Ordinaria-166.jpg","keywords":["Avelino Tovar","Congreso de Hidalgo","D\u00eda del Jaguar","Jaguar"],"articleSection":["Hidalgo","Minuto a Minuto","Pol\u00edtica"],"inLanguage":"es","potentialAction":[{"@type":"CommentAction","name":"Comment","target":["https:\/\/elcardinal.com\/?p=4835#respond"]}]},{"@type":"WebPage","@id":"https:\/\/elcardinal.com\/?p=4835","url":"https:\/\/elcardinal.com\/?p=4835","name":"Proponen declarar el 7 de septiembre como D\u00eda del Jaguar en Hidalgo - El Cardinal","isPartOf":{"@id":"https:\/\/elcardinal.com\/#website"},"primaryImageOfPage":{"@id":"https:\/\/elcardinal.com\/?p=4835#primaryimage"},"image":{"@id":"https:\/\/elcardinal.com\/?p=4835#primaryimage"},"thumbnailUrl":"https:\/\/elcardinal.com\/wp-content\/uploads\/2025\/06\/Sesion-25.06.2025-Ordinaria-166.jpg","datePublished":"2025-06-26T02:05:32+00:00","breadcrumb":{"@id":"https:\/\/elcardinal.com\/?p=4835#breadcrumb"},"inLanguage":"es","potentialAction":[{"@type":"ReadAction","target":["https:\/\/elcardinal.com\/?p=4835"]}]},{"@type":"ImageObject","inLanguage":"es","@id":"https:\/\/elcardinal.com\/?p=4835#primaryimage","url":"https:\/\/elcardinal.com\/wp-content\/uploads\/2025\/06\/Sesion-25.06.2025-Ordinaria-166.jpg","contentUrl":"https:\/\/elcardinal.com\/wp-content\/uploads\/2025\/06\/Sesion-25.06.2025-Ordinaria-166.jpg","width":2106,"height":1800,"caption":"????????????????"},{"@type":"BreadcrumbList","@id":"https:\/\/elcardinal.com\/?p=4835#breadcrumb","itemListElement":[{"@type":"ListItem","position":1,"name":"Inicio","item":"https:\/\/elcardinal.com\/"},{"@type":"ListItem","position":2,"name":"Proponen declarar el 7 de septiembre como D\u00eda del Jaguar en Hidalgo"}]},{"@type":"WebSite","@id":"https:\/\/elcardinal.com\/#website","url":"https:\/\/elcardinal.com\/","name":"El Cardinal","description":"Periodismo honesto, con valor, sentido humano, a veces sarc\u00e1stico y divertido.","publisher":{"@id":"https:\/\/elcardinal.com\/#organization"},"alternateName":"El Cardinal Noticias","potentialAction":[{"@type":"SearchAction","target":{"@type":"EntryPoint","urlTemplate":"https:\/\/elcardinal.com\/?s={search_term_string}"},"query-input":{"@type":"PropertyValueSpecification","valueRequired":true,"valueName":"search_term_string"}}],"inLanguage":"es"},{"@type":"Organization","@id":"https:\/\/elcardinal.com\/#organization","name":"El Cardinal","url":"https:\/\/elcardinal.com\/","logo":{"@type":"ImageObject","inLanguage":"es","@id":"https:\/\/elcardinal.com\/#\/schema\/logo\/image\/","url":"https:\/\/elcardinal.com\/wp-content\/uploads\/2025\/04\/LOGO-EL-CARDINAL-Periodismo-con-valor.png","contentUrl":"https:\/\/elcardinal.com\/wp-content\/uploads\/2025\/04\/LOGO-EL-CARDINAL-Periodismo-con-valor.png","width":755,"height":636,"caption":"El Cardinal"},"image":{"@id":"https:\/\/elcardinal.com\/#\/schema\/logo\/image\/"},"sameAs":["https:\/\/www.facebook.com\/profile.php?id=100063093107011","https:\/\/x.com\/ElCardinal_Mx"]},{"@type":"Person","@id":"https:\/\/elcardinal.com\/#\/schema\/person\/3c352ec0a33987fe275c0e8a2ea69f8b","name":"Antonio Alcaraz","image":{"@type":"ImageObject","inLanguage":"es","@id":"https:\/\/elcardinal.com\/#\/schema\/person\/image\/","url":"https:\/\/elcardinal.com\/wp-content\/uploads\/2025\/05\/cropped-TONO-96x96.jpg","contentUrl":"https:\/\/elcardinal.com\/wp-content\/uploads\/2025\/05\/cropped-TONO-96x96.jpg","caption":"Antonio Alcaraz"},"url":"https:\/\/elcardinal.com\/?author=2"}]}},"_links":{"self":[{"href":"https:\/\/elcardinal.com\/index.php?rest_route=\/wp\/v2\/posts\/4835","targetHints":{"allow":["GET"]}}],"collection":[{"href":"https:\/\/elcardinal.com\/index.php?rest_route=\/wp\/v2\/posts"}],"about":[{"href":"https:\/\/elcardinal.com\/index.php?rest_route=\/wp\/v2\/types\/post"}],"author":[{"embeddable":true,"href":"https:\/\/elcardinal.com\/index.php?rest_route=\/wp\/v2\/users\/2"}],"replies":[{"embeddable":true,"href":"https:\/\/elcardinal.com\/index.php?rest_route=%2Fwp%2Fv2%2Fcomments&post=4835"}],"version-history":[{"count":1,"href":"https:\/\/elcardinal.com\/index.php?rest_route=\/wp\/v2\/posts\/4835\/revisions"}],"predecessor-version":[{"id":4838,"href":"https:\/\/elcardinal.com\/index.php?rest_route=\/wp\/v2\/posts\/4835\/revisions\/4838"}],"wp:featuredmedia":[{"embeddable":true,"href":"https:\/\/elcardinal.com\/index.php?rest_route=\/wp\/v2\/media\/4836"}],"wp:attachment":[{"href":"https:\/\/elcardinal.com\/index.php?rest_route=%2Fwp%2Fv2%2Fmedia&parent=4835"}],"wp:term":[{"taxonomy":"category","embeddable":true,"href":"https:\/\/elcardinal.com\/index.php?rest_route=%2Fwp%2Fv2%2Fcategories&post=4835"},{"taxonomy":"post_tag","embeddable":true,"href":"https:\/\/elcardinal.com\/index.php?rest_route=%2Fwp%2Fv2%2Ftags&post=4835"}],"curies":[{"name":"wp","href":"https:\/\/api.w.org\/{rel}","templated":true}]}}