{"id":4840,"date":"2025-06-26T13:59:23","date_gmt":"2025-06-26T19:59:23","guid":{"rendered":"https:\/\/elcardinal.com\/?p=4840"},"modified":"2025-06-26T13:59:23","modified_gmt":"2025-06-26T19:59:23","slug":"no-lo-digo-yo-lo-dice-la-ley-advierte-alcalde-de-pachuca-sanciones-a-sindicalizados-que-falten-por-protestar","status":"publish","type":"post","link":"https:\/\/elcardinal.com\/?p=4840","title":{"rendered":"\u201cNo lo digo yo, lo dice la ley\u201d: advierte alcalde de Pachuca sanciones a sindicalizados que falten por protestar"},"content":{"rendered":"<p>Por: <strong>Jos\u00e9 Antonio Alcaraz Su\u00e1rez<\/strong><\/p>\n<p>PACHUCA, HGO.- Tras la detenci\u00f3n de Percy N., quien fung\u00eda como secretario general del <strong>Sindicato \u00danico de Trabajadores al Servicio del Municipio de Pachuca (SUTSMP)<\/strong>, el presidente municipal Jorge Alberto Reyes Hern\u00e1ndez afirm\u00f3 que el proceso judicial es ajeno al ayuntamiento y que la administraci\u00f3n seguir\u00e1 funcionando con normalidad.<\/p>\n<p>Sin embargo, lanz\u00f3 un mensaje directo a los trabajadores sindicalizados que han participado en manifestaciones. El edil dijo que, si bien los empleados tienen derecho a expresar su sentir, deben hacerlo fuera de su horario laboral, de lo contrario, ser\u00e1n acreedores a actas administrativas, tal como lo establece la ley.<\/p>\n<blockquote><p>&#8220;La persona que llegue a faltar, pues obviamente tendr\u00e1 su acta administrativa. Es un tema que no lo digo yo, est\u00e1 en la ley. Como en cualquier trabajo, si alguien no se presenta, hay consecuencias&#8221;, recalc\u00f3 Reyes Hern\u00e1ndez.<\/p><\/blockquote>\n<p><img fetchpriority=\"high\" decoding=\"async\" class=\"size-medium wp-image-4842 alignright\" src=\"https:\/\/elcardinal.com\/wp-content\/uploads\/2025\/06\/WhatsApp-Image-2025-06-26-at-1.56.45-PM-300x200.jpeg\" alt=\"\" width=\"300\" height=\"200\" srcset=\"https:\/\/elcardinal.com\/wp-content\/uploads\/2025\/06\/WhatsApp-Image-2025-06-26-at-1.56.45-PM-300x200.jpeg 300w, https:\/\/elcardinal.com\/wp-content\/uploads\/2025\/06\/WhatsApp-Image-2025-06-26-at-1.56.45-PM-1024x683.jpeg 1024w, https:\/\/elcardinal.com\/wp-content\/uploads\/2025\/06\/WhatsApp-Image-2025-06-26-at-1.56.45-PM-768x512.jpeg 768w, https:\/\/elcardinal.com\/wp-content\/uploads\/2025\/06\/WhatsApp-Image-2025-06-26-at-1.56.45-PM-1536x1024.jpeg 1536w, https:\/\/elcardinal.com\/wp-content\/uploads\/2025\/06\/WhatsApp-Image-2025-06-26-at-1.56.45-PM-150x100.jpeg 150w, https:\/\/elcardinal.com\/wp-content\/uploads\/2025\/06\/WhatsApp-Image-2025-06-26-at-1.56.45-PM-450x300.jpeg 450w, https:\/\/elcardinal.com\/wp-content\/uploads\/2025\/06\/WhatsApp-Image-2025-06-26-at-1.56.45-PM-1200x800.jpeg 1200w, https:\/\/elcardinal.com\/wp-content\/uploads\/2025\/06\/WhatsApp-Image-2025-06-26-at-1.56.45-PM.jpeg 1599w\" sizes=\"(max-width: 300px) 100vw, 300px\" \/>El alcalde capitalino reiter\u00f3 que la relaci\u00f3n entre el gobierno municipal y los trabajadores no se ver\u00e1 afectada por los procesos legales que enfrenta el l\u00edder sindical. No obstante, dej\u00f3 claro que el cumplimiento del horario laboral es una obligaci\u00f3n ineludible.<\/p>\n<p>En cuanto a la situaci\u00f3n legal de Percy N., el mandatario explic\u00f3 que la validez de su representaci\u00f3n sindical est\u00e1 en entredicho, ya que, seg\u00fan la <strong>Secretar\u00eda del Trabajo y Previsi\u00f3n Social<\/strong>, su toma de nota presenta irregularidades, por lo que legalmente no est\u00e1 reconocido como l\u00edder del sindicato.<\/p>\n<p>Reyes Hern\u00e1ndez tambi\u00e9n detall\u00f3 que no existen denuncias presentadas por el ayuntamiento contra Percy N., y que todas las carpetas de investigaci\u00f3n en su contra, incluida la de peculado, han sido promovidas directamente por la Procuradur\u00eda.<\/p>\n<p>&#8220;Es un tema que no deriva del ayuntamiento, est\u00e1 directamente en la Procuradur\u00eda. Nosotros seguimos trabajando con orden, respeto y sin afectar los derechos laborales&#8221;, concluy\u00f3.<\/p>\n<p>La administraci\u00f3n municipal exhort\u00f3 a los empleados a no dejarse llevar por la incertidumbre y a mantener el compromiso con la ciudadan\u00eda, respetando sus obligaciones laborales mientras se esclarecen los hechos por parte de las autoridades competentes.<\/p>\n","protected":false},"excerpt":{"rendered":"<p>Por: Jos\u00e9 Antonio Alcaraz Su\u00e1rez PACHUCA, HGO.- Tras la detenci\u00f3n de Percy N., quien fung\u00eda como secretario general del Sindicato \u00danico de Trabajadores al Servicio del Municipio de Pachuca (SUTSMP), el presidente municipal Jorge Alberto Reyes Hern\u00e1ndez afirm\u00f3 que el proceso judicial es ajeno al ayuntamiento y que la administraci\u00f3n seguir\u00e1 funcionando con normalidad. Sin<\/p>\n","protected":false},"author":2,"featured_media":4841,"comment_status":"open","ping_status":"open","sticky":false,"template":"","format":"standard","meta":{"footnotes":""},"categories":[31,32,44],"tags":[80,65,143,142],"class_list":{"0":"post-4840","1":"post","2":"type-post","3":"status-publish","4":"format-standard","5":"has-post-thumbnail","7":"category-hidalgo","8":"category-metropoli","9":"category-minuto-a-minuto","10":"tag-jorge-reyes","11":"tag-pachuca","12":"tag-percy-espinosa","13":"tag-sutsmp"},"yoast_head":"<!-- This site is optimized with the Yoast SEO plugin v26.1.1 - https:\/\/yoast.com\/wordpress\/plugins\/seo\/ -->\n<title>\u201cNo lo digo yo, lo dice la ley\u201d: advierte alcalde de Pachuca sanciones a sindicalizados que falten por protestar - El Cardinal<\/title>\n<meta name=\"robots\" content=\"index, follow, max-snippet:-1, max-image-preview:large, max-video-preview:-1\" \/>\n<link rel=\"canonical\" href=\"https:\/\/elcardinal.com\/?p=4840\" \/>\n<meta property=\"og:locale\" content=\"es_MX\" \/>\n<meta property=\"og:type\" content=\"article\" \/>\n<meta property=\"og:title\" content=\"\u201cNo lo digo yo, lo dice la ley\u201d: advierte alcalde de Pachuca sanciones a sindicalizados que falten por protestar - El Cardinal\" \/>\n<meta property=\"og:description\" content=\"Por: Jos\u00e9 Antonio Alcaraz Su\u00e1rez PACHUCA, HGO.- Tras la detenci\u00f3n de Percy N., quien fung\u00eda como secretario general del Sindicato \u00danico de Trabajadores al Servicio del Municipio de Pachuca (SUTSMP), el presidente municipal Jorge Alberto Reyes Hern\u00e1ndez afirm\u00f3 que el proceso judicial es ajeno al ayuntamiento y que la administraci\u00f3n seguir\u00e1 funcionando con normalidad. Sin\" \/>\n<meta property=\"og:url\" content=\"https:\/\/elcardinal.com\/?p=4840\" \/>\n<meta property=\"og:site_name\" content=\"El Cardinal\" \/>\n<meta property=\"article:publisher\" content=\"https:\/\/www.facebook.com\/profile.php?id=100063093107011\" \/>\n<meta property=\"article:published_time\" content=\"2025-06-26T19:59:23+00:00\" \/>\n<meta property=\"og:image\" content=\"https:\/\/elcardinal.com\/wp-content\/uploads\/2025\/06\/WhatsApp-Image-2025-06-26-at-1.55.13-PM.jpeg\" \/>\n\t<meta property=\"og:image:width\" content=\"1599\" \/>\n\t<meta property=\"og:image:height\" content=\"1066\" \/>\n\t<meta property=\"og:image:type\" content=\"image\/jpeg\" \/>\n<meta name=\"author\" content=\"Antonio Alcaraz\" \/>\n<meta name=\"twitter:card\" content=\"summary_large_image\" \/>\n<meta name=\"twitter:creator\" content=\"@ElCardinal_Mx\" \/>\n<meta name=\"twitter:site\" content=\"@ElCardinal_Mx\" \/>\n<meta name=\"twitter:label1\" content=\"Escrito por\" \/>\n\t<meta name=\"twitter:data1\" content=\"Antonio Alcaraz\" \/>\n\t<meta name=\"twitter:label2\" content=\"Tiempo de lectura\" \/>\n\t<meta name=\"twitter:data2\" content=\"2 minutos\" \/>\n<script type=\"application\/ld+json\" class=\"yoast-schema-graph\">{\"@context\":\"https:\/\/schema.org\",\"@graph\":[{\"@type\":\"Article\",\"@id\":\"https:\/\/elcardinal.com\/?p=4840#article\",\"isPartOf\":{\"@id\":\"https:\/\/elcardinal.com\/?p=4840\"},\"author\":{\"name\":\"Antonio Alcaraz\",\"@id\":\"https:\/\/elcardinal.com\/#\/schema\/person\/3c352ec0a33987fe275c0e8a2ea69f8b\"},\"headline\":\"\u201cNo lo digo yo, lo dice la ley\u201d: advierte alcalde de Pachuca sanciones a sindicalizados que falten por protestar\",\"datePublished\":\"2025-06-26T19:59:23+00:00\",\"mainEntityOfPage\":{\"@id\":\"https:\/\/elcardinal.com\/?p=4840\"},\"wordCount\":374,\"commentCount\":0,\"publisher\":{\"@id\":\"https:\/\/elcardinal.com\/#organization\"},\"image\":{\"@id\":\"https:\/\/elcardinal.com\/?p=4840#primaryimage\"},\"thumbnailUrl\":\"https:\/\/elcardinal.com\/wp-content\/uploads\/2025\/06\/WhatsApp-Image-2025-06-26-at-1.55.13-PM.jpeg\",\"keywords\":[\"Jorge Reyes\",\"Pachuca\",\"Percy Espinosa\",\"SUTSMP\"],\"articleSection\":[\"Hidalgo\",\"Metr\u00f3poli\",\"Minuto a Minuto\"],\"inLanguage\":\"es\",\"potentialAction\":[{\"@type\":\"CommentAction\",\"name\":\"Comment\",\"target\":[\"https:\/\/elcardinal.com\/?p=4840#respond\"]}]},{\"@type\":\"WebPage\",\"@id\":\"https:\/\/elcardinal.com\/?p=4840\",\"url\":\"https:\/\/elcardinal.com\/?p=4840\",\"name\":\"\u201cNo lo digo yo, lo dice la ley\u201d: advierte alcalde de Pachuca sanciones a sindicalizados que falten por protestar - El Cardinal\",\"isPartOf\":{\"@id\":\"https:\/\/elcardinal.com\/#website\"},\"primaryImageOfPage\":{\"@id\":\"https:\/\/elcardinal.com\/?p=4840#primaryimage\"},\"image\":{\"@id\":\"https:\/\/elcardinal.com\/?p=4840#primaryimage\"},\"thumbnailUrl\":\"https:\/\/elcardinal.com\/wp-content\/uploads\/2025\/06\/WhatsApp-Image-2025-06-26-at-1.55.13-PM.jpeg\",\"datePublished\":\"2025-06-26T19:59:23+00:00\",\"breadcrumb\":{\"@id\":\"https:\/\/elcardinal.com\/?p=4840#breadcrumb\"},\"inLanguage\":\"es\",\"potentialAction\":[{\"@type\":\"ReadAction\",\"target\":[\"https:\/\/elcardinal.com\/?p=4840\"]}]},{\"@type\":\"ImageObject\",\"inLanguage\":\"es\",\"@id\":\"https:\/\/elcardinal.com\/?p=4840#primaryimage\",\"url\":\"https:\/\/elcardinal.com\/wp-content\/uploads\/2025\/06\/WhatsApp-Image-2025-06-26-at-1.55.13-PM.jpeg\",\"contentUrl\":\"https:\/\/elcardinal.com\/wp-content\/uploads\/2025\/06\/WhatsApp-Image-2025-06-26-at-1.55.13-PM.jpeg\",\"width\":1599,\"height\":1066},{\"@type\":\"BreadcrumbList\",\"@id\":\"https:\/\/elcardinal.com\/?p=4840#breadcrumb\",\"itemListElement\":[{\"@type\":\"ListItem\",\"position\":1,\"name\":\"Inicio\",\"item\":\"https:\/\/elcardinal.com\/\"},{\"@type\":\"ListItem\",\"position\":2,\"name\":\"\u201cNo lo digo yo, lo dice la ley\u201d: advierte alcalde de Pachuca sanciones a sindicalizados que falten por protestar\"}]},{\"@type\":\"WebSite\",\"@id\":\"https:\/\/elcardinal.com\/#website\",\"url\":\"https:\/\/elcardinal.com\/\",\"name\":\"El Cardinal\",\"description\":\"Periodismo honesto, con valor, sentido humano, a veces sarc\u00e1stico y divertido.\",\"publisher\":{\"@id\":\"https:\/\/elcardinal.com\/#organization\"},\"alternateName\":\"El Cardinal Noticias\",\"potentialAction\":[{\"@type\":\"SearchAction\",\"target\":{\"@type\":\"EntryPoint\",\"urlTemplate\":\"https:\/\/elcardinal.com\/?s={search_term_string}\"},\"query-input\":{\"@type\":\"PropertyValueSpecification\",\"valueRequired\":true,\"valueName\":\"search_term_string\"}}],\"inLanguage\":\"es\"},{\"@type\":\"Organization\",\"@id\":\"https:\/\/elcardinal.com\/#organization\",\"name\":\"El Cardinal\",\"url\":\"https:\/\/elcardinal.com\/\",\"logo\":{\"@type\":\"ImageObject\",\"inLanguage\":\"es\",\"@id\":\"https:\/\/elcardinal.com\/#\/schema\/logo\/image\/\",\"url\":\"https:\/\/elcardinal.com\/wp-content\/uploads\/2025\/04\/LOGO-EL-CARDINAL-Periodismo-con-valor.png\",\"contentUrl\":\"https:\/\/elcardinal.com\/wp-content\/uploads\/2025\/04\/LOGO-EL-CARDINAL-Periodismo-con-valor.png\",\"width\":755,\"height\":636,\"caption\":\"El Cardinal\"},\"image\":{\"@id\":\"https:\/\/elcardinal.com\/#\/schema\/logo\/image\/\"},\"sameAs\":[\"https:\/\/www.facebook.com\/profile.php?id=100063093107011\",\"https:\/\/x.com\/ElCardinal_Mx\"]},{\"@type\":\"Person\",\"@id\":\"https:\/\/elcardinal.com\/#\/schema\/person\/3c352ec0a33987fe275c0e8a2ea69f8b\",\"name\":\"Antonio Alcaraz\",\"image\":{\"@type\":\"ImageObject\",\"inLanguage\":\"es\",\"@id\":\"https:\/\/elcardinal.com\/#\/schema\/person\/image\/\",\"url\":\"https:\/\/elcardinal.com\/wp-content\/uploads\/2025\/05\/cropped-TONO-96x96.jpg\",\"contentUrl\":\"https:\/\/elcardinal.com\/wp-content\/uploads\/2025\/05\/cropped-TONO-96x96.jpg\",\"caption\":\"Antonio Alcaraz\"},\"url\":\"https:\/\/elcardinal.com\/?author=2\"}]}<\/script>\n<!-- \/ Yoast SEO plugin. -->","yoast_head_json":{"title":"\u201cNo lo digo yo, lo dice la ley\u201d: advierte alcalde de Pachuca sanciones a sindicalizados que falten por protestar - El Cardinal","robots":{"index":"index","follow":"follow","max-snippet":"max-snippet:-1","max-image-preview":"max-image-preview:large","max-video-preview":"max-video-preview:-1"},"canonical":"https:\/\/elcardinal.com\/?p=4840","og_locale":"es_MX","og_type":"article","og_title":"\u201cNo lo digo yo, lo dice la ley\u201d: advierte alcalde de Pachuca sanciones a sindicalizados que falten por protestar - El Cardinal","og_description":"Por: Jos\u00e9 Antonio Alcaraz Su\u00e1rez PACHUCA, HGO.- Tras la detenci\u00f3n de Percy N., quien fung\u00eda como secretario general del Sindicato \u00danico de Trabajadores al Servicio del Municipio de Pachuca (SUTSMP), el presidente municipal Jorge Alberto Reyes Hern\u00e1ndez afirm\u00f3 que el proceso judicial es ajeno al ayuntamiento y que la administraci\u00f3n seguir\u00e1 funcionando con normalidad. Sin","og_url":"https:\/\/elcardinal.com\/?p=4840","og_site_name":"El Cardinal","article_publisher":"https:\/\/www.facebook.com\/profile.php?id=100063093107011","article_published_time":"2025-06-26T19:59:23+00:00","og_image":[{"width":1599,"height":1066,"url":"https:\/\/elcardinal.com\/wp-content\/uploads\/2025\/06\/WhatsApp-Image-2025-06-26-at-1.55.13-PM.jpeg","type":"image\/jpeg"}],"author":"Antonio Alcaraz","twitter_card":"summary_large_image","twitter_creator":"@ElCardinal_Mx","twitter_site":"@ElCardinal_Mx","twitter_misc":{"Escrito por":"Antonio Alcaraz","Tiempo de lectura":"2 minutos"},"schema":{"@context":"https:\/\/schema.org","@graph":[{"@type":"Article","@id":"https:\/\/elcardinal.com\/?p=4840#article","isPartOf":{"@id":"https:\/\/elcardinal.com\/?p=4840"},"author":{"name":"Antonio Alcaraz","@id":"https:\/\/elcardinal.com\/#\/schema\/person\/3c352ec0a33987fe275c0e8a2ea69f8b"},"headline":"\u201cNo lo digo yo, lo dice la ley\u201d: advierte alcalde de Pachuca sanciones a sindicalizados que falten por protestar","datePublished":"2025-06-26T19:59:23+00:00","mainEntityOfPage":{"@id":"https:\/\/elcardinal.com\/?p=4840"},"wordCount":374,"commentCount":0,"publisher":{"@id":"https:\/\/elcardinal.com\/#organization"},"image":{"@id":"https:\/\/elcardinal.com\/?p=4840#primaryimage"},"thumbnailUrl":"https:\/\/elcardinal.com\/wp-content\/uploads\/2025\/06\/WhatsApp-Image-2025-06-26-at-1.55.13-PM.jpeg","keywords":["Jorge Reyes","Pachuca","Percy Espinosa","SUTSMP"],"articleSection":["Hidalgo","Metr\u00f3poli","Minuto a Minuto"],"inLanguage":"es","potentialAction":[{"@type":"CommentAction","name":"Comment","target":["https:\/\/elcardinal.com\/?p=4840#respond"]}]},{"@type":"WebPage","@id":"https:\/\/elcardinal.com\/?p=4840","url":"https:\/\/elcardinal.com\/?p=4840","name":"\u201cNo lo digo yo, lo dice la ley\u201d: advierte alcalde de Pachuca sanciones a sindicalizados que falten por protestar - El Cardinal","isPartOf":{"@id":"https:\/\/elcardinal.com\/#website"},"primaryImageOfPage":{"@id":"https:\/\/elcardinal.com\/?p=4840#primaryimage"},"image":{"@id":"https:\/\/elcardinal.com\/?p=4840#primaryimage"},"thumbnailUrl":"https:\/\/elcardinal.com\/wp-content\/uploads\/2025\/06\/WhatsApp-Image-2025-06-26-at-1.55.13-PM.jpeg","datePublished":"2025-06-26T19:59:23+00:00","breadcrumb":{"@id":"https:\/\/elcardinal.com\/?p=4840#breadcrumb"},"inLanguage":"es","potentialAction":[{"@type":"ReadAction","target":["https:\/\/elcardinal.com\/?p=4840"]}]},{"@type":"ImageObject","inLanguage":"es","@id":"https:\/\/elcardinal.com\/?p=4840#primaryimage","url":"https:\/\/elcardinal.com\/wp-content\/uploads\/2025\/06\/WhatsApp-Image-2025-06-26-at-1.55.13-PM.jpeg","contentUrl":"https:\/\/elcardinal.com\/wp-content\/uploads\/2025\/06\/WhatsApp-Image-2025-06-26-at-1.55.13-PM.jpeg","width":1599,"height":1066},{"@type":"BreadcrumbList","@id":"https:\/\/elcardinal.com\/?p=4840#breadcrumb","itemListElement":[{"@type":"ListItem","position":1,"name":"Inicio","item":"https:\/\/elcardinal.com\/"},{"@type":"ListItem","position":2,"name":"\u201cNo lo digo yo, lo dice la ley\u201d: advierte alcalde de Pachuca sanciones a sindicalizados que falten por protestar"}]},{"@type":"WebSite","@id":"https:\/\/elcardinal.com\/#website","url":"https:\/\/elcardinal.com\/","name":"El Cardinal","description":"Periodismo honesto, con valor, sentido humano, a veces sarc\u00e1stico y divertido.","publisher":{"@id":"https:\/\/elcardinal.com\/#organization"},"alternateName":"El Cardinal Noticias","potentialAction":[{"@type":"SearchAction","target":{"@type":"EntryPoint","urlTemplate":"https:\/\/elcardinal.com\/?s={search_term_string}"},"query-input":{"@type":"PropertyValueSpecification","valueRequired":true,"valueName":"search_term_string"}}],"inLanguage":"es"},{"@type":"Organization","@id":"https:\/\/elcardinal.com\/#organization","name":"El Cardinal","url":"https:\/\/elcardinal.com\/","logo":{"@type":"ImageObject","inLanguage":"es","@id":"https:\/\/elcardinal.com\/#\/schema\/logo\/image\/","url":"https:\/\/elcardinal.com\/wp-content\/uploads\/2025\/04\/LOGO-EL-CARDINAL-Periodismo-con-valor.png","contentUrl":"https:\/\/elcardinal.com\/wp-content\/uploads\/2025\/04\/LOGO-EL-CARDINAL-Periodismo-con-valor.png","width":755,"height":636,"caption":"El Cardinal"},"image":{"@id":"https:\/\/elcardinal.com\/#\/schema\/logo\/image\/"},"sameAs":["https:\/\/www.facebook.com\/profile.php?id=100063093107011","https:\/\/x.com\/ElCardinal_Mx"]},{"@type":"Person","@id":"https:\/\/elcardinal.com\/#\/schema\/person\/3c352ec0a33987fe275c0e8a2ea69f8b","name":"Antonio Alcaraz","image":{"@type":"ImageObject","inLanguage":"es","@id":"https:\/\/elcardinal.com\/#\/schema\/person\/image\/","url":"https:\/\/elcardinal.com\/wp-content\/uploads\/2025\/05\/cropped-TONO-96x96.jpg","contentUrl":"https:\/\/elcardinal.com\/wp-content\/uploads\/2025\/05\/cropped-TONO-96x96.jpg","caption":"Antonio Alcaraz"},"url":"https:\/\/elcardinal.com\/?author=2"}]}},"_links":{"self":[{"href":"https:\/\/elcardinal.com\/index.php?rest_route=\/wp\/v2\/posts\/4840","targetHints":{"allow":["GET"]}}],"collection":[{"href":"https:\/\/elcardinal.com\/index.php?rest_route=\/wp\/v2\/posts"}],"about":[{"href":"https:\/\/elcardinal.com\/index.php?rest_route=\/wp\/v2\/types\/post"}],"author":[{"embeddable":true,"href":"https:\/\/elcardinal.com\/index.php?rest_route=\/wp\/v2\/users\/2"}],"replies":[{"embeddable":true,"href":"https:\/\/elcardinal.com\/index.php?rest_route=%2Fwp%2Fv2%2Fcomments&post=4840"}],"version-history":[{"count":1,"href":"https:\/\/elcardinal.com\/index.php?rest_route=\/wp\/v2\/posts\/4840\/revisions"}],"predecessor-version":[{"id":4843,"href":"https:\/\/elcardinal.com\/index.php?rest_route=\/wp\/v2\/posts\/4840\/revisions\/4843"}],"wp:featuredmedia":[{"embeddable":true,"href":"https:\/\/elcardinal.com\/index.php?rest_route=\/wp\/v2\/media\/4841"}],"wp:attachment":[{"href":"https:\/\/elcardinal.com\/index.php?rest_route=%2Fwp%2Fv2%2Fmedia&parent=4840"}],"wp:term":[{"taxonomy":"category","embeddable":true,"href":"https:\/\/elcardinal.com\/index.php?rest_route=%2Fwp%2Fv2%2Fcategories&post=4840"},{"taxonomy":"post_tag","embeddable":true,"href":"https:\/\/elcardinal.com\/index.php?rest_route=%2Fwp%2Fv2%2Ftags&post=4840"}],"curies":[{"name":"wp","href":"https:\/\/api.w.org\/{rel}","templated":true}]}}