{"id":4854,"date":"2025-06-30T17:56:49","date_gmt":"2025-06-30T23:56:49","guid":{"rendered":"https:\/\/elcardinal.com\/?p=4854"},"modified":"2025-06-30T17:56:49","modified_gmt":"2025-06-30T23:56:49","slug":"no-hay-persecucion-politica-contra-percy-n-gobernador-responde-a-sindicalizados-de-pachuca","status":"publish","type":"post","link":"https:\/\/elcardinal.com\/?p=4854","title":{"rendered":"\u201cNo hay persecuci\u00f3n pol\u00edtica contra Percy N\u201d: gobernador responde a sindicalizados de Pachuca\u00a0"},"content":{"rendered":"<p><strong>Por: Jos\u00e9 Antonio Alcaraz Su\u00e1rez <\/strong><\/p>\n<p data-start=\"112\" data-end=\"489\">PACHUCA, Hgo.\u2014 Ante se\u00f1alamientos por parte de trabajadores sindicalizados del municipio de Pachuca, el gobernador Julio Menchaca Salazar neg\u00f3 tajantemente que exista persecuci\u00f3n pol\u00edtica contra <strong>Percy N<\/strong>, secretario general del <strong>Sindicato \u00danico de Trabajadores al Servicio del Municipio de Pachuca (SUTSMP)<\/strong>, quien fue detenido recientemente por una denuncia de car\u00e1cter personal.<\/p>\n<blockquote>\n<p data-start=\"491\" data-end=\"789\">\u201cYo parto de la presunci\u00f3n de inocencia, como gobernador y como abogado. La informaci\u00f3n que tengo es que se trata de una situaci\u00f3n de car\u00e1cter personal. Est\u00e1n las instancias correspondientes para dirimir el caso y realizar una investigaci\u00f3n fidedigna\u201d, expres\u00f3 el Julio Menchaca en entrevista con medios de comunicaci\u00f3n.<\/p>\n<\/blockquote>\n<p data-start=\"791\" data-end=\"1124\">El mandatario estatal se\u00f1al\u00f3 que el gobierno no tiene injerencia en el proceso legal y que la actuaci\u00f3n corresponde al<strong> sistema de justicia<\/strong> tras una denuncia presentada por una ciudadana. \u201cDe mi parte no hay persecuci\u00f3n. No s\u00e9 qui\u00e9n lo persigue. A Percy lo persigue la justicia por una denuncia, no por motivos pol\u00edticos\u201d, puntualiz\u00f3.<\/p>\n<blockquote>\n<p data-start=\"1126\" data-end=\"1428\">Sobre la percepci\u00f3n de una posible represalia institucional tras la negativa de toma de nota al l\u00edder sindical, el gobernador respondi\u00f3: <strong>\u201cEso deber\u00edan pregunt\u00e1rselo a \u00e9l. Yo conozco a Percy desde hace muchos a\u00f1os, incluso conoc\u00ed a su pap\u00e1. No tengo ning\u00fan inter\u00e9s personal ni institucional en el tema\u201d.<\/strong><\/p>\n<\/blockquote>\n<p data-start=\"1430\" data-end=\"1688\">Julio Menchaca tambi\u00e9n aprovech\u00f3 para subrayar los avances laborales durante su administraci\u00f3n, como la garant\u00eda de que ning\u00fan trabajador del Poder Ejecutivo gane menos del salario m\u00ednimo, y exhort\u00f3 a los sindicalizados a corresponder con compromiso laboral.<\/p>\n<p data-start=\"1690\" data-end=\"1898\">\u201cEl hecho de ser sindicalizado no es una protecci\u00f3n para no trabajar. Todos debemos cumplir con nuestras funciones dentro del horario laboral. En caso contrario, pueden generarse responsabilidades\u201d, advirti\u00f3.<\/p>\n<p data-start=\"1900\" data-end=\"2113\" data-is-last-node=\"\" data-is-only-node=\"\">El gobernador reiter\u00f3 su disposici\u00f3n de mantener el di\u00e1logo institucional y fortalecer la dignidad laboral, pero deslind\u00f3 totalmente al gobierno estatal de cualquier acci\u00f3n contra Percy N fuera del marco judicial.<\/p>\n<p>&nbsp;<\/p>\n","protected":false},"excerpt":{"rendered":"<p>Por: Jos\u00e9 Antonio Alcaraz Su\u00e1rez PACHUCA, Hgo.\u2014 Ante se\u00f1alamientos por parte de trabajadores sindicalizados del municipio de Pachuca, el gobernador Julio Menchaca Salazar neg\u00f3 tajantemente que exista persecuci\u00f3n pol\u00edtica contra Percy N, secretario general del Sindicato \u00danico de Trabajadores al Servicio del Municipio de Pachuca (SUTSMP), quien fue detenido recientemente por una denuncia de car\u00e1cter<\/p>\n","protected":false},"author":2,"featured_media":4855,"comment_status":"open","ping_status":"open","sticky":false,"template":"","format":"standard","meta":{"footnotes":""},"categories":[1],"tags":[],"class_list":{"0":"post-4854","1":"post","2":"type-post","3":"status-publish","4":"format-standard","5":"has-post-thumbnail","7":"category-uncategorized"},"yoast_head":"<!-- This site is optimized with the Yoast SEO plugin v26.1.1 - https:\/\/yoast.com\/wordpress\/plugins\/seo\/ -->\n<title>\u201cNo hay persecuci\u00f3n pol\u00edtica contra Percy N\u201d: gobernador responde a sindicalizados de Pachuca\u00a0 - El Cardinal<\/title>\n<meta name=\"robots\" content=\"index, follow, max-snippet:-1, max-image-preview:large, max-video-preview:-1\" \/>\n<link rel=\"canonical\" href=\"https:\/\/elcardinal.com\/?p=4854\" \/>\n<meta property=\"og:locale\" content=\"es_MX\" \/>\n<meta property=\"og:type\" content=\"article\" \/>\n<meta property=\"og:title\" content=\"\u201cNo hay persecuci\u00f3n pol\u00edtica contra Percy N\u201d: gobernador responde a sindicalizados de Pachuca\u00a0 - El Cardinal\" \/>\n<meta property=\"og:description\" content=\"Por: Jos\u00e9 Antonio Alcaraz Su\u00e1rez PACHUCA, Hgo.\u2014 Ante se\u00f1alamientos por parte de trabajadores sindicalizados del municipio de Pachuca, el gobernador Julio Menchaca Salazar neg\u00f3 tajantemente que exista persecuci\u00f3n pol\u00edtica contra Percy N, secretario general del Sindicato \u00danico de Trabajadores al Servicio del Municipio de Pachuca (SUTSMP), quien fue detenido recientemente por una denuncia de car\u00e1cter\" \/>\n<meta property=\"og:url\" content=\"https:\/\/elcardinal.com\/?p=4854\" \/>\n<meta property=\"og:site_name\" content=\"El Cardinal\" \/>\n<meta property=\"article:publisher\" content=\"https:\/\/www.facebook.com\/profile.php?id=100063093107011\" \/>\n<meta property=\"article:published_time\" content=\"2025-06-30T23:56:49+00:00\" \/>\n<meta property=\"og:image\" content=\"https:\/\/elcardinal.com\/wp-content\/uploads\/2025\/06\/WhatsApp-Image-2025-06-30-at-5.55.18-PM.jpeg\" \/>\n\t<meta property=\"og:image:width\" content=\"1600\" \/>\n\t<meta property=\"og:image:height\" content=\"1066\" \/>\n\t<meta property=\"og:image:type\" content=\"image\/jpeg\" \/>\n<meta name=\"author\" content=\"Antonio Alcaraz\" \/>\n<meta name=\"twitter:card\" content=\"summary_large_image\" \/>\n<meta name=\"twitter:creator\" content=\"@ElCardinal_Mx\" \/>\n<meta name=\"twitter:site\" content=\"@ElCardinal_Mx\" \/>\n<meta name=\"twitter:label1\" content=\"Escrito por\" \/>\n\t<meta name=\"twitter:data1\" content=\"Antonio Alcaraz\" \/>\n\t<meta name=\"twitter:label2\" content=\"Tiempo de lectura\" \/>\n\t<meta name=\"twitter:data2\" content=\"2 minutos\" \/>\n<script type=\"application\/ld+json\" class=\"yoast-schema-graph\">{\"@context\":\"https:\/\/schema.org\",\"@graph\":[{\"@type\":\"Article\",\"@id\":\"https:\/\/elcardinal.com\/?p=4854#article\",\"isPartOf\":{\"@id\":\"https:\/\/elcardinal.com\/?p=4854\"},\"author\":{\"name\":\"Antonio Alcaraz\",\"@id\":\"https:\/\/elcardinal.com\/#\/schema\/person\/3c352ec0a33987fe275c0e8a2ea69f8b\"},\"headline\":\"\u201cNo hay persecuci\u00f3n pol\u00edtica contra Percy N\u201d: gobernador responde a sindicalizados de Pachuca\u00a0\",\"datePublished\":\"2025-06-30T23:56:49+00:00\",\"mainEntityOfPage\":{\"@id\":\"https:\/\/elcardinal.com\/?p=4854\"},\"wordCount\":355,\"commentCount\":0,\"publisher\":{\"@id\":\"https:\/\/elcardinal.com\/#organization\"},\"image\":{\"@id\":\"https:\/\/elcardinal.com\/?p=4854#primaryimage\"},\"thumbnailUrl\":\"https:\/\/elcardinal.com\/wp-content\/uploads\/2025\/06\/WhatsApp-Image-2025-06-30-at-5.55.18-PM.jpeg\",\"articleSection\":[\"Uncategorized\"],\"inLanguage\":\"es\",\"potentialAction\":[{\"@type\":\"CommentAction\",\"name\":\"Comment\",\"target\":[\"https:\/\/elcardinal.com\/?p=4854#respond\"]}]},{\"@type\":\"WebPage\",\"@id\":\"https:\/\/elcardinal.com\/?p=4854\",\"url\":\"https:\/\/elcardinal.com\/?p=4854\",\"name\":\"\u201cNo hay persecuci\u00f3n pol\u00edtica contra Percy N\u201d: gobernador responde a sindicalizados de Pachuca\u00a0 - El Cardinal\",\"isPartOf\":{\"@id\":\"https:\/\/elcardinal.com\/#website\"},\"primaryImageOfPage\":{\"@id\":\"https:\/\/elcardinal.com\/?p=4854#primaryimage\"},\"image\":{\"@id\":\"https:\/\/elcardinal.com\/?p=4854#primaryimage\"},\"thumbnailUrl\":\"https:\/\/elcardinal.com\/wp-content\/uploads\/2025\/06\/WhatsApp-Image-2025-06-30-at-5.55.18-PM.jpeg\",\"datePublished\":\"2025-06-30T23:56:49+00:00\",\"breadcrumb\":{\"@id\":\"https:\/\/elcardinal.com\/?p=4854#breadcrumb\"},\"inLanguage\":\"es\",\"potentialAction\":[{\"@type\":\"ReadAction\",\"target\":[\"https:\/\/elcardinal.com\/?p=4854\"]}]},{\"@type\":\"ImageObject\",\"inLanguage\":\"es\",\"@id\":\"https:\/\/elcardinal.com\/?p=4854#primaryimage\",\"url\":\"https:\/\/elcardinal.com\/wp-content\/uploads\/2025\/06\/WhatsApp-Image-2025-06-30-at-5.55.18-PM.jpeg\",\"contentUrl\":\"https:\/\/elcardinal.com\/wp-content\/uploads\/2025\/06\/WhatsApp-Image-2025-06-30-at-5.55.18-PM.jpeg\",\"width\":1600,\"height\":1066},{\"@type\":\"BreadcrumbList\",\"@id\":\"https:\/\/elcardinal.com\/?p=4854#breadcrumb\",\"itemListElement\":[{\"@type\":\"ListItem\",\"position\":1,\"name\":\"Inicio\",\"item\":\"https:\/\/elcardinal.com\/\"},{\"@type\":\"ListItem\",\"position\":2,\"name\":\"\u201cNo hay persecuci\u00f3n pol\u00edtica contra Percy N\u201d: gobernador responde a sindicalizados de Pachuca\u00a0\"}]},{\"@type\":\"WebSite\",\"@id\":\"https:\/\/elcardinal.com\/#website\",\"url\":\"https:\/\/elcardinal.com\/\",\"name\":\"El Cardinal\",\"description\":\"Periodismo honesto, con valor, sentido humano, a veces sarc\u00e1stico y divertido.\",\"publisher\":{\"@id\":\"https:\/\/elcardinal.com\/#organization\"},\"alternateName\":\"El Cardinal Noticias\",\"potentialAction\":[{\"@type\":\"SearchAction\",\"target\":{\"@type\":\"EntryPoint\",\"urlTemplate\":\"https:\/\/elcardinal.com\/?s={search_term_string}\"},\"query-input\":{\"@type\":\"PropertyValueSpecification\",\"valueRequired\":true,\"valueName\":\"search_term_string\"}}],\"inLanguage\":\"es\"},{\"@type\":\"Organization\",\"@id\":\"https:\/\/elcardinal.com\/#organization\",\"name\":\"El Cardinal\",\"url\":\"https:\/\/elcardinal.com\/\",\"logo\":{\"@type\":\"ImageObject\",\"inLanguage\":\"es\",\"@id\":\"https:\/\/elcardinal.com\/#\/schema\/logo\/image\/\",\"url\":\"https:\/\/elcardinal.com\/wp-content\/uploads\/2025\/04\/LOGO-EL-CARDINAL-Periodismo-con-valor.png\",\"contentUrl\":\"https:\/\/elcardinal.com\/wp-content\/uploads\/2025\/04\/LOGO-EL-CARDINAL-Periodismo-con-valor.png\",\"width\":755,\"height\":636,\"caption\":\"El Cardinal\"},\"image\":{\"@id\":\"https:\/\/elcardinal.com\/#\/schema\/logo\/image\/\"},\"sameAs\":[\"https:\/\/www.facebook.com\/profile.php?id=100063093107011\",\"https:\/\/x.com\/ElCardinal_Mx\"]},{\"@type\":\"Person\",\"@id\":\"https:\/\/elcardinal.com\/#\/schema\/person\/3c352ec0a33987fe275c0e8a2ea69f8b\",\"name\":\"Antonio Alcaraz\",\"image\":{\"@type\":\"ImageObject\",\"inLanguage\":\"es\",\"@id\":\"https:\/\/elcardinal.com\/#\/schema\/person\/image\/\",\"url\":\"https:\/\/elcardinal.com\/wp-content\/uploads\/2025\/05\/cropped-TONO-96x96.jpg\",\"contentUrl\":\"https:\/\/elcardinal.com\/wp-content\/uploads\/2025\/05\/cropped-TONO-96x96.jpg\",\"caption\":\"Antonio Alcaraz\"},\"url\":\"https:\/\/elcardinal.com\/?author=2\"}]}<\/script>\n<!-- \/ Yoast SEO plugin. -->","yoast_head_json":{"title":"\u201cNo hay persecuci\u00f3n pol\u00edtica contra Percy N\u201d: gobernador responde a sindicalizados de Pachuca\u00a0 - El Cardinal","robots":{"index":"index","follow":"follow","max-snippet":"max-snippet:-1","max-image-preview":"max-image-preview:large","max-video-preview":"max-video-preview:-1"},"canonical":"https:\/\/elcardinal.com\/?p=4854","og_locale":"es_MX","og_type":"article","og_title":"\u201cNo hay persecuci\u00f3n pol\u00edtica contra Percy N\u201d: gobernador responde a sindicalizados de Pachuca\u00a0 - El Cardinal","og_description":"Por: Jos\u00e9 Antonio Alcaraz Su\u00e1rez PACHUCA, Hgo.\u2014 Ante se\u00f1alamientos por parte de trabajadores sindicalizados del municipio de Pachuca, el gobernador Julio Menchaca Salazar neg\u00f3 tajantemente que exista persecuci\u00f3n pol\u00edtica contra Percy N, secretario general del Sindicato \u00danico de Trabajadores al Servicio del Municipio de Pachuca (SUTSMP), quien fue detenido recientemente por una denuncia de car\u00e1cter","og_url":"https:\/\/elcardinal.com\/?p=4854","og_site_name":"El Cardinal","article_publisher":"https:\/\/www.facebook.com\/profile.php?id=100063093107011","article_published_time":"2025-06-30T23:56:49+00:00","og_image":[{"width":1600,"height":1066,"url":"https:\/\/elcardinal.com\/wp-content\/uploads\/2025\/06\/WhatsApp-Image-2025-06-30-at-5.55.18-PM.jpeg","type":"image\/jpeg"}],"author":"Antonio Alcaraz","twitter_card":"summary_large_image","twitter_creator":"@ElCardinal_Mx","twitter_site":"@ElCardinal_Mx","twitter_misc":{"Escrito por":"Antonio Alcaraz","Tiempo de lectura":"2 minutos"},"schema":{"@context":"https:\/\/schema.org","@graph":[{"@type":"Article","@id":"https:\/\/elcardinal.com\/?p=4854#article","isPartOf":{"@id":"https:\/\/elcardinal.com\/?p=4854"},"author":{"name":"Antonio Alcaraz","@id":"https:\/\/elcardinal.com\/#\/schema\/person\/3c352ec0a33987fe275c0e8a2ea69f8b"},"headline":"\u201cNo hay persecuci\u00f3n pol\u00edtica contra Percy N\u201d: gobernador responde a sindicalizados de Pachuca\u00a0","datePublished":"2025-06-30T23:56:49+00:00","mainEntityOfPage":{"@id":"https:\/\/elcardinal.com\/?p=4854"},"wordCount":355,"commentCount":0,"publisher":{"@id":"https:\/\/elcardinal.com\/#organization"},"image":{"@id":"https:\/\/elcardinal.com\/?p=4854#primaryimage"},"thumbnailUrl":"https:\/\/elcardinal.com\/wp-content\/uploads\/2025\/06\/WhatsApp-Image-2025-06-30-at-5.55.18-PM.jpeg","articleSection":["Uncategorized"],"inLanguage":"es","potentialAction":[{"@type":"CommentAction","name":"Comment","target":["https:\/\/elcardinal.com\/?p=4854#respond"]}]},{"@type":"WebPage","@id":"https:\/\/elcardinal.com\/?p=4854","url":"https:\/\/elcardinal.com\/?p=4854","name":"\u201cNo hay persecuci\u00f3n pol\u00edtica contra Percy N\u201d: gobernador responde a sindicalizados de Pachuca\u00a0 - El Cardinal","isPartOf":{"@id":"https:\/\/elcardinal.com\/#website"},"primaryImageOfPage":{"@id":"https:\/\/elcardinal.com\/?p=4854#primaryimage"},"image":{"@id":"https:\/\/elcardinal.com\/?p=4854#primaryimage"},"thumbnailUrl":"https:\/\/elcardinal.com\/wp-content\/uploads\/2025\/06\/WhatsApp-Image-2025-06-30-at-5.55.18-PM.jpeg","datePublished":"2025-06-30T23:56:49+00:00","breadcrumb":{"@id":"https:\/\/elcardinal.com\/?p=4854#breadcrumb"},"inLanguage":"es","potentialAction":[{"@type":"ReadAction","target":["https:\/\/elcardinal.com\/?p=4854"]}]},{"@type":"ImageObject","inLanguage":"es","@id":"https:\/\/elcardinal.com\/?p=4854#primaryimage","url":"https:\/\/elcardinal.com\/wp-content\/uploads\/2025\/06\/WhatsApp-Image-2025-06-30-at-5.55.18-PM.jpeg","contentUrl":"https:\/\/elcardinal.com\/wp-content\/uploads\/2025\/06\/WhatsApp-Image-2025-06-30-at-5.55.18-PM.jpeg","width":1600,"height":1066},{"@type":"BreadcrumbList","@id":"https:\/\/elcardinal.com\/?p=4854#breadcrumb","itemListElement":[{"@type":"ListItem","position":1,"name":"Inicio","item":"https:\/\/elcardinal.com\/"},{"@type":"ListItem","position":2,"name":"\u201cNo hay persecuci\u00f3n pol\u00edtica contra Percy N\u201d: gobernador responde a sindicalizados de Pachuca\u00a0"}]},{"@type":"WebSite","@id":"https:\/\/elcardinal.com\/#website","url":"https:\/\/elcardinal.com\/","name":"El Cardinal","description":"Periodismo honesto, con valor, sentido humano, a veces sarc\u00e1stico y divertido.","publisher":{"@id":"https:\/\/elcardinal.com\/#organization"},"alternateName":"El Cardinal Noticias","potentialAction":[{"@type":"SearchAction","target":{"@type":"EntryPoint","urlTemplate":"https:\/\/elcardinal.com\/?s={search_term_string}"},"query-input":{"@type":"PropertyValueSpecification","valueRequired":true,"valueName":"search_term_string"}}],"inLanguage":"es"},{"@type":"Organization","@id":"https:\/\/elcardinal.com\/#organization","name":"El Cardinal","url":"https:\/\/elcardinal.com\/","logo":{"@type":"ImageObject","inLanguage":"es","@id":"https:\/\/elcardinal.com\/#\/schema\/logo\/image\/","url":"https:\/\/elcardinal.com\/wp-content\/uploads\/2025\/04\/LOGO-EL-CARDINAL-Periodismo-con-valor.png","contentUrl":"https:\/\/elcardinal.com\/wp-content\/uploads\/2025\/04\/LOGO-EL-CARDINAL-Periodismo-con-valor.png","width":755,"height":636,"caption":"El Cardinal"},"image":{"@id":"https:\/\/elcardinal.com\/#\/schema\/logo\/image\/"},"sameAs":["https:\/\/www.facebook.com\/profile.php?id=100063093107011","https:\/\/x.com\/ElCardinal_Mx"]},{"@type":"Person","@id":"https:\/\/elcardinal.com\/#\/schema\/person\/3c352ec0a33987fe275c0e8a2ea69f8b","name":"Antonio Alcaraz","image":{"@type":"ImageObject","inLanguage":"es","@id":"https:\/\/elcardinal.com\/#\/schema\/person\/image\/","url":"https:\/\/elcardinal.com\/wp-content\/uploads\/2025\/05\/cropped-TONO-96x96.jpg","contentUrl":"https:\/\/elcardinal.com\/wp-content\/uploads\/2025\/05\/cropped-TONO-96x96.jpg","caption":"Antonio Alcaraz"},"url":"https:\/\/elcardinal.com\/?author=2"}]}},"_links":{"self":[{"href":"https:\/\/elcardinal.com\/index.php?rest_route=\/wp\/v2\/posts\/4854","targetHints":{"allow":["GET"]}}],"collection":[{"href":"https:\/\/elcardinal.com\/index.php?rest_route=\/wp\/v2\/posts"}],"about":[{"href":"https:\/\/elcardinal.com\/index.php?rest_route=\/wp\/v2\/types\/post"}],"author":[{"embeddable":true,"href":"https:\/\/elcardinal.com\/index.php?rest_route=\/wp\/v2\/users\/2"}],"replies":[{"embeddable":true,"href":"https:\/\/elcardinal.com\/index.php?rest_route=%2Fwp%2Fv2%2Fcomments&post=4854"}],"version-history":[{"count":1,"href":"https:\/\/elcardinal.com\/index.php?rest_route=\/wp\/v2\/posts\/4854\/revisions"}],"predecessor-version":[{"id":4856,"href":"https:\/\/elcardinal.com\/index.php?rest_route=\/wp\/v2\/posts\/4854\/revisions\/4856"}],"wp:featuredmedia":[{"embeddable":true,"href":"https:\/\/elcardinal.com\/index.php?rest_route=\/wp\/v2\/media\/4855"}],"wp:attachment":[{"href":"https:\/\/elcardinal.com\/index.php?rest_route=%2Fwp%2Fv2%2Fmedia&parent=4854"}],"wp:term":[{"taxonomy":"category","embeddable":true,"href":"https:\/\/elcardinal.com\/index.php?rest_route=%2Fwp%2Fv2%2Fcategories&post=4854"},{"taxonomy":"post_tag","embeddable":true,"href":"https:\/\/elcardinal.com\/index.php?rest_route=%2Fwp%2Fv2%2Ftags&post=4854"}],"curies":[{"name":"wp","href":"https:\/\/api.w.org\/{rel}","templated":true}]}}