{"id":4860,"date":"2025-07-01T17:00:02","date_gmt":"2025-07-01T23:00:02","guid":{"rendered":"https:\/\/elcardinal.com\/?p=4860"},"modified":"2025-07-01T17:00:02","modified_gmt":"2025-07-01T23:00:02","slug":"con-dictamen-legisladores-impulsa-la-igualdad-de-oportunidades-entre-integrantes-de-las-instituciones-policiales","status":"publish","type":"post","link":"https:\/\/elcardinal.com\/?p=4860","title":{"rendered":"Con dictamen, legisladores impulsa la igualdad de oportunidades entre integrantes de las instituciones policiales"},"content":{"rendered":"<p>Redacci\u00f3n<\/p>\n<p><span style=\"font-weight: 400;\">En sesi\u00f3n ordinaria, diputadas y diputados integrantes de la <\/span><b>LXVI Legislatura<\/b><span style=\"font-weight: 400;\"> avalaron con 26 votos a favor, cero en contra y cero abstenciones, el dictamen por el que se aprueba con modificaciones la iniciativa que reforma la Ley de Seguridad P\u00fablica para el Estado de Hidalgo, emitido por la primera Comisi\u00f3n Permanente de Seguridad Ciudadana y Justicia.<\/span><\/p>\n<p><span style=\"font-weight: 400;\">La legisladora <\/span><b>Lizbeth Irais Ordaz Islas<\/b><span style=\"font-weight: 400;\"> (Morena) record\u00f3 que el objetivo es que la capacitaci\u00f3n, actualizaci\u00f3n, profesionalizaci\u00f3n y especializaci\u00f3n que reciban los integrantes de las instituciones policiales, se realice en igualdad de oportunidades y de acuerdo con los programas de educaci\u00f3n continua y especializaci\u00f3n, los cuales deber\u00e1n ser mediante convocatoria p\u00fablica interna, para su pleno desarrollo en el servicio profesional de carrera y su derecho a acceder a promociones y distinciones mediante una evoluci\u00f3n curricular.<\/span><\/p>\n<p><b>Otros dict\u00e1menes<\/b><\/p>\n<p><b>Distribuci\u00f3n de fondo entre municipios<\/b><\/p>\n<p><span style=\"font-weight: 400;\">Asimismo, avalaron con 26 votos a favor, cero en contra y cero abstenciones, el dictamen por el que se reforma la Ley de Coordinaci\u00f3n Fiscal para el Estado de Hidalgo, emitido por la primera Comisi\u00f3n Permanente de Hacienda y Presupuesto.<\/span><\/p>\n<p><span style=\"font-weight: 400;\">El legislador <\/span><b>Miguel \u00c1ngel Moreno Zamora<\/b><span style=\"font-weight: 400;\"> (Morena) indic\u00f3 que, del total de las participaciones recibidas por el estado del Fondo de Fomento Municipal, lo correspondiente al 70 por ciento respecto al excedente del fondo, se distribuir\u00e1 entre todos los ayuntamientos.<\/span><\/p>\n<p><b>Delitos cometidos por personas servidoras p\u00fablicas<\/b><\/p>\n<p><span style=\"font-weight: 400;\">Tambi\u00e9n avalaron con 27 votos a favor, cero en contra y cero abstenciones, el dictamen por el que se aprueba con modificaciones la iniciativa que modifica el C\u00f3digo Penal para el Estado de Hidalgo, en materia de delitos cometidos por personas servidoras p\u00fablicas en la procuraci\u00f3n y administraci\u00f3n de justicia, emitido por la primera Comisi\u00f3n Permanente de Seguridad Ciudadana y Justicia.<\/span><\/p>\n<p><span style=\"font-weight: 400;\">La diputada <\/span><b>Lizbeth Irais Ordaz Islas<\/b><span style=\"font-weight: 400;\"> (Morena) especific\u00f3 que se propone adicionar como conductas constitutivas del delito en contra de la procuraci\u00f3n y administraci\u00f3n de justicia, la alteraci\u00f3n, modificaci\u00f3n, ocultamiento, destrucci\u00f3n, p\u00e9rdida o perturbaci\u00f3n del lugar de los hechos o del hallazgo, indicios, evidencias, numerario, objetos, instrumentos o productos relacionados con un hecho delictivo o el procedimiento de cadena de custodia.<\/span><\/p>\n<p><b>Acuerdos econ\u00f3micos<\/b><\/p>\n<p><b>Presupuesto para instancias de las mujeres<\/b><\/p>\n<p><span style=\"font-weight: 400;\">Por otro lado, aprobaron con 27 votos a favor, cero en contra y cero abstenciones el acuerdo econ\u00f3mico por el que se exhorta a los 84 ayuntamientos a considerar las medidas presupuestales necesarias para que su respectiva Instancia Municipal para el Desarrollo de las Mujeres, cuente con los recursos humanos, materiales y financieros para el cumplimiento eficaz de sus atribuciones establecidas en la ley, emitido por la primera Comisi\u00f3n Permanente de Seguridad Ciudadana y Justicia.<\/span><\/p>\n<p><span style=\"font-weight: 400;\">El diputado <\/span><b>Avelino Tovar Iglesias<\/b><span style=\"font-weight: 400;\"> (PVEM) indic\u00f3 que esta instancia tendr\u00e1 como objetivo fomentar acciones que posibiliten la no discriminaci\u00f3n, la igualdad jur\u00eddica, de oportunidades y de trato entre mujeres y hombres.<\/span><\/p>\n<p><b>Prevenci\u00f3n de la violencia contra mujeres<\/b><\/p>\n<p><span style=\"font-weight: 400;\">Adem\u00e1s, aprobaron con 28 votos a favor, cero en contra y cero abstenciones, el acuerdo econ\u00f3mico por el que se exhorta a los 84 municipios en materia de sistemas municipales para prevenir, atender, sancionar y erradicar la violencia contra las mujeres y fomentar la igualdad de g\u00e9nero, emitido por la primera Comisi\u00f3n Permanente de Seguridad Ciudadana y Justicia.<\/span><\/p>\n<p><span style=\"font-weight: 400;\">El legislador <\/span><b>Jos\u00e9 Luis Rodr\u00edguez Higareda<\/b><span style=\"font-weight: 400;\"> (Morena) mencion\u00f3 que la finalidad es que, quienes cuentan con un Sistema Municipal para Prevenir, Atender, Sancionar y Erradicar la Violencia contra las Mujeres y de Igualdad entre Mujeres y Hombres, sigan fortaleciendo su funcionamiento, y aquellos que a\u00fan no lo han instalado, puedan valorar su implementaci\u00f3n.<\/span><\/p>\n<p><b>Utilizaci\u00f3n del Sistema de Notificaciones Electr\u00f3nicas Judiciales<\/b><\/p>\n<p><span style=\"font-weight: 400;\">Asimismo, aprobaron con 27 votos a favor, cero en contra y cero abstenciones, el acuerdo econ\u00f3mico por el que se exhorta al Consejo de la Judicatura del Poder Judicial del Estado de Hidalgo a fortalecer la difusi\u00f3n de la utilizaci\u00f3n del Sistema de Notificaciones Electr\u00f3nicas Judiciales (Sineg), emitido por la primera Comisi\u00f3n Permanente de Seguridad Ciudadana y Justicia.<\/span><\/p>\n<p><span style=\"font-weight: 400;\">El diputado <\/span><b>Avelino Tovar Iglesias<\/b><span style=\"font-weight: 400;\"> (PVEM) subray\u00f3 que adem\u00e1s se solicita capacitar a los actuarios y notificadores respecto a la correcta implementaci\u00f3n de dicho sistema.<\/span><\/p>\n<p><span style=\"font-weight: 400;\">El legislador <\/span><b>Carlos Alejandro Alc\u00e1ntara Carbajal<\/b><span style=\"font-weight: 400;\"> (MC) asegur\u00f3 que el Sineg, implementado desde el 2021, es una herramienta clave para modernizar la impartici\u00f3n de justicia, ya que reduce tiempos de espera, evita errores en las notificaciones y facilita el acceso a la informaci\u00f3n, as\u00ed que como fortalece la transparencia en los procesos judiciales.<\/span><\/p>\n<p><b>Discusi\u00f3n de reforma para la reducci\u00f3n de la jornada laboral<\/b><\/p>\n<p><span style=\"font-weight: 400;\">Por otro lado, aprobaron con 24 votos a favor, cero en contra y cero abstenciones, el acuerdo econ\u00f3mico por medio del cual las y los diputados de la <\/span><b>LXVI Legislatura<\/b><span style=\"font-weight: 400;\"> exhortan a la Comisi\u00f3n Permanente del Congreso de la Uni\u00f3n para que retomen la discusi\u00f3n, dictaminaci\u00f3n y aprobaci\u00f3n de la reforma constitucional y legal orientada a la reducci\u00f3n de la jornada laboral semanal de 48 a 40 horas sin disminuci\u00f3n salarial, emitido por la primera Comisi\u00f3n Permanente del Trabajo.<\/span><\/p>\n<p><span style=\"font-weight: 400;\">La legisladora <\/span><b>Mar\u00eda del Rosario Guerrero Mart\u00ednez<\/b><span style=\"font-weight: 400;\"> (Morena) asegur\u00f3 que toda persona tiene derecho al trabajo digno y a condiciones laborales equitativas y satisfactorias.<\/span><\/p>\n<p><span style=\"font-weight: 400;\">El diputado <\/span><b>Carlos Alejandro Alc\u00e1ntara Carbajal<\/b><span style=\"font-weight: 400;\"> (MC) indic\u00f3 que esta propuesta no solo responde a una demanda hist\u00f3rica de justicia laboral, tambi\u00e9n se alinea con est\u00e1ndares internacionales en las cuales \u201chay evidencia de que trabajar menos horas mejora la salud mental, aumenta la productividad y reduce el ausentismo\u201d.<\/span><\/p>\n<p><b>Iniciativas<\/b><\/p>\n<p><b>Credibilidad del sistema de justicia<\/b><\/p>\n<p><span style=\"font-weight: 400;\">Las y los diputados <\/span><b>Miguel \u00c1ngel Moreno Zamora<\/b><span style=\"font-weight: 400;\">, <\/span><b>Andr\u00e9s Vel\u00e1zquez V\u00e1zquez<\/b><span style=\"font-weight: 400;\">, <\/span><b>Lizbeth Irais Ordaz Islas<\/b><span style=\"font-weight: 400;\">, <\/span><b>Hilda Miranda Miranda<\/b><span style=\"font-weight: 400;\">, <\/span><b>Juan Pablo Escalante Urban<\/b><span style=\"font-weight: 400;\">, <\/span><b>Arturo G\u00f3mez Canales<\/b><span style=\"font-weight: 400;\"> (Morena), <\/span><b>Jos\u00e9 Mar\u00eda Alejandro P\u00e9rez Ram\u00edrez<\/b><span style=\"font-weight: 400;\"> y <\/span><b>Jorge Arg\u00fcelles Salazar<\/b><span style=\"font-weight: 400;\"> (Nueva Alianza), presentaron la iniciativa que reforma el C\u00f3digo Penal para el Estado de Hidalgo, con el fin de fortalecer la credibilidad del sistema de justicia, tanto el judicial, como el administrativo, y evitar la obstrucci\u00f3n de la justicia derivada de las declaraciones falsas, informes alterados o testimonios manipulados, por medio de la incorporaci\u00f3n de una tipificaci\u00f3n m\u00e1s amplia, con sanciones m\u00e1s severas y diferenciadas.<\/span><\/p>\n<p><b>Resoluciones del Poder Legislativo<\/b><\/p>\n<p><span style=\"font-weight: 400;\">Las y los legisladores <\/span><b>Yarabi Gonz\u00e1lez Mart\u00ednez<\/b><span style=\"font-weight: 400;\">, <\/span><b>Andr\u00e9s Vel\u00e1zquez V\u00e1zquez<\/b><span style=\"font-weight: 400;\">, <\/span><b>Tania Er\u00e9ndira Meza Escorza<\/b><span style=\"font-weight: 400;\">, <\/span><b>Alma Rosa El\u00edas Paso<\/b><span style=\"font-weight: 400;\">, <\/span><b>Lizbeth Ira\u00eds Ordaz Islas<\/b><span style=\"font-weight: 400;\">, <\/span><b>Miguel \u00c1ngel Moreno Zamora<\/b><span style=\"font-weight: 400;\">, <\/span><b>Diana Rangel Z\u00fa\u00f1iga<\/b><span style=\"font-weight: 400;\">, <\/span><b>Juan Pablo Escalante Urb\u00e1n<\/b><span style=\"font-weight: 400;\"> (Morena), <\/span><b>Juana Olivia Alarc\u00f3n Rivera<\/b><span style=\"font-weight: 400;\"> y <\/span><b>M\u00f3nica Leanett Reyes Mart\u00ednez<\/b><span style=\"font-weight: 400;\"> (Nueva Alianza) propusieron la iniciativa que reforma la Ley Org\u00e1nica del Poder Legislativo y la Ley de Responsabilidades Administrativas del Estado de Hidalgo, con el fin de establecer plazos para que las autoridades se\u00f1aladas respondan en los t\u00e9rminos acordados y se incluye una reforma que permitir\u00e1 establecer sanciones, cuando esas mismas autoridades no respondan a las resoluciones del Poder Legislativo.<\/span><\/p>\n<p><b>Incorporaci\u00f3n de ni\u00f1as y mujeres j\u00f3venes en las ciencias<\/b><\/p>\n<p><span style=\"font-weight: 400;\">La diputada <\/span><b>Paloma Barrag\u00e1n Santos<\/b><span style=\"font-weight: 400;\"> y el diputado <\/span><b>Andr\u00e9s Vel\u00e1zquez V\u00e1zquez<\/b><span style=\"font-weight: 400;\"> (Morena) detallaron la iniciativa que reforma la Ley para la Igualdad entre Mujeres y Hombres del Estado de Hidalgo, con el prop\u00f3sito de promover la incorporaci\u00f3n de ni\u00f1as y mujeres j\u00f3venes en las ciencias, tecnolog\u00eda, ingenier\u00eda y matem\u00e1ticas.\u00a0<\/span><\/p>\n<p><b>Armonizaci\u00f3n de las facultades de la Comisi\u00f3n de Gobernaci\u00f3n<\/b><\/p>\n<p><span style=\"font-weight: 400;\">Las y los legisladores <\/span><b>Jos\u00e9 Luis Rodr\u00edguez Higareda<\/b><span style=\"font-weight: 400;\">, <\/span><b>Mar\u00eda del Rosario Guerrero Mart\u00ednez<\/b><span style=\"font-weight: 400;\">, <\/span><b>Hilda Miranda Miranda<\/b><span style=\"font-weight: 400;\">, <\/span><b>Andr\u00e9s Vel\u00e1zquez V\u00e1zquez<\/b><span style=\"font-weight: 400;\">, <\/span><b>Aldo Meza Hern\u00e1ndez<\/b><span style=\"font-weight: 400;\">, <\/span><b>Arturo G\u00f3mez Canales<\/b><span style=\"font-weight: 400;\">, <\/span><b>Alma Rosa El\u00edas Paso<\/b><span style=\"font-weight: 400;\">, <\/span><b>Juli\u00e1n Nochebuena Hern\u00e1ndez<\/b><span style=\"font-weight: 400;\">, <\/span><b>Tania Er\u00e9ndira Meza Escorza<\/b><span style=\"font-weight: 400;\">, <\/span><b>Diana Rangel Z\u00fa\u00f1iga<\/b><span style=\"font-weight: 400;\"> (Morena), <\/span><b>M\u00f3nica Leanett Reyes Mart\u00ednez<\/b><span style=\"font-weight: 400;\">, <\/span><b>Jos\u00e9 Mar\u00eda Alejandro P\u00e9rez Ram\u00edrez<\/b><span style=\"font-weight: 400;\"> (Nueva Alianza), <\/span><b>Marco Antonio Mendoza Bustamante<\/b><span style=\"font-weight: 400;\"> (PRI) y<\/span><b> Claudia Lilia Luna Islas<\/b><span style=\"font-weight: 400;\"> (PAN) presentaron la iniciativa que modifica la Ley Org\u00e1nica del Poder Legislativo del Estado de Hidalgo para armonizar las facultades de la primera Comisi\u00f3n Permanente de Gobernaci\u00f3n, con la reforma a la Ley Org\u00e1nica Municipal para el Estado de Hidalgo que dota a los ayuntamientos, de facultades para autorizar la creaci\u00f3n, divisi\u00f3n o fusi\u00f3n, as\u00ed como la denominaci\u00f3n o cambio de denominaci\u00f3n de los centros de poblaci\u00f3n municipal.<\/span><\/p>\n<p><b>Tarifas preferenciales en el transporte<\/b><\/p>\n<p><span style=\"font-weight: 400;\">Las y los diputados <\/span><b>Claudia Lilia Luna Islas<\/b><span style=\"font-weight: 400;\"> (PAN), <\/span><b>Avelino Tovar Iglesias<\/b><span style=\"font-weight: 400;\">, <\/span><b>Mar\u00eda Guadalupe Cruz Monta\u00f1o <\/b><span style=\"font-weight: 400;\">(PVEM), <\/span><b>Marco Antonio Mendoza Bustamante<\/b><span style=\"font-weight: 400;\">, <\/span><b>Johana Montcerrat Hern\u00e1ndez P\u00e9rez<\/b><span style=\"font-weight: 400;\"> (PRI), <\/span><b>Orqu\u00eddea Larragoiti Osorio<\/b><span style=\"font-weight: 400;\">, <\/span><b>Francisco Javier T\u00e9llez S\u00e1nchez<\/b><span style=\"font-weight: 400;\"> (PT), <\/span><b>Tania Er\u00e9ndira Meza Escorza<\/b><span style=\"font-weight: 400;\">, <\/span><b>Jos\u00e9 Luis Rodr\u00edguez Higareda<\/b><span style=\"font-weight: 400;\">, <\/span><b>Mar\u00eda del Rosario Guerrero Mart\u00ednez<\/b><span style=\"font-weight: 400;\">, <\/span><b>Aldo Meza Hern\u00e1ndez<\/b><span style=\"font-weight: 400;\"> (Morena), <\/span><b>Leonel Perusqu\u00eda Muedano<\/b><span style=\"font-weight: 400;\"> (PRD), <\/span><b>Carlos Alejandro Alc\u00e1ntara Carbajal<\/b><span style=\"font-weight: 400;\"> y <\/span><b>Karla Perales Arrieta<\/b><span style=\"font-weight: 400;\"> (MC) propusieron la iniciativa que reforma la Ley de Movilidad y Transporte para el Estado de Hidalgo, con el objetivo de fortalecer el marco jur\u00eddico local en materia de accesibilidad universal y tarifas preferenciales en beneficio de las personas con discapacidad.<\/span><\/p>\n<p><b>Coordinaci\u00f3n entre los diferentes \u00f3rdenes de gobierno<\/b><\/p>\n<p><span style=\"font-weight: 400;\">La legisladora <\/span><b>Hilda Miranda Miranda<\/b><span style=\"font-weight: 400;\"> y el legislador <\/span><b>Andr\u00e9s Vel\u00e1zquez V\u00e1zquez<\/b><span style=\"font-weight: 400;\"> (Morena) detallaron la iniciativa que reforma la Ley Org\u00e1nica Municipal para Hidalgo, con el fin que la Comisi\u00f3n de Asuntos Metropolitanos sea el mecanismo de coordinaci\u00f3n entre los diferentes \u00f3rdenes de gobierno estatal y municipal para la atenci\u00f3n de los asuntos tem\u00e1ticos en materia de agua, medio ambiente, desarrollo urbano, transporte, vialidad, seguridad p\u00fablica y protecci\u00f3n civil.<\/span><\/p>\n<p><b>Ampliaci\u00f3n de la definici\u00f3n de \u201cimpacto ambiental\u201d<\/b><\/p>\n<p><span style=\"font-weight: 400;\">Las y los diputados <\/span><b>Lizbeth Ira\u00eds Ordaz Islas<\/b><span style=\"font-weight: 400;\">, <\/span><b>Hilda Miranda Miranda<\/b><span style=\"font-weight: 400;\">, <\/span><b>Arturo G\u00f3mez Canales<\/b><span style=\"font-weight: 400;\">, <\/span><b>Andr\u00e9s Vel\u00e1zquez V\u00e1zquez<\/b><span style=\"font-weight: 400;\">, <\/span><b>Juan Pablo Escalante Urb\u00e1n<\/b><span style=\"font-weight: 400;\">, <\/span><b>Miguel \u00c1ngel Moreno Zamora<\/b><span style=\"font-weight: 400;\"> (Morena), <\/span><b>Jos\u00e9 Mar\u00eda Alejandro P\u00e9rez Ram\u00edrez<\/b><span style=\"font-weight: 400;\"> y <\/span><b>Jorge Arg\u00fcelles Salazar (<\/b><span style=\"font-weight: 400;\">Nueva Alianza) presentaron la iniciativa que reforma la Ley para la Protecci\u00f3n al Ambiente del Estado de Hidalgo, con la finalidad de fortalecer y ampliar la definici\u00f3n de \u201cimpacto ambiental\u201d, incorporando criterios m\u00e1s espec\u00edficos y actuales que permitan identificar de manera clara aquellos proyectos, obras o actividades que, por su naturaleza, magnitud, ubicaci\u00f3n o efectos acumulativos, puedan generar afectaciones significativas al medio ambiente, la salud p\u00fablica o a las comunidades locales.<\/span><\/p>\n<p><b>Derechos de los menores emancipados<\/b><\/p>\n<p><span style=\"font-weight: 400;\">El legislador <\/span><b>Marco Antonio Mendoza Bustamante<\/b><span style=\"font-weight: 400;\"> (PRI) propuso la iniciativa que reforma la Ley para la Familia del Estado de Hidalgo, con el prop\u00f3sito de garantizar los derechos de los menores emancipados, esto en atenci\u00f3n a que la emancipaci\u00f3n implica que el menor se considera legalmente un adulto en muchos aspectos y puede realizar acciones sin necesidad del consentimiento de padres o tutores.<\/span><\/p>\n<p><b>Asuntos generales<\/b><\/p>\n<p><b>Difusi\u00f3n de las lenguas ind\u00edgenas<\/b><\/p>\n<p><span style=\"font-weight: 400;\">Las diputadas <\/span><b>Yarabi Gonz\u00e1lez Mart\u00ednez<\/b><span style=\"font-weight: 400;\">, <\/span><b>Paloma Barrag\u00e1n Santos<\/b><span style=\"font-weight: 400;\">, <\/span><b>Alma Rosa El\u00edas Paso<\/b><span style=\"font-weight: 400;\">, <\/span><b>Cynthia Citlali Delgado Mendoza<\/b><span style=\"font-weight: 400;\"> (Morena) y <\/span><b>Karla Perales Arrieta<\/b><span style=\"font-weight: 400;\"> (MC) propusieron el acuerdo econ\u00f3mico por el que se exhorta al titular del Ejecutivo de Hidalgo a fortalecer las acciones orientadas a proteger, preservar, revitalizar, desarrollar, promover y difundir las lenguas ind\u00edgenas<\/span><\/p>\n<p><b>Sanciones contra empresas que usan esquemas piramidales<\/b><\/p>\n<p><span style=\"font-weight: 400;\">La legisladora <\/span><b>Paloma Barrag\u00e1n Santos<\/b><span style=\"font-weight: 400;\"> y el legislador <\/span><b>Andr\u00e9s Vel\u00e1zquez V\u00e1zquez<\/b><span style=\"font-weight: 400;\"> (Morena) presentaron el acuerdo econ\u00f3mico por el que se exhorta al Congreso de la Uni\u00f3n a legislar, regular y sancionar a personas o empresas que usan esquemas piramidales con activos digitales.<\/span><\/p>\n<p><b>Violencia estructural contra las ni\u00f1as<\/b><\/p>\n<p><span style=\"font-weight: 400;\">Ante la lista de las madres m\u00e1s j\u00f3venes en M\u00e9xico que circul\u00f3 en d\u00edas pasados en redes sociales, la diputada <\/span><b>Karla Perales Arrieta<\/b><span style=\"font-weight: 400;\"> (MC) se\u00f1al\u00f3 que \u201ceso no es maternidad, es violencia sexual sistematizada, es violaci\u00f3n, esclavitud reproductiva, tortura patriarcal y el Estado lo permite, lo nombra mal, lo registra como si no doliera. Una vez m\u00e1s, llamo a los municipios a que sancionen la minuta para elevar a rango constitucional la prohibici\u00f3n del matrimonio forzoso y matrimonio infantil, porque no podemos seguir tolerando que se disfracen cifras que en realidad son manifestaciones de violencia estructural contra las ni\u00f1as\u201d.<\/span><\/p>\n<p><b>Otros puntos en la orden del d\u00eda<\/b><\/p>\n<p><span style=\"font-weight: 400;\">En sesi\u00f3n ordinaria, diputadas y diputados integrantes de la <\/span><b>LXVI Legislatura<\/b><span style=\"font-weight: 400;\"> consideraron v\u00e1lida la minuta con proyecto de decreto por la que se reforman y derogan diversas disposiciones de la Constituci\u00f3n estatal, en materia de edad m\u00ednima para el acceso a cargos p\u00fablicos.<\/span><\/p>\n","protected":false},"excerpt":{"rendered":"<p>Redacci\u00f3n En sesi\u00f3n ordinaria, diputadas y diputados integrantes de la LXVI Legislatura avalaron con 26 votos a favor, cero en contra y cero abstenciones, el dictamen por el que se aprueba con modificaciones la iniciativa que reforma la Ley de Seguridad P\u00fablica para el Estado de Hidalgo, emitido por la primera Comisi\u00f3n Permanente de Seguridad<\/p>\n","protected":false},"author":2,"featured_media":4861,"comment_status":"open","ping_status":"open","sticky":false,"template":"","format":"standard","meta":{"footnotes":""},"categories":[31,44,39],"tags":[70,62],"class_list":{"0":"post-4860","1":"post","2":"type-post","3":"status-publish","4":"format-standard","5":"has-post-thumbnail","7":"category-hidalgo","8":"category-minuto-a-minuto","9":"category-politica","10":"tag-andres-velazquez","11":"tag-congreso-de-hidalgo"},"yoast_head":"<!-- This site is optimized with the Yoast SEO plugin v26.1.1 - https:\/\/yoast.com\/wordpress\/plugins\/seo\/ -->\n<title>Con dictamen, legisladores impulsa la igualdad de oportunidades entre integrantes de las instituciones policiales - El Cardinal<\/title>\n<meta name=\"robots\" content=\"index, follow, max-snippet:-1, max-image-preview:large, max-video-preview:-1\" \/>\n<link rel=\"canonical\" href=\"https:\/\/elcardinal.com\/?p=4860\" \/>\n<meta property=\"og:locale\" content=\"es_MX\" \/>\n<meta property=\"og:type\" content=\"article\" \/>\n<meta property=\"og:title\" content=\"Con dictamen, legisladores impulsa la igualdad de oportunidades entre integrantes de las instituciones policiales - El Cardinal\" \/>\n<meta property=\"og:description\" content=\"Redacci\u00f3n En sesi\u00f3n ordinaria, diputadas y diputados integrantes de la LXVI Legislatura avalaron con 26 votos a favor, cero en contra y cero abstenciones, el dictamen por el que se aprueba con modificaciones la iniciativa que reforma la Ley de Seguridad P\u00fablica para el Estado de Hidalgo, emitido por la primera Comisi\u00f3n Permanente de Seguridad\" \/>\n<meta property=\"og:url\" content=\"https:\/\/elcardinal.com\/?p=4860\" \/>\n<meta property=\"og:site_name\" content=\"El Cardinal\" \/>\n<meta property=\"article:publisher\" content=\"https:\/\/www.facebook.com\/profile.php?id=100063093107011\" \/>\n<meta property=\"article:published_time\" content=\"2025-07-01T23:00:02+00:00\" \/>\n<meta property=\"og:image\" content=\"https:\/\/elcardinal.com\/wp-content\/uploads\/2025\/07\/Sesion-01.07.2025-Ordinaria-73-.jpg\" \/>\n\t<meta property=\"og:image:width\" content=\"2400\" \/>\n\t<meta property=\"og:image:height\" content=\"1600\" \/>\n\t<meta property=\"og:image:type\" content=\"image\/jpeg\" \/>\n<meta name=\"author\" content=\"Antonio Alcaraz\" \/>\n<meta name=\"twitter:card\" content=\"summary_large_image\" \/>\n<meta name=\"twitter:creator\" content=\"@ElCardinal_Mx\" \/>\n<meta name=\"twitter:site\" content=\"@ElCardinal_Mx\" \/>\n<meta name=\"twitter:label1\" content=\"Escrito por\" \/>\n\t<meta name=\"twitter:data1\" content=\"Antonio Alcaraz\" \/>\n\t<meta name=\"twitter:label2\" content=\"Tiempo de lectura\" \/>\n\t<meta name=\"twitter:data2\" content=\"10 minutos\" \/>\n<script type=\"application\/ld+json\" class=\"yoast-schema-graph\">{\"@context\":\"https:\/\/schema.org\",\"@graph\":[{\"@type\":\"Article\",\"@id\":\"https:\/\/elcardinal.com\/?p=4860#article\",\"isPartOf\":{\"@id\":\"https:\/\/elcardinal.com\/?p=4860\"},\"author\":{\"name\":\"Antonio Alcaraz\",\"@id\":\"https:\/\/elcardinal.com\/#\/schema\/person\/3c352ec0a33987fe275c0e8a2ea69f8b\"},\"headline\":\"Con dictamen, legisladores impulsa la igualdad de oportunidades entre integrantes de las instituciones policiales\",\"datePublished\":\"2025-07-01T23:00:02+00:00\",\"mainEntityOfPage\":{\"@id\":\"https:\/\/elcardinal.com\/?p=4860\"},\"wordCount\":2147,\"commentCount\":0,\"publisher\":{\"@id\":\"https:\/\/elcardinal.com\/#organization\"},\"image\":{\"@id\":\"https:\/\/elcardinal.com\/?p=4860#primaryimage\"},\"thumbnailUrl\":\"https:\/\/elcardinal.com\/wp-content\/uploads\/2025\/07\/Sesion-01.07.2025-Ordinaria-73-.jpg\",\"keywords\":[\"Andr\u00e9s Vel\u00e1zquez\",\"Congreso de Hidalgo\"],\"articleSection\":[\"Hidalgo\",\"Minuto a Minuto\",\"Pol\u00edtica\"],\"inLanguage\":\"es\",\"potentialAction\":[{\"@type\":\"CommentAction\",\"name\":\"Comment\",\"target\":[\"https:\/\/elcardinal.com\/?p=4860#respond\"]}]},{\"@type\":\"WebPage\",\"@id\":\"https:\/\/elcardinal.com\/?p=4860\",\"url\":\"https:\/\/elcardinal.com\/?p=4860\",\"name\":\"Con dictamen, legisladores impulsa la igualdad de oportunidades entre integrantes de las instituciones policiales - El Cardinal\",\"isPartOf\":{\"@id\":\"https:\/\/elcardinal.com\/#website\"},\"primaryImageOfPage\":{\"@id\":\"https:\/\/elcardinal.com\/?p=4860#primaryimage\"},\"image\":{\"@id\":\"https:\/\/elcardinal.com\/?p=4860#primaryimage\"},\"thumbnailUrl\":\"https:\/\/elcardinal.com\/wp-content\/uploads\/2025\/07\/Sesion-01.07.2025-Ordinaria-73-.jpg\",\"datePublished\":\"2025-07-01T23:00:02+00:00\",\"breadcrumb\":{\"@id\":\"https:\/\/elcardinal.com\/?p=4860#breadcrumb\"},\"inLanguage\":\"es\",\"potentialAction\":[{\"@type\":\"ReadAction\",\"target\":[\"https:\/\/elcardinal.com\/?p=4860\"]}]},{\"@type\":\"ImageObject\",\"inLanguage\":\"es\",\"@id\":\"https:\/\/elcardinal.com\/?p=4860#primaryimage\",\"url\":\"https:\/\/elcardinal.com\/wp-content\/uploads\/2025\/07\/Sesion-01.07.2025-Ordinaria-73-.jpg\",\"contentUrl\":\"https:\/\/elcardinal.com\/wp-content\/uploads\/2025\/07\/Sesion-01.07.2025-Ordinaria-73-.jpg\",\"width\":2400,\"height\":1600,\"caption\":\"CONGRESO_HIDALGO\"},{\"@type\":\"BreadcrumbList\",\"@id\":\"https:\/\/elcardinal.com\/?p=4860#breadcrumb\",\"itemListElement\":[{\"@type\":\"ListItem\",\"position\":1,\"name\":\"Inicio\",\"item\":\"https:\/\/elcardinal.com\/\"},{\"@type\":\"ListItem\",\"position\":2,\"name\":\"Con dictamen, legisladores impulsa la igualdad de oportunidades entre integrantes de las instituciones policiales\"}]},{\"@type\":\"WebSite\",\"@id\":\"https:\/\/elcardinal.com\/#website\",\"url\":\"https:\/\/elcardinal.com\/\",\"name\":\"El Cardinal\",\"description\":\"Periodismo honesto, con valor, sentido humano, a veces sarc\u00e1stico y divertido.\",\"publisher\":{\"@id\":\"https:\/\/elcardinal.com\/#organization\"},\"alternateName\":\"El Cardinal Noticias\",\"potentialAction\":[{\"@type\":\"SearchAction\",\"target\":{\"@type\":\"EntryPoint\",\"urlTemplate\":\"https:\/\/elcardinal.com\/?s={search_term_string}\"},\"query-input\":{\"@type\":\"PropertyValueSpecification\",\"valueRequired\":true,\"valueName\":\"search_term_string\"}}],\"inLanguage\":\"es\"},{\"@type\":\"Organization\",\"@id\":\"https:\/\/elcardinal.com\/#organization\",\"name\":\"El Cardinal\",\"url\":\"https:\/\/elcardinal.com\/\",\"logo\":{\"@type\":\"ImageObject\",\"inLanguage\":\"es\",\"@id\":\"https:\/\/elcardinal.com\/#\/schema\/logo\/image\/\",\"url\":\"https:\/\/elcardinal.com\/wp-content\/uploads\/2025\/04\/LOGO-EL-CARDINAL-Periodismo-con-valor.png\",\"contentUrl\":\"https:\/\/elcardinal.com\/wp-content\/uploads\/2025\/04\/LOGO-EL-CARDINAL-Periodismo-con-valor.png\",\"width\":755,\"height\":636,\"caption\":\"El Cardinal\"},\"image\":{\"@id\":\"https:\/\/elcardinal.com\/#\/schema\/logo\/image\/\"},\"sameAs\":[\"https:\/\/www.facebook.com\/profile.php?id=100063093107011\",\"https:\/\/x.com\/ElCardinal_Mx\"]},{\"@type\":\"Person\",\"@id\":\"https:\/\/elcardinal.com\/#\/schema\/person\/3c352ec0a33987fe275c0e8a2ea69f8b\",\"name\":\"Antonio Alcaraz\",\"image\":{\"@type\":\"ImageObject\",\"inLanguage\":\"es\",\"@id\":\"https:\/\/elcardinal.com\/#\/schema\/person\/image\/\",\"url\":\"https:\/\/elcardinal.com\/wp-content\/uploads\/2025\/05\/cropped-TONO-96x96.jpg\",\"contentUrl\":\"https:\/\/elcardinal.com\/wp-content\/uploads\/2025\/05\/cropped-TONO-96x96.jpg\",\"caption\":\"Antonio Alcaraz\"},\"url\":\"https:\/\/elcardinal.com\/?author=2\"}]}<\/script>\n<!-- \/ Yoast SEO plugin. -->","yoast_head_json":{"title":"Con dictamen, legisladores impulsa la igualdad de oportunidades entre integrantes de las instituciones policiales - El Cardinal","robots":{"index":"index","follow":"follow","max-snippet":"max-snippet:-1","max-image-preview":"max-image-preview:large","max-video-preview":"max-video-preview:-1"},"canonical":"https:\/\/elcardinal.com\/?p=4860","og_locale":"es_MX","og_type":"article","og_title":"Con dictamen, legisladores impulsa la igualdad de oportunidades entre integrantes de las instituciones policiales - El Cardinal","og_description":"Redacci\u00f3n En sesi\u00f3n ordinaria, diputadas y diputados integrantes de la LXVI Legislatura avalaron con 26 votos a favor, cero en contra y cero abstenciones, el dictamen por el que se aprueba con modificaciones la iniciativa que reforma la Ley de Seguridad P\u00fablica para el Estado de Hidalgo, emitido por la primera Comisi\u00f3n Permanente de Seguridad","og_url":"https:\/\/elcardinal.com\/?p=4860","og_site_name":"El Cardinal","article_publisher":"https:\/\/www.facebook.com\/profile.php?id=100063093107011","article_published_time":"2025-07-01T23:00:02+00:00","og_image":[{"width":2400,"height":1600,"url":"https:\/\/elcardinal.com\/wp-content\/uploads\/2025\/07\/Sesion-01.07.2025-Ordinaria-73-.jpg","type":"image\/jpeg"}],"author":"Antonio Alcaraz","twitter_card":"summary_large_image","twitter_creator":"@ElCardinal_Mx","twitter_site":"@ElCardinal_Mx","twitter_misc":{"Escrito por":"Antonio Alcaraz","Tiempo de lectura":"10 minutos"},"schema":{"@context":"https:\/\/schema.org","@graph":[{"@type":"Article","@id":"https:\/\/elcardinal.com\/?p=4860#article","isPartOf":{"@id":"https:\/\/elcardinal.com\/?p=4860"},"author":{"name":"Antonio Alcaraz","@id":"https:\/\/elcardinal.com\/#\/schema\/person\/3c352ec0a33987fe275c0e8a2ea69f8b"},"headline":"Con dictamen, legisladores impulsa la igualdad de oportunidades entre integrantes de las instituciones policiales","datePublished":"2025-07-01T23:00:02+00:00","mainEntityOfPage":{"@id":"https:\/\/elcardinal.com\/?p=4860"},"wordCount":2147,"commentCount":0,"publisher":{"@id":"https:\/\/elcardinal.com\/#organization"},"image":{"@id":"https:\/\/elcardinal.com\/?p=4860#primaryimage"},"thumbnailUrl":"https:\/\/elcardinal.com\/wp-content\/uploads\/2025\/07\/Sesion-01.07.2025-Ordinaria-73-.jpg","keywords":["Andr\u00e9s Vel\u00e1zquez","Congreso de Hidalgo"],"articleSection":["Hidalgo","Minuto a Minuto","Pol\u00edtica"],"inLanguage":"es","potentialAction":[{"@type":"CommentAction","name":"Comment","target":["https:\/\/elcardinal.com\/?p=4860#respond"]}]},{"@type":"WebPage","@id":"https:\/\/elcardinal.com\/?p=4860","url":"https:\/\/elcardinal.com\/?p=4860","name":"Con dictamen, legisladores impulsa la igualdad de oportunidades entre integrantes de las instituciones policiales - El Cardinal","isPartOf":{"@id":"https:\/\/elcardinal.com\/#website"},"primaryImageOfPage":{"@id":"https:\/\/elcardinal.com\/?p=4860#primaryimage"},"image":{"@id":"https:\/\/elcardinal.com\/?p=4860#primaryimage"},"thumbnailUrl":"https:\/\/elcardinal.com\/wp-content\/uploads\/2025\/07\/Sesion-01.07.2025-Ordinaria-73-.jpg","datePublished":"2025-07-01T23:00:02+00:00","breadcrumb":{"@id":"https:\/\/elcardinal.com\/?p=4860#breadcrumb"},"inLanguage":"es","potentialAction":[{"@type":"ReadAction","target":["https:\/\/elcardinal.com\/?p=4860"]}]},{"@type":"ImageObject","inLanguage":"es","@id":"https:\/\/elcardinal.com\/?p=4860#primaryimage","url":"https:\/\/elcardinal.com\/wp-content\/uploads\/2025\/07\/Sesion-01.07.2025-Ordinaria-73-.jpg","contentUrl":"https:\/\/elcardinal.com\/wp-content\/uploads\/2025\/07\/Sesion-01.07.2025-Ordinaria-73-.jpg","width":2400,"height":1600,"caption":"CONGRESO_HIDALGO"},{"@type":"BreadcrumbList","@id":"https:\/\/elcardinal.com\/?p=4860#breadcrumb","itemListElement":[{"@type":"ListItem","position":1,"name":"Inicio","item":"https:\/\/elcardinal.com\/"},{"@type":"ListItem","position":2,"name":"Con dictamen, legisladores impulsa la igualdad de oportunidades entre integrantes de las instituciones policiales"}]},{"@type":"WebSite","@id":"https:\/\/elcardinal.com\/#website","url":"https:\/\/elcardinal.com\/","name":"El Cardinal","description":"Periodismo honesto, con valor, sentido humano, a veces sarc\u00e1stico y divertido.","publisher":{"@id":"https:\/\/elcardinal.com\/#organization"},"alternateName":"El Cardinal Noticias","potentialAction":[{"@type":"SearchAction","target":{"@type":"EntryPoint","urlTemplate":"https:\/\/elcardinal.com\/?s={search_term_string}"},"query-input":{"@type":"PropertyValueSpecification","valueRequired":true,"valueName":"search_term_string"}}],"inLanguage":"es"},{"@type":"Organization","@id":"https:\/\/elcardinal.com\/#organization","name":"El Cardinal","url":"https:\/\/elcardinal.com\/","logo":{"@type":"ImageObject","inLanguage":"es","@id":"https:\/\/elcardinal.com\/#\/schema\/logo\/image\/","url":"https:\/\/elcardinal.com\/wp-content\/uploads\/2025\/04\/LOGO-EL-CARDINAL-Periodismo-con-valor.png","contentUrl":"https:\/\/elcardinal.com\/wp-content\/uploads\/2025\/04\/LOGO-EL-CARDINAL-Periodismo-con-valor.png","width":755,"height":636,"caption":"El Cardinal"},"image":{"@id":"https:\/\/elcardinal.com\/#\/schema\/logo\/image\/"},"sameAs":["https:\/\/www.facebook.com\/profile.php?id=100063093107011","https:\/\/x.com\/ElCardinal_Mx"]},{"@type":"Person","@id":"https:\/\/elcardinal.com\/#\/schema\/person\/3c352ec0a33987fe275c0e8a2ea69f8b","name":"Antonio Alcaraz","image":{"@type":"ImageObject","inLanguage":"es","@id":"https:\/\/elcardinal.com\/#\/schema\/person\/image\/","url":"https:\/\/elcardinal.com\/wp-content\/uploads\/2025\/05\/cropped-TONO-96x96.jpg","contentUrl":"https:\/\/elcardinal.com\/wp-content\/uploads\/2025\/05\/cropped-TONO-96x96.jpg","caption":"Antonio Alcaraz"},"url":"https:\/\/elcardinal.com\/?author=2"}]}},"_links":{"self":[{"href":"https:\/\/elcardinal.com\/index.php?rest_route=\/wp\/v2\/posts\/4860","targetHints":{"allow":["GET"]}}],"collection":[{"href":"https:\/\/elcardinal.com\/index.php?rest_route=\/wp\/v2\/posts"}],"about":[{"href":"https:\/\/elcardinal.com\/index.php?rest_route=\/wp\/v2\/types\/post"}],"author":[{"embeddable":true,"href":"https:\/\/elcardinal.com\/index.php?rest_route=\/wp\/v2\/users\/2"}],"replies":[{"embeddable":true,"href":"https:\/\/elcardinal.com\/index.php?rest_route=%2Fwp%2Fv2%2Fcomments&post=4860"}],"version-history":[{"count":1,"href":"https:\/\/elcardinal.com\/index.php?rest_route=\/wp\/v2\/posts\/4860\/revisions"}],"predecessor-version":[{"id":4862,"href":"https:\/\/elcardinal.com\/index.php?rest_route=\/wp\/v2\/posts\/4860\/revisions\/4862"}],"wp:featuredmedia":[{"embeddable":true,"href":"https:\/\/elcardinal.com\/index.php?rest_route=\/wp\/v2\/media\/4861"}],"wp:attachment":[{"href":"https:\/\/elcardinal.com\/index.php?rest_route=%2Fwp%2Fv2%2Fmedia&parent=4860"}],"wp:term":[{"taxonomy":"category","embeddable":true,"href":"https:\/\/elcardinal.com\/index.php?rest_route=%2Fwp%2Fv2%2Fcategories&post=4860"},{"taxonomy":"post_tag","embeddable":true,"href":"https:\/\/elcardinal.com\/index.php?rest_route=%2Fwp%2Fv2%2Ftags&post=4860"}],"curies":[{"name":"wp","href":"https:\/\/api.w.org\/{rel}","templated":true}]}}