{"id":4868,"date":"2025-07-01T22:52:58","date_gmt":"2025-07-02T04:52:58","guid":{"rendered":"https:\/\/elcardinal.com\/?p=4868"},"modified":"2025-07-01T22:52:58","modified_gmt":"2025-07-02T04:52:58","slug":"fortalecen-seguridad-y-proximidad-social-en-tizayuca-con-mas-de-4-mil-visitas-domiciliarias","status":"publish","type":"post","link":"https:\/\/elcardinal.com\/?p=4868","title":{"rendered":"Fortalecen seguridad y proximidad social en Tizayuca con m\u00e1s de 4 mil visitas domiciliarias"},"content":{"rendered":"<p>Por: <strong>Jos\u00e9 Antonio Alcaraz Su\u00e1rez<\/strong><\/p>\n<p>Durante una rueda de prensa encabezada por la presidenta municipal de Tizayuca, <strong>Gretchen Atilano Moreno<\/strong> autoridades municipales, <strong>Armando Ramos<\/strong>, secretario t\u00e9cnico de seguridad present\u00f3 un balance de resultados de abril a junio en materia de prevenci\u00f3n, proximidad social y recuperaci\u00f3n de espacios p\u00fablicos, destacando la implementaci\u00f3n del programa \u201cPolic\u00eda hasta tu casa\u201d, uno de los ejes clave en la estrategia de seguridad ciudadana.<\/p>\n<blockquote><p>\u201cEste programa tiene como finalidad escuchar a la ciudadan\u00eda, informar sobre las acciones que realiza la corporaci\u00f3n, proporcionar datos de contacto y orientar ante situaciones de riesgo o si alguien ha sido v\u00edctima de alg\u00fan delito\u201d, se\u00f1al\u00f3 el funcionario.<\/p><\/blockquote>\n<p>Gracias a esta iniciativa, se han realizado 4 mil 117 visitas domiciliarias en m\u00e1s de 48 colonias, involucrando a \u00e1reas como Prevenci\u00f3n del Delito, la Unidad F\u00e9nix, Tr\u00e1nsito y Seguridad P\u00fablica. Adem\u00e1s, se capacit\u00f3 a m\u00e1s de 170 personas en temas de educaci\u00f3n vial para promover una conducci\u00f3n segura y el respeto al reglamento de tr\u00e1nsito.<\/p>\n<p>En acciones de recuperaci\u00f3n de espacios p\u00fablicos, se llevaron a cabo operativos permanentes de retiro de objetos en vialidades clave como Ni\u00f1os H\u00e9roes, Ej\u00e9rcito Mexicano, 5 de Mayo, Ju\u00e1rez, Allende y Matamoros, entre otras. En estos operativos, primero se dialoga con los responsables y, en caso de reincidencia, se procede al retiro definitivo.<\/p>\n<p>Tambi\u00e9n se reforz\u00f3 la vigilancia en plazas comerciales y tiendas de conveniencia, adem\u00e1s de campa\u00f1as para prevenir fraudes en redes sociales, extorsiones telef\u00f3nicas y proteger a la poblaci\u00f3n durante retiros bancarios.<\/p>\n<p><strong>En cifras generales, se reportaron:<\/strong><\/p>\n<p>35 detenciones por hechos delictivos<\/p>\n<p>3 armas aseguradas<\/p>\n<p>9 veh\u00edculos recuperados<\/p>\n<p>125 faltas administrativas<\/p>\n<p>948 reportes atendidos v\u00eda WhatsApp<\/p>\n<p>7 operativos \u201cCastor\u201d realizados<\/p>\n<p>28 acompa\u00f1amientos jur\u00eddicos<\/p>\n<p>2 apoyos psicol\u00f3gicos por situaciones de riesgo suicida<\/p>\n<p>619 boletas de infracci\u00f3n emitidas<\/p>\n<p>24 retiros de objetos en v\u00eda p\u00fablica<\/p>\n<p>Las autoridades reiteraron su compromiso por mantener una comunicaci\u00f3n cercana y constante con la ciudadan\u00eda, asegurando que los esfuerzos en materia de prevenci\u00f3n y seguridad continuar\u00e1n de forma permanente.<\/p>\n","protected":false},"excerpt":{"rendered":"<p>Por: Jos\u00e9 Antonio Alcaraz Su\u00e1rez Durante una rueda de prensa encabezada por la presidenta municipal de Tizayuca, Gretchen Atilano Moreno autoridades municipales, Armando Ramos, secretario t\u00e9cnico de seguridad present\u00f3 un balance de resultados de abril a junio en materia de prevenci\u00f3n, proximidad social y recuperaci\u00f3n de espacios p\u00fablicos, destacando la implementaci\u00f3n del programa \u201cPolic\u00eda hasta<\/p>\n","protected":false},"author":2,"featured_media":4869,"comment_status":"open","ping_status":"open","sticky":false,"template":"","format":"standard","meta":{"footnotes":""},"categories":[31,44,33],"tags":[47,45],"class_list":{"0":"post-4868","1":"post","2":"type-post","3":"status-publish","4":"format-standard","5":"has-post-thumbnail","7":"category-hidalgo","8":"category-minuto-a-minuto","9":"category-regiones","10":"tag-gretchen-atilano","11":"tag-tizayuca"},"yoast_head":"<!-- This site is optimized with the Yoast SEO plugin v26.1.1 - https:\/\/yoast.com\/wordpress\/plugins\/seo\/ -->\n<title>Fortalecen seguridad y proximidad social en Tizayuca con m\u00e1s de 4 mil visitas domiciliarias - El Cardinal<\/title>\n<meta name=\"robots\" content=\"index, follow, max-snippet:-1, max-image-preview:large, max-video-preview:-1\" \/>\n<link rel=\"canonical\" href=\"https:\/\/elcardinal.com\/?p=4868\" \/>\n<meta property=\"og:locale\" content=\"es_MX\" \/>\n<meta property=\"og:type\" content=\"article\" \/>\n<meta property=\"og:title\" content=\"Fortalecen seguridad y proximidad social en Tizayuca con m\u00e1s de 4 mil visitas domiciliarias - El Cardinal\" \/>\n<meta property=\"og:description\" content=\"Por: Jos\u00e9 Antonio Alcaraz Su\u00e1rez Durante una rueda de prensa encabezada por la presidenta municipal de Tizayuca, Gretchen Atilano Moreno autoridades municipales, Armando Ramos, secretario t\u00e9cnico de seguridad present\u00f3 un balance de resultados de abril a junio en materia de prevenci\u00f3n, proximidad social y recuperaci\u00f3n de espacios p\u00fablicos, destacando la implementaci\u00f3n del programa \u201cPolic\u00eda hasta\" \/>\n<meta property=\"og:url\" content=\"https:\/\/elcardinal.com\/?p=4868\" \/>\n<meta property=\"og:site_name\" content=\"El Cardinal\" \/>\n<meta property=\"article:publisher\" content=\"https:\/\/www.facebook.com\/profile.php?id=100063093107011\" \/>\n<meta property=\"article:published_time\" content=\"2025-07-02T04:52:58+00:00\" \/>\n<meta property=\"og:image\" content=\"https:\/\/elcardinal.com\/wp-content\/uploads\/2025\/07\/WhatsApp-Image-2025-07-01-at-10.49.39-PM.jpeg\" \/>\n\t<meta property=\"og:image:width\" content=\"1173\" \/>\n\t<meta property=\"og:image:height\" content=\"629\" \/>\n\t<meta property=\"og:image:type\" content=\"image\/jpeg\" \/>\n<meta name=\"author\" content=\"Antonio Alcaraz\" \/>\n<meta name=\"twitter:card\" content=\"summary_large_image\" \/>\n<meta name=\"twitter:creator\" content=\"@ElCardinal_Mx\" \/>\n<meta name=\"twitter:site\" content=\"@ElCardinal_Mx\" \/>\n<meta name=\"twitter:label1\" content=\"Escrito por\" \/>\n\t<meta name=\"twitter:data1\" content=\"Antonio Alcaraz\" \/>\n\t<meta name=\"twitter:label2\" content=\"Tiempo de lectura\" \/>\n\t<meta name=\"twitter:data2\" content=\"2 minutos\" \/>\n<script type=\"application\/ld+json\" class=\"yoast-schema-graph\">{\"@context\":\"https:\/\/schema.org\",\"@graph\":[{\"@type\":\"Article\",\"@id\":\"https:\/\/elcardinal.com\/?p=4868#article\",\"isPartOf\":{\"@id\":\"https:\/\/elcardinal.com\/?p=4868\"},\"author\":{\"name\":\"Antonio Alcaraz\",\"@id\":\"https:\/\/elcardinal.com\/#\/schema\/person\/3c352ec0a33987fe275c0e8a2ea69f8b\"},\"headline\":\"Fortalecen seguridad y proximidad social en Tizayuca con m\u00e1s de 4 mil visitas domiciliarias\",\"datePublished\":\"2025-07-02T04:52:58+00:00\",\"mainEntityOfPage\":{\"@id\":\"https:\/\/elcardinal.com\/?p=4868\"},\"wordCount\":371,\"commentCount\":0,\"publisher\":{\"@id\":\"https:\/\/elcardinal.com\/#organization\"},\"image\":{\"@id\":\"https:\/\/elcardinal.com\/?p=4868#primaryimage\"},\"thumbnailUrl\":\"https:\/\/elcardinal.com\/wp-content\/uploads\/2025\/07\/WhatsApp-Image-2025-07-01-at-10.49.39-PM.jpeg\",\"keywords\":[\"Gretchen Atilano\",\"Tizayuca\"],\"articleSection\":[\"Hidalgo\",\"Minuto a Minuto\",\"Regiones\"],\"inLanguage\":\"es\",\"potentialAction\":[{\"@type\":\"CommentAction\",\"name\":\"Comment\",\"target\":[\"https:\/\/elcardinal.com\/?p=4868#respond\"]}]},{\"@type\":\"WebPage\",\"@id\":\"https:\/\/elcardinal.com\/?p=4868\",\"url\":\"https:\/\/elcardinal.com\/?p=4868\",\"name\":\"Fortalecen seguridad y proximidad social en Tizayuca con m\u00e1s de 4 mil visitas domiciliarias - El Cardinal\",\"isPartOf\":{\"@id\":\"https:\/\/elcardinal.com\/#website\"},\"primaryImageOfPage\":{\"@id\":\"https:\/\/elcardinal.com\/?p=4868#primaryimage\"},\"image\":{\"@id\":\"https:\/\/elcardinal.com\/?p=4868#primaryimage\"},\"thumbnailUrl\":\"https:\/\/elcardinal.com\/wp-content\/uploads\/2025\/07\/WhatsApp-Image-2025-07-01-at-10.49.39-PM.jpeg\",\"datePublished\":\"2025-07-02T04:52:58+00:00\",\"breadcrumb\":{\"@id\":\"https:\/\/elcardinal.com\/?p=4868#breadcrumb\"},\"inLanguage\":\"es\",\"potentialAction\":[{\"@type\":\"ReadAction\",\"target\":[\"https:\/\/elcardinal.com\/?p=4868\"]}]},{\"@type\":\"ImageObject\",\"inLanguage\":\"es\",\"@id\":\"https:\/\/elcardinal.com\/?p=4868#primaryimage\",\"url\":\"https:\/\/elcardinal.com\/wp-content\/uploads\/2025\/07\/WhatsApp-Image-2025-07-01-at-10.49.39-PM.jpeg\",\"contentUrl\":\"https:\/\/elcardinal.com\/wp-content\/uploads\/2025\/07\/WhatsApp-Image-2025-07-01-at-10.49.39-PM.jpeg\",\"width\":1173,\"height\":629},{\"@type\":\"BreadcrumbList\",\"@id\":\"https:\/\/elcardinal.com\/?p=4868#breadcrumb\",\"itemListElement\":[{\"@type\":\"ListItem\",\"position\":1,\"name\":\"Inicio\",\"item\":\"https:\/\/elcardinal.com\/\"},{\"@type\":\"ListItem\",\"position\":2,\"name\":\"Fortalecen seguridad y proximidad social en Tizayuca con m\u00e1s de 4 mil visitas domiciliarias\"}]},{\"@type\":\"WebSite\",\"@id\":\"https:\/\/elcardinal.com\/#website\",\"url\":\"https:\/\/elcardinal.com\/\",\"name\":\"El Cardinal\",\"description\":\"Periodismo honesto, con valor, sentido humano, a veces sarc\u00e1stico y divertido.\",\"publisher\":{\"@id\":\"https:\/\/elcardinal.com\/#organization\"},\"alternateName\":\"El Cardinal Noticias\",\"potentialAction\":[{\"@type\":\"SearchAction\",\"target\":{\"@type\":\"EntryPoint\",\"urlTemplate\":\"https:\/\/elcardinal.com\/?s={search_term_string}\"},\"query-input\":{\"@type\":\"PropertyValueSpecification\",\"valueRequired\":true,\"valueName\":\"search_term_string\"}}],\"inLanguage\":\"es\"},{\"@type\":\"Organization\",\"@id\":\"https:\/\/elcardinal.com\/#organization\",\"name\":\"El Cardinal\",\"url\":\"https:\/\/elcardinal.com\/\",\"logo\":{\"@type\":\"ImageObject\",\"inLanguage\":\"es\",\"@id\":\"https:\/\/elcardinal.com\/#\/schema\/logo\/image\/\",\"url\":\"https:\/\/elcardinal.com\/wp-content\/uploads\/2025\/04\/LOGO-EL-CARDINAL-Periodismo-con-valor.png\",\"contentUrl\":\"https:\/\/elcardinal.com\/wp-content\/uploads\/2025\/04\/LOGO-EL-CARDINAL-Periodismo-con-valor.png\",\"width\":755,\"height\":636,\"caption\":\"El Cardinal\"},\"image\":{\"@id\":\"https:\/\/elcardinal.com\/#\/schema\/logo\/image\/\"},\"sameAs\":[\"https:\/\/www.facebook.com\/profile.php?id=100063093107011\",\"https:\/\/x.com\/ElCardinal_Mx\"]},{\"@type\":\"Person\",\"@id\":\"https:\/\/elcardinal.com\/#\/schema\/person\/3c352ec0a33987fe275c0e8a2ea69f8b\",\"name\":\"Antonio Alcaraz\",\"image\":{\"@type\":\"ImageObject\",\"inLanguage\":\"es\",\"@id\":\"https:\/\/elcardinal.com\/#\/schema\/person\/image\/\",\"url\":\"https:\/\/elcardinal.com\/wp-content\/uploads\/2025\/05\/cropped-TONO-96x96.jpg\",\"contentUrl\":\"https:\/\/elcardinal.com\/wp-content\/uploads\/2025\/05\/cropped-TONO-96x96.jpg\",\"caption\":\"Antonio Alcaraz\"},\"url\":\"https:\/\/elcardinal.com\/?author=2\"}]}<\/script>\n<!-- \/ Yoast SEO plugin. -->","yoast_head_json":{"title":"Fortalecen seguridad y proximidad social en Tizayuca con m\u00e1s de 4 mil visitas domiciliarias - El Cardinal","robots":{"index":"index","follow":"follow","max-snippet":"max-snippet:-1","max-image-preview":"max-image-preview:large","max-video-preview":"max-video-preview:-1"},"canonical":"https:\/\/elcardinal.com\/?p=4868","og_locale":"es_MX","og_type":"article","og_title":"Fortalecen seguridad y proximidad social en Tizayuca con m\u00e1s de 4 mil visitas domiciliarias - El Cardinal","og_description":"Por: Jos\u00e9 Antonio Alcaraz Su\u00e1rez Durante una rueda de prensa encabezada por la presidenta municipal de Tizayuca, Gretchen Atilano Moreno autoridades municipales, Armando Ramos, secretario t\u00e9cnico de seguridad present\u00f3 un balance de resultados de abril a junio en materia de prevenci\u00f3n, proximidad social y recuperaci\u00f3n de espacios p\u00fablicos, destacando la implementaci\u00f3n del programa \u201cPolic\u00eda hasta","og_url":"https:\/\/elcardinal.com\/?p=4868","og_site_name":"El Cardinal","article_publisher":"https:\/\/www.facebook.com\/profile.php?id=100063093107011","article_published_time":"2025-07-02T04:52:58+00:00","og_image":[{"width":1173,"height":629,"url":"https:\/\/elcardinal.com\/wp-content\/uploads\/2025\/07\/WhatsApp-Image-2025-07-01-at-10.49.39-PM.jpeg","type":"image\/jpeg"}],"author":"Antonio Alcaraz","twitter_card":"summary_large_image","twitter_creator":"@ElCardinal_Mx","twitter_site":"@ElCardinal_Mx","twitter_misc":{"Escrito por":"Antonio Alcaraz","Tiempo de lectura":"2 minutos"},"schema":{"@context":"https:\/\/schema.org","@graph":[{"@type":"Article","@id":"https:\/\/elcardinal.com\/?p=4868#article","isPartOf":{"@id":"https:\/\/elcardinal.com\/?p=4868"},"author":{"name":"Antonio Alcaraz","@id":"https:\/\/elcardinal.com\/#\/schema\/person\/3c352ec0a33987fe275c0e8a2ea69f8b"},"headline":"Fortalecen seguridad y proximidad social en Tizayuca con m\u00e1s de 4 mil visitas domiciliarias","datePublished":"2025-07-02T04:52:58+00:00","mainEntityOfPage":{"@id":"https:\/\/elcardinal.com\/?p=4868"},"wordCount":371,"commentCount":0,"publisher":{"@id":"https:\/\/elcardinal.com\/#organization"},"image":{"@id":"https:\/\/elcardinal.com\/?p=4868#primaryimage"},"thumbnailUrl":"https:\/\/elcardinal.com\/wp-content\/uploads\/2025\/07\/WhatsApp-Image-2025-07-01-at-10.49.39-PM.jpeg","keywords":["Gretchen Atilano","Tizayuca"],"articleSection":["Hidalgo","Minuto a Minuto","Regiones"],"inLanguage":"es","potentialAction":[{"@type":"CommentAction","name":"Comment","target":["https:\/\/elcardinal.com\/?p=4868#respond"]}]},{"@type":"WebPage","@id":"https:\/\/elcardinal.com\/?p=4868","url":"https:\/\/elcardinal.com\/?p=4868","name":"Fortalecen seguridad y proximidad social en Tizayuca con m\u00e1s de 4 mil visitas domiciliarias - El Cardinal","isPartOf":{"@id":"https:\/\/elcardinal.com\/#website"},"primaryImageOfPage":{"@id":"https:\/\/elcardinal.com\/?p=4868#primaryimage"},"image":{"@id":"https:\/\/elcardinal.com\/?p=4868#primaryimage"},"thumbnailUrl":"https:\/\/elcardinal.com\/wp-content\/uploads\/2025\/07\/WhatsApp-Image-2025-07-01-at-10.49.39-PM.jpeg","datePublished":"2025-07-02T04:52:58+00:00","breadcrumb":{"@id":"https:\/\/elcardinal.com\/?p=4868#breadcrumb"},"inLanguage":"es","potentialAction":[{"@type":"ReadAction","target":["https:\/\/elcardinal.com\/?p=4868"]}]},{"@type":"ImageObject","inLanguage":"es","@id":"https:\/\/elcardinal.com\/?p=4868#primaryimage","url":"https:\/\/elcardinal.com\/wp-content\/uploads\/2025\/07\/WhatsApp-Image-2025-07-01-at-10.49.39-PM.jpeg","contentUrl":"https:\/\/elcardinal.com\/wp-content\/uploads\/2025\/07\/WhatsApp-Image-2025-07-01-at-10.49.39-PM.jpeg","width":1173,"height":629},{"@type":"BreadcrumbList","@id":"https:\/\/elcardinal.com\/?p=4868#breadcrumb","itemListElement":[{"@type":"ListItem","position":1,"name":"Inicio","item":"https:\/\/elcardinal.com\/"},{"@type":"ListItem","position":2,"name":"Fortalecen seguridad y proximidad social en Tizayuca con m\u00e1s de 4 mil visitas domiciliarias"}]},{"@type":"WebSite","@id":"https:\/\/elcardinal.com\/#website","url":"https:\/\/elcardinal.com\/","name":"El Cardinal","description":"Periodismo honesto, con valor, sentido humano, a veces sarc\u00e1stico y divertido.","publisher":{"@id":"https:\/\/elcardinal.com\/#organization"},"alternateName":"El Cardinal Noticias","potentialAction":[{"@type":"SearchAction","target":{"@type":"EntryPoint","urlTemplate":"https:\/\/elcardinal.com\/?s={search_term_string}"},"query-input":{"@type":"PropertyValueSpecification","valueRequired":true,"valueName":"search_term_string"}}],"inLanguage":"es"},{"@type":"Organization","@id":"https:\/\/elcardinal.com\/#organization","name":"El Cardinal","url":"https:\/\/elcardinal.com\/","logo":{"@type":"ImageObject","inLanguage":"es","@id":"https:\/\/elcardinal.com\/#\/schema\/logo\/image\/","url":"https:\/\/elcardinal.com\/wp-content\/uploads\/2025\/04\/LOGO-EL-CARDINAL-Periodismo-con-valor.png","contentUrl":"https:\/\/elcardinal.com\/wp-content\/uploads\/2025\/04\/LOGO-EL-CARDINAL-Periodismo-con-valor.png","width":755,"height":636,"caption":"El Cardinal"},"image":{"@id":"https:\/\/elcardinal.com\/#\/schema\/logo\/image\/"},"sameAs":["https:\/\/www.facebook.com\/profile.php?id=100063093107011","https:\/\/x.com\/ElCardinal_Mx"]},{"@type":"Person","@id":"https:\/\/elcardinal.com\/#\/schema\/person\/3c352ec0a33987fe275c0e8a2ea69f8b","name":"Antonio Alcaraz","image":{"@type":"ImageObject","inLanguage":"es","@id":"https:\/\/elcardinal.com\/#\/schema\/person\/image\/","url":"https:\/\/elcardinal.com\/wp-content\/uploads\/2025\/05\/cropped-TONO-96x96.jpg","contentUrl":"https:\/\/elcardinal.com\/wp-content\/uploads\/2025\/05\/cropped-TONO-96x96.jpg","caption":"Antonio Alcaraz"},"url":"https:\/\/elcardinal.com\/?author=2"}]}},"_links":{"self":[{"href":"https:\/\/elcardinal.com\/index.php?rest_route=\/wp\/v2\/posts\/4868","targetHints":{"allow":["GET"]}}],"collection":[{"href":"https:\/\/elcardinal.com\/index.php?rest_route=\/wp\/v2\/posts"}],"about":[{"href":"https:\/\/elcardinal.com\/index.php?rest_route=\/wp\/v2\/types\/post"}],"author":[{"embeddable":true,"href":"https:\/\/elcardinal.com\/index.php?rest_route=\/wp\/v2\/users\/2"}],"replies":[{"embeddable":true,"href":"https:\/\/elcardinal.com\/index.php?rest_route=%2Fwp%2Fv2%2Fcomments&post=4868"}],"version-history":[{"count":1,"href":"https:\/\/elcardinal.com\/index.php?rest_route=\/wp\/v2\/posts\/4868\/revisions"}],"predecessor-version":[{"id":4870,"href":"https:\/\/elcardinal.com\/index.php?rest_route=\/wp\/v2\/posts\/4868\/revisions\/4870"}],"wp:featuredmedia":[{"embeddable":true,"href":"https:\/\/elcardinal.com\/index.php?rest_route=\/wp\/v2\/media\/4869"}],"wp:attachment":[{"href":"https:\/\/elcardinal.com\/index.php?rest_route=%2Fwp%2Fv2%2Fmedia&parent=4868"}],"wp:term":[{"taxonomy":"category","embeddable":true,"href":"https:\/\/elcardinal.com\/index.php?rest_route=%2Fwp%2Fv2%2Fcategories&post=4868"},{"taxonomy":"post_tag","embeddable":true,"href":"https:\/\/elcardinal.com\/index.php?rest_route=%2Fwp%2Fv2%2Ftags&post=4868"}],"curies":[{"name":"wp","href":"https:\/\/api.w.org\/{rel}","templated":true}]}}