{"id":4872,"date":"2025-06-28T17:24:12","date_gmt":"2025-06-28T23:24:12","guid":{"rendered":"https:\/\/elcardinal.com\/?p=4872"},"modified":"2025-07-01T23:25:05","modified_gmt":"2025-07-02T05:25:05","slug":"mas-de-300-huejutlenses-beneficiados-con-actas-extemporaneas","status":"publish","type":"post","link":"https:\/\/elcardinal.com\/?p=4872","title":{"rendered":"M\u00e1s de 300 huejutlenses beneficiados con actas extemporaneas"},"content":{"rendered":"<p>Este s\u00e1bado se entregaron 25 actas extempor\u00e1neas y CURP a menores, adultos y adultos mayores, permiti\u00e9ndoles acceder a programas sociales y otros beneficios legales.<\/p>\n<p>Huejutla, Hidalgo, 28 de junio.\u2013 Gracias al inter\u00e9s del alcalde Alfredo San Rom\u00e1n Duval y de su esposa, la Dra. Kristel Rodr\u00edguez Flores, presidenta del Sistema DIF Municipal, m\u00e1s de 300 huejutlenses han sido beneficiados con la entrega de actas de nacimiento durante esta administraci\u00f3n, garantizando su derecho a la identidad y el acceso a programas sociales que por ley les corresponden.<\/p>\n<p>Este viernes, en las instalaciones de la Oficina del Registro del Estado Familiar en la colonia Centro, se entregaron 25 actas extempor\u00e1neas y sus respectivas CURP a menores, adultos y adultos mayores, incluyendo seis menores y una persona de 93 a\u00f1os, reafirmando el compromiso de este Gobierno que Transforma de velar por las familias que m\u00e1s lo necesitan.<\/p>\n<p>En el evento estuvieron presentes el Mtro. Jos\u00e9 Antonio Vital, en representaci\u00f3n del Lic. Alfredo San Rom\u00e1n Duval, Presidente Municipal; la enfermera Rosalba Ram\u00edrez Vera, en representaci\u00f3n de la Dra. Kristel Rodr\u00edguez Flores, Presidenta del Sistema DIF Huejutla; la Lic. Itzel Guadalupe Villegas Garc\u00eda, Subprocuradora Regional de Protecci\u00f3n de Ni\u00f1as, Ni\u00f1os, Adolescentes y la Familia en el Distrito Judicial de Huejutla, as\u00ed como el Lic. H\u00e9ctor David Castillo Ram\u00edrez, Oficial del Registro del Estado Familiar en el municipio, entre otras personalidades e invitados especiales.<\/p>\n<p>Durante la ceremonia de entrega se destac\u00f3 el caso de una familia en la que 12 de sus integrantes no contaban con acta de nacimiento, y gracias al apoyo del alcalde Alfredo San Rom\u00e1n, hoy cuentan con este documento indispensable para la realizaci\u00f3n de diversos tr\u00e1mites y la protecci\u00f3n de sus derechos.<\/p>\n<p>La administraci\u00f3n municipal continuar\u00e1 impulsando estas acciones para que nadie en Huejutla se quede sin identidad ni sin acceso a oportunidades que permitan mejorar su calidad de vida.<\/p>\n<p>En caso de requerir alg\u00fan tr\u00e1mite, la ciudadan\u00eda puede comunicarse con la Oficina del Registro del Estado Familiar mediante atenci\u00f3n a distancia a trav\u00e9s del n\u00famero de WhatsApp 7716081055 o al tel\u00e9fono 7898965639, reduciendo tiempos de espera y facilitando el acceso a este derecho.<\/p>\n","protected":false},"excerpt":{"rendered":"<p>Este s\u00e1bado se entregaron 25 actas extempor\u00e1neas y CURP a menores, adultos y adultos mayores, permiti\u00e9ndoles acceder a programas sociales y otros beneficios legales. Huejutla, Hidalgo, 28 de junio.\u2013 Gracias al inter\u00e9s del alcalde Alfredo San Rom\u00e1n Duval y de su esposa, la Dra. Kristel Rodr\u00edguez Flores, presidenta del Sistema DIF Municipal, m\u00e1s de 300<\/p>\n","protected":false},"author":2,"featured_media":4874,"comment_status":"open","ping_status":"open","sticky":false,"template":"","format":"standard","meta":{"footnotes":""},"categories":[31,44,33],"tags":[],"class_list":{"0":"post-4872","1":"post","2":"type-post","3":"status-publish","4":"format-standard","5":"has-post-thumbnail","7":"category-hidalgo","8":"category-minuto-a-minuto","9":"category-regiones"},"yoast_head":"<!-- This site is optimized with the Yoast SEO plugin v26.1.1 - https:\/\/yoast.com\/wordpress\/plugins\/seo\/ -->\n<title>M\u00e1s de 300 huejutlenses beneficiados con actas extemporaneas - El Cardinal<\/title>\n<meta name=\"robots\" content=\"index, follow, max-snippet:-1, max-image-preview:large, max-video-preview:-1\" \/>\n<link rel=\"canonical\" href=\"https:\/\/elcardinal.com\/?p=4872\" \/>\n<meta property=\"og:locale\" content=\"es_MX\" \/>\n<meta property=\"og:type\" content=\"article\" \/>\n<meta property=\"og:title\" content=\"M\u00e1s de 300 huejutlenses beneficiados con actas extemporaneas - El Cardinal\" \/>\n<meta property=\"og:description\" content=\"Este s\u00e1bado se entregaron 25 actas extempor\u00e1neas y CURP a menores, adultos y adultos mayores, permiti\u00e9ndoles acceder a programas sociales y otros beneficios legales. Huejutla, Hidalgo, 28 de junio.\u2013 Gracias al inter\u00e9s del alcalde Alfredo San Rom\u00e1n Duval y de su esposa, la Dra. Kristel Rodr\u00edguez Flores, presidenta del Sistema DIF Municipal, m\u00e1s de 300\" \/>\n<meta property=\"og:url\" content=\"https:\/\/elcardinal.com\/?p=4872\" \/>\n<meta property=\"og:site_name\" content=\"El Cardinal\" \/>\n<meta property=\"article:publisher\" content=\"https:\/\/www.facebook.com\/profile.php?id=100063093107011\" \/>\n<meta property=\"article:published_time\" content=\"2025-06-28T23:24:12+00:00\" \/>\n<meta property=\"article:modified_time\" content=\"2025-07-02T05:25:05+00:00\" \/>\n<meta property=\"og:image\" content=\"https:\/\/elcardinal.com\/wp-content\/uploads\/2025\/07\/WhatsApp-Image-2025-06-28-at-7.31.05-PM.jpeg\" \/>\n\t<meta property=\"og:image:width\" content=\"2560\" \/>\n\t<meta property=\"og:image:height\" content=\"1440\" \/>\n\t<meta property=\"og:image:type\" content=\"image\/jpeg\" \/>\n<meta name=\"author\" content=\"Antonio Alcaraz\" \/>\n<meta name=\"twitter:card\" content=\"summary_large_image\" \/>\n<meta name=\"twitter:creator\" content=\"@ElCardinal_Mx\" \/>\n<meta name=\"twitter:site\" content=\"@ElCardinal_Mx\" \/>\n<meta name=\"twitter:label1\" content=\"Escrito por\" \/>\n\t<meta name=\"twitter:data1\" content=\"Antonio Alcaraz\" \/>\n\t<meta name=\"twitter:label2\" content=\"Tiempo de lectura\" \/>\n\t<meta name=\"twitter:data2\" content=\"2 minutos\" \/>\n<script type=\"application\/ld+json\" class=\"yoast-schema-graph\">{\"@context\":\"https:\/\/schema.org\",\"@graph\":[{\"@type\":\"Article\",\"@id\":\"https:\/\/elcardinal.com\/?p=4872#article\",\"isPartOf\":{\"@id\":\"https:\/\/elcardinal.com\/?p=4872\"},\"author\":{\"name\":\"Antonio Alcaraz\",\"@id\":\"https:\/\/elcardinal.com\/#\/schema\/person\/3c352ec0a33987fe275c0e8a2ea69f8b\"},\"headline\":\"M\u00e1s de 300 huejutlenses beneficiados con actas extemporaneas\",\"datePublished\":\"2025-06-28T23:24:12+00:00\",\"dateModified\":\"2025-07-02T05:25:05+00:00\",\"mainEntityOfPage\":{\"@id\":\"https:\/\/elcardinal.com\/?p=4872\"},\"wordCount\":386,\"commentCount\":0,\"publisher\":{\"@id\":\"https:\/\/elcardinal.com\/#organization\"},\"image\":{\"@id\":\"https:\/\/elcardinal.com\/?p=4872#primaryimage\"},\"thumbnailUrl\":\"https:\/\/elcardinal.com\/wp-content\/uploads\/2025\/07\/WhatsApp-Image-2025-06-28-at-7.31.05-PM.jpeg\",\"articleSection\":[\"Hidalgo\",\"Minuto a Minuto\",\"Regiones\"],\"inLanguage\":\"es\",\"potentialAction\":[{\"@type\":\"CommentAction\",\"name\":\"Comment\",\"target\":[\"https:\/\/elcardinal.com\/?p=4872#respond\"]}]},{\"@type\":\"WebPage\",\"@id\":\"https:\/\/elcardinal.com\/?p=4872\",\"url\":\"https:\/\/elcardinal.com\/?p=4872\",\"name\":\"M\u00e1s de 300 huejutlenses beneficiados con actas extemporaneas - El Cardinal\",\"isPartOf\":{\"@id\":\"https:\/\/elcardinal.com\/#website\"},\"primaryImageOfPage\":{\"@id\":\"https:\/\/elcardinal.com\/?p=4872#primaryimage\"},\"image\":{\"@id\":\"https:\/\/elcardinal.com\/?p=4872#primaryimage\"},\"thumbnailUrl\":\"https:\/\/elcardinal.com\/wp-content\/uploads\/2025\/07\/WhatsApp-Image-2025-06-28-at-7.31.05-PM.jpeg\",\"datePublished\":\"2025-06-28T23:24:12+00:00\",\"dateModified\":\"2025-07-02T05:25:05+00:00\",\"breadcrumb\":{\"@id\":\"https:\/\/elcardinal.com\/?p=4872#breadcrumb\"},\"inLanguage\":\"es\",\"potentialAction\":[{\"@type\":\"ReadAction\",\"target\":[\"https:\/\/elcardinal.com\/?p=4872\"]}]},{\"@type\":\"ImageObject\",\"inLanguage\":\"es\",\"@id\":\"https:\/\/elcardinal.com\/?p=4872#primaryimage\",\"url\":\"https:\/\/elcardinal.com\/wp-content\/uploads\/2025\/07\/WhatsApp-Image-2025-06-28-at-7.31.05-PM.jpeg\",\"contentUrl\":\"https:\/\/elcardinal.com\/wp-content\/uploads\/2025\/07\/WhatsApp-Image-2025-06-28-at-7.31.05-PM.jpeg\",\"width\":2560,\"height\":1440},{\"@type\":\"BreadcrumbList\",\"@id\":\"https:\/\/elcardinal.com\/?p=4872#breadcrumb\",\"itemListElement\":[{\"@type\":\"ListItem\",\"position\":1,\"name\":\"Inicio\",\"item\":\"https:\/\/elcardinal.com\/\"},{\"@type\":\"ListItem\",\"position\":2,\"name\":\"M\u00e1s de 300 huejutlenses beneficiados con actas extemporaneas\"}]},{\"@type\":\"WebSite\",\"@id\":\"https:\/\/elcardinal.com\/#website\",\"url\":\"https:\/\/elcardinal.com\/\",\"name\":\"El Cardinal\",\"description\":\"Periodismo honesto, con valor, sentido humano, a veces sarc\u00e1stico y divertido.\",\"publisher\":{\"@id\":\"https:\/\/elcardinal.com\/#organization\"},\"alternateName\":\"El Cardinal Noticias\",\"potentialAction\":[{\"@type\":\"SearchAction\",\"target\":{\"@type\":\"EntryPoint\",\"urlTemplate\":\"https:\/\/elcardinal.com\/?s={search_term_string}\"},\"query-input\":{\"@type\":\"PropertyValueSpecification\",\"valueRequired\":true,\"valueName\":\"search_term_string\"}}],\"inLanguage\":\"es\"},{\"@type\":\"Organization\",\"@id\":\"https:\/\/elcardinal.com\/#organization\",\"name\":\"El Cardinal\",\"url\":\"https:\/\/elcardinal.com\/\",\"logo\":{\"@type\":\"ImageObject\",\"inLanguage\":\"es\",\"@id\":\"https:\/\/elcardinal.com\/#\/schema\/logo\/image\/\",\"url\":\"https:\/\/elcardinal.com\/wp-content\/uploads\/2025\/04\/LOGO-EL-CARDINAL-Periodismo-con-valor.png\",\"contentUrl\":\"https:\/\/elcardinal.com\/wp-content\/uploads\/2025\/04\/LOGO-EL-CARDINAL-Periodismo-con-valor.png\",\"width\":755,\"height\":636,\"caption\":\"El Cardinal\"},\"image\":{\"@id\":\"https:\/\/elcardinal.com\/#\/schema\/logo\/image\/\"},\"sameAs\":[\"https:\/\/www.facebook.com\/profile.php?id=100063093107011\",\"https:\/\/x.com\/ElCardinal_Mx\"]},{\"@type\":\"Person\",\"@id\":\"https:\/\/elcardinal.com\/#\/schema\/person\/3c352ec0a33987fe275c0e8a2ea69f8b\",\"name\":\"Antonio Alcaraz\",\"image\":{\"@type\":\"ImageObject\",\"inLanguage\":\"es\",\"@id\":\"https:\/\/elcardinal.com\/#\/schema\/person\/image\/\",\"url\":\"https:\/\/elcardinal.com\/wp-content\/uploads\/2025\/05\/cropped-TONO-96x96.jpg\",\"contentUrl\":\"https:\/\/elcardinal.com\/wp-content\/uploads\/2025\/05\/cropped-TONO-96x96.jpg\",\"caption\":\"Antonio Alcaraz\"},\"url\":\"https:\/\/elcardinal.com\/?author=2\"}]}<\/script>\n<!-- \/ Yoast SEO plugin. -->","yoast_head_json":{"title":"M\u00e1s de 300 huejutlenses beneficiados con actas extemporaneas - El Cardinal","robots":{"index":"index","follow":"follow","max-snippet":"max-snippet:-1","max-image-preview":"max-image-preview:large","max-video-preview":"max-video-preview:-1"},"canonical":"https:\/\/elcardinal.com\/?p=4872","og_locale":"es_MX","og_type":"article","og_title":"M\u00e1s de 300 huejutlenses beneficiados con actas extemporaneas - El Cardinal","og_description":"Este s\u00e1bado se entregaron 25 actas extempor\u00e1neas y CURP a menores, adultos y adultos mayores, permiti\u00e9ndoles acceder a programas sociales y otros beneficios legales. Huejutla, Hidalgo, 28 de junio.\u2013 Gracias al inter\u00e9s del alcalde Alfredo San Rom\u00e1n Duval y de su esposa, la Dra. Kristel Rodr\u00edguez Flores, presidenta del Sistema DIF Municipal, m\u00e1s de 300","og_url":"https:\/\/elcardinal.com\/?p=4872","og_site_name":"El Cardinal","article_publisher":"https:\/\/www.facebook.com\/profile.php?id=100063093107011","article_published_time":"2025-06-28T23:24:12+00:00","article_modified_time":"2025-07-02T05:25:05+00:00","og_image":[{"width":2560,"height":1440,"url":"https:\/\/elcardinal.com\/wp-content\/uploads\/2025\/07\/WhatsApp-Image-2025-06-28-at-7.31.05-PM.jpeg","type":"image\/jpeg"}],"author":"Antonio Alcaraz","twitter_card":"summary_large_image","twitter_creator":"@ElCardinal_Mx","twitter_site":"@ElCardinal_Mx","twitter_misc":{"Escrito por":"Antonio Alcaraz","Tiempo de lectura":"2 minutos"},"schema":{"@context":"https:\/\/schema.org","@graph":[{"@type":"Article","@id":"https:\/\/elcardinal.com\/?p=4872#article","isPartOf":{"@id":"https:\/\/elcardinal.com\/?p=4872"},"author":{"name":"Antonio Alcaraz","@id":"https:\/\/elcardinal.com\/#\/schema\/person\/3c352ec0a33987fe275c0e8a2ea69f8b"},"headline":"M\u00e1s de 300 huejutlenses beneficiados con actas extemporaneas","datePublished":"2025-06-28T23:24:12+00:00","dateModified":"2025-07-02T05:25:05+00:00","mainEntityOfPage":{"@id":"https:\/\/elcardinal.com\/?p=4872"},"wordCount":386,"commentCount":0,"publisher":{"@id":"https:\/\/elcardinal.com\/#organization"},"image":{"@id":"https:\/\/elcardinal.com\/?p=4872#primaryimage"},"thumbnailUrl":"https:\/\/elcardinal.com\/wp-content\/uploads\/2025\/07\/WhatsApp-Image-2025-06-28-at-7.31.05-PM.jpeg","articleSection":["Hidalgo","Minuto a Minuto","Regiones"],"inLanguage":"es","potentialAction":[{"@type":"CommentAction","name":"Comment","target":["https:\/\/elcardinal.com\/?p=4872#respond"]}]},{"@type":"WebPage","@id":"https:\/\/elcardinal.com\/?p=4872","url":"https:\/\/elcardinal.com\/?p=4872","name":"M\u00e1s de 300 huejutlenses beneficiados con actas extemporaneas - El Cardinal","isPartOf":{"@id":"https:\/\/elcardinal.com\/#website"},"primaryImageOfPage":{"@id":"https:\/\/elcardinal.com\/?p=4872#primaryimage"},"image":{"@id":"https:\/\/elcardinal.com\/?p=4872#primaryimage"},"thumbnailUrl":"https:\/\/elcardinal.com\/wp-content\/uploads\/2025\/07\/WhatsApp-Image-2025-06-28-at-7.31.05-PM.jpeg","datePublished":"2025-06-28T23:24:12+00:00","dateModified":"2025-07-02T05:25:05+00:00","breadcrumb":{"@id":"https:\/\/elcardinal.com\/?p=4872#breadcrumb"},"inLanguage":"es","potentialAction":[{"@type":"ReadAction","target":["https:\/\/elcardinal.com\/?p=4872"]}]},{"@type":"ImageObject","inLanguage":"es","@id":"https:\/\/elcardinal.com\/?p=4872#primaryimage","url":"https:\/\/elcardinal.com\/wp-content\/uploads\/2025\/07\/WhatsApp-Image-2025-06-28-at-7.31.05-PM.jpeg","contentUrl":"https:\/\/elcardinal.com\/wp-content\/uploads\/2025\/07\/WhatsApp-Image-2025-06-28-at-7.31.05-PM.jpeg","width":2560,"height":1440},{"@type":"BreadcrumbList","@id":"https:\/\/elcardinal.com\/?p=4872#breadcrumb","itemListElement":[{"@type":"ListItem","position":1,"name":"Inicio","item":"https:\/\/elcardinal.com\/"},{"@type":"ListItem","position":2,"name":"M\u00e1s de 300 huejutlenses beneficiados con actas extemporaneas"}]},{"@type":"WebSite","@id":"https:\/\/elcardinal.com\/#website","url":"https:\/\/elcardinal.com\/","name":"El Cardinal","description":"Periodismo honesto, con valor, sentido humano, a veces sarc\u00e1stico y divertido.","publisher":{"@id":"https:\/\/elcardinal.com\/#organization"},"alternateName":"El Cardinal Noticias","potentialAction":[{"@type":"SearchAction","target":{"@type":"EntryPoint","urlTemplate":"https:\/\/elcardinal.com\/?s={search_term_string}"},"query-input":{"@type":"PropertyValueSpecification","valueRequired":true,"valueName":"search_term_string"}}],"inLanguage":"es"},{"@type":"Organization","@id":"https:\/\/elcardinal.com\/#organization","name":"El Cardinal","url":"https:\/\/elcardinal.com\/","logo":{"@type":"ImageObject","inLanguage":"es","@id":"https:\/\/elcardinal.com\/#\/schema\/logo\/image\/","url":"https:\/\/elcardinal.com\/wp-content\/uploads\/2025\/04\/LOGO-EL-CARDINAL-Periodismo-con-valor.png","contentUrl":"https:\/\/elcardinal.com\/wp-content\/uploads\/2025\/04\/LOGO-EL-CARDINAL-Periodismo-con-valor.png","width":755,"height":636,"caption":"El Cardinal"},"image":{"@id":"https:\/\/elcardinal.com\/#\/schema\/logo\/image\/"},"sameAs":["https:\/\/www.facebook.com\/profile.php?id=100063093107011","https:\/\/x.com\/ElCardinal_Mx"]},{"@type":"Person","@id":"https:\/\/elcardinal.com\/#\/schema\/person\/3c352ec0a33987fe275c0e8a2ea69f8b","name":"Antonio Alcaraz","image":{"@type":"ImageObject","inLanguage":"es","@id":"https:\/\/elcardinal.com\/#\/schema\/person\/image\/","url":"https:\/\/elcardinal.com\/wp-content\/uploads\/2025\/05\/cropped-TONO-96x96.jpg","contentUrl":"https:\/\/elcardinal.com\/wp-content\/uploads\/2025\/05\/cropped-TONO-96x96.jpg","caption":"Antonio Alcaraz"},"url":"https:\/\/elcardinal.com\/?author=2"}]}},"_links":{"self":[{"href":"https:\/\/elcardinal.com\/index.php?rest_route=\/wp\/v2\/posts\/4872","targetHints":{"allow":["GET"]}}],"collection":[{"href":"https:\/\/elcardinal.com\/index.php?rest_route=\/wp\/v2\/posts"}],"about":[{"href":"https:\/\/elcardinal.com\/index.php?rest_route=\/wp\/v2\/types\/post"}],"author":[{"embeddable":true,"href":"https:\/\/elcardinal.com\/index.php?rest_route=\/wp\/v2\/users\/2"}],"replies":[{"embeddable":true,"href":"https:\/\/elcardinal.com\/index.php?rest_route=%2Fwp%2Fv2%2Fcomments&post=4872"}],"version-history":[{"count":1,"href":"https:\/\/elcardinal.com\/index.php?rest_route=\/wp\/v2\/posts\/4872\/revisions"}],"predecessor-version":[{"id":4873,"href":"https:\/\/elcardinal.com\/index.php?rest_route=\/wp\/v2\/posts\/4872\/revisions\/4873"}],"wp:featuredmedia":[{"embeddable":true,"href":"https:\/\/elcardinal.com\/index.php?rest_route=\/wp\/v2\/media\/4874"}],"wp:attachment":[{"href":"https:\/\/elcardinal.com\/index.php?rest_route=%2Fwp%2Fv2%2Fmedia&parent=4872"}],"wp:term":[{"taxonomy":"category","embeddable":true,"href":"https:\/\/elcardinal.com\/index.php?rest_route=%2Fwp%2Fv2%2Fcategories&post=4872"},{"taxonomy":"post_tag","embeddable":true,"href":"https:\/\/elcardinal.com\/index.php?rest_route=%2Fwp%2Fv2%2Ftags&post=4872"}],"curies":[{"name":"wp","href":"https:\/\/api.w.org\/{rel}","templated":true}]}}