{"id":4878,"date":"2025-07-06T11:28:33","date_gmt":"2025-07-06T17:28:33","guid":{"rendered":"https:\/\/elcardinal.com\/?p=4878"},"modified":"2025-07-06T11:28:33","modified_gmt":"2025-07-06T17:28:33","slug":"y-si-no-somos-de-este-planeta","status":"publish","type":"post","link":"https:\/\/elcardinal.com\/?p=4878","title":{"rendered":"\u00bfY si no somos de este planeta?"},"content":{"rendered":"<p>Por: <strong>Jos\u00e9 Antonio Alcaraz Su\u00e1rez<\/strong><\/p>\n<p>Cada que observo el comportamiento humano en el planeta, una extra\u00f1a sensaci\u00f3n me recorre: <strong>\u00bfy si no pertenecemos a La Tierra?<\/strong> Esa pregunta me la hice muchas veces, buscando mi verdadero origen, m\u00e1s all\u00e1 de las h<strong>istorias religiosas o teor\u00edas<\/strong> que nos cuentan en los colegios que, en lo profundo de mi ser, no resuenan.<\/p>\n<p>Tambi\u00e9n hay teor\u00edas poco ortodoxas, tachadas de \u201cconspiran\u00f3icas\u201d, que plantean que el ser humano es una especie for\u00e1nea, implantada o modificada gen\u00e9ticamente en este planeta por razas extraterrestres (<strong>Anunnakis<\/strong>)\u2026 de que existen estas entidades, existen.<\/p>\n<p>\u00bfTe has dado cuenta que el ser humano es la \u00fanica especie que parece que no encaja del todo en este planeta? Mientras m\u00e1s lo piensas, m\u00e1s sentido cobra: no formamos parte de un ecosistema; por el contrario, cuando nos asentamos, lo alteramos\u2026 en pocas palabras, <em><strong>no entendemos el idioma del lugar.<\/strong><\/em><\/p>\n<blockquote><p>No somos necesarios para el equilibrio natural ni para la cadena alimenticia, por el contrario, somos depredadores; consumimos a diestra y siniestra, destruimos m\u00e1s de lo que creamos y agotamos los recursos que nos sostienen\u2026 ninguna otra especie sobrepobla su h\u00e1bitat y termina contamin\u00e1ndolo hasta colapsarlo.<\/p><\/blockquote>\n<p>Comparado\u00a0con\u00a0otras\u00a0especies,\u00a0<strong>somos\u00a0incre\u00edblemente\u00a0fr\u00e1giles<\/strong>:\u00a0no\u00a0soportamos\u00a0la\u00a0luz\u00a0solar\u00a0iintensa\u00a0sin\u00a0quemarnos,\u00a0necesitamos\u00a0ropa\u00a0para\u00a0protegernos\u00a0del\u00a0clima,\u00a0tenemos\u00a0alergias\u00a0a\u00a0ciertos elementos\u00a0naturales,\u00a0y\u00a0somos\u00a0propensos\u00a0a\u00a0enfermedades\u00a0autoinmunes.<\/p>\n<p>Mientras muchas especies se integran de manera equilibrada al ecosistema, el ser humano transforma y destruye su entorno: <strong>tala bosques, contamina oc\u00e9anos, altera el clima<\/strong>. \u00bfPor qu\u00e9 esa desconexi\u00f3n? Tal vez porque no desarrollamos una evoluci\u00f3n natural aqu\u00ed, sino que somos resultado de una ingenier\u00eda adaptada a un entorno diferente, incapaz de comprender la armon\u00eda de este planeta.<\/p>\n<p><strong>LA VOZ INTERNA <\/strong><\/p>\n<p>Desde hace unos a\u00f1os, mi voz interna me ha ido desmenuzando <strong>\u201centendimientos\u201d<\/strong> que son verdades, mis verdades, aquellas que emergen de mi sabidur\u00eda interna, esa que no necesita comprobaciones ni teor\u00edas, pero son contundentes, dif\u00edcilmente entendibles racionalmente.<\/p>\n<p>La idea de que el ser humano no es originario de la Tierra \u2014que fuimos depositados aqu\u00ed, que somos el resultado de un experimento gen\u00e9tico <strong>(Ad\u00e1n y Eva)<\/strong>, que venimos de otro mundo\u2014 puede parecer una fantas\u00eda, pero se alimenta de una sospecha \u00edntima, una incomodidad existencial que va m\u00e1s all\u00e1 de lo f\u00edsico.<\/p>\n<p><strong>LA CONSCIENCIA <\/strong><\/p>\n<p>Nuestra conciencia, el regalo envenenado de sabernos finitos, de reflexionar sobre la muerte, de perseguir el sentido. Ning\u00fan otro ser vivo parece atormentarse por lo que no puede cambiar. <strong>Ninguno imagina futuros posibles ni se rompe por lo que a\u00fan no sucede<\/strong>. Pero nosotros s\u00ed. Lloramos por ideas, enfermamos por angustias, sentimos nostalgia de cosas que no recordamos haber vivido.<\/p>\n<blockquote><p>\u00bfY si esa chispa que nos distingue no es un error, sino una pista? \u00bfY si la conciencia es una se\u00f1al de que pertenecemos a otra cosa, a otro tiempo, a otro origen? No hay certezas, pero hay preguntas que no se apagan. Tal vez lo que nos hace sentir fuera de lugar no es una desconexi\u00f3n con la Tierra, sino una conexi\u00f3n con algo m\u00e1s vasto, m\u00e1s antiguo, m\u00e1s profundo.<\/p><\/blockquote>\n<p>Quiz\u00e1 esa melancol\u00eda que sentimos al mirar las estrellas no es otra cosa que la memoria dormida de un hogar que olvidamos. Y tal vez por eso seguimos buscando, pensando, creando. Porque lo \u00fanico m\u00e1s humano que el no encajar\u2026 es seguir intent\u00e1ndolo.<\/p>\n<p>Ya no me pregunto \u201c\u00bfY si no somos de este mundo?\u201d. El cuestionamiento que (en realidad es un recordatorio) hoy me hago en repetidas ocasiones es <strong>\u201c\u00bfQUI\u00c9N SOY?\u201d.<\/strong> La respuesta es solemne, no llega de inmediato, pero s\u00ed me acerca a mi verdadero origen el cual no es de este planeta.<\/p>\n<p><strong>GRACIAS<\/strong><\/p>\n","protected":false},"excerpt":{"rendered":"<p>Por: Jos\u00e9 Antonio Alcaraz Su\u00e1rez Cada que observo el comportamiento humano en el planeta, una extra\u00f1a sensaci\u00f3n me recorre: \u00bfy si no pertenecemos a La Tierra? Esa pregunta me la hice muchas veces, buscando mi verdadero origen, m\u00e1s all\u00e1 de las historias religiosas o teor\u00edas que nos cuentan en los colegios que, en lo profundo<\/p>\n","protected":false},"author":2,"featured_media":4879,"comment_status":"open","ping_status":"open","sticky":false,"template":"","format":"standard","meta":{"footnotes":""},"categories":[44,35],"tags":[81,232],"class_list":{"0":"post-4878","1":"post","2":"type-post","3":"status-publish","4":"format-standard","5":"has-post-thumbnail","7":"category-minuto-a-minuto","8":"category-opinion","9":"tag-jose-antonio-alcaraz-suarez","10":"tag-semillas-estelares"},"yoast_head":"<!-- This site is optimized with the Yoast SEO plugin v26.1.1 - https:\/\/yoast.com\/wordpress\/plugins\/seo\/ -->\n<title>\u00bfY si no somos de este planeta? - El Cardinal<\/title>\n<meta name=\"robots\" content=\"index, follow, max-snippet:-1, max-image-preview:large, max-video-preview:-1\" \/>\n<link rel=\"canonical\" href=\"https:\/\/elcardinal.com\/?p=4878\" \/>\n<meta property=\"og:locale\" content=\"es_MX\" \/>\n<meta property=\"og:type\" content=\"article\" \/>\n<meta property=\"og:title\" content=\"\u00bfY si no somos de este planeta? - El Cardinal\" \/>\n<meta property=\"og:description\" content=\"Por: Jos\u00e9 Antonio Alcaraz Su\u00e1rez Cada que observo el comportamiento humano en el planeta, una extra\u00f1a sensaci\u00f3n me recorre: \u00bfy si no pertenecemos a La Tierra? Esa pregunta me la hice muchas veces, buscando mi verdadero origen, m\u00e1s all\u00e1 de las historias religiosas o teor\u00edas que nos cuentan en los colegios que, en lo profundo\" \/>\n<meta property=\"og:url\" content=\"https:\/\/elcardinal.com\/?p=4878\" \/>\n<meta property=\"og:site_name\" content=\"El Cardinal\" \/>\n<meta property=\"article:publisher\" content=\"https:\/\/www.facebook.com\/profile.php?id=100063093107011\" \/>\n<meta property=\"article:published_time\" content=\"2025-07-06T17:28:33+00:00\" \/>\n<meta property=\"og:image\" content=\"https:\/\/elcardinal.com\/wp-content\/uploads\/2025\/07\/490660254_996134765832951_4491792580100797416_n.jpg\" \/>\n\t<meta property=\"og:image:width\" content=\"940\" \/>\n\t<meta property=\"og:image:height\" content=\"788\" \/>\n\t<meta property=\"og:image:type\" content=\"image\/jpeg\" \/>\n<meta name=\"author\" content=\"Antonio Alcaraz\" \/>\n<meta name=\"twitter:card\" content=\"summary_large_image\" \/>\n<meta name=\"twitter:creator\" content=\"@ElCardinal_Mx\" \/>\n<meta name=\"twitter:site\" content=\"@ElCardinal_Mx\" \/>\n<meta name=\"twitter:label1\" content=\"Escrito por\" \/>\n\t<meta name=\"twitter:data1\" content=\"Antonio Alcaraz\" \/>\n\t<meta name=\"twitter:label2\" content=\"Tiempo de lectura\" \/>\n\t<meta name=\"twitter:data2\" content=\"3 minutos\" \/>\n<script type=\"application\/ld+json\" class=\"yoast-schema-graph\">{\"@context\":\"https:\/\/schema.org\",\"@graph\":[{\"@type\":\"Article\",\"@id\":\"https:\/\/elcardinal.com\/?p=4878#article\",\"isPartOf\":{\"@id\":\"https:\/\/elcardinal.com\/?p=4878\"},\"author\":{\"name\":\"Antonio Alcaraz\",\"@id\":\"https:\/\/elcardinal.com\/#\/schema\/person\/3c352ec0a33987fe275c0e8a2ea69f8b\"},\"headline\":\"\u00bfY si no somos de este planeta?\",\"datePublished\":\"2025-07-06T17:28:33+00:00\",\"mainEntityOfPage\":{\"@id\":\"https:\/\/elcardinal.com\/?p=4878\"},\"wordCount\":656,\"commentCount\":0,\"publisher\":{\"@id\":\"https:\/\/elcardinal.com\/#organization\"},\"image\":{\"@id\":\"https:\/\/elcardinal.com\/?p=4878#primaryimage\"},\"thumbnailUrl\":\"https:\/\/elcardinal.com\/wp-content\/uploads\/2025\/07\/490660254_996134765832951_4491792580100797416_n.jpg\",\"keywords\":[\"Jos\u00e9 Antonio Alcaraz Su\u00e1rez\",\"Semillas Estelares\"],\"articleSection\":[\"Minuto a Minuto\",\"Opini\u00f3n\"],\"inLanguage\":\"es\",\"potentialAction\":[{\"@type\":\"CommentAction\",\"name\":\"Comment\",\"target\":[\"https:\/\/elcardinal.com\/?p=4878#respond\"]}]},{\"@type\":\"WebPage\",\"@id\":\"https:\/\/elcardinal.com\/?p=4878\",\"url\":\"https:\/\/elcardinal.com\/?p=4878\",\"name\":\"\u00bfY si no somos de este planeta? - El Cardinal\",\"isPartOf\":{\"@id\":\"https:\/\/elcardinal.com\/#website\"},\"primaryImageOfPage\":{\"@id\":\"https:\/\/elcardinal.com\/?p=4878#primaryimage\"},\"image\":{\"@id\":\"https:\/\/elcardinal.com\/?p=4878#primaryimage\"},\"thumbnailUrl\":\"https:\/\/elcardinal.com\/wp-content\/uploads\/2025\/07\/490660254_996134765832951_4491792580100797416_n.jpg\",\"datePublished\":\"2025-07-06T17:28:33+00:00\",\"breadcrumb\":{\"@id\":\"https:\/\/elcardinal.com\/?p=4878#breadcrumb\"},\"inLanguage\":\"es\",\"potentialAction\":[{\"@type\":\"ReadAction\",\"target\":[\"https:\/\/elcardinal.com\/?p=4878\"]}]},{\"@type\":\"ImageObject\",\"inLanguage\":\"es\",\"@id\":\"https:\/\/elcardinal.com\/?p=4878#primaryimage\",\"url\":\"https:\/\/elcardinal.com\/wp-content\/uploads\/2025\/07\/490660254_996134765832951_4491792580100797416_n.jpg\",\"contentUrl\":\"https:\/\/elcardinal.com\/wp-content\/uploads\/2025\/07\/490660254_996134765832951_4491792580100797416_n.jpg\",\"width\":940,\"height\":788},{\"@type\":\"BreadcrumbList\",\"@id\":\"https:\/\/elcardinal.com\/?p=4878#breadcrumb\",\"itemListElement\":[{\"@type\":\"ListItem\",\"position\":1,\"name\":\"Inicio\",\"item\":\"https:\/\/elcardinal.com\/\"},{\"@type\":\"ListItem\",\"position\":2,\"name\":\"\u00bfY si no somos de este planeta?\"}]},{\"@type\":\"WebSite\",\"@id\":\"https:\/\/elcardinal.com\/#website\",\"url\":\"https:\/\/elcardinal.com\/\",\"name\":\"El Cardinal\",\"description\":\"Periodismo honesto, con valor, sentido humano, a veces sarc\u00e1stico y divertido.\",\"publisher\":{\"@id\":\"https:\/\/elcardinal.com\/#organization\"},\"alternateName\":\"El Cardinal Noticias\",\"potentialAction\":[{\"@type\":\"SearchAction\",\"target\":{\"@type\":\"EntryPoint\",\"urlTemplate\":\"https:\/\/elcardinal.com\/?s={search_term_string}\"},\"query-input\":{\"@type\":\"PropertyValueSpecification\",\"valueRequired\":true,\"valueName\":\"search_term_string\"}}],\"inLanguage\":\"es\"},{\"@type\":\"Organization\",\"@id\":\"https:\/\/elcardinal.com\/#organization\",\"name\":\"El Cardinal\",\"url\":\"https:\/\/elcardinal.com\/\",\"logo\":{\"@type\":\"ImageObject\",\"inLanguage\":\"es\",\"@id\":\"https:\/\/elcardinal.com\/#\/schema\/logo\/image\/\",\"url\":\"https:\/\/elcardinal.com\/wp-content\/uploads\/2025\/04\/LOGO-EL-CARDINAL-Periodismo-con-valor.png\",\"contentUrl\":\"https:\/\/elcardinal.com\/wp-content\/uploads\/2025\/04\/LOGO-EL-CARDINAL-Periodismo-con-valor.png\",\"width\":755,\"height\":636,\"caption\":\"El Cardinal\"},\"image\":{\"@id\":\"https:\/\/elcardinal.com\/#\/schema\/logo\/image\/\"},\"sameAs\":[\"https:\/\/www.facebook.com\/profile.php?id=100063093107011\",\"https:\/\/x.com\/ElCardinal_Mx\"]},{\"@type\":\"Person\",\"@id\":\"https:\/\/elcardinal.com\/#\/schema\/person\/3c352ec0a33987fe275c0e8a2ea69f8b\",\"name\":\"Antonio Alcaraz\",\"image\":{\"@type\":\"ImageObject\",\"inLanguage\":\"es\",\"@id\":\"https:\/\/elcardinal.com\/#\/schema\/person\/image\/\",\"url\":\"https:\/\/elcardinal.com\/wp-content\/uploads\/2025\/05\/cropped-TONO-96x96.jpg\",\"contentUrl\":\"https:\/\/elcardinal.com\/wp-content\/uploads\/2025\/05\/cropped-TONO-96x96.jpg\",\"caption\":\"Antonio Alcaraz\"},\"url\":\"https:\/\/elcardinal.com\/?author=2\"}]}<\/script>\n<!-- \/ Yoast SEO plugin. -->","yoast_head_json":{"title":"\u00bfY si no somos de este planeta? - El Cardinal","robots":{"index":"index","follow":"follow","max-snippet":"max-snippet:-1","max-image-preview":"max-image-preview:large","max-video-preview":"max-video-preview:-1"},"canonical":"https:\/\/elcardinal.com\/?p=4878","og_locale":"es_MX","og_type":"article","og_title":"\u00bfY si no somos de este planeta? - El Cardinal","og_description":"Por: Jos\u00e9 Antonio Alcaraz Su\u00e1rez Cada que observo el comportamiento humano en el planeta, una extra\u00f1a sensaci\u00f3n me recorre: \u00bfy si no pertenecemos a La Tierra? Esa pregunta me la hice muchas veces, buscando mi verdadero origen, m\u00e1s all\u00e1 de las historias religiosas o teor\u00edas que nos cuentan en los colegios que, en lo profundo","og_url":"https:\/\/elcardinal.com\/?p=4878","og_site_name":"El Cardinal","article_publisher":"https:\/\/www.facebook.com\/profile.php?id=100063093107011","article_published_time":"2025-07-06T17:28:33+00:00","og_image":[{"width":940,"height":788,"url":"https:\/\/elcardinal.com\/wp-content\/uploads\/2025\/07\/490660254_996134765832951_4491792580100797416_n.jpg","type":"image\/jpeg"}],"author":"Antonio Alcaraz","twitter_card":"summary_large_image","twitter_creator":"@ElCardinal_Mx","twitter_site":"@ElCardinal_Mx","twitter_misc":{"Escrito por":"Antonio Alcaraz","Tiempo de lectura":"3 minutos"},"schema":{"@context":"https:\/\/schema.org","@graph":[{"@type":"Article","@id":"https:\/\/elcardinal.com\/?p=4878#article","isPartOf":{"@id":"https:\/\/elcardinal.com\/?p=4878"},"author":{"name":"Antonio Alcaraz","@id":"https:\/\/elcardinal.com\/#\/schema\/person\/3c352ec0a33987fe275c0e8a2ea69f8b"},"headline":"\u00bfY si no somos de este planeta?","datePublished":"2025-07-06T17:28:33+00:00","mainEntityOfPage":{"@id":"https:\/\/elcardinal.com\/?p=4878"},"wordCount":656,"commentCount":0,"publisher":{"@id":"https:\/\/elcardinal.com\/#organization"},"image":{"@id":"https:\/\/elcardinal.com\/?p=4878#primaryimage"},"thumbnailUrl":"https:\/\/elcardinal.com\/wp-content\/uploads\/2025\/07\/490660254_996134765832951_4491792580100797416_n.jpg","keywords":["Jos\u00e9 Antonio Alcaraz Su\u00e1rez","Semillas Estelares"],"articleSection":["Minuto a Minuto","Opini\u00f3n"],"inLanguage":"es","potentialAction":[{"@type":"CommentAction","name":"Comment","target":["https:\/\/elcardinal.com\/?p=4878#respond"]}]},{"@type":"WebPage","@id":"https:\/\/elcardinal.com\/?p=4878","url":"https:\/\/elcardinal.com\/?p=4878","name":"\u00bfY si no somos de este planeta? - El Cardinal","isPartOf":{"@id":"https:\/\/elcardinal.com\/#website"},"primaryImageOfPage":{"@id":"https:\/\/elcardinal.com\/?p=4878#primaryimage"},"image":{"@id":"https:\/\/elcardinal.com\/?p=4878#primaryimage"},"thumbnailUrl":"https:\/\/elcardinal.com\/wp-content\/uploads\/2025\/07\/490660254_996134765832951_4491792580100797416_n.jpg","datePublished":"2025-07-06T17:28:33+00:00","breadcrumb":{"@id":"https:\/\/elcardinal.com\/?p=4878#breadcrumb"},"inLanguage":"es","potentialAction":[{"@type":"ReadAction","target":["https:\/\/elcardinal.com\/?p=4878"]}]},{"@type":"ImageObject","inLanguage":"es","@id":"https:\/\/elcardinal.com\/?p=4878#primaryimage","url":"https:\/\/elcardinal.com\/wp-content\/uploads\/2025\/07\/490660254_996134765832951_4491792580100797416_n.jpg","contentUrl":"https:\/\/elcardinal.com\/wp-content\/uploads\/2025\/07\/490660254_996134765832951_4491792580100797416_n.jpg","width":940,"height":788},{"@type":"BreadcrumbList","@id":"https:\/\/elcardinal.com\/?p=4878#breadcrumb","itemListElement":[{"@type":"ListItem","position":1,"name":"Inicio","item":"https:\/\/elcardinal.com\/"},{"@type":"ListItem","position":2,"name":"\u00bfY si no somos de este planeta?"}]},{"@type":"WebSite","@id":"https:\/\/elcardinal.com\/#website","url":"https:\/\/elcardinal.com\/","name":"El Cardinal","description":"Periodismo honesto, con valor, sentido humano, a veces sarc\u00e1stico y divertido.","publisher":{"@id":"https:\/\/elcardinal.com\/#organization"},"alternateName":"El Cardinal Noticias","potentialAction":[{"@type":"SearchAction","target":{"@type":"EntryPoint","urlTemplate":"https:\/\/elcardinal.com\/?s={search_term_string}"},"query-input":{"@type":"PropertyValueSpecification","valueRequired":true,"valueName":"search_term_string"}}],"inLanguage":"es"},{"@type":"Organization","@id":"https:\/\/elcardinal.com\/#organization","name":"El Cardinal","url":"https:\/\/elcardinal.com\/","logo":{"@type":"ImageObject","inLanguage":"es","@id":"https:\/\/elcardinal.com\/#\/schema\/logo\/image\/","url":"https:\/\/elcardinal.com\/wp-content\/uploads\/2025\/04\/LOGO-EL-CARDINAL-Periodismo-con-valor.png","contentUrl":"https:\/\/elcardinal.com\/wp-content\/uploads\/2025\/04\/LOGO-EL-CARDINAL-Periodismo-con-valor.png","width":755,"height":636,"caption":"El Cardinal"},"image":{"@id":"https:\/\/elcardinal.com\/#\/schema\/logo\/image\/"},"sameAs":["https:\/\/www.facebook.com\/profile.php?id=100063093107011","https:\/\/x.com\/ElCardinal_Mx"]},{"@type":"Person","@id":"https:\/\/elcardinal.com\/#\/schema\/person\/3c352ec0a33987fe275c0e8a2ea69f8b","name":"Antonio Alcaraz","image":{"@type":"ImageObject","inLanguage":"es","@id":"https:\/\/elcardinal.com\/#\/schema\/person\/image\/","url":"https:\/\/elcardinal.com\/wp-content\/uploads\/2025\/05\/cropped-TONO-96x96.jpg","contentUrl":"https:\/\/elcardinal.com\/wp-content\/uploads\/2025\/05\/cropped-TONO-96x96.jpg","caption":"Antonio Alcaraz"},"url":"https:\/\/elcardinal.com\/?author=2"}]}},"_links":{"self":[{"href":"https:\/\/elcardinal.com\/index.php?rest_route=\/wp\/v2\/posts\/4878","targetHints":{"allow":["GET"]}}],"collection":[{"href":"https:\/\/elcardinal.com\/index.php?rest_route=\/wp\/v2\/posts"}],"about":[{"href":"https:\/\/elcardinal.com\/index.php?rest_route=\/wp\/v2\/types\/post"}],"author":[{"embeddable":true,"href":"https:\/\/elcardinal.com\/index.php?rest_route=\/wp\/v2\/users\/2"}],"replies":[{"embeddable":true,"href":"https:\/\/elcardinal.com\/index.php?rest_route=%2Fwp%2Fv2%2Fcomments&post=4878"}],"version-history":[{"count":1,"href":"https:\/\/elcardinal.com\/index.php?rest_route=\/wp\/v2\/posts\/4878\/revisions"}],"predecessor-version":[{"id":4880,"href":"https:\/\/elcardinal.com\/index.php?rest_route=\/wp\/v2\/posts\/4878\/revisions\/4880"}],"wp:featuredmedia":[{"embeddable":true,"href":"https:\/\/elcardinal.com\/index.php?rest_route=\/wp\/v2\/media\/4879"}],"wp:attachment":[{"href":"https:\/\/elcardinal.com\/index.php?rest_route=%2Fwp%2Fv2%2Fmedia&parent=4878"}],"wp:term":[{"taxonomy":"category","embeddable":true,"href":"https:\/\/elcardinal.com\/index.php?rest_route=%2Fwp%2Fv2%2Fcategories&post=4878"},{"taxonomy":"post_tag","embeddable":true,"href":"https:\/\/elcardinal.com\/index.php?rest_route=%2Fwp%2Fv2%2Ftags&post=4878"}],"curies":[{"name":"wp","href":"https:\/\/api.w.org\/{rel}","templated":true}]}}