{"id":4882,"date":"2025-07-07T22:35:21","date_gmt":"2025-07-08T04:35:21","guid":{"rendered":"https:\/\/elcardinal.com\/?p=4882"},"modified":"2025-07-07T22:35:21","modified_gmt":"2025-07-08T04:35:21","slug":"andres-velazquez-abre-casa-de-atencion-ciudadana-para-fortalecer-la-cercania-con-el-pueblo","status":"publish","type":"post","link":"https:\/\/elcardinal.com\/?p=4882","title":{"rendered":"Andr\u00e9s Vel\u00e1zquez abre Casa de Atenci\u00f3n Ciudadana para fortalecer la cercan\u00eda con el pueblo"},"content":{"rendered":"<p data-start=\"78\" data-end=\"365\">Por: <strong>Jos\u00e9 Antonio Alcaraz Su\u00e1rez\u00a0<\/strong><\/p>\n<p data-start=\"78\" data-end=\"365\">Pachuca, Hidalgo.\u2013 En un acto que reafirma su compromiso con las causas sociales y la cercan\u00eda con el pueblo, el diputado <strong>Andr\u00e9s Vel\u00e1zquez V\u00e1zquez<\/strong>, presidente de la Junta de Gobierno del Congreso de Hidalgo, inaugur\u00f3 su <strong>Casa de Atenci\u00f3n Ciudadana<\/strong>, ubicada en el distrito XIII de Pachuca.<\/p>\n<blockquote>\n<p data-start=\"367\" data-end=\"812\">El legislador destac\u00f3 que este espacio representa m\u00e1s que una oficina: \u201cEs un puente entre el Congreso y el pueblo, donde cada persona ser\u00e1 escuchada y cada necesidad atendida con respeto y sensibilidad, bajo la firme convicci\u00f3n de servir, unir y dignificar\u201d. Se\u00f1al\u00f3 que la Casa de Atenci\u00f3n ser\u00e1 punto de encuentro donde se escucha con empat\u00eda, se legisla con responsabilidad y se transforma la realidad mediante la gesti\u00f3n y el trabajo cercano.<\/p>\n<\/blockquote>\n<p data-start=\"814\" data-end=\"1192\">Durante la ceremonia, <strong>Marco Antonio Rico Mercado<\/strong>, dirigente estatal de Morena, asegur\u00f3 que esta oficina contribuir\u00e1 de forma significativa a la transformaci\u00f3n y mejora de la vida de los pachuque\u00f1os. Por su parte, la senadora Simey Olvera Bautista subray\u00f3 la importancia de sumar esfuerzos entre los poderes Ejecutivo, Legislativo y Judicial para llevar estos espacios al pueblo.<\/p>\n<p data-start=\"1194\" data-end=\"1622\">Tambi\u00e9n particip\u00f3<strong> Alejandro Vel\u00e1zquez Mendoza,<\/strong> secretario del despacho del gobernador, quien exhort\u00f3 a las autoridades a seguir atentos a las causas ciudadanas: \u201cNos exigen y debemos corresponder a su confianza\u201d. A su vez, el presidente municipal de Pachuca, <strong>Jorge Reyes Hern\u00e1ndez<\/strong>, expres\u00f3 su agradecimiento al Congreso por el respaldo brindado al ayuntamiento y celebr\u00f3 la uni\u00f3n de esfuerzos entre los tres niveles de gobierno.<\/p>\n<p data-start=\"1624\" data-end=\"2005\"><strong>Eduardo Med\u00e9cigo Rubio<\/strong>, presidente municipal de Mineral de la Reforma, reconoci\u00f3 la responsabilidad que implica abrir una casa de atenci\u00f3n y resalt\u00f3 su importancia para atender las gestiones sociales. En tanto, <strong>Juan Evel Ch\u00e1vez Trovamala<\/strong>, titular de la Caasim, refrend\u00f3 el compromiso del organismo para continuar atendiendo las solicitudes ciudadanas canalizadas desde el Congreso.<\/p>\n<p data-start=\"2007\" data-end=\"2249\"><strong>Ra\u00fal Rodr\u00edguez Ram\u00edrez<\/strong>, delegado del Barrio M\u00e1gico El Arbolito, agradeci\u00f3 al diputado Andr\u00e9s Vel\u00e1zquez por su incansable labor y apoyo a la comunidad: \u201cSu compromiso con nuestra gente es un ejemplo de trabajo cercano y de resultados\u201d, afirm\u00f3.<\/p>\n<p data-start=\"2251\" data-end=\"2530\" data-is-last-node=\"\" data-is-only-node=\"\">Al evento asistieron tambi\u00e9n las diputadas Lizbeth Ira\u00eds Ordaz Islas, Tania Er\u00e9ndira Meza Escorza, Hilda Miranda Miranda, y los diputados Miguel \u00c1ngel Moreno Zamora y Juan Pablo Escalante Urb\u00e1n, as\u00ed como delegados, comisariados ejidales, empresarios y l\u00edderes del comercio local.<\/p>\n","protected":false},"excerpt":{"rendered":"<p>Por: Jos\u00e9 Antonio Alcaraz Su\u00e1rez\u00a0 Pachuca, Hidalgo.\u2013 En un acto que reafirma su compromiso con las causas sociales y la cercan\u00eda con el pueblo, el diputado Andr\u00e9s Vel\u00e1zquez V\u00e1zquez, presidente de la Junta de Gobierno del Congreso de Hidalgo, inaugur\u00f3 su Casa de Atenci\u00f3n Ciudadana, ubicada en el distrito XIII de Pachuca. El legislador destac\u00f3<\/p>\n","protected":false},"author":2,"featured_media":4883,"comment_status":"open","ping_status":"open","sticky":false,"template":"","format":"standard","meta":{"footnotes":""},"categories":[31,44,39],"tags":[70,65],"class_list":{"0":"post-4882","1":"post","2":"type-post","3":"status-publish","4":"format-standard","5":"has-post-thumbnail","7":"category-hidalgo","8":"category-minuto-a-minuto","9":"category-politica","10":"tag-andres-velazquez","11":"tag-pachuca"},"yoast_head":"<!-- This site is optimized with the Yoast SEO plugin v26.1.1 - https:\/\/yoast.com\/wordpress\/plugins\/seo\/ -->\n<title>Andr\u00e9s Vel\u00e1zquez abre Casa de Atenci\u00f3n Ciudadana para fortalecer la cercan\u00eda con el pueblo - El Cardinal<\/title>\n<meta name=\"robots\" content=\"index, follow, max-snippet:-1, max-image-preview:large, max-video-preview:-1\" \/>\n<link rel=\"canonical\" href=\"https:\/\/elcardinal.com\/?p=4882\" \/>\n<meta property=\"og:locale\" content=\"es_MX\" \/>\n<meta property=\"og:type\" content=\"article\" \/>\n<meta property=\"og:title\" content=\"Andr\u00e9s Vel\u00e1zquez abre Casa de Atenci\u00f3n Ciudadana para fortalecer la cercan\u00eda con el pueblo - El Cardinal\" \/>\n<meta property=\"og:description\" content=\"Por: Jos\u00e9 Antonio Alcaraz Su\u00e1rez\u00a0 Pachuca, Hidalgo.\u2013 En un acto que reafirma su compromiso con las causas sociales y la cercan\u00eda con el pueblo, el diputado Andr\u00e9s Vel\u00e1zquez V\u00e1zquez, presidente de la Junta de Gobierno del Congreso de Hidalgo, inaugur\u00f3 su Casa de Atenci\u00f3n Ciudadana, ubicada en el distrito XIII de Pachuca. El legislador destac\u00f3\" \/>\n<meta property=\"og:url\" content=\"https:\/\/elcardinal.com\/?p=4882\" \/>\n<meta property=\"og:site_name\" content=\"El Cardinal\" \/>\n<meta property=\"article:publisher\" content=\"https:\/\/www.facebook.com\/profile.php?id=100063093107011\" \/>\n<meta property=\"article:published_time\" content=\"2025-07-08T04:35:21+00:00\" \/>\n<meta property=\"og:image\" content=\"https:\/\/elcardinal.com\/wp-content\/uploads\/2025\/07\/d5a929cc-e2fe-4009-9c0b-74496a334148.jpg\" \/>\n\t<meta property=\"og:image:width\" content=\"1599\" \/>\n\t<meta property=\"og:image:height\" content=\"1066\" \/>\n\t<meta property=\"og:image:type\" content=\"image\/jpeg\" \/>\n<meta name=\"author\" content=\"Antonio Alcaraz\" \/>\n<meta name=\"twitter:card\" content=\"summary_large_image\" \/>\n<meta name=\"twitter:creator\" content=\"@ElCardinal_Mx\" \/>\n<meta name=\"twitter:site\" content=\"@ElCardinal_Mx\" \/>\n<meta name=\"twitter:label1\" content=\"Escrito por\" \/>\n\t<meta name=\"twitter:data1\" content=\"Antonio Alcaraz\" \/>\n\t<meta name=\"twitter:label2\" content=\"Tiempo de lectura\" \/>\n\t<meta name=\"twitter:data2\" content=\"2 minutos\" \/>\n<script type=\"application\/ld+json\" class=\"yoast-schema-graph\">{\"@context\":\"https:\/\/schema.org\",\"@graph\":[{\"@type\":\"Article\",\"@id\":\"https:\/\/elcardinal.com\/?p=4882#article\",\"isPartOf\":{\"@id\":\"https:\/\/elcardinal.com\/?p=4882\"},\"author\":{\"name\":\"Antonio Alcaraz\",\"@id\":\"https:\/\/elcardinal.com\/#\/schema\/person\/3c352ec0a33987fe275c0e8a2ea69f8b\"},\"headline\":\"Andr\u00e9s Vel\u00e1zquez abre Casa de Atenci\u00f3n Ciudadana para fortalecer la cercan\u00eda con el pueblo\",\"datePublished\":\"2025-07-08T04:35:21+00:00\",\"mainEntityOfPage\":{\"@id\":\"https:\/\/elcardinal.com\/?p=4882\"},\"wordCount\":428,\"commentCount\":0,\"publisher\":{\"@id\":\"https:\/\/elcardinal.com\/#organization\"},\"image\":{\"@id\":\"https:\/\/elcardinal.com\/?p=4882#primaryimage\"},\"thumbnailUrl\":\"https:\/\/elcardinal.com\/wp-content\/uploads\/2025\/07\/d5a929cc-e2fe-4009-9c0b-74496a334148.jpg\",\"keywords\":[\"Andr\u00e9s Vel\u00e1zquez\",\"Pachuca\"],\"articleSection\":[\"Hidalgo\",\"Minuto a Minuto\",\"Pol\u00edtica\"],\"inLanguage\":\"es\",\"potentialAction\":[{\"@type\":\"CommentAction\",\"name\":\"Comment\",\"target\":[\"https:\/\/elcardinal.com\/?p=4882#respond\"]}]},{\"@type\":\"WebPage\",\"@id\":\"https:\/\/elcardinal.com\/?p=4882\",\"url\":\"https:\/\/elcardinal.com\/?p=4882\",\"name\":\"Andr\u00e9s Vel\u00e1zquez abre Casa de Atenci\u00f3n Ciudadana para fortalecer la cercan\u00eda con el pueblo - El Cardinal\",\"isPartOf\":{\"@id\":\"https:\/\/elcardinal.com\/#website\"},\"primaryImageOfPage\":{\"@id\":\"https:\/\/elcardinal.com\/?p=4882#primaryimage\"},\"image\":{\"@id\":\"https:\/\/elcardinal.com\/?p=4882#primaryimage\"},\"thumbnailUrl\":\"https:\/\/elcardinal.com\/wp-content\/uploads\/2025\/07\/d5a929cc-e2fe-4009-9c0b-74496a334148.jpg\",\"datePublished\":\"2025-07-08T04:35:21+00:00\",\"breadcrumb\":{\"@id\":\"https:\/\/elcardinal.com\/?p=4882#breadcrumb\"},\"inLanguage\":\"es\",\"potentialAction\":[{\"@type\":\"ReadAction\",\"target\":[\"https:\/\/elcardinal.com\/?p=4882\"]}]},{\"@type\":\"ImageObject\",\"inLanguage\":\"es\",\"@id\":\"https:\/\/elcardinal.com\/?p=4882#primaryimage\",\"url\":\"https:\/\/elcardinal.com\/wp-content\/uploads\/2025\/07\/d5a929cc-e2fe-4009-9c0b-74496a334148.jpg\",\"contentUrl\":\"https:\/\/elcardinal.com\/wp-content\/uploads\/2025\/07\/d5a929cc-e2fe-4009-9c0b-74496a334148.jpg\",\"width\":1599,\"height\":1066},{\"@type\":\"BreadcrumbList\",\"@id\":\"https:\/\/elcardinal.com\/?p=4882#breadcrumb\",\"itemListElement\":[{\"@type\":\"ListItem\",\"position\":1,\"name\":\"Inicio\",\"item\":\"https:\/\/elcardinal.com\/\"},{\"@type\":\"ListItem\",\"position\":2,\"name\":\"Andr\u00e9s Vel\u00e1zquez abre Casa de Atenci\u00f3n Ciudadana para fortalecer la cercan\u00eda con el pueblo\"}]},{\"@type\":\"WebSite\",\"@id\":\"https:\/\/elcardinal.com\/#website\",\"url\":\"https:\/\/elcardinal.com\/\",\"name\":\"El Cardinal\",\"description\":\"Periodismo honesto, con valor, sentido humano, a veces sarc\u00e1stico y divertido.\",\"publisher\":{\"@id\":\"https:\/\/elcardinal.com\/#organization\"},\"alternateName\":\"El Cardinal Noticias\",\"potentialAction\":[{\"@type\":\"SearchAction\",\"target\":{\"@type\":\"EntryPoint\",\"urlTemplate\":\"https:\/\/elcardinal.com\/?s={search_term_string}\"},\"query-input\":{\"@type\":\"PropertyValueSpecification\",\"valueRequired\":true,\"valueName\":\"search_term_string\"}}],\"inLanguage\":\"es\"},{\"@type\":\"Organization\",\"@id\":\"https:\/\/elcardinal.com\/#organization\",\"name\":\"El Cardinal\",\"url\":\"https:\/\/elcardinal.com\/\",\"logo\":{\"@type\":\"ImageObject\",\"inLanguage\":\"es\",\"@id\":\"https:\/\/elcardinal.com\/#\/schema\/logo\/image\/\",\"url\":\"https:\/\/elcardinal.com\/wp-content\/uploads\/2025\/04\/LOGO-EL-CARDINAL-Periodismo-con-valor.png\",\"contentUrl\":\"https:\/\/elcardinal.com\/wp-content\/uploads\/2025\/04\/LOGO-EL-CARDINAL-Periodismo-con-valor.png\",\"width\":755,\"height\":636,\"caption\":\"El Cardinal\"},\"image\":{\"@id\":\"https:\/\/elcardinal.com\/#\/schema\/logo\/image\/\"},\"sameAs\":[\"https:\/\/www.facebook.com\/profile.php?id=100063093107011\",\"https:\/\/x.com\/ElCardinal_Mx\"]},{\"@type\":\"Person\",\"@id\":\"https:\/\/elcardinal.com\/#\/schema\/person\/3c352ec0a33987fe275c0e8a2ea69f8b\",\"name\":\"Antonio Alcaraz\",\"image\":{\"@type\":\"ImageObject\",\"inLanguage\":\"es\",\"@id\":\"https:\/\/elcardinal.com\/#\/schema\/person\/image\/\",\"url\":\"https:\/\/elcardinal.com\/wp-content\/uploads\/2025\/05\/cropped-TONO-96x96.jpg\",\"contentUrl\":\"https:\/\/elcardinal.com\/wp-content\/uploads\/2025\/05\/cropped-TONO-96x96.jpg\",\"caption\":\"Antonio Alcaraz\"},\"url\":\"https:\/\/elcardinal.com\/?author=2\"}]}<\/script>\n<!-- \/ Yoast SEO plugin. -->","yoast_head_json":{"title":"Andr\u00e9s Vel\u00e1zquez abre Casa de Atenci\u00f3n Ciudadana para fortalecer la cercan\u00eda con el pueblo - El Cardinal","robots":{"index":"index","follow":"follow","max-snippet":"max-snippet:-1","max-image-preview":"max-image-preview:large","max-video-preview":"max-video-preview:-1"},"canonical":"https:\/\/elcardinal.com\/?p=4882","og_locale":"es_MX","og_type":"article","og_title":"Andr\u00e9s Vel\u00e1zquez abre Casa de Atenci\u00f3n Ciudadana para fortalecer la cercan\u00eda con el pueblo - El Cardinal","og_description":"Por: Jos\u00e9 Antonio Alcaraz Su\u00e1rez\u00a0 Pachuca, Hidalgo.\u2013 En un acto que reafirma su compromiso con las causas sociales y la cercan\u00eda con el pueblo, el diputado Andr\u00e9s Vel\u00e1zquez V\u00e1zquez, presidente de la Junta de Gobierno del Congreso de Hidalgo, inaugur\u00f3 su Casa de Atenci\u00f3n Ciudadana, ubicada en el distrito XIII de Pachuca. El legislador destac\u00f3","og_url":"https:\/\/elcardinal.com\/?p=4882","og_site_name":"El Cardinal","article_publisher":"https:\/\/www.facebook.com\/profile.php?id=100063093107011","article_published_time":"2025-07-08T04:35:21+00:00","og_image":[{"width":1599,"height":1066,"url":"https:\/\/elcardinal.com\/wp-content\/uploads\/2025\/07\/d5a929cc-e2fe-4009-9c0b-74496a334148.jpg","type":"image\/jpeg"}],"author":"Antonio Alcaraz","twitter_card":"summary_large_image","twitter_creator":"@ElCardinal_Mx","twitter_site":"@ElCardinal_Mx","twitter_misc":{"Escrito por":"Antonio Alcaraz","Tiempo de lectura":"2 minutos"},"schema":{"@context":"https:\/\/schema.org","@graph":[{"@type":"Article","@id":"https:\/\/elcardinal.com\/?p=4882#article","isPartOf":{"@id":"https:\/\/elcardinal.com\/?p=4882"},"author":{"name":"Antonio Alcaraz","@id":"https:\/\/elcardinal.com\/#\/schema\/person\/3c352ec0a33987fe275c0e8a2ea69f8b"},"headline":"Andr\u00e9s Vel\u00e1zquez abre Casa de Atenci\u00f3n Ciudadana para fortalecer la cercan\u00eda con el pueblo","datePublished":"2025-07-08T04:35:21+00:00","mainEntityOfPage":{"@id":"https:\/\/elcardinal.com\/?p=4882"},"wordCount":428,"commentCount":0,"publisher":{"@id":"https:\/\/elcardinal.com\/#organization"},"image":{"@id":"https:\/\/elcardinal.com\/?p=4882#primaryimage"},"thumbnailUrl":"https:\/\/elcardinal.com\/wp-content\/uploads\/2025\/07\/d5a929cc-e2fe-4009-9c0b-74496a334148.jpg","keywords":["Andr\u00e9s Vel\u00e1zquez","Pachuca"],"articleSection":["Hidalgo","Minuto a Minuto","Pol\u00edtica"],"inLanguage":"es","potentialAction":[{"@type":"CommentAction","name":"Comment","target":["https:\/\/elcardinal.com\/?p=4882#respond"]}]},{"@type":"WebPage","@id":"https:\/\/elcardinal.com\/?p=4882","url":"https:\/\/elcardinal.com\/?p=4882","name":"Andr\u00e9s Vel\u00e1zquez abre Casa de Atenci\u00f3n Ciudadana para fortalecer la cercan\u00eda con el pueblo - El Cardinal","isPartOf":{"@id":"https:\/\/elcardinal.com\/#website"},"primaryImageOfPage":{"@id":"https:\/\/elcardinal.com\/?p=4882#primaryimage"},"image":{"@id":"https:\/\/elcardinal.com\/?p=4882#primaryimage"},"thumbnailUrl":"https:\/\/elcardinal.com\/wp-content\/uploads\/2025\/07\/d5a929cc-e2fe-4009-9c0b-74496a334148.jpg","datePublished":"2025-07-08T04:35:21+00:00","breadcrumb":{"@id":"https:\/\/elcardinal.com\/?p=4882#breadcrumb"},"inLanguage":"es","potentialAction":[{"@type":"ReadAction","target":["https:\/\/elcardinal.com\/?p=4882"]}]},{"@type":"ImageObject","inLanguage":"es","@id":"https:\/\/elcardinal.com\/?p=4882#primaryimage","url":"https:\/\/elcardinal.com\/wp-content\/uploads\/2025\/07\/d5a929cc-e2fe-4009-9c0b-74496a334148.jpg","contentUrl":"https:\/\/elcardinal.com\/wp-content\/uploads\/2025\/07\/d5a929cc-e2fe-4009-9c0b-74496a334148.jpg","width":1599,"height":1066},{"@type":"BreadcrumbList","@id":"https:\/\/elcardinal.com\/?p=4882#breadcrumb","itemListElement":[{"@type":"ListItem","position":1,"name":"Inicio","item":"https:\/\/elcardinal.com\/"},{"@type":"ListItem","position":2,"name":"Andr\u00e9s Vel\u00e1zquez abre Casa de Atenci\u00f3n Ciudadana para fortalecer la cercan\u00eda con el pueblo"}]},{"@type":"WebSite","@id":"https:\/\/elcardinal.com\/#website","url":"https:\/\/elcardinal.com\/","name":"El Cardinal","description":"Periodismo honesto, con valor, sentido humano, a veces sarc\u00e1stico y divertido.","publisher":{"@id":"https:\/\/elcardinal.com\/#organization"},"alternateName":"El Cardinal Noticias","potentialAction":[{"@type":"SearchAction","target":{"@type":"EntryPoint","urlTemplate":"https:\/\/elcardinal.com\/?s={search_term_string}"},"query-input":{"@type":"PropertyValueSpecification","valueRequired":true,"valueName":"search_term_string"}}],"inLanguage":"es"},{"@type":"Organization","@id":"https:\/\/elcardinal.com\/#organization","name":"El Cardinal","url":"https:\/\/elcardinal.com\/","logo":{"@type":"ImageObject","inLanguage":"es","@id":"https:\/\/elcardinal.com\/#\/schema\/logo\/image\/","url":"https:\/\/elcardinal.com\/wp-content\/uploads\/2025\/04\/LOGO-EL-CARDINAL-Periodismo-con-valor.png","contentUrl":"https:\/\/elcardinal.com\/wp-content\/uploads\/2025\/04\/LOGO-EL-CARDINAL-Periodismo-con-valor.png","width":755,"height":636,"caption":"El Cardinal"},"image":{"@id":"https:\/\/elcardinal.com\/#\/schema\/logo\/image\/"},"sameAs":["https:\/\/www.facebook.com\/profile.php?id=100063093107011","https:\/\/x.com\/ElCardinal_Mx"]},{"@type":"Person","@id":"https:\/\/elcardinal.com\/#\/schema\/person\/3c352ec0a33987fe275c0e8a2ea69f8b","name":"Antonio Alcaraz","image":{"@type":"ImageObject","inLanguage":"es","@id":"https:\/\/elcardinal.com\/#\/schema\/person\/image\/","url":"https:\/\/elcardinal.com\/wp-content\/uploads\/2025\/05\/cropped-TONO-96x96.jpg","contentUrl":"https:\/\/elcardinal.com\/wp-content\/uploads\/2025\/05\/cropped-TONO-96x96.jpg","caption":"Antonio Alcaraz"},"url":"https:\/\/elcardinal.com\/?author=2"}]}},"_links":{"self":[{"href":"https:\/\/elcardinal.com\/index.php?rest_route=\/wp\/v2\/posts\/4882","targetHints":{"allow":["GET"]}}],"collection":[{"href":"https:\/\/elcardinal.com\/index.php?rest_route=\/wp\/v2\/posts"}],"about":[{"href":"https:\/\/elcardinal.com\/index.php?rest_route=\/wp\/v2\/types\/post"}],"author":[{"embeddable":true,"href":"https:\/\/elcardinal.com\/index.php?rest_route=\/wp\/v2\/users\/2"}],"replies":[{"embeddable":true,"href":"https:\/\/elcardinal.com\/index.php?rest_route=%2Fwp%2Fv2%2Fcomments&post=4882"}],"version-history":[{"count":1,"href":"https:\/\/elcardinal.com\/index.php?rest_route=\/wp\/v2\/posts\/4882\/revisions"}],"predecessor-version":[{"id":4884,"href":"https:\/\/elcardinal.com\/index.php?rest_route=\/wp\/v2\/posts\/4882\/revisions\/4884"}],"wp:featuredmedia":[{"embeddable":true,"href":"https:\/\/elcardinal.com\/index.php?rest_route=\/wp\/v2\/media\/4883"}],"wp:attachment":[{"href":"https:\/\/elcardinal.com\/index.php?rest_route=%2Fwp%2Fv2%2Fmedia&parent=4882"}],"wp:term":[{"taxonomy":"category","embeddable":true,"href":"https:\/\/elcardinal.com\/index.php?rest_route=%2Fwp%2Fv2%2Fcategories&post=4882"},{"taxonomy":"post_tag","embeddable":true,"href":"https:\/\/elcardinal.com\/index.php?rest_route=%2Fwp%2Fv2%2Ftags&post=4882"}],"curies":[{"name":"wp","href":"https:\/\/api.w.org\/{rel}","templated":true}]}}