{"id":4885,"date":"2025-07-09T19:45:55","date_gmt":"2025-07-10T01:45:55","guid":{"rendered":"https:\/\/elcardinal.com\/?p=4885"},"modified":"2025-07-09T19:45:55","modified_gmt":"2025-07-10T01:45:55","slug":"con-dictamen-poder-legislativo-reconoce-a-mujeres-hidalguenses-destacadas","status":"publish","type":"post","link":"https:\/\/elcardinal.com\/?p=4885","title":{"rendered":"Con dictamen, Poder Legislativo reconoce a mujeres hidalguenses destacadas"},"content":{"rendered":"<p><span style=\"font-weight: 400;\">En sesi\u00f3n ordinaria, diputadas y diputados integrantes de la <\/span><b>LXVI Legislatura<\/b><span style=\"font-weight: 400;\"> avalaron con 25 votos a favor, cero en contra y cero abstenciones, el dictamen que aprueba con modificaciones la iniciativa que reforma la Ley de Inscripciones de Honor para el Reconocimiento de Mujeres Hidalguenses Destacadas, emitido por las primeras Comisiones Permanentes de Legislaci\u00f3n y Puntos Constitucionales y de Igualdad de G\u00e9nero, con lo cual se crear\u00e1 un espacio simb\u00f3lico en el recinto de Poder Legislativo del Estado, en el que se reconocer\u00e1 el esfuerzo y dedicaci\u00f3n de las mujeres que han destacado en cualquier \u00e1mbito de la vida.<\/span><\/p>\n<p><span style=\"font-weight: 400;\">La legisladora <\/span><b>Lizbeth Ira\u00eds Ordaz Islas<\/b><span style=\"font-weight: 400;\"> (Morena), promovente de la iniciativa, consider\u00f3 fundamental reconocer y resaltar, d\u00eda a d\u00eda, el invaluable trabajo y los logros de todas aquellas mujeres que, a lo largo de la historia, han sido sistem\u00e1ticamente invisibilizadas, a pesar de sus contribuciones significativas en diversas \u00e1reas de conocimiento, cultura, pol\u00edtica y ciencia.<\/span><\/p>\n<p>&nbsp;<\/p>\n<p><b>Segundo dictamen<\/b><\/p>\n<p><b>D\u00eda Estatal en contra de la Violencia a Personas No Binarias<\/b><\/p>\n<p><span style=\"font-weight: 400;\">Tambi\u00e9n avalaron con 24 votos a favor, cero en contra y cero abstenciones, el dictamen que aprueba la iniciativa que declara el 13 de noviembre de cada a\u00f1o como D\u00eda Estatal en contra de la Violencia a Personas No Binarias, emitido por la primera Comisi\u00f3n Permanente de Legislaci\u00f3n y Puntos Constitucionales.<\/span><\/p>\n<p><span style=\"font-weight: 400;\">La diputada <\/span><b>Alma Rosa El\u00edas Paso <\/b><span style=\"font-weight: 400;\">(Morena) indic\u00f3 que el prop\u00f3sito es visibilizar la violencia, discriminaci\u00f3n y la falta de oportunidades a las que se enfrentan las personas que se autoperciben como no binarias.<\/span><\/p>\n<p><span style=\"font-weight: 400;\">El legislador <\/span><b>Carlos Alejandro Alc\u00e1ntara Carbajal<\/b><span style=\"font-weight: 400;\"> (MC), promovente de la iniciativa junto a su compa\u00f1era <\/span><b>Karla Perales Arrieta<\/b><span style=\"font-weight: 400;\">, explic\u00f3 que esta fecha busca honrar su memoria y visibilizar a todas aquellas personas no binarias que existen, resisten y exigen vivir con dignidad. \u201cNo es suficiente con decir que todas las personas somos iguales ante la ley si no se nos reconoce a quienes hemos sido hist\u00f3ricamente excluides\u201d.<\/span><\/p>\n<p>&nbsp;<\/p>\n<p><b>Iniciativas<\/b><\/p>\n<p><b>Mecanismos de combate a la corrupci\u00f3n<\/b><\/p>\n<p><span style=\"font-weight: 400;\">Las y los diputados <\/span><b>Miguel \u00c1ngel Moreno Zamora , Lizbeth Irais Ordaz Islas<\/b><span style=\"font-weight: 400;\">, <\/span><b>Hilda Miranda Miranda<\/b><span style=\"font-weight: 400;\">, <\/span><b>Andr\u00e9s Vel\u00e1zquez V\u00e1zquez<\/b><span style=\"font-weight: 400;\">, <\/span><b>Juan Pablo Escalante Urb\u00e1n<\/b><span style=\"font-weight: 400;\">, <\/span><b>Arturo G\u00f3mez Canales<\/b><span style=\"font-weight: 400;\"> (Morena), <\/span><b>Jorge Arg\u00fcelles Salazar<\/b><span style=\"font-weight: 400;\"> y <\/span><b>Jos\u00e9 Mar\u00eda Alejandro P\u00e9rez Ram\u00edrez<\/b><span style=\"font-weight: 400;\"> (Nueva Alianza) presentaron la iniciativa que reforma la Ley de Responsabilidades Administrativas del Estado de Hidalgo, con el objetivo de actualizar el marco normativo, permitiendo contar con una ley local apegada a lo resuelto por la Suprema Corte de Justicia de la Naci\u00f3n; as\u00ed como armonizarla con la Ley General de Responsabilidades Administrativas, coadyuvando en la implementaci\u00f3n de mecanismos de combate a la corrupci\u00f3n, transparencia y rendici\u00f3n de cuentas.<\/span><\/p>\n<p>&nbsp;<\/p>\n<p><b>Prohibici\u00f3n de uni\u00f3n con menores de edad<\/b><\/p>\n<p><span style=\"font-weight: 400;\">Las y los diputados <\/span><b>Lizbeth Ira\u00eds Ordaz Islas<\/b><span style=\"font-weight: 400;\">, <\/span><b>Hilda Miranda Miranda<\/b><span style=\"font-weight: 400;\">, <\/span><b>Andr\u00e9s Vel\u00e1zquez V\u00e1zquez<\/b><span style=\"font-weight: 400;\">, <\/span><b>Juan Pablo Escalante Urb\u00e1n<\/b><span style=\"font-weight: 400;\">, <\/span><b>Miguel \u00c1ngel Moreno Zamora<\/b><span style=\"font-weight: 400;\">, <\/span><b>Arturo G\u00f3mez Canales<\/b><span style=\"font-weight: 400;\"> (Morena), <\/span><b>Jos\u00e9 Mar\u00eda Alejandro P\u00e9rez Ram\u00edrez<\/b><span style=\"font-weight: 400;\"> y <\/span><b>Jorge Arg\u00fcelles Salazar<\/b><span style=\"font-weight: 400;\"> (Nueva Alianza) detallaron la iniciativa que reforma la Constituci\u00f3n Pol\u00edtica del Estado de Hidalgo para prohibir cualquier tipo de uni\u00f3n que involucre a menores de edad y proteger sus derechos humanos.<\/span><\/p>\n<p>&nbsp;<\/p>\n<p><b>Protecci\u00f3n de derechos en propaganda pol\u00edtica<\/b><\/p>\n<p><span style=\"font-weight: 400;\">Las y los legisladores <\/span><b>Claudia Lilia Luna Islas<\/b><span style=\"font-weight: 400;\"> (PAN), <\/span><b>Johana Montcerrat Hern\u00e1ndez P\u00e9rez<\/b><span style=\"font-weight: 400;\">, <\/span><b>Marco Antonio Mendoza Bustamante<\/b><span style=\"font-weight: 400;\"> (PRI), <\/span><b>Avelino Tovar Iglesias<\/b><span style=\"font-weight: 400;\">, <\/span><b>Mar\u00eda Guadalupe Cruz Monta\u00f1o <\/b><span style=\"font-weight: 400;\">(PVEM), <\/span><b>Karla Perales Arrieta<\/b><span style=\"font-weight: 400;\">, <\/span><b>Carlos Alejandro Alc\u00e1ntara Carbajal<\/b><span style=\"font-weight: 400;\"> (MC), <\/span><b>Francisco Javier T\u00e9llez S\u00e1nchez<\/b><span style=\"font-weight: 400;\"> (PT), <\/span><b>Leonel Perusqu\u00eda Muedano<\/b><span style=\"font-weight: 400;\"> (PRD) y <\/span><b>Jos\u00e9 Luis Rodr\u00edguez Higareda<\/b><span style=\"font-weight: 400;\"> (Morena), presentaron la iniciativa que reforma el C\u00f3digo Electoral del Estado de Hidalgo, con el prop\u00f3sito de establecer medidas espec\u00edficas para la protecci\u00f3n de los derechos de ni\u00f1as, ni\u00f1os y adolescentes en el contexto de las precampa\u00f1as, campa\u00f1as y propaganda pol\u00edtico-electoral.<\/span><\/p>\n<p>&nbsp;<\/p>\n<p><b>Incorporaci\u00f3n de conceptos clave en materia ambiental<\/b><\/p>\n<p><span style=\"font-weight: 400;\">Las y los diputados <\/span><b>Mar\u00eda Guadalupe Cruz Monta\u00f1o<\/b><span style=\"font-weight: 400;\">, <\/span><b>Avelino Tovar Iglesias<\/b><span style=\"font-weight: 400;\"> (PVEM), <\/span><b>Marco Antonio Mendoza Bustamante<\/b><span style=\"font-weight: 400;\">, <\/span><b>Johana Montcerrat Hern\u00e1ndez P\u00e9rez<\/b><span style=\"font-weight: 400;\"> (PRI), <\/span><b>Claudia Lilia Luna Islas<\/b><span style=\"font-weight: 400;\"> (PAN<\/span><b>), Leonel Perusqu\u00eda Muedano<\/b><span style=\"font-weight: 400;\"> (PRD), <\/span><b>Carlos Alejandro Alc\u00e1ntara Carbajal<\/b><span style=\"font-weight: 400;\">, <\/span><b>Karla Perales Arrieta<\/b><span style=\"font-weight: 400;\"> (MC), <\/span><b>Francisco Javier T\u00e9llez S\u00e1nchez<\/b><span style=\"font-weight: 400;\"> y <\/span><b>Orqu\u00eddea Larragoiti Osorio<\/b><span style=\"font-weight: 400;\"> (PT) propusieron la iniciativa que modifica la Ley de Mitigaci\u00f3n y Adaptaci\u00f3n ante los Efectos del Cambio Clim\u00e1tico para el Estado de Hidalgo, con el fin de fortalecer el marco normativo mediante la incorporaci\u00f3n de conceptos clave como la vulnerabilidad diferenciada y la educaci\u00f3n ambiental, adem\u00e1s de la implementaci\u00f3n de estrategias espec\u00edficas de adaptaci\u00f3n y protecci\u00f3n.<\/span><\/p>\n<p>&nbsp;<\/p>\n<p><b>Apoyo a centros p\u00fablicos locales de investigaci\u00f3n<\/b><\/p>\n<p><span style=\"font-weight: 400;\">Las y los legisladores <\/span><b>Hilda Miranda Miranda<\/b><span style=\"font-weight: 400;\">, <\/span><b>Lizbeth Ira\u00eds Ordaz Islas<\/b><span style=\"font-weight: 400;\">, <\/span><b>Andr\u00e9s Vel\u00e1zquez V\u00e1zquez<\/b><span style=\"font-weight: 400;\">, <\/span><b>Arturo G\u00f3mez Canales<\/b><span style=\"font-weight: 400;\">, <\/span><b>Juan Pablo Escalante Urb\u00e1n<\/b><span style=\"font-weight: 400;\">, <\/span><b>Miguel \u00c1ngel Moreno Zamora<\/b><span style=\"font-weight: 400;\"> (Morena), <\/span><b>Jos\u00e9 Mar\u00eda Alejandro P\u00e9rez Ram\u00edrez<\/b><span style=\"font-weight: 400;\"> y <\/span><b>Jorge Arg\u00fcelles Salazar<\/b><span style=\"font-weight: 400;\"> (Nueva Alianza), detallaron la iniciativa que reforma el C\u00f3digo Electoral del Estado de Hidalgo, con la finalidad de facilitar que los centros p\u00fablicos locales de investigaci\u00f3n human\u00edstica, cient\u00edfica, desarrollo tecnol\u00f3gico e innovaci\u00f3n de Hidalgo, accedan a los recursos obtenidos con motivo de la aplicaci\u00f3n de sanciones econ\u00f3micas a partidos pol\u00edticos y\/o candidaturas.<\/span><\/p>\n<p>&nbsp;<\/p>\n<p><b>Asistencia a sesiones en ayuntamientos<\/b><\/p>\n<p><span style=\"font-weight: 400;\">Las y los diputados <\/span><b>Hilda Miranda Miranda<\/b><span style=\"font-weight: 400;\">, <\/span><b>Lizbeth Ira\u00eds Ordaz Islas<\/b><span style=\"font-weight: 400;\">, <\/span><b>Andr\u00e9s Vel\u00e1zquez V\u00e1zquez<\/b><span style=\"font-weight: 400;\">, <\/span><b>Arturo G\u00f3mez Canales<\/b><span style=\"font-weight: 400;\">, <\/span><b>Juan Pablo Escalante Urb\u00e1n<\/b><span style=\"font-weight: 400;\">, <\/span><b>Miguel \u00c1ngel Moreno Zamora<\/b><span style=\"font-weight: 400;\"> (Morena), <\/span><b>Jos\u00e9 Mar\u00eda Alejandro P\u00e9rez Ram\u00edrez<\/b><span style=\"font-weight: 400;\"> y <\/span><b>Jorge Arg\u00fcelles Salazar<\/b><span style=\"font-weight: 400;\"> (Nueva Alianza), presentaron la iniciativa que reforma la Ley Org\u00e1nica Municipal para el Estado de Hidalgo, con el objetivo de otorgar certeza, transparencia y m\u00e1xima publicidad a las convocatorias de las sesiones de cada ayuntamiento, garantizando que todos sus integrantes est\u00e9n debidamente notificados para participar en dichas sesiones.<\/span><\/p>\n<p>&nbsp;<\/p>\n<p><b>Responsabilidad penal aut\u00f3noma de las personas jur\u00eddicas<\/b><\/p>\n<p><span style=\"font-weight: 400;\">Las y los legisladores <\/span><b>Hilda Miranda Miranda<\/b><span style=\"font-weight: 400;\">, <\/span><b>Aldo Meza Hern\u00e1ndez<\/b><span style=\"font-weight: 400;\">, <\/span><b>Alma Rosa El\u00edas Paso<\/b><span style=\"font-weight: 400;\">, <\/span><b>Mar\u00eda del Rosario Guerrero Mart\u00ednez<\/b><span style=\"font-weight: 400;\">, <\/span><b>Juan Pablo Escalante Urb\u00e1n<\/b><span style=\"font-weight: 400;\">, <\/span><b>Juli\u00e1n Nochebuena Hern\u00e1ndez<\/b><span style=\"font-weight: 400;\">, <\/span><b>Paloma Barrag\u00e1n Santos<\/b><span style=\"font-weight: 400;\">, <\/span><b>Cynthia Citlali Delgado Mendoza<\/b><span style=\"font-weight: 400;\">, <\/span><b>Diana Rangel Z\u00fa\u00f1iga<\/b><span style=\"font-weight: 400;\">, <\/span><b>Miguel \u00c1ngel Moreno Zamora<\/b><span style=\"font-weight: 400;\">, <\/span><b>Tania Er\u00e9ndira Meza Escorza<\/b><span style=\"font-weight: 400;\">, <\/span><b>Yarabi Gonz\u00e1lez Mart\u00ednez<\/b><span style=\"font-weight: 400;\">, <\/span><b>Lizbeth Ira\u00eds Ordaz Islas<\/b><span style=\"font-weight: 400;\">, <\/span><b>Jos\u00e9 Luis Rodr\u00edguez Higareda<\/b><span style=\"font-weight: 400;\">, <\/span><b>Arturo G\u00f3mez Canales<\/b><span style=\"font-weight: 400;\">, <\/span><b>Andr\u00e9s Vel\u00e1zquez V\u00e1zquez<\/b><span style=\"font-weight: 400;\"> (Morena), <\/span><b>Leonel Perusqu\u00eda Muedano<\/b><span style=\"font-weight: 400;\"> (PRD) <\/span><b>Juana Olivia Alarc\u00f3n Rivera<\/b><span style=\"font-weight: 400;\">, <\/span><b>M\u00f3nica Leanett Reyes Mart\u00ednez<\/b><span style=\"font-weight: 400;\">, <\/span><b>Jos\u00e9 Mar\u00eda Alejandro P\u00e9rez Ram\u00edrez <\/b><span style=\"font-weight: 400;\">y <\/span><b>Jorge Arg\u00fcelles Salazar<\/b><span style=\"font-weight: 400;\"> (Nueva Alianza) propusieron la iniciativa que modifica el C\u00f3digo Penal del Estado de Hidalgo para establecer un r\u00e9gimen normativo que reconozca la responsabilidad penal aut\u00f3noma de las personas jur\u00eddicas, incorpore un cat\u00e1logo de delitos aplicables, defina los supuestos de imputaci\u00f3n, contemple atenuantes y excluyentes y determine las sanciones correspondientes.<\/span><\/p>\n<p>&nbsp;<\/p>\n<p><b>Obligatoriedad de asistencia de regidores<\/b><\/p>\n<p><span style=\"font-weight: 400;\">Las y los diputados <\/span><b>Jos\u00e9 Luis Rodr\u00edguez Higareda<\/b><span style=\"font-weight: 400;\">, <\/span><b>Andr\u00e9s Vel\u00e1zquez V\u00e1zquez<\/b><span style=\"font-weight: 400;\">, <\/span><b>Aldo Meza Hern\u00e1ndez<\/b><span style=\"font-weight: 400;\">, <\/span><b>Arturo G\u00f3mez Canales<\/b><span style=\"font-weight: 400;\">, <\/span><b>Juli\u00e1n Nochebuena Hern\u00e1ndez<\/b><span style=\"font-weight: 400;\">, <\/span><b>Tania Er\u00e9ndira Meza Escorza<\/b><span style=\"font-weight: 400;\">, <\/span><b>Diana Rangel Z\u00fa\u00f1iga<\/b><span style=\"font-weight: 400;\">, <\/span><b>Yarabi Gonz\u00e1lez Mart\u00ednez<\/b><span style=\"font-weight: 400;\">, <\/span><b>Hilda Miranda Miranda<\/b><span style=\"font-weight: 400;\"> (Morena), <\/span><b>M\u00f3nica Leanett Reyes Mart\u00ednez<\/b><span style=\"font-weight: 400;\"> (Nueva Alianza) y <\/span><b>Claudia Lilia Luna Islas<\/b><span style=\"font-weight: 400;\"> (PAN) detallaron la iniciativa que reforma la Ley Org\u00e1nica Municipal para el Estado de Hidalgo, con el objetivo de establecer la obligatoriedad de asistencia de los regidores a las sesiones de las comisiones edilicias de las que forman parte, as\u00ed como prever mecanismos de sanci\u00f3n ante inasistencias reiteradas e injustificadas.<\/span><\/p>\n<p>&nbsp;<\/p>\n<p><b>Acompa\u00f1amiento a migrantes<\/b><\/p>\n<p><span style=\"font-weight: 400;\">Las y los legisladores <\/span><b>Johana Montcerrat Hern\u00e1ndez P\u00e9rez<\/b><span style=\"font-weight: 400;\">, <\/span><b>Marco Antonio Mendoza Bustamante <\/b><span style=\"font-weight: 400;\">(PRI), <\/span><b>Aldo Meza Hern\u00e1ndez<\/b><span style=\"font-weight: 400;\">, <\/span><b>Juli\u00e1n Nochebuena Hern\u00e1ndez<\/b><span style=\"font-weight: 400;\">, <\/span><b>Cynthia Citlali Delgado Mendoza<\/b><span style=\"font-weight: 400;\"> (Morena), <\/span><b>Francisco Javier T\u00e9llez S\u00e1nchez<\/b><span style=\"font-weight: 400;\"> (PT), <\/span><b>Claudia Lilia Luna Islas<\/b><span style=\"font-weight: 400;\"> (PAN), <\/span><b>Karla Perales Arrieta<\/b><span style=\"font-weight: 400;\">, <\/span><b>Carlos Alejandro Alc\u00e1ntara Carbajal<\/b><span style=\"font-weight: 400;\"> (MC), <\/span><b>Mar\u00eda Guadalupe Cruz Monta\u00f1o<\/b><span style=\"font-weight: 400;\">, <\/span><b>Avelino Tovar Iglesias<\/b><span style=\"font-weight: 400;\"> (PVEM) y <\/span><b>Leonel Perusqu\u00eda Muedano<\/b><span style=\"font-weight: 400;\"> (PRD) presentaron la iniciativa que modifica la Ley Org\u00e1nica Municipal para el Estado de Hidalgo, con la finalidad de establecer la obligaci\u00f3n de destinar un porcentaje del presupuesto asignado a programas de asistencia social, priorizando el impulso de acciones de orientaci\u00f3n y acompa\u00f1amiento jur\u00eddico, comunitario y reinserci\u00f3n social, econ\u00f3mica, educativa y cultural de las personas migrantes de retorno y sus familias.<\/span><\/p>\n<p>&nbsp;<\/p>\n<p><b>Educaci\u00f3n vial como contenido escolar<\/b><\/p>\n<p><span style=\"font-weight: 400;\">Las y los diputados <\/span><b>M\u00f3nica Leanett Reyes Mart\u00ednez<\/b><span style=\"font-weight: 400;\">,<\/span><b> Juana Olivia Alarc\u00f3n Rivera<\/b><span style=\"font-weight: 400;\"> (Nueva Alianza), <\/span><b>Alma Rosa El\u00edas Paso<\/b><span style=\"font-weight: 400;\">, <\/span><b>Diana Rangel Z\u00fa\u00f1iga<\/b><span style=\"font-weight: 400;\">, <\/span><b>Tania Er\u00e9ndira Meza Escorza<\/b><span style=\"font-weight: 400;\">, <\/span><b>Yarabi Gonz\u00e1lez Mart\u00ednez<\/b><span style=\"font-weight: 400;\">, <\/span><b>Andr\u00e9s Vel\u00e1zquez V\u00e1zquez<\/b><span style=\"font-weight: 400;\">, <\/span><b>Aldo Meza Hern\u00e1ndez<\/b><span style=\"font-weight: 400;\">, <\/span><b>Jos\u00e9 Luis Rodr\u00edguez Higareda<\/b><span style=\"font-weight: 400;\"> y <\/span><b>Juli\u00e1n Nochebuena Hern\u00e1ndez<\/b><span style=\"font-weight: 400;\"> (Morena), propusieron la iniciativa que reforma la Ley de Educaci\u00f3n del Estado de Hidalgo para garantizar que las y los estudiantes cuenten con una formaci\u00f3n integral que incluya conocimientos, valores y actitudes necesarias para convivir en entornos seguros y ordenados, mediante la incorporaci\u00f3n de la educaci\u00f3n vial y la movilidad segura como contenidos educativos.<\/span><\/p>\n<p>&nbsp;<\/p>\n<p><b>Delito inexistente o de imposible consumaci\u00f3n<\/b><\/p>\n<p><span style=\"font-weight: 400;\">El legislador <\/span><b>Carlos Alejandro Alc\u00e1ntara Carbajal<\/b><span style=\"font-weight: 400;\"> y la legisladora <\/span><b>Karla Perales Arrieta<\/b><span style=\"font-weight: 400;\"> (MC) detallaron la iniciativa que modifica el C\u00f3digo Penal para el Estado de Hidalgo, con el objetivo de suprimir la posibilidad de sancionar conductas enmarcadas bajo la figura del denominado \u201cdelito inexistente\u201d o de \u201cimposible consumaci\u00f3n&#8221;, ya que dicha disposici\u00f3n vulnera principios esenciales del derecho penal garantista, tales como la legalidad, tipicidad, culpabilidad, presunci\u00f3n de inocencia y lesividad, al permitir la criminalizaci\u00f3n de actos carentes de adecuaci\u00f3n t\u00edpica, resultado material o afectaci\u00f3n concreta a un bien jur\u00eddico tutelado.<\/span><\/p>\n<p>&nbsp;<\/p>\n<p><b>Reconocimiento a la labor de traductores e int\u00e9rpretes<\/b><\/p>\n<p><span style=\"font-weight: 400;\">Las diputadas <\/span><b>Yarabi Gonz\u00e1lez Mart\u00ednez<\/b><span style=\"font-weight: 400;\">, <\/span><b>Hilda Miranda Miranda<\/b><span style=\"font-weight: 400;\"> y los diputados <\/span><b>Andr\u00e9s Vel\u00e1zquez V\u00e1zquez<\/b><span style=\"font-weight: 400;\"> y <\/span><b>Jos\u00e9 Luis Rodr\u00edguez Higareda<\/b><span style=\"font-weight: 400;\"> (Morena) presentaron la iniciativa que modifica la Ley de Derechos ling\u00fc\u00edsticos del Estado de Hidalgo, para reconocer la labor de las personas traductoras e int\u00e9rpretes y que reciban una remuneraci\u00f3n justa y proporcional por su trabajo.<\/span><\/p>\n<p>&nbsp;<\/p>\n<p><b>Acciones en viviendas abandonadas<\/b><\/p>\n<p><span style=\"font-weight: 400;\">Las y los diputados <\/span><b>Juan Pablo Escalante Urb\u00e1n<\/b><span style=\"font-weight: 400;\">, <\/span><b>Miguel \u00c1ngel Moreno Zamora<\/b><span style=\"font-weight: 400;\">, <\/span><b>Arturo G\u00f3mez Canales<\/b><span style=\"font-weight: 400;\">, <\/span><b>Andr\u00e9s Vel\u00e1zquez V\u00e1zquez<\/b><span style=\"font-weight: 400;\">, <\/span><b>Hilda Miranda Miranda<\/b><span style=\"font-weight: 400;\">, <\/span><b>Lizbeth Ira\u00eds Ordaz Islas<\/b><span style=\"font-weight: 400;\"> (Morena), <\/span><b>Jorge Arg\u00fcelles Salazar<\/b><span style=\"font-weight: 400;\"> y <\/span><b>Jos\u00e9 Mar\u00eda Alejandro P\u00e9rez Ram\u00edrez<\/b><span style=\"font-weight: 400;\"> (Nueva Alianza) detallaron la iniciativa que reforma la Ley de Hacienda para los Municipios del Estado de Hidalgo, con el prop\u00f3sito de establecer la obligatoriedad a los propietarios de las casas en situaci\u00f3n de abandono o vandalizada para que realicen acciones de limpieza y as\u00ed evitar la proliferaci\u00f3n de fauna nociva, se convierta en foco de infecci\u00f3n o represente un riesgo para los vecinos y transe\u00fantes.<\/span><\/p>\n<p>&nbsp;<\/p>\n<p><b>Agravante al delito de da\u00f1o en la propiedad<\/b><\/p>\n<p><span style=\"font-weight: 400;\">Las y los legisladores <\/span><b>Juli\u00e1n Nochebuena Hern\u00e1ndez<\/b><span style=\"font-weight: 400;\">, <\/span><b>Andr\u00e9s Vel\u00e1zquez V\u00e1zquez<\/b><span style=\"font-weight: 400;\">, <\/span><b>Jos\u00e9 Luis Rodr\u00edguez Higareda<\/b><span style=\"font-weight: 400;\">, <\/span><b>Aldo Meza Hern\u00e1ndez<\/b><span style=\"font-weight: 400;\">, <\/span><b>Arturo G\u00f3mez Canales<\/b><span style=\"font-weight: 400;\">, <\/span><b>Alma Rosa El\u00edas Paso<\/b><span style=\"font-weight: 400;\">, <\/span><b>Yarabi Gonz\u00e1lez Mart\u00ednez<\/b><span style=\"font-weight: 400;\"> (Morena) y <\/span><b>M\u00f3nica Leanett Reyes Mart\u00ednez<\/b><span style=\"font-weight: 400;\"> (Nueva Alianza) presentaron la iniciativa que reforma el C\u00f3digo Penal para el Estado de Hidalgo, mediante la cual se crea una agravante al delito de da\u00f1o en la propiedad, por conducir bajo los efectos de alcohol o cualquier otra sustancia que cause efectos similares.<\/span><\/p>\n<p>&nbsp;<\/p>\n<p><b>Programas de acopio y reciclaje diferenciado<\/b><\/p>\n<p><span style=\"font-weight: 400;\">Las y los diputados <\/span><b>Marco Antonio Mendoza Bustamante<\/b><span style=\"font-weight: 400;\">, <\/span><b>Johana Montcerrat Hern\u00e1ndez P\u00e9rez <\/b><span style=\"font-weight: 400;\">(PRI), <\/span><b>Claudia Lilia Luna Islas<\/b><span style=\"font-weight: 400;\"> (PAN), <\/span><b>Leonel Perusqu\u00eda Muedano<\/b><span style=\"font-weight: 400;\"> (PRD), <\/span><b>Carlos Alejandro Alc\u00e1ntara Carbajal<\/b><span style=\"font-weight: 400;\">, <\/span><b>Karla Perales Arrieta <\/b><span style=\"font-weight: 400;\">(MC), <\/span><b>Avelino Tovar Iglesias<\/b><span style=\"font-weight: 400;\">, <\/span><b>Mar\u00eda Guadalupe Cruz Monta\u00f1o<\/b><span style=\"font-weight: 400;\"> (PVEM), <\/span><b>Orqu\u00eddea Larragoiti Osorio<\/b><span style=\"font-weight: 400;\"> y <\/span><b>Francisco Javier T\u00e9llez S\u00e1nchez<\/b><span style=\"font-weight: 400;\"> (PT) propusieron la iniciativa que modifica la Ley para la Protecci\u00f3n al Ambiente del Estado de Hidalgo, con el fin de implementar programas de acopio y reciclaje diferenciado de pilas y bater\u00edas.<\/span><\/p>\n<p>&nbsp;<\/p>\n<p><b>Integraci\u00f3n econ\u00f3mica de adultos mayores y cultura forestal<\/b><\/p>\n<p><span style=\"font-weight: 400;\">El legislador <\/span><b>Marco Antonio Mendoza Bustamante<\/b><span style=\"font-weight: 400;\"> (PRI) detall\u00f3 la Iniciativa que reforma la Ley de los Derechos de las Personas Adultas Mayores del Estado de Hidalgo, la cual busca la integraci\u00f3n econ\u00f3mica y social de las personas mayores.<\/span><\/p>\n<p><span style=\"font-weight: 400;\">Tambi\u00e9n present\u00f3 la Iniciativa que reforma la Ley de desarrollo Forestal Sustentable para Hidalgo, la cual pretende definir en la legislaci\u00f3n lo que debe entenderse por cultura forestal, la cual es crucial porque proporciona un marco legal para la gesti\u00f3n sostenible de los recursos forestales, promueve la conciencia p\u00fablica sobre la importancia de los bosques y ayuda a prevenir la deforestaci\u00f3n y degradaci\u00f3n.<\/span><\/p>\n<p>&nbsp;<\/p>\n<p><b>Gratuidad en estacionamientos p\u00fablicos<\/b><\/p>\n<p><span style=\"font-weight: 400;\">Las y los diputados <\/span><b>Avelino Tovar Iglesias<\/b><span style=\"font-weight: 400;\">, <\/span><b>Mar\u00eda Guadalupe Cruz Monta\u00f1o<\/b><span style=\"font-weight: 400;\"> (PVEM), <\/span><b>Francisco Javier T\u00e9llez S\u00e1nchez<\/b><span style=\"font-weight: 400;\"> (PT), <\/span><b>Johana Montcerrat Hern\u00e1ndez P\u00e9rez<\/b><span style=\"font-weight: 400;\">, <\/span><b>Marco Antonio Mendoza Bustamante<\/b><span style=\"font-weight: 400;\"> (PRI), <\/span><b>Claudia Lilia Luna Islas<\/b><span style=\"font-weight: 400;\"> (PAN), <\/span><b>Karla Perales Arrieta<\/b><span style=\"font-weight: 400;\">, <\/span><b>Carlos Alejandro Alc\u00e1ntara Carbajal<\/b><span style=\"font-weight: 400;\"> (MC), <\/span><b>Leonel Perusqu\u00eda Muedano<\/b><span style=\"font-weight: 400;\"> (PRD), <\/span><b>Mar\u00eda del Rosario Guerrero Mart\u00ednez<\/b><span style=\"font-weight: 400;\"> y <\/span><b>Andr\u00e9s Vel\u00e1zquez V\u00e1zquez <\/b><span style=\"font-weight: 400;\">(Morena) propusieron la iniciativa que reforma la Ley de Asentamientos Humanos, Desarrollo Urbano y Ordenamiento Territorial para establecer como requisito obligatorio el otorgamiento de al menos dos horas de estacionamiento gratuito por jornada diaria, sin condiciones econ\u00f3micas, como parte del dise\u00f1o y operaci\u00f3n de inmuebles de giro comercial o mercantil mayores a 500 metros cuadrados.<\/span><\/p>\n<p>&nbsp;<\/p>\n<p><b>Asuntos generales<\/b><\/p>\n<p><b>Fomento y promoci\u00f3n del h\u00e1bito de lectura<\/b><\/p>\n<p><span style=\"font-weight: 400;\">La y los legisladores <\/span><b>Mar\u00eda del Rosario Guerrero Mart\u00ednez<\/b><span style=\"font-weight: 400;\">, <\/span><b>Andr\u00e9s Vel\u00e1zquez V\u00e1zquez <\/b><span style=\"font-weight: 400;\">(Morena), <\/span><b>Jos\u00e9 Mar\u00eda Alejandro P\u00e9rez Ram\u00edrez<\/b><span style=\"font-weight: 400;\"> y <\/span><b>Jorge Arg\u00fcelles Salazar<\/b><span style=\"font-weight: 400;\"> (Nueva Alianza) propusieron el acuerdo econ\u00f3mico que exhorta a los ayuntamientos a que, durante el periodo vacacional de verano, en las bibliotecas p\u00fablicas municipales y comunitarias se desarrollen talleres literarios, cursos y\/o clubes de lectura para fomentar, promover e incentivar el h\u00e1bito entre la ni\u00f1ez, adolescencia y juventud.<\/span><\/p>\n<p>&nbsp;<\/p>\n<p><b>Capacitaci\u00f3n obligatoria de conciliadores<\/b><\/p>\n<p><span style=\"font-weight: 400;\">Las y los diputados <\/span><b>Hilda Miranda Miranda<\/b><span style=\"font-weight: 400;\">, <\/span><b>Aldo Meza Hern\u00e1ndez<\/b><span style=\"font-weight: 400;\">, <\/span><b>Alma Rosa El\u00edas Paso<\/b><span style=\"font-weight: 400;\">, <\/span><b>Mar\u00eda del Rosario Guerrero Mart\u00ednez<\/b><span style=\"font-weight: 400;\">, <\/span><b>Juan Pablo Escalante Urb\u00e1n<\/b><span style=\"font-weight: 400;\">, <\/span><b>Juli\u00e1n Nochebuena Hern\u00e1ndez<\/b><span style=\"font-weight: 400;\">, <\/span><b>Paloma Barrag\u00e1n Santos<\/b><span style=\"font-weight: 400;\">, <\/span><b>Cynthia Citlali Delgado Mendoza<\/b><span style=\"font-weight: 400;\">, <\/span><b>Diana Rangel Z\u00fa\u00f1iga<\/b><span style=\"font-weight: 400;\">, <\/span><b>Miguel \u00c1ngel Moreno Zamora<\/b><span style=\"font-weight: 400;\">, <\/span><b>Tania Er\u00e9ndira Meza Escorza<\/b><span style=\"font-weight: 400;\">, <\/span><b>Yarabi Gonz\u00e1lez Mart\u00ednez<\/b><span style=\"font-weight: 400;\">, <\/span><b>Lizbeth Ira\u00eds Ordaz Islas<\/b><span style=\"font-weight: 400;\">, <\/span><b>Jos\u00e9 Luis Rodr\u00edguez Higareda<\/b><span style=\"font-weight: 400;\">, <\/span><b>Arturo G\u00f3mez Canales<\/b><span style=\"font-weight: 400;\">, <\/span><b>Andr\u00e9s Vel\u00e1zquez V\u00e1zquez<\/b><span style=\"font-weight: 400;\"> (Morena), <\/span><b>M\u00f3nica Leanett Reyes Mart\u00ednez<\/b><span style=\"font-weight: 400;\">, <\/span><b>Jos\u00e9 Mar\u00eda Alejandro P\u00e9rez Ram\u00edrez<\/b><span style=\"font-weight: 400;\">, <\/span><b>Jorge Arg\u00fcelles Salazar<\/b><span style=\"font-weight: 400;\">, <\/span><b>Juana Olivia Alarc\u00f3n Rivera<\/b><span style=\"font-weight: 400;\"> (Nueva Alianza) y <\/span><b>Leonel Perusqu\u00eda Muedano<\/b><span style=\"font-weight: 400;\"> (PRD), propusieron el acuerdo econ\u00f3mico que\u00a0 exhorta a los 84 municipios a garantizar la capacitaci\u00f3n obligatoria de sus conciliadores en materia de mediaci\u00f3n con perspectiva de g\u00e9nero y atenci\u00f3n a grupos en situaci\u00f3n de vulnerabilidad.<\/span><\/p>\n<p>&nbsp;<\/p>\n<p><b>Creaci\u00f3n de comisiones municipales de atenci\u00f3n a migrantes<\/b><\/p>\n<p><span style=\"font-weight: 400;\">La legisladora <\/span><b>Johana Montcerrat Hern\u00e1ndez P\u00e9rez<\/b><span style=\"font-weight: 400;\"> (PRI) y los legisladores <\/span><b>Carlos Alejandro Alc\u00e1ntara Carbajal<\/b><span style=\"font-weight: 400;\"> (MC), <\/span><b>Aldo Meza Hern\u00e1ndez<\/b><span style=\"font-weight: 400;\"> y <\/span><b>Juli\u00e1n Nochebuena Hern\u00e1ndez<\/b><span style=\"font-weight: 400;\"> (Morena), presentaron el acuerdo econ\u00f3mico para fortalecer la atenci\u00f3n, acompa\u00f1amiento y protecci\u00f3n de las personas migrantes y sus familias mediante la creaci\u00f3n de comisiones municipales de atenci\u00f3n.<\/span><\/p>\n<p>&nbsp;<\/p>\n<p><b>Programas de capacitaci\u00f3n a corporaciones policiales<\/b><\/p>\n<p><span style=\"font-weight: 400;\">Las diputadas <\/span><b>Yarabi Gonz\u00e1lez Mart\u00ednez<\/b><span style=\"font-weight: 400;\">, <\/span><b>Hilda Miranda Miranda<\/b><span style=\"font-weight: 400;\"> y los diputados <\/span><b>Andr\u00e9s Vel\u00e1zquez V\u00e1zquez<\/b><span style=\"font-weight: 400;\"> y <\/span><b>Jos\u00e9 Luis Rodr\u00edguez Higareda<\/b><span style=\"font-weight: 400;\"> (Morena) propusieron el acuerdo econ\u00f3mico por el que se exhorta a los 84 municipios a incluir programas de capacitaci\u00f3n a las corporaciones policiales y al personal administrativo, los cuales incluyan de manera continua y permanente, el protocolo de primer respondiente con perspectiva de g\u00e9nero, con el fin de brindar la atenci\u00f3n y orientaci\u00f3n necesaria para las mujeres v\u00edctimas de violencia.<\/span><\/p>\n<p>&nbsp;<\/p>\n<p><b>Reconocimiento a Efr\u00e9n Rebolledo<\/b><\/p>\n<p><span style=\"font-weight: 400;\">Los legisladores <\/span><b>Miguel \u00c1ngel Moreno Zamora<\/b><span style=\"font-weight: 400;\"> y <\/span><b>Andr\u00e9s Vel\u00e1zquez V\u00e1zquez<\/b><span style=\"font-weight: 400;\"> (Morena) realizaron un reconocimiento a Efr\u00e9n Rebolledo, poeta y diplom\u00e1tico modernista, nacido en Actopan el 8 de julio de 1877, \u201csu vida representa una s\u00edntesis del intelectual compromiso con sus tiempos, el hombre que supo escribir con la belleza, pero tambi\u00e9n actuar con convicci\u00f3n pol\u00edtica\u201d.<\/span><\/p>\n<p>&nbsp;<\/p>\n<p><b>Protecci\u00f3n a las lenguas ind\u00edgenas<\/b><\/p>\n<p><span style=\"font-weight: 400;\">La diputada <\/span><b>Mar\u00eda del Rosario Guerrero Mart\u00ednez<\/b><span style=\"font-weight: 400;\"> (Morena) reafirm\u00f3 su compromiso con los pueblos originarios en toda su diversidad, \u201cporque un Hidalgo sin sus lenguas y diversidad no es Hidalgo. Un Hidalgo que excluya a sus mujeres, j\u00f3venes, personas con discapacidad y diversidades no es de nadie. Para que Hidalgo tenga algo, es necesario recuperar nuestras lenguas ind\u00edgenas\u201d.<\/span><\/p>\n","protected":false},"excerpt":{"rendered":"<p>En sesi\u00f3n ordinaria, diputadas y diputados integrantes de la LXVI Legislatura avalaron con 25 votos a favor, cero en contra y cero abstenciones, el dictamen que aprueba con modificaciones la iniciativa que reforma la Ley de Inscripciones de Honor para el Reconocimiento de Mujeres Hidalguenses Destacadas, emitido por las primeras Comisiones Permanentes de Legislaci\u00f3n y<\/p>\n","protected":false},"author":2,"featured_media":4886,"comment_status":"open","ping_status":"open","sticky":false,"template":"","format":"standard","meta":{"footnotes":""},"categories":[31,44,39],"tags":[70,62],"class_list":{"0":"post-4885","1":"post","2":"type-post","3":"status-publish","4":"format-standard","5":"has-post-thumbnail","7":"category-hidalgo","8":"category-minuto-a-minuto","9":"category-politica","10":"tag-andres-velazquez","11":"tag-congreso-de-hidalgo"},"yoast_head":"<!-- This site is optimized with the Yoast SEO plugin v26.1.1 - https:\/\/yoast.com\/wordpress\/plugins\/seo\/ -->\n<title>Con dictamen, Poder Legislativo reconoce a mujeres hidalguenses destacadas - El Cardinal<\/title>\n<meta name=\"robots\" content=\"index, follow, max-snippet:-1, max-image-preview:large, max-video-preview:-1\" \/>\n<link rel=\"canonical\" href=\"https:\/\/elcardinal.com\/?p=4885\" \/>\n<meta property=\"og:locale\" content=\"es_MX\" \/>\n<meta property=\"og:type\" content=\"article\" \/>\n<meta property=\"og:title\" content=\"Con dictamen, Poder Legislativo reconoce a mujeres hidalguenses destacadas - El Cardinal\" \/>\n<meta property=\"og:description\" content=\"En sesi\u00f3n ordinaria, diputadas y diputados integrantes de la LXVI Legislatura avalaron con 25 votos a favor, cero en contra y cero abstenciones, el dictamen que aprueba con modificaciones la iniciativa que reforma la Ley de Inscripciones de Honor para el Reconocimiento de Mujeres Hidalguenses Destacadas, emitido por las primeras Comisiones Permanentes de Legislaci\u00f3n y\" \/>\n<meta property=\"og:url\" content=\"https:\/\/elcardinal.com\/?p=4885\" \/>\n<meta property=\"og:site_name\" content=\"El Cardinal\" \/>\n<meta property=\"article:publisher\" content=\"https:\/\/www.facebook.com\/profile.php?id=100063093107011\" \/>\n<meta property=\"article:published_time\" content=\"2025-07-10T01:45:55+00:00\" \/>\n<meta property=\"og:image\" content=\"https:\/\/elcardinal.com\/wp-content\/uploads\/2025\/07\/Sesion-09.07.2025-Ordinaria-2.jpg\" \/>\n\t<meta property=\"og:image:width\" content=\"2400\" \/>\n\t<meta property=\"og:image:height\" content=\"1600\" \/>\n\t<meta property=\"og:image:type\" content=\"image\/jpeg\" \/>\n<meta name=\"author\" content=\"Antonio Alcaraz\" \/>\n<meta name=\"twitter:card\" content=\"summary_large_image\" \/>\n<meta name=\"twitter:creator\" content=\"@ElCardinal_Mx\" \/>\n<meta name=\"twitter:site\" content=\"@ElCardinal_Mx\" \/>\n<meta name=\"twitter:label1\" content=\"Escrito por\" \/>\n\t<meta name=\"twitter:data1\" content=\"Antonio Alcaraz\" \/>\n\t<meta name=\"twitter:label2\" content=\"Tiempo de lectura\" \/>\n\t<meta name=\"twitter:data2\" content=\"12 minutos\" \/>\n<script type=\"application\/ld+json\" class=\"yoast-schema-graph\">{\"@context\":\"https:\/\/schema.org\",\"@graph\":[{\"@type\":\"Article\",\"@id\":\"https:\/\/elcardinal.com\/?p=4885#article\",\"isPartOf\":{\"@id\":\"https:\/\/elcardinal.com\/?p=4885\"},\"author\":{\"name\":\"Antonio Alcaraz\",\"@id\":\"https:\/\/elcardinal.com\/#\/schema\/person\/3c352ec0a33987fe275c0e8a2ea69f8b\"},\"headline\":\"Con dictamen, Poder Legislativo reconoce a mujeres hidalguenses destacadas\",\"datePublished\":\"2025-07-10T01:45:55+00:00\",\"mainEntityOfPage\":{\"@id\":\"https:\/\/elcardinal.com\/?p=4885\"},\"wordCount\":2889,\"commentCount\":0,\"publisher\":{\"@id\":\"https:\/\/elcardinal.com\/#organization\"},\"image\":{\"@id\":\"https:\/\/elcardinal.com\/?p=4885#primaryimage\"},\"thumbnailUrl\":\"https:\/\/elcardinal.com\/wp-content\/uploads\/2025\/07\/Sesion-09.07.2025-Ordinaria-2.jpg\",\"keywords\":[\"Andr\u00e9s Vel\u00e1zquez\",\"Congreso de Hidalgo\"],\"articleSection\":[\"Hidalgo\",\"Minuto a Minuto\",\"Pol\u00edtica\"],\"inLanguage\":\"es\",\"potentialAction\":[{\"@type\":\"CommentAction\",\"name\":\"Comment\",\"target\":[\"https:\/\/elcardinal.com\/?p=4885#respond\"]}]},{\"@type\":\"WebPage\",\"@id\":\"https:\/\/elcardinal.com\/?p=4885\",\"url\":\"https:\/\/elcardinal.com\/?p=4885\",\"name\":\"Con dictamen, Poder Legislativo reconoce a mujeres hidalguenses destacadas - El Cardinal\",\"isPartOf\":{\"@id\":\"https:\/\/elcardinal.com\/#website\"},\"primaryImageOfPage\":{\"@id\":\"https:\/\/elcardinal.com\/?p=4885#primaryimage\"},\"image\":{\"@id\":\"https:\/\/elcardinal.com\/?p=4885#primaryimage\"},\"thumbnailUrl\":\"https:\/\/elcardinal.com\/wp-content\/uploads\/2025\/07\/Sesion-09.07.2025-Ordinaria-2.jpg\",\"datePublished\":\"2025-07-10T01:45:55+00:00\",\"breadcrumb\":{\"@id\":\"https:\/\/elcardinal.com\/?p=4885#breadcrumb\"},\"inLanguage\":\"es\",\"potentialAction\":[{\"@type\":\"ReadAction\",\"target\":[\"https:\/\/elcardinal.com\/?p=4885\"]}]},{\"@type\":\"ImageObject\",\"inLanguage\":\"es\",\"@id\":\"https:\/\/elcardinal.com\/?p=4885#primaryimage\",\"url\":\"https:\/\/elcardinal.com\/wp-content\/uploads\/2025\/07\/Sesion-09.07.2025-Ordinaria-2.jpg\",\"contentUrl\":\"https:\/\/elcardinal.com\/wp-content\/uploads\/2025\/07\/Sesion-09.07.2025-Ordinaria-2.jpg\",\"width\":2400,\"height\":1600,\"caption\":\"CONGRESO_HIDALGO\"},{\"@type\":\"BreadcrumbList\",\"@id\":\"https:\/\/elcardinal.com\/?p=4885#breadcrumb\",\"itemListElement\":[{\"@type\":\"ListItem\",\"position\":1,\"name\":\"Inicio\",\"item\":\"https:\/\/elcardinal.com\/\"},{\"@type\":\"ListItem\",\"position\":2,\"name\":\"Con dictamen, Poder Legislativo reconoce a mujeres hidalguenses destacadas\"}]},{\"@type\":\"WebSite\",\"@id\":\"https:\/\/elcardinal.com\/#website\",\"url\":\"https:\/\/elcardinal.com\/\",\"name\":\"El Cardinal\",\"description\":\"Periodismo honesto, con valor, sentido humano, a veces sarc\u00e1stico y divertido.\",\"publisher\":{\"@id\":\"https:\/\/elcardinal.com\/#organization\"},\"alternateName\":\"El Cardinal Noticias\",\"potentialAction\":[{\"@type\":\"SearchAction\",\"target\":{\"@type\":\"EntryPoint\",\"urlTemplate\":\"https:\/\/elcardinal.com\/?s={search_term_string}\"},\"query-input\":{\"@type\":\"PropertyValueSpecification\",\"valueRequired\":true,\"valueName\":\"search_term_string\"}}],\"inLanguage\":\"es\"},{\"@type\":\"Organization\",\"@id\":\"https:\/\/elcardinal.com\/#organization\",\"name\":\"El Cardinal\",\"url\":\"https:\/\/elcardinal.com\/\",\"logo\":{\"@type\":\"ImageObject\",\"inLanguage\":\"es\",\"@id\":\"https:\/\/elcardinal.com\/#\/schema\/logo\/image\/\",\"url\":\"https:\/\/elcardinal.com\/wp-content\/uploads\/2025\/04\/LOGO-EL-CARDINAL-Periodismo-con-valor.png\",\"contentUrl\":\"https:\/\/elcardinal.com\/wp-content\/uploads\/2025\/04\/LOGO-EL-CARDINAL-Periodismo-con-valor.png\",\"width\":755,\"height\":636,\"caption\":\"El Cardinal\"},\"image\":{\"@id\":\"https:\/\/elcardinal.com\/#\/schema\/logo\/image\/\"},\"sameAs\":[\"https:\/\/www.facebook.com\/profile.php?id=100063093107011\",\"https:\/\/x.com\/ElCardinal_Mx\"]},{\"@type\":\"Person\",\"@id\":\"https:\/\/elcardinal.com\/#\/schema\/person\/3c352ec0a33987fe275c0e8a2ea69f8b\",\"name\":\"Antonio Alcaraz\",\"image\":{\"@type\":\"ImageObject\",\"inLanguage\":\"es\",\"@id\":\"https:\/\/elcardinal.com\/#\/schema\/person\/image\/\",\"url\":\"https:\/\/elcardinal.com\/wp-content\/uploads\/2025\/05\/cropped-TONO-96x96.jpg\",\"contentUrl\":\"https:\/\/elcardinal.com\/wp-content\/uploads\/2025\/05\/cropped-TONO-96x96.jpg\",\"caption\":\"Antonio Alcaraz\"},\"url\":\"https:\/\/elcardinal.com\/?author=2\"}]}<\/script>\n<!-- \/ Yoast SEO plugin. -->","yoast_head_json":{"title":"Con dictamen, Poder Legislativo reconoce a mujeres hidalguenses destacadas - El Cardinal","robots":{"index":"index","follow":"follow","max-snippet":"max-snippet:-1","max-image-preview":"max-image-preview:large","max-video-preview":"max-video-preview:-1"},"canonical":"https:\/\/elcardinal.com\/?p=4885","og_locale":"es_MX","og_type":"article","og_title":"Con dictamen, Poder Legislativo reconoce a mujeres hidalguenses destacadas - El Cardinal","og_description":"En sesi\u00f3n ordinaria, diputadas y diputados integrantes de la LXVI Legislatura avalaron con 25 votos a favor, cero en contra y cero abstenciones, el dictamen que aprueba con modificaciones la iniciativa que reforma la Ley de Inscripciones de Honor para el Reconocimiento de Mujeres Hidalguenses Destacadas, emitido por las primeras Comisiones Permanentes de Legislaci\u00f3n y","og_url":"https:\/\/elcardinal.com\/?p=4885","og_site_name":"El Cardinal","article_publisher":"https:\/\/www.facebook.com\/profile.php?id=100063093107011","article_published_time":"2025-07-10T01:45:55+00:00","og_image":[{"width":2400,"height":1600,"url":"https:\/\/elcardinal.com\/wp-content\/uploads\/2025\/07\/Sesion-09.07.2025-Ordinaria-2.jpg","type":"image\/jpeg"}],"author":"Antonio Alcaraz","twitter_card":"summary_large_image","twitter_creator":"@ElCardinal_Mx","twitter_site":"@ElCardinal_Mx","twitter_misc":{"Escrito por":"Antonio Alcaraz","Tiempo de lectura":"12 minutos"},"schema":{"@context":"https:\/\/schema.org","@graph":[{"@type":"Article","@id":"https:\/\/elcardinal.com\/?p=4885#article","isPartOf":{"@id":"https:\/\/elcardinal.com\/?p=4885"},"author":{"name":"Antonio Alcaraz","@id":"https:\/\/elcardinal.com\/#\/schema\/person\/3c352ec0a33987fe275c0e8a2ea69f8b"},"headline":"Con dictamen, Poder Legislativo reconoce a mujeres hidalguenses destacadas","datePublished":"2025-07-10T01:45:55+00:00","mainEntityOfPage":{"@id":"https:\/\/elcardinal.com\/?p=4885"},"wordCount":2889,"commentCount":0,"publisher":{"@id":"https:\/\/elcardinal.com\/#organization"},"image":{"@id":"https:\/\/elcardinal.com\/?p=4885#primaryimage"},"thumbnailUrl":"https:\/\/elcardinal.com\/wp-content\/uploads\/2025\/07\/Sesion-09.07.2025-Ordinaria-2.jpg","keywords":["Andr\u00e9s Vel\u00e1zquez","Congreso de Hidalgo"],"articleSection":["Hidalgo","Minuto a Minuto","Pol\u00edtica"],"inLanguage":"es","potentialAction":[{"@type":"CommentAction","name":"Comment","target":["https:\/\/elcardinal.com\/?p=4885#respond"]}]},{"@type":"WebPage","@id":"https:\/\/elcardinal.com\/?p=4885","url":"https:\/\/elcardinal.com\/?p=4885","name":"Con dictamen, Poder Legislativo reconoce a mujeres hidalguenses destacadas - El Cardinal","isPartOf":{"@id":"https:\/\/elcardinal.com\/#website"},"primaryImageOfPage":{"@id":"https:\/\/elcardinal.com\/?p=4885#primaryimage"},"image":{"@id":"https:\/\/elcardinal.com\/?p=4885#primaryimage"},"thumbnailUrl":"https:\/\/elcardinal.com\/wp-content\/uploads\/2025\/07\/Sesion-09.07.2025-Ordinaria-2.jpg","datePublished":"2025-07-10T01:45:55+00:00","breadcrumb":{"@id":"https:\/\/elcardinal.com\/?p=4885#breadcrumb"},"inLanguage":"es","potentialAction":[{"@type":"ReadAction","target":["https:\/\/elcardinal.com\/?p=4885"]}]},{"@type":"ImageObject","inLanguage":"es","@id":"https:\/\/elcardinal.com\/?p=4885#primaryimage","url":"https:\/\/elcardinal.com\/wp-content\/uploads\/2025\/07\/Sesion-09.07.2025-Ordinaria-2.jpg","contentUrl":"https:\/\/elcardinal.com\/wp-content\/uploads\/2025\/07\/Sesion-09.07.2025-Ordinaria-2.jpg","width":2400,"height":1600,"caption":"CONGRESO_HIDALGO"},{"@type":"BreadcrumbList","@id":"https:\/\/elcardinal.com\/?p=4885#breadcrumb","itemListElement":[{"@type":"ListItem","position":1,"name":"Inicio","item":"https:\/\/elcardinal.com\/"},{"@type":"ListItem","position":2,"name":"Con dictamen, Poder Legislativo reconoce a mujeres hidalguenses destacadas"}]},{"@type":"WebSite","@id":"https:\/\/elcardinal.com\/#website","url":"https:\/\/elcardinal.com\/","name":"El Cardinal","description":"Periodismo honesto, con valor, sentido humano, a veces sarc\u00e1stico y divertido.","publisher":{"@id":"https:\/\/elcardinal.com\/#organization"},"alternateName":"El Cardinal Noticias","potentialAction":[{"@type":"SearchAction","target":{"@type":"EntryPoint","urlTemplate":"https:\/\/elcardinal.com\/?s={search_term_string}"},"query-input":{"@type":"PropertyValueSpecification","valueRequired":true,"valueName":"search_term_string"}}],"inLanguage":"es"},{"@type":"Organization","@id":"https:\/\/elcardinal.com\/#organization","name":"El Cardinal","url":"https:\/\/elcardinal.com\/","logo":{"@type":"ImageObject","inLanguage":"es","@id":"https:\/\/elcardinal.com\/#\/schema\/logo\/image\/","url":"https:\/\/elcardinal.com\/wp-content\/uploads\/2025\/04\/LOGO-EL-CARDINAL-Periodismo-con-valor.png","contentUrl":"https:\/\/elcardinal.com\/wp-content\/uploads\/2025\/04\/LOGO-EL-CARDINAL-Periodismo-con-valor.png","width":755,"height":636,"caption":"El Cardinal"},"image":{"@id":"https:\/\/elcardinal.com\/#\/schema\/logo\/image\/"},"sameAs":["https:\/\/www.facebook.com\/profile.php?id=100063093107011","https:\/\/x.com\/ElCardinal_Mx"]},{"@type":"Person","@id":"https:\/\/elcardinal.com\/#\/schema\/person\/3c352ec0a33987fe275c0e8a2ea69f8b","name":"Antonio Alcaraz","image":{"@type":"ImageObject","inLanguage":"es","@id":"https:\/\/elcardinal.com\/#\/schema\/person\/image\/","url":"https:\/\/elcardinal.com\/wp-content\/uploads\/2025\/05\/cropped-TONO-96x96.jpg","contentUrl":"https:\/\/elcardinal.com\/wp-content\/uploads\/2025\/05\/cropped-TONO-96x96.jpg","caption":"Antonio Alcaraz"},"url":"https:\/\/elcardinal.com\/?author=2"}]}},"_links":{"self":[{"href":"https:\/\/elcardinal.com\/index.php?rest_route=\/wp\/v2\/posts\/4885","targetHints":{"allow":["GET"]}}],"collection":[{"href":"https:\/\/elcardinal.com\/index.php?rest_route=\/wp\/v2\/posts"}],"about":[{"href":"https:\/\/elcardinal.com\/index.php?rest_route=\/wp\/v2\/types\/post"}],"author":[{"embeddable":true,"href":"https:\/\/elcardinal.com\/index.php?rest_route=\/wp\/v2\/users\/2"}],"replies":[{"embeddable":true,"href":"https:\/\/elcardinal.com\/index.php?rest_route=%2Fwp%2Fv2%2Fcomments&post=4885"}],"version-history":[{"count":2,"href":"https:\/\/elcardinal.com\/index.php?rest_route=\/wp\/v2\/posts\/4885\/revisions"}],"predecessor-version":[{"id":4888,"href":"https:\/\/elcardinal.com\/index.php?rest_route=\/wp\/v2\/posts\/4885\/revisions\/4888"}],"wp:featuredmedia":[{"embeddable":true,"href":"https:\/\/elcardinal.com\/index.php?rest_route=\/wp\/v2\/media\/4886"}],"wp:attachment":[{"href":"https:\/\/elcardinal.com\/index.php?rest_route=%2Fwp%2Fv2%2Fmedia&parent=4885"}],"wp:term":[{"taxonomy":"category","embeddable":true,"href":"https:\/\/elcardinal.com\/index.php?rest_route=%2Fwp%2Fv2%2Fcategories&post=4885"},{"taxonomy":"post_tag","embeddable":true,"href":"https:\/\/elcardinal.com\/index.php?rest_route=%2Fwp%2Fv2%2Ftags&post=4885"}],"curies":[{"name":"wp","href":"https:\/\/api.w.org\/{rel}","templated":true}]}}