{"id":4891,"date":"2025-07-13T12:14:11","date_gmt":"2025-07-13T18:14:11","guid":{"rendered":"https:\/\/elcardinal.com\/?p=4891"},"modified":"2025-07-13T12:55:27","modified_gmt":"2025-07-13T18:55:27","slug":"te-cae","status":"publish","type":"post","link":"https:\/\/elcardinal.com\/?p=4891","title":{"rendered":"\u00bfTe cae?"},"content":{"rendered":"<p>Por: <strong>Jos\u00e9 Antonio Alcaraz Su\u00e1rez<\/strong><\/p>\n<p>Conoc\u00ed a <strong>Jorge Mart\u00ednez L\u00f3pez<\/strong> en 2009, en un momento particularmente fr\u00e1gil de mi vida. \u00c9l buscaba nuevos reporteros para el peri\u00f3dico <strong>Milenio Hidalgo<\/strong> y yo era un joven desorientado que, tras un accidente grave, apenas hab\u00eda retomado los estudios universitarios.<\/p>\n<p><strong>\u201cEl Georges\u201d<\/strong>, como le dec\u00eda, contact\u00f3 al \u00e1rea de Ciencias de la Comunicaci\u00f3n de la Universidad Aut\u00f3noma del Estado de Hidalgo (UAEH) en busca de aspirantes. Yo realizaba ah\u00ed mi servicio social, bajo la gu\u00eda de la doctora <strong>Rosa Mar\u00eda Valles Ru\u00edz<\/strong>, clasificando antiguos relatos period\u00edsticos de <strong>Manuel Altamira<\/strong> \u2014narrador excepcional fallecido en el sismo de 1985\u2014 publicados en ediciones ochenteras de La Jornada.<\/p>\n<p>De manera intempestiva, la doctora <strong>Elvira Hern\u00e1ndez Carballido<\/strong> irrumpi\u00f3 en el cub\u00edculo con el tel\u00e9fono celular al o\u00eddo y me lanz\u00f3 la pregunta que marc\u00f3 el inicio de todo:<\/p>\n<blockquote><p>\u2014\u201c\u00bfOye, te gustar\u00eda entrar a trabajar a Milenio?\u201d<\/p><\/blockquote>\n<p>Asent\u00ed sin vacilar. Al otro lado de la l\u00ednea, hablaba Jorge Mart\u00ednez, <strong>un periodista cuya trayectoria y calidad humana a\u00fan desconoc\u00eda<\/strong>, pero que m\u00e1s tarde se convertir\u00eda en un mentor invaluable y un amigo entra\u00f1able.<\/p>\n<p>Apenas me hab\u00edan dado de alta del IMSS, luego de <strong>un accidente que casi me cuesta la vida<\/strong>. En ese entonces, escrib\u00eda un relato sobre ese suceso como parte de mi tesis. Le envi\u00e9 por correo el borrador. Lo ley\u00f3 con atenci\u00f3n y, por primera vez, escuch\u00e9 de su voz aquella expresi\u00f3n que pronto se volver\u00eda entra\u00f1able:<\/p>\n<blockquote><p>\u2014\u201c\u00bfTe cae?\u201d<\/p><\/blockquote>\n<p>Lo dec\u00eda con asombro genuino, seguido de una sonrisa y una mirada serena que inspiraba confianza m\u00e1s que intimidaci\u00f3n.<\/p>\n<p>Sin haberme titulado, junto con mis compa\u00f1eras Daniela y Esmeralda, fuimos seleccionados para integrarnos al equipo de Milenio Hidalgo, luego de una formaci\u00f3n previa impartida por \u00e9l. Me mud\u00e9 a Pachuca, dejando\u00a0<strong>la Ciudad de M\u00e9xico y el <\/strong><strong>Estado de M\u00e9xico<\/strong>, no sin antes recibir de su parte la <em><strong>cl\u00e1sica carrilla por ser \u201cchilango\u201d.<\/strong><\/em><\/p>\n<p>En su<strong> ic\u00f3nico vochito guinda<\/strong> recorrimos numerosos municipios de Hidalgo haciendo reportajes. \u00c9l, un periodista con oficio, disc\u00edpulo directo del decano <strong>Don Anselmo Estrada Albuquerque \u2014\u201cDon Chemo\u201d\u2014<\/strong>, a quien tuve el privilegio de conocer gracias a \u00e9l.<\/p>\n<p>Guardo muchas an\u00e9cdotas junto a Jorge, pero una permanece especialmente viva: <strong>cuando me ayud\u00f3 con una mudanza<\/strong>. Con el escaso sueldo de reportero \u2014cuatro mil pesos mensuales\u2014 apenas pod\u00eda cubrir renta, pasajes y lo b\u00e1sico para subsistir. Me vendieron en pagos un refrigerador, una estufa, una mesa y un par de sillas, pero no ten\u00eda para el flete. Le ped\u00ed prestados 300 pesos:<\/p>\n<blockquote><p>\u2014\u201c\u00bfPara qu\u00e9 quieres tanto dinero?\u201d, me pregunt\u00f3 con su tono bromista habitual.<\/p>\n<p>\u2014\u201cPara una mudanza, Georges\u201d, le respond\u00ed.<\/p>\n<p>\u2014\u201c\u00bfQu\u00e9 tanto vas a llevar?\u201d<\/p><\/blockquote>\n<p>Sin m\u00e1s, se ofreci\u00f3 a ayudarme. Hicimos <strong>dos viajes en su camioneta para trasladar<\/strong> \u201cmi primer patrimonio\u201d a un cuarto en el fraccionamiento Colosio. Subimos todo hasta un tercer piso. Al d\u00eda siguiente, me dijo que se hab\u00eda lastimado la espalda. Yo no sab\u00eda c\u00f3mo agradecerle\u2026<\/p>\n<p>El <strong>9 de julio de 2025 falleci\u00f3 Jorge Mart\u00ednez \u201cEl Georges\u201d.<\/strong> Su partida me cal\u00f3 profundamente. Con ella, no s\u00f3lo se fue un periodista \u00edntegro, sino un gu\u00eda, un c\u00f3mplice de camino, un hombre que crey\u00f3 en m\u00ed cuando m\u00e1s lo necesitaba.<\/p>\n<p>Hoy, entre la tristeza y la memoria, su pregunta resuena m\u00e1s viva que nunca:<\/p>\n<blockquote><p>\u2014\u201c\u00bfTe cae?\u201d<\/p><\/blockquote>\n<p>Y s\u00ed, me cae que s\u00ed, pinshi Georges dejaste huella.<\/p>\n<p><strong>GRACIAS<\/strong><\/p>\n","protected":false},"excerpt":{"rendered":"<p>Por: Jos\u00e9 Antonio Alcaraz Su\u00e1rez Conoc\u00ed a Jorge Mart\u00ednez L\u00f3pez en 2009, en un momento particularmente fr\u00e1gil de mi vida. \u00c9l buscaba nuevos reporteros para el peri\u00f3dico Milenio Hidalgo y yo era un joven desorientado que, tras un accidente grave, apenas hab\u00eda retomado los estudios universitarios. \u201cEl Georges\u201d, como le dec\u00eda, contact\u00f3 al \u00e1rea de<\/p>\n","protected":false},"author":2,"featured_media":4892,"comment_status":"open","ping_status":"open","sticky":false,"template":"","format":"standard","meta":{"footnotes":""},"categories":[44,35],"tags":[262,261,263],"class_list":{"0":"post-4891","1":"post","2":"type-post","3":"status-publish","4":"format-standard","5":"has-post-thumbnail","7":"category-minuto-a-minuto","8":"category-opinion","9":"tag-jorge-martinez","10":"tag-jorge-martinez-lopez","11":"tag-periodismo"},"yoast_head":"<!-- This site is optimized with the Yoast SEO plugin v26.1.1 - https:\/\/yoast.com\/wordpress\/plugins\/seo\/ -->\n<title>\u00bfTe cae? - El Cardinal<\/title>\n<meta name=\"robots\" content=\"index, follow, max-snippet:-1, max-image-preview:large, max-video-preview:-1\" \/>\n<link rel=\"canonical\" href=\"https:\/\/elcardinal.com\/?p=4891\" \/>\n<meta property=\"og:locale\" content=\"es_MX\" \/>\n<meta property=\"og:type\" content=\"article\" \/>\n<meta property=\"og:title\" content=\"\u00bfTe cae? - El Cardinal\" \/>\n<meta property=\"og:description\" content=\"Por: Jos\u00e9 Antonio Alcaraz Su\u00e1rez Conoc\u00ed a Jorge Mart\u00ednez L\u00f3pez en 2009, en un momento particularmente fr\u00e1gil de mi vida. \u00c9l buscaba nuevos reporteros para el peri\u00f3dico Milenio Hidalgo y yo era un joven desorientado que, tras un accidente grave, apenas hab\u00eda retomado los estudios universitarios. \u201cEl Georges\u201d, como le dec\u00eda, contact\u00f3 al \u00e1rea de\" \/>\n<meta property=\"og:url\" content=\"https:\/\/elcardinal.com\/?p=4891\" \/>\n<meta property=\"og:site_name\" content=\"El Cardinal\" \/>\n<meta property=\"article:publisher\" content=\"https:\/\/www.facebook.com\/profile.php?id=100063093107011\" \/>\n<meta property=\"article:published_time\" content=\"2025-07-13T18:14:11+00:00\" \/>\n<meta property=\"article:modified_time\" content=\"2025-07-13T18:55:27+00:00\" \/>\n<meta property=\"og:image\" content=\"https:\/\/elcardinal.com\/wp-content\/uploads\/2025\/07\/Semillas-Esterales-2.png\" \/>\n\t<meta property=\"og:image:width\" content=\"940\" \/>\n\t<meta property=\"og:image:height\" content=\"788\" \/>\n\t<meta property=\"og:image:type\" content=\"image\/png\" \/>\n<meta name=\"author\" content=\"Antonio Alcaraz\" \/>\n<meta name=\"twitter:card\" content=\"summary_large_image\" \/>\n<meta name=\"twitter:creator\" content=\"@ElCardinal_Mx\" \/>\n<meta name=\"twitter:site\" content=\"@ElCardinal_Mx\" \/>\n<meta name=\"twitter:label1\" content=\"Escrito por\" \/>\n\t<meta name=\"twitter:data1\" content=\"Antonio Alcaraz\" \/>\n\t<meta name=\"twitter:label2\" content=\"Tiempo de lectura\" \/>\n\t<meta name=\"twitter:data2\" content=\"3 minutos\" \/>\n<script type=\"application\/ld+json\" class=\"yoast-schema-graph\">{\"@context\":\"https:\/\/schema.org\",\"@graph\":[{\"@type\":\"Article\",\"@id\":\"https:\/\/elcardinal.com\/?p=4891#article\",\"isPartOf\":{\"@id\":\"https:\/\/elcardinal.com\/?p=4891\"},\"author\":{\"name\":\"Antonio Alcaraz\",\"@id\":\"https:\/\/elcardinal.com\/#\/schema\/person\/3c352ec0a33987fe275c0e8a2ea69f8b\"},\"headline\":\"\u00bfTe cae?\",\"datePublished\":\"2025-07-13T18:14:11+00:00\",\"dateModified\":\"2025-07-13T18:55:27+00:00\",\"mainEntityOfPage\":{\"@id\":\"https:\/\/elcardinal.com\/?p=4891\"},\"wordCount\":605,\"commentCount\":0,\"publisher\":{\"@id\":\"https:\/\/elcardinal.com\/#organization\"},\"image\":{\"@id\":\"https:\/\/elcardinal.com\/?p=4891#primaryimage\"},\"thumbnailUrl\":\"https:\/\/elcardinal.com\/wp-content\/uploads\/2025\/07\/Semillas-Esterales-2.png\",\"keywords\":[\"Jorge Mart\u00ednez\",\"Jorge Mart\u00ednez L\u00f3pez\",\"Periodismo\"],\"articleSection\":[\"Minuto a Minuto\",\"Opini\u00f3n\"],\"inLanguage\":\"es\",\"potentialAction\":[{\"@type\":\"CommentAction\",\"name\":\"Comment\",\"target\":[\"https:\/\/elcardinal.com\/?p=4891#respond\"]}]},{\"@type\":\"WebPage\",\"@id\":\"https:\/\/elcardinal.com\/?p=4891\",\"url\":\"https:\/\/elcardinal.com\/?p=4891\",\"name\":\"\u00bfTe cae? - El Cardinal\",\"isPartOf\":{\"@id\":\"https:\/\/elcardinal.com\/#website\"},\"primaryImageOfPage\":{\"@id\":\"https:\/\/elcardinal.com\/?p=4891#primaryimage\"},\"image\":{\"@id\":\"https:\/\/elcardinal.com\/?p=4891#primaryimage\"},\"thumbnailUrl\":\"https:\/\/elcardinal.com\/wp-content\/uploads\/2025\/07\/Semillas-Esterales-2.png\",\"datePublished\":\"2025-07-13T18:14:11+00:00\",\"dateModified\":\"2025-07-13T18:55:27+00:00\",\"breadcrumb\":{\"@id\":\"https:\/\/elcardinal.com\/?p=4891#breadcrumb\"},\"inLanguage\":\"es\",\"potentialAction\":[{\"@type\":\"ReadAction\",\"target\":[\"https:\/\/elcardinal.com\/?p=4891\"]}]},{\"@type\":\"ImageObject\",\"inLanguage\":\"es\",\"@id\":\"https:\/\/elcardinal.com\/?p=4891#primaryimage\",\"url\":\"https:\/\/elcardinal.com\/wp-content\/uploads\/2025\/07\/Semillas-Esterales-2.png\",\"contentUrl\":\"https:\/\/elcardinal.com\/wp-content\/uploads\/2025\/07\/Semillas-Esterales-2.png\",\"width\":940,\"height\":788},{\"@type\":\"BreadcrumbList\",\"@id\":\"https:\/\/elcardinal.com\/?p=4891#breadcrumb\",\"itemListElement\":[{\"@type\":\"ListItem\",\"position\":1,\"name\":\"Inicio\",\"item\":\"https:\/\/elcardinal.com\/\"},{\"@type\":\"ListItem\",\"position\":2,\"name\":\"\u00bfTe cae?\"}]},{\"@type\":\"WebSite\",\"@id\":\"https:\/\/elcardinal.com\/#website\",\"url\":\"https:\/\/elcardinal.com\/\",\"name\":\"El Cardinal\",\"description\":\"Periodismo honesto, con valor, sentido humano, a veces sarc\u00e1stico y divertido.\",\"publisher\":{\"@id\":\"https:\/\/elcardinal.com\/#organization\"},\"alternateName\":\"El Cardinal Noticias\",\"potentialAction\":[{\"@type\":\"SearchAction\",\"target\":{\"@type\":\"EntryPoint\",\"urlTemplate\":\"https:\/\/elcardinal.com\/?s={search_term_string}\"},\"query-input\":{\"@type\":\"PropertyValueSpecification\",\"valueRequired\":true,\"valueName\":\"search_term_string\"}}],\"inLanguage\":\"es\"},{\"@type\":\"Organization\",\"@id\":\"https:\/\/elcardinal.com\/#organization\",\"name\":\"El Cardinal\",\"url\":\"https:\/\/elcardinal.com\/\",\"logo\":{\"@type\":\"ImageObject\",\"inLanguage\":\"es\",\"@id\":\"https:\/\/elcardinal.com\/#\/schema\/logo\/image\/\",\"url\":\"https:\/\/elcardinal.com\/wp-content\/uploads\/2025\/04\/LOGO-EL-CARDINAL-Periodismo-con-valor.png\",\"contentUrl\":\"https:\/\/elcardinal.com\/wp-content\/uploads\/2025\/04\/LOGO-EL-CARDINAL-Periodismo-con-valor.png\",\"width\":755,\"height\":636,\"caption\":\"El Cardinal\"},\"image\":{\"@id\":\"https:\/\/elcardinal.com\/#\/schema\/logo\/image\/\"},\"sameAs\":[\"https:\/\/www.facebook.com\/profile.php?id=100063093107011\",\"https:\/\/x.com\/ElCardinal_Mx\"]},{\"@type\":\"Person\",\"@id\":\"https:\/\/elcardinal.com\/#\/schema\/person\/3c352ec0a33987fe275c0e8a2ea69f8b\",\"name\":\"Antonio Alcaraz\",\"image\":{\"@type\":\"ImageObject\",\"inLanguage\":\"es\",\"@id\":\"https:\/\/elcardinal.com\/#\/schema\/person\/image\/\",\"url\":\"https:\/\/elcardinal.com\/wp-content\/uploads\/2025\/05\/cropped-TONO-96x96.jpg\",\"contentUrl\":\"https:\/\/elcardinal.com\/wp-content\/uploads\/2025\/05\/cropped-TONO-96x96.jpg\",\"caption\":\"Antonio Alcaraz\"},\"url\":\"https:\/\/elcardinal.com\/?author=2\"}]}<\/script>\n<!-- \/ Yoast SEO plugin. -->","yoast_head_json":{"title":"\u00bfTe cae? - El Cardinal","robots":{"index":"index","follow":"follow","max-snippet":"max-snippet:-1","max-image-preview":"max-image-preview:large","max-video-preview":"max-video-preview:-1"},"canonical":"https:\/\/elcardinal.com\/?p=4891","og_locale":"es_MX","og_type":"article","og_title":"\u00bfTe cae? - El Cardinal","og_description":"Por: Jos\u00e9 Antonio Alcaraz Su\u00e1rez Conoc\u00ed a Jorge Mart\u00ednez L\u00f3pez en 2009, en un momento particularmente fr\u00e1gil de mi vida. \u00c9l buscaba nuevos reporteros para el peri\u00f3dico Milenio Hidalgo y yo era un joven desorientado que, tras un accidente grave, apenas hab\u00eda retomado los estudios universitarios. \u201cEl Georges\u201d, como le dec\u00eda, contact\u00f3 al \u00e1rea de","og_url":"https:\/\/elcardinal.com\/?p=4891","og_site_name":"El Cardinal","article_publisher":"https:\/\/www.facebook.com\/profile.php?id=100063093107011","article_published_time":"2025-07-13T18:14:11+00:00","article_modified_time":"2025-07-13T18:55:27+00:00","og_image":[{"width":940,"height":788,"url":"https:\/\/elcardinal.com\/wp-content\/uploads\/2025\/07\/Semillas-Esterales-2.png","type":"image\/png"}],"author":"Antonio Alcaraz","twitter_card":"summary_large_image","twitter_creator":"@ElCardinal_Mx","twitter_site":"@ElCardinal_Mx","twitter_misc":{"Escrito por":"Antonio Alcaraz","Tiempo de lectura":"3 minutos"},"schema":{"@context":"https:\/\/schema.org","@graph":[{"@type":"Article","@id":"https:\/\/elcardinal.com\/?p=4891#article","isPartOf":{"@id":"https:\/\/elcardinal.com\/?p=4891"},"author":{"name":"Antonio Alcaraz","@id":"https:\/\/elcardinal.com\/#\/schema\/person\/3c352ec0a33987fe275c0e8a2ea69f8b"},"headline":"\u00bfTe cae?","datePublished":"2025-07-13T18:14:11+00:00","dateModified":"2025-07-13T18:55:27+00:00","mainEntityOfPage":{"@id":"https:\/\/elcardinal.com\/?p=4891"},"wordCount":605,"commentCount":0,"publisher":{"@id":"https:\/\/elcardinal.com\/#organization"},"image":{"@id":"https:\/\/elcardinal.com\/?p=4891#primaryimage"},"thumbnailUrl":"https:\/\/elcardinal.com\/wp-content\/uploads\/2025\/07\/Semillas-Esterales-2.png","keywords":["Jorge Mart\u00ednez","Jorge Mart\u00ednez L\u00f3pez","Periodismo"],"articleSection":["Minuto a Minuto","Opini\u00f3n"],"inLanguage":"es","potentialAction":[{"@type":"CommentAction","name":"Comment","target":["https:\/\/elcardinal.com\/?p=4891#respond"]}]},{"@type":"WebPage","@id":"https:\/\/elcardinal.com\/?p=4891","url":"https:\/\/elcardinal.com\/?p=4891","name":"\u00bfTe cae? - El Cardinal","isPartOf":{"@id":"https:\/\/elcardinal.com\/#website"},"primaryImageOfPage":{"@id":"https:\/\/elcardinal.com\/?p=4891#primaryimage"},"image":{"@id":"https:\/\/elcardinal.com\/?p=4891#primaryimage"},"thumbnailUrl":"https:\/\/elcardinal.com\/wp-content\/uploads\/2025\/07\/Semillas-Esterales-2.png","datePublished":"2025-07-13T18:14:11+00:00","dateModified":"2025-07-13T18:55:27+00:00","breadcrumb":{"@id":"https:\/\/elcardinal.com\/?p=4891#breadcrumb"},"inLanguage":"es","potentialAction":[{"@type":"ReadAction","target":["https:\/\/elcardinal.com\/?p=4891"]}]},{"@type":"ImageObject","inLanguage":"es","@id":"https:\/\/elcardinal.com\/?p=4891#primaryimage","url":"https:\/\/elcardinal.com\/wp-content\/uploads\/2025\/07\/Semillas-Esterales-2.png","contentUrl":"https:\/\/elcardinal.com\/wp-content\/uploads\/2025\/07\/Semillas-Esterales-2.png","width":940,"height":788},{"@type":"BreadcrumbList","@id":"https:\/\/elcardinal.com\/?p=4891#breadcrumb","itemListElement":[{"@type":"ListItem","position":1,"name":"Inicio","item":"https:\/\/elcardinal.com\/"},{"@type":"ListItem","position":2,"name":"\u00bfTe cae?"}]},{"@type":"WebSite","@id":"https:\/\/elcardinal.com\/#website","url":"https:\/\/elcardinal.com\/","name":"El Cardinal","description":"Periodismo honesto, con valor, sentido humano, a veces sarc\u00e1stico y divertido.","publisher":{"@id":"https:\/\/elcardinal.com\/#organization"},"alternateName":"El Cardinal Noticias","potentialAction":[{"@type":"SearchAction","target":{"@type":"EntryPoint","urlTemplate":"https:\/\/elcardinal.com\/?s={search_term_string}"},"query-input":{"@type":"PropertyValueSpecification","valueRequired":true,"valueName":"search_term_string"}}],"inLanguage":"es"},{"@type":"Organization","@id":"https:\/\/elcardinal.com\/#organization","name":"El Cardinal","url":"https:\/\/elcardinal.com\/","logo":{"@type":"ImageObject","inLanguage":"es","@id":"https:\/\/elcardinal.com\/#\/schema\/logo\/image\/","url":"https:\/\/elcardinal.com\/wp-content\/uploads\/2025\/04\/LOGO-EL-CARDINAL-Periodismo-con-valor.png","contentUrl":"https:\/\/elcardinal.com\/wp-content\/uploads\/2025\/04\/LOGO-EL-CARDINAL-Periodismo-con-valor.png","width":755,"height":636,"caption":"El Cardinal"},"image":{"@id":"https:\/\/elcardinal.com\/#\/schema\/logo\/image\/"},"sameAs":["https:\/\/www.facebook.com\/profile.php?id=100063093107011","https:\/\/x.com\/ElCardinal_Mx"]},{"@type":"Person","@id":"https:\/\/elcardinal.com\/#\/schema\/person\/3c352ec0a33987fe275c0e8a2ea69f8b","name":"Antonio Alcaraz","image":{"@type":"ImageObject","inLanguage":"es","@id":"https:\/\/elcardinal.com\/#\/schema\/person\/image\/","url":"https:\/\/elcardinal.com\/wp-content\/uploads\/2025\/05\/cropped-TONO-96x96.jpg","contentUrl":"https:\/\/elcardinal.com\/wp-content\/uploads\/2025\/05\/cropped-TONO-96x96.jpg","caption":"Antonio Alcaraz"},"url":"https:\/\/elcardinal.com\/?author=2"}]}},"_links":{"self":[{"href":"https:\/\/elcardinal.com\/index.php?rest_route=\/wp\/v2\/posts\/4891","targetHints":{"allow":["GET"]}}],"collection":[{"href":"https:\/\/elcardinal.com\/index.php?rest_route=\/wp\/v2\/posts"}],"about":[{"href":"https:\/\/elcardinal.com\/index.php?rest_route=\/wp\/v2\/types\/post"}],"author":[{"embeddable":true,"href":"https:\/\/elcardinal.com\/index.php?rest_route=\/wp\/v2\/users\/2"}],"replies":[{"embeddable":true,"href":"https:\/\/elcardinal.com\/index.php?rest_route=%2Fwp%2Fv2%2Fcomments&post=4891"}],"version-history":[{"count":2,"href":"https:\/\/elcardinal.com\/index.php?rest_route=\/wp\/v2\/posts\/4891\/revisions"}],"predecessor-version":[{"id":4894,"href":"https:\/\/elcardinal.com\/index.php?rest_route=\/wp\/v2\/posts\/4891\/revisions\/4894"}],"wp:featuredmedia":[{"embeddable":true,"href":"https:\/\/elcardinal.com\/index.php?rest_route=\/wp\/v2\/media\/4892"}],"wp:attachment":[{"href":"https:\/\/elcardinal.com\/index.php?rest_route=%2Fwp%2Fv2%2Fmedia&parent=4891"}],"wp:term":[{"taxonomy":"category","embeddable":true,"href":"https:\/\/elcardinal.com\/index.php?rest_route=%2Fwp%2Fv2%2Fcategories&post=4891"},{"taxonomy":"post_tag","embeddable":true,"href":"https:\/\/elcardinal.com\/index.php?rest_route=%2Fwp%2Fv2%2Ftags&post=4891"}],"curies":[{"name":"wp","href":"https:\/\/api.w.org\/{rel}","templated":true}]}}