{"id":4916,"date":"2025-07-23T23:51:13","date_gmt":"2025-07-24T05:51:13","guid":{"rendered":"https:\/\/elcardinal.com\/?p=4916"},"modified":"2025-07-23T23:51:13","modified_gmt":"2025-07-24T05:51:13","slug":"poder-legislativo-autoriza-al-municipio-de-pachuca-garantizar-con-participaciones-federales-el-pago-de-cuotas-al-imss","status":"publish","type":"post","link":"https:\/\/elcardinal.com\/?p=4916","title":{"rendered":"Poder Legislativo autoriza al municipio de Pachuca garantizar con participaciones federales el pago de cuotas al IMSS"},"content":{"rendered":"<p>&nbsp;<\/p>\n<p>&nbsp;<\/p>\n<p><span style=\"font-weight: 400;\">En sesi\u00f3n ordinaria, diputadas y diputados integrantes de la <\/span><b>LXVI Legislatura<\/b><span style=\"font-weight: 400;\"> avalaron con 28 votos a favor, cero en contra y cero abstenciones, el dictamen que autoriza al municipio de Pachuca, a otorgar en garant\u00eda las participaciones federales que le correspondan al municipio para el cumplimiento de las obligaciones de pago con el Instituto Mexicano del Seguro Social (IMSS), derivado de la incorporaci\u00f3n voluntaria al r\u00e9gimen obligatorio de trabajadores, emitido por la primera Comisi\u00f3n Permanente de Hacienda y Presupuesto.<\/span><\/p>\n<p><span style=\"font-weight: 400;\">Ante la presencia de <\/span><b>Jorge Reyes Hern\u00e1ndez<\/b><span style=\"font-weight: 400;\">, presidente municipal de Pachuca, el legislador <\/span><b>Miguel \u00c1ngel Moreno Zamora<\/b><span style=\"font-weight: 400;\"> (Morena) indic\u00f3 que, adem\u00e1s, se autoriza al Poder Ejecutivo del estado, a trav\u00e9s de la Secretar\u00eda de Hacienda, a efectuar la retenci\u00f3n de dichas participaciones federales en caso de incumplimiento de pago de las obligaciones patronales, a petici\u00f3n del IMSS.<\/span><\/p>\n<p><span style=\"font-weight: 400;\">Con esta aprobaci\u00f3n, Pachuca se encamina a convertirse en el primer municipio del estado en incorporar a la totalidad de sus trabajadores al r\u00e9gimen del Seguro Social, garantizando el acceso a servicios m\u00e9dicos, prestaciones laborales y seguridad conforme a la legislaci\u00f3n vigente.<\/span><\/p>\n<p><span style=\"font-weight: 400;\">Respaldaron esta propuesta la diputada <\/span><b>Lizbeth Ira\u00eds Ordaz Islas<\/b><span style=\"font-weight: 400;\"> y los diputados <\/span><b>Andr\u00e9s Vel\u00e1zquez V\u00e1zquez<\/b><span style=\"font-weight: 400;\"> y <\/span><b>Juan Pablo Escalante Urb\u00e1n <\/b><span style=\"font-weight: 400;\">(Morena).<\/span><\/p>\n<p>&nbsp;<\/p>\n<p><b>Otros dict\u00e1menes<\/b><\/p>\n<p><b>Selecci\u00f3n de personas titulares de instancias municipales<\/b><\/p>\n<p><span style=\"font-weight: 400;\">Se aval\u00f3 con 27 votos a favor, cero en contra y cero abstenciones, el dictamen que aprueba con modificaciones la iniciativa que reforma la Ley Org\u00e1nica Municipal para el Estado de Hidalgo, emitido por la primera Comisi\u00f3n Permanente de Legislaci\u00f3n y Puntos Constitucionales.<\/span><\/p>\n<p><span style=\"font-weight: 400;\">El diputado <\/span><b>Miguel \u00c1ngel Moreno Zamora<\/b><span style=\"font-weight: 400;\">, promovente de la iniciativa junto a su compa\u00f1ero de bancada <\/span><b>Juan Pablo Escalante Urb\u00e1n<\/b><span style=\"font-weight: 400;\"> (Morena), record\u00f3 que el objetivo es fortalecer el funcionamiento de las instancias municipales para el desarrollo de las mujeres, mediante la selecci\u00f3n por convocatoria p\u00fablica abierta de la persona que ocupar\u00e1 su titularidad, asegurando una mejor atenci\u00f3n.<\/span><\/p>\n<p>&nbsp;<\/p>\n<p><b>Sistema \u00fanico de indicadores<\/b><\/p>\n<p><span style=\"font-weight: 400;\">Se aval\u00f3 con 24 votos a favor, cero en contra y cero abstenciones, el dictamen que aprueba con modificaciones la iniciativa que reforma la Ley Org\u00e1nica Municipal para el Estado de Hidalgo, emitido por la primera Comisi\u00f3n Permanente de Legislaci\u00f3n y Puntos Constitucionales.<\/span><\/p>\n<p><span style=\"font-weight: 400;\">La legisladora <\/span><b>Karla Perales Arrieta<\/b><span style=\"font-weight: 400;\"> (MC), promovente de la iniciativa, se\u00f1al\u00f3 que se busca establecer como uno de los objetivos del sistema municipal de protecci\u00f3n integral de los derechos de ni\u00f1as, ni\u00f1os y adolescentes, la generaci\u00f3n de un sistema \u00fanico de indicadores que permita evaluar el avance en la institucionalizaci\u00f3n de acciones, programas y pol\u00edticas p\u00fablicas municipales, as\u00ed como su impacto y resultado en el cumplimiento efectivo de sus derechos.<\/span><\/p>\n<p>&nbsp;<\/p>\n<p><b>Creaci\u00f3n de huertos urbanos<\/b><\/p>\n<p><span style=\"font-weight: 400;\">Se aval\u00f3 con 20 votos a favor, cero en contra y cero abstenciones, el dictamen que aprueba con modificaciones la iniciativa que reforma la Ley para la Protecci\u00f3n al Ambiente del Estado de Hidalgo, emitido por la primera Comisi\u00f3n Permanente de Legislaci\u00f3n y Puntos Constitucionales.<\/span><\/p>\n<p><span style=\"font-weight: 400;\">La diputada <\/span><b>Diana Rangel Z\u00fa\u00f1iga<\/b><span style=\"font-weight: 400;\"> (Morena), promovente de la iniciativa, mencion\u00f3 que la finalidad es crear huertos urbanos, lo que representa una oportunidad para mejorar la calidad de vida de los habitantes al fomentar la seguridad alimentaria, la cohesi\u00f3n social y la sostenibilidad ambiental.<\/span><\/p>\n<p>&nbsp;<\/p>\n<p><b>Acciones de salud mental en centros educativos<\/b><\/p>\n<p><span style=\"font-weight: 400;\">Se aval\u00f3 con 24 votos a favor, cero en contra y cero abstenciones, el dictamen que aprueba con modificaciones la iniciativa que reforma la Ley de Salud para Hidalgo, emitido por la primera Comisi\u00f3n Permanente de Legislaci\u00f3n y Puntos Constitucionales.<\/span><\/p>\n<p><span style=\"font-weight: 400;\">La legisladora <\/span><b>Orqu\u00eddea Larragoiti Osorio<\/b><span style=\"font-weight: 400;\"> (PT), promovente de la iniciativa, subray\u00f3 que el prop\u00f3sito es crear un programa estatal de atenci\u00f3n psicol\u00f3gica gratuita en escuelas y comunidades, el cual contar\u00e1 con personal capacitado en la intervenci\u00f3n y prevenci\u00f3n de problemas espec\u00edficos de salud mental.<\/span><\/p>\n<p>&nbsp;<\/p>\n<p><b>Actualizaci\u00f3n de dict\u00e1menes psicol\u00f3gicos victimales<\/b><\/p>\n<p><span style=\"font-weight: 400;\">Se aval\u00f3 con 24 votos a favor, cero en contra y cero abstenciones, el dictamen que aprueba con modificaciones la iniciativa que reforma la Ley de Acceso de las Mujeres a una Vida Libre de Violencia para el Estado de Hidalgo, emitido por la primera Comisi\u00f3n Permanente de Legislaci\u00f3n y Puntos Constitucionales.<\/span><\/p>\n<p><span style=\"font-weight: 400;\">La legisladora <\/span><b>Diana Rangel Z\u00fa\u00f1iga<\/b><span style=\"font-weight: 400;\"> (Morena), promovente de la iniciativa junto a su compa\u00f1era de bancada <\/span><b>Tania Er\u00e9ndira Meza Escorza<\/b><span style=\"font-weight: 400;\">, asegur\u00f3 que el fin es que los dict\u00e1menes psicol\u00f3gicos victimales elaborados por la Procuradur\u00eda General de Justicia del Estado, est\u00e9n actualizados y cuenten con los requisitos pertinentes para garantizar su validez y confiabilidad.<\/span><\/p>\n<p>&nbsp;<\/p>\n<p><b>Centros de rehabilitaci\u00f3n con personal capacitado<\/b><\/p>\n<p><span style=\"font-weight: 400;\">Se aval\u00f3 con 25 votos a favor, cero en contra y cero abstenciones, el dictamen promovido por el diputado <\/span><b>Arturo G\u00f3mez Canales <\/b><span style=\"font-weight: 400;\">(Morena) que aprueba con modificaciones la iniciativa que reforma la Ley de Salud para Hidalgo, emitido por la primera Comisi\u00f3n Permanente de Legislaci\u00f3n y Puntos Constitucionales.<\/span><\/p>\n<p><span style=\"font-weight: 400;\">El diputado <\/span><b>Juan Pablo Escalante Urb\u00e1n<\/b><span style=\"font-weight: 400;\"> (Morena) explic\u00f3 que la finalidad es garantizar que los centros de rehabilitaci\u00f3n para personas con adicciones cuenten con personal capacitado en salud mental.<\/span><\/p>\n<p>&nbsp;<\/p>\n<p><b>Promoci\u00f3n de competencias y exposiciones<\/b><\/p>\n<p><span style=\"font-weight: 400;\">Se aval\u00f3 con 26 votos a favor, cero en contra y cero abstenciones, el dictamen promovido por el diputado <\/span><b>Juli\u00e1n Nochebuena Hern\u00e1ndez<\/b><span style=\"font-weight: 400;\"> (Morena), que aprueba con modificaciones la iniciativa que reforma la Ley de Humanidades, Ciencias, Tecnolog\u00edas e Innovaci\u00f3n del Estado de Hidalgo, emitido por la primera Comisi\u00f3n Permanente de Legislaci\u00f3n y Puntos Constitucionales.<\/span><\/p>\n<p><span style=\"font-weight: 400;\">La legisladora <\/span><b>Mar\u00eda del Rosario Guerrero Mart\u00ednez<\/b><span style=\"font-weight: 400;\"> (Morena) indic\u00f3 que se busca que los alumnos puedan tener acceso constante a concursos, ferias, olimpiada, convenciones, exposiciones y dem\u00e1s mecanismos.<\/span><\/p>\n<p>&nbsp;<\/p>\n<p><b>Certificado de no inscripci\u00f3n<\/b><\/p>\n<p><span style=\"font-weight: 400;\">Se aval\u00f3 con 25 votos a favor, cero en contra y cero abstenciones, el dictamen que aprueba con modificaciones la iniciativa que reforma la Ley para la Familia del Estado de Hidalgo, emitido por la primera Comisi\u00f3n Permanente de Legislaci\u00f3n y Puntos Constitucionales.<\/span><\/p>\n<p><span style=\"font-weight: 400;\">La diputada <\/span><b>Orqu\u00eddea Larragoiti Osorio<\/b><span style=\"font-weight: 400;\"> (PT), promovente de la iniciativa, indic\u00f3 que la finalidad es establecer como requisito la presentaci\u00f3n del certificado de no inscripci\u00f3n en el Registro Nacional de Obligaciones Alimentarias en tr\u00e1mites y procedimientos de competencia estatal y municipal.<\/span><\/p>\n<p>&nbsp;<\/p>\n<p><b>Tarifas preferenciales para personas adultas mayores<\/b><\/p>\n<p><span style=\"font-weight: 400;\">Se aval\u00f3 con 22 votos a favor, cero en contra y cero abstenciones, el dictamen que aprueba con modificaciones la iniciativa que reforma la Ley Movilidad y Transporte para el Estado de Hidalgo, emitido por la primera Comisi\u00f3n Permanente de Legislaci\u00f3n y Puntos Constitucionales.<\/span><\/p>\n<p><span style=\"font-weight: 400;\">El legislador <\/span><b>Jos\u00e9 Luis Rodr\u00edguez Higareda<\/b><span style=\"font-weight: 400;\"> (Morena), promovente de la iniciativa, precis\u00f3 que se pretende fortalecer el marco jur\u00eddico local en materia de movilidad y transporte, as\u00ed como establecer la consecuencia o sanci\u00f3n aplicable cuando no se respeten los beneficios de tarifa.<\/span><\/p>\n<p>&nbsp;<\/p>\n<p><b>Condiciones para la exhibici\u00f3n, resguardo y venta de animales<\/b><\/p>\n<p><span style=\"font-weight: 400;\">Se aval\u00f3 con 22 votos a favor, cero en contra y cero abstenciones, el dictamen que aprueba con modificaciones la iniciativa que reforma la Ley de Protecci\u00f3n y Trato Digno para los Animales en el Estado de Hidalgo, emitido por la primera Comisi\u00f3n Permanente de Legislaci\u00f3n y Puntos Constitucionales.<\/span><\/p>\n<p><span style=\"font-weight: 400;\">El diputado <\/span><b>Avelino Tovar Iglesias<\/b><span style=\"font-weight: 400;\">, promovente de la iniciativa junto a su compa\u00f1era de bancada <\/span><b>Maria Guadalupe Cruz Monta\u00f1o<\/b><span style=\"font-weight: 400;\"> (PVEM), mencion\u00f3 que la finalidad es fortalecer el marco normativo en materia de bienestar animal y regular de manera m\u00e1s estricta su comercializaci\u00f3n, garantizando condiciones adecuadas para su resguardo, exhibici\u00f3n y venta.<\/span><\/p>\n<p>&nbsp;<\/p>\n<p><b>Acciones sobre prevenci\u00f3n de los efectos nocivos del tabaco<\/b><\/p>\n<p><span style=\"font-weight: 400;\">Se aval\u00f3 con 23 votos a favor, cero en contra y cero abstenciones, el dictamen que aprueba con modificaciones la iniciativa que reforma la Ley de Salud de Hidalgo, emitido por la primera Comisi\u00f3n Permanente de Legislaci\u00f3n y Puntos Constitucionales.<\/span><\/p>\n<p><span style=\"font-weight: 400;\">La legisladora <\/span><b>Cynthia Citlali Delgado Mendoza<\/b><span style=\"font-weight: 400;\"> (Morena), promovente de la iniciativa, precis\u00f3 que las campa\u00f1as de informaci\u00f3n, prevenci\u00f3n y sensibilizaci\u00f3n que reciba la poblaci\u00f3n deber\u00e1n estar basadas en estudios cient\u00edficos y sociales y alertar sobre los efectos y da\u00f1os f\u00edsicos, psicol\u00f3gicos y sociales del consumo de bebidas alcoh\u00f3licas, tabaco, productos derivados del mismo, cigarrillos electr\u00f3nicos, estupefacientes, psicotr\u00f3picos y dem\u00e1s drogas sint\u00e9ticas.<\/span><\/p>\n<p>&nbsp;<\/p>\n<p><b>Renovaci\u00f3n de autoridades de sociedades cooperativas<\/b><\/p>\n<p><span style=\"font-weight: 400;\">Se aval\u00f3 con 23 votos a favor, cero en contra y cero abstenciones, el dictamen que aprueba con modificaciones la iniciativa que reforma la Ley de Fomento Cooperativo para el Estado de Hidalgo, emitido por la primera Comisi\u00f3n Permanente de Legislaci\u00f3n y Puntos Constitucionales.<\/span><\/p>\n<p><span style=\"font-weight: 400;\">La diputada <\/span><b>Alma Rosa El\u00edas Paso<\/b><span style=\"font-weight: 400;\">, promovente de la iniciativa junta a sus compa\u00f1eros <\/span><b>Diana Rangel Z\u00fa\u00f1iga<\/b><span style=\"font-weight: 400;\">, <\/span><b>Miguel \u00c1ngel Moreno Zamora<\/b><span style=\"font-weight: 400;\"> y <\/span><b>Arturo G\u00f3mez Canales <\/b><span style=\"font-weight: 400;\">(Morena), mencion\u00f3 que el objetivo es fomentar, apoyar e impulsar la organizaci\u00f3n y desarrollo sustentable del sector cooperativo.<\/span><\/p>\n<p>&nbsp;<\/p>\n<p><b>Planeaci\u00f3n del uso de tecnolog\u00edas de la informaci\u00f3n<\/b><\/p>\n<p><span style=\"font-weight: 400;\">Se aval\u00f3 con 22 votos a favor, cero en contra y cero abstenciones, el dictamen que aprueba con modificaciones la iniciativa que reforma la Ley de Educaci\u00f3n de Hidalgo, emitido por la primera Comisi\u00f3n Permanente de Legislaci\u00f3n y Puntos Constitucionales.<\/span><\/p>\n<p><span style=\"font-weight: 400;\">La legisladora <\/span><b>Claudia Lilia Luna Islas<\/b><span style=\"font-weight: 400;\"> (PAN), promovente de la iniciativa, record\u00f3 que se busca prohibir el uso de dispositivos tecnol\u00f3gicos personales, como tel\u00e9fonos celulares, tabletas electr\u00f3nicas, relojes inteligentes, reproductores de m\u00fasica y cualquier otro aparato electr\u00f3nico similar, dentro de las instituciones educativas, durante el horario de clases.<\/span><\/p>\n<p>&nbsp;<\/p>\n<p><b>Acuerdo econ\u00f3mico<\/b><\/p>\n<p><b>Exhorto para ejercer recursos con legalidad<\/b><\/p>\n<p><span style=\"font-weight: 400;\">Se aval\u00f3 con 21 votos a favor, cero en contra y cero abstenciones, el acuerdo econ\u00f3mico promovido por los diputados <\/span><b>Miguel \u00c1ngel Moreno Zamora<\/b><span style=\"font-weight: 400;\"> y <\/span><b>Juan Pablo Escalante Urb\u00e1n<\/b><span style=\"font-weight: 400;\"> (Morena), el cual exhorta a los 84 ayuntamientos a ejercer sus recursos con legalidad, transparencia y responsabilidad, emitido por la primera Comisi\u00f3n Permanente de Hacienda y Presupuesto.<\/span><\/p>\n<p><span style=\"font-weight: 400;\">El diputado <\/span><b>Jos\u00e9 Mar\u00eda Alejandro P\u00e9rez Ram\u00edrez<\/b><span style=\"font-weight: 400;\"> (Nueva Alianza) explic\u00f3 que tambi\u00e9n se les solicita realizar las adecuaciones presupuestarias necesarias en sus asambleas.<\/span><\/p>\n<p>&nbsp;<\/p>\n<p><b>Iniciativas<\/b><\/p>\n<p><b>Cultura de no discriminaci\u00f3n y respeto a los derechos<\/b><\/p>\n<p><span style=\"font-weight: 400;\">Las y los diputados <\/span><b>Juan Pablo Escalante Urb\u00e1n<\/b><span style=\"font-weight: 400;\">, <\/span><b>Miguel \u00c1ngel Moreno Zamora<\/b><span style=\"font-weight: 400;\">, <\/span><b>Arturo G\u00f3mez Canales<\/b><span style=\"font-weight: 400;\">, <\/span><b>Andr\u00e9s Vel\u00e1zquez V\u00e1zquez<\/b><span style=\"font-weight: 400;\">, <\/span><b>Hilda Miranda Miranda<\/b><span style=\"font-weight: 400;\">, <\/span><b>Lizbeth Ira\u00eds Ordaz Islas<\/b><span style=\"font-weight: 400;\"> (Morena), <\/span><b>Jorge Arg\u00fcelles Salazar<\/b><span style=\"font-weight: 400;\"> y <\/span><b>Jos\u00e9 Mar\u00eda Alejandro P\u00e9rez Ram\u00edrez <\/b><span style=\"font-weight: 400;\">(Nueva Alianza) presentaron la iniciativa que reforma las leyes de Educaci\u00f3n y de Educaci\u00f3n Superior de Hidalgo, con la finalidad de establecer el principio de no discriminaci\u00f3n y respeto a los derechos de las personas en situaci\u00f3n de calle como fin y criterio de la educaci\u00f3n impartida en la entidad.<\/span><\/p>\n<p><b>Ingresos municipales<\/b><\/p>\n<p><span style=\"font-weight: 400;\">Las y los legisladores <\/span><b>Hilda Miranda Miranda<\/b><span style=\"font-weight: 400;\">, <\/span><b>Lizbeth Ira\u00eds Ordaz Islas<\/b><span style=\"font-weight: 400;\">, <\/span><b>Andr\u00e9s Vel\u00e1zquez V\u00e1zquez<\/b><span style=\"font-weight: 400;\">, <\/span><b>Arturo G\u00f3mez Canales<\/b><span style=\"font-weight: 400;\">, <\/span><b>Juan Pablo Escalante Urb\u00e1n<\/b><span style=\"font-weight: 400;\">, <\/span><b>Miguel \u00c1ngel Moreno Zamora<\/b><span style=\"font-weight: 400;\"> (Morena), <\/span><b>Jos\u00e9 Mar\u00eda Alejandro P\u00e9rez Ram\u00edrez<\/b><span style=\"font-weight: 400;\"> y <\/span><b>Jorge Arg\u00fcelles Salazar<\/b><span style=\"font-weight: 400;\"> (Nueva Alianza) propusieron la iniciativa que reforma el C\u00f3digo Fiscal Municipal para el Estado de Hidalgo, con el prop\u00f3sito de asegurar que la Tesorer\u00eda cuente con conocimiento integral de todos los ingresos para garantizar su uso y ejecuci\u00f3n bajo los principios de transparencia, rendici\u00f3n de cuentas y eficacia en la gesti\u00f3n de los recursos p\u00fablicos.<\/span><\/p>\n<p>&nbsp;<\/p>\n<p><b>Derecho a la informaci\u00f3n sobre el cambio clim\u00e1tico<\/b><\/p>\n<p><span style=\"font-weight: 400;\">La diputada <\/span><b>Paloma Barrag\u00e1n Santos<\/b><span style=\"font-weight: 400;\"> y el diputado <\/span><b>Andr\u00e9s Vel\u00e1zquez V\u00e1zquez<\/b><span style=\"font-weight: 400;\"> (Morena) detallaron la iniciativa que modifica la Ley de Mitigaci\u00f3n y Adaptaci\u00f3n ante los Efectos del Cambio Clim\u00e1tico para el Estado de Hidalgo, con el objetivo de garantizar el derecho a la informaci\u00f3n de las personas y las comunidades sobre los riesgos y efectos de dicha problem\u00e1tica.<\/span><\/p>\n<p>&nbsp;<\/p>\n<p><b>Pol\u00edtica de Senderos Seguros<\/b><\/p>\n<p><span style=\"font-weight: 400;\">Las y los legisladores <\/span><b>Paloma Barrag\u00e1n Santos<\/b><span style=\"font-weight: 400;\">, <\/span><b>Cynthia Citlali Delgado Mendoza<\/b><span style=\"font-weight: 400;\">, <\/span><b>Yarabi Gonz\u00e1lez Mart\u00ednez<\/b><span style=\"font-weight: 400;\">, <\/span><b>Alma Rosa El\u00edas Paso<\/b><span style=\"font-weight: 400;\">, <\/span><b>Lizbeth Ira\u00eds Ordaz Islas<\/b><span style=\"font-weight: 400;\">, <\/span><b>Diana Rangel Z\u00fa\u00f1iga<\/b><span style=\"font-weight: 400;\">, <\/span><b>Tania Er\u00e9ndira Meza Escorza<\/b><span style=\"font-weight: 400;\">, <\/span><b>Juli\u00e1n Nochebuena Hern\u00e1ndez<\/b><span style=\"font-weight: 400;\">, <\/span><b>Miguel \u00c1ngel Moreno Zamora<\/b><span style=\"font-weight: 400;\">, <\/span><b>Jos\u00e9 Luis Rodr\u00edguez Higareda<\/b><span style=\"font-weight: 400;\">, <\/span><b>Aldo Meza Hern\u00e1ndez<\/b><span style=\"font-weight: 400;\">, <\/span><b>Arturo G\u00f3mez Canales<\/b><span style=\"font-weight: 400;\">, <\/span><b>Andr\u00e9s Vel\u00e1zquez V\u00e1zquez<\/b><span style=\"font-weight: 400;\"> (Morena), <\/span><b>Orqu\u00eddea Larragoiti Osorio<\/b><span style=\"font-weight: 400;\"> (PT), <\/span><b>Leonel Perusqu\u00eda Muedano<\/b><span style=\"font-weight: 400;\"> (PRD), <\/span><b>Juana Olivia Alarc\u00f3n Rivera <\/b><span style=\"font-weight: 400;\">y <\/span><b>M\u00f3nica Leanett Reyes Mart\u00ednez<\/b><span style=\"font-weight: 400;\"> (Nueva Alianza) presentaron la iniciativa que reforma la Ley de Acceso de las Mujeres a una Vida Libre de Violencia para el Estado de Hidalgo.<\/span><\/p>\n<p><span style=\"font-weight: 400;\">El prop\u00f3sito de esta reforma es incorporar la pol\u00edtica de Senderos Seguros, con el fin de garantizar el derecho de las mujeres, adolescentes y ni\u00f1as a transitar de manera libre, segura y sin violencia por los espacios p\u00fablicos del estado.<\/span><\/p>\n<p>&nbsp;<\/p>\n<p><b>Espacios libres de humo<\/b><\/p>\n<p><span style=\"font-weight: 400;\">Las y los diputados <\/span><b>Claudia Lilia Luna Islas<\/b><span style=\"font-weight: 400;\"> (PAN), <\/span><b>Marco Antonio Mendoza Bustamante<\/b><span style=\"font-weight: 400;\">, <\/span><b>Johana Montcerrat Hern\u00e1ndez P\u00e9rez<\/b><span style=\"font-weight: 400;\"> (PRI), <\/span><b>Orqu\u00eddea Larragoiti Osorio<\/b><span style=\"font-weight: 400;\">, <\/span><b>Francisco Javier T\u00e9llez S\u00e1nchez<\/b><span style=\"font-weight: 400;\"> (PT), <\/span><b>Mar\u00eda Guadalupe Cruz Monta\u00f1o<\/b><span style=\"font-weight: 400;\">, <\/span><b>Avelino Tovar Iglesias<\/b><span style=\"font-weight: 400;\"> (PVEM), <\/span><b>Karla Perales Arrieta<\/b><span style=\"font-weight: 400;\"> (MC), <\/span><b>Jos\u00e9 Luis Rodr\u00edguez Higareda<\/b><span style=\"font-weight: 400;\">, <\/span><b>Hilda Miranda Miranda<\/b><span style=\"font-weight: 400;\"> (Morena) y <\/span><b>Leonel Perusqu\u00eda Muedano<\/b><span style=\"font-weight: 400;\"> (PRD) propusieron la iniciativa que reforma la Ley de Protecci\u00f3n contra los Efectos Nocivos del Tabaco para Hidalgo, a fin de ampliar los espacios libres de humo en zonas exteriores de hospitales y planteles educativos.<\/span><\/p>\n<p>&nbsp;<\/p>\n<p><b>Prohibici\u00f3n del fraccionamiento de contrataciones<\/b><\/p>\n<p><span style=\"font-weight: 400;\">Las y los legisladores <\/span><b>Lizbeth Irais Ordaz Islas<\/b><span style=\"font-weight: 400;\">, <\/span><b>Hilda Miranda Miranda<\/b><span style=\"font-weight: 400;\">, <\/span><b>Arturo G\u00f3mez Canales<\/b><span style=\"font-weight: 400;\">, <\/span><b>Andr\u00e9s Vel\u00e1zquez V\u00e1zquez<\/b><span style=\"font-weight: 400;\">, <\/span><b>Juan Pablo Escalante Urb\u00e1n<\/b><span style=\"font-weight: 400;\">, <\/span><b>Miguel \u00c1ngel Moreno Zamora<\/b><span style=\"font-weight: 400;\"> (Morena), <\/span><b>Jorge Arg\u00fcelles Salazar<\/b><span style=\"font-weight: 400;\"> y <\/span><b>Jos\u00e9 Mar\u00eda Alejandro P\u00e9rez Ram\u00edrez <\/b><span style=\"font-weight: 400;\">(Nueva Alianza) detallaron la iniciativa que reforma la Ley de Adquisiciones, Arrendamientos y Servicios del Sector P\u00fablico para el Estado de Hidalgo, a fin de establecer la prohibici\u00f3n del fraccionamiento de contrataciones, as\u00ed como definir los criterios objetivos que permitan identificar dicha pr\u00e1ctica.<\/span><\/p>\n<p>&nbsp;<\/p>\n<p><b>Reconocimiento a madres buscadoras<\/b><\/p>\n<p><span style=\"font-weight: 400;\">Las y los diputados <\/span><b>Johana Montcerrat Hern\u00e1ndez P\u00e9rez<\/b><span style=\"font-weight: 400;\">, <\/span><b>Marco Antonio Mendoza Bustamante<\/b><span style=\"font-weight: 400;\"> (PRI), <\/span><b>Claudia Lilia Luna Islas<\/b><span style=\"font-weight: 400;\"> (PAN), <\/span><b>Francisco Javier T\u00e9llez S\u00e1nchez<\/b><span style=\"font-weight: 400;\">, <\/span><b>Orqu\u00eddea Larragoiti Osorio<\/b><span style=\"font-weight: 400;\"> (PT), <\/span><b>Karla Perales Arrieta<\/b><span style=\"font-weight: 400;\"> (MC), <\/span><b>Mar\u00eda Guadalupe Cruz Monta\u00f1o<\/b><span style=\"font-weight: 400;\">, <\/span><b>Avelino Tovar Iglesias<\/b><span style=\"font-weight: 400;\"> (PVEM) y <\/span><b>Leonel Perusqu\u00eda Muedano<\/b><span style=\"font-weight: 400;\"> (PRD) presentaron la iniciativa que reforma la Ley de Protecci\u00f3n a Personas Defensoras de Derechos Humanos y de Salvaguarda de los Derechos para el Ejercicio del Periodismo, la cual pretende reconocer a las madres buscadoras en el estado como defensoras de derechos humanos.<\/span><\/p>\n<p>&nbsp;<\/p>\n<p><b>Derecho de acceso a la cultura y confianza ciudadana<\/b><\/p>\n<p><span style=\"font-weight: 400;\">El legislador <\/span><b>Marco Antonio Mendoza Bustamante<\/b><span style=\"font-weight: 400;\"> (PRI) propuso la iniciativa que modifica la Ley de Cultura y Derechos Culturales del Estado de Hidalgo, la cual busca legislar a favor del derecho de acceso a la cultura para garantizar que todas las personas puedan participar en la vida cultural de su comunidad.<\/span><\/p>\n<p><span style=\"font-weight: 400;\">Adem\u00e1s, present\u00f3 la iniciativa que reforma la Ley de Adquisiciones, Arrendamientos y Servicios del Sector P\u00fablico del Estado de Hidalgo, con el fin de establecer garant\u00edas dentro de la norma para asegurar su aplicaci\u00f3n efectiva y justa, protegiendo los derechos de las personas y promoviendo la confianza ciudadana en el sistema legal.<\/span><\/p>\n<p>&nbsp;<\/p>\n<p><b>Educaci\u00f3n f\u00edsica y campa\u00f1as de esterilizaci\u00f3n<\/b><\/p>\n<p><span style=\"font-weight: 400;\">Las diputadas <\/span><b>M\u00f3nica Leanett Reyes Mart\u00ednez<\/b><span style=\"font-weight: 400;\">, <\/span><b>Juana Olivia Alarc\u00f3n Rivera<\/b><span style=\"font-weight: 400;\"> (Nueva Alianza) y el diputado <\/span><b>Andr\u00e9s Vel\u00e1zquez V\u00e1zquez<\/b><span style=\"font-weight: 400;\"> (Morena) detallaron la iniciativa que reforma la Ley de Educaci\u00f3n del Estado de Hidalgo para establecer la obligatoriedad de la materia de educaci\u00f3n f\u00edsica, como derecho fundamental de ni\u00f1as, ni\u00f1os y adolescentes, al contribuir a su salud y desarrollo integral.<\/span><\/p>\n<p><span style=\"font-weight: 400;\">Tambi\u00e9n presentaron la iniciativa que modifica la Ley de Protecci\u00f3n y Trato Digno para los Animales en el Estado de Hidalgo, con el objetivo de establecer de manera clara y obligatoria la definici\u00f3n, promoci\u00f3n y ejecuci\u00f3n de campa\u00f1as permanentes de esterilizaci\u00f3n y vacunaci\u00f3n de animales dom\u00e9sticos, abandonados y mascotas.<\/span><\/p>\n<p>&nbsp;<\/p>\n<p><b>Criaderos de animales y nueva ley de protecci\u00f3n<\/b><\/p>\n<p><span style=\"font-weight: 400;\">La legisladora <\/span><b>Hilda Miranda Miranda<\/b><span style=\"font-weight: 400;\"> y legislador <\/span><b>Andr\u00e9s Vel\u00e1zquez V\u00e1zquez<\/b><span style=\"font-weight: 400;\"> (Morena) propusieron la iniciativa que reforma la Ley de Regulaci\u00f3n de Criaderos de Animales de Compa\u00f1\u00eda para el Estado de Hidalgo, con el prop\u00f3sito de establecer un marco normativo integral que permita a la autoridad ambiental estatal identificar, registrar y supervisar los criaderos de animales de compa\u00f1\u00eda en la entidad.<\/span><\/p>\n<p><span style=\"font-weight: 400;\">Tambi\u00e9n presentaron la iniciativa por la que se expide la Ley de Protecci\u00f3n y Bienestar Animal para el Estado de Hidalgo, la cual establece que los animales tienen derechos como: vivir sin dolor, a una muerte digna cuando as\u00ed sea inevitable, y a vivir sin sufrimiento causado por el ser humano. Esta reforma tambi\u00e9n propone crear un sistema integral de atenci\u00f3n de animales v\u00edctimas de violencia, establecer un registro estatal de animales, tutores, criaderos, refugios y centros de atenci\u00f3n, definir lineamientos de trabajo asistido y el retiro digno de los animales de servicio, entre otros.<\/span><\/p>\n<p>&nbsp;<\/p>\n<p><b>D\u00eda de las Personas Mayores en el Estado de Hidalgo<\/b><\/p>\n<p><span style=\"font-weight: 400;\">El diputado <\/span><b>Juli\u00e1n Nochebuena Hern\u00e1ndez<\/b><span style=\"font-weight: 400;\"> (Morena) propuso la iniciativa que declara el 12 de abril de cada a\u00f1o como D\u00eda de las Personas Mayores en el Estado de Hidalgo, con el fin de promover campa\u00f1as de sensibilizaci\u00f3n, actividades culturales, foros intergeneracionales, acciones de salud preventiva, espacios de escucha y participaci\u00f3n social.<\/span><\/p>\n<p>&nbsp;<\/p>\n<p><b>Asuntos generales<\/b><\/p>\n<p><b>Vigilancia para evitar robos en escuelas<\/b><\/p>\n<p><span style=\"font-weight: 400;\">El legislador <\/span><b>Avelino Tovar Iglesias<\/b><span style=\"font-weight: 400;\"> (PVEM) propuso el acuerdo econ\u00f3mico que exhorta a las secretar\u00edas estatales de Seguridad P\u00fablica y de Educaci\u00f3n P\u00fablica a establecer medidas eficaces de coordinaci\u00f3n para la vigilancia y prevenci\u00f3n del delito de robo en las instituciones educativas de la entidad.<\/span><\/p>\n<p>&nbsp;<\/p>\n<p><b>Apoyo a afectados por inundaciones<\/b><\/p>\n<p><span style=\"font-weight: 400;\">La diputada <\/span><b>Claudia Lilia Luna Islas<\/b><span style=\"font-weight: 400;\"> (PAN) present\u00f3 el acuerdo econ\u00f3mico que exhorta al secretario de Gobierno, al titular de la Subsecretar\u00eda de Protecci\u00f3n Civil y Gesti\u00f3n de Riesgos, al titular de la Secretar\u00eda de Infraestructura P\u00fablica y Desarrollo Urbano Sostenible y a la Secretar\u00eda de Salud estatal a implementar acciones de atenci\u00f3n, auxilio, evaluaci\u00f3n de da\u00f1os, apoyo humanitario y medidas preventivas en materia de salud p\u00fablica, a favor de las personas afectadas por las recientes inundaciones registradas en el municipio de Tezontepec.<\/span><\/p>\n<p>&nbsp;<\/p>\n<p><b>Capacitaci\u00f3n a conciliadores sobre derechos humanos<\/b><\/p>\n<p><span style=\"font-weight: 400;\">La legisladora <\/span><b>Mar\u00eda Guadalupe Cruz Monta\u00f1o<\/b><span style=\"font-weight: 400;\"> y el legislador <\/span><b>Avelino Tovar Iglesias<\/b><span style=\"font-weight: 400;\"> (PVEM) presentaron el acuerdo econ\u00f3mico que exhorta a la Comisi\u00f3n de Derechos Humanos del Estado de Hidalgo para capacitar a los 84 conciliadores municipales en materia de derechos humanos, con \u00e9nfasis en personas adultas mayores.<\/span><\/p>\n<p>&nbsp;<\/p>\n<p><b>Actualizaci\u00f3n de normativa municipal<\/b><\/p>\n<p><span style=\"font-weight: 400;\">La diputada <\/span><b>Mar\u00eda del Rosario Guerrero Mart\u00ednez<\/b><span style=\"font-weight: 400;\"> (Morena) propuso el acuerdo econ\u00f3mico que exhorta a los 84 ayuntamientos a actualizar su normativa municipal, lo que contribuir\u00e1 al fortalecimiento institucional, transparencia, participaci\u00f3n ciudadana y el impulso al desarrollo econ\u00f3mico y social en las comunidades.<\/span><\/p>\n<p>&nbsp;<\/p>\n<p><b>Elecci\u00f3n de titular de la Comisi\u00f3n de Atenci\u00f3n a V\u00edctimas<\/b><\/p>\n<p><span style=\"font-weight: 400;\">La legisladora <\/span><b>Johana Montcerrat Hern\u00e1ndez P\u00e9rez<\/b><span style=\"font-weight: 400;\"> (PRI) solicit\u00f3 elegir con responsabilidad y garantizar que quien encabece la Comisi\u00f3n Ejecutiva de Atenci\u00f3n a V\u00edctimas del Estado de Hidalgo tenga empat\u00eda, independencia y compromiso real con las v\u00edctimas. \u201cNo queremos una instituci\u00f3n decorativa, necesitamos una instituci\u00f3n activa, profesional y humana que escuche a las familias, que articule con las dem\u00e1s instancias de gobierno, que sea un contrapeso y un respaldo, que haga suya la causa de quienes no han sido escuchados\u201d.<\/span><\/p>\n","protected":false},"excerpt":{"rendered":"<p>&nbsp; &nbsp; En sesi\u00f3n ordinaria, diputadas y diputados integrantes de la LXVI Legislatura avalaron con 28 votos a favor, cero en contra y cero abstenciones, el dictamen que autoriza al municipio de Pachuca, a otorgar en garant\u00eda las participaciones federales que le correspondan al municipio para el cumplimiento de las obligaciones de pago con el<\/p>\n","protected":false},"author":2,"featured_media":4917,"comment_status":"open","ping_status":"open","sticky":false,"template":"","format":"standard","meta":{"footnotes":""},"categories":[31,44,39],"tags":[],"class_list":{"0":"post-4916","1":"post","2":"type-post","3":"status-publish","4":"format-standard","5":"has-post-thumbnail","7":"category-hidalgo","8":"category-minuto-a-minuto","9":"category-politica"},"yoast_head":"<!-- This site is optimized with the Yoast SEO plugin v26.1.1 - https:\/\/yoast.com\/wordpress\/plugins\/seo\/ -->\n<title>Poder Legislativo autoriza al municipio de Pachuca garantizar con participaciones federales el pago de cuotas al IMSS - El Cardinal<\/title>\n<meta name=\"robots\" content=\"index, follow, max-snippet:-1, max-image-preview:large, max-video-preview:-1\" \/>\n<link rel=\"canonical\" href=\"https:\/\/elcardinal.com\/?p=4916\" \/>\n<meta property=\"og:locale\" content=\"es_MX\" \/>\n<meta property=\"og:type\" content=\"article\" \/>\n<meta property=\"og:title\" content=\"Poder Legislativo autoriza al municipio de Pachuca garantizar con participaciones federales el pago de cuotas al IMSS - El Cardinal\" \/>\n<meta property=\"og:description\" content=\"&nbsp; &nbsp; En sesi\u00f3n ordinaria, diputadas y diputados integrantes de la LXVI Legislatura avalaron con 28 votos a favor, cero en contra y cero abstenciones, el dictamen que autoriza al municipio de Pachuca, a otorgar en garant\u00eda las participaciones federales que le correspondan al municipio para el cumplimiento de las obligaciones de pago con el\" \/>\n<meta property=\"og:url\" content=\"https:\/\/elcardinal.com\/?p=4916\" \/>\n<meta property=\"og:site_name\" content=\"El Cardinal\" \/>\n<meta property=\"article:publisher\" content=\"https:\/\/www.facebook.com\/profile.php?id=100063093107011\" \/>\n<meta property=\"article:published_time\" content=\"2025-07-24T05:51:13+00:00\" \/>\n<meta property=\"og:image\" content=\"https:\/\/elcardinal.com\/wp-content\/uploads\/2025\/07\/Sesion-23.07.2025-Ordinaria-112.jpg\" \/>\n\t<meta property=\"og:image:width\" content=\"2400\" \/>\n\t<meta property=\"og:image:height\" content=\"1602\" \/>\n\t<meta property=\"og:image:type\" content=\"image\/jpeg\" \/>\n<meta name=\"author\" content=\"Antonio Alcaraz\" \/>\n<meta name=\"twitter:card\" content=\"summary_large_image\" \/>\n<meta name=\"twitter:creator\" content=\"@ElCardinal_Mx\" \/>\n<meta name=\"twitter:site\" content=\"@ElCardinal_Mx\" \/>\n<meta name=\"twitter:label1\" content=\"Escrito por\" \/>\n\t<meta name=\"twitter:data1\" content=\"Antonio Alcaraz\" \/>\n\t<meta name=\"twitter:label2\" content=\"Tiempo de lectura\" \/>\n\t<meta name=\"twitter:data2\" content=\"14 minutos\" \/>\n<script type=\"application\/ld+json\" class=\"yoast-schema-graph\">{\"@context\":\"https:\/\/schema.org\",\"@graph\":[{\"@type\":\"Article\",\"@id\":\"https:\/\/elcardinal.com\/?p=4916#article\",\"isPartOf\":{\"@id\":\"https:\/\/elcardinal.com\/?p=4916\"},\"author\":{\"name\":\"Antonio Alcaraz\",\"@id\":\"https:\/\/elcardinal.com\/#\/schema\/person\/3c352ec0a33987fe275c0e8a2ea69f8b\"},\"headline\":\"Poder Legislativo autoriza al municipio de Pachuca garantizar con participaciones federales el pago de cuotas al IMSS\",\"datePublished\":\"2025-07-24T05:51:13+00:00\",\"mainEntityOfPage\":{\"@id\":\"https:\/\/elcardinal.com\/?p=4916\"},\"wordCount\":3366,\"commentCount\":0,\"publisher\":{\"@id\":\"https:\/\/elcardinal.com\/#organization\"},\"image\":{\"@id\":\"https:\/\/elcardinal.com\/?p=4916#primaryimage\"},\"thumbnailUrl\":\"https:\/\/elcardinal.com\/wp-content\/uploads\/2025\/07\/Sesion-23.07.2025-Ordinaria-112.jpg\",\"articleSection\":[\"Hidalgo\",\"Minuto a Minuto\",\"Pol\u00edtica\"],\"inLanguage\":\"es\",\"potentialAction\":[{\"@type\":\"CommentAction\",\"name\":\"Comment\",\"target\":[\"https:\/\/elcardinal.com\/?p=4916#respond\"]}]},{\"@type\":\"WebPage\",\"@id\":\"https:\/\/elcardinal.com\/?p=4916\",\"url\":\"https:\/\/elcardinal.com\/?p=4916\",\"name\":\"Poder Legislativo autoriza al municipio de Pachuca garantizar con participaciones federales el pago de cuotas al IMSS - El Cardinal\",\"isPartOf\":{\"@id\":\"https:\/\/elcardinal.com\/#website\"},\"primaryImageOfPage\":{\"@id\":\"https:\/\/elcardinal.com\/?p=4916#primaryimage\"},\"image\":{\"@id\":\"https:\/\/elcardinal.com\/?p=4916#primaryimage\"},\"thumbnailUrl\":\"https:\/\/elcardinal.com\/wp-content\/uploads\/2025\/07\/Sesion-23.07.2025-Ordinaria-112.jpg\",\"datePublished\":\"2025-07-24T05:51:13+00:00\",\"breadcrumb\":{\"@id\":\"https:\/\/elcardinal.com\/?p=4916#breadcrumb\"},\"inLanguage\":\"es\",\"potentialAction\":[{\"@type\":\"ReadAction\",\"target\":[\"https:\/\/elcardinal.com\/?p=4916\"]}]},{\"@type\":\"ImageObject\",\"inLanguage\":\"es\",\"@id\":\"https:\/\/elcardinal.com\/?p=4916#primaryimage\",\"url\":\"https:\/\/elcardinal.com\/wp-content\/uploads\/2025\/07\/Sesion-23.07.2025-Ordinaria-112.jpg\",\"contentUrl\":\"https:\/\/elcardinal.com\/wp-content\/uploads\/2025\/07\/Sesion-23.07.2025-Ordinaria-112.jpg\",\"width\":2400,\"height\":1602,\"caption\":\"CONGRESO_HIDALGO\"},{\"@type\":\"BreadcrumbList\",\"@id\":\"https:\/\/elcardinal.com\/?p=4916#breadcrumb\",\"itemListElement\":[{\"@type\":\"ListItem\",\"position\":1,\"name\":\"Inicio\",\"item\":\"https:\/\/elcardinal.com\/\"},{\"@type\":\"ListItem\",\"position\":2,\"name\":\"Poder Legislativo autoriza al municipio de Pachuca garantizar con participaciones federales el pago de cuotas al IMSS\"}]},{\"@type\":\"WebSite\",\"@id\":\"https:\/\/elcardinal.com\/#website\",\"url\":\"https:\/\/elcardinal.com\/\",\"name\":\"El Cardinal\",\"description\":\"Periodismo honesto, con valor, sentido humano, a veces sarc\u00e1stico y divertido.\",\"publisher\":{\"@id\":\"https:\/\/elcardinal.com\/#organization\"},\"alternateName\":\"El Cardinal Noticias\",\"potentialAction\":[{\"@type\":\"SearchAction\",\"target\":{\"@type\":\"EntryPoint\",\"urlTemplate\":\"https:\/\/elcardinal.com\/?s={search_term_string}\"},\"query-input\":{\"@type\":\"PropertyValueSpecification\",\"valueRequired\":true,\"valueName\":\"search_term_string\"}}],\"inLanguage\":\"es\"},{\"@type\":\"Organization\",\"@id\":\"https:\/\/elcardinal.com\/#organization\",\"name\":\"El Cardinal\",\"url\":\"https:\/\/elcardinal.com\/\",\"logo\":{\"@type\":\"ImageObject\",\"inLanguage\":\"es\",\"@id\":\"https:\/\/elcardinal.com\/#\/schema\/logo\/image\/\",\"url\":\"https:\/\/elcardinal.com\/wp-content\/uploads\/2025\/04\/LOGO-EL-CARDINAL-Periodismo-con-valor.png\",\"contentUrl\":\"https:\/\/elcardinal.com\/wp-content\/uploads\/2025\/04\/LOGO-EL-CARDINAL-Periodismo-con-valor.png\",\"width\":755,\"height\":636,\"caption\":\"El Cardinal\"},\"image\":{\"@id\":\"https:\/\/elcardinal.com\/#\/schema\/logo\/image\/\"},\"sameAs\":[\"https:\/\/www.facebook.com\/profile.php?id=100063093107011\",\"https:\/\/x.com\/ElCardinal_Mx\"]},{\"@type\":\"Person\",\"@id\":\"https:\/\/elcardinal.com\/#\/schema\/person\/3c352ec0a33987fe275c0e8a2ea69f8b\",\"name\":\"Antonio Alcaraz\",\"image\":{\"@type\":\"ImageObject\",\"inLanguage\":\"es\",\"@id\":\"https:\/\/elcardinal.com\/#\/schema\/person\/image\/\",\"url\":\"https:\/\/elcardinal.com\/wp-content\/uploads\/2025\/05\/cropped-TONO-96x96.jpg\",\"contentUrl\":\"https:\/\/elcardinal.com\/wp-content\/uploads\/2025\/05\/cropped-TONO-96x96.jpg\",\"caption\":\"Antonio Alcaraz\"},\"url\":\"https:\/\/elcardinal.com\/?author=2\"}]}<\/script>\n<!-- \/ Yoast SEO plugin. -->","yoast_head_json":{"title":"Poder Legislativo autoriza al municipio de Pachuca garantizar con participaciones federales el pago de cuotas al IMSS - El Cardinal","robots":{"index":"index","follow":"follow","max-snippet":"max-snippet:-1","max-image-preview":"max-image-preview:large","max-video-preview":"max-video-preview:-1"},"canonical":"https:\/\/elcardinal.com\/?p=4916","og_locale":"es_MX","og_type":"article","og_title":"Poder Legislativo autoriza al municipio de Pachuca garantizar con participaciones federales el pago de cuotas al IMSS - El Cardinal","og_description":"&nbsp; &nbsp; En sesi\u00f3n ordinaria, diputadas y diputados integrantes de la LXVI Legislatura avalaron con 28 votos a favor, cero en contra y cero abstenciones, el dictamen que autoriza al municipio de Pachuca, a otorgar en garant\u00eda las participaciones federales que le correspondan al municipio para el cumplimiento de las obligaciones de pago con el","og_url":"https:\/\/elcardinal.com\/?p=4916","og_site_name":"El Cardinal","article_publisher":"https:\/\/www.facebook.com\/profile.php?id=100063093107011","article_published_time":"2025-07-24T05:51:13+00:00","og_image":[{"width":2400,"height":1602,"url":"https:\/\/elcardinal.com\/wp-content\/uploads\/2025\/07\/Sesion-23.07.2025-Ordinaria-112.jpg","type":"image\/jpeg"}],"author":"Antonio Alcaraz","twitter_card":"summary_large_image","twitter_creator":"@ElCardinal_Mx","twitter_site":"@ElCardinal_Mx","twitter_misc":{"Escrito por":"Antonio Alcaraz","Tiempo de lectura":"14 minutos"},"schema":{"@context":"https:\/\/schema.org","@graph":[{"@type":"Article","@id":"https:\/\/elcardinal.com\/?p=4916#article","isPartOf":{"@id":"https:\/\/elcardinal.com\/?p=4916"},"author":{"name":"Antonio Alcaraz","@id":"https:\/\/elcardinal.com\/#\/schema\/person\/3c352ec0a33987fe275c0e8a2ea69f8b"},"headline":"Poder Legislativo autoriza al municipio de Pachuca garantizar con participaciones federales el pago de cuotas al IMSS","datePublished":"2025-07-24T05:51:13+00:00","mainEntityOfPage":{"@id":"https:\/\/elcardinal.com\/?p=4916"},"wordCount":3366,"commentCount":0,"publisher":{"@id":"https:\/\/elcardinal.com\/#organization"},"image":{"@id":"https:\/\/elcardinal.com\/?p=4916#primaryimage"},"thumbnailUrl":"https:\/\/elcardinal.com\/wp-content\/uploads\/2025\/07\/Sesion-23.07.2025-Ordinaria-112.jpg","articleSection":["Hidalgo","Minuto a Minuto","Pol\u00edtica"],"inLanguage":"es","potentialAction":[{"@type":"CommentAction","name":"Comment","target":["https:\/\/elcardinal.com\/?p=4916#respond"]}]},{"@type":"WebPage","@id":"https:\/\/elcardinal.com\/?p=4916","url":"https:\/\/elcardinal.com\/?p=4916","name":"Poder Legislativo autoriza al municipio de Pachuca garantizar con participaciones federales el pago de cuotas al IMSS - El Cardinal","isPartOf":{"@id":"https:\/\/elcardinal.com\/#website"},"primaryImageOfPage":{"@id":"https:\/\/elcardinal.com\/?p=4916#primaryimage"},"image":{"@id":"https:\/\/elcardinal.com\/?p=4916#primaryimage"},"thumbnailUrl":"https:\/\/elcardinal.com\/wp-content\/uploads\/2025\/07\/Sesion-23.07.2025-Ordinaria-112.jpg","datePublished":"2025-07-24T05:51:13+00:00","breadcrumb":{"@id":"https:\/\/elcardinal.com\/?p=4916#breadcrumb"},"inLanguage":"es","potentialAction":[{"@type":"ReadAction","target":["https:\/\/elcardinal.com\/?p=4916"]}]},{"@type":"ImageObject","inLanguage":"es","@id":"https:\/\/elcardinal.com\/?p=4916#primaryimage","url":"https:\/\/elcardinal.com\/wp-content\/uploads\/2025\/07\/Sesion-23.07.2025-Ordinaria-112.jpg","contentUrl":"https:\/\/elcardinal.com\/wp-content\/uploads\/2025\/07\/Sesion-23.07.2025-Ordinaria-112.jpg","width":2400,"height":1602,"caption":"CONGRESO_HIDALGO"},{"@type":"BreadcrumbList","@id":"https:\/\/elcardinal.com\/?p=4916#breadcrumb","itemListElement":[{"@type":"ListItem","position":1,"name":"Inicio","item":"https:\/\/elcardinal.com\/"},{"@type":"ListItem","position":2,"name":"Poder Legislativo autoriza al municipio de Pachuca garantizar con participaciones federales el pago de cuotas al IMSS"}]},{"@type":"WebSite","@id":"https:\/\/elcardinal.com\/#website","url":"https:\/\/elcardinal.com\/","name":"El Cardinal","description":"Periodismo honesto, con valor, sentido humano, a veces sarc\u00e1stico y divertido.","publisher":{"@id":"https:\/\/elcardinal.com\/#organization"},"alternateName":"El Cardinal Noticias","potentialAction":[{"@type":"SearchAction","target":{"@type":"EntryPoint","urlTemplate":"https:\/\/elcardinal.com\/?s={search_term_string}"},"query-input":{"@type":"PropertyValueSpecification","valueRequired":true,"valueName":"search_term_string"}}],"inLanguage":"es"},{"@type":"Organization","@id":"https:\/\/elcardinal.com\/#organization","name":"El Cardinal","url":"https:\/\/elcardinal.com\/","logo":{"@type":"ImageObject","inLanguage":"es","@id":"https:\/\/elcardinal.com\/#\/schema\/logo\/image\/","url":"https:\/\/elcardinal.com\/wp-content\/uploads\/2025\/04\/LOGO-EL-CARDINAL-Periodismo-con-valor.png","contentUrl":"https:\/\/elcardinal.com\/wp-content\/uploads\/2025\/04\/LOGO-EL-CARDINAL-Periodismo-con-valor.png","width":755,"height":636,"caption":"El Cardinal"},"image":{"@id":"https:\/\/elcardinal.com\/#\/schema\/logo\/image\/"},"sameAs":["https:\/\/www.facebook.com\/profile.php?id=100063093107011","https:\/\/x.com\/ElCardinal_Mx"]},{"@type":"Person","@id":"https:\/\/elcardinal.com\/#\/schema\/person\/3c352ec0a33987fe275c0e8a2ea69f8b","name":"Antonio Alcaraz","image":{"@type":"ImageObject","inLanguage":"es","@id":"https:\/\/elcardinal.com\/#\/schema\/person\/image\/","url":"https:\/\/elcardinal.com\/wp-content\/uploads\/2025\/05\/cropped-TONO-96x96.jpg","contentUrl":"https:\/\/elcardinal.com\/wp-content\/uploads\/2025\/05\/cropped-TONO-96x96.jpg","caption":"Antonio Alcaraz"},"url":"https:\/\/elcardinal.com\/?author=2"}]}},"_links":{"self":[{"href":"https:\/\/elcardinal.com\/index.php?rest_route=\/wp\/v2\/posts\/4916","targetHints":{"allow":["GET"]}}],"collection":[{"href":"https:\/\/elcardinal.com\/index.php?rest_route=\/wp\/v2\/posts"}],"about":[{"href":"https:\/\/elcardinal.com\/index.php?rest_route=\/wp\/v2\/types\/post"}],"author":[{"embeddable":true,"href":"https:\/\/elcardinal.com\/index.php?rest_route=\/wp\/v2\/users\/2"}],"replies":[{"embeddable":true,"href":"https:\/\/elcardinal.com\/index.php?rest_route=%2Fwp%2Fv2%2Fcomments&post=4916"}],"version-history":[{"count":1,"href":"https:\/\/elcardinal.com\/index.php?rest_route=\/wp\/v2\/posts\/4916\/revisions"}],"predecessor-version":[{"id":4918,"href":"https:\/\/elcardinal.com\/index.php?rest_route=\/wp\/v2\/posts\/4916\/revisions\/4918"}],"wp:featuredmedia":[{"embeddable":true,"href":"https:\/\/elcardinal.com\/index.php?rest_route=\/wp\/v2\/media\/4917"}],"wp:attachment":[{"href":"https:\/\/elcardinal.com\/index.php?rest_route=%2Fwp%2Fv2%2Fmedia&parent=4916"}],"wp:term":[{"taxonomy":"category","embeddable":true,"href":"https:\/\/elcardinal.com\/index.php?rest_route=%2Fwp%2Fv2%2Fcategories&post=4916"},{"taxonomy":"post_tag","embeddable":true,"href":"https:\/\/elcardinal.com\/index.php?rest_route=%2Fwp%2Fv2%2Ftags&post=4916"}],"curies":[{"name":"wp","href":"https:\/\/api.w.org\/{rel}","templated":true}]}}