{"id":4922,"date":"2025-07-31T18:04:37","date_gmt":"2025-08-01T00:04:37","guid":{"rendered":"https:\/\/elcardinal.com\/?p=4922"},"modified":"2025-07-31T18:04:37","modified_gmt":"2025-08-01T00:04:37","slug":"eligen-a-luisa-yuriley-gonzaga-ramirez-como-titular-de-la-comision-de-atencion-a-victimas","status":"publish","type":"post","link":"https:\/\/elcardinal.com\/?p=4922","title":{"rendered":"Eligen a Luisa Yuriley Gonzaga Ram\u00edrez como titular de la Comisi\u00f3n de Atenci\u00f3n a V\u00edctimas"},"content":{"rendered":"<p>Redacci\u00f3n<\/p>\n<p>Con fundamento en lo que establecen los art\u00edculos 77 de la Ley Org\u00e1nica del Poder Legislativo del Estado Libre y Soberano de Hidalgo, as\u00ed como la Ley de V\u00edctimas para el Estado de Hidalgo, diputadas y diputados integrantes de la <strong>LXVI Legislatura<\/strong> eligieron con 25 votos a favor, a <strong>Luisa Yuriley Gonzaga Ram\u00edrez<\/strong>, como titular de la <strong>Comisi\u00f3n Ejecutiva de Atenci\u00f3n a V\u00edctimas del Estado de Hidalgo<\/strong>, quien tom\u00f3 protesta en su cargo.<\/p>\n<p>La nueva comisionada tiene dos licenciaturas en Derecho y en Ciencias Biol\u00f3gicas. Actualmente cursa una maestr\u00eda en Derecho con orientaci\u00f3n penal-electoral. Es directora general de la Central Estatal de Informaci\u00f3n, Investigaci\u00f3n e Inteligencia de Hidalgo desde noviembre de 2024.<\/p>\n<p>El tr\u00e1mite legislativo correspondiente se desarroll\u00f3 conforme al siguiente procedimiento:<\/p>\n<ul>\n<li>En sesi\u00f3n ordinaria del <strong>15 de julio de 2025<\/strong>, por instrucciones de la presidencia de la directiva, fue turnada la propuesta del licenciado <strong>Julio Menchaca Salazar<\/strong>, gobernador constitucional de Hidalgo, para ocupar la titularidad de la comisi\u00f3n, integrada por las ciudadanas <strong>Janet Garc\u00eda Rodr\u00edguez<\/strong>, <strong>Luisa Yuriley Gonzaga Ram\u00edrez<\/strong> y <strong>Blanca Rojas Ponciano<\/strong>.<\/li>\n<li>El art\u00edculo 97 de la Ley de V\u00edctimas para el Estado de Hidalgo establece que la comisi\u00f3n estar\u00e1 a cargo de una persona titular elegida por el voto de las dos terceras partes de las y los diputados presentes del Congreso del Estado Libre y Soberano de Hidalgo de la terna que envi\u00f3 el titular del Poder Ejecutivo, previa consulta p\u00fablica a los colectivos de v\u00edctimas, expertos y organizaciones de la sociedad civil especializadas en la materia.<\/li>\n<li>El <strong>28 de abril de 2025<\/strong> se dio cuenta al Pleno de la renuncia presentada por la licenciada <strong>Ernestina V\u00e1zquez L\u00f3pez<\/strong>, a su cargo como titular de la comisi\u00f3n ejecutiva, para el que fuera designada el <strong>15 de noviembre de 2022<\/strong>, lo que motiv\u00f3 que el <strong>6 de mayo de 2025<\/strong> el titular del Ejecutivo Estatal emitiera la convocatoria a las personas interesadas en participar en el procedimiento de consulta p\u00fablica.<\/li>\n<li>La convocatoria estableci\u00f3 el procedimiento para la consulta p\u00fablica a los colectivos de v\u00edctimas, expertos, organizaciones de la sociedad civil y sociedad en general, para que posteriormente, el titular del Poder Ejecutivo enviara a esta Soberan\u00eda la terna correspondiente.<\/li>\n<li>El <strong>24 de julio de 2025<\/strong> fue aprobado el acuerdo interno que contiene los par\u00e1metros de evaluaci\u00f3n, formato, lugar, fecha, metodolog\u00eda y tiempos que se implementaron para el desahogo de las comparecencias de las candidatas propuestas, conforme a los principios de transparencia, objetividad, imparcialidad y legalidad, entrevistas que fueron desahogadas en los t\u00e9rminos convenidos el 28 de julio del 2025.<\/li>\n<\/ul>\n<p>Por lo anterior, las diputadas y los diputados integrantes de las primeras comisiones permanentes conjuntas de seguridad, ciudadana y justicia, de gobernaci\u00f3n y de derechos humanos y atenci\u00f3n a las personas con discapacidad, analizaron la documentaci\u00f3n e informaci\u00f3n de las personas aspirantes, verificando que reunieran los requisitos que para su nombramiento establece la normatividad, y evaluando en su entrevista los siguientes elementos:<\/p>\n<ol>\n<li>Formaci\u00f3n acad\u00e9mica y trayectoria profesional.<\/li>\n<li>Dominio de los temas de atenci\u00f3n a v\u00edctimas, derechos humanos y aspectos relacionados.<\/li>\n<li>Conocimiento del marco normativo nacional y estatal en la materia, visi\u00f3n del sistema nacional y estatal de v\u00edctimas.<\/li>\n<li>Claridad y visi\u00f3n sobre las atribuciones, facultades y obligaciones de la persona titular de la Comisi\u00f3n Ejecutiva de Atenci\u00f3n a V\u00edctimas.<\/li>\n<li>Estructura l\u00f3gica del pensamiento, capacidad de s\u00edntesis y sentido cr\u00edtico en la presentaci\u00f3n de explicaciones y argumentos.<\/li>\n<li>Liderazgo, habilidades de comunicaci\u00f3n y toma de decisiones.<\/li>\n<li>Valoraci\u00f3n global de idoneidad y desempe\u00f1o durante la entrevista.<\/li>\n<\/ol>\n<p>Bajo este referente, reunidas las diputadas y los diputados integrantes de las primeras comisiones permanentes conjuntas de seguridad ciudadana y justicia, de gobernaci\u00f3n y de derechos humanos y atenci\u00f3n a las personas con discapacidad, consideraron procedente dictaminar que las participantes eran elegibles para ocupar el cargo.<\/p>\n<p>&nbsp;<\/p>\n","protected":false},"excerpt":{"rendered":"<p>Redacci\u00f3n Con fundamento en lo que establecen los art\u00edculos 77 de la Ley Org\u00e1nica del Poder Legislativo del Estado Libre y Soberano de Hidalgo, as\u00ed como la Ley de V\u00edctimas para el Estado de Hidalgo, diputadas y diputados integrantes de la LXVI Legislatura eligieron con 25 votos a favor, a Luisa Yuriley Gonzaga Ram\u00edrez, como<\/p>\n","protected":false},"author":2,"featured_media":4923,"comment_status":"open","ping_status":"open","sticky":false,"template":"","format":"standard","meta":{"footnotes":""},"categories":[31,44,39],"tags":[],"class_list":{"0":"post-4922","1":"post","2":"type-post","3":"status-publish","4":"format-standard","5":"has-post-thumbnail","7":"category-hidalgo","8":"category-minuto-a-minuto","9":"category-politica"},"yoast_head":"<!-- This site is optimized with the Yoast SEO plugin v26.1.1 - https:\/\/yoast.com\/wordpress\/plugins\/seo\/ -->\n<title>Eligen a Luisa Yuriley Gonzaga Ram\u00edrez como titular de la Comisi\u00f3n de Atenci\u00f3n a V\u00edctimas - El Cardinal<\/title>\n<meta name=\"robots\" content=\"index, follow, max-snippet:-1, max-image-preview:large, max-video-preview:-1\" \/>\n<link rel=\"canonical\" href=\"https:\/\/elcardinal.com\/?p=4922\" \/>\n<meta property=\"og:locale\" content=\"es_MX\" \/>\n<meta property=\"og:type\" content=\"article\" \/>\n<meta property=\"og:title\" content=\"Eligen a Luisa Yuriley Gonzaga Ram\u00edrez como titular de la Comisi\u00f3n de Atenci\u00f3n a V\u00edctimas - El Cardinal\" \/>\n<meta property=\"og:description\" content=\"Redacci\u00f3n Con fundamento en lo que establecen los art\u00edculos 77 de la Ley Org\u00e1nica del Poder Legislativo del Estado Libre y Soberano de Hidalgo, as\u00ed como la Ley de V\u00edctimas para el Estado de Hidalgo, diputadas y diputados integrantes de la LXVI Legislatura eligieron con 25 votos a favor, a Luisa Yuriley Gonzaga Ram\u00edrez, como\" \/>\n<meta property=\"og:url\" content=\"https:\/\/elcardinal.com\/?p=4922\" \/>\n<meta property=\"og:site_name\" content=\"El Cardinal\" \/>\n<meta property=\"article:publisher\" content=\"https:\/\/www.facebook.com\/profile.php?id=100063093107011\" \/>\n<meta property=\"article:published_time\" content=\"2025-08-01T00:04:37+00:00\" \/>\n<meta property=\"og:image\" content=\"https:\/\/elcardinal.com\/wp-content\/uploads\/2025\/07\/WhatsApp-Image-2025-07-31-at-4.09.20-PM-scaled.jpeg\" \/>\n\t<meta property=\"og:image:width\" content=\"2560\" \/>\n\t<meta property=\"og:image:height\" content=\"1707\" \/>\n\t<meta property=\"og:image:type\" content=\"image\/jpeg\" \/>\n<meta name=\"author\" content=\"Antonio Alcaraz\" \/>\n<meta name=\"twitter:card\" content=\"summary_large_image\" \/>\n<meta name=\"twitter:creator\" content=\"@ElCardinal_Mx\" \/>\n<meta name=\"twitter:site\" content=\"@ElCardinal_Mx\" \/>\n<meta name=\"twitter:label1\" content=\"Escrito por\" \/>\n\t<meta name=\"twitter:data1\" content=\"Antonio Alcaraz\" \/>\n\t<meta name=\"twitter:label2\" content=\"Tiempo de lectura\" \/>\n\t<meta name=\"twitter:data2\" content=\"4 minutos\" \/>\n<script type=\"application\/ld+json\" class=\"yoast-schema-graph\">{\"@context\":\"https:\/\/schema.org\",\"@graph\":[{\"@type\":\"Article\",\"@id\":\"https:\/\/elcardinal.com\/?p=4922#article\",\"isPartOf\":{\"@id\":\"https:\/\/elcardinal.com\/?p=4922\"},\"author\":{\"name\":\"Antonio Alcaraz\",\"@id\":\"https:\/\/elcardinal.com\/#\/schema\/person\/3c352ec0a33987fe275c0e8a2ea69f8b\"},\"headline\":\"Eligen a Luisa Yuriley Gonzaga Ram\u00edrez como titular de la Comisi\u00f3n de Atenci\u00f3n a V\u00edctimas\",\"datePublished\":\"2025-08-01T00:04:37+00:00\",\"mainEntityOfPage\":{\"@id\":\"https:\/\/elcardinal.com\/?p=4922\"},\"wordCount\":683,\"commentCount\":0,\"publisher\":{\"@id\":\"https:\/\/elcardinal.com\/#organization\"},\"image\":{\"@id\":\"https:\/\/elcardinal.com\/?p=4922#primaryimage\"},\"thumbnailUrl\":\"https:\/\/elcardinal.com\/wp-content\/uploads\/2025\/07\/WhatsApp-Image-2025-07-31-at-4.09.20-PM-scaled.jpeg\",\"articleSection\":[\"Hidalgo\",\"Minuto a Minuto\",\"Pol\u00edtica\"],\"inLanguage\":\"es\",\"potentialAction\":[{\"@type\":\"CommentAction\",\"name\":\"Comment\",\"target\":[\"https:\/\/elcardinal.com\/?p=4922#respond\"]}]},{\"@type\":\"WebPage\",\"@id\":\"https:\/\/elcardinal.com\/?p=4922\",\"url\":\"https:\/\/elcardinal.com\/?p=4922\",\"name\":\"Eligen a Luisa Yuriley Gonzaga Ram\u00edrez como titular de la Comisi\u00f3n de Atenci\u00f3n a V\u00edctimas - El Cardinal\",\"isPartOf\":{\"@id\":\"https:\/\/elcardinal.com\/#website\"},\"primaryImageOfPage\":{\"@id\":\"https:\/\/elcardinal.com\/?p=4922#primaryimage\"},\"image\":{\"@id\":\"https:\/\/elcardinal.com\/?p=4922#primaryimage\"},\"thumbnailUrl\":\"https:\/\/elcardinal.com\/wp-content\/uploads\/2025\/07\/WhatsApp-Image-2025-07-31-at-4.09.20-PM-scaled.jpeg\",\"datePublished\":\"2025-08-01T00:04:37+00:00\",\"breadcrumb\":{\"@id\":\"https:\/\/elcardinal.com\/?p=4922#breadcrumb\"},\"inLanguage\":\"es\",\"potentialAction\":[{\"@type\":\"ReadAction\",\"target\":[\"https:\/\/elcardinal.com\/?p=4922\"]}]},{\"@type\":\"ImageObject\",\"inLanguage\":\"es\",\"@id\":\"https:\/\/elcardinal.com\/?p=4922#primaryimage\",\"url\":\"https:\/\/elcardinal.com\/wp-content\/uploads\/2025\/07\/WhatsApp-Image-2025-07-31-at-4.09.20-PM-scaled.jpeg\",\"contentUrl\":\"https:\/\/elcardinal.com\/wp-content\/uploads\/2025\/07\/WhatsApp-Image-2025-07-31-at-4.09.20-PM-scaled.jpeg\",\"width\":2560,\"height\":1707},{\"@type\":\"BreadcrumbList\",\"@id\":\"https:\/\/elcardinal.com\/?p=4922#breadcrumb\",\"itemListElement\":[{\"@type\":\"ListItem\",\"position\":1,\"name\":\"Inicio\",\"item\":\"https:\/\/elcardinal.com\/\"},{\"@type\":\"ListItem\",\"position\":2,\"name\":\"Eligen a Luisa Yuriley Gonzaga Ram\u00edrez como titular de la Comisi\u00f3n de Atenci\u00f3n a V\u00edctimas\"}]},{\"@type\":\"WebSite\",\"@id\":\"https:\/\/elcardinal.com\/#website\",\"url\":\"https:\/\/elcardinal.com\/\",\"name\":\"El Cardinal\",\"description\":\"Periodismo honesto, con valor, sentido humano, a veces sarc\u00e1stico y divertido.\",\"publisher\":{\"@id\":\"https:\/\/elcardinal.com\/#organization\"},\"alternateName\":\"El Cardinal Noticias\",\"potentialAction\":[{\"@type\":\"SearchAction\",\"target\":{\"@type\":\"EntryPoint\",\"urlTemplate\":\"https:\/\/elcardinal.com\/?s={search_term_string}\"},\"query-input\":{\"@type\":\"PropertyValueSpecification\",\"valueRequired\":true,\"valueName\":\"search_term_string\"}}],\"inLanguage\":\"es\"},{\"@type\":\"Organization\",\"@id\":\"https:\/\/elcardinal.com\/#organization\",\"name\":\"El Cardinal\",\"url\":\"https:\/\/elcardinal.com\/\",\"logo\":{\"@type\":\"ImageObject\",\"inLanguage\":\"es\",\"@id\":\"https:\/\/elcardinal.com\/#\/schema\/logo\/image\/\",\"url\":\"https:\/\/elcardinal.com\/wp-content\/uploads\/2025\/04\/LOGO-EL-CARDINAL-Periodismo-con-valor.png\",\"contentUrl\":\"https:\/\/elcardinal.com\/wp-content\/uploads\/2025\/04\/LOGO-EL-CARDINAL-Periodismo-con-valor.png\",\"width\":755,\"height\":636,\"caption\":\"El Cardinal\"},\"image\":{\"@id\":\"https:\/\/elcardinal.com\/#\/schema\/logo\/image\/\"},\"sameAs\":[\"https:\/\/www.facebook.com\/profile.php?id=100063093107011\",\"https:\/\/x.com\/ElCardinal_Mx\"]},{\"@type\":\"Person\",\"@id\":\"https:\/\/elcardinal.com\/#\/schema\/person\/3c352ec0a33987fe275c0e8a2ea69f8b\",\"name\":\"Antonio Alcaraz\",\"image\":{\"@type\":\"ImageObject\",\"inLanguage\":\"es\",\"@id\":\"https:\/\/elcardinal.com\/#\/schema\/person\/image\/\",\"url\":\"https:\/\/elcardinal.com\/wp-content\/uploads\/2025\/05\/cropped-TONO-96x96.jpg\",\"contentUrl\":\"https:\/\/elcardinal.com\/wp-content\/uploads\/2025\/05\/cropped-TONO-96x96.jpg\",\"caption\":\"Antonio Alcaraz\"},\"url\":\"https:\/\/elcardinal.com\/?author=2\"}]}<\/script>\n<!-- \/ Yoast SEO plugin. -->","yoast_head_json":{"title":"Eligen a Luisa Yuriley Gonzaga Ram\u00edrez como titular de la Comisi\u00f3n de Atenci\u00f3n a V\u00edctimas - El Cardinal","robots":{"index":"index","follow":"follow","max-snippet":"max-snippet:-1","max-image-preview":"max-image-preview:large","max-video-preview":"max-video-preview:-1"},"canonical":"https:\/\/elcardinal.com\/?p=4922","og_locale":"es_MX","og_type":"article","og_title":"Eligen a Luisa Yuriley Gonzaga Ram\u00edrez como titular de la Comisi\u00f3n de Atenci\u00f3n a V\u00edctimas - El Cardinal","og_description":"Redacci\u00f3n Con fundamento en lo que establecen los art\u00edculos 77 de la Ley Org\u00e1nica del Poder Legislativo del Estado Libre y Soberano de Hidalgo, as\u00ed como la Ley de V\u00edctimas para el Estado de Hidalgo, diputadas y diputados integrantes de la LXVI Legislatura eligieron con 25 votos a favor, a Luisa Yuriley Gonzaga Ram\u00edrez, como","og_url":"https:\/\/elcardinal.com\/?p=4922","og_site_name":"El Cardinal","article_publisher":"https:\/\/www.facebook.com\/profile.php?id=100063093107011","article_published_time":"2025-08-01T00:04:37+00:00","og_image":[{"width":2560,"height":1707,"url":"https:\/\/elcardinal.com\/wp-content\/uploads\/2025\/07\/WhatsApp-Image-2025-07-31-at-4.09.20-PM-scaled.jpeg","type":"image\/jpeg"}],"author":"Antonio Alcaraz","twitter_card":"summary_large_image","twitter_creator":"@ElCardinal_Mx","twitter_site":"@ElCardinal_Mx","twitter_misc":{"Escrito por":"Antonio Alcaraz","Tiempo de lectura":"4 minutos"},"schema":{"@context":"https:\/\/schema.org","@graph":[{"@type":"Article","@id":"https:\/\/elcardinal.com\/?p=4922#article","isPartOf":{"@id":"https:\/\/elcardinal.com\/?p=4922"},"author":{"name":"Antonio Alcaraz","@id":"https:\/\/elcardinal.com\/#\/schema\/person\/3c352ec0a33987fe275c0e8a2ea69f8b"},"headline":"Eligen a Luisa Yuriley Gonzaga Ram\u00edrez como titular de la Comisi\u00f3n de Atenci\u00f3n a V\u00edctimas","datePublished":"2025-08-01T00:04:37+00:00","mainEntityOfPage":{"@id":"https:\/\/elcardinal.com\/?p=4922"},"wordCount":683,"commentCount":0,"publisher":{"@id":"https:\/\/elcardinal.com\/#organization"},"image":{"@id":"https:\/\/elcardinal.com\/?p=4922#primaryimage"},"thumbnailUrl":"https:\/\/elcardinal.com\/wp-content\/uploads\/2025\/07\/WhatsApp-Image-2025-07-31-at-4.09.20-PM-scaled.jpeg","articleSection":["Hidalgo","Minuto a Minuto","Pol\u00edtica"],"inLanguage":"es","potentialAction":[{"@type":"CommentAction","name":"Comment","target":["https:\/\/elcardinal.com\/?p=4922#respond"]}]},{"@type":"WebPage","@id":"https:\/\/elcardinal.com\/?p=4922","url":"https:\/\/elcardinal.com\/?p=4922","name":"Eligen a Luisa Yuriley Gonzaga Ram\u00edrez como titular de la Comisi\u00f3n de Atenci\u00f3n a V\u00edctimas - El Cardinal","isPartOf":{"@id":"https:\/\/elcardinal.com\/#website"},"primaryImageOfPage":{"@id":"https:\/\/elcardinal.com\/?p=4922#primaryimage"},"image":{"@id":"https:\/\/elcardinal.com\/?p=4922#primaryimage"},"thumbnailUrl":"https:\/\/elcardinal.com\/wp-content\/uploads\/2025\/07\/WhatsApp-Image-2025-07-31-at-4.09.20-PM-scaled.jpeg","datePublished":"2025-08-01T00:04:37+00:00","breadcrumb":{"@id":"https:\/\/elcardinal.com\/?p=4922#breadcrumb"},"inLanguage":"es","potentialAction":[{"@type":"ReadAction","target":["https:\/\/elcardinal.com\/?p=4922"]}]},{"@type":"ImageObject","inLanguage":"es","@id":"https:\/\/elcardinal.com\/?p=4922#primaryimage","url":"https:\/\/elcardinal.com\/wp-content\/uploads\/2025\/07\/WhatsApp-Image-2025-07-31-at-4.09.20-PM-scaled.jpeg","contentUrl":"https:\/\/elcardinal.com\/wp-content\/uploads\/2025\/07\/WhatsApp-Image-2025-07-31-at-4.09.20-PM-scaled.jpeg","width":2560,"height":1707},{"@type":"BreadcrumbList","@id":"https:\/\/elcardinal.com\/?p=4922#breadcrumb","itemListElement":[{"@type":"ListItem","position":1,"name":"Inicio","item":"https:\/\/elcardinal.com\/"},{"@type":"ListItem","position":2,"name":"Eligen a Luisa Yuriley Gonzaga Ram\u00edrez como titular de la Comisi\u00f3n de Atenci\u00f3n a V\u00edctimas"}]},{"@type":"WebSite","@id":"https:\/\/elcardinal.com\/#website","url":"https:\/\/elcardinal.com\/","name":"El Cardinal","description":"Periodismo honesto, con valor, sentido humano, a veces sarc\u00e1stico y divertido.","publisher":{"@id":"https:\/\/elcardinal.com\/#organization"},"alternateName":"El Cardinal Noticias","potentialAction":[{"@type":"SearchAction","target":{"@type":"EntryPoint","urlTemplate":"https:\/\/elcardinal.com\/?s={search_term_string}"},"query-input":{"@type":"PropertyValueSpecification","valueRequired":true,"valueName":"search_term_string"}}],"inLanguage":"es"},{"@type":"Organization","@id":"https:\/\/elcardinal.com\/#organization","name":"El Cardinal","url":"https:\/\/elcardinal.com\/","logo":{"@type":"ImageObject","inLanguage":"es","@id":"https:\/\/elcardinal.com\/#\/schema\/logo\/image\/","url":"https:\/\/elcardinal.com\/wp-content\/uploads\/2025\/04\/LOGO-EL-CARDINAL-Periodismo-con-valor.png","contentUrl":"https:\/\/elcardinal.com\/wp-content\/uploads\/2025\/04\/LOGO-EL-CARDINAL-Periodismo-con-valor.png","width":755,"height":636,"caption":"El Cardinal"},"image":{"@id":"https:\/\/elcardinal.com\/#\/schema\/logo\/image\/"},"sameAs":["https:\/\/www.facebook.com\/profile.php?id=100063093107011","https:\/\/x.com\/ElCardinal_Mx"]},{"@type":"Person","@id":"https:\/\/elcardinal.com\/#\/schema\/person\/3c352ec0a33987fe275c0e8a2ea69f8b","name":"Antonio Alcaraz","image":{"@type":"ImageObject","inLanguage":"es","@id":"https:\/\/elcardinal.com\/#\/schema\/person\/image\/","url":"https:\/\/elcardinal.com\/wp-content\/uploads\/2025\/05\/cropped-TONO-96x96.jpg","contentUrl":"https:\/\/elcardinal.com\/wp-content\/uploads\/2025\/05\/cropped-TONO-96x96.jpg","caption":"Antonio Alcaraz"},"url":"https:\/\/elcardinal.com\/?author=2"}]}},"_links":{"self":[{"href":"https:\/\/elcardinal.com\/index.php?rest_route=\/wp\/v2\/posts\/4922","targetHints":{"allow":["GET"]}}],"collection":[{"href":"https:\/\/elcardinal.com\/index.php?rest_route=\/wp\/v2\/posts"}],"about":[{"href":"https:\/\/elcardinal.com\/index.php?rest_route=\/wp\/v2\/types\/post"}],"author":[{"embeddable":true,"href":"https:\/\/elcardinal.com\/index.php?rest_route=\/wp\/v2\/users\/2"}],"replies":[{"embeddable":true,"href":"https:\/\/elcardinal.com\/index.php?rest_route=%2Fwp%2Fv2%2Fcomments&post=4922"}],"version-history":[{"count":1,"href":"https:\/\/elcardinal.com\/index.php?rest_route=\/wp\/v2\/posts\/4922\/revisions"}],"predecessor-version":[{"id":4924,"href":"https:\/\/elcardinal.com\/index.php?rest_route=\/wp\/v2\/posts\/4922\/revisions\/4924"}],"wp:featuredmedia":[{"embeddable":true,"href":"https:\/\/elcardinal.com\/index.php?rest_route=\/wp\/v2\/media\/4923"}],"wp:attachment":[{"href":"https:\/\/elcardinal.com\/index.php?rest_route=%2Fwp%2Fv2%2Fmedia&parent=4922"}],"wp:term":[{"taxonomy":"category","embeddable":true,"href":"https:\/\/elcardinal.com\/index.php?rest_route=%2Fwp%2Fv2%2Fcategories&post=4922"},{"taxonomy":"post_tag","embeddable":true,"href":"https:\/\/elcardinal.com\/index.php?rest_route=%2Fwp%2Fv2%2Ftags&post=4922"}],"curies":[{"name":"wp","href":"https:\/\/api.w.org\/{rel}","templated":true}]}}