{"id":4927,"date":"2025-08-01T17:36:21","date_gmt":"2025-08-01T23:36:21","guid":{"rendered":"https:\/\/elcardinal.com\/?p=4927"},"modified":"2025-08-01T17:36:21","modified_gmt":"2025-08-01T23:36:21","slug":"el-verano-ya-no-es-lo-que-solia-ser","status":"publish","type":"post","link":"https:\/\/elcardinal.com\/?p=4927","title":{"rendered":"El verano ya no es lo que sol\u00eda ser"},"content":{"rendered":"<p>Por: <strong>Tania Mart\u00ednez Su\u00e1rez<\/strong><\/p>\n<p>El verano era para m\u00ed, la oportunidad de descansar, no lo sab\u00eda entonces, pero esas semanas de receso escolar ser\u00edan de ni\u00f1a la \u00fanica forma\u00a0 para romper la rutina. Luego al crecer, aunque el calendario institucional siguiera considerando esa pausa, la vida adulta no dar\u00eda tregua ya.<\/p>\n<p><strong>Pod\u00eda levantarme tarde<\/strong>, comer cereal con leche mientras ve\u00eda la retah\u00edla\u00a0 de caricaturas en el canal cinco, me acompa\u00f1aban mis primas y primos, mi hermana y hermano, andamos en pijamas durante todo el d\u00eda, con el cabello esponjado y sin la necesidad de salir de casa. Jug\u00e1bamos en el patio o nos pele\u00e1bamos por ser quien usar\u00e1 el \u00fanico columpio de la casa. Pod\u00e1bamos el rosal de mi mam\u00e1, \u00edbamos a la tienda y sal\u00edamos a jugar a la calle.<\/p>\n<blockquote><p>Hab\u00eda una semana en la que sal\u00edamos a vacacionar, un peque\u00f1o abstracto de nuestra casa cab\u00eda en la cajuela del auto de mi pap\u00e1, la primera vez que fuimos a la playa con mi hermano reci\u00e9n nacido, mi mam\u00e1 empaco hasta una tina de ba\u00f1o de pl\u00e1stico, una peque\u00f1a parrilla para calentar su leche y una dotaci\u00f3n de pa\u00f1ales de diferentes etapas, por si crec\u00eda de momento supongo.<\/p><\/blockquote>\n<p>El <strong>verano era soleado<\/strong>, con d\u00edas lentos y canciones pegadizas, era ebullici\u00f3n de placeres: la comida hecha sin prisas y mil tentempi\u00e9s para el hambre interminable de ni\u00f1os glotones. La vida entre la familia extendida, trasnochar viendo pel\u00edculas de terror y luego no poder dormir ante las bromas o sonidos extra\u00f1os de los primos m\u00e1s grandes. La paz que inundaba esos d\u00edas, y sobre todo la ausencia de tareas escolares, eso era la redenci\u00f3n absoluta del ciclo escolar y sus desma\u00f1anadas.<\/p>\n<p>En el verano se pod\u00eda observar una risa distinta en las personas, una que afloraba de forma natural y sin prisa, los m\u00fasculos de la cara recib\u00edan mejor ese gesto que no buscaba aparentar nada, pero era el sost\u00e9n absoluto de la vida.<\/p>\n<p>En pleno 2025, ni el clima respeta el verano, ahora mismo hace fr\u00edo y los pron\u00f3sticos del tiempo marcan una alta posibilidad de que llueva. La etapa adulta tiene sus propias exigencias, no reposa, es un c\u00famulo creciente y constante de necesidades, deberes y cuentas por pagar. Aunque uno vaya a la playa el tel\u00e9fono es un portal azotador que te lleva de vuelta al trabajo, cada vez es m\u00e1s com\u00fan ver a las personas pegadas a su computadora port\u00e1til mientras observa a sus hijos jugando en la arena, con la virtualidad hemos comprado la idea de que se puede hacer de todo, en todas partes; sin pensar o vivir el presente.<\/p>\n<p>El verano es un simulacro de lo que era y nosotros languidecemos en espera de aparezca una vez ante nuestros ojos.<\/p>\n","protected":false},"excerpt":{"rendered":"<p>Por: Tania Mart\u00ednez Su\u00e1rez El verano era para m\u00ed, la oportunidad de descansar, no lo sab\u00eda entonces, pero esas semanas de receso escolar ser\u00edan de ni\u00f1a la \u00fanica forma\u00a0 para romper la rutina. Luego al crecer, aunque el calendario institucional siguiera considerando esa pausa, la vida adulta no dar\u00eda tregua ya. Pod\u00eda levantarme tarde, comer<\/p>\n","protected":false},"author":2,"featured_media":4234,"comment_status":"open","ping_status":"open","sticky":false,"template":"","format":"standard","meta":{"footnotes":""},"categories":[44,35],"tags":[54,55],"class_list":{"0":"post-4927","1":"post","2":"type-post","3":"status-publish","4":"format-standard","5":"has-post-thumbnail","7":"category-minuto-a-minuto","8":"category-opinion","9":"tag-proscrita","10":"tag-tania-martinez-suarez"},"yoast_head":"<!-- This site is optimized with the Yoast SEO plugin v26.1.1 - https:\/\/yoast.com\/wordpress\/plugins\/seo\/ -->\n<title>El verano ya no es lo que sol\u00eda ser - El Cardinal<\/title>\n<meta name=\"robots\" content=\"index, follow, max-snippet:-1, max-image-preview:large, max-video-preview:-1\" \/>\n<link rel=\"canonical\" href=\"https:\/\/elcardinal.com\/?p=4927\" \/>\n<meta property=\"og:locale\" content=\"es_MX\" \/>\n<meta property=\"og:type\" content=\"article\" \/>\n<meta property=\"og:title\" content=\"El verano ya no es lo que sol\u00eda ser - El Cardinal\" \/>\n<meta property=\"og:description\" content=\"Por: Tania Mart\u00ednez Su\u00e1rez El verano era para m\u00ed, la oportunidad de descansar, no lo sab\u00eda entonces, pero esas semanas de receso escolar ser\u00edan de ni\u00f1a la \u00fanica forma\u00a0 para romper la rutina. Luego al crecer, aunque el calendario institucional siguiera considerando esa pausa, la vida adulta no dar\u00eda tregua ya. Pod\u00eda levantarme tarde, comer\" \/>\n<meta property=\"og:url\" content=\"https:\/\/elcardinal.com\/?p=4927\" \/>\n<meta property=\"og:site_name\" content=\"El Cardinal\" \/>\n<meta property=\"article:publisher\" content=\"https:\/\/www.facebook.com\/profile.php?id=100063093107011\" \/>\n<meta property=\"article:published_time\" content=\"2025-08-01T23:36:21+00:00\" \/>\n<meta property=\"og:image\" content=\"https:\/\/elcardinal.com\/wp-content\/uploads\/2025\/04\/Semillas-Esterales.png\" \/>\n\t<meta property=\"og:image:width\" content=\"940\" \/>\n\t<meta property=\"og:image:height\" content=\"788\" \/>\n\t<meta property=\"og:image:type\" content=\"image\/png\" \/>\n<meta name=\"author\" content=\"Antonio Alcaraz\" \/>\n<meta name=\"twitter:card\" content=\"summary_large_image\" \/>\n<meta name=\"twitter:creator\" content=\"@ElCardinal_Mx\" \/>\n<meta name=\"twitter:site\" content=\"@ElCardinal_Mx\" \/>\n<meta name=\"twitter:label1\" content=\"Escrito por\" \/>\n\t<meta name=\"twitter:data1\" content=\"Antonio Alcaraz\" \/>\n\t<meta name=\"twitter:label2\" content=\"Tiempo de lectura\" \/>\n\t<meta name=\"twitter:data2\" content=\"2 minutos\" \/>\n<script type=\"application\/ld+json\" class=\"yoast-schema-graph\">{\"@context\":\"https:\/\/schema.org\",\"@graph\":[{\"@type\":\"Article\",\"@id\":\"https:\/\/elcardinal.com\/?p=4927#article\",\"isPartOf\":{\"@id\":\"https:\/\/elcardinal.com\/?p=4927\"},\"author\":{\"name\":\"Antonio Alcaraz\",\"@id\":\"https:\/\/elcardinal.com\/#\/schema\/person\/3c352ec0a33987fe275c0e8a2ea69f8b\"},\"headline\":\"El verano ya no es lo que sol\u00eda ser\",\"datePublished\":\"2025-08-01T23:36:21+00:00\",\"mainEntityOfPage\":{\"@id\":\"https:\/\/elcardinal.com\/?p=4927\"},\"wordCount\":512,\"commentCount\":0,\"publisher\":{\"@id\":\"https:\/\/elcardinal.com\/#organization\"},\"image\":{\"@id\":\"https:\/\/elcardinal.com\/?p=4927#primaryimage\"},\"thumbnailUrl\":\"https:\/\/elcardinal.com\/wp-content\/uploads\/2025\/04\/Semillas-Esterales.png\",\"keywords\":[\"Proscrita\",\"Tania Mart\u00ednez Su\u00e1rez\"],\"articleSection\":[\"Minuto a Minuto\",\"Opini\u00f3n\"],\"inLanguage\":\"es\",\"potentialAction\":[{\"@type\":\"CommentAction\",\"name\":\"Comment\",\"target\":[\"https:\/\/elcardinal.com\/?p=4927#respond\"]}]},{\"@type\":\"WebPage\",\"@id\":\"https:\/\/elcardinal.com\/?p=4927\",\"url\":\"https:\/\/elcardinal.com\/?p=4927\",\"name\":\"El verano ya no es lo que sol\u00eda ser - El Cardinal\",\"isPartOf\":{\"@id\":\"https:\/\/elcardinal.com\/#website\"},\"primaryImageOfPage\":{\"@id\":\"https:\/\/elcardinal.com\/?p=4927#primaryimage\"},\"image\":{\"@id\":\"https:\/\/elcardinal.com\/?p=4927#primaryimage\"},\"thumbnailUrl\":\"https:\/\/elcardinal.com\/wp-content\/uploads\/2025\/04\/Semillas-Esterales.png\",\"datePublished\":\"2025-08-01T23:36:21+00:00\",\"breadcrumb\":{\"@id\":\"https:\/\/elcardinal.com\/?p=4927#breadcrumb\"},\"inLanguage\":\"es\",\"potentialAction\":[{\"@type\":\"ReadAction\",\"target\":[\"https:\/\/elcardinal.com\/?p=4927\"]}]},{\"@type\":\"ImageObject\",\"inLanguage\":\"es\",\"@id\":\"https:\/\/elcardinal.com\/?p=4927#primaryimage\",\"url\":\"https:\/\/elcardinal.com\/wp-content\/uploads\/2025\/04\/Semillas-Esterales.png\",\"contentUrl\":\"https:\/\/elcardinal.com\/wp-content\/uploads\/2025\/04\/Semillas-Esterales.png\",\"width\":940,\"height\":788},{\"@type\":\"BreadcrumbList\",\"@id\":\"https:\/\/elcardinal.com\/?p=4927#breadcrumb\",\"itemListElement\":[{\"@type\":\"ListItem\",\"position\":1,\"name\":\"Inicio\",\"item\":\"https:\/\/elcardinal.com\/\"},{\"@type\":\"ListItem\",\"position\":2,\"name\":\"El verano ya no es lo que sol\u00eda ser\"}]},{\"@type\":\"WebSite\",\"@id\":\"https:\/\/elcardinal.com\/#website\",\"url\":\"https:\/\/elcardinal.com\/\",\"name\":\"El Cardinal\",\"description\":\"Periodismo honesto, con valor, sentido humano, a veces sarc\u00e1stico y divertido.\",\"publisher\":{\"@id\":\"https:\/\/elcardinal.com\/#organization\"},\"alternateName\":\"El Cardinal Noticias\",\"potentialAction\":[{\"@type\":\"SearchAction\",\"target\":{\"@type\":\"EntryPoint\",\"urlTemplate\":\"https:\/\/elcardinal.com\/?s={search_term_string}\"},\"query-input\":{\"@type\":\"PropertyValueSpecification\",\"valueRequired\":true,\"valueName\":\"search_term_string\"}}],\"inLanguage\":\"es\"},{\"@type\":\"Organization\",\"@id\":\"https:\/\/elcardinal.com\/#organization\",\"name\":\"El Cardinal\",\"url\":\"https:\/\/elcardinal.com\/\",\"logo\":{\"@type\":\"ImageObject\",\"inLanguage\":\"es\",\"@id\":\"https:\/\/elcardinal.com\/#\/schema\/logo\/image\/\",\"url\":\"https:\/\/elcardinal.com\/wp-content\/uploads\/2025\/04\/LOGO-EL-CARDINAL-Periodismo-con-valor.png\",\"contentUrl\":\"https:\/\/elcardinal.com\/wp-content\/uploads\/2025\/04\/LOGO-EL-CARDINAL-Periodismo-con-valor.png\",\"width\":755,\"height\":636,\"caption\":\"El Cardinal\"},\"image\":{\"@id\":\"https:\/\/elcardinal.com\/#\/schema\/logo\/image\/\"},\"sameAs\":[\"https:\/\/www.facebook.com\/profile.php?id=100063093107011\",\"https:\/\/x.com\/ElCardinal_Mx\"]},{\"@type\":\"Person\",\"@id\":\"https:\/\/elcardinal.com\/#\/schema\/person\/3c352ec0a33987fe275c0e8a2ea69f8b\",\"name\":\"Antonio Alcaraz\",\"image\":{\"@type\":\"ImageObject\",\"inLanguage\":\"es\",\"@id\":\"https:\/\/elcardinal.com\/#\/schema\/person\/image\/\",\"url\":\"https:\/\/elcardinal.com\/wp-content\/uploads\/2025\/05\/cropped-TONO-96x96.jpg\",\"contentUrl\":\"https:\/\/elcardinal.com\/wp-content\/uploads\/2025\/05\/cropped-TONO-96x96.jpg\",\"caption\":\"Antonio Alcaraz\"},\"url\":\"https:\/\/elcardinal.com\/?author=2\"}]}<\/script>\n<!-- \/ Yoast SEO plugin. -->","yoast_head_json":{"title":"El verano ya no es lo que sol\u00eda ser - El Cardinal","robots":{"index":"index","follow":"follow","max-snippet":"max-snippet:-1","max-image-preview":"max-image-preview:large","max-video-preview":"max-video-preview:-1"},"canonical":"https:\/\/elcardinal.com\/?p=4927","og_locale":"es_MX","og_type":"article","og_title":"El verano ya no es lo que sol\u00eda ser - El Cardinal","og_description":"Por: Tania Mart\u00ednez Su\u00e1rez El verano era para m\u00ed, la oportunidad de descansar, no lo sab\u00eda entonces, pero esas semanas de receso escolar ser\u00edan de ni\u00f1a la \u00fanica forma\u00a0 para romper la rutina. Luego al crecer, aunque el calendario institucional siguiera considerando esa pausa, la vida adulta no dar\u00eda tregua ya. Pod\u00eda levantarme tarde, comer","og_url":"https:\/\/elcardinal.com\/?p=4927","og_site_name":"El Cardinal","article_publisher":"https:\/\/www.facebook.com\/profile.php?id=100063093107011","article_published_time":"2025-08-01T23:36:21+00:00","og_image":[{"width":940,"height":788,"url":"https:\/\/elcardinal.com\/wp-content\/uploads\/2025\/04\/Semillas-Esterales.png","type":"image\/png"}],"author":"Antonio Alcaraz","twitter_card":"summary_large_image","twitter_creator":"@ElCardinal_Mx","twitter_site":"@ElCardinal_Mx","twitter_misc":{"Escrito por":"Antonio Alcaraz","Tiempo de lectura":"2 minutos"},"schema":{"@context":"https:\/\/schema.org","@graph":[{"@type":"Article","@id":"https:\/\/elcardinal.com\/?p=4927#article","isPartOf":{"@id":"https:\/\/elcardinal.com\/?p=4927"},"author":{"name":"Antonio Alcaraz","@id":"https:\/\/elcardinal.com\/#\/schema\/person\/3c352ec0a33987fe275c0e8a2ea69f8b"},"headline":"El verano ya no es lo que sol\u00eda ser","datePublished":"2025-08-01T23:36:21+00:00","mainEntityOfPage":{"@id":"https:\/\/elcardinal.com\/?p=4927"},"wordCount":512,"commentCount":0,"publisher":{"@id":"https:\/\/elcardinal.com\/#organization"},"image":{"@id":"https:\/\/elcardinal.com\/?p=4927#primaryimage"},"thumbnailUrl":"https:\/\/elcardinal.com\/wp-content\/uploads\/2025\/04\/Semillas-Esterales.png","keywords":["Proscrita","Tania Mart\u00ednez Su\u00e1rez"],"articleSection":["Minuto a Minuto","Opini\u00f3n"],"inLanguage":"es","potentialAction":[{"@type":"CommentAction","name":"Comment","target":["https:\/\/elcardinal.com\/?p=4927#respond"]}]},{"@type":"WebPage","@id":"https:\/\/elcardinal.com\/?p=4927","url":"https:\/\/elcardinal.com\/?p=4927","name":"El verano ya no es lo que sol\u00eda ser - El Cardinal","isPartOf":{"@id":"https:\/\/elcardinal.com\/#website"},"primaryImageOfPage":{"@id":"https:\/\/elcardinal.com\/?p=4927#primaryimage"},"image":{"@id":"https:\/\/elcardinal.com\/?p=4927#primaryimage"},"thumbnailUrl":"https:\/\/elcardinal.com\/wp-content\/uploads\/2025\/04\/Semillas-Esterales.png","datePublished":"2025-08-01T23:36:21+00:00","breadcrumb":{"@id":"https:\/\/elcardinal.com\/?p=4927#breadcrumb"},"inLanguage":"es","potentialAction":[{"@type":"ReadAction","target":["https:\/\/elcardinal.com\/?p=4927"]}]},{"@type":"ImageObject","inLanguage":"es","@id":"https:\/\/elcardinal.com\/?p=4927#primaryimage","url":"https:\/\/elcardinal.com\/wp-content\/uploads\/2025\/04\/Semillas-Esterales.png","contentUrl":"https:\/\/elcardinal.com\/wp-content\/uploads\/2025\/04\/Semillas-Esterales.png","width":940,"height":788},{"@type":"BreadcrumbList","@id":"https:\/\/elcardinal.com\/?p=4927#breadcrumb","itemListElement":[{"@type":"ListItem","position":1,"name":"Inicio","item":"https:\/\/elcardinal.com\/"},{"@type":"ListItem","position":2,"name":"El verano ya no es lo que sol\u00eda ser"}]},{"@type":"WebSite","@id":"https:\/\/elcardinal.com\/#website","url":"https:\/\/elcardinal.com\/","name":"El Cardinal","description":"Periodismo honesto, con valor, sentido humano, a veces sarc\u00e1stico y divertido.","publisher":{"@id":"https:\/\/elcardinal.com\/#organization"},"alternateName":"El Cardinal Noticias","potentialAction":[{"@type":"SearchAction","target":{"@type":"EntryPoint","urlTemplate":"https:\/\/elcardinal.com\/?s={search_term_string}"},"query-input":{"@type":"PropertyValueSpecification","valueRequired":true,"valueName":"search_term_string"}}],"inLanguage":"es"},{"@type":"Organization","@id":"https:\/\/elcardinal.com\/#organization","name":"El Cardinal","url":"https:\/\/elcardinal.com\/","logo":{"@type":"ImageObject","inLanguage":"es","@id":"https:\/\/elcardinal.com\/#\/schema\/logo\/image\/","url":"https:\/\/elcardinal.com\/wp-content\/uploads\/2025\/04\/LOGO-EL-CARDINAL-Periodismo-con-valor.png","contentUrl":"https:\/\/elcardinal.com\/wp-content\/uploads\/2025\/04\/LOGO-EL-CARDINAL-Periodismo-con-valor.png","width":755,"height":636,"caption":"El Cardinal"},"image":{"@id":"https:\/\/elcardinal.com\/#\/schema\/logo\/image\/"},"sameAs":["https:\/\/www.facebook.com\/profile.php?id=100063093107011","https:\/\/x.com\/ElCardinal_Mx"]},{"@type":"Person","@id":"https:\/\/elcardinal.com\/#\/schema\/person\/3c352ec0a33987fe275c0e8a2ea69f8b","name":"Antonio Alcaraz","image":{"@type":"ImageObject","inLanguage":"es","@id":"https:\/\/elcardinal.com\/#\/schema\/person\/image\/","url":"https:\/\/elcardinal.com\/wp-content\/uploads\/2025\/05\/cropped-TONO-96x96.jpg","contentUrl":"https:\/\/elcardinal.com\/wp-content\/uploads\/2025\/05\/cropped-TONO-96x96.jpg","caption":"Antonio Alcaraz"},"url":"https:\/\/elcardinal.com\/?author=2"}]}},"_links":{"self":[{"href":"https:\/\/elcardinal.com\/index.php?rest_route=\/wp\/v2\/posts\/4927","targetHints":{"allow":["GET"]}}],"collection":[{"href":"https:\/\/elcardinal.com\/index.php?rest_route=\/wp\/v2\/posts"}],"about":[{"href":"https:\/\/elcardinal.com\/index.php?rest_route=\/wp\/v2\/types\/post"}],"author":[{"embeddable":true,"href":"https:\/\/elcardinal.com\/index.php?rest_route=\/wp\/v2\/users\/2"}],"replies":[{"embeddable":true,"href":"https:\/\/elcardinal.com\/index.php?rest_route=%2Fwp%2Fv2%2Fcomments&post=4927"}],"version-history":[{"count":1,"href":"https:\/\/elcardinal.com\/index.php?rest_route=\/wp\/v2\/posts\/4927\/revisions"}],"predecessor-version":[{"id":4928,"href":"https:\/\/elcardinal.com\/index.php?rest_route=\/wp\/v2\/posts\/4927\/revisions\/4928"}],"wp:featuredmedia":[{"embeddable":true,"href":"https:\/\/elcardinal.com\/index.php?rest_route=\/wp\/v2\/media\/4234"}],"wp:attachment":[{"href":"https:\/\/elcardinal.com\/index.php?rest_route=%2Fwp%2Fv2%2Fmedia&parent=4927"}],"wp:term":[{"taxonomy":"category","embeddable":true,"href":"https:\/\/elcardinal.com\/index.php?rest_route=%2Fwp%2Fv2%2Fcategories&post=4927"},{"taxonomy":"post_tag","embeddable":true,"href":"https:\/\/elcardinal.com\/index.php?rest_route=%2Fwp%2Fv2%2Ftags&post=4927"}],"curies":[{"name":"wp","href":"https:\/\/api.w.org\/{rel}","templated":true}]}}