{"id":4929,"date":"2025-08-01T21:35:53","date_gmt":"2025-08-02T03:35:53","guid":{"rendered":"https:\/\/elcardinal.com\/?p=4929"},"modified":"2025-08-01T21:35:53","modified_gmt":"2025-08-02T03:35:53","slug":"somos-una-legislatura-de-territorio-no-de-escritorio-andres-velazquez-rinde-su-primer-informe-de-labores","status":"publish","type":"post","link":"https:\/\/elcardinal.com\/?p=4929","title":{"rendered":"&#8220;Somos una legislatura de territorio, no de escritorio&#8221;: Andr\u00e9s Vel\u00e1zquez rinde su primer informe de labores"},"content":{"rendered":"<p>&nbsp;<\/p>\n<p>Por: <strong>Jos\u00e9 Antonio Alcaraz Su\u00e1rez<\/strong><\/p>\n<p>Pachuca, Hgo. \u2014 En un emotivo mensaje desde el Teatro San Francisco, el presidente de la Junta de Gobierno del Congreso de Hidalgo, <strong>Andr\u00e9s Vel\u00e1zquez V\u00e1zquez<\/strong>, destac\u00f3 que su primer a\u00f1o como diputado se ha caracterizado por la cercan\u00eda real con la gente, con m\u00e1s de <strong>mil 100 audiencias ciudadanas.<\/strong><\/p>\n<p>&#8220;Ser diputado no es solo estar en el Congreso, es estar en la calle, en los barrios, en las colonias donde est\u00e1 nuestra gente&#8221;, afirm\u00f3 el legislador de Morena y se\u00f1al\u00f3 que \u201cno se trata solo de cifras, se trata de personas que creen, que conf\u00edan y que no se rinden\u201d.<\/p>\n<p>Por ello, algo que les ha caracterizado en este primer a\u00f1o de trabajo ha sido la cercan\u00eda real con la gente:<\/p>\n<p>&nbsp;<\/p>\n<blockquote><p>\u201cNo es un discurso, es una pr\u00e1ctica cotidiana. Son m\u00e1s de mil 100 audiencias ciudadanas, y no se logran desde la oficina. Se logran saliendo al territorio, porque somos una legislatura de territorio y no de escritorio. Somos una legislatura de la transformaci\u00f3n. Caminar por las colonias, escuchando sin intermediarios, mirando a los ojos a quienes nos plantean su realidad y su necesidad\u201d, expres\u00f3.<\/p><\/blockquote>\n<p>Cuatro pilares de su gesti\u00f3n:<\/p>\n<p>1\ufe0f\u20e3 Proximidad \u2014 Puertas abiertas y contacto directo con la ciudadan\u00eda.<\/p>\n<p>2\ufe0f\u20e3 Eficiencia en la gesti\u00f3n \u2014 116 apoyos sociales en salud, educaci\u00f3n, deporte, cultura, vivienda y alimentaci\u00f3n.<\/p>\n<p>3\ufe0f\u20e3 Cobertura integral \u2014 Atenci\u00f3n a todas las causas, sin importar tama\u00f1o ni sector.<\/p>\n<p>4\ufe0f\u20e3 Impacto social visible \u2014 Mejor infraestructura, apoyo a estudiantes y mejora en la calidad de vida de familias.<\/p>\n<p>Andr\u00e9s Vel\u00e1zquez agradeci\u00f3 la coordinaci\u00f3n con el presidente municipal de Pachuca, <strong>Jorge Reyes Hern\u00e1ndez<\/strong>, y el respaldo del gobernador de Hidalgo, <strong>Julio Menchaca Salazar<\/strong>, reconociendo su liderazgo y compromiso con la justicia social.<\/p>\n<blockquote><p>&#8220;Seguiremos con los pies en la tierra y el coraz\u00f3n en el servicio, porque no hay petici\u00f3n peque\u00f1a cuando se trata de ayudar&#8221;, concluy\u00f3 el legislador, refrendando su compromiso por la transformaci\u00f3n de Hidalgo.<\/p><\/blockquote>\n<p>Adem\u00e1s, reconoci\u00f3 el trabajo firme, honesto y de gran trayectoria de la magistrada presidenta del Tribunal Superior de Justicia del Estado de Hidalgo, <strong>Rebeca Aladro Echeverr\u00eda<\/strong>, con quien se ha venido trabajando una reforma judicial ejemplar en el estado.<\/p>\n<p>De igual forma, agradeci\u00f3 a las y los diputados de a LXVI Legislatura de Hidalgo; a los diputados federales, a los senadores, as\u00ed como a delegados de colonias y poblaci\u00f3n en general quienes le han brindado su apoyo.<\/p>\n<p>&nbsp;<\/p>\n<p>&nbsp;<\/p>\n<p>&nbsp;<\/p>\n<p>&nbsp;<\/p>\n<p>&nbsp;<\/p>\n","protected":false},"excerpt":{"rendered":"<p>&nbsp; Por: Jos\u00e9 Antonio Alcaraz Su\u00e1rez Pachuca, Hgo. \u2014 En un emotivo mensaje desde el Teatro San Francisco, el presidente de la Junta de Gobierno del Congreso de Hidalgo, Andr\u00e9s Vel\u00e1zquez V\u00e1zquez, destac\u00f3 que su primer a\u00f1o como diputado se ha caracterizado por la cercan\u00eda real con la gente, con m\u00e1s de mil 100 audiencias<\/p>\n","protected":false},"author":2,"featured_media":4930,"comment_status":"open","ping_status":"open","sticky":false,"template":"","format":"standard","meta":{"footnotes":""},"categories":[31,44,39],"tags":[70,62],"class_list":{"0":"post-4929","1":"post","2":"type-post","3":"status-publish","4":"format-standard","5":"has-post-thumbnail","7":"category-hidalgo","8":"category-minuto-a-minuto","9":"category-politica","10":"tag-andres-velazquez","11":"tag-congreso-de-hidalgo"},"yoast_head":"<!-- This site is optimized with the Yoast SEO plugin v26.1.1 - https:\/\/yoast.com\/wordpress\/plugins\/seo\/ -->\n<title>&quot;Somos una legislatura de territorio, no de escritorio&quot;: Andr\u00e9s Vel\u00e1zquez rinde su primer informe de labores - El Cardinal<\/title>\n<meta name=\"robots\" content=\"index, follow, max-snippet:-1, max-image-preview:large, max-video-preview:-1\" \/>\n<link rel=\"canonical\" href=\"https:\/\/elcardinal.com\/?p=4929\" \/>\n<meta property=\"og:locale\" content=\"es_MX\" \/>\n<meta property=\"og:type\" content=\"article\" \/>\n<meta property=\"og:title\" content=\"&quot;Somos una legislatura de territorio, no de escritorio&quot;: Andr\u00e9s Vel\u00e1zquez rinde su primer informe de labores - El Cardinal\" \/>\n<meta property=\"og:description\" content=\"&nbsp; Por: Jos\u00e9 Antonio Alcaraz Su\u00e1rez Pachuca, Hgo. \u2014 En un emotivo mensaje desde el Teatro San Francisco, el presidente de la Junta de Gobierno del Congreso de Hidalgo, Andr\u00e9s Vel\u00e1zquez V\u00e1zquez, destac\u00f3 que su primer a\u00f1o como diputado se ha caracterizado por la cercan\u00eda real con la gente, con m\u00e1s de mil 100 audiencias\" \/>\n<meta property=\"og:url\" content=\"https:\/\/elcardinal.com\/?p=4929\" \/>\n<meta property=\"og:site_name\" content=\"El Cardinal\" \/>\n<meta property=\"article:publisher\" content=\"https:\/\/www.facebook.com\/profile.php?id=100063093107011\" \/>\n<meta property=\"article:published_time\" content=\"2025-08-02T03:35:53+00:00\" \/>\n<meta property=\"og:image\" content=\"https:\/\/elcardinal.com\/wp-content\/uploads\/2025\/08\/WhatsApp-Image-2025-08-01-at-9.33.54-PM.jpeg\" \/>\n\t<meta property=\"og:image:width\" content=\"1600\" \/>\n\t<meta property=\"og:image:height\" content=\"1106\" \/>\n\t<meta property=\"og:image:type\" content=\"image\/jpeg\" \/>\n<meta name=\"author\" content=\"Antonio Alcaraz\" \/>\n<meta name=\"twitter:card\" content=\"summary_large_image\" \/>\n<meta name=\"twitter:creator\" content=\"@ElCardinal_Mx\" \/>\n<meta name=\"twitter:site\" content=\"@ElCardinal_Mx\" \/>\n<meta name=\"twitter:label1\" content=\"Escrito por\" \/>\n\t<meta name=\"twitter:data1\" content=\"Antonio Alcaraz\" \/>\n\t<meta name=\"twitter:label2\" content=\"Tiempo de lectura\" \/>\n\t<meta name=\"twitter:data2\" content=\"2 minutos\" \/>\n<script type=\"application\/ld+json\" class=\"yoast-schema-graph\">{\"@context\":\"https:\/\/schema.org\",\"@graph\":[{\"@type\":\"Article\",\"@id\":\"https:\/\/elcardinal.com\/?p=4929#article\",\"isPartOf\":{\"@id\":\"https:\/\/elcardinal.com\/?p=4929\"},\"author\":{\"name\":\"Antonio Alcaraz\",\"@id\":\"https:\/\/elcardinal.com\/#\/schema\/person\/3c352ec0a33987fe275c0e8a2ea69f8b\"},\"headline\":\"&#8220;Somos una legislatura de territorio, no de escritorio&#8221;: Andr\u00e9s Vel\u00e1zquez rinde su primer informe de labores\",\"datePublished\":\"2025-08-02T03:35:53+00:00\",\"mainEntityOfPage\":{\"@id\":\"https:\/\/elcardinal.com\/?p=4929\"},\"wordCount\":446,\"commentCount\":0,\"publisher\":{\"@id\":\"https:\/\/elcardinal.com\/#organization\"},\"image\":{\"@id\":\"https:\/\/elcardinal.com\/?p=4929#primaryimage\"},\"thumbnailUrl\":\"https:\/\/elcardinal.com\/wp-content\/uploads\/2025\/08\/WhatsApp-Image-2025-08-01-at-9.33.54-PM.jpeg\",\"keywords\":[\"Andr\u00e9s Vel\u00e1zquez\",\"Congreso de Hidalgo\"],\"articleSection\":[\"Hidalgo\",\"Minuto a Minuto\",\"Pol\u00edtica\"],\"inLanguage\":\"es\",\"potentialAction\":[{\"@type\":\"CommentAction\",\"name\":\"Comment\",\"target\":[\"https:\/\/elcardinal.com\/?p=4929#respond\"]}]},{\"@type\":\"WebPage\",\"@id\":\"https:\/\/elcardinal.com\/?p=4929\",\"url\":\"https:\/\/elcardinal.com\/?p=4929\",\"name\":\"\\\"Somos una legislatura de territorio, no de escritorio\\\": Andr\u00e9s Vel\u00e1zquez rinde su primer informe de labores - El Cardinal\",\"isPartOf\":{\"@id\":\"https:\/\/elcardinal.com\/#website\"},\"primaryImageOfPage\":{\"@id\":\"https:\/\/elcardinal.com\/?p=4929#primaryimage\"},\"image\":{\"@id\":\"https:\/\/elcardinal.com\/?p=4929#primaryimage\"},\"thumbnailUrl\":\"https:\/\/elcardinal.com\/wp-content\/uploads\/2025\/08\/WhatsApp-Image-2025-08-01-at-9.33.54-PM.jpeg\",\"datePublished\":\"2025-08-02T03:35:53+00:00\",\"breadcrumb\":{\"@id\":\"https:\/\/elcardinal.com\/?p=4929#breadcrumb\"},\"inLanguage\":\"es\",\"potentialAction\":[{\"@type\":\"ReadAction\",\"target\":[\"https:\/\/elcardinal.com\/?p=4929\"]}]},{\"@type\":\"ImageObject\",\"inLanguage\":\"es\",\"@id\":\"https:\/\/elcardinal.com\/?p=4929#primaryimage\",\"url\":\"https:\/\/elcardinal.com\/wp-content\/uploads\/2025\/08\/WhatsApp-Image-2025-08-01-at-9.33.54-PM.jpeg\",\"contentUrl\":\"https:\/\/elcardinal.com\/wp-content\/uploads\/2025\/08\/WhatsApp-Image-2025-08-01-at-9.33.54-PM.jpeg\",\"width\":1600,\"height\":1106},{\"@type\":\"BreadcrumbList\",\"@id\":\"https:\/\/elcardinal.com\/?p=4929#breadcrumb\",\"itemListElement\":[{\"@type\":\"ListItem\",\"position\":1,\"name\":\"Inicio\",\"item\":\"https:\/\/elcardinal.com\/\"},{\"@type\":\"ListItem\",\"position\":2,\"name\":\"&#8220;Somos una legislatura de territorio, no de escritorio&#8221;: Andr\u00e9s Vel\u00e1zquez rinde su primer informe de labores\"}]},{\"@type\":\"WebSite\",\"@id\":\"https:\/\/elcardinal.com\/#website\",\"url\":\"https:\/\/elcardinal.com\/\",\"name\":\"El Cardinal\",\"description\":\"Periodismo honesto, con valor, sentido humano, a veces sarc\u00e1stico y divertido.\",\"publisher\":{\"@id\":\"https:\/\/elcardinal.com\/#organization\"},\"alternateName\":\"El Cardinal Noticias\",\"potentialAction\":[{\"@type\":\"SearchAction\",\"target\":{\"@type\":\"EntryPoint\",\"urlTemplate\":\"https:\/\/elcardinal.com\/?s={search_term_string}\"},\"query-input\":{\"@type\":\"PropertyValueSpecification\",\"valueRequired\":true,\"valueName\":\"search_term_string\"}}],\"inLanguage\":\"es\"},{\"@type\":\"Organization\",\"@id\":\"https:\/\/elcardinal.com\/#organization\",\"name\":\"El Cardinal\",\"url\":\"https:\/\/elcardinal.com\/\",\"logo\":{\"@type\":\"ImageObject\",\"inLanguage\":\"es\",\"@id\":\"https:\/\/elcardinal.com\/#\/schema\/logo\/image\/\",\"url\":\"https:\/\/elcardinal.com\/wp-content\/uploads\/2025\/04\/LOGO-EL-CARDINAL-Periodismo-con-valor.png\",\"contentUrl\":\"https:\/\/elcardinal.com\/wp-content\/uploads\/2025\/04\/LOGO-EL-CARDINAL-Periodismo-con-valor.png\",\"width\":755,\"height\":636,\"caption\":\"El Cardinal\"},\"image\":{\"@id\":\"https:\/\/elcardinal.com\/#\/schema\/logo\/image\/\"},\"sameAs\":[\"https:\/\/www.facebook.com\/profile.php?id=100063093107011\",\"https:\/\/x.com\/ElCardinal_Mx\"]},{\"@type\":\"Person\",\"@id\":\"https:\/\/elcardinal.com\/#\/schema\/person\/3c352ec0a33987fe275c0e8a2ea69f8b\",\"name\":\"Antonio Alcaraz\",\"image\":{\"@type\":\"ImageObject\",\"inLanguage\":\"es\",\"@id\":\"https:\/\/elcardinal.com\/#\/schema\/person\/image\/\",\"url\":\"https:\/\/elcardinal.com\/wp-content\/uploads\/2025\/05\/cropped-TONO-96x96.jpg\",\"contentUrl\":\"https:\/\/elcardinal.com\/wp-content\/uploads\/2025\/05\/cropped-TONO-96x96.jpg\",\"caption\":\"Antonio Alcaraz\"},\"url\":\"https:\/\/elcardinal.com\/?author=2\"}]}<\/script>\n<!-- \/ Yoast SEO plugin. -->","yoast_head_json":{"title":"\"Somos una legislatura de territorio, no de escritorio\": Andr\u00e9s Vel\u00e1zquez rinde su primer informe de labores - El Cardinal","robots":{"index":"index","follow":"follow","max-snippet":"max-snippet:-1","max-image-preview":"max-image-preview:large","max-video-preview":"max-video-preview:-1"},"canonical":"https:\/\/elcardinal.com\/?p=4929","og_locale":"es_MX","og_type":"article","og_title":"\"Somos una legislatura de territorio, no de escritorio\": Andr\u00e9s Vel\u00e1zquez rinde su primer informe de labores - El Cardinal","og_description":"&nbsp; Por: Jos\u00e9 Antonio Alcaraz Su\u00e1rez Pachuca, Hgo. \u2014 En un emotivo mensaje desde el Teatro San Francisco, el presidente de la Junta de Gobierno del Congreso de Hidalgo, Andr\u00e9s Vel\u00e1zquez V\u00e1zquez, destac\u00f3 que su primer a\u00f1o como diputado se ha caracterizado por la cercan\u00eda real con la gente, con m\u00e1s de mil 100 audiencias","og_url":"https:\/\/elcardinal.com\/?p=4929","og_site_name":"El Cardinal","article_publisher":"https:\/\/www.facebook.com\/profile.php?id=100063093107011","article_published_time":"2025-08-02T03:35:53+00:00","og_image":[{"width":1600,"height":1106,"url":"https:\/\/elcardinal.com\/wp-content\/uploads\/2025\/08\/WhatsApp-Image-2025-08-01-at-9.33.54-PM.jpeg","type":"image\/jpeg"}],"author":"Antonio Alcaraz","twitter_card":"summary_large_image","twitter_creator":"@ElCardinal_Mx","twitter_site":"@ElCardinal_Mx","twitter_misc":{"Escrito por":"Antonio Alcaraz","Tiempo de lectura":"2 minutos"},"schema":{"@context":"https:\/\/schema.org","@graph":[{"@type":"Article","@id":"https:\/\/elcardinal.com\/?p=4929#article","isPartOf":{"@id":"https:\/\/elcardinal.com\/?p=4929"},"author":{"name":"Antonio Alcaraz","@id":"https:\/\/elcardinal.com\/#\/schema\/person\/3c352ec0a33987fe275c0e8a2ea69f8b"},"headline":"&#8220;Somos una legislatura de territorio, no de escritorio&#8221;: Andr\u00e9s Vel\u00e1zquez rinde su primer informe de labores","datePublished":"2025-08-02T03:35:53+00:00","mainEntityOfPage":{"@id":"https:\/\/elcardinal.com\/?p=4929"},"wordCount":446,"commentCount":0,"publisher":{"@id":"https:\/\/elcardinal.com\/#organization"},"image":{"@id":"https:\/\/elcardinal.com\/?p=4929#primaryimage"},"thumbnailUrl":"https:\/\/elcardinal.com\/wp-content\/uploads\/2025\/08\/WhatsApp-Image-2025-08-01-at-9.33.54-PM.jpeg","keywords":["Andr\u00e9s Vel\u00e1zquez","Congreso de Hidalgo"],"articleSection":["Hidalgo","Minuto a Minuto","Pol\u00edtica"],"inLanguage":"es","potentialAction":[{"@type":"CommentAction","name":"Comment","target":["https:\/\/elcardinal.com\/?p=4929#respond"]}]},{"@type":"WebPage","@id":"https:\/\/elcardinal.com\/?p=4929","url":"https:\/\/elcardinal.com\/?p=4929","name":"\"Somos una legislatura de territorio, no de escritorio\": Andr\u00e9s Vel\u00e1zquez rinde su primer informe de labores - El Cardinal","isPartOf":{"@id":"https:\/\/elcardinal.com\/#website"},"primaryImageOfPage":{"@id":"https:\/\/elcardinal.com\/?p=4929#primaryimage"},"image":{"@id":"https:\/\/elcardinal.com\/?p=4929#primaryimage"},"thumbnailUrl":"https:\/\/elcardinal.com\/wp-content\/uploads\/2025\/08\/WhatsApp-Image-2025-08-01-at-9.33.54-PM.jpeg","datePublished":"2025-08-02T03:35:53+00:00","breadcrumb":{"@id":"https:\/\/elcardinal.com\/?p=4929#breadcrumb"},"inLanguage":"es","potentialAction":[{"@type":"ReadAction","target":["https:\/\/elcardinal.com\/?p=4929"]}]},{"@type":"ImageObject","inLanguage":"es","@id":"https:\/\/elcardinal.com\/?p=4929#primaryimage","url":"https:\/\/elcardinal.com\/wp-content\/uploads\/2025\/08\/WhatsApp-Image-2025-08-01-at-9.33.54-PM.jpeg","contentUrl":"https:\/\/elcardinal.com\/wp-content\/uploads\/2025\/08\/WhatsApp-Image-2025-08-01-at-9.33.54-PM.jpeg","width":1600,"height":1106},{"@type":"BreadcrumbList","@id":"https:\/\/elcardinal.com\/?p=4929#breadcrumb","itemListElement":[{"@type":"ListItem","position":1,"name":"Inicio","item":"https:\/\/elcardinal.com\/"},{"@type":"ListItem","position":2,"name":"&#8220;Somos una legislatura de territorio, no de escritorio&#8221;: Andr\u00e9s Vel\u00e1zquez rinde su primer informe de labores"}]},{"@type":"WebSite","@id":"https:\/\/elcardinal.com\/#website","url":"https:\/\/elcardinal.com\/","name":"El Cardinal","description":"Periodismo honesto, con valor, sentido humano, a veces sarc\u00e1stico y divertido.","publisher":{"@id":"https:\/\/elcardinal.com\/#organization"},"alternateName":"El Cardinal Noticias","potentialAction":[{"@type":"SearchAction","target":{"@type":"EntryPoint","urlTemplate":"https:\/\/elcardinal.com\/?s={search_term_string}"},"query-input":{"@type":"PropertyValueSpecification","valueRequired":true,"valueName":"search_term_string"}}],"inLanguage":"es"},{"@type":"Organization","@id":"https:\/\/elcardinal.com\/#organization","name":"El Cardinal","url":"https:\/\/elcardinal.com\/","logo":{"@type":"ImageObject","inLanguage":"es","@id":"https:\/\/elcardinal.com\/#\/schema\/logo\/image\/","url":"https:\/\/elcardinal.com\/wp-content\/uploads\/2025\/04\/LOGO-EL-CARDINAL-Periodismo-con-valor.png","contentUrl":"https:\/\/elcardinal.com\/wp-content\/uploads\/2025\/04\/LOGO-EL-CARDINAL-Periodismo-con-valor.png","width":755,"height":636,"caption":"El Cardinal"},"image":{"@id":"https:\/\/elcardinal.com\/#\/schema\/logo\/image\/"},"sameAs":["https:\/\/www.facebook.com\/profile.php?id=100063093107011","https:\/\/x.com\/ElCardinal_Mx"]},{"@type":"Person","@id":"https:\/\/elcardinal.com\/#\/schema\/person\/3c352ec0a33987fe275c0e8a2ea69f8b","name":"Antonio Alcaraz","image":{"@type":"ImageObject","inLanguage":"es","@id":"https:\/\/elcardinal.com\/#\/schema\/person\/image\/","url":"https:\/\/elcardinal.com\/wp-content\/uploads\/2025\/05\/cropped-TONO-96x96.jpg","contentUrl":"https:\/\/elcardinal.com\/wp-content\/uploads\/2025\/05\/cropped-TONO-96x96.jpg","caption":"Antonio Alcaraz"},"url":"https:\/\/elcardinal.com\/?author=2"}]}},"_links":{"self":[{"href":"https:\/\/elcardinal.com\/index.php?rest_route=\/wp\/v2\/posts\/4929","targetHints":{"allow":["GET"]}}],"collection":[{"href":"https:\/\/elcardinal.com\/index.php?rest_route=\/wp\/v2\/posts"}],"about":[{"href":"https:\/\/elcardinal.com\/index.php?rest_route=\/wp\/v2\/types\/post"}],"author":[{"embeddable":true,"href":"https:\/\/elcardinal.com\/index.php?rest_route=\/wp\/v2\/users\/2"}],"replies":[{"embeddable":true,"href":"https:\/\/elcardinal.com\/index.php?rest_route=%2Fwp%2Fv2%2Fcomments&post=4929"}],"version-history":[{"count":1,"href":"https:\/\/elcardinal.com\/index.php?rest_route=\/wp\/v2\/posts\/4929\/revisions"}],"predecessor-version":[{"id":4931,"href":"https:\/\/elcardinal.com\/index.php?rest_route=\/wp\/v2\/posts\/4929\/revisions\/4931"}],"wp:featuredmedia":[{"embeddable":true,"href":"https:\/\/elcardinal.com\/index.php?rest_route=\/wp\/v2\/media\/4930"}],"wp:attachment":[{"href":"https:\/\/elcardinal.com\/index.php?rest_route=%2Fwp%2Fv2%2Fmedia&parent=4929"}],"wp:term":[{"taxonomy":"category","embeddable":true,"href":"https:\/\/elcardinal.com\/index.php?rest_route=%2Fwp%2Fv2%2Fcategories&post=4929"},{"taxonomy":"post_tag","embeddable":true,"href":"https:\/\/elcardinal.com\/index.php?rest_route=%2Fwp%2Fv2%2Ftags&post=4929"}],"curies":[{"name":"wp","href":"https:\/\/api.w.org\/{rel}","templated":true}]}}