{"id":4933,"date":"2025-08-04T22:20:15","date_gmt":"2025-08-05T04:20:15","guid":{"rendered":"https:\/\/elcardinal.com\/?p=4933"},"modified":"2025-08-04T22:20:15","modified_gmt":"2025-08-05T04:20:15","slug":"comite-sindical-del-poder-legislativo-recibe-toma-de-nota-por-parte-de-la-stpsh","status":"publish","type":"post","link":"https:\/\/elcardinal.com\/?p=4933","title":{"rendered":"Comit\u00e9 sindical del Poder Legislativo recibe toma de nota por parte de la STPSH"},"content":{"rendered":"<p>&nbsp;<\/p>\n<p>Redacci\u00f3n<\/p>\n<p>&nbsp;<\/p>\n<p>El secretario general del Sindicato \u00danico de los Trabajadores al Servicio del Poder Legislativo de Hidalgo (SUTSPLEH), Adalberto Cadena Trejo recibi\u00f3 del secretario del Trabajo y Previsi\u00f3n Social estatal, \u00d3scar Gonz\u00e1lez Hern\u00e1ndez, la toma de nota del sindicato, lo cual ratifica que este colectivo se encuentra alineado a los principios de democracia sindical, libre elecci\u00f3n de sus dirigentes y voto libre, secreto y directo.<\/p>\n<p>&nbsp;<\/p>\n<p>El Tribunal de Arbitraje en el Estado de Hidalgo, una vez analizado y verificado el proceso de elecci\u00f3n y que se haya cumplido con los estatutos sindicales y normativa aplicable, contest\u00f3 la solicitud del SUTSPLEH, emitiendo as\u00ed la toma de nota que da la legalidad al Comit\u00e9 Ejecutivo Sindical para el periodo 2025-2028.<\/p>\n<p>&nbsp;<\/p>\n<p>En su intervenci\u00f3n, el secretario general Adalberto Cadena reconoci\u00f3 al secretario del Trabajo por su apertura, disposici\u00f3n y el valor que otorga a los colectivos en el estado, ya que, por primera ocasi\u00f3n, un titular de esta dependencia realiza esta acci\u00f3n.<\/p>\n<p><img fetchpriority=\"high\" decoding=\"async\" class=\"alignnone size-medium wp-image-4935\" src=\"https:\/\/elcardinal.com\/wp-content\/uploads\/2025\/08\/WhatsApp-Image-2025-08-04-at-7.12.02-PM-1-1-300x200.jpeg\" alt=\"\" width=\"300\" height=\"200\" srcset=\"https:\/\/elcardinal.com\/wp-content\/uploads\/2025\/08\/WhatsApp-Image-2025-08-04-at-7.12.02-PM-1-1-300x200.jpeg 300w, https:\/\/elcardinal.com\/wp-content\/uploads\/2025\/08\/WhatsApp-Image-2025-08-04-at-7.12.02-PM-1-1-1024x682.jpeg 1024w, https:\/\/elcardinal.com\/wp-content\/uploads\/2025\/08\/WhatsApp-Image-2025-08-04-at-7.12.02-PM-1-1-768x512.jpeg 768w, https:\/\/elcardinal.com\/wp-content\/uploads\/2025\/08\/WhatsApp-Image-2025-08-04-at-7.12.02-PM-1-1-1536x1023.jpeg 1536w, https:\/\/elcardinal.com\/wp-content\/uploads\/2025\/08\/WhatsApp-Image-2025-08-04-at-7.12.02-PM-1-1-150x100.jpeg 150w, https:\/\/elcardinal.com\/wp-content\/uploads\/2025\/08\/WhatsApp-Image-2025-08-04-at-7.12.02-PM-1-1-450x300.jpeg 450w, https:\/\/elcardinal.com\/wp-content\/uploads\/2025\/08\/WhatsApp-Image-2025-08-04-at-7.12.02-PM-1-1-1200x800.jpeg 1200w, https:\/\/elcardinal.com\/wp-content\/uploads\/2025\/08\/WhatsApp-Image-2025-08-04-at-7.12.02-PM-1-1.jpeg 1600w\" sizes=\"(max-width: 300px) 100vw, 300px\" \/><\/p>\n<p>Adem\u00e1s, agradeci\u00f3 su sensibilidad al entregar de mano propia los documentos que dan la seguridad de que, en materia laboral, se trata de un aliciente para dar los resultados que las autoridades del Poder Legislativo exigen a sus trabajadores.<\/p>\n<p>&nbsp;<\/p>\n<p>Tambi\u00e9n destac\u00f3 la relaci\u00f3n de cordialidad, respeto y colaboraci\u00f3n con las autoridades del Congreso del Estado, principalmente con el diputado Andr\u00e9s Vel\u00e1zquez V\u00e1zquez, presidente de la Junta de Gobierno, quien desde el primer d\u00eda que lleg\u00f3 al Poder Legislativo, manifest\u00f3 apertura, comunicaci\u00f3n y ser aliado de las y los trabajadores sindicalizados.<\/p>\n<p>&nbsp;<\/p>\n<p>\u201cSiempre ha tenido respeto pleno a las condiciones generales de trabajo de los sindicalizados, por lo cual estamos agradecidos con \u00e9l, es una gran persona, con empat\u00eda y justo, siempre se pone del lado del trabajador y nosotros, en correspondencia, estamos de su lado\u201d, indic\u00f3 el secretario general.<\/p>\n<p>&nbsp;<\/p>\n<p>Adalberto Cadena mencion\u00f3 que, adem\u00e1s, se mantiene la alianza con el gobernador del estado Julio Menchaca Salazar, porque \u201cnecesitamos de todas las fuerzas laborales para transformar al estado, cada quien desde lo que le toca hacer\u201d.<\/p>\n","protected":false},"excerpt":{"rendered":"<p>&nbsp; Redacci\u00f3n &nbsp; El secretario general del Sindicato \u00danico de los Trabajadores al Servicio del Poder Legislativo de Hidalgo (SUTSPLEH), Adalberto Cadena Trejo recibi\u00f3 del secretario del Trabajo y Previsi\u00f3n Social estatal, \u00d3scar Gonz\u00e1lez Hern\u00e1ndez, la toma de nota del sindicato, lo cual ratifica que este colectivo se encuentra alineado a los principios de democracia<\/p>\n","protected":false},"author":2,"featured_media":4936,"comment_status":"open","ping_status":"open","sticky":false,"template":"","format":"standard","meta":{"footnotes":""},"categories":[31,44,39],"tags":[70,62],"class_list":{"0":"post-4933","1":"post","2":"type-post","3":"status-publish","4":"format-standard","5":"has-post-thumbnail","7":"category-hidalgo","8":"category-minuto-a-minuto","9":"category-politica","10":"tag-andres-velazquez","11":"tag-congreso-de-hidalgo"},"yoast_head":"<!-- This site is optimized with the Yoast SEO plugin v26.1.1 - https:\/\/yoast.com\/wordpress\/plugins\/seo\/ -->\n<title>Comit\u00e9 sindical del Poder Legislativo recibe toma de nota por parte de la STPSH - El Cardinal<\/title>\n<meta name=\"robots\" content=\"index, follow, max-snippet:-1, max-image-preview:large, max-video-preview:-1\" \/>\n<link rel=\"canonical\" href=\"https:\/\/elcardinal.com\/?p=4933\" \/>\n<meta property=\"og:locale\" content=\"es_MX\" \/>\n<meta property=\"og:type\" content=\"article\" \/>\n<meta property=\"og:title\" content=\"Comit\u00e9 sindical del Poder Legislativo recibe toma de nota por parte de la STPSH - El Cardinal\" \/>\n<meta property=\"og:description\" content=\"&nbsp; Redacci\u00f3n &nbsp; El secretario general del Sindicato \u00danico de los Trabajadores al Servicio del Poder Legislativo de Hidalgo (SUTSPLEH), Adalberto Cadena Trejo recibi\u00f3 del secretario del Trabajo y Previsi\u00f3n Social estatal, \u00d3scar Gonz\u00e1lez Hern\u00e1ndez, la toma de nota del sindicato, lo cual ratifica que este colectivo se encuentra alineado a los principios de democracia\" \/>\n<meta property=\"og:url\" content=\"https:\/\/elcardinal.com\/?p=4933\" \/>\n<meta property=\"og:site_name\" content=\"El Cardinal\" \/>\n<meta property=\"article:publisher\" content=\"https:\/\/www.facebook.com\/profile.php?id=100063093107011\" \/>\n<meta property=\"article:published_time\" content=\"2025-08-05T04:20:15+00:00\" \/>\n<meta property=\"og:image\" content=\"https:\/\/elcardinal.com\/wp-content\/uploads\/2025\/08\/WhatsApp-Image-2025-08-04-at-7.12.01-PM.jpeg\" \/>\n\t<meta property=\"og:image:width\" content=\"1600\" \/>\n\t<meta property=\"og:image:height\" content=\"1200\" \/>\n\t<meta property=\"og:image:type\" content=\"image\/jpeg\" \/>\n<meta name=\"author\" content=\"Antonio Alcaraz\" \/>\n<meta name=\"twitter:card\" content=\"summary_large_image\" \/>\n<meta name=\"twitter:creator\" content=\"@ElCardinal_Mx\" \/>\n<meta name=\"twitter:site\" content=\"@ElCardinal_Mx\" \/>\n<meta name=\"twitter:label1\" content=\"Escrito por\" \/>\n\t<meta name=\"twitter:data1\" content=\"Antonio Alcaraz\" \/>\n\t<meta name=\"twitter:label2\" content=\"Tiempo de lectura\" \/>\n\t<meta name=\"twitter:data2\" content=\"2 minutos\" \/>\n<script type=\"application\/ld+json\" class=\"yoast-schema-graph\">{\"@context\":\"https:\/\/schema.org\",\"@graph\":[{\"@type\":\"Article\",\"@id\":\"https:\/\/elcardinal.com\/?p=4933#article\",\"isPartOf\":{\"@id\":\"https:\/\/elcardinal.com\/?p=4933\"},\"author\":{\"name\":\"Antonio Alcaraz\",\"@id\":\"https:\/\/elcardinal.com\/#\/schema\/person\/3c352ec0a33987fe275c0e8a2ea69f8b\"},\"headline\":\"Comit\u00e9 sindical del Poder Legislativo recibe toma de nota por parte de la STPSH\",\"datePublished\":\"2025-08-05T04:20:15+00:00\",\"mainEntityOfPage\":{\"@id\":\"https:\/\/elcardinal.com\/?p=4933\"},\"wordCount\":375,\"commentCount\":0,\"publisher\":{\"@id\":\"https:\/\/elcardinal.com\/#organization\"},\"image\":{\"@id\":\"https:\/\/elcardinal.com\/?p=4933#primaryimage\"},\"thumbnailUrl\":\"https:\/\/elcardinal.com\/wp-content\/uploads\/2025\/08\/WhatsApp-Image-2025-08-04-at-7.12.01-PM.jpeg\",\"keywords\":[\"Andr\u00e9s Vel\u00e1zquez\",\"Congreso de Hidalgo\"],\"articleSection\":[\"Hidalgo\",\"Minuto a Minuto\",\"Pol\u00edtica\"],\"inLanguage\":\"es\",\"potentialAction\":[{\"@type\":\"CommentAction\",\"name\":\"Comment\",\"target\":[\"https:\/\/elcardinal.com\/?p=4933#respond\"]}]},{\"@type\":\"WebPage\",\"@id\":\"https:\/\/elcardinal.com\/?p=4933\",\"url\":\"https:\/\/elcardinal.com\/?p=4933\",\"name\":\"Comit\u00e9 sindical del Poder Legislativo recibe toma de nota por parte de la STPSH - El Cardinal\",\"isPartOf\":{\"@id\":\"https:\/\/elcardinal.com\/#website\"},\"primaryImageOfPage\":{\"@id\":\"https:\/\/elcardinal.com\/?p=4933#primaryimage\"},\"image\":{\"@id\":\"https:\/\/elcardinal.com\/?p=4933#primaryimage\"},\"thumbnailUrl\":\"https:\/\/elcardinal.com\/wp-content\/uploads\/2025\/08\/WhatsApp-Image-2025-08-04-at-7.12.01-PM.jpeg\",\"datePublished\":\"2025-08-05T04:20:15+00:00\",\"breadcrumb\":{\"@id\":\"https:\/\/elcardinal.com\/?p=4933#breadcrumb\"},\"inLanguage\":\"es\",\"potentialAction\":[{\"@type\":\"ReadAction\",\"target\":[\"https:\/\/elcardinal.com\/?p=4933\"]}]},{\"@type\":\"ImageObject\",\"inLanguage\":\"es\",\"@id\":\"https:\/\/elcardinal.com\/?p=4933#primaryimage\",\"url\":\"https:\/\/elcardinal.com\/wp-content\/uploads\/2025\/08\/WhatsApp-Image-2025-08-04-at-7.12.01-PM.jpeg\",\"contentUrl\":\"https:\/\/elcardinal.com\/wp-content\/uploads\/2025\/08\/WhatsApp-Image-2025-08-04-at-7.12.01-PM.jpeg\",\"width\":1600,\"height\":1200},{\"@type\":\"BreadcrumbList\",\"@id\":\"https:\/\/elcardinal.com\/?p=4933#breadcrumb\",\"itemListElement\":[{\"@type\":\"ListItem\",\"position\":1,\"name\":\"Inicio\",\"item\":\"https:\/\/elcardinal.com\/\"},{\"@type\":\"ListItem\",\"position\":2,\"name\":\"Comit\u00e9 sindical del Poder Legislativo recibe toma de nota por parte de la STPSH\"}]},{\"@type\":\"WebSite\",\"@id\":\"https:\/\/elcardinal.com\/#website\",\"url\":\"https:\/\/elcardinal.com\/\",\"name\":\"El Cardinal\",\"description\":\"Periodismo honesto, con valor, sentido humano, a veces sarc\u00e1stico y divertido.\",\"publisher\":{\"@id\":\"https:\/\/elcardinal.com\/#organization\"},\"alternateName\":\"El Cardinal Noticias\",\"potentialAction\":[{\"@type\":\"SearchAction\",\"target\":{\"@type\":\"EntryPoint\",\"urlTemplate\":\"https:\/\/elcardinal.com\/?s={search_term_string}\"},\"query-input\":{\"@type\":\"PropertyValueSpecification\",\"valueRequired\":true,\"valueName\":\"search_term_string\"}}],\"inLanguage\":\"es\"},{\"@type\":\"Organization\",\"@id\":\"https:\/\/elcardinal.com\/#organization\",\"name\":\"El Cardinal\",\"url\":\"https:\/\/elcardinal.com\/\",\"logo\":{\"@type\":\"ImageObject\",\"inLanguage\":\"es\",\"@id\":\"https:\/\/elcardinal.com\/#\/schema\/logo\/image\/\",\"url\":\"https:\/\/elcardinal.com\/wp-content\/uploads\/2025\/04\/LOGO-EL-CARDINAL-Periodismo-con-valor.png\",\"contentUrl\":\"https:\/\/elcardinal.com\/wp-content\/uploads\/2025\/04\/LOGO-EL-CARDINAL-Periodismo-con-valor.png\",\"width\":755,\"height\":636,\"caption\":\"El Cardinal\"},\"image\":{\"@id\":\"https:\/\/elcardinal.com\/#\/schema\/logo\/image\/\"},\"sameAs\":[\"https:\/\/www.facebook.com\/profile.php?id=100063093107011\",\"https:\/\/x.com\/ElCardinal_Mx\"]},{\"@type\":\"Person\",\"@id\":\"https:\/\/elcardinal.com\/#\/schema\/person\/3c352ec0a33987fe275c0e8a2ea69f8b\",\"name\":\"Antonio Alcaraz\",\"image\":{\"@type\":\"ImageObject\",\"inLanguage\":\"es\",\"@id\":\"https:\/\/elcardinal.com\/#\/schema\/person\/image\/\",\"url\":\"https:\/\/elcardinal.com\/wp-content\/uploads\/2025\/05\/cropped-TONO-96x96.jpg\",\"contentUrl\":\"https:\/\/elcardinal.com\/wp-content\/uploads\/2025\/05\/cropped-TONO-96x96.jpg\",\"caption\":\"Antonio Alcaraz\"},\"url\":\"https:\/\/elcardinal.com\/?author=2\"}]}<\/script>\n<!-- \/ Yoast SEO plugin. -->","yoast_head_json":{"title":"Comit\u00e9 sindical del Poder Legislativo recibe toma de nota por parte de la STPSH - El Cardinal","robots":{"index":"index","follow":"follow","max-snippet":"max-snippet:-1","max-image-preview":"max-image-preview:large","max-video-preview":"max-video-preview:-1"},"canonical":"https:\/\/elcardinal.com\/?p=4933","og_locale":"es_MX","og_type":"article","og_title":"Comit\u00e9 sindical del Poder Legislativo recibe toma de nota por parte de la STPSH - El Cardinal","og_description":"&nbsp; Redacci\u00f3n &nbsp; El secretario general del Sindicato \u00danico de los Trabajadores al Servicio del Poder Legislativo de Hidalgo (SUTSPLEH), Adalberto Cadena Trejo recibi\u00f3 del secretario del Trabajo y Previsi\u00f3n Social estatal, \u00d3scar Gonz\u00e1lez Hern\u00e1ndez, la toma de nota del sindicato, lo cual ratifica que este colectivo se encuentra alineado a los principios de democracia","og_url":"https:\/\/elcardinal.com\/?p=4933","og_site_name":"El Cardinal","article_publisher":"https:\/\/www.facebook.com\/profile.php?id=100063093107011","article_published_time":"2025-08-05T04:20:15+00:00","og_image":[{"width":1600,"height":1200,"url":"https:\/\/elcardinal.com\/wp-content\/uploads\/2025\/08\/WhatsApp-Image-2025-08-04-at-7.12.01-PM.jpeg","type":"image\/jpeg"}],"author":"Antonio Alcaraz","twitter_card":"summary_large_image","twitter_creator":"@ElCardinal_Mx","twitter_site":"@ElCardinal_Mx","twitter_misc":{"Escrito por":"Antonio Alcaraz","Tiempo de lectura":"2 minutos"},"schema":{"@context":"https:\/\/schema.org","@graph":[{"@type":"Article","@id":"https:\/\/elcardinal.com\/?p=4933#article","isPartOf":{"@id":"https:\/\/elcardinal.com\/?p=4933"},"author":{"name":"Antonio Alcaraz","@id":"https:\/\/elcardinal.com\/#\/schema\/person\/3c352ec0a33987fe275c0e8a2ea69f8b"},"headline":"Comit\u00e9 sindical del Poder Legislativo recibe toma de nota por parte de la STPSH","datePublished":"2025-08-05T04:20:15+00:00","mainEntityOfPage":{"@id":"https:\/\/elcardinal.com\/?p=4933"},"wordCount":375,"commentCount":0,"publisher":{"@id":"https:\/\/elcardinal.com\/#organization"},"image":{"@id":"https:\/\/elcardinal.com\/?p=4933#primaryimage"},"thumbnailUrl":"https:\/\/elcardinal.com\/wp-content\/uploads\/2025\/08\/WhatsApp-Image-2025-08-04-at-7.12.01-PM.jpeg","keywords":["Andr\u00e9s Vel\u00e1zquez","Congreso de Hidalgo"],"articleSection":["Hidalgo","Minuto a Minuto","Pol\u00edtica"],"inLanguage":"es","potentialAction":[{"@type":"CommentAction","name":"Comment","target":["https:\/\/elcardinal.com\/?p=4933#respond"]}]},{"@type":"WebPage","@id":"https:\/\/elcardinal.com\/?p=4933","url":"https:\/\/elcardinal.com\/?p=4933","name":"Comit\u00e9 sindical del Poder Legislativo recibe toma de nota por parte de la STPSH - El Cardinal","isPartOf":{"@id":"https:\/\/elcardinal.com\/#website"},"primaryImageOfPage":{"@id":"https:\/\/elcardinal.com\/?p=4933#primaryimage"},"image":{"@id":"https:\/\/elcardinal.com\/?p=4933#primaryimage"},"thumbnailUrl":"https:\/\/elcardinal.com\/wp-content\/uploads\/2025\/08\/WhatsApp-Image-2025-08-04-at-7.12.01-PM.jpeg","datePublished":"2025-08-05T04:20:15+00:00","breadcrumb":{"@id":"https:\/\/elcardinal.com\/?p=4933#breadcrumb"},"inLanguage":"es","potentialAction":[{"@type":"ReadAction","target":["https:\/\/elcardinal.com\/?p=4933"]}]},{"@type":"ImageObject","inLanguage":"es","@id":"https:\/\/elcardinal.com\/?p=4933#primaryimage","url":"https:\/\/elcardinal.com\/wp-content\/uploads\/2025\/08\/WhatsApp-Image-2025-08-04-at-7.12.01-PM.jpeg","contentUrl":"https:\/\/elcardinal.com\/wp-content\/uploads\/2025\/08\/WhatsApp-Image-2025-08-04-at-7.12.01-PM.jpeg","width":1600,"height":1200},{"@type":"BreadcrumbList","@id":"https:\/\/elcardinal.com\/?p=4933#breadcrumb","itemListElement":[{"@type":"ListItem","position":1,"name":"Inicio","item":"https:\/\/elcardinal.com\/"},{"@type":"ListItem","position":2,"name":"Comit\u00e9 sindical del Poder Legislativo recibe toma de nota por parte de la STPSH"}]},{"@type":"WebSite","@id":"https:\/\/elcardinal.com\/#website","url":"https:\/\/elcardinal.com\/","name":"El Cardinal","description":"Periodismo honesto, con valor, sentido humano, a veces sarc\u00e1stico y divertido.","publisher":{"@id":"https:\/\/elcardinal.com\/#organization"},"alternateName":"El Cardinal Noticias","potentialAction":[{"@type":"SearchAction","target":{"@type":"EntryPoint","urlTemplate":"https:\/\/elcardinal.com\/?s={search_term_string}"},"query-input":{"@type":"PropertyValueSpecification","valueRequired":true,"valueName":"search_term_string"}}],"inLanguage":"es"},{"@type":"Organization","@id":"https:\/\/elcardinal.com\/#organization","name":"El Cardinal","url":"https:\/\/elcardinal.com\/","logo":{"@type":"ImageObject","inLanguage":"es","@id":"https:\/\/elcardinal.com\/#\/schema\/logo\/image\/","url":"https:\/\/elcardinal.com\/wp-content\/uploads\/2025\/04\/LOGO-EL-CARDINAL-Periodismo-con-valor.png","contentUrl":"https:\/\/elcardinal.com\/wp-content\/uploads\/2025\/04\/LOGO-EL-CARDINAL-Periodismo-con-valor.png","width":755,"height":636,"caption":"El Cardinal"},"image":{"@id":"https:\/\/elcardinal.com\/#\/schema\/logo\/image\/"},"sameAs":["https:\/\/www.facebook.com\/profile.php?id=100063093107011","https:\/\/x.com\/ElCardinal_Mx"]},{"@type":"Person","@id":"https:\/\/elcardinal.com\/#\/schema\/person\/3c352ec0a33987fe275c0e8a2ea69f8b","name":"Antonio Alcaraz","image":{"@type":"ImageObject","inLanguage":"es","@id":"https:\/\/elcardinal.com\/#\/schema\/person\/image\/","url":"https:\/\/elcardinal.com\/wp-content\/uploads\/2025\/05\/cropped-TONO-96x96.jpg","contentUrl":"https:\/\/elcardinal.com\/wp-content\/uploads\/2025\/05\/cropped-TONO-96x96.jpg","caption":"Antonio Alcaraz"},"url":"https:\/\/elcardinal.com\/?author=2"}]}},"_links":{"self":[{"href":"https:\/\/elcardinal.com\/index.php?rest_route=\/wp\/v2\/posts\/4933","targetHints":{"allow":["GET"]}}],"collection":[{"href":"https:\/\/elcardinal.com\/index.php?rest_route=\/wp\/v2\/posts"}],"about":[{"href":"https:\/\/elcardinal.com\/index.php?rest_route=\/wp\/v2\/types\/post"}],"author":[{"embeddable":true,"href":"https:\/\/elcardinal.com\/index.php?rest_route=\/wp\/v2\/users\/2"}],"replies":[{"embeddable":true,"href":"https:\/\/elcardinal.com\/index.php?rest_route=%2Fwp%2Fv2%2Fcomments&post=4933"}],"version-history":[{"count":1,"href":"https:\/\/elcardinal.com\/index.php?rest_route=\/wp\/v2\/posts\/4933\/revisions"}],"predecessor-version":[{"id":4937,"href":"https:\/\/elcardinal.com\/index.php?rest_route=\/wp\/v2\/posts\/4933\/revisions\/4937"}],"wp:featuredmedia":[{"embeddable":true,"href":"https:\/\/elcardinal.com\/index.php?rest_route=\/wp\/v2\/media\/4936"}],"wp:attachment":[{"href":"https:\/\/elcardinal.com\/index.php?rest_route=%2Fwp%2Fv2%2Fmedia&parent=4933"}],"wp:term":[{"taxonomy":"category","embeddable":true,"href":"https:\/\/elcardinal.com\/index.php?rest_route=%2Fwp%2Fv2%2Fcategories&post=4933"},{"taxonomy":"post_tag","embeddable":true,"href":"https:\/\/elcardinal.com\/index.php?rest_route=%2Fwp%2Fv2%2Ftags&post=4933"}],"curies":[{"name":"wp","href":"https:\/\/api.w.org\/{rel}","templated":true}]}}