{"id":4962,"date":"2025-08-11T22:46:17","date_gmt":"2025-08-12T04:46:17","guid":{"rendered":"https:\/\/elcardinal.com\/?p=4962"},"modified":"2025-08-11T22:46:17","modified_gmt":"2025-08-12T04:46:17","slug":"diputado-andres-velazquez-realiza-gira-de-trabajo-en-la-huasteca-hidalguense","status":"publish","type":"post","link":"https:\/\/elcardinal.com\/?p=4962","title":{"rendered":"Diputado Andr\u00e9s Vel\u00e1zquez realiza gira de trabajo en la Huasteca hidalguense"},"content":{"rendered":"<p>Por: Redacci\u00f3n\u00a0<strong>\u00a0<\/strong><\/p>\n<p>En gira de trabajo por la Huasteca hidalguense los d\u00edas 9 y 10 de agosto, el diputado <strong>Andr\u00e9s Vel\u00e1zquez V\u00e1zquez<\/strong>, presidente de la Junta de Gobierno del Congreso del Estado Libre y Soberano de Hidalgo, asisti\u00f3 a diferentes actividades en beneficio de la poblaci\u00f3n de la zona.<\/p>\n<p>El legislador acudi\u00f3 como invitado a la segunda Reuni\u00f3n Regional de la Asociaci\u00f3n de Alcaldes del Estado de Hidalgo, cuyo presidente es el edil de Mineral de la Reforma, <strong>Eduardo Med\u00e9cigo Rubio<\/strong>, con el objetivo de gestionar recursos como los de Banobras para mejorar infraestructura, servicios y generar m\u00e1s oportunidades en las comunidades.<\/p>\n<p>Tambi\u00e9n acompa\u00f1\u00f3 a sus compa\u00f1eros de la bancada de Morena, la diputada <strong>Paloma Barrag\u00e1n Santos<\/strong> y el diputado <strong>Juli\u00e1n Nochebuena Hern\u00e1ndez<\/strong>, en la presentaci\u00f3n de sus primeros informes de actividades, donde destac\u00f3 los avances e iniciativas presentadas ante el pleno para combatir el rezago de la Huasteca con justicia social, obras y la presencia del Estado.<\/p>\n<p>Adem\u00e1s, el diputado particip\u00f3 en la inauguraci\u00f3n del pabell\u00f3n gastron\u00f3mico en el municipio de Huejutla, acompa\u00f1ado por presidentas y presidentes de la regi\u00f3n.<\/p>\n<p>Por otro lado, acudi\u00f3 al primer Festival de Pueblos Originarios, un espacio para celebrar y reconocer la riqueza cultural, las tradiciones y la historia de las comunidades.<\/p>\n<p>Asimismo, encabez\u00f3 la entrega de actas y credenciales a los 32 \u00f3rganos de representaci\u00f3n de la regi\u00f3n.<\/p>\n<p>En las actividades tambi\u00e9n estuvieron presentes diputadas y diputados integrantes de la <strong>LXVI Legislatura<\/strong>, la senadora de la Rep\u00fablica, <strong>Simey Olvera Bautista<\/strong>, el diputado federal <strong>Daniel Andrade Zurutuza<\/strong> y el edil de Huejutla, <strong>Alfredo San Rom\u00e1n Duval<\/strong>, entre otros funcionarios.<\/p>\n","protected":false},"excerpt":{"rendered":"<p>Por: Redacci\u00f3n\u00a0\u00a0 En gira de trabajo por la Huasteca hidalguense los d\u00edas 9 y 10 de agosto, el diputado Andr\u00e9s Vel\u00e1zquez V\u00e1zquez, presidente de la Junta de Gobierno del Congreso del Estado Libre y Soberano de Hidalgo, asisti\u00f3 a diferentes actividades en beneficio de la poblaci\u00f3n de la zona. El legislador acudi\u00f3 como invitado a<\/p>\n","protected":false},"author":2,"featured_media":4963,"comment_status":"open","ping_status":"open","sticky":false,"template":"","format":"standard","meta":{"footnotes":""},"categories":[31,44,39],"tags":[70,62],"class_list":{"0":"post-4962","1":"post","2":"type-post","3":"status-publish","4":"format-standard","5":"has-post-thumbnail","7":"category-hidalgo","8":"category-minuto-a-minuto","9":"category-politica","10":"tag-andres-velazquez","11":"tag-congreso-de-hidalgo"},"yoast_head":"<!-- This site is optimized with the Yoast SEO plugin v26.1.1 - https:\/\/yoast.com\/wordpress\/plugins\/seo\/ -->\n<title>Diputado Andr\u00e9s Vel\u00e1zquez realiza gira de trabajo en la Huasteca hidalguense - El Cardinal<\/title>\n<meta name=\"robots\" content=\"index, follow, max-snippet:-1, max-image-preview:large, max-video-preview:-1\" \/>\n<link rel=\"canonical\" href=\"https:\/\/elcardinal.com\/?p=4962\" \/>\n<meta property=\"og:locale\" content=\"es_MX\" \/>\n<meta property=\"og:type\" content=\"article\" \/>\n<meta property=\"og:title\" content=\"Diputado Andr\u00e9s Vel\u00e1zquez realiza gira de trabajo en la Huasteca hidalguense - El Cardinal\" \/>\n<meta property=\"og:description\" content=\"Por: Redacci\u00f3n\u00a0\u00a0 En gira de trabajo por la Huasteca hidalguense los d\u00edas 9 y 10 de agosto, el diputado Andr\u00e9s Vel\u00e1zquez V\u00e1zquez, presidente de la Junta de Gobierno del Congreso del Estado Libre y Soberano de Hidalgo, asisti\u00f3 a diferentes actividades en beneficio de la poblaci\u00f3n de la zona. El legislador acudi\u00f3 como invitado a\" \/>\n<meta property=\"og:url\" content=\"https:\/\/elcardinal.com\/?p=4962\" \/>\n<meta property=\"og:site_name\" content=\"El Cardinal\" \/>\n<meta property=\"article:publisher\" content=\"https:\/\/www.facebook.com\/profile.php?id=100063093107011\" \/>\n<meta property=\"article:published_time\" content=\"2025-08-12T04:46:17+00:00\" \/>\n<meta property=\"og:image\" content=\"https:\/\/elcardinal.com\/wp-content\/uploads\/2025\/08\/Imagen-de-WhatsApp-2025-08-11-a-las-15.46.57_5c61317f.jpg\" \/>\n\t<meta property=\"og:image:width\" content=\"1447\" \/>\n\t<meta property=\"og:image:height\" content=\"773\" \/>\n\t<meta property=\"og:image:type\" content=\"image\/jpeg\" \/>\n<meta name=\"author\" content=\"Antonio Alcaraz\" \/>\n<meta name=\"twitter:card\" content=\"summary_large_image\" \/>\n<meta name=\"twitter:creator\" content=\"@ElCardinal_Mx\" \/>\n<meta name=\"twitter:site\" content=\"@ElCardinal_Mx\" \/>\n<meta name=\"twitter:label1\" content=\"Escrito por\" \/>\n\t<meta name=\"twitter:data1\" content=\"Antonio Alcaraz\" \/>\n\t<meta name=\"twitter:label2\" content=\"Tiempo de lectura\" \/>\n\t<meta name=\"twitter:data2\" content=\"2 minutos\" \/>\n<script type=\"application\/ld+json\" class=\"yoast-schema-graph\">{\"@context\":\"https:\/\/schema.org\",\"@graph\":[{\"@type\":\"Article\",\"@id\":\"https:\/\/elcardinal.com\/?p=4962#article\",\"isPartOf\":{\"@id\":\"https:\/\/elcardinal.com\/?p=4962\"},\"author\":{\"name\":\"Antonio Alcaraz\",\"@id\":\"https:\/\/elcardinal.com\/#\/schema\/person\/3c352ec0a33987fe275c0e8a2ea69f8b\"},\"headline\":\"Diputado Andr\u00e9s Vel\u00e1zquez realiza gira de trabajo en la Huasteca hidalguense\",\"datePublished\":\"2025-08-12T04:46:17+00:00\",\"mainEntityOfPage\":{\"@id\":\"https:\/\/elcardinal.com\/?p=4962\"},\"wordCount\":302,\"commentCount\":0,\"publisher\":{\"@id\":\"https:\/\/elcardinal.com\/#organization\"},\"image\":{\"@id\":\"https:\/\/elcardinal.com\/?p=4962#primaryimage\"},\"thumbnailUrl\":\"https:\/\/elcardinal.com\/wp-content\/uploads\/2025\/08\/Imagen-de-WhatsApp-2025-08-11-a-las-15.46.57_5c61317f.jpg\",\"keywords\":[\"Andr\u00e9s Vel\u00e1zquez\",\"Congreso de Hidalgo\"],\"articleSection\":[\"Hidalgo\",\"Minuto a Minuto\",\"Pol\u00edtica\"],\"inLanguage\":\"es\",\"potentialAction\":[{\"@type\":\"CommentAction\",\"name\":\"Comment\",\"target\":[\"https:\/\/elcardinal.com\/?p=4962#respond\"]}]},{\"@type\":\"WebPage\",\"@id\":\"https:\/\/elcardinal.com\/?p=4962\",\"url\":\"https:\/\/elcardinal.com\/?p=4962\",\"name\":\"Diputado Andr\u00e9s Vel\u00e1zquez realiza gira de trabajo en la Huasteca hidalguense - El Cardinal\",\"isPartOf\":{\"@id\":\"https:\/\/elcardinal.com\/#website\"},\"primaryImageOfPage\":{\"@id\":\"https:\/\/elcardinal.com\/?p=4962#primaryimage\"},\"image\":{\"@id\":\"https:\/\/elcardinal.com\/?p=4962#primaryimage\"},\"thumbnailUrl\":\"https:\/\/elcardinal.com\/wp-content\/uploads\/2025\/08\/Imagen-de-WhatsApp-2025-08-11-a-las-15.46.57_5c61317f.jpg\",\"datePublished\":\"2025-08-12T04:46:17+00:00\",\"breadcrumb\":{\"@id\":\"https:\/\/elcardinal.com\/?p=4962#breadcrumb\"},\"inLanguage\":\"es\",\"potentialAction\":[{\"@type\":\"ReadAction\",\"target\":[\"https:\/\/elcardinal.com\/?p=4962\"]}]},{\"@type\":\"ImageObject\",\"inLanguage\":\"es\",\"@id\":\"https:\/\/elcardinal.com\/?p=4962#primaryimage\",\"url\":\"https:\/\/elcardinal.com\/wp-content\/uploads\/2025\/08\/Imagen-de-WhatsApp-2025-08-11-a-las-15.46.57_5c61317f.jpg\",\"contentUrl\":\"https:\/\/elcardinal.com\/wp-content\/uploads\/2025\/08\/Imagen-de-WhatsApp-2025-08-11-a-las-15.46.57_5c61317f.jpg\",\"width\":1447,\"height\":773},{\"@type\":\"BreadcrumbList\",\"@id\":\"https:\/\/elcardinal.com\/?p=4962#breadcrumb\",\"itemListElement\":[{\"@type\":\"ListItem\",\"position\":1,\"name\":\"Inicio\",\"item\":\"https:\/\/elcardinal.com\/\"},{\"@type\":\"ListItem\",\"position\":2,\"name\":\"Diputado Andr\u00e9s Vel\u00e1zquez realiza gira de trabajo en la Huasteca hidalguense\"}]},{\"@type\":\"WebSite\",\"@id\":\"https:\/\/elcardinal.com\/#website\",\"url\":\"https:\/\/elcardinal.com\/\",\"name\":\"El Cardinal\",\"description\":\"Periodismo honesto, con valor, sentido humano, a veces sarc\u00e1stico y divertido.\",\"publisher\":{\"@id\":\"https:\/\/elcardinal.com\/#organization\"},\"alternateName\":\"El Cardinal Noticias\",\"potentialAction\":[{\"@type\":\"SearchAction\",\"target\":{\"@type\":\"EntryPoint\",\"urlTemplate\":\"https:\/\/elcardinal.com\/?s={search_term_string}\"},\"query-input\":{\"@type\":\"PropertyValueSpecification\",\"valueRequired\":true,\"valueName\":\"search_term_string\"}}],\"inLanguage\":\"es\"},{\"@type\":\"Organization\",\"@id\":\"https:\/\/elcardinal.com\/#organization\",\"name\":\"El Cardinal\",\"url\":\"https:\/\/elcardinal.com\/\",\"logo\":{\"@type\":\"ImageObject\",\"inLanguage\":\"es\",\"@id\":\"https:\/\/elcardinal.com\/#\/schema\/logo\/image\/\",\"url\":\"https:\/\/elcardinal.com\/wp-content\/uploads\/2025\/04\/LOGO-EL-CARDINAL-Periodismo-con-valor.png\",\"contentUrl\":\"https:\/\/elcardinal.com\/wp-content\/uploads\/2025\/04\/LOGO-EL-CARDINAL-Periodismo-con-valor.png\",\"width\":755,\"height\":636,\"caption\":\"El Cardinal\"},\"image\":{\"@id\":\"https:\/\/elcardinal.com\/#\/schema\/logo\/image\/\"},\"sameAs\":[\"https:\/\/www.facebook.com\/profile.php?id=100063093107011\",\"https:\/\/x.com\/ElCardinal_Mx\"]},{\"@type\":\"Person\",\"@id\":\"https:\/\/elcardinal.com\/#\/schema\/person\/3c352ec0a33987fe275c0e8a2ea69f8b\",\"name\":\"Antonio Alcaraz\",\"image\":{\"@type\":\"ImageObject\",\"inLanguage\":\"es\",\"@id\":\"https:\/\/elcardinal.com\/#\/schema\/person\/image\/\",\"url\":\"https:\/\/elcardinal.com\/wp-content\/uploads\/2025\/05\/cropped-TONO-96x96.jpg\",\"contentUrl\":\"https:\/\/elcardinal.com\/wp-content\/uploads\/2025\/05\/cropped-TONO-96x96.jpg\",\"caption\":\"Antonio Alcaraz\"},\"url\":\"https:\/\/elcardinal.com\/?author=2\"}]}<\/script>\n<!-- \/ Yoast SEO plugin. -->","yoast_head_json":{"title":"Diputado Andr\u00e9s Vel\u00e1zquez realiza gira de trabajo en la Huasteca hidalguense - El Cardinal","robots":{"index":"index","follow":"follow","max-snippet":"max-snippet:-1","max-image-preview":"max-image-preview:large","max-video-preview":"max-video-preview:-1"},"canonical":"https:\/\/elcardinal.com\/?p=4962","og_locale":"es_MX","og_type":"article","og_title":"Diputado Andr\u00e9s Vel\u00e1zquez realiza gira de trabajo en la Huasteca hidalguense - El Cardinal","og_description":"Por: Redacci\u00f3n\u00a0\u00a0 En gira de trabajo por la Huasteca hidalguense los d\u00edas 9 y 10 de agosto, el diputado Andr\u00e9s Vel\u00e1zquez V\u00e1zquez, presidente de la Junta de Gobierno del Congreso del Estado Libre y Soberano de Hidalgo, asisti\u00f3 a diferentes actividades en beneficio de la poblaci\u00f3n de la zona. El legislador acudi\u00f3 como invitado a","og_url":"https:\/\/elcardinal.com\/?p=4962","og_site_name":"El Cardinal","article_publisher":"https:\/\/www.facebook.com\/profile.php?id=100063093107011","article_published_time":"2025-08-12T04:46:17+00:00","og_image":[{"width":1447,"height":773,"url":"https:\/\/elcardinal.com\/wp-content\/uploads\/2025\/08\/Imagen-de-WhatsApp-2025-08-11-a-las-15.46.57_5c61317f.jpg","type":"image\/jpeg"}],"author":"Antonio Alcaraz","twitter_card":"summary_large_image","twitter_creator":"@ElCardinal_Mx","twitter_site":"@ElCardinal_Mx","twitter_misc":{"Escrito por":"Antonio Alcaraz","Tiempo de lectura":"2 minutos"},"schema":{"@context":"https:\/\/schema.org","@graph":[{"@type":"Article","@id":"https:\/\/elcardinal.com\/?p=4962#article","isPartOf":{"@id":"https:\/\/elcardinal.com\/?p=4962"},"author":{"name":"Antonio Alcaraz","@id":"https:\/\/elcardinal.com\/#\/schema\/person\/3c352ec0a33987fe275c0e8a2ea69f8b"},"headline":"Diputado Andr\u00e9s Vel\u00e1zquez realiza gira de trabajo en la Huasteca hidalguense","datePublished":"2025-08-12T04:46:17+00:00","mainEntityOfPage":{"@id":"https:\/\/elcardinal.com\/?p=4962"},"wordCount":302,"commentCount":0,"publisher":{"@id":"https:\/\/elcardinal.com\/#organization"},"image":{"@id":"https:\/\/elcardinal.com\/?p=4962#primaryimage"},"thumbnailUrl":"https:\/\/elcardinal.com\/wp-content\/uploads\/2025\/08\/Imagen-de-WhatsApp-2025-08-11-a-las-15.46.57_5c61317f.jpg","keywords":["Andr\u00e9s Vel\u00e1zquez","Congreso de Hidalgo"],"articleSection":["Hidalgo","Minuto a Minuto","Pol\u00edtica"],"inLanguage":"es","potentialAction":[{"@type":"CommentAction","name":"Comment","target":["https:\/\/elcardinal.com\/?p=4962#respond"]}]},{"@type":"WebPage","@id":"https:\/\/elcardinal.com\/?p=4962","url":"https:\/\/elcardinal.com\/?p=4962","name":"Diputado Andr\u00e9s Vel\u00e1zquez realiza gira de trabajo en la Huasteca hidalguense - El Cardinal","isPartOf":{"@id":"https:\/\/elcardinal.com\/#website"},"primaryImageOfPage":{"@id":"https:\/\/elcardinal.com\/?p=4962#primaryimage"},"image":{"@id":"https:\/\/elcardinal.com\/?p=4962#primaryimage"},"thumbnailUrl":"https:\/\/elcardinal.com\/wp-content\/uploads\/2025\/08\/Imagen-de-WhatsApp-2025-08-11-a-las-15.46.57_5c61317f.jpg","datePublished":"2025-08-12T04:46:17+00:00","breadcrumb":{"@id":"https:\/\/elcardinal.com\/?p=4962#breadcrumb"},"inLanguage":"es","potentialAction":[{"@type":"ReadAction","target":["https:\/\/elcardinal.com\/?p=4962"]}]},{"@type":"ImageObject","inLanguage":"es","@id":"https:\/\/elcardinal.com\/?p=4962#primaryimage","url":"https:\/\/elcardinal.com\/wp-content\/uploads\/2025\/08\/Imagen-de-WhatsApp-2025-08-11-a-las-15.46.57_5c61317f.jpg","contentUrl":"https:\/\/elcardinal.com\/wp-content\/uploads\/2025\/08\/Imagen-de-WhatsApp-2025-08-11-a-las-15.46.57_5c61317f.jpg","width":1447,"height":773},{"@type":"BreadcrumbList","@id":"https:\/\/elcardinal.com\/?p=4962#breadcrumb","itemListElement":[{"@type":"ListItem","position":1,"name":"Inicio","item":"https:\/\/elcardinal.com\/"},{"@type":"ListItem","position":2,"name":"Diputado Andr\u00e9s Vel\u00e1zquez realiza gira de trabajo en la Huasteca hidalguense"}]},{"@type":"WebSite","@id":"https:\/\/elcardinal.com\/#website","url":"https:\/\/elcardinal.com\/","name":"El Cardinal","description":"Periodismo honesto, con valor, sentido humano, a veces sarc\u00e1stico y divertido.","publisher":{"@id":"https:\/\/elcardinal.com\/#organization"},"alternateName":"El Cardinal Noticias","potentialAction":[{"@type":"SearchAction","target":{"@type":"EntryPoint","urlTemplate":"https:\/\/elcardinal.com\/?s={search_term_string}"},"query-input":{"@type":"PropertyValueSpecification","valueRequired":true,"valueName":"search_term_string"}}],"inLanguage":"es"},{"@type":"Organization","@id":"https:\/\/elcardinal.com\/#organization","name":"El Cardinal","url":"https:\/\/elcardinal.com\/","logo":{"@type":"ImageObject","inLanguage":"es","@id":"https:\/\/elcardinal.com\/#\/schema\/logo\/image\/","url":"https:\/\/elcardinal.com\/wp-content\/uploads\/2025\/04\/LOGO-EL-CARDINAL-Periodismo-con-valor.png","contentUrl":"https:\/\/elcardinal.com\/wp-content\/uploads\/2025\/04\/LOGO-EL-CARDINAL-Periodismo-con-valor.png","width":755,"height":636,"caption":"El Cardinal"},"image":{"@id":"https:\/\/elcardinal.com\/#\/schema\/logo\/image\/"},"sameAs":["https:\/\/www.facebook.com\/profile.php?id=100063093107011","https:\/\/x.com\/ElCardinal_Mx"]},{"@type":"Person","@id":"https:\/\/elcardinal.com\/#\/schema\/person\/3c352ec0a33987fe275c0e8a2ea69f8b","name":"Antonio Alcaraz","image":{"@type":"ImageObject","inLanguage":"es","@id":"https:\/\/elcardinal.com\/#\/schema\/person\/image\/","url":"https:\/\/elcardinal.com\/wp-content\/uploads\/2025\/05\/cropped-TONO-96x96.jpg","contentUrl":"https:\/\/elcardinal.com\/wp-content\/uploads\/2025\/05\/cropped-TONO-96x96.jpg","caption":"Antonio Alcaraz"},"url":"https:\/\/elcardinal.com\/?author=2"}]}},"_links":{"self":[{"href":"https:\/\/elcardinal.com\/index.php?rest_route=\/wp\/v2\/posts\/4962","targetHints":{"allow":["GET"]}}],"collection":[{"href":"https:\/\/elcardinal.com\/index.php?rest_route=\/wp\/v2\/posts"}],"about":[{"href":"https:\/\/elcardinal.com\/index.php?rest_route=\/wp\/v2\/types\/post"}],"author":[{"embeddable":true,"href":"https:\/\/elcardinal.com\/index.php?rest_route=\/wp\/v2\/users\/2"}],"replies":[{"embeddable":true,"href":"https:\/\/elcardinal.com\/index.php?rest_route=%2Fwp%2Fv2%2Fcomments&post=4962"}],"version-history":[{"count":1,"href":"https:\/\/elcardinal.com\/index.php?rest_route=\/wp\/v2\/posts\/4962\/revisions"}],"predecessor-version":[{"id":4964,"href":"https:\/\/elcardinal.com\/index.php?rest_route=\/wp\/v2\/posts\/4962\/revisions\/4964"}],"wp:featuredmedia":[{"embeddable":true,"href":"https:\/\/elcardinal.com\/index.php?rest_route=\/wp\/v2\/media\/4963"}],"wp:attachment":[{"href":"https:\/\/elcardinal.com\/index.php?rest_route=%2Fwp%2Fv2%2Fmedia&parent=4962"}],"wp:term":[{"taxonomy":"category","embeddable":true,"href":"https:\/\/elcardinal.com\/index.php?rest_route=%2Fwp%2Fv2%2Fcategories&post=4962"},{"taxonomy":"post_tag","embeddable":true,"href":"https:\/\/elcardinal.com\/index.php?rest_route=%2Fwp%2Fv2%2Ftags&post=4962"}],"curies":[{"name":"wp","href":"https:\/\/api.w.org\/{rel}","templated":true}]}}