{"id":4965,"date":"2025-08-11T23:50:43","date_gmt":"2025-08-12T05:50:43","guid":{"rendered":"https:\/\/elcardinal.com\/?p=4965"},"modified":"2025-08-11T23:50:43","modified_gmt":"2025-08-12T05:50:43","slug":"cuanto-mas-tiempo-te-quedas-en-el-tren-equivocado-mas-caro-te-sale-volver-a-casa","status":"publish","type":"post","link":"https:\/\/elcardinal.com\/?p=4965","title":{"rendered":"Cuanto m\u00e1s tiempo te quedas en el tren equivocado, m\u00e1s caro te sale volver a casa"},"content":{"rendered":"<p>Por: <strong>Jos\u00e9 Antonio Alcaraz Su\u00e1rez<\/strong><\/p>\n<p>Esta frase me atraves\u00f3 el alma. La encontr\u00e9 hace unos d\u00edas en un video y, aunque desconozco a su autor original, <strong>no ha dejado de resonar en mi mente desde entonces<\/strong>. Incluso, hizo acordarme de la letra y canci\u00f3n melanc\u00f3lica \u201cViajar contigo\u201d de <strong>Alex Ubago<\/strong> que en muchas ocasiones me acompa\u00f1o en soledad\u2026<\/p>\n<p>En mis recuerdos emergieron <em><strong>muchos trenes<\/strong><\/em> que han cruzado mi vida: algunos me llevaron a lugares nuevos, otros me regalaron momentos inolvidables, pero tambi\u00e9n hubo trenes que se descarrilaron y me hicieron perder el rumbo.<\/p>\n<p>He subido a trenes sabiendo, en lo profundo,<strong> que no era mi destino<\/strong>. Esa intuici\u00f3n se siente como una piedra inc\u00f3moda en el zapato: al principio no duele, parece soportable, pero con cada paso el dolor crece hasta volverse insoportable y paralizante.<\/p>\n<p>Esos trenes, con su fachada atractiva, sus promesas de destinos brillantes, se presentaban como boletos seguros a la felicidad. Pero en el trayecto,<strong> cada kil\u00f3metro recorrido me alejaba m\u00e1s de mi esencia y me cobraba un precio alto:<\/strong> paz mental fracturada, energ\u00eda drenada, alegr\u00eda marchita, dignidad comprometida y amor propio deteriorado.<\/p>\n<blockquote><p>Porque el tren puede ser una relaci\u00f3n t\u00f3xica o hasta no toxica, un trabajo que apaga el alma, malos h\u00e1bitos o decisiones o cualquier situaci\u00f3n que nos consume sin darnos nada real a cambio. Incluso, alguien que te desecha de su vida\u2026<\/p><\/blockquote>\n<p>Nos aferramos a esos caminos equivocados por costumbre, miedo o por la ilusi\u00f3n de que \u201cya invertimos demasiado\u201d. Pero cada minuto que permanecemos en ese tren, el costo se acumula: desgaste emocional, oportunidades perdidas y sue\u00f1os que se apagan lentamente.<\/p>\n<p><strong>EL REGRESO<\/strong><\/p>\n<p>Volver a casa \u2014a nuestro verdadero yo, a los sue\u00f1os genuinos, a lo que nos llena\u2014 siempre implica un precio. Pero cuanto antes tomemos la decisi\u00f3n de bajarnos, m\u00e1s ligero y valiente ser\u00e1 el regreso. No es cuesti\u00f3n de cu\u00e1nto hemos gastado, sino de cu\u00e1nto podemos ganar si elegimos actuar hoy.<\/p>\n<p>La<strong> verdadera valent\u00eda<\/strong> no est\u00e1 en resistir un trayecto que no nos pertenece, sino en reconocer el momento de cambiar de direcci\u00f3n. Porque la vida no se detiene\u2026 y el tren correcto siempre llega, tarde que temprano.<\/p>\n<p>Les comparto esta poderosa reflexi\u00f3n que encontr\u00e9 en un video de TikTok de <strong>Jos\u00e9 Royo<\/strong> (@jose_ropla8):<\/p>\n<blockquote><p>\u201cCuanto m\u00e1s tiempo te quedas en el tren equivocado, m\u00e1s caro te sale volver a casa.\u201d<\/p>\n<p>A veces lo sabemos. Sentimos que algo no encaja, que ese camino no es nuestro, que esa relaci\u00f3n, ese empleo o esa versi\u00f3n de vida que llevamos no nos hace bien. Pero nos quedamos, por miedo, por rutina, por no enfrentar el vac\u00edo que significa comenzar de nuevo.<\/p>\n<p>Nos convencemos de que <strong>\u201cya hemos invertido demasiado\u201d<\/strong>. Que soportar un poco m\u00e1s es m\u00e1s f\u00e1cil que recomenzar. Pero la verdad es que cada d\u00eda en ese lugar equivocado <strong>se paga con tiempo, energ\u00eda, paz y, muchas veces, con pedazos de nosotros mismos que se pierden silenciosamente.<\/strong><\/p>\n<p>Regresar a ti mismo, a lo que te hace bien, a lo que da sentido, siempre tiene un costo. Pero cuanto m\u00e1s esperes, m\u00e1s dif\u00edcil ser\u00e1 reconocerte cuando llegues. Bajarte a tiempo no es rendirse. Es recordar que la vida no espera y que mereces estar donde no tengas que forzarte a creer que todo est\u00e1 bien.<\/p><\/blockquote>\n<p><iframe title=\"Alex Ubago - Viajar contigo (video clip)\" width=\"788\" height=\"591\" src=\"https:\/\/www.youtube.com\/embed\/3a0oPynUv7w?feature=oembed\" frameborder=\"0\" allow=\"accelerometer; autoplay; clipboard-write; encrypted-media; gyroscope; picture-in-picture; web-share\" referrerpolicy=\"strict-origin-when-cross-origin\" allowfullscreen><\/iframe><\/p>\n<p>Por cierto, <strong>me asuent\u00e9 tres semanas en esta columna<\/strong>. En ocasiones, no m\u00e1s no fluyen las palbras, las ideas y sentimientos&#8230; no forzo nada. Pero estamos de regreso.<\/p>\n<p><strong>GRACIAS<\/strong><\/p>\n","protected":false},"excerpt":{"rendered":"<p>Por: Jos\u00e9 Antonio Alcaraz Su\u00e1rez Esta frase me atraves\u00f3 el alma. La encontr\u00e9 hace unos d\u00edas en un video y, aunque desconozco a su autor original, no ha dejado de resonar en mi mente desde entonces. Incluso, hizo acordarme de la letra y canci\u00f3n melanc\u00f3lica \u201cViajar contigo\u201d de Alex Ubago que en muchas ocasiones me<\/p>\n","protected":false},"author":2,"featured_media":4879,"comment_status":"open","ping_status":"open","sticky":false,"template":"","format":"standard","meta":{"footnotes":""},"categories":[44,35],"tags":[81,232],"class_list":{"0":"post-4965","1":"post","2":"type-post","3":"status-publish","4":"format-standard","5":"has-post-thumbnail","7":"category-minuto-a-minuto","8":"category-opinion","9":"tag-jose-antonio-alcaraz-suarez","10":"tag-semillas-estelares"},"yoast_head":"<!-- This site is optimized with the Yoast SEO plugin v26.1.1 - https:\/\/yoast.com\/wordpress\/plugins\/seo\/ -->\n<title>Cuanto m\u00e1s tiempo te quedas en el tren equivocado, m\u00e1s caro te sale volver a casa - El Cardinal<\/title>\n<meta name=\"robots\" content=\"index, follow, max-snippet:-1, max-image-preview:large, max-video-preview:-1\" \/>\n<link rel=\"canonical\" href=\"https:\/\/elcardinal.com\/?p=4965\" \/>\n<meta property=\"og:locale\" content=\"es_MX\" \/>\n<meta property=\"og:type\" content=\"article\" \/>\n<meta property=\"og:title\" content=\"Cuanto m\u00e1s tiempo te quedas en el tren equivocado, m\u00e1s caro te sale volver a casa - El Cardinal\" \/>\n<meta property=\"og:description\" content=\"Por: Jos\u00e9 Antonio Alcaraz Su\u00e1rez Esta frase me atraves\u00f3 el alma. La encontr\u00e9 hace unos d\u00edas en un video y, aunque desconozco a su autor original, no ha dejado de resonar en mi mente desde entonces. Incluso, hizo acordarme de la letra y canci\u00f3n melanc\u00f3lica \u201cViajar contigo\u201d de Alex Ubago que en muchas ocasiones me\" \/>\n<meta property=\"og:url\" content=\"https:\/\/elcardinal.com\/?p=4965\" \/>\n<meta property=\"og:site_name\" content=\"El Cardinal\" \/>\n<meta property=\"article:publisher\" content=\"https:\/\/www.facebook.com\/profile.php?id=100063093107011\" \/>\n<meta property=\"article:published_time\" content=\"2025-08-12T05:50:43+00:00\" \/>\n<meta property=\"og:image\" content=\"https:\/\/elcardinal.com\/wp-content\/uploads\/2025\/07\/490660254_996134765832951_4491792580100797416_n.jpg\" \/>\n\t<meta property=\"og:image:width\" content=\"940\" \/>\n\t<meta property=\"og:image:height\" content=\"788\" \/>\n\t<meta property=\"og:image:type\" content=\"image\/jpeg\" \/>\n<meta name=\"author\" content=\"Antonio Alcaraz\" \/>\n<meta name=\"twitter:card\" content=\"summary_large_image\" \/>\n<meta name=\"twitter:creator\" content=\"@ElCardinal_Mx\" \/>\n<meta name=\"twitter:site\" content=\"@ElCardinal_Mx\" \/>\n<meta name=\"twitter:label1\" content=\"Escrito por\" \/>\n\t<meta name=\"twitter:data1\" content=\"Antonio Alcaraz\" \/>\n\t<meta name=\"twitter:label2\" content=\"Tiempo de lectura\" \/>\n\t<meta name=\"twitter:data2\" content=\"2 minutos\" \/>\n<script type=\"application\/ld+json\" class=\"yoast-schema-graph\">{\"@context\":\"https:\/\/schema.org\",\"@graph\":[{\"@type\":\"Article\",\"@id\":\"https:\/\/elcardinal.com\/?p=4965#article\",\"isPartOf\":{\"@id\":\"https:\/\/elcardinal.com\/?p=4965\"},\"author\":{\"name\":\"Antonio Alcaraz\",\"@id\":\"https:\/\/elcardinal.com\/#\/schema\/person\/3c352ec0a33987fe275c0e8a2ea69f8b\"},\"headline\":\"Cuanto m\u00e1s tiempo te quedas en el tren equivocado, m\u00e1s caro te sale volver a casa\",\"datePublished\":\"2025-08-12T05:50:43+00:00\",\"mainEntityOfPage\":{\"@id\":\"https:\/\/elcardinal.com\/?p=4965\"},\"wordCount\":642,\"commentCount\":0,\"publisher\":{\"@id\":\"https:\/\/elcardinal.com\/#organization\"},\"image\":{\"@id\":\"https:\/\/elcardinal.com\/?p=4965#primaryimage\"},\"thumbnailUrl\":\"https:\/\/elcardinal.com\/wp-content\/uploads\/2025\/07\/490660254_996134765832951_4491792580100797416_n.jpg\",\"keywords\":[\"Jos\u00e9 Antonio Alcaraz Su\u00e1rez\",\"Semillas Estelares\"],\"articleSection\":[\"Minuto a Minuto\",\"Opini\u00f3n\"],\"inLanguage\":\"es\",\"potentialAction\":[{\"@type\":\"CommentAction\",\"name\":\"Comment\",\"target\":[\"https:\/\/elcardinal.com\/?p=4965#respond\"]}]},{\"@type\":\"WebPage\",\"@id\":\"https:\/\/elcardinal.com\/?p=4965\",\"url\":\"https:\/\/elcardinal.com\/?p=4965\",\"name\":\"Cuanto m\u00e1s tiempo te quedas en el tren equivocado, m\u00e1s caro te sale volver a casa - El Cardinal\",\"isPartOf\":{\"@id\":\"https:\/\/elcardinal.com\/#website\"},\"primaryImageOfPage\":{\"@id\":\"https:\/\/elcardinal.com\/?p=4965#primaryimage\"},\"image\":{\"@id\":\"https:\/\/elcardinal.com\/?p=4965#primaryimage\"},\"thumbnailUrl\":\"https:\/\/elcardinal.com\/wp-content\/uploads\/2025\/07\/490660254_996134765832951_4491792580100797416_n.jpg\",\"datePublished\":\"2025-08-12T05:50:43+00:00\",\"breadcrumb\":{\"@id\":\"https:\/\/elcardinal.com\/?p=4965#breadcrumb\"},\"inLanguage\":\"es\",\"potentialAction\":[{\"@type\":\"ReadAction\",\"target\":[\"https:\/\/elcardinal.com\/?p=4965\"]}]},{\"@type\":\"ImageObject\",\"inLanguage\":\"es\",\"@id\":\"https:\/\/elcardinal.com\/?p=4965#primaryimage\",\"url\":\"https:\/\/elcardinal.com\/wp-content\/uploads\/2025\/07\/490660254_996134765832951_4491792580100797416_n.jpg\",\"contentUrl\":\"https:\/\/elcardinal.com\/wp-content\/uploads\/2025\/07\/490660254_996134765832951_4491792580100797416_n.jpg\",\"width\":940,\"height\":788},{\"@type\":\"BreadcrumbList\",\"@id\":\"https:\/\/elcardinal.com\/?p=4965#breadcrumb\",\"itemListElement\":[{\"@type\":\"ListItem\",\"position\":1,\"name\":\"Inicio\",\"item\":\"https:\/\/elcardinal.com\/\"},{\"@type\":\"ListItem\",\"position\":2,\"name\":\"Cuanto m\u00e1s tiempo te quedas en el tren equivocado, m\u00e1s caro te sale volver a casa\"}]},{\"@type\":\"WebSite\",\"@id\":\"https:\/\/elcardinal.com\/#website\",\"url\":\"https:\/\/elcardinal.com\/\",\"name\":\"El Cardinal\",\"description\":\"Periodismo honesto, con valor, sentido humano, a veces sarc\u00e1stico y divertido.\",\"publisher\":{\"@id\":\"https:\/\/elcardinal.com\/#organization\"},\"alternateName\":\"El Cardinal Noticias\",\"potentialAction\":[{\"@type\":\"SearchAction\",\"target\":{\"@type\":\"EntryPoint\",\"urlTemplate\":\"https:\/\/elcardinal.com\/?s={search_term_string}\"},\"query-input\":{\"@type\":\"PropertyValueSpecification\",\"valueRequired\":true,\"valueName\":\"search_term_string\"}}],\"inLanguage\":\"es\"},{\"@type\":\"Organization\",\"@id\":\"https:\/\/elcardinal.com\/#organization\",\"name\":\"El Cardinal\",\"url\":\"https:\/\/elcardinal.com\/\",\"logo\":{\"@type\":\"ImageObject\",\"inLanguage\":\"es\",\"@id\":\"https:\/\/elcardinal.com\/#\/schema\/logo\/image\/\",\"url\":\"https:\/\/elcardinal.com\/wp-content\/uploads\/2025\/04\/LOGO-EL-CARDINAL-Periodismo-con-valor.png\",\"contentUrl\":\"https:\/\/elcardinal.com\/wp-content\/uploads\/2025\/04\/LOGO-EL-CARDINAL-Periodismo-con-valor.png\",\"width\":755,\"height\":636,\"caption\":\"El Cardinal\"},\"image\":{\"@id\":\"https:\/\/elcardinal.com\/#\/schema\/logo\/image\/\"},\"sameAs\":[\"https:\/\/www.facebook.com\/profile.php?id=100063093107011\",\"https:\/\/x.com\/ElCardinal_Mx\"]},{\"@type\":\"Person\",\"@id\":\"https:\/\/elcardinal.com\/#\/schema\/person\/3c352ec0a33987fe275c0e8a2ea69f8b\",\"name\":\"Antonio Alcaraz\",\"image\":{\"@type\":\"ImageObject\",\"inLanguage\":\"es\",\"@id\":\"https:\/\/elcardinal.com\/#\/schema\/person\/image\/\",\"url\":\"https:\/\/elcardinal.com\/wp-content\/uploads\/2025\/05\/cropped-TONO-96x96.jpg\",\"contentUrl\":\"https:\/\/elcardinal.com\/wp-content\/uploads\/2025\/05\/cropped-TONO-96x96.jpg\",\"caption\":\"Antonio Alcaraz\"},\"url\":\"https:\/\/elcardinal.com\/?author=2\"}]}<\/script>\n<!-- \/ Yoast SEO plugin. -->","yoast_head_json":{"title":"Cuanto m\u00e1s tiempo te quedas en el tren equivocado, m\u00e1s caro te sale volver a casa - El Cardinal","robots":{"index":"index","follow":"follow","max-snippet":"max-snippet:-1","max-image-preview":"max-image-preview:large","max-video-preview":"max-video-preview:-1"},"canonical":"https:\/\/elcardinal.com\/?p=4965","og_locale":"es_MX","og_type":"article","og_title":"Cuanto m\u00e1s tiempo te quedas en el tren equivocado, m\u00e1s caro te sale volver a casa - El Cardinal","og_description":"Por: Jos\u00e9 Antonio Alcaraz Su\u00e1rez Esta frase me atraves\u00f3 el alma. La encontr\u00e9 hace unos d\u00edas en un video y, aunque desconozco a su autor original, no ha dejado de resonar en mi mente desde entonces. Incluso, hizo acordarme de la letra y canci\u00f3n melanc\u00f3lica \u201cViajar contigo\u201d de Alex Ubago que en muchas ocasiones me","og_url":"https:\/\/elcardinal.com\/?p=4965","og_site_name":"El Cardinal","article_publisher":"https:\/\/www.facebook.com\/profile.php?id=100063093107011","article_published_time":"2025-08-12T05:50:43+00:00","og_image":[{"width":940,"height":788,"url":"https:\/\/elcardinal.com\/wp-content\/uploads\/2025\/07\/490660254_996134765832951_4491792580100797416_n.jpg","type":"image\/jpeg"}],"author":"Antonio Alcaraz","twitter_card":"summary_large_image","twitter_creator":"@ElCardinal_Mx","twitter_site":"@ElCardinal_Mx","twitter_misc":{"Escrito por":"Antonio Alcaraz","Tiempo de lectura":"2 minutos"},"schema":{"@context":"https:\/\/schema.org","@graph":[{"@type":"Article","@id":"https:\/\/elcardinal.com\/?p=4965#article","isPartOf":{"@id":"https:\/\/elcardinal.com\/?p=4965"},"author":{"name":"Antonio Alcaraz","@id":"https:\/\/elcardinal.com\/#\/schema\/person\/3c352ec0a33987fe275c0e8a2ea69f8b"},"headline":"Cuanto m\u00e1s tiempo te quedas en el tren equivocado, m\u00e1s caro te sale volver a casa","datePublished":"2025-08-12T05:50:43+00:00","mainEntityOfPage":{"@id":"https:\/\/elcardinal.com\/?p=4965"},"wordCount":642,"commentCount":0,"publisher":{"@id":"https:\/\/elcardinal.com\/#organization"},"image":{"@id":"https:\/\/elcardinal.com\/?p=4965#primaryimage"},"thumbnailUrl":"https:\/\/elcardinal.com\/wp-content\/uploads\/2025\/07\/490660254_996134765832951_4491792580100797416_n.jpg","keywords":["Jos\u00e9 Antonio Alcaraz Su\u00e1rez","Semillas Estelares"],"articleSection":["Minuto a Minuto","Opini\u00f3n"],"inLanguage":"es","potentialAction":[{"@type":"CommentAction","name":"Comment","target":["https:\/\/elcardinal.com\/?p=4965#respond"]}]},{"@type":"WebPage","@id":"https:\/\/elcardinal.com\/?p=4965","url":"https:\/\/elcardinal.com\/?p=4965","name":"Cuanto m\u00e1s tiempo te quedas en el tren equivocado, m\u00e1s caro te sale volver a casa - El Cardinal","isPartOf":{"@id":"https:\/\/elcardinal.com\/#website"},"primaryImageOfPage":{"@id":"https:\/\/elcardinal.com\/?p=4965#primaryimage"},"image":{"@id":"https:\/\/elcardinal.com\/?p=4965#primaryimage"},"thumbnailUrl":"https:\/\/elcardinal.com\/wp-content\/uploads\/2025\/07\/490660254_996134765832951_4491792580100797416_n.jpg","datePublished":"2025-08-12T05:50:43+00:00","breadcrumb":{"@id":"https:\/\/elcardinal.com\/?p=4965#breadcrumb"},"inLanguage":"es","potentialAction":[{"@type":"ReadAction","target":["https:\/\/elcardinal.com\/?p=4965"]}]},{"@type":"ImageObject","inLanguage":"es","@id":"https:\/\/elcardinal.com\/?p=4965#primaryimage","url":"https:\/\/elcardinal.com\/wp-content\/uploads\/2025\/07\/490660254_996134765832951_4491792580100797416_n.jpg","contentUrl":"https:\/\/elcardinal.com\/wp-content\/uploads\/2025\/07\/490660254_996134765832951_4491792580100797416_n.jpg","width":940,"height":788},{"@type":"BreadcrumbList","@id":"https:\/\/elcardinal.com\/?p=4965#breadcrumb","itemListElement":[{"@type":"ListItem","position":1,"name":"Inicio","item":"https:\/\/elcardinal.com\/"},{"@type":"ListItem","position":2,"name":"Cuanto m\u00e1s tiempo te quedas en el tren equivocado, m\u00e1s caro te sale volver a casa"}]},{"@type":"WebSite","@id":"https:\/\/elcardinal.com\/#website","url":"https:\/\/elcardinal.com\/","name":"El Cardinal","description":"Periodismo honesto, con valor, sentido humano, a veces sarc\u00e1stico y divertido.","publisher":{"@id":"https:\/\/elcardinal.com\/#organization"},"alternateName":"El Cardinal Noticias","potentialAction":[{"@type":"SearchAction","target":{"@type":"EntryPoint","urlTemplate":"https:\/\/elcardinal.com\/?s={search_term_string}"},"query-input":{"@type":"PropertyValueSpecification","valueRequired":true,"valueName":"search_term_string"}}],"inLanguage":"es"},{"@type":"Organization","@id":"https:\/\/elcardinal.com\/#organization","name":"El Cardinal","url":"https:\/\/elcardinal.com\/","logo":{"@type":"ImageObject","inLanguage":"es","@id":"https:\/\/elcardinal.com\/#\/schema\/logo\/image\/","url":"https:\/\/elcardinal.com\/wp-content\/uploads\/2025\/04\/LOGO-EL-CARDINAL-Periodismo-con-valor.png","contentUrl":"https:\/\/elcardinal.com\/wp-content\/uploads\/2025\/04\/LOGO-EL-CARDINAL-Periodismo-con-valor.png","width":755,"height":636,"caption":"El Cardinal"},"image":{"@id":"https:\/\/elcardinal.com\/#\/schema\/logo\/image\/"},"sameAs":["https:\/\/www.facebook.com\/profile.php?id=100063093107011","https:\/\/x.com\/ElCardinal_Mx"]},{"@type":"Person","@id":"https:\/\/elcardinal.com\/#\/schema\/person\/3c352ec0a33987fe275c0e8a2ea69f8b","name":"Antonio Alcaraz","image":{"@type":"ImageObject","inLanguage":"es","@id":"https:\/\/elcardinal.com\/#\/schema\/person\/image\/","url":"https:\/\/elcardinal.com\/wp-content\/uploads\/2025\/05\/cropped-TONO-96x96.jpg","contentUrl":"https:\/\/elcardinal.com\/wp-content\/uploads\/2025\/05\/cropped-TONO-96x96.jpg","caption":"Antonio Alcaraz"},"url":"https:\/\/elcardinal.com\/?author=2"}]}},"_links":{"self":[{"href":"https:\/\/elcardinal.com\/index.php?rest_route=\/wp\/v2\/posts\/4965","targetHints":{"allow":["GET"]}}],"collection":[{"href":"https:\/\/elcardinal.com\/index.php?rest_route=\/wp\/v2\/posts"}],"about":[{"href":"https:\/\/elcardinal.com\/index.php?rest_route=\/wp\/v2\/types\/post"}],"author":[{"embeddable":true,"href":"https:\/\/elcardinal.com\/index.php?rest_route=\/wp\/v2\/users\/2"}],"replies":[{"embeddable":true,"href":"https:\/\/elcardinal.com\/index.php?rest_route=%2Fwp%2Fv2%2Fcomments&post=4965"}],"version-history":[{"count":1,"href":"https:\/\/elcardinal.com\/index.php?rest_route=\/wp\/v2\/posts\/4965\/revisions"}],"predecessor-version":[{"id":4966,"href":"https:\/\/elcardinal.com\/index.php?rest_route=\/wp\/v2\/posts\/4965\/revisions\/4966"}],"wp:featuredmedia":[{"embeddable":true,"href":"https:\/\/elcardinal.com\/index.php?rest_route=\/wp\/v2\/media\/4879"}],"wp:attachment":[{"href":"https:\/\/elcardinal.com\/index.php?rest_route=%2Fwp%2Fv2%2Fmedia&parent=4965"}],"wp:term":[{"taxonomy":"category","embeddable":true,"href":"https:\/\/elcardinal.com\/index.php?rest_route=%2Fwp%2Fv2%2Fcategories&post=4965"},{"taxonomy":"post_tag","embeddable":true,"href":"https:\/\/elcardinal.com\/index.php?rest_route=%2Fwp%2Fv2%2Ftags&post=4965"}],"curies":[{"name":"wp","href":"https:\/\/api.w.org\/{rel}","templated":true}]}}