{"id":4968,"date":"2025-08-13T15:46:43","date_gmt":"2025-08-13T21:46:43","guid":{"rendered":"https:\/\/elcardinal.com\/?p=4968"},"modified":"2025-08-13T15:46:43","modified_gmt":"2025-08-13T21:46:43","slug":"hidalgo-estrena-planta-de-tratamiento-unica-en-latinoamerica-y-avanza-en-obras-hidricas-historicas","status":"publish","type":"post","link":"https:\/\/elcardinal.com\/?p=4968","title":{"rendered":"Hidalgo estrena planta de tratamiento \u00fanica en Latinoam\u00e9rica y avanza en obras h\u00eddricas hist\u00f3ricas"},"content":{"rendered":"<p>Por: <strong>Jos\u00e9 Antonio Alcaraz Su\u00e1rez<\/strong><\/p>\n<p>El director general de la Comisi\u00f3n de Agua y Alcantarillado de Sistemas Intermunicipales (Caasim), <strong data-start=\"219\" data-end=\"249\">Juan Evel Ch\u00e1vez Trovamala<\/strong>, destac\u00f3 junto al gobernador<strong> Julio Menchaca Salazar<\/strong> tres acciones clave de las 58 realizadas en 2024, con una inversi\u00f3n conjunta de 770 millones de pesos \ud83d\udcb5\ud83c\udfd7\ufe0f que transforman el suministro y tratamiento de agua en la zona metropolitana de Pachuca.<\/p>\n<p><img fetchpriority=\"high\" decoding=\"async\" class=\" wp-image-4970 alignleft\" src=\"https:\/\/elcardinal.com\/wp-content\/uploads\/2025\/08\/Imagen-de-WhatsApp-2025-08-13-a-las-15.46.10_d145f28b-170x300.jpg\" alt=\"\" width=\"187\" height=\"330\" srcset=\"https:\/\/elcardinal.com\/wp-content\/uploads\/2025\/08\/Imagen-de-WhatsApp-2025-08-13-a-las-15.46.10_d145f28b-170x300.jpg 170w, https:\/\/elcardinal.com\/wp-content\/uploads\/2025\/08\/Imagen-de-WhatsApp-2025-08-13-a-las-15.46.10_d145f28b-580x1024.jpg 580w, https:\/\/elcardinal.com\/wp-content\/uploads\/2025\/08\/Imagen-de-WhatsApp-2025-08-13-a-las-15.46.10_d145f28b-768x1357.jpg 768w, https:\/\/elcardinal.com\/wp-content\/uploads\/2025\/08\/Imagen-de-WhatsApp-2025-08-13-a-las-15.46.10_d145f28b-150x265.jpg 150w, https:\/\/elcardinal.com\/wp-content\/uploads\/2025\/08\/Imagen-de-WhatsApp-2025-08-13-a-las-15.46.10_d145f28b-450x795.jpg 450w, https:\/\/elcardinal.com\/wp-content\/uploads\/2025\/08\/Imagen-de-WhatsApp-2025-08-13-a-las-15.46.10_d145f28b.jpg 849w\" sizes=\"(max-width: 187px) 100vw, 187px\" \/><\/p>\n<p>\ud83c\udfed <strong>Primera acci\u00f3n:<\/strong> Inauguraci\u00f3n de la planta de tratamiento Matilde en Jag\u00fcey de T\u00e9llez, Zempoala, con capacidad de filtraci\u00f3n de 60 litros por segundo y tecnolog\u00eda de vanguardia, \u00fanica en Latinoam\u00e9rica \ud83c\udf1f\ud83d\udd2c.<\/p>\n<p>Esta nueva planta, dijo Juan Evel, permitir\u00e1 cumplir con la norma 003 de Comisi\u00f3n Nacional del Agua (Conagua), de abastecer a desarrollos habitacionales, parques, jardines y la industria del Parque Industrial La Plata con agua tratada \u267b\ufe0f\ud83c\udfed.<\/p>\n<p>\u2699\ufe0f <strong>Segunda acci\u00f3n:<\/strong> Entrega de 334 piezas de maquinaria y herramientas nuevas para el personal, incluyendo bombas para inundaciones, montacargas, barredoras y equipo especializado \ud83d\ude9c\ud83d\udee0\ufe0f, reemplazando herramientas con hasta 15 a\u00f1os de antig\u00fcedad.<\/p>\n<p>\ud83d\udeb0 <strong>Tercera acci\u00f3n:<\/strong> Rehabilitaci\u00f3n del acueducto T\u00e9llez (11 km), eliminando fugas equivalentes a 380 pipas diarias \ud83d\ude9a\ud83d\udca6 y reemplazando tuber\u00eda de asbesto-cemento por material seguro tipo Keppler, mejorando la salud y calidad del agua de 260 mil habitantes.<\/p>\n<p>\ud83d\udcca Durante la administraci\u00f3n de Julio Menchaca, la Caasim ha logrado:<\/p>\n<ul>\n<li>Sustituir 78.7 km de tuber\u00edas de agua potable y 28.4 km de alcantarillado \ud83d\udea7<\/li>\n<li>Clausurar 9,953 tomas clandestinas \ud83d\udeab\ud83d\udca7<\/li>\n<li>Incrementar el caudal de 1,662 a 2,654 litros por segundo \ud83d\ude80\ud83d\udca6<\/li>\n<li>Recaudar 200 millones de pesos adicionales reinvertidos en el organismo \ud83d\udcb0\ud83d\udd04<\/li>\n<\/ul>\n<blockquote><p>Ch\u00e1vez Trovamala agradeci\u00f3 al gobernador por su visi\u00f3n y apoyo, asegurando que para el cierre de la administraci\u00f3n Hidalgo tendr\u00e1 el mejor organismo operador de agua del pa\u00eds \ud83c\udfc5\ud83c\uddf2\ud83c\uddfd.<\/p><\/blockquote>\n<p>Durante el evento estuvieron presentes Alejandro S\u00e1nchez Garc\u00eda, secretario de Infraestructura; el diputado Andr\u00e9s Vel\u00e1zquez V\u00e1zquez, presidente de la Junta de Gobierno del Congreso del Estado; Francisco Sinhu\u00e9 Ram\u00edrez Oviedo, presidente municipal de Zempoala; Jorge Alberto Reyes Hern\u00e1ndez, alcalde de Pachuca, Eduardo Med\u00e9cigo Rubio, presidente municipal de Mineral de la Reforma, entre otros.<\/p>\n","protected":false},"excerpt":{"rendered":"<p>Por: Jos\u00e9 Antonio Alcaraz Su\u00e1rez El director general de la Comisi\u00f3n de Agua y Alcantarillado de Sistemas Intermunicipales (Caasim), Juan Evel Ch\u00e1vez Trovamala, destac\u00f3 junto al gobernador Julio Menchaca Salazar tres acciones clave de las 58 realizadas en 2024, con una inversi\u00f3n conjunta de 770 millones de pesos \ud83d\udcb5\ud83c\udfd7\ufe0f que transforman el suministro y tratamiento<\/p>\n","protected":false},"author":2,"featured_media":4969,"comment_status":"open","ping_status":"open","sticky":false,"template":"","format":"standard","meta":{"footnotes":""},"categories":[31,32,44],"tags":[268,267,85],"class_list":{"0":"post-4968","1":"post","2":"type-post","3":"status-publish","4":"format-standard","5":"has-post-thumbnail","7":"category-hidalgo","8":"category-metropoli","9":"category-minuto-a-minuto","10":"tag-caasim","11":"tag-juan-evel-chavez-trovamala","12":"tag-julio-menchaca"},"yoast_head":"<!-- This site is optimized with the Yoast SEO plugin v26.1.1 - https:\/\/yoast.com\/wordpress\/plugins\/seo\/ -->\n<title>Hidalgo estrena planta de tratamiento \u00fanica en Latinoam\u00e9rica y avanza en obras h\u00eddricas hist\u00f3ricas - El Cardinal<\/title>\n<meta name=\"robots\" content=\"index, follow, max-snippet:-1, max-image-preview:large, max-video-preview:-1\" \/>\n<link rel=\"canonical\" href=\"https:\/\/elcardinal.com\/?p=4968\" \/>\n<meta property=\"og:locale\" content=\"es_MX\" \/>\n<meta property=\"og:type\" content=\"article\" \/>\n<meta property=\"og:title\" content=\"Hidalgo estrena planta de tratamiento \u00fanica en Latinoam\u00e9rica y avanza en obras h\u00eddricas hist\u00f3ricas - El Cardinal\" \/>\n<meta property=\"og:description\" content=\"Por: Jos\u00e9 Antonio Alcaraz Su\u00e1rez El director general de la Comisi\u00f3n de Agua y Alcantarillado de Sistemas Intermunicipales (Caasim), Juan Evel Ch\u00e1vez Trovamala, destac\u00f3 junto al gobernador Julio Menchaca Salazar tres acciones clave de las 58 realizadas en 2024, con una inversi\u00f3n conjunta de 770 millones de pesos \ud83d\udcb5\ud83c\udfd7\ufe0f que transforman el suministro y tratamiento\" \/>\n<meta property=\"og:url\" content=\"https:\/\/elcardinal.com\/?p=4968\" \/>\n<meta property=\"og:site_name\" content=\"El Cardinal\" \/>\n<meta property=\"article:publisher\" content=\"https:\/\/www.facebook.com\/profile.php?id=100063093107011\" \/>\n<meta property=\"article:published_time\" content=\"2025-08-13T21:46:43+00:00\" \/>\n<meta property=\"og:image\" content=\"https:\/\/elcardinal.com\/wp-content\/uploads\/2025\/08\/Imagen-de-WhatsApp-2025-08-13-a-las-15.45.36_be78544b.jpg\" \/>\n\t<meta property=\"og:image:width\" content=\"1600\" \/>\n\t<meta property=\"og:image:height\" content=\"1066\" \/>\n\t<meta property=\"og:image:type\" content=\"image\/jpeg\" \/>\n<meta name=\"author\" content=\"Antonio Alcaraz\" \/>\n<meta name=\"twitter:card\" content=\"summary_large_image\" \/>\n<meta name=\"twitter:creator\" content=\"@ElCardinal_Mx\" \/>\n<meta name=\"twitter:site\" content=\"@ElCardinal_Mx\" \/>\n<meta name=\"twitter:label1\" content=\"Escrito por\" \/>\n\t<meta name=\"twitter:data1\" content=\"Antonio Alcaraz\" \/>\n\t<meta name=\"twitter:label2\" content=\"Tiempo de lectura\" \/>\n\t<meta name=\"twitter:data2\" content=\"2 minutos\" \/>\n<script type=\"application\/ld+json\" class=\"yoast-schema-graph\">{\"@context\":\"https:\/\/schema.org\",\"@graph\":[{\"@type\":\"Article\",\"@id\":\"https:\/\/elcardinal.com\/?p=4968#article\",\"isPartOf\":{\"@id\":\"https:\/\/elcardinal.com\/?p=4968\"},\"author\":{\"name\":\"Antonio Alcaraz\",\"@id\":\"https:\/\/elcardinal.com\/#\/schema\/person\/3c352ec0a33987fe275c0e8a2ea69f8b\"},\"headline\":\"Hidalgo estrena planta de tratamiento \u00fanica en Latinoam\u00e9rica y avanza en obras h\u00eddricas hist\u00f3ricas\",\"datePublished\":\"2025-08-13T21:46:43+00:00\",\"mainEntityOfPage\":{\"@id\":\"https:\/\/elcardinal.com\/?p=4968\"},\"wordCount\":357,\"commentCount\":0,\"publisher\":{\"@id\":\"https:\/\/elcardinal.com\/#organization\"},\"image\":{\"@id\":\"https:\/\/elcardinal.com\/?p=4968#primaryimage\"},\"thumbnailUrl\":\"https:\/\/elcardinal.com\/wp-content\/uploads\/2025\/08\/Imagen-de-WhatsApp-2025-08-13-a-las-15.45.36_be78544b.jpg\",\"keywords\":[\"Caasim\",\"Juan Evel Ch\u00e1vez Trovamala\",\"Julio Menchaca\"],\"articleSection\":[\"Hidalgo\",\"Metr\u00f3poli\",\"Minuto a Minuto\"],\"inLanguage\":\"es\",\"potentialAction\":[{\"@type\":\"CommentAction\",\"name\":\"Comment\",\"target\":[\"https:\/\/elcardinal.com\/?p=4968#respond\"]}]},{\"@type\":\"WebPage\",\"@id\":\"https:\/\/elcardinal.com\/?p=4968\",\"url\":\"https:\/\/elcardinal.com\/?p=4968\",\"name\":\"Hidalgo estrena planta de tratamiento \u00fanica en Latinoam\u00e9rica y avanza en obras h\u00eddricas hist\u00f3ricas - El Cardinal\",\"isPartOf\":{\"@id\":\"https:\/\/elcardinal.com\/#website\"},\"primaryImageOfPage\":{\"@id\":\"https:\/\/elcardinal.com\/?p=4968#primaryimage\"},\"image\":{\"@id\":\"https:\/\/elcardinal.com\/?p=4968#primaryimage\"},\"thumbnailUrl\":\"https:\/\/elcardinal.com\/wp-content\/uploads\/2025\/08\/Imagen-de-WhatsApp-2025-08-13-a-las-15.45.36_be78544b.jpg\",\"datePublished\":\"2025-08-13T21:46:43+00:00\",\"breadcrumb\":{\"@id\":\"https:\/\/elcardinal.com\/?p=4968#breadcrumb\"},\"inLanguage\":\"es\",\"potentialAction\":[{\"@type\":\"ReadAction\",\"target\":[\"https:\/\/elcardinal.com\/?p=4968\"]}]},{\"@type\":\"ImageObject\",\"inLanguage\":\"es\",\"@id\":\"https:\/\/elcardinal.com\/?p=4968#primaryimage\",\"url\":\"https:\/\/elcardinal.com\/wp-content\/uploads\/2025\/08\/Imagen-de-WhatsApp-2025-08-13-a-las-15.45.36_be78544b.jpg\",\"contentUrl\":\"https:\/\/elcardinal.com\/wp-content\/uploads\/2025\/08\/Imagen-de-WhatsApp-2025-08-13-a-las-15.45.36_be78544b.jpg\",\"width\":1600,\"height\":1066},{\"@type\":\"BreadcrumbList\",\"@id\":\"https:\/\/elcardinal.com\/?p=4968#breadcrumb\",\"itemListElement\":[{\"@type\":\"ListItem\",\"position\":1,\"name\":\"Inicio\",\"item\":\"https:\/\/elcardinal.com\/\"},{\"@type\":\"ListItem\",\"position\":2,\"name\":\"Hidalgo estrena planta de tratamiento \u00fanica en Latinoam\u00e9rica y avanza en obras h\u00eddricas hist\u00f3ricas\"}]},{\"@type\":\"WebSite\",\"@id\":\"https:\/\/elcardinal.com\/#website\",\"url\":\"https:\/\/elcardinal.com\/\",\"name\":\"El Cardinal\",\"description\":\"Periodismo honesto, con valor, sentido humano, a veces sarc\u00e1stico y divertido.\",\"publisher\":{\"@id\":\"https:\/\/elcardinal.com\/#organization\"},\"alternateName\":\"El Cardinal Noticias\",\"potentialAction\":[{\"@type\":\"SearchAction\",\"target\":{\"@type\":\"EntryPoint\",\"urlTemplate\":\"https:\/\/elcardinal.com\/?s={search_term_string}\"},\"query-input\":{\"@type\":\"PropertyValueSpecification\",\"valueRequired\":true,\"valueName\":\"search_term_string\"}}],\"inLanguage\":\"es\"},{\"@type\":\"Organization\",\"@id\":\"https:\/\/elcardinal.com\/#organization\",\"name\":\"El Cardinal\",\"url\":\"https:\/\/elcardinal.com\/\",\"logo\":{\"@type\":\"ImageObject\",\"inLanguage\":\"es\",\"@id\":\"https:\/\/elcardinal.com\/#\/schema\/logo\/image\/\",\"url\":\"https:\/\/elcardinal.com\/wp-content\/uploads\/2025\/04\/LOGO-EL-CARDINAL-Periodismo-con-valor.png\",\"contentUrl\":\"https:\/\/elcardinal.com\/wp-content\/uploads\/2025\/04\/LOGO-EL-CARDINAL-Periodismo-con-valor.png\",\"width\":755,\"height\":636,\"caption\":\"El Cardinal\"},\"image\":{\"@id\":\"https:\/\/elcardinal.com\/#\/schema\/logo\/image\/\"},\"sameAs\":[\"https:\/\/www.facebook.com\/profile.php?id=100063093107011\",\"https:\/\/x.com\/ElCardinal_Mx\"]},{\"@type\":\"Person\",\"@id\":\"https:\/\/elcardinal.com\/#\/schema\/person\/3c352ec0a33987fe275c0e8a2ea69f8b\",\"name\":\"Antonio Alcaraz\",\"image\":{\"@type\":\"ImageObject\",\"inLanguage\":\"es\",\"@id\":\"https:\/\/elcardinal.com\/#\/schema\/person\/image\/\",\"url\":\"https:\/\/elcardinal.com\/wp-content\/uploads\/2025\/05\/cropped-TONO-96x96.jpg\",\"contentUrl\":\"https:\/\/elcardinal.com\/wp-content\/uploads\/2025\/05\/cropped-TONO-96x96.jpg\",\"caption\":\"Antonio Alcaraz\"},\"url\":\"https:\/\/elcardinal.com\/?author=2\"}]}<\/script>\n<!-- \/ Yoast SEO plugin. -->","yoast_head_json":{"title":"Hidalgo estrena planta de tratamiento \u00fanica en Latinoam\u00e9rica y avanza en obras h\u00eddricas hist\u00f3ricas - El Cardinal","robots":{"index":"index","follow":"follow","max-snippet":"max-snippet:-1","max-image-preview":"max-image-preview:large","max-video-preview":"max-video-preview:-1"},"canonical":"https:\/\/elcardinal.com\/?p=4968","og_locale":"es_MX","og_type":"article","og_title":"Hidalgo estrena planta de tratamiento \u00fanica en Latinoam\u00e9rica y avanza en obras h\u00eddricas hist\u00f3ricas - El Cardinal","og_description":"Por: Jos\u00e9 Antonio Alcaraz Su\u00e1rez El director general de la Comisi\u00f3n de Agua y Alcantarillado de Sistemas Intermunicipales (Caasim), Juan Evel Ch\u00e1vez Trovamala, destac\u00f3 junto al gobernador Julio Menchaca Salazar tres acciones clave de las 58 realizadas en 2024, con una inversi\u00f3n conjunta de 770 millones de pesos \ud83d\udcb5\ud83c\udfd7\ufe0f que transforman el suministro y tratamiento","og_url":"https:\/\/elcardinal.com\/?p=4968","og_site_name":"El Cardinal","article_publisher":"https:\/\/www.facebook.com\/profile.php?id=100063093107011","article_published_time":"2025-08-13T21:46:43+00:00","og_image":[{"width":1600,"height":1066,"url":"https:\/\/elcardinal.com\/wp-content\/uploads\/2025\/08\/Imagen-de-WhatsApp-2025-08-13-a-las-15.45.36_be78544b.jpg","type":"image\/jpeg"}],"author":"Antonio Alcaraz","twitter_card":"summary_large_image","twitter_creator":"@ElCardinal_Mx","twitter_site":"@ElCardinal_Mx","twitter_misc":{"Escrito por":"Antonio Alcaraz","Tiempo de lectura":"2 minutos"},"schema":{"@context":"https:\/\/schema.org","@graph":[{"@type":"Article","@id":"https:\/\/elcardinal.com\/?p=4968#article","isPartOf":{"@id":"https:\/\/elcardinal.com\/?p=4968"},"author":{"name":"Antonio Alcaraz","@id":"https:\/\/elcardinal.com\/#\/schema\/person\/3c352ec0a33987fe275c0e8a2ea69f8b"},"headline":"Hidalgo estrena planta de tratamiento \u00fanica en Latinoam\u00e9rica y avanza en obras h\u00eddricas hist\u00f3ricas","datePublished":"2025-08-13T21:46:43+00:00","mainEntityOfPage":{"@id":"https:\/\/elcardinal.com\/?p=4968"},"wordCount":357,"commentCount":0,"publisher":{"@id":"https:\/\/elcardinal.com\/#organization"},"image":{"@id":"https:\/\/elcardinal.com\/?p=4968#primaryimage"},"thumbnailUrl":"https:\/\/elcardinal.com\/wp-content\/uploads\/2025\/08\/Imagen-de-WhatsApp-2025-08-13-a-las-15.45.36_be78544b.jpg","keywords":["Caasim","Juan Evel Ch\u00e1vez Trovamala","Julio Menchaca"],"articleSection":["Hidalgo","Metr\u00f3poli","Minuto a Minuto"],"inLanguage":"es","potentialAction":[{"@type":"CommentAction","name":"Comment","target":["https:\/\/elcardinal.com\/?p=4968#respond"]}]},{"@type":"WebPage","@id":"https:\/\/elcardinal.com\/?p=4968","url":"https:\/\/elcardinal.com\/?p=4968","name":"Hidalgo estrena planta de tratamiento \u00fanica en Latinoam\u00e9rica y avanza en obras h\u00eddricas hist\u00f3ricas - El Cardinal","isPartOf":{"@id":"https:\/\/elcardinal.com\/#website"},"primaryImageOfPage":{"@id":"https:\/\/elcardinal.com\/?p=4968#primaryimage"},"image":{"@id":"https:\/\/elcardinal.com\/?p=4968#primaryimage"},"thumbnailUrl":"https:\/\/elcardinal.com\/wp-content\/uploads\/2025\/08\/Imagen-de-WhatsApp-2025-08-13-a-las-15.45.36_be78544b.jpg","datePublished":"2025-08-13T21:46:43+00:00","breadcrumb":{"@id":"https:\/\/elcardinal.com\/?p=4968#breadcrumb"},"inLanguage":"es","potentialAction":[{"@type":"ReadAction","target":["https:\/\/elcardinal.com\/?p=4968"]}]},{"@type":"ImageObject","inLanguage":"es","@id":"https:\/\/elcardinal.com\/?p=4968#primaryimage","url":"https:\/\/elcardinal.com\/wp-content\/uploads\/2025\/08\/Imagen-de-WhatsApp-2025-08-13-a-las-15.45.36_be78544b.jpg","contentUrl":"https:\/\/elcardinal.com\/wp-content\/uploads\/2025\/08\/Imagen-de-WhatsApp-2025-08-13-a-las-15.45.36_be78544b.jpg","width":1600,"height":1066},{"@type":"BreadcrumbList","@id":"https:\/\/elcardinal.com\/?p=4968#breadcrumb","itemListElement":[{"@type":"ListItem","position":1,"name":"Inicio","item":"https:\/\/elcardinal.com\/"},{"@type":"ListItem","position":2,"name":"Hidalgo estrena planta de tratamiento \u00fanica en Latinoam\u00e9rica y avanza en obras h\u00eddricas hist\u00f3ricas"}]},{"@type":"WebSite","@id":"https:\/\/elcardinal.com\/#website","url":"https:\/\/elcardinal.com\/","name":"El Cardinal","description":"Periodismo honesto, con valor, sentido humano, a veces sarc\u00e1stico y divertido.","publisher":{"@id":"https:\/\/elcardinal.com\/#organization"},"alternateName":"El Cardinal Noticias","potentialAction":[{"@type":"SearchAction","target":{"@type":"EntryPoint","urlTemplate":"https:\/\/elcardinal.com\/?s={search_term_string}"},"query-input":{"@type":"PropertyValueSpecification","valueRequired":true,"valueName":"search_term_string"}}],"inLanguage":"es"},{"@type":"Organization","@id":"https:\/\/elcardinal.com\/#organization","name":"El Cardinal","url":"https:\/\/elcardinal.com\/","logo":{"@type":"ImageObject","inLanguage":"es","@id":"https:\/\/elcardinal.com\/#\/schema\/logo\/image\/","url":"https:\/\/elcardinal.com\/wp-content\/uploads\/2025\/04\/LOGO-EL-CARDINAL-Periodismo-con-valor.png","contentUrl":"https:\/\/elcardinal.com\/wp-content\/uploads\/2025\/04\/LOGO-EL-CARDINAL-Periodismo-con-valor.png","width":755,"height":636,"caption":"El Cardinal"},"image":{"@id":"https:\/\/elcardinal.com\/#\/schema\/logo\/image\/"},"sameAs":["https:\/\/www.facebook.com\/profile.php?id=100063093107011","https:\/\/x.com\/ElCardinal_Mx"]},{"@type":"Person","@id":"https:\/\/elcardinal.com\/#\/schema\/person\/3c352ec0a33987fe275c0e8a2ea69f8b","name":"Antonio Alcaraz","image":{"@type":"ImageObject","inLanguage":"es","@id":"https:\/\/elcardinal.com\/#\/schema\/person\/image\/","url":"https:\/\/elcardinal.com\/wp-content\/uploads\/2025\/05\/cropped-TONO-96x96.jpg","contentUrl":"https:\/\/elcardinal.com\/wp-content\/uploads\/2025\/05\/cropped-TONO-96x96.jpg","caption":"Antonio Alcaraz"},"url":"https:\/\/elcardinal.com\/?author=2"}]}},"_links":{"self":[{"href":"https:\/\/elcardinal.com\/index.php?rest_route=\/wp\/v2\/posts\/4968","targetHints":{"allow":["GET"]}}],"collection":[{"href":"https:\/\/elcardinal.com\/index.php?rest_route=\/wp\/v2\/posts"}],"about":[{"href":"https:\/\/elcardinal.com\/index.php?rest_route=\/wp\/v2\/types\/post"}],"author":[{"embeddable":true,"href":"https:\/\/elcardinal.com\/index.php?rest_route=\/wp\/v2\/users\/2"}],"replies":[{"embeddable":true,"href":"https:\/\/elcardinal.com\/index.php?rest_route=%2Fwp%2Fv2%2Fcomments&post=4968"}],"version-history":[{"count":1,"href":"https:\/\/elcardinal.com\/index.php?rest_route=\/wp\/v2\/posts\/4968\/revisions"}],"predecessor-version":[{"id":4971,"href":"https:\/\/elcardinal.com\/index.php?rest_route=\/wp\/v2\/posts\/4968\/revisions\/4971"}],"wp:featuredmedia":[{"embeddable":true,"href":"https:\/\/elcardinal.com\/index.php?rest_route=\/wp\/v2\/media\/4969"}],"wp:attachment":[{"href":"https:\/\/elcardinal.com\/index.php?rest_route=%2Fwp%2Fv2%2Fmedia&parent=4968"}],"wp:term":[{"taxonomy":"category","embeddable":true,"href":"https:\/\/elcardinal.com\/index.php?rest_route=%2Fwp%2Fv2%2Fcategories&post=4968"},{"taxonomy":"post_tag","embeddable":true,"href":"https:\/\/elcardinal.com\/index.php?rest_route=%2Fwp%2Fv2%2Ftags&post=4968"}],"curies":[{"name":"wp","href":"https:\/\/api.w.org\/{rel}","templated":true}]}}