{"id":4973,"date":"2025-08-14T16:21:19","date_gmt":"2025-08-14T22:21:19","guid":{"rendered":"https:\/\/elcardinal.com\/?p=4973"},"modified":"2025-08-14T16:21:19","modified_gmt":"2025-08-14T22:21:19","slug":"tercer-encuentro-de-editoriales-independientes","status":"publish","type":"post","link":"https:\/\/elcardinal.com\/?p=4973","title":{"rendered":"Tercer encuentro de Editoriales Independientes"},"content":{"rendered":"<p>Por: <strong>Tania Mart\u00ednez Su\u00e1rez<\/strong><\/p>\n<p style=\"text-align: right;\">\u201cNo soy un p\u00e1jaro y ninguna red me atrapa. Soy un ser humano libre con una voluntad independiente\u201d.<\/p>\n<p style=\"text-align: right;\"><strong><em>Charlotte Bront\u00eb<\/em><\/strong><\/p>\n<p>Ser independiente en cualquier medio requiere de mucha<strong> fortaleza, organizaci\u00f3n y pensamiento cr\u00edtico<\/strong>, <strong>resiliencia<\/strong> para hacer frente a las dificultades, que nunca faltan, pero sobre todo amar la causa que se enarbola, solo as\u00ed se puede defender la libertad y el futuro.<\/p>\n<p>El <strong>medio editorial<\/strong> es un terreno pantanoso para las iniciativas particulares, ya que los grandes corporativos inundan casi por completo ese mercado, entonces \u00bfPor qu\u00e9 la gente \u201cnecia\u201c quiere hacer libros? \u00bfPor qu\u00e9 quieren hablar de literatura? \u00bfPor qu\u00e9 quieren leer en voz alta para los dem\u00e1s? \u00bfTodo esto tiene sentido? Rotundamente s\u00ed.<\/p>\n<p>La litratura es el v\u00ednculo imperecedero que conecta a la humanidad, el presente con el cual tejemos nuestra historia personal con la de los otros, es necesaria la presencia de la literatura en la vida de las personas para detonar su imaginaci\u00f3n, reconfortarles, contribuir al ejercicio reflexivo y seguir hilvanando de forma infinita las palabras. As\u00ed surge en el a\u00f1o 2022 la idea de crear la Red de Editoriales Independientes del<strong> Estado de Hidalgo ( REDHi)<\/strong> con tres casas editoriales de la ciudad: Pachuk\u00b4 Cartonera, Cipcelas y Casa Futura, posteriormente se integrar\u00edan Ediciones Sediciones y la Librer\u00eda, constantemente otras iniciativas de edici\u00f3n y venta de libros\u00a0 suman a colaborar en dicha red.<\/p>\n<blockquote><p>Con la finalidad de mapear y dar a conocer los diferentes proyectos editoriales, autoras y autores del estado de Hidalgo, en el a\u00f1o 2023 se llev\u00f3 a cabo el <strong>Primer Encuentro<\/strong>, que tuvo lugar en dos sedes entra\u00f1ables para la comunidad art\u00edstica de la ciudad: la Cafebrer\u00eda El And\u00e9n y la Librer\u00eda Lavanda, y fue justo en una conversaci\u00f3n con <strong>Rosalinda Mart\u00ednez<\/strong>, promotora literaria, que se plante\u00f3 la formalizaci\u00f3n de la misma.<\/p><\/blockquote>\n<p>Para el a\u00f1o 2024, con apoyo del<strong> Instituto Municipal para la Cultura de Pachuca<\/strong>, cuando se pod\u00eda trabajar con \u00e9l, se llev\u00f3 a cabo el <strong>Segundo Encuentro<\/strong> en la emblem\u00e1tica Plaza Constituci\u00f3n del centro de Pachuca, se reconoci\u00f3 el trabajo del Mtro. Marcial Guerrero, como editor experimentado en la entidad, adem\u00e1s se cont\u00f3 con una amplia participaci\u00f3n de editoriales y p\u00fablico locales.<\/p>\n<p>&nbsp;<\/p>\n<p><img fetchpriority=\"high\" decoding=\"async\" class=\"size-medium wp-image-4976 alignright\" src=\"https:\/\/elcardinal.com\/wp-content\/uploads\/2025\/08\/WhatsApp-Image-2025-08-14-at-3.13.45-PM-225x300.jpeg\" alt=\"\" width=\"225\" height=\"300\" srcset=\"https:\/\/elcardinal.com\/wp-content\/uploads\/2025\/08\/WhatsApp-Image-2025-08-14-at-3.13.45-PM-225x300.jpeg 225w, https:\/\/elcardinal.com\/wp-content\/uploads\/2025\/08\/WhatsApp-Image-2025-08-14-at-3.13.45-PM-768x1024.jpeg 768w, https:\/\/elcardinal.com\/wp-content\/uploads\/2025\/08\/WhatsApp-Image-2025-08-14-at-3.13.45-PM-1152x1536.jpeg 1152w, https:\/\/elcardinal.com\/wp-content\/uploads\/2025\/08\/WhatsApp-Image-2025-08-14-at-3.13.45-PM-150x200.jpeg 150w, https:\/\/elcardinal.com\/wp-content\/uploads\/2025\/08\/WhatsApp-Image-2025-08-14-at-3.13.45-PM-450x600.jpeg 450w, https:\/\/elcardinal.com\/wp-content\/uploads\/2025\/08\/WhatsApp-Image-2025-08-14-at-3.13.45-PM-1200x1600.jpeg 1200w, https:\/\/elcardinal.com\/wp-content\/uploads\/2025\/08\/WhatsApp-Image-2025-08-14-at-3.13.45-PM.jpeg 1536w\" sizes=\"(max-width: 225px) 100vw, 225px\" \/><\/p>\n<p>No es f\u00e1cil, el camino del arte y la cultura nunca lo es, pero el pr\u00f3ximo <strong>16 de agosto del 2025 tendr\u00e1 lugar el 3er<\/strong>. Encuentro de <strong>Editoriales Independientes en Love&amp;Hate<\/strong>, que es un espacio cultural autogestivo, se llevar\u00e1n a cabo presentaciones editoriales, lecturas en voz alta, habr\u00e1 stands y muestra del trabajo de proyectos editoriales que conforman la red. Este Tercer Encuentro busca fortalecer la comunicaci\u00f3n entre el p\u00fablico, escritoras, escritores y editoriales del estado.<\/p>\n<p>Adem\u00e1s, la REDHi participa de forma permanente en diversos eventos y ferias literarias por medio de stands colectivos y con presentaciones literarias, extienden una invitaci\u00f3n permanente para que diversos proyectos editoriales y autores les contacten por medio de FB\/ Instagram: <strong>Red de Editoriales Independientes del Estado de Hidalgo.\u00a0<\/strong><\/p>\n<blockquote><p><a href=\"https:\/\/www.facebook.com\/redhimx\">https:\/\/www.facebook.com\/redhimx<\/a><\/p>\n<p><a href=\"https:\/\/www.instagram.com\/redhi._\">https:\/\/www.instagram.com\/redhi._<\/a><\/p><\/blockquote>\n<p><img decoding=\"async\" class=\"size-medium wp-image-4975 alignleft\" src=\"https:\/\/elcardinal.com\/wp-content\/uploads\/2025\/08\/WhatsApp-Image-2025-08-14-at-3.13.24-PM-194x300.jpeg\" alt=\"\" width=\"194\" height=\"300\" srcset=\"https:\/\/elcardinal.com\/wp-content\/uploads\/2025\/08\/WhatsApp-Image-2025-08-14-at-3.13.24-PM-194x300.jpeg 194w, https:\/\/elcardinal.com\/wp-content\/uploads\/2025\/08\/WhatsApp-Image-2025-08-14-at-3.13.24-PM-662x1024.jpeg 662w, https:\/\/elcardinal.com\/wp-content\/uploads\/2025\/08\/WhatsApp-Image-2025-08-14-at-3.13.24-PM-768x1187.jpeg 768w, https:\/\/elcardinal.com\/wp-content\/uploads\/2025\/08\/WhatsApp-Image-2025-08-14-at-3.13.24-PM-150x232.jpeg 150w, https:\/\/elcardinal.com\/wp-content\/uploads\/2025\/08\/WhatsApp-Image-2025-08-14-at-3.13.24-PM-450x696.jpeg 450w, https:\/\/elcardinal.com\/wp-content\/uploads\/2025\/08\/WhatsApp-Image-2025-08-14-at-3.13.24-PM.jpeg 828w\" sizes=\"(max-width: 194px) 100vw, 194px\" \/>Agradezco mucho a <strong>Jovany Cruz de Casa Futura Ediciones<\/strong> la informaci\u00f3n proporcionada para realizar esta columna y celebro de coraz\u00f3n la creaci\u00f3n y permanencia de iniciativas como esta, felicito con cari\u00f1o y admiraci\u00f3n a quienes conforman la REDHi, no se rindan, porque nos hacen faltan estos espacios y v\u00ednculos para que el arte y la cultura pervivan.<\/p>\n<p>&nbsp;<\/p>\n<p>&nbsp;<\/p>\n","protected":false},"excerpt":{"rendered":"<p>Por: Tania Mart\u00ednez Su\u00e1rez \u201cNo soy un p\u00e1jaro y ninguna red me atrapa. Soy un ser humano libre con una voluntad independiente\u201d. Charlotte Bront\u00eb Ser independiente en cualquier medio requiere de mucha fortaleza, organizaci\u00f3n y pensamiento cr\u00edtico, resiliencia para hacer frente a las dificultades, que nunca faltan, pero sobre todo amar la causa que se<\/p>\n","protected":false},"author":2,"featured_media":4974,"comment_status":"open","ping_status":"open","sticky":false,"template":"","format":"standard","meta":{"footnotes":""},"categories":[44,35],"tags":[54,55,269],"class_list":{"0":"post-4973","1":"post","2":"type-post","3":"status-publish","4":"format-standard","5":"has-post-thumbnail","7":"category-minuto-a-minuto","8":"category-opinion","9":"tag-proscrita","10":"tag-tania-martinez-suarez","11":"tag-tercer-encuentro-de-editoriales-independientes"},"yoast_head":"<!-- This site is optimized with the Yoast SEO plugin v26.1.1 - https:\/\/yoast.com\/wordpress\/plugins\/seo\/ -->\n<title>Tercer encuentro de Editoriales Independientes - El Cardinal<\/title>\n<meta name=\"robots\" content=\"index, follow, max-snippet:-1, max-image-preview:large, max-video-preview:-1\" \/>\n<link rel=\"canonical\" href=\"https:\/\/elcardinal.com\/?p=4973\" \/>\n<meta property=\"og:locale\" content=\"es_MX\" \/>\n<meta property=\"og:type\" content=\"article\" \/>\n<meta property=\"og:title\" content=\"Tercer encuentro de Editoriales Independientes - El Cardinal\" \/>\n<meta property=\"og:description\" content=\"Por: Tania Mart\u00ednez Su\u00e1rez \u201cNo soy un p\u00e1jaro y ninguna red me atrapa. Soy un ser humano libre con una voluntad independiente\u201d. Charlotte Bront\u00eb Ser independiente en cualquier medio requiere de mucha fortaleza, organizaci\u00f3n y pensamiento cr\u00edtico, resiliencia para hacer frente a las dificultades, que nunca faltan, pero sobre todo amar la causa que se\" \/>\n<meta property=\"og:url\" content=\"https:\/\/elcardinal.com\/?p=4973\" \/>\n<meta property=\"og:site_name\" content=\"El Cardinal\" \/>\n<meta property=\"article:publisher\" content=\"https:\/\/www.facebook.com\/profile.php?id=100063093107011\" \/>\n<meta property=\"article:published_time\" content=\"2025-08-14T22:21:19+00:00\" \/>\n<meta property=\"og:image\" content=\"https:\/\/elcardinal.com\/wp-content\/uploads\/2025\/08\/Semillas-Esterales.png\" \/>\n\t<meta property=\"og:image:width\" content=\"940\" \/>\n\t<meta property=\"og:image:height\" content=\"788\" \/>\n\t<meta property=\"og:image:type\" content=\"image\/png\" \/>\n<meta name=\"author\" content=\"Antonio Alcaraz\" \/>\n<meta name=\"twitter:card\" content=\"summary_large_image\" \/>\n<meta name=\"twitter:creator\" content=\"@ElCardinal_Mx\" \/>\n<meta name=\"twitter:site\" content=\"@ElCardinal_Mx\" \/>\n<meta name=\"twitter:label1\" content=\"Escrito por\" \/>\n\t<meta name=\"twitter:data1\" content=\"Antonio Alcaraz\" \/>\n\t<meta name=\"twitter:label2\" content=\"Tiempo de lectura\" \/>\n\t<meta name=\"twitter:data2\" content=\"3 minutos\" \/>\n<script type=\"application\/ld+json\" class=\"yoast-schema-graph\">{\"@context\":\"https:\/\/schema.org\",\"@graph\":[{\"@type\":\"Article\",\"@id\":\"https:\/\/elcardinal.com\/?p=4973#article\",\"isPartOf\":{\"@id\":\"https:\/\/elcardinal.com\/?p=4973\"},\"author\":{\"name\":\"Antonio Alcaraz\",\"@id\":\"https:\/\/elcardinal.com\/#\/schema\/person\/3c352ec0a33987fe275c0e8a2ea69f8b\"},\"headline\":\"Tercer encuentro de Editoriales Independientes\",\"datePublished\":\"2025-08-14T22:21:19+00:00\",\"mainEntityOfPage\":{\"@id\":\"https:\/\/elcardinal.com\/?p=4973\"},\"wordCount\":601,\"commentCount\":0,\"publisher\":{\"@id\":\"https:\/\/elcardinal.com\/#organization\"},\"image\":{\"@id\":\"https:\/\/elcardinal.com\/?p=4973#primaryimage\"},\"thumbnailUrl\":\"https:\/\/elcardinal.com\/wp-content\/uploads\/2025\/08\/Semillas-Esterales.png\",\"keywords\":[\"Proscrita\",\"Tania Mart\u00ednez Su\u00e1rez\",\"Tercer encuentro de Editoriales Independientes\"],\"articleSection\":[\"Minuto a Minuto\",\"Opini\u00f3n\"],\"inLanguage\":\"es\",\"potentialAction\":[{\"@type\":\"CommentAction\",\"name\":\"Comment\",\"target\":[\"https:\/\/elcardinal.com\/?p=4973#respond\"]}]},{\"@type\":\"WebPage\",\"@id\":\"https:\/\/elcardinal.com\/?p=4973\",\"url\":\"https:\/\/elcardinal.com\/?p=4973\",\"name\":\"Tercer encuentro de Editoriales Independientes - El Cardinal\",\"isPartOf\":{\"@id\":\"https:\/\/elcardinal.com\/#website\"},\"primaryImageOfPage\":{\"@id\":\"https:\/\/elcardinal.com\/?p=4973#primaryimage\"},\"image\":{\"@id\":\"https:\/\/elcardinal.com\/?p=4973#primaryimage\"},\"thumbnailUrl\":\"https:\/\/elcardinal.com\/wp-content\/uploads\/2025\/08\/Semillas-Esterales.png\",\"datePublished\":\"2025-08-14T22:21:19+00:00\",\"breadcrumb\":{\"@id\":\"https:\/\/elcardinal.com\/?p=4973#breadcrumb\"},\"inLanguage\":\"es\",\"potentialAction\":[{\"@type\":\"ReadAction\",\"target\":[\"https:\/\/elcardinal.com\/?p=4973\"]}]},{\"@type\":\"ImageObject\",\"inLanguage\":\"es\",\"@id\":\"https:\/\/elcardinal.com\/?p=4973#primaryimage\",\"url\":\"https:\/\/elcardinal.com\/wp-content\/uploads\/2025\/08\/Semillas-Esterales.png\",\"contentUrl\":\"https:\/\/elcardinal.com\/wp-content\/uploads\/2025\/08\/Semillas-Esterales.png\",\"width\":940,\"height\":788},{\"@type\":\"BreadcrumbList\",\"@id\":\"https:\/\/elcardinal.com\/?p=4973#breadcrumb\",\"itemListElement\":[{\"@type\":\"ListItem\",\"position\":1,\"name\":\"Inicio\",\"item\":\"https:\/\/elcardinal.com\/\"},{\"@type\":\"ListItem\",\"position\":2,\"name\":\"Tercer encuentro de Editoriales Independientes\"}]},{\"@type\":\"WebSite\",\"@id\":\"https:\/\/elcardinal.com\/#website\",\"url\":\"https:\/\/elcardinal.com\/\",\"name\":\"El Cardinal\",\"description\":\"Periodismo honesto, con valor, sentido humano, a veces sarc\u00e1stico y divertido.\",\"publisher\":{\"@id\":\"https:\/\/elcardinal.com\/#organization\"},\"alternateName\":\"El Cardinal Noticias\",\"potentialAction\":[{\"@type\":\"SearchAction\",\"target\":{\"@type\":\"EntryPoint\",\"urlTemplate\":\"https:\/\/elcardinal.com\/?s={search_term_string}\"},\"query-input\":{\"@type\":\"PropertyValueSpecification\",\"valueRequired\":true,\"valueName\":\"search_term_string\"}}],\"inLanguage\":\"es\"},{\"@type\":\"Organization\",\"@id\":\"https:\/\/elcardinal.com\/#organization\",\"name\":\"El Cardinal\",\"url\":\"https:\/\/elcardinal.com\/\",\"logo\":{\"@type\":\"ImageObject\",\"inLanguage\":\"es\",\"@id\":\"https:\/\/elcardinal.com\/#\/schema\/logo\/image\/\",\"url\":\"https:\/\/elcardinal.com\/wp-content\/uploads\/2025\/04\/LOGO-EL-CARDINAL-Periodismo-con-valor.png\",\"contentUrl\":\"https:\/\/elcardinal.com\/wp-content\/uploads\/2025\/04\/LOGO-EL-CARDINAL-Periodismo-con-valor.png\",\"width\":755,\"height\":636,\"caption\":\"El Cardinal\"},\"image\":{\"@id\":\"https:\/\/elcardinal.com\/#\/schema\/logo\/image\/\"},\"sameAs\":[\"https:\/\/www.facebook.com\/profile.php?id=100063093107011\",\"https:\/\/x.com\/ElCardinal_Mx\"]},{\"@type\":\"Person\",\"@id\":\"https:\/\/elcardinal.com\/#\/schema\/person\/3c352ec0a33987fe275c0e8a2ea69f8b\",\"name\":\"Antonio Alcaraz\",\"image\":{\"@type\":\"ImageObject\",\"inLanguage\":\"es\",\"@id\":\"https:\/\/elcardinal.com\/#\/schema\/person\/image\/\",\"url\":\"https:\/\/elcardinal.com\/wp-content\/uploads\/2025\/05\/cropped-TONO-96x96.jpg\",\"contentUrl\":\"https:\/\/elcardinal.com\/wp-content\/uploads\/2025\/05\/cropped-TONO-96x96.jpg\",\"caption\":\"Antonio Alcaraz\"},\"url\":\"https:\/\/elcardinal.com\/?author=2\"}]}<\/script>\n<!-- \/ Yoast SEO plugin. -->","yoast_head_json":{"title":"Tercer encuentro de Editoriales Independientes - El Cardinal","robots":{"index":"index","follow":"follow","max-snippet":"max-snippet:-1","max-image-preview":"max-image-preview:large","max-video-preview":"max-video-preview:-1"},"canonical":"https:\/\/elcardinal.com\/?p=4973","og_locale":"es_MX","og_type":"article","og_title":"Tercer encuentro de Editoriales Independientes - El Cardinal","og_description":"Por: Tania Mart\u00ednez Su\u00e1rez \u201cNo soy un p\u00e1jaro y ninguna red me atrapa. Soy un ser humano libre con una voluntad independiente\u201d. Charlotte Bront\u00eb Ser independiente en cualquier medio requiere de mucha fortaleza, organizaci\u00f3n y pensamiento cr\u00edtico, resiliencia para hacer frente a las dificultades, que nunca faltan, pero sobre todo amar la causa que se","og_url":"https:\/\/elcardinal.com\/?p=4973","og_site_name":"El Cardinal","article_publisher":"https:\/\/www.facebook.com\/profile.php?id=100063093107011","article_published_time":"2025-08-14T22:21:19+00:00","og_image":[{"width":940,"height":788,"url":"https:\/\/elcardinal.com\/wp-content\/uploads\/2025\/08\/Semillas-Esterales.png","type":"image\/png"}],"author":"Antonio Alcaraz","twitter_card":"summary_large_image","twitter_creator":"@ElCardinal_Mx","twitter_site":"@ElCardinal_Mx","twitter_misc":{"Escrito por":"Antonio Alcaraz","Tiempo de lectura":"3 minutos"},"schema":{"@context":"https:\/\/schema.org","@graph":[{"@type":"Article","@id":"https:\/\/elcardinal.com\/?p=4973#article","isPartOf":{"@id":"https:\/\/elcardinal.com\/?p=4973"},"author":{"name":"Antonio Alcaraz","@id":"https:\/\/elcardinal.com\/#\/schema\/person\/3c352ec0a33987fe275c0e8a2ea69f8b"},"headline":"Tercer encuentro de Editoriales Independientes","datePublished":"2025-08-14T22:21:19+00:00","mainEntityOfPage":{"@id":"https:\/\/elcardinal.com\/?p=4973"},"wordCount":601,"commentCount":0,"publisher":{"@id":"https:\/\/elcardinal.com\/#organization"},"image":{"@id":"https:\/\/elcardinal.com\/?p=4973#primaryimage"},"thumbnailUrl":"https:\/\/elcardinal.com\/wp-content\/uploads\/2025\/08\/Semillas-Esterales.png","keywords":["Proscrita","Tania Mart\u00ednez Su\u00e1rez","Tercer encuentro de Editoriales Independientes"],"articleSection":["Minuto a Minuto","Opini\u00f3n"],"inLanguage":"es","potentialAction":[{"@type":"CommentAction","name":"Comment","target":["https:\/\/elcardinal.com\/?p=4973#respond"]}]},{"@type":"WebPage","@id":"https:\/\/elcardinal.com\/?p=4973","url":"https:\/\/elcardinal.com\/?p=4973","name":"Tercer encuentro de Editoriales Independientes - El Cardinal","isPartOf":{"@id":"https:\/\/elcardinal.com\/#website"},"primaryImageOfPage":{"@id":"https:\/\/elcardinal.com\/?p=4973#primaryimage"},"image":{"@id":"https:\/\/elcardinal.com\/?p=4973#primaryimage"},"thumbnailUrl":"https:\/\/elcardinal.com\/wp-content\/uploads\/2025\/08\/Semillas-Esterales.png","datePublished":"2025-08-14T22:21:19+00:00","breadcrumb":{"@id":"https:\/\/elcardinal.com\/?p=4973#breadcrumb"},"inLanguage":"es","potentialAction":[{"@type":"ReadAction","target":["https:\/\/elcardinal.com\/?p=4973"]}]},{"@type":"ImageObject","inLanguage":"es","@id":"https:\/\/elcardinal.com\/?p=4973#primaryimage","url":"https:\/\/elcardinal.com\/wp-content\/uploads\/2025\/08\/Semillas-Esterales.png","contentUrl":"https:\/\/elcardinal.com\/wp-content\/uploads\/2025\/08\/Semillas-Esterales.png","width":940,"height":788},{"@type":"BreadcrumbList","@id":"https:\/\/elcardinal.com\/?p=4973#breadcrumb","itemListElement":[{"@type":"ListItem","position":1,"name":"Inicio","item":"https:\/\/elcardinal.com\/"},{"@type":"ListItem","position":2,"name":"Tercer encuentro de Editoriales Independientes"}]},{"@type":"WebSite","@id":"https:\/\/elcardinal.com\/#website","url":"https:\/\/elcardinal.com\/","name":"El Cardinal","description":"Periodismo honesto, con valor, sentido humano, a veces sarc\u00e1stico y divertido.","publisher":{"@id":"https:\/\/elcardinal.com\/#organization"},"alternateName":"El Cardinal Noticias","potentialAction":[{"@type":"SearchAction","target":{"@type":"EntryPoint","urlTemplate":"https:\/\/elcardinal.com\/?s={search_term_string}"},"query-input":{"@type":"PropertyValueSpecification","valueRequired":true,"valueName":"search_term_string"}}],"inLanguage":"es"},{"@type":"Organization","@id":"https:\/\/elcardinal.com\/#organization","name":"El Cardinal","url":"https:\/\/elcardinal.com\/","logo":{"@type":"ImageObject","inLanguage":"es","@id":"https:\/\/elcardinal.com\/#\/schema\/logo\/image\/","url":"https:\/\/elcardinal.com\/wp-content\/uploads\/2025\/04\/LOGO-EL-CARDINAL-Periodismo-con-valor.png","contentUrl":"https:\/\/elcardinal.com\/wp-content\/uploads\/2025\/04\/LOGO-EL-CARDINAL-Periodismo-con-valor.png","width":755,"height":636,"caption":"El Cardinal"},"image":{"@id":"https:\/\/elcardinal.com\/#\/schema\/logo\/image\/"},"sameAs":["https:\/\/www.facebook.com\/profile.php?id=100063093107011","https:\/\/x.com\/ElCardinal_Mx"]},{"@type":"Person","@id":"https:\/\/elcardinal.com\/#\/schema\/person\/3c352ec0a33987fe275c0e8a2ea69f8b","name":"Antonio Alcaraz","image":{"@type":"ImageObject","inLanguage":"es","@id":"https:\/\/elcardinal.com\/#\/schema\/person\/image\/","url":"https:\/\/elcardinal.com\/wp-content\/uploads\/2025\/05\/cropped-TONO-96x96.jpg","contentUrl":"https:\/\/elcardinal.com\/wp-content\/uploads\/2025\/05\/cropped-TONO-96x96.jpg","caption":"Antonio Alcaraz"},"url":"https:\/\/elcardinal.com\/?author=2"}]}},"_links":{"self":[{"href":"https:\/\/elcardinal.com\/index.php?rest_route=\/wp\/v2\/posts\/4973","targetHints":{"allow":["GET"]}}],"collection":[{"href":"https:\/\/elcardinal.com\/index.php?rest_route=\/wp\/v2\/posts"}],"about":[{"href":"https:\/\/elcardinal.com\/index.php?rest_route=\/wp\/v2\/types\/post"}],"author":[{"embeddable":true,"href":"https:\/\/elcardinal.com\/index.php?rest_route=\/wp\/v2\/users\/2"}],"replies":[{"embeddable":true,"href":"https:\/\/elcardinal.com\/index.php?rest_route=%2Fwp%2Fv2%2Fcomments&post=4973"}],"version-history":[{"count":1,"href":"https:\/\/elcardinal.com\/index.php?rest_route=\/wp\/v2\/posts\/4973\/revisions"}],"predecessor-version":[{"id":4977,"href":"https:\/\/elcardinal.com\/index.php?rest_route=\/wp\/v2\/posts\/4973\/revisions\/4977"}],"wp:featuredmedia":[{"embeddable":true,"href":"https:\/\/elcardinal.com\/index.php?rest_route=\/wp\/v2\/media\/4974"}],"wp:attachment":[{"href":"https:\/\/elcardinal.com\/index.php?rest_route=%2Fwp%2Fv2%2Fmedia&parent=4973"}],"wp:term":[{"taxonomy":"category","embeddable":true,"href":"https:\/\/elcardinal.com\/index.php?rest_route=%2Fwp%2Fv2%2Fcategories&post=4973"},{"taxonomy":"post_tag","embeddable":true,"href":"https:\/\/elcardinal.com\/index.php?rest_route=%2Fwp%2Fv2%2Ftags&post=4973"}],"curies":[{"name":"wp","href":"https:\/\/api.w.org\/{rel}","templated":true}]}}